{"id":1005,"date":"2016-10-21T22:08:33","date_gmt":"2016-10-21T19:08:33","guid":{"rendered":"http:\/\/siljakeranen.fi\/blogi\/?p=1005"},"modified":"2019-01-11T11:37:50","modified_gmt":"2019-01-11T09:37:50","slug":"missa-minun-pitaisi-asua","status":"publish","type":"post","link":"https:\/\/siljakeranen.fi\/blogi\/missa-minun-pitaisi-asua\/","title":{"rendered":"Miss\u00e4 minun pit\u00e4isi asua?"},"content":{"rendered":"<p><a href=\"http:\/\/www.vatt.fi\/ajankohtaista\/kolumnit\/kolumni\/news_1808_id\/350\" target=\"_blank\" rel=\"noopener\">VATT:n mukaan talouspoliittisesti\u00a0ihmisen kannattaisi muuttaa sinne, mist\u00e4 h\u00e4n saisi parhaan palkan.<\/a> &#8221;Otetaan esimerkiksi Liisa. H\u00e4n saisi toisesta ihan yht\u00e4 kivasta kunnasta ty\u00f6paikan, jossa h\u00e4nen bruttopalkkansa nousisi 800 euroa. Asuminen olisi kuitenkin uudella alueella 600 euroa kalliimpaa. Verotus vie Liisan palkasta 300 euroa. Liisa ei muuta, koska h\u00e4nen nettotulonsa kasvaisivat vain 500 euroa, mutta asumiskulut 600 euroa. Yhteiskunnalle Liisan p\u00e4\u00e4t\u00f6s on huono, koska kaikki kansalaiset olisivat hy\u00f6tyneet 300 euron kasvusta verokertym\u00e4\u00e4n. Muut olisivat voineet siis vaikka maksaa Liisalle 150 euroa muutosta ja silti alentaa omaa verotustaan j\u00e4ljelle j\u00e4\u00e4v\u00e4ll\u00e4 150 eurolla. Kaikki olisivat hy\u00f6tyneet, niin Liisa kuin muutkin kansalaiset.&#8221; VATT:n tutkijat toteavat toki my\u00f6s: &#8221;Yhteiskunnallisen hyvinvoinnin n\u00e4k\u00f6kulmasta ihmisi\u00e4 ei pit\u00e4isi erityisesti kannustaa asumaan miss\u00e4\u00e4n.&#8221;<\/p>\n<p>J\u00e4in silt\u00e4 miettim\u00e4\u00e4n, miss\u00e4 minun oikein\u00a0kannattaisi asua?\u00a0Palkkatasoni oli(si) Helsingiss\u00e4 huomattavasti Kajaania korkeampi. Maksaisin siis enemm\u00e4n veroja. Eli minun kannattaisi muuttaa Helsinkiin.<\/p>\n<p>Niink\u00f6h\u00e4n?<\/p>\n<p>a)\u00a0Miss\u00e4 ihmisten ylip\u00e4\u00e4t\u00e4ns\u00e4 kannattaisi asua? Jos ajatellaan vain euroja. VATT:n mukaan minun kannattaisi asua Helsingiss\u00e4. Kannattaisiko el\u00e4kel\u00e4is\u00e4itinikin? Ent\u00e4 ty\u00f6tt\u00f6m\u00e4n kaverini? Varmaankaan\u00a0ei kannattaisi. &#8221;Viev\u00e4t vain asunnot ja nostavat entisest\u00e4\u00e4n asumisen hintaa ja kuluttavat asumistukea.&#8221; Miss\u00e4 raja sitten vedet\u00e4\u00e4n? Kannattako p\u00e4tk\u00e4t\u00f6iden per\u00e4ss\u00e4 muuttaa, jos jatkosta ei ole varmuutta? Jos el\u00e4keik\u00e4 on l\u00e4hell\u00e4, kannattaako menn\u00e4 entisest\u00e4\u00e4n lis\u00e4\u00e4m\u00e4\u00e4n ruuhkia ja luomaan lis\u00e4rakennuspainetta?<\/p>\n<p>b)\u00a0V\u00e4it\u00e4n, ett\u00e4\u00a0kokonaistaloudellisesti minun kannattaa asua Kajaanissa eik\u00e4 Helsingiss\u00e4. Koska oletan, ettei ole kenenk\u00e4\u00e4n mielest\u00e4 toivottavaa, ett\u00e4 koko Suomi pakkautuu muutamaan kasvukeskukseen. Kuitenkin kaikille on parempi, mit\u00e4 taloudellisesti omavaraisemmin kukin seutu pystyy toimimaan. Mit\u00e4 parempi huoltosuhde ja mit\u00e4 suuremmat paikalliset verotulot, sit\u00e4 v\u00e4hemm\u00e4n tarvitaan esim. valtionosuuksien tasauksia ja muita tulonsiirtoja. Taloudellisen omavaraisuuden osalta keskeisi\u00e4 ovat nimenomaan ne henkil\u00f6t, joiden palkkataso olisi jossain muualla todenn\u00e4k\u00f6isesti parempi. Se yritt\u00e4j\u00e4, joka luo t\u00e4\u00e4ll\u00e4 ty\u00f6paikkoja, saisi todenn\u00e4k\u00f6isesti kasvukeskuksissa parempaa palkkaa. Miss\u00e4 heid\u00e4n(\/meid\u00e4n) nyt sitten loppupeleiss\u00e4 kannattaakaan asua?<\/p>\n<div id=\"attachment_1010\" style=\"width: 510px\" class=\"wp-caption aligncenter\"><a href=\"http:\/\/siljakeranen.fi\/blogi\/wp-content\/uploads\/2016\/10\/IMG_7354.jpg\"><img loading=\"lazy\" decoding=\"async\" aria-describedby=\"caption-attachment-1010\" class=\"wp-image-1010\" src=\"http:\/\/siljakeranen.fi\/blogi\/wp-content\/uploads\/2016\/10\/IMG_7354-1024x768.jpg\" alt=\"Tasapuolisuuden nimiss\u00e4 kuva Singaporesta, joka on muuten my\u00f6s aikamoisen kiva asuinpaikka. \" width=\"500\" height=\"375\" srcset=\"https:\/\/siljakeranen.fi\/blogi\/wp-content\/uploads\/2016\/10\/IMG_7354-1024x768.jpg 1024w, https:\/\/siljakeranen.fi\/blogi\/wp-content\/uploads\/2016\/10\/IMG_7354-300x225.jpg 300w, https:\/\/siljakeranen.fi\/blogi\/wp-content\/uploads\/2016\/10\/IMG_7354-768x576.jpg 768w, https:\/\/siljakeranen.fi\/blogi\/wp-content\/uploads\/2016\/10\/IMG_7354.jpg 1600w\" sizes=\"auto, (max-width: 500px) 100vw, 500px\" \/><\/a><p id=\"caption-attachment-1010\" class=\"wp-caption-text\">Tasapuolisuuden nimiss\u00e4 kuva Singaporesta, joka on muuten my\u00f6s aikamoisen kiva asuinpaikka.<\/p><\/div>\n<p>c) Muuttamalla kasvukeskuksiin\u00a0lis\u00e4isimme osaltamme lis\u00e4rakennuspainetta. Miksi me ollaan nyt tekem\u00e4ss\u00e4 valtavaa asumisen infran uudelleenj\u00e4rjestely\u00e4?\u00a0Tyhji\u00e4 taloja \u00f6ytyy, teille mahtuisi kulkijoita &#8211; ja sitten toisaalla pit\u00e4\u00e4 rakentaa valtavasti lis\u00e4\u00e4, ett\u00e4 kaikki mahtuvat asumaan ja olemaan. Ekologisestihan t\u00e4ss\u00e4 ei mit\u00e4\u00e4n j\u00e4rke\u00e4. Mutta onko taloudellisestikaan? Muuten kuin, ett\u00e4 BKT kasvaa kuten se kasvaa rikotun ikkunan korjaamisestakin.<\/p>\n<p>d) Joko joku on ehtinyt ajatella, ett\u00e4 mutta kun ne ty\u00f6paikat ovat muualla. Niin ovat, mutta niit\u00e4 on my\u00f6s Kainuussa. Avoimien ty\u00f6paikkojen m\u00e4\u00e4r\u00e4 on kasvanut, ja ty\u00f6llisyysaste parantunut viime syksyst\u00e4. Kainuussa. Ja Ahvenanmaalla. Meill\u00e4 on pula mm. terveydenhuoltoalan henkil\u00f6kunnasta,\u00a0metallialan ty\u00f6ntekij\u00f6ist\u00e4 ja koodareista.<\/p>\n<p>e) Lopuksi viel\u00e4 inhimillinen n\u00e4k\u00f6kulma. Siit\u00e4 ensimm\u00e4inen osa on se, ett\u00e4 kotiseutu on monelle t\u00e4rke\u00e4.\u00a0Moni haluaa asua l\u00e4hell\u00e4 l\u00e4heisi\u00e4\u00e4n. Kahden viime vuoden aikana muodostunut kolmen sukupolven ketju &#8211; l\u00e4heinen sellainen &#8211; on aivan \u00e4\u00e4rett\u00f6m\u00e4n arvokas. Uskalla sanoa, ett\u00e4 meille kaikille. Inhimillisen n\u00e4k\u00f6kulman toinen osa on universaali heikoimmista huolehtiminen. Fakta on, ett\u00e4 esim.\u00a0Kainuussa asuu vanhaa ja sairasta v\u00e4ke\u00e4 enemm\u00e4n kuin muualla maassa keskim\u00e4\u00e4rin. Minusta meid\u00e4n pit\u00e4\u00e4 pit\u00e4\u00e4 kaikista huolta. Miksi sitten erilaiset tulonsiirrot ahdistavat niin paljon?<\/p>\n<div style=\"padding-bottom:20px; padding-top:10px;\" class=\"hupso-share-buttons\"><!-- Hupso Share Buttons - https:\/\/www.hupso.com\/share\/ --><a class=\"hupso_counters\" href=\"https:\/\/www.hupso.com\/share\/\"><img decoding=\"async\" src=\"https:\/\/static.hupso.com\/share\/buttons\/share-small.png\" style=\"border:0px; padding-top:2px; float:left;\" alt=\"Share Button\"\/><\/a><script type=\"text\/javascript\">var hupso_services_c=new Array(\"twitter\",\"facebook_like\",\"facebook_send\",\"google\");var hupso_counters_lang = \"en_US\";var hupso_image_folder_url = \"\";var hupso_url_c=\"\";var hupso_title_c=\"Miss%C3%A4%20minun%20pit%C3%A4isi%20asua%3F\";<\/script><script type=\"text\/javascript\" src=\"https:\/\/static.hupso.com\/share\/js\/counters.js\"><\/script><!-- Hupso Share Buttons --><\/div>","protected":false},"excerpt":{"rendered":"<p>VATT:n mukaan talouspoliittisesti\u00a0ihmisen kannattaisi muuttaa sinne, mist\u00e4 h\u00e4n saisi parhaan palkan. &#8221;Otetaan esimerkiksi Liisa. H\u00e4n saisi toisesta ihan yht\u00e4 kivasta kunnasta ty\u00f6paikan, jossa h\u00e4nen bruttopalkkansa nousisi 800 euroa. Asuminen olisi kuitenkin uudella alueella 600 euroa kalliimpaa. Verotus vie Liisan palkasta 300 euroa. Liisa ei muuta, koska h\u00e4nen nettotulonsa kasvaisivat vain 500 euroa, mutta asumiskulut 600 [&hellip;]<\/p>\n<div style=\"padding-bottom:20px; padding-top:10px;\" class=\"hupso-share-buttons\"><!-- Hupso Share Buttons - https:\/\/www.hupso.com\/share\/ --><a class=\"hupso_counters\" href=\"https:\/\/www.hupso.com\/share\/\"><img src=\"https:\/\/static.hupso.com\/share\/buttons\/share-small.png\" style=\"border:0px; padding-top:2px; float:left;\" alt=\"Share Button\"\/><\/a><script type=\"text\/javascript\">var hupso_services_c=new Array(\"twitter\",\"facebook_like\",\"facebook_send\",\"google\");var hupso_counters_lang = \"en_US\";var hupso_image_folder_url = \"\";var hupso_url_c=\"\";var hupso_title_c=\"Miss%C3%A4%20minun%20pit%C3%A4isi%20asua%3F\";<\/script><script type=\"text\/javascript\" src=\"https:\/\/static.hupso.com\/share\/js\/counters.js\"><\/script><!-- Hupso Share Buttons --><\/div>","protected":false},"author":1,"featured_media":0,"comment_status":"open","ping_status":"closed","sticky":false,"template":"","format":"standard","meta":{"ngg_post_thumbnail":0,"footnotes":""},"categories":[7,8,29,6,10,30],"tags":[],"class_list":["post-1005","post","type-post","status-publish","format-standard","hentry","category-kainuu","category-kajaani","category-maailmanparannus","category-politiikka","category-vihreat","category-yrittajyys-elinkeinot"],"yoast_head":"<!-- This site is optimized with the Yoast SEO plugin v27.3 - https:\/\/yoast.com\/product\/yoast-seo-wordpress\/ -->\n<title>Miss\u00e4 minun pit\u00e4isi asua? - Silja Ker\u00e4nen<\/title>\n<meta name=\"robots\" content=\"index, follow, max-snippet:-1, max-image-preview:large, max-video-preview:-1\" \/>\n<link rel=\"canonical\" href=\"https:\/\/siljakeranen.fi\/blogi\/missa-minun-pitaisi-asua\/\" \/>\n<meta property=\"og:locale\" content=\"fi_FI\" \/>\n<meta property=\"og:type\" content=\"article\" \/>\n<meta property=\"og:title\" content=\"Miss\u00e4 minun pit\u00e4isi asua? - Silja Ker\u00e4nen\" \/>\n<meta property=\"og:description\" content=\"VATT:n mukaan talouspoliittisesti\u00a0ihmisen kannattaisi muuttaa sinne, mist\u00e4 h\u00e4n saisi parhaan palkan. &#8221;Otetaan esimerkiksi Liisa. H\u00e4n saisi toisesta ihan yht\u00e4 kivasta kunnasta ty\u00f6paikan, jossa h\u00e4nen bruttopalkkansa nousisi 800 euroa. Asuminen olisi kuitenkin uudella alueella 600 euroa kalliimpaa. Verotus vie Liisan palkasta 300 euroa. Liisa ei muuta, koska h\u00e4nen nettotulonsa kasvaisivat vain 500 euroa, mutta asumiskulut 600 [&hellip;]\" \/>\n<meta property=\"og:url\" content=\"https:\/\/siljakeranen.fi\/blogi\/missa-minun-pitaisi-asua\/\" \/>\n<meta property=\"og:site_name\" content=\"Silja Ker\u00e4nen\" \/>\n<meta property=\"article:publisher\" content=\"https:\/\/www.facebook.com\/siljamkeranen\" \/>\n<meta property=\"article:author\" content=\"https:\/\/www.facebook.com\/siljamkeranen\" \/>\n<meta property=\"article:published_time\" content=\"2016-10-21T19:08:33+00:00\" \/>\n<meta property=\"article:modified_time\" content=\"2019-01-11T09:37:50+00:00\" \/>\n<meta property=\"og:image\" content=\"http:\/\/siljakeranen.fi\/blogi\/wp-content\/uploads\/2016\/10\/IMG_7354-1024x768.jpg\" \/>\n<meta name=\"author\" content=\"Silja\" \/>\n<meta name=\"twitter:card\" content=\"summary_large_image\" \/>\n<meta name=\"twitter:creator\" content=\"@https:\/\/twitter.com\/SiljaMP\" \/>\n<meta name=\"twitter:site\" content=\"@SiljaMP\" \/>\n<meta name=\"twitter:label1\" content=\"Kirjoittanut\" \/>\n\t<meta name=\"twitter:data1\" content=\"Silja\" \/>\n\t<meta name=\"twitter:label2\" content=\"Arvioitu lukuaika\" \/>\n\t<meta name=\"twitter:data2\" content=\"3 minuuttia\" \/>\n<script type=\"application\/ld+json\" class=\"yoast-schema-graph\">{\"@context\":\"https:\\\/\\\/schema.org\",\"@graph\":[{\"@type\":\"Article\",\"@id\":\"https:\\\/\\\/siljakeranen.fi\\\/blogi\\\/missa-minun-pitaisi-asua\\\/#article\",\"isPartOf\":{\"@id\":\"https:\\\/\\\/siljakeranen.fi\\\/blogi\\\/missa-minun-pitaisi-asua\\\/\"},\"author\":{\"name\":\"Silja\",\"@id\":\"https:\\\/\\\/siljakeranen.fi\\\/blogi\\\/#\\\/schema\\\/person\\\/d43605ef0d5681c1b27a4ba1fede1cf4\"},\"headline\":\"Miss\u00e4 minun pit\u00e4isi asua?\",\"datePublished\":\"2016-10-21T19:08:33+00:00\",\"dateModified\":\"2019-01-11T09:37:50+00:00\",\"mainEntityOfPage\":{\"@id\":\"https:\\\/\\\/siljakeranen.fi\\\/blogi\\\/missa-minun-pitaisi-asua\\\/\"},\"wordCount\":566,\"commentCount\":0,\"publisher\":{\"@id\":\"https:\\\/\\\/siljakeranen.fi\\\/blogi\\\/#\\\/schema\\\/person\\\/d43605ef0d5681c1b27a4ba1fede1cf4\"},\"image\":{\"@id\":\"https:\\\/\\\/siljakeranen.fi\\\/blogi\\\/missa-minun-pitaisi-asua\\\/#primaryimage\"},\"thumbnailUrl\":\"http:\\\/\\\/siljakeranen.fi\\\/blogi\\\/wp-content\\\/uploads\\\/2016\\\/10\\\/IMG_7354-1024x768.jpg\",\"articleSection\":[\"Kainuu\",\"Kajaani\",\"Maailmanparannus\",\"Politiikka\",\"Vihre\u00e4t\",\"Yritt\u00e4jyys &amp; elinkeinot\"],\"inLanguage\":\"fi\",\"potentialAction\":[{\"@type\":\"CommentAction\",\"name\":\"Comment\",\"target\":[\"https:\\\/\\\/siljakeranen.fi\\\/blogi\\\/missa-minun-pitaisi-asua\\\/#respond\"]}]},{\"@type\":\"WebPage\",\"@id\":\"https:\\\/\\\/siljakeranen.fi\\\/blogi\\\/missa-minun-pitaisi-asua\\\/\",\"url\":\"https:\\\/\\\/siljakeranen.fi\\\/blogi\\\/missa-minun-pitaisi-asua\\\/\",\"name\":\"Miss\u00e4 minun pit\u00e4isi asua? - Silja Ker\u00e4nen\",\"isPartOf\":{\"@id\":\"https:\\\/\\\/siljakeranen.fi\\\/blogi\\\/#website\"},\"primaryImageOfPage\":{\"@id\":\"https:\\\/\\\/siljakeranen.fi\\\/blogi\\\/missa-minun-pitaisi-asua\\\/#primaryimage\"},\"image\":{\"@id\":\"https:\\\/\\\/siljakeranen.fi\\\/blogi\\\/missa-minun-pitaisi-asua\\\/#primaryimage\"},\"thumbnailUrl\":\"http:\\\/\\\/siljakeranen.fi\\\/blogi\\\/wp-content\\\/uploads\\\/2016\\\/10\\\/IMG_7354-1024x768.jpg\",\"datePublished\":\"2016-10-21T19:08:33+00:00\",\"dateModified\":\"2019-01-11T09:37:50+00:00\",\"breadcrumb\":{\"@id\":\"https:\\\/\\\/siljakeranen.fi\\\/blogi\\\/missa-minun-pitaisi-asua\\\/#breadcrumb\"},\"inLanguage\":\"fi\",\"potentialAction\":[{\"@type\":\"ReadAction\",\"target\":[\"https:\\\/\\\/siljakeranen.fi\\\/blogi\\\/missa-minun-pitaisi-asua\\\/\"]}]},{\"@type\":\"ImageObject\",\"inLanguage\":\"fi\",\"@id\":\"https:\\\/\\\/siljakeranen.fi\\\/blogi\\\/missa-minun-pitaisi-asua\\\/#primaryimage\",\"url\":\"https:\\\/\\\/siljakeranen.fi\\\/blogi\\\/wp-content\\\/uploads\\\/2016\\\/10\\\/IMG_7354.jpg\",\"contentUrl\":\"https:\\\/\\\/siljakeranen.fi\\\/blogi\\\/wp-content\\\/uploads\\\/2016\\\/10\\\/IMG_7354.jpg\",\"width\":1600,\"height\":1200,\"caption\":\"Tasapuolisuuden nimiss\u00e4 kuva Singaporesta, joka on muuten my\u00f6s aikamoisen kiva asuinpaikka.\"},{\"@type\":\"BreadcrumbList\",\"@id\":\"https:\\\/\\\/siljakeranen.fi\\\/blogi\\\/missa-minun-pitaisi-asua\\\/#breadcrumb\",\"itemListElement\":[{\"@type\":\"ListItem\",\"position\":1,\"name\":\"Etusivu\",\"item\":\"https:\\\/\\\/siljakeranen.fi\\\/blogi\\\/\"},{\"@type\":\"ListItem\",\"position\":2,\"name\":\"Miss\u00e4 minun pit\u00e4isi asua?\"}]},{\"@type\":\"WebSite\",\"@id\":\"https:\\\/\\\/siljakeranen.fi\\\/blogi\\\/#website\",\"url\":\"https:\\\/\\\/siljakeranen.fi\\\/blogi\\\/\",\"name\":\"Silja Ker\u00e4nen\",\"description\":\"Silja Ker\u00e4nen, kainuulainen vihre\u00e4 poliitikko\",\"publisher\":{\"@id\":\"https:\\\/\\\/siljakeranen.fi\\\/blogi\\\/#\\\/schema\\\/person\\\/d43605ef0d5681c1b27a4ba1fede1cf4\"},\"potentialAction\":[{\"@type\":\"SearchAction\",\"target\":{\"@type\":\"EntryPoint\",\"urlTemplate\":\"https:\\\/\\\/siljakeranen.fi\\\/blogi\\\/?s={search_term_string}\"},\"query-input\":{\"@type\":\"PropertyValueSpecification\",\"valueRequired\":true,\"valueName\":\"search_term_string\"}}],\"inLanguage\":\"fi\"},{\"@type\":[\"Person\",\"Organization\"],\"@id\":\"https:\\\/\\\/siljakeranen.fi\\\/blogi\\\/#\\\/schema\\\/person\\\/d43605ef0d5681c1b27a4ba1fede1cf4\",\"name\":\"Silja\",\"image\":{\"@type\":\"ImageObject\",\"inLanguage\":\"fi\",\"@id\":\"https:\\\/\\\/siljakeranen.fi\\\/blogi\\\/wp-content\\\/uploads\\\/2023\\\/01\\\/cropped-silja_250x100.png\",\"url\":\"https:\\\/\\\/siljakeranen.fi\\\/blogi\\\/wp-content\\\/uploads\\\/2023\\\/01\\\/cropped-silja_250x100.png\",\"contentUrl\":\"https:\\\/\\\/siljakeranen.fi\\\/blogi\\\/wp-content\\\/uploads\\\/2023\\\/01\\\/cropped-silja_250x100.png\",\"width\":250,\"height\":100,\"caption\":\"Silja\"},\"logo\":{\"@id\":\"https:\\\/\\\/siljakeranen.fi\\\/blogi\\\/wp-content\\\/uploads\\\/2023\\\/01\\\/cropped-silja_250x100.png\"},\"sameAs\":[\"http:\\\/\\\/www.siljakeranen.fi\",\"https:\\\/\\\/www.facebook.com\\\/siljamkeranen\",\"https:\\\/\\\/www.instagram.com\\\/siljakeranen\\\/\",\"https:\\\/\\\/www.linkedin.com\\\/in\\\/silja-kernen-4331b548\\\/\",\"https:\\\/\\\/x.com\\\/https:\\\/\\\/twitter.com\\\/SiljaMP\",\"https:\\\/\\\/www.youtube.com\\\/channel\\\/UC0MWeuoWP4-Mjs1z8pIv3GQ\",\"https:\\\/\\\/fi.wikipedia.org\\\/wiki\\\/Silja_Kernen\"],\"url\":\"https:\\\/\\\/siljakeranen.fi\\\/blogi\\\/author\\\/admin\\\/\"}]}<\/script>\n<!-- \/ Yoast SEO plugin. -->","yoast_head_json":{"title":"Miss\u00e4 minun pit\u00e4isi asua? - Silja Ker\u00e4nen","robots":{"index":"index","follow":"follow","max-snippet":"max-snippet:-1","max-image-preview":"max-image-preview:large","max-video-preview":"max-video-preview:-1"},"canonical":"https:\/\/siljakeranen.fi\/blogi\/missa-minun-pitaisi-asua\/","og_locale":"fi_FI","og_type":"article","og_title":"Miss\u00e4 minun pit\u00e4isi asua? - Silja Ker\u00e4nen","og_description":"VATT:n mukaan talouspoliittisesti\u00a0ihmisen kannattaisi muuttaa sinne, mist\u00e4 h\u00e4n saisi parhaan palkan. &#8221;Otetaan esimerkiksi Liisa. H\u00e4n saisi toisesta ihan yht\u00e4 kivasta kunnasta ty\u00f6paikan, jossa h\u00e4nen bruttopalkkansa nousisi 800 euroa. Asuminen olisi kuitenkin uudella alueella 600 euroa kalliimpaa. Verotus vie Liisan palkasta 300 euroa. Liisa ei muuta, koska h\u00e4nen nettotulonsa kasvaisivat vain 500 euroa, mutta asumiskulut 600 [&hellip;]","og_url":"https:\/\/siljakeranen.fi\/blogi\/missa-minun-pitaisi-asua\/","og_site_name":"Silja Ker\u00e4nen","article_publisher":"https:\/\/www.facebook.com\/siljamkeranen","article_author":"https:\/\/www.facebook.com\/siljamkeranen","article_published_time":"2016-10-21T19:08:33+00:00","article_modified_time":"2019-01-11T09:37:50+00:00","og_image":[{"url":"http:\/\/siljakeranen.fi\/blogi\/wp-content\/uploads\/2016\/10\/IMG_7354-1024x768.jpg","type":"","width":"","height":""}],"author":"Silja","twitter_card":"summary_large_image","twitter_creator":"@https:\/\/twitter.com\/SiljaMP","twitter_site":"@SiljaMP","twitter_misc":{"Kirjoittanut":"Silja","Arvioitu lukuaika":"3 minuuttia"},"schema":{"@context":"https:\/\/schema.org","@graph":[{"@type":"Article","@id":"https:\/\/siljakeranen.fi\/blogi\/missa-minun-pitaisi-asua\/#article","isPartOf":{"@id":"https:\/\/siljakeranen.fi\/blogi\/missa-minun-pitaisi-asua\/"},"author":{"name":"Silja","@id":"https:\/\/siljakeranen.fi\/blogi\/#\/schema\/person\/d43605ef0d5681c1b27a4ba1fede1cf4"},"headline":"Miss\u00e4 minun pit\u00e4isi asua?","datePublished":"2016-10-21T19:08:33+00:00","dateModified":"2019-01-11T09:37:50+00:00","mainEntityOfPage":{"@id":"https:\/\/siljakeranen.fi\/blogi\/missa-minun-pitaisi-asua\/"},"wordCount":566,"commentCount":0,"publisher":{"@id":"https:\/\/siljakeranen.fi\/blogi\/#\/schema\/person\/d43605ef0d5681c1b27a4ba1fede1cf4"},"image":{"@id":"https:\/\/siljakeranen.fi\/blogi\/missa-minun-pitaisi-asua\/#primaryimage"},"thumbnailUrl":"http:\/\/siljakeranen.fi\/blogi\/wp-content\/uploads\/2016\/10\/IMG_7354-1024x768.jpg","articleSection":["Kainuu","Kajaani","Maailmanparannus","Politiikka","Vihre\u00e4t","Yritt\u00e4jyys &amp; elinkeinot"],"inLanguage":"fi","potentialAction":[{"@type":"CommentAction","name":"Comment","target":["https:\/\/siljakeranen.fi\/blogi\/missa-minun-pitaisi-asua\/#respond"]}]},{"@type":"WebPage","@id":"https:\/\/siljakeranen.fi\/blogi\/missa-minun-pitaisi-asua\/","url":"https:\/\/siljakeranen.fi\/blogi\/missa-minun-pitaisi-asua\/","name":"Miss\u00e4 minun pit\u00e4isi asua? - Silja Ker\u00e4nen","isPartOf":{"@id":"https:\/\/siljakeranen.fi\/blogi\/#website"},"primaryImageOfPage":{"@id":"https:\/\/siljakeranen.fi\/blogi\/missa-minun-pitaisi-asua\/#primaryimage"},"image":{"@id":"https:\/\/siljakeranen.fi\/blogi\/missa-minun-pitaisi-asua\/#primaryimage"},"thumbnailUrl":"http:\/\/siljakeranen.fi\/blogi\/wp-content\/uploads\/2016\/10\/IMG_7354-1024x768.jpg","datePublished":"2016-10-21T19:08:33+00:00","dateModified":"2019-01-11T09:37:50+00:00","breadcrumb":{"@id":"https:\/\/siljakeranen.fi\/blogi\/missa-minun-pitaisi-asua\/#breadcrumb"},"inLanguage":"fi","potentialAction":[{"@type":"ReadAction","target":["https:\/\/siljakeranen.fi\/blogi\/missa-minun-pitaisi-asua\/"]}]},{"@type":"ImageObject","inLanguage":"fi","@id":"https:\/\/siljakeranen.fi\/blogi\/missa-minun-pitaisi-asua\/#primaryimage","url":"https:\/\/siljakeranen.fi\/blogi\/wp-content\/uploads\/2016\/10\/IMG_7354.jpg","contentUrl":"https:\/\/siljakeranen.fi\/blogi\/wp-content\/uploads\/2016\/10\/IMG_7354.jpg","width":1600,"height":1200,"caption":"Tasapuolisuuden nimiss\u00e4 kuva Singaporesta, joka on muuten my\u00f6s aikamoisen kiva asuinpaikka."},{"@type":"BreadcrumbList","@id":"https:\/\/siljakeranen.fi\/blogi\/missa-minun-pitaisi-asua\/#breadcrumb","itemListElement":[{"@type":"ListItem","position":1,"name":"Etusivu","item":"https:\/\/siljakeranen.fi\/blogi\/"},{"@type":"ListItem","position":2,"name":"Miss\u00e4 minun pit\u00e4isi asua?"}]},{"@type":"WebSite","@id":"https:\/\/siljakeranen.fi\/blogi\/#website","url":"https:\/\/siljakeranen.fi\/blogi\/","name":"Silja Ker\u00e4nen","description":"Silja Ker\u00e4nen, kainuulainen vihre\u00e4 poliitikko","publisher":{"@id":"https:\/\/siljakeranen.fi\/blogi\/#\/schema\/person\/d43605ef0d5681c1b27a4ba1fede1cf4"},"potentialAction":[{"@type":"SearchAction","target":{"@type":"EntryPoint","urlTemplate":"https:\/\/siljakeranen.fi\/blogi\/?s={search_term_string}"},"query-input":{"@type":"PropertyValueSpecification","valueRequired":true,"valueName":"search_term_string"}}],"inLanguage":"fi"},{"@type":["Person","Organization"],"@id":"https:\/\/siljakeranen.fi\/blogi\/#\/schema\/person\/d43605ef0d5681c1b27a4ba1fede1cf4","name":"Silja","image":{"@type":"ImageObject","inLanguage":"fi","@id":"https:\/\/siljakeranen.fi\/blogi\/wp-content\/uploads\/2023\/01\/cropped-silja_250x100.png","url":"https:\/\/siljakeranen.fi\/blogi\/wp-content\/uploads\/2023\/01\/cropped-silja_250x100.png","contentUrl":"https:\/\/siljakeranen.fi\/blogi\/wp-content\/uploads\/2023\/01\/cropped-silja_250x100.png","width":250,"height":100,"caption":"Silja"},"logo":{"@id":"https:\/\/siljakeranen.fi\/blogi\/wp-content\/uploads\/2023\/01\/cropped-silja_250x100.png"},"sameAs":["http:\/\/www.siljakeranen.fi","https:\/\/www.facebook.com\/siljamkeranen","https:\/\/www.instagram.com\/siljakeranen\/","https:\/\/www.linkedin.com\/in\/silja-kernen-4331b548\/","https:\/\/x.com\/https:\/\/twitter.com\/SiljaMP","https:\/\/www.youtube.com\/channel\/UC0MWeuoWP4-Mjs1z8pIv3GQ","https:\/\/fi.wikipedia.org\/wiki\/Silja_Kernen"],"url":"https:\/\/siljakeranen.fi\/blogi\/author\/admin\/"}]}},"_links":{"self":[{"href":"https:\/\/siljakeranen.fi\/blogi\/wp-json\/wp\/v2\/posts\/1005","targetHints":{"allow":["GET"]}}],"collection":[{"href":"https:\/\/siljakeranen.fi\/blogi\/wp-json\/wp\/v2\/posts"}],"about":[{"href":"https:\/\/siljakeranen.fi\/blogi\/wp-json\/wp\/v2\/types\/post"}],"author":[{"embeddable":true,"href":"https:\/\/siljakeranen.fi\/blogi\/wp-json\/wp\/v2\/users\/1"}],"replies":[{"embeddable":true,"href":"https:\/\/siljakeranen.fi\/blogi\/wp-json\/wp\/v2\/comments?post=1005"}],"version-history":[{"count":6,"href":"https:\/\/siljakeranen.fi\/blogi\/wp-json\/wp\/v2\/posts\/1005\/revisions"}],"predecessor-version":[{"id":1450,"href":"https:\/\/siljakeranen.fi\/blogi\/wp-json\/wp\/v2\/posts\/1005\/revisions\/1450"}],"wp:attachment":[{"href":"https:\/\/siljakeranen.fi\/blogi\/wp-json\/wp\/v2\/media?parent=1005"}],"wp:term":[{"taxonomy":"category","embeddable":true,"href":"https:\/\/siljakeranen.fi\/blogi\/wp-json\/wp\/v2\/categories?post=1005"},{"taxonomy":"post_tag","embeddable":true,"href":"https:\/\/siljakeranen.fi\/blogi\/wp-json\/wp\/v2\/tags?post=1005"}],"curies":[{"name":"wp","href":"https:\/\/api.w.org\/{rel}","templated":true}]}}