{"id":1012,"date":"2016-10-23T17:20:36","date_gmt":"2016-10-23T14:20:36","guid":{"rendered":"http:\/\/siljakeranen.fi\/blogi\/?p=1012"},"modified":"2016-10-23T17:25:58","modified_gmt":"2016-10-23T14:25:58","slug":"mielipiteeni-kaupungin-metsasuunnitelmasta","status":"publish","type":"post","link":"https:\/\/siljakeranen.fi\/blogi\/mielipiteeni-kaupungin-metsasuunnitelmasta\/","title":{"rendered":"Mielipiteeni kaupungin mets\u00e4suunnitelmasta"},"content":{"rendered":"<p>T\u00e4ss\u00e4 nyt on, ja \u00e4sken l\u00e4hti kaupungin kirjaamoon:<\/p>\n<p>&nbsp;<\/p>\n<p>Muistutus Kajaanin mets\u00e4suunnitelmasta<\/p>\n<p><u>Yleiset periaatteet<\/u><\/p>\n<p>1. T\u00e4rke\u00e4\u00e4 on, ett\u00e4 mets\u00e4suunnitelma tehd\u00e4\u00e4n nyt mahdollisimman sitovaksi. Kahdessa j\u00e4rjestetyss\u00e4 yleis\u00f6tilaisuudessa virkamiehet ovat tuoneet esille, ett\u00e4 he harkitsevat toimenpiteit\u00e4 sitten leimikon suunnitteluvaiheessa (eli siis sitten, kun puuta ollaan myym\u00e4ss\u00e4). Kaikki mahdollinen harkinta tulisi kuitenkin tehd\u00e4 nyt, t\u00e4ss\u00e4 mets\u00e4suunnitelmavaiheessa, koska:<\/p>\n<ul>\n<li>kyse on yhteisest\u00e4 omaisuudesta ja sen hoitamisesta. Siihen kuuluu demokraattinen p\u00e4\u00e4t\u00f6ksenteko ja silt\u00e4 osin mahdollisimman hyvin valmistellut &amp; sitovat suunnitelmat. Kunnollinen suunnittelu t\u00e4ss\u00e4 vaiheessa takaa my\u00f6s paremman pohjan kaupungin talousarvioita varten. On t\u00e4rke\u00e4\u00e4, ett\u00e4 t\u00e4ss\u00e4 vaiheessa arvioidaan oikeasti hakattavissa oleva puum\u00e4\u00e4r\u00e4 mahdollisimman hyvin, jotta tulevien vuosien talousarviotkin ovat mets\u00e4tulojen osalta mahdollisimman realistiset.<\/li>\n<li>kaupungin mets\u00e4maa on varsinaista monik\u00e4ytt\u00f6maata: virkistys, luontoarvot\u2026 N\u00e4iden kaikkien toimien yhteensovittaminen tehd\u00e4\u00e4n nimenomaan nyt \u2013 t\u00e4ss\u00e4 mets\u00e4suunnitelmavaiheessa. Jos se j\u00e4tet\u00e4\u00e4n leimikkosuunnittelun harkintaa, joku keskeinen asia voikin ihan inhimillisesti unohtua.<\/li>\n<\/ul>\n<p>2. Hyv\u00e4, ett\u00e4 keskeisist\u00e4 virkistysalueista tehd\u00e4\u00e4n omat, erilliset suunnitelmat! Ja hyv\u00e4, ett\u00e4 luontoselvitykset tehtiin. Pirunvaara olisi my\u00f6s sellainen alue, josta oma, erillinen suunnitelma olisi paikallaan.<\/p>\n<p>3. Kaupungin mets\u00e4t on sertifioitu PEFC:n mukaan. Esit\u00e4n, ett\u00e4 ne sertifioidaan my\u00f6s FSC-sertifikaatilla.<\/p>\n<ul>\n<li>FSC on etenkin ymp\u00e4rist\u00f6j\u00e4rjest\u00f6jen suosittelema, sill\u00e4 se ottaa luontoarvot ja mets\u00e4luonnon monimuotoisuuden s\u00e4ilytt\u00e4misen PEFC:\u00e4 paremmin huomioon.<\/li>\n<li>Moni iso toimija (esim. UPM ja Stora Enso) on sertifioinut omat mets\u00e4ns\u00e4 FSC:n mukaan.<\/li>\n<li>Kainuulaista puutavaraa voi olla haastava saada kaupaksi, etenkin m\u00e4ntykuitupuuta \u2013 FSC lis\u00e4\u00e4 ostajien mielenkiintoa.<\/li>\n<\/ul>\n<p>4. Kaupungin metsi\u00e4 tulisi hoitaa suunniteltua enemm\u00e4n jatkuvan kasvatuksen menetelm\u00e4ll\u00e4. T\u00e4m\u00e4 tarkoittaa sit\u00e4, ett\u00e4 mets\u00e4st\u00e4 joko poimitaan tukkipuukokoiset puut yl\u00e4harventamalla tai tehd\u00e4\u00e4n pieni\u00e4 (alle 0,3 ha) aukkoja, jotka taimettuvat luontaisesti. Perinteisess\u00e4 tasaik\u00e4israkenteisessa mets\u00e4nkasvatuksessa tehd\u00e4\u00e4n avohakkuu ja sen j\u00e4lkeen taimikon perustamis- &amp; hoitoty\u00f6t. Harvennuksissa tulee etenkin kuitupuuta. Jatkuvan kasvatuksen valitsemiseen on useita syit\u00e4:<\/p>\n<ul>\n<li><u>Virkistysk\u00e4ytt\u00f6: <\/u>Siin\u00e4 suuret avohakkuualat j\u00e4\u00e4v\u00e4t pois, ja mets\u00e4 s\u00e4ilyy \u2019mets\u00e4isen\u00e4\u2019. Virkistysk\u00e4yt\u00f6n kannalta mets\u00e4isen\u00e4 s\u00e4ilyv\u00e4 mets\u00e4 on paljon avohakkuualoja parempi.<\/li>\n<li><u>Taloudellisuus: <\/u>Jatkuvassa kasvatuksessa kasvatetaan mahdollisimman paljon tukkipuuta, josta saadaan parempi tili. (M\u00e4ntytukki noin 52 \u20ac\/m3; m\u00e4ntykuitu 17 \u20ac\/m3). Menetelm\u00e4ss\u00e4 my\u00f6s mets\u00e4n uudistuskulut (maanmuokkaus, istutus\/kylv\u00f6) sek\u00e4 taimikonhoitokulut j\u00e4\u00e4v\u00e4t pois, koska mets\u00e4 uudistuu luontaisesti. Menetelm\u00e4n taloudellisuudesta kertoo se, ett\u00e4 se on k\u00e4yt\u00f6ss\u00e4 esim. mets\u00e4sijoitusyhti\u00f6 Nordic Forest Fund:lla, jolla on Kainuussa 3700 ha mets\u00e4talousmets\u00e4\u00e4.<\/li>\n<\/ul>\n<p><u>Yleisi\u00e4 huomioita mets\u00e4suunnitelmasta<\/u><\/p>\n<ul>\n<li>Kunnostusojituksissa arvioitava tarpeellisuus aidosti (vesiensuojelun kannalta), sek\u00e4 teht\u00e4v\u00e4 ojitukset vesiensuojelu kunnolla huomioiden<\/li>\n<li>Yleisesti avohakkuista saatava puunm\u00e4\u00e4r\u00e4 on suurempi kuin suunnitelmaan kirjattu kuviolla oleva puun m\u00e4\u00e4r\u00e4. -&gt; Mink\u00e4 verran hakkuista saa oikeasti puuta -&gt; Mik\u00e4 on todenn\u00e4k\u00f6isempi hakkuutulo<\/li>\n<li>Suunnitelmassa my\u00f6s kuvioluettelon j\u00e4lkeen (joillain lohkoilla) hakkuumahdon mukaiset hakkuut. Niiden mukaan ei ilmeisesti menn\u00e4? -&gt; Pois suunnitelmasta.<\/li>\n<li>Vierekk\u00e4in (tai l\u00e4hekk\u00e4in) sijaitsevat pienemm\u00e4t lohkot pit\u00e4\u00e4 yhdist\u00e4\u00e4 (esim. Heinim\u00e4est\u00e4, eli K\u00e4t\u00f6n\/Kuurnan ulkoilualueelta on kolme eri lohkoa).<\/li>\n<li>K\u00e4yt\u00f6nrajoitukset pit\u00e4isi n\u00e4ky\u00e4 toimenpiteiss\u00e4. Jos on esim. 20 % k\u00e4yt\u00f6nrajoitus kuviolla \u2013 ei hakkuusaanto voi olla 100 % kuvion puuston tilavuudesta. -&gt; vaikuttaa tuloihin -&gt; suunnitelma on teht\u00e4v\u00e4 todellisten hakkuumahdollisuuksien mukaan<\/li>\n<\/ul>\n<p><u>Lohko- ja kuviokohtaiset huomiot<\/p>\n<p><\/u><u>\u00d6kytoppila, Lohko 2 (Kuluntalahti)<\/u><\/p>\n<ul>\n<li>Kuviot 97.1 ja 97.2: Yli 12 hehtaarin avohakkuu ihan VT5 vasten -&gt; pienaukkohakkuu tai yl\u00e4harvennus<\/li>\n<li>Kuvio 98.0: Viranomaisohjein k\u00e4sitelt\u00e4v\u00e4 (lintuvesien suojeluohjelma). Toimenpide: avohakkuu 2014?!<\/li>\n<li>Kuvio 110.0 776.0: Suunniteltu suojuspuuhakkuu \/ erityishakkuu (96 % puusta pois). Kuvio VT5 ja radan\u00a0v\u00e4liss\u00e4 \u2013 Tuulituhoriski, tsekattava mahdolliset vaikutukset liikenteeseen.<\/li>\n<\/ul>\n<p><u>Alanen, lohko 2<\/u><\/p>\n<p>Kuvio 14.5: Vedenottamon viereinen kuvio \u2013 maaper\u00e4\u00e4n kohdistuva rajoitus. Lammen rantakuvio.<br \/>\nToimenpide: Alaharvennus 2020. Onko ok \u2013 tsekattava Kajaanin Veden \/ Kainuu ELYn kanssa.<\/p>\n<p><u>Ensil\u00e4, lohko 6 (Karankalahden ranta \u2013 Kylm\u00e4)<\/u><\/p>\n<p>Lohkolla suunnitellut avohakkuut ovat kuvioilla, jotka ovat rannassa ja\/tai asutuksen keskell\u00e4 yli 100- vuotiasta mets\u00e4\u00e4. Joko joku huomattavasti pehme\u00e4mpi tapa, tai ei hakata lainkaan.<\/p>\n<p>Kuviolla 8.3 on\u00a0toimenpidekielto, ja suunniteltu toimenpide avohakkuu.<\/p>\n<p><u>Lohko 6 (Karankalahden pohjukka)<\/u><\/p>\n<ul>\n<li>Kuvio 10.0: Harvennus -&gt; Vesist\u00f6n (purosuisto) suojakaista j\u00e4tett\u00e4v\u00e4<\/li>\n<li>Kuvio 20.0: 7,6 ha avohakkuuala liian iso (ja viel\u00e4 suurempi, kun naapurikuviot mukaan) -&gt; pienaukkoja<\/li>\n<li>Kuvio 24.0: Liian iso avohakkuuala + asutus vieress\u00e4<\/li>\n<li>Mit\u00e4 kuviota ovat tiekuvioiden 3.0 &amp; 4.0 sek\u00e4 4.0 &amp; 26.0 v\u00e4liss\u00e4? Avohakkuu ei niihin sovi.<\/li>\n<li>Kuviot 31.0; 33.0; 34.0; 36.0: Ihan asutuksen vieress\u00e4 teht\u00e4v\u00e4 laaja avohakkuu -&gt; pienaukkoja tai yl\u00e4harvennusta<\/li>\n<\/ul>\n<p><u>Hilska, lohko 6<br \/>\n<\/u>Suunniteltu avohakkuu 140-vuotiaaseen mets\u00e4\u00e4n ranta-kuviolle, jonka molemmin puolin on\u00a0asutusta\/m\u00f6kkej\u00e4.<br \/>\n-&gt; Ei hakkuita t\u00e4llaisiin kohteisiin<\/p>\n<p><u>Kaatopaikka, lohko 1<br \/>\n<\/u>Kuvio 75.0: Ensiharvennus 2016 \u2013 onko vaikutuksia vanhaan kaatopaikkaan?<\/p>\n<p><u>Kestil\u00e4, lohko 6<br \/>\n<\/u>Kuvio 2.0: T\u00e4ydellinen toimenpidekielto (osa kuviosta), toimenpiteen\u00e4 varhaisperkaus koko kuviolle<\/p>\n<p><u>Kuusirannan leirint\u00e4alue, lohko 1<\/u><\/p>\n<p>Kuvio 68.0: Maaper\u00e4\u00e4n kohdistuva rajoitus (koko kuvio), toimenpide: Avohakkuu 2023<br \/>\nKuvio 70.0: Maaper\u00e4\u00e4n kohdistuva rajoitus (koko kuvio), toimenpide: Ensiharvennus 2016<br \/>\nKuvio 71.0: Maaper\u00e4\u00e4n kohdistuva rajoitus (l\u00e4hes koko kuvio), toimenpide: Alaharvennus 2016<\/p>\n<p>-&gt; Erityisalue ylip\u00e4\u00e4t\u00e4ns\u00e4!!<\/p>\n<p><u>Lohko 10 (Arppen muistomets\u00e4st\u00e4 etel\u00e4\u00e4n)<\/u><\/p>\n<p>Lohkolla menee Kylki\u00e4isen ulkoilureitti, joka n\u00e4kyy mm. Kainuun ulkoilukartassa. Onko reitti en\u00e4\u00e4 k\u00e4yt\u00f6ss\u00e4? Jos on, opastus yll\u00e4pidett\u00e4v\u00e4, kun tehd\u00e4\u00e4n toimenpiteit\u00e4!<\/p>\n<ul>\n<li>Kuvio 16.0: Kuviolla ilmeisesti laavu? Kuvio ala 6,9 ha. Puuston ik\u00e4 170 vuotta. Suunniteltu avohakkuuta. -&gt; Ei hakkuutta lainkaan, tai kevytt\u00e4 yl\u00e4harvennusta<\/li>\n<li>Kuvio 17.0: Osalla kuviosta t\u00e4ydellinen toimenpidekielto \u2013 toimenpiteen\u00e4 alaharvennus<\/li>\n<li>Kuviot 19.0 ja 20.0: Arppen muistomets\u00e4n vieress\u00e4 -&gt; kevennetyt toimenpiteet<\/li>\n<li>Kuvio\u00a0100.0: Osa kuviosta viranomaisohjein k\u00e4sitelt\u00e4v\u00e4, silti toimenpiteen\u00e4 avohakkuu ja hakkuukertym\u00e4n\u00e4 280 m3, kun koko kuviolla puuta 255 m3<\/li>\n<\/ul>\n<p><u>Lohko 13 (Santam\u00e4est\u00e4 kaakkoon)<\/u><\/p>\n<ul>\n<li>Kuvio 46.0: \u00a0Suunniteltu 7,7 ha avohakkuu -&gt; liian iso hakkuuaukko -&gt; ennemmin pienaukkoja<\/li>\n<li>Kuvio 56.0: Suojellun puronvarren vieruskuvio, suunniteltu avohakkuu (4,4 ha)<br \/>\n-&gt; kuvion puronvarren puoli j\u00e4tet\u00e4\u00e4n rauhaan \/ k\u00e4sitell\u00e4\u00e4n kevyemmin + pienaukkohakkuuta kuviolle \u2013&gt; kevyempi k\u00e4sittely v\u00e4hent\u00e4\u00e4 saatavaa puunm\u00e4\u00e4r\u00e4\u00e4 -&gt; huomioitava suunnitelmassa<\/li>\n<li>Kuvio 144.0: Ekologinen k\u00e4yt\u00e4v\u00e4, puronvarren viereinen kuvio. Suunniteltu toimenpide avohakkuu.<br \/>\n-&gt; Kuvion puronvarren puoli\u00a0j\u00e4tet\u00e4\u00e4n rauhaan \/ k\u00e4sitell\u00e4\u00e4n kevyemmin\u00a0-&gt; huomioitava suunnitelmassa pienemp\u00e4n\u00e4 hakkuukertym\u00e4n\u00e4<\/li>\n<li>Kuvio 102.0: Suojellun puronvarren jatko<\/li>\n<\/ul>\n<p><u>Lohko 8 (Hevossuolta etel\u00e4\u00e4n)<\/u><\/p>\n<ul>\n<li>Kuvio 5.0: Puustotiedot puuttuu<\/li>\n<li>Kuvio 8.0: 170-vuotiasta mets\u00e4, Haukilammen k\u00e4mp\u00e4n vieress\u00e4, suunniteltu avohakkuu -&gt; Ei hakata ollenkaan<\/li>\n<li>Kuvio 11.0: 170-vuotiasta mets\u00e4, Haukilammen k\u00e4mp\u00e4n vieress\u00e4, suunniteltu avohakkuu -&gt; Ei hakata ollenkaan<\/li>\n<li>Kuvio 35.0: Suunniteltu 11,2 ha avohakkuu -&gt; Sen sijaan pienaukkohakkuu<\/li>\n<li>Kuvio 38.0: Suunniteltu 11,3 ha avohakkuu -&gt; Sen sijaan pienaukkohakkuu<\/li>\n<li>Kuvio 44.0: Mets\u00e4lakikohteen viereinen kuvio, suunniteltu avohakkuu -&gt; jokin pehme\u00e4mpi k\u00e4sittely<\/li>\n<li>Kuvio 55.0: Suunniteltu 23,6 ha avohakkuu! -&gt; Pienempi\u00e4 aukkoja \u2013 jopa pienaukkohakkuuna kuvion k\u00e4sittely?<\/li>\n<li>Kuvio 67.0: Kuvion 55.0 vieress\u00e4 \u2013 k\u00e4yt\u00e4nn\u00f6ss\u00e4 suunniteltu avohakkuuala noin 50 ha. Aivan liian iso ala! -&gt; Pienempi\u00e4 aukkoja, pienaukkohakkuuna kuvioiden k\u00e4sittely?<\/li>\n<li>Kuvio 71.0: Kuvion puustotiedot puuttuu<\/li>\n<li>Kuvio 86.0: Kuvion puustotiedot puuttuu<\/li>\n<li>Kuvio 130.0: Mets\u00e4lakikohteen viereinen kuvio, suunniteltu siemenpuuhakkuu -&gt; Pienaukkohakkuu tai yl\u00e4harvennus<\/li>\n<li>Kuvio 150.0: Onko suunniteltu hakkuu lehtomaisuutta edist\u00e4v\u00e4? Nyt poistuu aika paljon koivua.<\/li>\n<li>Kuvio 166.0: Osa kuviosta mets\u00e4lakikohde -&gt; joku muu k\u00e4sittely kuin avohakkuu<\/li>\n<li>Kuvio 185.0: Iso-Syv\u00e4lammen soistunut etel\u00e4p\u00e4\u00e4, suunniteltu avohakkuu -&gt; ei hakkuta<\/li>\n<li>Kuvio 210.0: Suunniteltu 7,8 ha avohakkuu -&gt; Sen sijaan pienaukkohakkuu<\/li>\n<li>Kuvio 220.0: 150-vuotiasta mets\u00e4, Haukilammen k\u00e4mp\u00e4n vieress\u00e4, suunniteltu avohakkuu -&gt; Ei hakata ollenkaan<\/li>\n<li>Kuvio 227.0: Pienen Syv\u00e4l\u00e4mmen etel\u00e4reunan kuvio, suunniteltu siemenpuuhakkuu -&gt; Ei hakata, kun ihan lammen\u00a0ranta<\/li>\n<li>Kuvio 234.0: Mustanmajan viereinen kuvio, suunniteltu avohakkuu -&gt; Joko ei hakata, tai huomattavasti suunniteltua kevyemmin<\/li>\n<\/ul>\n<p><u>Nalleniemi, lohko 2 (Kontiosaari)<\/u><\/p>\n<ul>\n<li>Kuviot 2.0; 2.1; 4.0; 5.0; 6.0; 7.0; 9.0; 10,0: Inventointi 2015, mutta toimenpiteit\u00e4 vuosille 2012, 2014<\/li>\n<li>Kuvio 8.0: Taimikon perkaus vuonna 2012<\/li>\n<li>Kuviot 10.0; 11.0; 12.0; 12.1: Muinaismuistolaki, toimenpiteit\u00e4 merkitty (mets\u00e4nhoitot\u00f6it\u00e4)<\/li>\n<\/ul>\n<p><u>Pulkkinen, lohko 2 (Heinisuolla)<\/u><\/p>\n<p>Kuvio 78.0: Muistiinpanot: \u201dhakkuu jos ei liito oravan reviiri. ellei saa hakata metso kohde. koivu lahoamassa.\u00a0 useita pollon ponttoja\u201d, Toimenpide: Suojuspuuhakkuu 2014 -&gt; j\u00e4tet\u00e4\u00e4n suosiolla k\u00e4sittelem\u00e4tt\u00e4<\/p>\n<p><u>Rantarimpil\u00e4, Lohko 2 (Kuluntalahdessa)<\/u><\/p>\n<ul>\n<li>Kuvio 63.0: Merkitty inventointi 06\/2015, Toimenpide vuodelle 1998!<\/li>\n<li>Kuvio 60.9: Merkitty inventointi 06\/2015, Toimenpide vuodelle 2002!<\/li>\n<li>Kuvio 113.0: Kuviolla (osalla) yksityinen suojelualue, toimenpide: Kunnostusojitus 2016 -&gt; Onko ihan ok?<\/li>\n<li>Kuvio 116.0:\u00a0Kuviolla (osalla) yksityinen suojelualue, toimenpide: Kunnostusojitus 2016 -&gt; Onko ihan ok?<\/li>\n<li>Kuvio 120.0: Viranomaisohjein k\u00e4sitelt\u00e4v\u00e4 (Luonnonsuojelualue), toimenpide: Alaharvennus 2016, joka\u00a0sijoittuu ihan rantaan -&gt; ei\u00a0tehd\u00e4<\/li>\n<li>Kuvio 126.0:\u00a0Kuviolla (pienell\u00e4 osalla) yksityinen suojelualue, toimenpide: Kunnostusojitus 2016 -&gt; Onko ihan ok?<\/li>\n<li>Kuviot 132.0; 138.0; 146.0; \u00a0 Merkint\u00e4n\u00e4 aukkohakkuu 2013, toimenpiteen\u00e4 istutus 2016 \u2013 aika pitk\u00e4 viive<\/li>\n<\/ul>\n<p><u>Sorala, lohko 2 (Matinm\u00e4ki-Mustikkam\u00e4ki)<\/u><\/p>\n<ul>\n<li>Kuvio 14.1: Maaper\u00e4\u00e4n kohdistava rajoitus &amp; Viranomaisohjein k\u00e4sitelt\u00e4v\u00e4 (koko kuvio). Toimenpide:\u00a0alaharvennus 2020<\/li>\n<li>Kuvio 14.2: Maaper\u00e4\u00e4n kohdistava rajoitus (koko kuvio). Toimenpide:\u00a0alaharvennus 2020<\/li>\n<li>Kuvio 14.3: Maaper\u00e4\u00e4n kohdistava rajoitus &amp; Viranomaisohjein k\u00e4sitelt\u00e4v\u00e4 (koko kuvio). Toimenpide:\u00a0alaharvennus 2020<\/li>\n<\/ul>\n<p>-&gt; Tsekkaus Kajaanin Veden \/ Kainuun ELYn kanssa, onko ok.<\/p>\n<ul>\n<li>Kuvio 15.0: Toimenpide vuodelle 1998!<\/li>\n<\/ul>\n<p><u>Lohko 3 (Parkinniemi \u2013 Lohtaja)\u00a0<\/u><\/p>\n<p>Pirunvaaralle on suunniteltu todella paljon avohakkuita. Ne eiv\u00e4t sinne sovi \u2013 eiv\u00e4t luontoarvojen eiv\u00e4tk\u00e4 virkistysk\u00e4yt\u00f6n n\u00e4k\u00f6kulmasta.<\/p>\n<p>Erillinen suunnitelma on Pirunvaaran alueesta paikallaan.<\/p>\n<p>Muistettava on se, ett\u00e4 edellisess\u00e4 eli vuoden 1995 t\u00e4m\u00e4 Pirunvaaran alue sovittiin j\u00e4tett\u00e4v\u00e4ksi rauhaan.<\/p>\n<ul>\n<li>Kuviot 27.0 ja 29.0: Asutuksen vieress\u00e4, Harvennus suunniteltu. -&gt; Teht\u00e4v\u00e4 kevyesti<\/li>\n<li>Kuvio 39.0: Konekylv\u00f6 vuonna 2024, mutta ei uudistushakkuuta -&gt; ?<\/li>\n<li>Kuvio 188.0: Ihan asutuksen viereen suunniteltu avohakkuu -&gt; huomattavasti kevyempi k\u00e4sittely<\/li>\n<\/ul>\n<p><u>Vesakko, lohko 2 (Sepp\u00e4l\u00e4 \u2013 P\u00f6llyvaara)<\/u><\/p>\n<p>Vesakosta tehtiin kes\u00e4n aikana uusi suunnitelma. T\u00e4llaiset pit\u00e4isi tehd\u00e4 ennen kuin suunnitelma laitetaan n\u00e4ht\u00e4ville.<\/p>\n<p>Nakertaja-Sepp\u00e4l\u00e4 v\u00e4lille on suunniteltu harvennuksia k\u00e4yt\u00e4nn\u00f6ss\u00e4 koko alalle. Mit\u00e4 tuumaavat alueen asukkaat, Latu sek\u00e4 Sepp\u00e4l\u00e4n porukka?<\/p>\n<p>Kuviot 40.0; 41.0: Harvennukset teht\u00e4v\u00e4 fiksusti, ihmisi\u00e4 kuultava \u2013 ihan asutuksen vieress\u00e4<\/p>\n<p>Kuviot 61.0; 68.0: Aivan asutuksen vieress\u00e4. Onko n\u00e4ille kuviolle aiemmin tehty siemen- tai suojuspuuhakkuu? Nyt kun on merkitty ylispuuhakkuu. Pienaukot (kunnon suojakaista asutukseen) tai yl\u00e4harvennus paljon parempi.<\/p>\n<p><u>Ensil\u00e4 II, lohko 2 (Ensil\u00e4-Suvantola, Paltaniementien etel\u00e4puoli)<\/u><\/p>\n<p>Kuvio 5.0: l\u00e4hes 5 hehtaarin avohakkuu yli 100-vuotiaaseen mets\u00e4\u00e4n. Alue on my\u00f6s t\u00e4rke\u00e4 virkistysalue, maisemallakin on v\u00e4li\u00e4. Lis\u00e4ksi mahdollinen tuleva asuinalue, joten hakkuut kannattaa tehd\u00e4 asutus huomioiden niin, ett\u00e4 puita j\u00e4\u00e4 mahdollisimman paljon.<\/p>\n<p>Kuvio 26.0: Kuten edell\u00e4, virkistysaluetta, lis\u00e4ksi viel\u00e4 puronvarren vieruskuvio. -&gt; Avohakkuu ei sovi.<\/p>\n<p><u>Klemu, lohko 2<br \/>\n<\/u>Pit\u00e4isi yhdist\u00e4\u00e4 viereisen Ensil\u00e4 II \u2013lohkon kanssa<br \/>\nEi toimenpiteit\u00e4 (joka on oikein hyv\u00e4!)<\/p>\n<p><u>Lohko 11 (Mustanmajasta etel\u00e4\u00e4n, Kivim\u00e4entiest\u00e4 pohjoiseen)<\/u><\/p>\n<p>Lohkolla menee Kylki\u00e4isen ulkoilureitti, joka n\u00e4kyy mm. Kainuun ulkoilukartassa. Onko reitill\u00e4 kulkijoita? Jos on, opastus yll\u00e4pidett\u00e4v\u00e4, kun tehd\u00e4\u00e4n toimenpiteit\u00e4.<\/p>\n<ul>\n<li>Kuviot 2.0 ja 6.0: Mustanmajan l\u00e4hell\u00e4, toimenpiteen\u00e4 avohakkuu -&gt; yl\u00e4harvennus, pienaukkohakkuu<\/li>\n<li>Kuvio 172.0: Avohakkuu lammen p\u00e4\u00e4ss\u00e4 olevalla kuviolla -&gt; Kunnollinen suojakaista<\/li>\n<\/ul>\n<p><u>Lohko 12 (Kylki\u00e4inen \u2013 Kivim\u00e4ki)<\/u><\/p>\n<p>Kylki\u00e4isen ulkoilureitti (n\u00e4kyy Kainuun ulkoilukartassa) kulkee lohkon alueella. Onko reitill\u00e4 kulkijoita? Tsekattava reitti, ja\u00a0huolehdittava, ett\u00e4 metsien k\u00e4sittely sopii reitille ja ett\u00e4 polku sek\u00e4 reitin merkinn\u00e4t ok my\u00f6s hakkuiden\u00a0j\u00e4lkeen.<\/p>\n<ul>\n<li>Kuviot 76.0; 209.0; 84.0;102.0; 90.0; 99.0 avohakkuita k\u00e4yt\u00e4nn\u00f6ss\u00e4 yhten\u00e4isell\u00e4 alueella (noin 40 ha), lis\u00e4ksi reunustavat puronvartta, joka on mets\u00e4lakikohde -&gt; liian iso hakkuuaukea + luontoarvot -&gt;\u00a0pienaukkohakkuuta, yl\u00e4harvennusta<\/li>\n<li>Kuviot 99.0 ja 102.0: Puronvarsi, toimenpiteen\u00e4 avohakkuu -&gt; j\u00e4tet\u00e4\u00e4n rauhaan<\/li>\n<li>Kuviot 123.0 ja 208.0: Yhteens\u00e4 30 hehtaarin aukko suunnitelmissa. -&gt; liian iso -&gt; pienaukkoja<\/li>\n<li>Kuvio 207.0: Kuviolla partiolaisten k\u00e4mpp\u00e4 -&gt; kuultava partiolaisia l\u00e4hikuvioiden suunnitelmista<\/li>\n<li>Kuvio 219.0: Kuviolla Luo-kohde, suunnitelmissa avohakkuu -&gt; hakkuuala pienempi kuin 1,4 ha -&gt;\u00a0hakkuukertym\u00e4 ei voi olla kuvatun suuruinen. Lis\u00e4ksi luo-kohteen ymp\u00e4rille j\u00e4tett\u00e4v\u00e4 kunnollinen suojavy\u00f6hyke.<\/li>\n<\/ul>\n<p><u>Lohko 9 (Iso Ruuhij\u00e4rvi)<\/u><\/p>\n<p>Ruuhij\u00e4rven rannoille tehd\u00e4\u00e4n oma erillinen suunnitelma \u2013 hyv\u00e4!<\/p>\n<ul>\n<li>Kuvio 41.0: Suunniteltu avohakkuu -&gt; yl\u00e4harvennus, jolloin j\u00e4tet\u00e4\u00e4n kuitupuu kasvamaan viel\u00e4 tukkikokoon.<\/li>\n<li>Kuvio 71.0: Suunniteltu avohakkuu -&gt; yl\u00e4harvennus, jolloin j\u00e4tet\u00e4\u00e4n kuitupuu kasvamaan viel\u00e4 tukkikokoon.<\/li>\n<\/ul>\n<p>-&gt; N\u00e4m\u00e4 oikeastaan p\u00e4tev\u00e4t l\u00e4pi suunnitelman. Nyt p\u00e4\u00e4tehakkuussa (=avohakkuu esim.) saadaan noin 60 % tukkipuuta ja 40 % kuitua. Tukin hinta noin 50 e\/m3, kuidun n. 18 e\/m3. Kuitupuun kokoiset puut kannattaisi j\u00e4tt\u00e4\u00e4 kasvamaan tukkikokoon.<br \/>\nLis\u00e4hy\u00f6tyn\u00e4 tulee mets\u00e4n s\u00e4ilyminen mets\u00e4isen\u00e4.<\/p>\n<ul>\n<li>Kuvio 85.0: P\u00e4teek\u00f6 muistiinpano m\u00e4nnynversoruosteesta edelleen?<\/li>\n<li>Kuviot 127.0 ja 135.0: Muodostavat yhteens\u00e4 laajan avohakkuualan (9,1 ha) -&gt; liian iso yhteens\u00e4 -&gt; pienaukkohakkuuta tai yl\u00e4harvennusta<\/li>\n<li>Kuviot 191.0; 196.0, 188.0: Puronvarsi-suojelukohteen viereiset kuviot, suunniteltu avohakkuu -&gt; pehme\u00e4mpi k\u00e4sittely (yl\u00e4harvennys, pienaukkohakkuu) ja kunnon suojakaistat puronvarteen.<\/li>\n<\/ul>\n<p><u>Lohko 4 (Teeri-Hevossuo)<\/u><\/p>\n<ul>\n<li>Kuvio 1.0: Pienel\u00e4inhautausmaalle johtavan tienp\u00e4tk\u00e4n reunuskuvio, suunniteltu avohakkuu -&gt; j\u00e4tet\u00e4\u00e4n rauhaan<\/li>\n<li>Kuviot 1.0 \u2013 56.0: Alueella menee joitain uria -&gt; virkistysk\u00e4ytt\u00f6? -&gt; metsienk\u00e4sittely sen mukaan<\/li>\n<\/ul>\n<p>Vastaavasti uusi Kangasmaaston asuinalue on huomioitava metsien k\u00e4sittelyss\u00e4 -&gt; maisema, mets\u00e4isyyden\u00a0s\u00e4ilytt\u00e4minen<\/p>\n<ul>\n<li>Kuvio 115.0: Suunnitelmissa 8,5 hehtaarin avohakkuu -&gt; pienempi hakkuuala -&gt; pienaukkoja<\/li>\n<\/ul>\n<p><u>Jyrkk\u00e4, lohko 2 (Lukkarinnurmen luontopolku)<\/u><\/p>\n<ul>\n<li>Kuviot 3.1 ja 5.0: Suunniteltu avohakkuu -&gt; joku pehme\u00e4mpi tapa, kun luontopolku kulkee vieress\u00e4?<\/li>\n<li>Toteutusvuodet ovat 1996! (kuvio 3.1) ja 2001 (kuvio 5.0) \u2013 mik\u00e4 on tilanne?<\/li>\n<\/ul>\n<p><u>Rauta 2, lohko 1 (Otanm\u00e4en lintuvesiallas)<\/u><\/p>\n<p>Kannattaako tehd\u00e4 toimenpiteit\u00e4 lintuvesialtaan reunoille? Nyt suunniteltu harvennushakkuita.<\/p>\n<p><u>Tikankumpu, lohko 2 (Heinisuolla)<\/u><\/p>\n<p>Kuvio 17.0: Suunniteltu avohakkuu. Merkint\u00e4, ett\u00e4 naapuri tontinomistajalle ok? Hyv\u00e4, ett\u00e4 on tsekattu! Miten muut, lohko kun rajautuu useampaan taloon?<\/p>\n<p><u>Kaupunginranta, lohko 1 (Mainuanj\u00e4rvell\u00e4)<\/u><\/p>\n<p>Kuvio 1.0: Harvennuksen hakkuukertym\u00e4 (ja tulot) puuttuu. Kohde Mainualla \u2013 mit\u00e4 asukkaat tuumaavat?<\/p>\n<p><u>Karanka, lohko 6<\/u><\/p>\n<p>Kuvio 75.4: Kuvio rajoittuu j\u00e4rven rantaan sek\u00e4 asutukseen (m\u00f6kkej\u00e4?), toimenpiteen\u00e4 avohakkuu -&gt; m\u00f6kkien &amp; rannan l\u00e4hell\u00e4 ei hakkuuta.<\/p>\n<p><u>V\u00e4limaa, lohko 2<\/u><\/p>\n<p>Asutuksen vieress\u00e4 Heinisuolla \u2013 onko suunniteltu alaharvennus asukkaille ok? -&gt; suunnittelu sen mukaan, ja ainakin j\u00e4tet\u00e4\u00e4n kunnon suojakaista asutukseen<\/p>\n<p><u>Laita, lohko 2 (Heinisuolta Kirkkoaholle)<\/u><\/p>\n<p>Ylispuu- ja suojuspuuhakkuut ihan tilan (asutuksen?) naapurusmetsiin. Mit\u00e4 tuumaavat?<\/p>\n<p><u>Monttu, lohko 2<\/u><\/p>\n<p>Kuvio 15.1: Merkitty inventointi 06\/2015, Toimenpide vuodelle 1998!<\/p>\n<p><u>Poukamo, lohko 2<\/u><\/p>\n<ul>\n<li>Kuvio 5.0: Inventoitu 08\/2015, toimenpiteit\u00e4 vuodelle 2012!<\/li>\n<li>Kuvio 20.0: Toimenpiteit\u00e4 2011!<\/li>\n<li>Kuvio 20.1: Inventoitu 08\/2015, toimenpiteit\u00e4 vuodelle 2012!<\/li>\n<li>Kuvio 27.0: Toimenpide vuodelle 2012!<\/li>\n<\/ul>\n<p><u>Rypyranta<br \/>\n<\/u>0,9 hehtaarin joutomaa -kuvio -&gt; pois mets\u00e4taloussuunnitelmasta<\/p>\n<p><u>Turve-Rauta, lohko 1<br \/>\n<\/u>Kuvio 3.0: Puron \/ ojan varsi \u2013 kannattako hakata? (suunniteltu alaharvennus)<\/p>\n<p><u>Lohko 5 (Vimpeli, Huuhkajanvaara)<\/u><\/p>\n<p>P\u00e4\u00e4osin erillinen suunnitelma \u2013 hyv\u00e4!<\/p>\n<p>Vaikea p\u00e4\u00e4st\u00e4 kiinni, ett\u00e4 milt\u00e4 osin tehd\u00e4\u00e4n erillinen suunnitelma ja milt\u00e4 osin taas mets\u00e4suunnitelma pit\u00e4\u00e4 paikkaansa. Alueella on virkistysk\u00e4ytt\u00f6\u00e4 ja asutustakin kohtuu l\u00e4hell\u00e4. Avohakkuiden sijaan pienaukkoja tai yl\u00e4harvennusta.<\/p>\n<p>(esim. kuviot 169.0 ja 184.0 on suunniteltu avohakkuut 160-vuotiaaseen mets\u00e4\u00e4n)<\/p>\n<p><u>Otanm\u00e4en virkistysalue<br \/>\n<\/u>Lohkot:<\/p>\n<ul>\n<li>Pirttim\u00e4ki, lohko 1<\/li>\n<li>Pirttikallio, lohko 1<\/li>\n<\/ul>\n<p>-&gt; Lohkot yhdistett\u00e4v\u00e4<\/p>\n<p>T\u00e4st\u00e4 tehd\u00e4\u00e4n erillinen suunnitelma. Hyv\u00e4!<\/p>\n<p><u>Toivolahti, lohko 1 (Rehja)<br \/>\n<\/u>T\u00e4st\u00e4 tehd\u00e4\u00e4n onneksi erillinen suunnitelma.<\/p>\n<p><u>Toukansaari, lohko 1<br \/>\n<\/u>T\u00e4st\u00e4 tehd\u00e4\u00e4n erillinen suunnitelma, hyv\u00e4!<\/p>\n<p><u>Heinim\u00e4ki<br \/>\n<\/u>Eli lohkot:<\/p>\n<ul>\n<li>Hein\u00e4hattu, lohko 2<\/li>\n<li>Tuplahappola, lohko 2<\/li>\n<li>Kunta-Heikkil\u00e4, lohko 2<\/li>\n<\/ul>\n<p>-&gt; Lohkot yhteen.<\/p>\n<p>Heinim\u00e4en alueesta (yhteens\u00e4 kolme eri lohkoa) tehd\u00e4\u00e4n erillinen hoito- ja k\u00e4ytt\u00f6suunnitelma. Hyv\u00e4 niin! Alueella on valaistu ura, luontoarvoja sek\u00e4 Erkin poloku. Paljon liikkujia.<\/p>\n<p>&#8212;-<\/p>\n<p>Osa n\u00e4ist\u00e4 ehdotuksista \/ huomioista on jo voitu ottaa huomioon. En ole k\u00e4ynyt yksityiskohtaisesti l\u00e4pi netiss\u00e4 olevaa listaa <a href=\"http:\/\/www.kajaani.fi\/sites\/default\/files\/muutokset_metsasuunnitelmaan.pdf\" target=\"_blank\">muutoksista mets\u00e4suunnitelmaan<\/a>.<\/p>\n<div style=\"padding-bottom:20px; padding-top:10px;\" class=\"hupso-share-buttons\"><!-- Hupso Share Buttons - https:\/\/www.hupso.com\/share\/ --><a class=\"hupso_counters\" href=\"https:\/\/www.hupso.com\/share\/\"><img decoding=\"async\" src=\"https:\/\/static.hupso.com\/share\/buttons\/share-small.png\" style=\"border:0px; padding-top:2px; float:left;\" alt=\"Share Button\"\/><\/a><script type=\"text\/javascript\">var hupso_services_c=new Array(\"twitter\",\"facebook_like\",\"facebook_send\",\"google\");var hupso_counters_lang = \"en_US\";var hupso_image_folder_url = \"\";var hupso_url_c=\"\";var hupso_title_c=\"Mielipiteeni%20kaupungin%20mets%C3%A4suunnitelmasta\";<\/script><script type=\"text\/javascript\" src=\"https:\/\/static.hupso.com\/share\/js\/counters.js\"><\/script><!-- Hupso Share Buttons --><\/div>","protected":false},"excerpt":{"rendered":"<p>T\u00e4ss\u00e4 nyt on, ja \u00e4sken l\u00e4hti kaupungin kirjaamoon: &nbsp; Muistutus Kajaanin mets\u00e4suunnitelmasta Yleiset periaatteet 1. T\u00e4rke\u00e4\u00e4 on, ett\u00e4 mets\u00e4suunnitelma tehd\u00e4\u00e4n nyt mahdollisimman sitovaksi. Kahdessa j\u00e4rjestetyss\u00e4 yleis\u00f6tilaisuudessa virkamiehet ovat tuoneet esille, ett\u00e4 he harkitsevat toimenpiteit\u00e4 sitten leimikon suunnitteluvaiheessa (eli siis sitten, kun puuta ollaan myym\u00e4ss\u00e4). Kaikki mahdollinen harkinta tulisi kuitenkin tehd\u00e4 nyt, t\u00e4ss\u00e4 mets\u00e4suunnitelmavaiheessa, koska: kyse [&hellip;]<\/p>\n<div style=\"padding-bottom:20px; padding-top:10px;\" class=\"hupso-share-buttons\"><!-- Hupso Share Buttons - https:\/\/www.hupso.com\/share\/ --><a class=\"hupso_counters\" href=\"https:\/\/www.hupso.com\/share\/\"><img src=\"https:\/\/static.hupso.com\/share\/buttons\/share-small.png\" style=\"border:0px; padding-top:2px; float:left;\" alt=\"Share Button\"\/><\/a><script type=\"text\/javascript\">var hupso_services_c=new Array(\"twitter\",\"facebook_like\",\"facebook_send\",\"google\");var hupso_counters_lang = \"en_US\";var hupso_image_folder_url = \"\";var hupso_url_c=\"\";var hupso_title_c=\"Mielipiteeni%20kaupungin%20mets%C3%A4suunnitelmasta\";<\/script><script type=\"text\/javascript\" src=\"https:\/\/static.hupso.com\/share\/js\/counters.js\"><\/script><!-- Hupso Share Buttons --><\/div>","protected":false},"author":1,"featured_media":0,"comment_status":"open","ping_status":"closed","sticky":false,"template":"","format":"standard","meta":{"ngg_post_thumbnail":0,"footnotes":""},"categories":[8,20,10,5],"tags":[],"class_list":["post-1012","post","type-post","status-publish","format-standard","hentry","category-kajaani","category-metsa","category-vihreat","category-ymparisto"],"yoast_head":"<!-- This site is optimized with the Yoast SEO plugin v27.3 - https:\/\/yoast.com\/product\/yoast-seo-wordpress\/ -->\n<title>Mielipiteeni kaupungin mets\u00e4suunnitelmasta - Silja Ker\u00e4nen<\/title>\n<meta name=\"robots\" content=\"index, follow, max-snippet:-1, max-image-preview:large, max-video-preview:-1\" \/>\n<link rel=\"canonical\" href=\"https:\/\/siljakeranen.fi\/blogi\/mielipiteeni-kaupungin-metsasuunnitelmasta\/\" \/>\n<meta property=\"og:locale\" content=\"fi_FI\" \/>\n<meta property=\"og:type\" content=\"article\" \/>\n<meta property=\"og:title\" content=\"Mielipiteeni kaupungin mets\u00e4suunnitelmasta - Silja Ker\u00e4nen\" \/>\n<meta property=\"og:description\" content=\"T\u00e4ss\u00e4 nyt on, ja \u00e4sken l\u00e4hti kaupungin kirjaamoon: &nbsp; Muistutus Kajaanin mets\u00e4suunnitelmasta Yleiset periaatteet 1. T\u00e4rke\u00e4\u00e4 on, ett\u00e4 mets\u00e4suunnitelma tehd\u00e4\u00e4n nyt mahdollisimman sitovaksi. Kahdessa j\u00e4rjestetyss\u00e4 yleis\u00f6tilaisuudessa virkamiehet ovat tuoneet esille, ett\u00e4 he harkitsevat toimenpiteit\u00e4 sitten leimikon suunnitteluvaiheessa (eli siis sitten, kun puuta ollaan myym\u00e4ss\u00e4). Kaikki mahdollinen harkinta tulisi kuitenkin tehd\u00e4 nyt, t\u00e4ss\u00e4 mets\u00e4suunnitelmavaiheessa, koska: kyse [&hellip;]\" \/>\n<meta property=\"og:url\" content=\"https:\/\/siljakeranen.fi\/blogi\/mielipiteeni-kaupungin-metsasuunnitelmasta\/\" \/>\n<meta property=\"og:site_name\" content=\"Silja Ker\u00e4nen\" \/>\n<meta property=\"article:publisher\" content=\"https:\/\/www.facebook.com\/siljamkeranen\" \/>\n<meta property=\"article:author\" content=\"https:\/\/www.facebook.com\/siljamkeranen\" \/>\n<meta property=\"article:published_time\" content=\"2016-10-23T14:20:36+00:00\" \/>\n<meta property=\"article:modified_time\" content=\"2016-10-23T14:25:58+00:00\" \/>\n<meta property=\"og:image\" content=\"https:\/\/siljakeranen.fi\/blogi\/wp-content\/uploads\/2023\/01\/3L3A1767_valmis-pinempi.jpeg\" \/>\n\t<meta property=\"og:image:width\" content=\"1613\" \/>\n\t<meta property=\"og:image:height\" content=\"1075\" \/>\n\t<meta property=\"og:image:type\" content=\"image\/jpeg\" \/>\n<meta name=\"author\" content=\"Silja\" \/>\n<meta name=\"twitter:card\" content=\"summary_large_image\" \/>\n<meta name=\"twitter:creator\" content=\"@https:\/\/twitter.com\/SiljaMP\" \/>\n<meta name=\"twitter:site\" content=\"@SiljaMP\" \/>\n<meta name=\"twitter:label1\" content=\"Kirjoittanut\" \/>\n\t<meta name=\"twitter:data1\" content=\"Silja\" \/>\n\t<meta name=\"twitter:label2\" content=\"Arvioitu lukuaika\" \/>\n\t<meta name=\"twitter:data2\" content=\"12 minuuttia\" \/>\n<script type=\"application\/ld+json\" class=\"yoast-schema-graph\">{\"@context\":\"https:\\\/\\\/schema.org\",\"@graph\":[{\"@type\":\"Article\",\"@id\":\"https:\\\/\\\/siljakeranen.fi\\\/blogi\\\/mielipiteeni-kaupungin-metsasuunnitelmasta\\\/#article\",\"isPartOf\":{\"@id\":\"https:\\\/\\\/siljakeranen.fi\\\/blogi\\\/mielipiteeni-kaupungin-metsasuunnitelmasta\\\/\"},\"author\":{\"name\":\"Silja\",\"@id\":\"https:\\\/\\\/siljakeranen.fi\\\/blogi\\\/#\\\/schema\\\/person\\\/d43605ef0d5681c1b27a4ba1fede1cf4\"},\"headline\":\"Mielipiteeni kaupungin mets\u00e4suunnitelmasta\",\"datePublished\":\"2016-10-23T14:20:36+00:00\",\"dateModified\":\"2016-10-23T14:25:58+00:00\",\"mainEntityOfPage\":{\"@id\":\"https:\\\/\\\/siljakeranen.fi\\\/blogi\\\/mielipiteeni-kaupungin-metsasuunnitelmasta\\\/\"},\"wordCount\":2329,\"commentCount\":0,\"publisher\":{\"@id\":\"https:\\\/\\\/siljakeranen.fi\\\/blogi\\\/#\\\/schema\\\/person\\\/d43605ef0d5681c1b27a4ba1fede1cf4\"},\"articleSection\":[\"Kajaani\",\"Mets\u00e4\",\"Vihre\u00e4t\",\"Ymp\u00e4rist\u00f6\"],\"inLanguage\":\"fi\",\"potentialAction\":[{\"@type\":\"CommentAction\",\"name\":\"Comment\",\"target\":[\"https:\\\/\\\/siljakeranen.fi\\\/blogi\\\/mielipiteeni-kaupungin-metsasuunnitelmasta\\\/#respond\"]}]},{\"@type\":\"WebPage\",\"@id\":\"https:\\\/\\\/siljakeranen.fi\\\/blogi\\\/mielipiteeni-kaupungin-metsasuunnitelmasta\\\/\",\"url\":\"https:\\\/\\\/siljakeranen.fi\\\/blogi\\\/mielipiteeni-kaupungin-metsasuunnitelmasta\\\/\",\"name\":\"Mielipiteeni kaupungin mets\u00e4suunnitelmasta - Silja Ker\u00e4nen\",\"isPartOf\":{\"@id\":\"https:\\\/\\\/siljakeranen.fi\\\/blogi\\\/#website\"},\"datePublished\":\"2016-10-23T14:20:36+00:00\",\"dateModified\":\"2016-10-23T14:25:58+00:00\",\"breadcrumb\":{\"@id\":\"https:\\\/\\\/siljakeranen.fi\\\/blogi\\\/mielipiteeni-kaupungin-metsasuunnitelmasta\\\/#breadcrumb\"},\"inLanguage\":\"fi\",\"potentialAction\":[{\"@type\":\"ReadAction\",\"target\":[\"https:\\\/\\\/siljakeranen.fi\\\/blogi\\\/mielipiteeni-kaupungin-metsasuunnitelmasta\\\/\"]}]},{\"@type\":\"BreadcrumbList\",\"@id\":\"https:\\\/\\\/siljakeranen.fi\\\/blogi\\\/mielipiteeni-kaupungin-metsasuunnitelmasta\\\/#breadcrumb\",\"itemListElement\":[{\"@type\":\"ListItem\",\"position\":1,\"name\":\"Etusivu\",\"item\":\"https:\\\/\\\/siljakeranen.fi\\\/blogi\\\/\"},{\"@type\":\"ListItem\",\"position\":2,\"name\":\"Mielipiteeni kaupungin mets\u00e4suunnitelmasta\"}]},{\"@type\":\"WebSite\",\"@id\":\"https:\\\/\\\/siljakeranen.fi\\\/blogi\\\/#website\",\"url\":\"https:\\\/\\\/siljakeranen.fi\\\/blogi\\\/\",\"name\":\"Silja Ker\u00e4nen\",\"description\":\"Silja Ker\u00e4nen, kainuulainen vihre\u00e4 poliitikko\",\"publisher\":{\"@id\":\"https:\\\/\\\/siljakeranen.fi\\\/blogi\\\/#\\\/schema\\\/person\\\/d43605ef0d5681c1b27a4ba1fede1cf4\"},\"potentialAction\":[{\"@type\":\"SearchAction\",\"target\":{\"@type\":\"EntryPoint\",\"urlTemplate\":\"https:\\\/\\\/siljakeranen.fi\\\/blogi\\\/?s={search_term_string}\"},\"query-input\":{\"@type\":\"PropertyValueSpecification\",\"valueRequired\":true,\"valueName\":\"search_term_string\"}}],\"inLanguage\":\"fi\"},{\"@type\":[\"Person\",\"Organization\"],\"@id\":\"https:\\\/\\\/siljakeranen.fi\\\/blogi\\\/#\\\/schema\\\/person\\\/d43605ef0d5681c1b27a4ba1fede1cf4\",\"name\":\"Silja\",\"image\":{\"@type\":\"ImageObject\",\"inLanguage\":\"fi\",\"@id\":\"https:\\\/\\\/siljakeranen.fi\\\/blogi\\\/wp-content\\\/uploads\\\/2023\\\/01\\\/cropped-silja_250x100.png\",\"url\":\"https:\\\/\\\/siljakeranen.fi\\\/blogi\\\/wp-content\\\/uploads\\\/2023\\\/01\\\/cropped-silja_250x100.png\",\"contentUrl\":\"https:\\\/\\\/siljakeranen.fi\\\/blogi\\\/wp-content\\\/uploads\\\/2023\\\/01\\\/cropped-silja_250x100.png\",\"width\":250,\"height\":100,\"caption\":\"Silja\"},\"logo\":{\"@id\":\"https:\\\/\\\/siljakeranen.fi\\\/blogi\\\/wp-content\\\/uploads\\\/2023\\\/01\\\/cropped-silja_250x100.png\"},\"sameAs\":[\"http:\\\/\\\/www.siljakeranen.fi\",\"https:\\\/\\\/www.facebook.com\\\/siljamkeranen\",\"https:\\\/\\\/www.instagram.com\\\/siljakeranen\\\/\",\"https:\\\/\\\/www.linkedin.com\\\/in\\\/silja-kernen-4331b548\\\/\",\"https:\\\/\\\/x.com\\\/https:\\\/\\\/twitter.com\\\/SiljaMP\",\"https:\\\/\\\/www.youtube.com\\\/channel\\\/UC0MWeuoWP4-Mjs1z8pIv3GQ\",\"https:\\\/\\\/fi.wikipedia.org\\\/wiki\\\/Silja_Kernen\"],\"url\":\"https:\\\/\\\/siljakeranen.fi\\\/blogi\\\/author\\\/admin\\\/\"}]}<\/script>\n<!-- \/ Yoast SEO plugin. -->","yoast_head_json":{"title":"Mielipiteeni kaupungin mets\u00e4suunnitelmasta - Silja Ker\u00e4nen","robots":{"index":"index","follow":"follow","max-snippet":"max-snippet:-1","max-image-preview":"max-image-preview:large","max-video-preview":"max-video-preview:-1"},"canonical":"https:\/\/siljakeranen.fi\/blogi\/mielipiteeni-kaupungin-metsasuunnitelmasta\/","og_locale":"fi_FI","og_type":"article","og_title":"Mielipiteeni kaupungin mets\u00e4suunnitelmasta - Silja Ker\u00e4nen","og_description":"T\u00e4ss\u00e4 nyt on, ja \u00e4sken l\u00e4hti kaupungin kirjaamoon: &nbsp; Muistutus Kajaanin mets\u00e4suunnitelmasta Yleiset periaatteet 1. T\u00e4rke\u00e4\u00e4 on, ett\u00e4 mets\u00e4suunnitelma tehd\u00e4\u00e4n nyt mahdollisimman sitovaksi. Kahdessa j\u00e4rjestetyss\u00e4 yleis\u00f6tilaisuudessa virkamiehet ovat tuoneet esille, ett\u00e4 he harkitsevat toimenpiteit\u00e4 sitten leimikon suunnitteluvaiheessa (eli siis sitten, kun puuta ollaan myym\u00e4ss\u00e4). Kaikki mahdollinen harkinta tulisi kuitenkin tehd\u00e4 nyt, t\u00e4ss\u00e4 mets\u00e4suunnitelmavaiheessa, koska: kyse [&hellip;]","og_url":"https:\/\/siljakeranen.fi\/blogi\/mielipiteeni-kaupungin-metsasuunnitelmasta\/","og_site_name":"Silja Ker\u00e4nen","article_publisher":"https:\/\/www.facebook.com\/siljamkeranen","article_author":"https:\/\/www.facebook.com\/siljamkeranen","article_published_time":"2016-10-23T14:20:36+00:00","article_modified_time":"2016-10-23T14:25:58+00:00","og_image":[{"width":1613,"height":1075,"url":"https:\/\/siljakeranen.fi\/blogi\/wp-content\/uploads\/2023\/01\/3L3A1767_valmis-pinempi.jpeg","type":"image\/jpeg"}],"author":"Silja","twitter_card":"summary_large_image","twitter_creator":"@https:\/\/twitter.com\/SiljaMP","twitter_site":"@SiljaMP","twitter_misc":{"Kirjoittanut":"Silja","Arvioitu lukuaika":"12 minuuttia"},"schema":{"@context":"https:\/\/schema.org","@graph":[{"@type":"Article","@id":"https:\/\/siljakeranen.fi\/blogi\/mielipiteeni-kaupungin-metsasuunnitelmasta\/#article","isPartOf":{"@id":"https:\/\/siljakeranen.fi\/blogi\/mielipiteeni-kaupungin-metsasuunnitelmasta\/"},"author":{"name":"Silja","@id":"https:\/\/siljakeranen.fi\/blogi\/#\/schema\/person\/d43605ef0d5681c1b27a4ba1fede1cf4"},"headline":"Mielipiteeni kaupungin mets\u00e4suunnitelmasta","datePublished":"2016-10-23T14:20:36+00:00","dateModified":"2016-10-23T14:25:58+00:00","mainEntityOfPage":{"@id":"https:\/\/siljakeranen.fi\/blogi\/mielipiteeni-kaupungin-metsasuunnitelmasta\/"},"wordCount":2329,"commentCount":0,"publisher":{"@id":"https:\/\/siljakeranen.fi\/blogi\/#\/schema\/person\/d43605ef0d5681c1b27a4ba1fede1cf4"},"articleSection":["Kajaani","Mets\u00e4","Vihre\u00e4t","Ymp\u00e4rist\u00f6"],"inLanguage":"fi","potentialAction":[{"@type":"CommentAction","name":"Comment","target":["https:\/\/siljakeranen.fi\/blogi\/mielipiteeni-kaupungin-metsasuunnitelmasta\/#respond"]}]},{"@type":"WebPage","@id":"https:\/\/siljakeranen.fi\/blogi\/mielipiteeni-kaupungin-metsasuunnitelmasta\/","url":"https:\/\/siljakeranen.fi\/blogi\/mielipiteeni-kaupungin-metsasuunnitelmasta\/","name":"Mielipiteeni kaupungin mets\u00e4suunnitelmasta - Silja Ker\u00e4nen","isPartOf":{"@id":"https:\/\/siljakeranen.fi\/blogi\/#website"},"datePublished":"2016-10-23T14:20:36+00:00","dateModified":"2016-10-23T14:25:58+00:00","breadcrumb":{"@id":"https:\/\/siljakeranen.fi\/blogi\/mielipiteeni-kaupungin-metsasuunnitelmasta\/#breadcrumb"},"inLanguage":"fi","potentialAction":[{"@type":"ReadAction","target":["https:\/\/siljakeranen.fi\/blogi\/mielipiteeni-kaupungin-metsasuunnitelmasta\/"]}]},{"@type":"BreadcrumbList","@id":"https:\/\/siljakeranen.fi\/blogi\/mielipiteeni-kaupungin-metsasuunnitelmasta\/#breadcrumb","itemListElement":[{"@type":"ListItem","position":1,"name":"Etusivu","item":"https:\/\/siljakeranen.fi\/blogi\/"},{"@type":"ListItem","position":2,"name":"Mielipiteeni kaupungin mets\u00e4suunnitelmasta"}]},{"@type":"WebSite","@id":"https:\/\/siljakeranen.fi\/blogi\/#website","url":"https:\/\/siljakeranen.fi\/blogi\/","name":"Silja Ker\u00e4nen","description":"Silja Ker\u00e4nen, kainuulainen vihre\u00e4 poliitikko","publisher":{"@id":"https:\/\/siljakeranen.fi\/blogi\/#\/schema\/person\/d43605ef0d5681c1b27a4ba1fede1cf4"},"potentialAction":[{"@type":"SearchAction","target":{"@type":"EntryPoint","urlTemplate":"https:\/\/siljakeranen.fi\/blogi\/?s={search_term_string}"},"query-input":{"@type":"PropertyValueSpecification","valueRequired":true,"valueName":"search_term_string"}}],"inLanguage":"fi"},{"@type":["Person","Organization"],"@id":"https:\/\/siljakeranen.fi\/blogi\/#\/schema\/person\/d43605ef0d5681c1b27a4ba1fede1cf4","name":"Silja","image":{"@type":"ImageObject","inLanguage":"fi","@id":"https:\/\/siljakeranen.fi\/blogi\/wp-content\/uploads\/2023\/01\/cropped-silja_250x100.png","url":"https:\/\/siljakeranen.fi\/blogi\/wp-content\/uploads\/2023\/01\/cropped-silja_250x100.png","contentUrl":"https:\/\/siljakeranen.fi\/blogi\/wp-content\/uploads\/2023\/01\/cropped-silja_250x100.png","width":250,"height":100,"caption":"Silja"},"logo":{"@id":"https:\/\/siljakeranen.fi\/blogi\/wp-content\/uploads\/2023\/01\/cropped-silja_250x100.png"},"sameAs":["http:\/\/www.siljakeranen.fi","https:\/\/www.facebook.com\/siljamkeranen","https:\/\/www.instagram.com\/siljakeranen\/","https:\/\/www.linkedin.com\/in\/silja-kernen-4331b548\/","https:\/\/x.com\/https:\/\/twitter.com\/SiljaMP","https:\/\/www.youtube.com\/channel\/UC0MWeuoWP4-Mjs1z8pIv3GQ","https:\/\/fi.wikipedia.org\/wiki\/Silja_Kernen"],"url":"https:\/\/siljakeranen.fi\/blogi\/author\/admin\/"}]}},"_links":{"self":[{"href":"https:\/\/siljakeranen.fi\/blogi\/wp-json\/wp\/v2\/posts\/1012","targetHints":{"allow":["GET"]}}],"collection":[{"href":"https:\/\/siljakeranen.fi\/blogi\/wp-json\/wp\/v2\/posts"}],"about":[{"href":"https:\/\/siljakeranen.fi\/blogi\/wp-json\/wp\/v2\/types\/post"}],"author":[{"embeddable":true,"href":"https:\/\/siljakeranen.fi\/blogi\/wp-json\/wp\/v2\/users\/1"}],"replies":[{"embeddable":true,"href":"https:\/\/siljakeranen.fi\/blogi\/wp-json\/wp\/v2\/comments?post=1012"}],"version-history":[{"count":3,"href":"https:\/\/siljakeranen.fi\/blogi\/wp-json\/wp\/v2\/posts\/1012\/revisions"}],"predecessor-version":[{"id":1015,"href":"https:\/\/siljakeranen.fi\/blogi\/wp-json\/wp\/v2\/posts\/1012\/revisions\/1015"}],"wp:attachment":[{"href":"https:\/\/siljakeranen.fi\/blogi\/wp-json\/wp\/v2\/media?parent=1012"}],"wp:term":[{"taxonomy":"category","embeddable":true,"href":"https:\/\/siljakeranen.fi\/blogi\/wp-json\/wp\/v2\/categories?post=1012"},{"taxonomy":"post_tag","embeddable":true,"href":"https:\/\/siljakeranen.fi\/blogi\/wp-json\/wp\/v2\/tags?post=1012"}],"curies":[{"name":"wp","href":"https:\/\/api.w.org\/{rel}","templated":true}]}}