{"id":1028,"date":"2017-01-06T15:49:49","date_gmt":"2017-01-06T13:49:49","guid":{"rendered":"http:\/\/siljakeranen.fi\/blogi\/?p=1028"},"modified":"2022-09-21T20:42:18","modified_gmt":"2022-09-21T17:42:18","slug":"vuoden-2016-analyysi","status":"publish","type":"post","link":"https:\/\/siljakeranen.fi\/blogi\/vuoden-2016-analyysi\/","title":{"rendered":"Vuoden 2016 analyysi"},"content":{"rendered":"<p>Nelj\u00e4s vuosi tuli t\u00e4yteen Kajaanin kaupunginvaltuutettuna, kaupunginhallituksen j\u00e4senen\u00e4 sek\u00e4 Kainuun maakuntavaltuutettuna.&nbsp;Jatkoin <a href=\"http:\/\/www.maaseutujaeravihreat.fi\/\" target=\"_blank\" rel=\"noopener\">Maaseutu- ja er\u00e4vihreiden<\/a> puheenjohtajana sek\u00e4 puoluevaltuuskunnan j\u00e4senen\u00e4.<\/p>\n<p><strong>Vuoteen mahtui<\/strong><\/p>\n<p>47 virallista kokousta, parisenkymment\u00e4 ep\u00e4virallista<br \/>\n21 blogikirjoitusta<br \/>\n7 yleis\u00f6nosastokirjoitusta<br \/>\n10 seminaarip\u00e4iv\u00e4\u00e4 tai puolikasta<br \/>\n7 Vihreiden kokousviikonloppua<br \/>\nnoin 2000&nbsp;euroa palkkioita sek\u00e4 noin 190 tunnista ansiomenetyskorvauksia ty\u00f6nantajan hakemana<\/p>\n<p><strong>Poimintoja<\/strong><\/p>\n<p><strong>Vihreiden energiavisio<\/strong><\/p>\n<p>Olin mukana tekem\u00e4ss\u00e4<a href=\"https:\/\/www.vihreat.fi\/vihrea-energiavisio-2035\" target=\"_blank\" rel=\"noopener\"> vihreiden energiavisiota<\/a>.&nbsp;Meid\u00e4n visiomme energiatarpeesta ja -tuotannosta, tuotantotavoista sek\u00e4 siit\u00e4, kuinka n\u00e4ihin tavoitteisiin p\u00e4\u00e4st\u00e4\u00e4n. Hiilineutraali Suomi on mahdollista jo 2030-luvulla. Energian kokonaiskulutus k\u00e4\u00e4nnet\u00e4\u00e4n laskuun energiatehokkuutta parantamalla sek\u00e4 l\u00e4mmityst\u00e4 &amp; liikennett\u00e4 s\u00e4hk\u00f6ist\u00e4m\u00e4ll\u00e4. Vesivoiman, ydinvoiman ja puun k\u00e4ytt\u00f6 pysyy nykytasolla. Fossiilisista ja turpeesta luovutaan. Uusiutuvien (aurinko, tuuli, biomassa) osuus kasvaa merkitt\u00e4v\u00e4sti.<\/p>\n<p><strong>Maataloustukien uudistaminen<\/strong><\/p>\n<p>Maaseutu- ja er\u00e4vihreiss\u00e4&nbsp;tehtiin uusi ja t\u00e4rke\u00e4 avaus maataloustukien muutoksesta. Nyky\u00e4\u00e4n maataloustukia maksetaan p\u00e4\u00e4osin hehtaarien mukaan tilakohtaisesti. <a href=\"http:\/\/www.maaseutujaeravihreat.fi\/2016\/11\/19\/maaseutu-ja-eravihreiden-kannanotto-maataloustuet-hehtaareista-ekosysteemipalvelujen-tuottamiseen\/\" target=\"_blank\" rel=\"noopener\">Meid\u00e4n ehdotuksessamme<\/a> tukia maksettaisiin ekosysteemipalveluiden tuottamisesta ja tarkastelu muuttuisi tilakohtaisesta suuremmiksi alueiksi.<\/p>\n<p><strong>Kajaanin mets\u00e4suunnitelma<\/strong><\/p>\n<p>Vuoden murheenkryyniksi ja istumalihaksia koitelleeksi asiaksi nousi Kajaanin kaupungin mets\u00e4suunnitelma. Se tuli n\u00e4ht\u00e4ville kev\u00e4\u00e4ll\u00e4. UPMn tekem\u00e4. 3665 sivua. N\u00e4ht\u00e4vill\u00e4oloaika oli alle kaksi viikkoa, vain Kajaani infossa (auki arkisin virka-aikaan) ja yleis\u00f6tilaisuus arkip\u00e4iv\u00e4n\u00e4 klo 12. Suunnitelmassa oli tuolloin mm. valtavia avohakkuita sek\u00e4 Vimpelinvaaran rinteille ett\u00e4 Rehjan saareen. N\u00e4ht\u00e4vill\u00e4olosta \u00e4l\u00e4hdettiin j\u00e4rjest\u00f6jen kanssa, ja sit\u00e4 jatkettiinkin onneksi lokakuun loppuun. Samoin suunitelma saatiin nettiin &#8211; toki monen kierroksen kautta (ensin pdf:n sivut olivat ihan sekaisin, sitten mit\u00e4\u00e4n kaupunginkattavaa karttaa ei ollut, josta n\u00e4kisi kohteiden sijainnin). Luin suunnitelman kes\u00e4ll\u00e4 ja j\u00e4tin siit\u00e4 oman mielipiteeni kaupungille. Mets\u00e4suunnitelmaan liittyv\u00e4t blogini l\u00f6ytyv\u00e4t <a href=\"http:\/\/siljakeranen.fi\/blogi\/kajaanin-kaupungin-metsasuunnitelma\/\" target=\"_blank\" rel=\"noopener\">t\u00e4\u00e4lt\u00e4 (30.8.)<\/a>, <a href=\"http:\/\/siljakeranen.fi\/blogi\/kajaanin-metsasuunnitelma-valtavia-aukkoja-suunniteltu\/\" target=\"_blank\" rel=\"noopener\">t\u00e4\u00e4lt\u00e4 (29.9)<\/a>,<a href=\"http:\/\/siljakeranen.fi\/blogi\/mielipiteeni-kaupungin-metsasuunnitelmasta\/\" target=\"_blank\" rel=\"noopener\">&nbsp;t\u00e4\u00e4lt\u00e4 (23.10)<\/a> ja <a href=\"http:\/\/siljakeranen.fi\/blogi\/jatkuva-kasvatus-periaatteeksi-kaupungin-metsissa\/\" target=\"_blank\" rel=\"noopener\">t\u00e4\u00e4lt\u00e4 (12.11)<\/a>. Onneksi moni muukin ihminen ja j\u00e4rjest\u00f6 otti suunitelmaan kantaa. Nyt&nbsp;kaupungin sivuille on <a href=\"http:\/\/www.kajaani.fi\/sites\/default\/files\/muutokset_metsasuunnitelmaan.pdf\" target=\"_blank\" rel=\"noopener\">laitettu taulukko<\/a>, josta n\u00e4kyy suunnitelmaan teht\u00e4v\u00e4t muutokset. P\u00e4\u00e4t\u00f6ksentekoon ymp\u00e4rist\u00f6teknikseen lautakuntaan suunitelma on menossa alkuvuodesta.<\/p>\n<p><strong>Lyhyet poiminnat<\/strong><\/p>\n<ul>\n<li><span style=\"text-decoration: underline;\">\u00c4rj\u00e4n saaren hakkuut<\/span> olivat pinnalla alkuvuodesta 2016. UPM ehti ne jo aloittaa, mutta onneksi keskeytti ne. Teimme valtuustoaloitteen, ett\u00e4 kaupunki aloittaisi neuvottelut \u00c4rj\u00e4n saaren omistusj\u00e4rjestelyist\u00e4. T\u00e4m\u00e4 ei johtanut toivottuun lopputulokseen, siit\u00e4 tarkemiin<a href=\"http:\/\/siljakeranen.fi\/blogi\/arjan-tulevaisuus\/\" target=\"_blank\" rel=\"noopener\"> blogikirjoituksessani. <\/a>Olen t\u00e4m\u00e4nkin j\u00e4lkeen ollut asiassa aktiivinen, mutta viel\u00e4 ei ole mit\u00e4\u00e4n kerrottavaa.<\/li>\n<li><span style=\"text-decoration: underline;\">Maakuntauudistusta<\/span>&nbsp;tehd\u00e4\u00e4n kovaa vauhtia. Valmista pit\u00e4isi olla 1.1.2019, eli tosi pian. Olen mukana uudistuksen ohjausryhm\u00e4ss\u00e4 Vihreiden edustajana sek\u00e4 ty\u00f6ryhm\u00e4ss\u00e4, jossa k\u00e4sitell\u00e4\u00e4n ymp\u00e4rist\u00f6-, maank\u00e4ytt\u00f6- ja liikenneasioita.<\/li>\n<li><span style=\"text-decoration: underline;\">Paluumuuttoasiat<\/span> etenev\u00e4t. Kainuu Connection on&nbsp;suuntautunut rekrytointiin &#8211; Kainuun porukalla k\u00e4yd\u00e4\u00e4n rekrymessuilla eri puolilla maata. Muuttajakoordinaattorialoite selvisi jatkoon, ja Kainuun liitto&nbsp;vie asiaa eteenp\u00e4in hankkeen kautta.<\/li>\n<li>Kajaaniin perustettiin <span style=\"text-decoration: underline;\">REKO<\/span> kes\u00e4kuussa.&nbsp;Olen siin\u00e4 yhten\u00e4 yll\u00e4pit\u00e4j\u00e4n\u00e4. Onneksi kajaanilaiset ovat aika hyvin innostuneet l\u00e4hiruoasta &#8211; toki lis\u00e4\u00e4 sek\u00e4 tuottajia ett\u00e4 kuluttajia kaivataan!<\/li>\n<li><span style=\"text-decoration: underline;\">Vihreiden strategia<\/span> uudistettiin kev\u00e4\u00e4ll\u00e4. Olin siin\u00e4 ty\u00f6ss\u00e4 aktiivisesti mukana&nbsp;projektiryhm\u00e4n j\u00e4senen\u00e4. Hyv\u00e4ksytty, huippuhyv\u00e4 strategia l\u00f6ytyy <a href=\"https:\/\/www.vihreat.fi\/asiat\/tietoa-vihreista\/vihrea-strategia\" target=\"_blank\" rel=\"noopener\">t\u00e4\u00e4lt\u00e4<\/a>.<\/li>\n<\/ul>\n<p>Valtuustoaloitteet:<\/p>\n<ul>\n<li>Vuonna 2015 j\u00e4tettyyn <a href=\"http:\/\/siljakeranen.fi\/blogi\/valtuustoaloite-kajaanin-kaupunkikonsernin-sijoitukset-pois-fossiilisista\/\" target=\"_blank\" rel=\"noopener\">Kaupungin sijoitukset pois fossiilisista<\/a> ei ole tullut viel\u00e4k\u00e4\u00e4n vastausta (ihan ok, koska talousjohtaja oli 2016 virkavapaalla ja nyt irtisanoutui).<\/li>\n<li>Kaupunki k\u00e4ynnist\u00e4\u00e4 neuvottelut \u00c4rj\u00e4n saaren omistusj\u00e4rjestelyist\u00e4. (Tulos: kysyi saaren hintaa UPM:lt\u00e4 ja p\u00e4\u00e4tti, ettei osta sill\u00e4 hinnalla. <a href=\"http:\/\/siljakeranen.fi\/blogi\/arjan-tulevaisuus\/\" target=\"_blank\" rel=\"noopener\">Blogini asiasta.<\/a>)<\/li>\n<li><a href=\"http:\/\/siljakeranen.fi\/blogi\/valtuustoaloite-entista-eettisempia-ja-ekologisempia-aterioita\/\" target=\"_blank\" rel=\"noopener\">Entist\u00e4 eettisempi\u00e4 ja ekologisempia aterioita.<\/a> (Tulos:&nbsp;vastaus aloitteeseen oli todella ymp\u00e4ripy\u00f6re\u00e4.)<\/li>\n<li><a href=\"http:\/\/siljakeranen.fi\/blogi\/valtuustoaloite-muuttajakoordinaattori-kainuun-liittoon\/\" target=\"_blank\" rel=\"noopener\">Muuttajakoordinaattori Kainuun liittoon<\/a>. (Tulos: asia etenee, Kainuun liitto valmistelee muuttajakoordinaattori-hanketta)<\/li>\n<\/ul>\n<p><strong>Erittely luottamustoimittain<\/strong><\/p>\n<p>Kaupunginhallitus: l\u00e4sn\u00e4 22\/24 (yksi poissaolo ty\u00f6matkan ja toinen sairastumisen takia)<\/p>\n<p>Kaupunginvaltuusto: l\u00e4sn\u00e4 6\/7 (poissaolo sairastumisen vuoksi)<\/p>\n<p>Ty\u00f6llisyysty\u00f6ryhm\u00e4: 4\/5 (poissaolo ty\u00f6matkan takia)<\/p>\n<p>Kajaanin Vesi: 2\/5 (kaksi poissaoloa henkil\u00f6kohtaisten syiden vuoksi ja yksi ty\u00f6matkan takia)<\/p>\n<p>Keskustaajaman osayleiskaavan ohjausryhm\u00e4: 3\/3<\/p>\n<p>Kaupunkikeskustan kehitt\u00e4misen seurantaryhm\u00e4: Ei kokouksia vuonna 2016<\/p>\n<p>Maakuntavaltuusto: 3\/3<\/p>\n<p>Maakuntauudistuksen ohjausryhm\u00e4: 2\/2<\/p>\n<p>Maakuntauudistuksen ty\u00f6ryhm\u00e4 4: 5\/6 (poissaolo sairastumisen takia)<\/p>\n<p>&nbsp;<\/p>\n<p><strong>Muita aktiviteetteja vuoden aikana<\/strong><\/p>\n<ul>\n<li>31.1. Kuhmoon perustettiin vihre\u00e4 yhdistys! Jotain ihan parasta &#8211; sek\u00e4 Kuhmolle ett\u00e4 vihreydelle! Sain suuren kunnian toimia perustamistilaisuudessa juhlapuhujana.<\/li>\n<li>3. &amp; 4.3 Kajaanissa oli Earth Song -tanssitaideteoksen esitykset. Sain&nbsp;n\u00e4iss\u00e4 tilaisuuksissa vet\u00e4\u00e4 yleis\u00f6keskustelun.<\/li>\n<li>15.4 pidettiin keskustelutilaisuus yhdess\u00e4 vihreiden varapuheenjohtaja, k\u00f6yhyystutkija Maria Ohisalon kanssa.<\/li>\n<li>16.-17.4 Vihreiden puoluevaltuuskunta kokousti Kajaanissa<\/li>\n<li>8.7 Vihre\u00e4t olivat markkinakadulla ja illalla osallistuin maailmanhistorian ensimm\u00e4iseen Kainuu Prideen,&nbsp;johon sain tuoda <a href=\"http:\/\/siljakeranen.fi\/blogi\/mahtava-pride-vaki\/\" target=\"_blank\" rel=\"noopener\">vihreiden valtuustoryhm\u00e4n tervehdyksen<\/a>!<\/li>\n<li>14.9 j\u00e4rjestettiin p\u00e4\u00e4tt\u00e4j\u00e4py\u00f6r\u00e4ily, jossa mietittiin Kajaanin py\u00f6r\u00e4ilyinfran kehitt\u00e4mist\u00e4<\/li>\n<li>17.9 osallituin biotalouspaneeliin Simossa. Keskustelukumppaneina MTK:n pj Juha Marttila, Keskustan kansanedustaja Mikko K\u00e4rn\u00e4 sek\u00e4 paikallisen kehitysyhti\u00f6n toimitusjohtaja.<\/li>\n<li>1.11 osallistuin Kajaanin taidemuseon tilaisuuteen<\/li>\n<li>18.11 keskusteltiin maatalous- ja maaseutuasioista yhdess\u00e4 vihreiden eduskuntaryhm\u00e4n kanssa<\/li>\n<li>25.11 j\u00e4rjestettiin yhdess\u00e4 Emma Karin kanssa keskustelutilaisuus Kajaanissa<\/li>\n<li>13.12 kutsuin koolle palaverin, jossa laajalla joukolla pohdittiin kuinka taataan riitt\u00e4v\u00e4 ty\u00f6voiman saanti kainuulaisille konepajoille.<\/li>\n<\/ul>\n<p><strong>Pohdinta<\/strong><\/p>\n<p>Koko edelt\u00e4v\u00e4 teksti oli sit\u00e4, ett\u00e4 mit\u00e4 min\u00e4 olen tehnyt. No, paljonhan sit\u00e4 on toki tullut tehty\u00e4. Mutta aivan keskeist\u00e4 n\u00e4iss\u00e4 jokaisessa tekemisess\u00e4 on yhteisty\u00f6. Vihreiden strategia ja energiavisio tehtiin porukalla, mit\u00e4 Maaseutu- ja er\u00e4vihreiss\u00e4 me tehd\u00e4\u00e4nk\u00e4\u00e4n, se tehd\u00e4\u00e4n yhdess\u00e4. Kiitos &#8211; n\u00e4iss\u00e4 porukoissa on todella mukava olla mukana! Huipputyyppej\u00e4 sek\u00e4 t\u00e4rkeit\u00e4 &amp; hyvi\u00e4 aikaansaannoksia!<\/p>\n<p>Paikallisessa toiminnassa on enemm\u00e4n yksin, koska toimijoita on v\u00e4h\u00e4n ja jokaisella paljon tekemist\u00e4. Esimerkiksi Kajaanissa Sanni (toinen vihre\u00e4 valtuutettu) on meid\u00e4n valtuustoryhm\u00e4n pj ja hoitaa sote-puolen t\u00e4ysin. Hyvin hoitaakin sen mihin on lupautunut. Kuhmossa valtuutettu Marja-Stiina vie erinomaisesti vihreit\u00e4 arvoja eteenp\u00e4in, sen mink\u00e4 kykenee. Nyt onneksi yhdess\u00e4 kuhmolaisen vihre\u00e4n yhdistyksen kanssa. Vertaistuki ja yhteisty\u00f6 siin\u00e4 miss\u00e4 pystyt\u00e4\u00e4n on t\u00e4\u00e4ll\u00e4 paikallistasolla kullanarvoista, jotta asiat menev\u00e4t eteenp\u00e4in ja jotta me jaksamme.&nbsp;Kiitos kainuulaiset vihre\u00e4t!<\/p>\n<p>Yll\u00e4olevian kiitosten lis\u00e4ksi t\u00e4ytyy kyll\u00e4 kiitt\u00e4\u00e4 my\u00f6s poliitikkokollegoja muista puolueista niin Kajaanissa kuin Kainuussakin. Suurimman osan kanssa toiminta tapahtuu hienossa molemminpuolisen arvostuksen hengess\u00e4.&nbsp;Vaikka ollaan joskus eri mielt\u00e4, asioista puhutaan, toisia arvostetaan ja yhteisty\u00f6t\u00e4 tehd\u00e4\u00e4n&nbsp;niiss\u00e4 asioissa, joissa mielipiteet kohtaavat.<\/p>\n<p>9.4.2017 j\u00e4rjestet\u00e4\u00e4n kuntavaalit. Ehdokasasettelu on nyt k\u00e4ynniss\u00e4 ja vaalien tulos jo kovasti j\u00e4nnitt\u00e4\u00e4. Meill\u00e4 vihreill\u00e4 on Kainuussa&nbsp;oikeasti mahdollisuus kasvattaa kannatusta valtavasti (eduskuntavaalit 2011 \u00e4\u00e4ni\u00e4 800 -&gt; kuntavaalit 2012 \u00e4\u00e4ni\u00e4 noin 1000 -&gt; ed-vaalit 2015 \u00e4\u00e4ni\u00e4 1700). Samanlainen tilanne on muuallakin maassa.&nbsp;Tilausta ja tarvetta on &#8211; nyt tehd\u00e4\u00e4n t\u00f6it\u00e4 sen realisoimiseksi! \ud83d\ude42<\/p>\n<div style=\"padding-bottom:20px; padding-top:10px;\" class=\"hupso-share-buttons\"><!-- Hupso Share Buttons - https:\/\/www.hupso.com\/share\/ --><a class=\"hupso_counters\" href=\"https:\/\/www.hupso.com\/share\/\"><img decoding=\"async\" src=\"https:\/\/static.hupso.com\/share\/buttons\/share-small.png\" style=\"border:0px; padding-top:2px; float:left;\" alt=\"Share Button\"\/><\/a><script type=\"text\/javascript\">var hupso_services_c=new Array(\"twitter\",\"facebook_like\",\"facebook_send\",\"google\");var hupso_counters_lang = \"en_US\";var hupso_image_folder_url = \"\";var hupso_url_c=\"\";var hupso_title_c=\"Vuoden%202016%20analyysi\";<\/script><script type=\"text\/javascript\" src=\"https:\/\/static.hupso.com\/share\/js\/counters.js\"><\/script><!-- Hupso Share Buttons --><\/div>","protected":false},"excerpt":{"rendered":"<p>Nelj\u00e4s vuosi tuli t\u00e4yteen Kajaanin kaupunginvaltuutettuna, kaupunginhallituksen j\u00e4senen\u00e4 sek\u00e4 Kainuun maakuntavaltuutettuna.&nbsp;Jatkoin Maaseutu- ja er\u00e4vihreiden puheenjohtajana sek\u00e4 puoluevaltuuskunnan j\u00e4senen\u00e4. Vuoteen mahtui 47 virallista kokousta, parisenkymment\u00e4 ep\u00e4virallista 21 blogikirjoitusta 7 yleis\u00f6nosastokirjoitusta 10 seminaarip\u00e4iv\u00e4\u00e4 tai puolikasta 7 Vihreiden kokousviikonloppua noin 2000&nbsp;euroa palkkioita sek\u00e4 noin 190 tunnista ansiomenetyskorvauksia ty\u00f6nantajan hakemana Poimintoja Vihreiden energiavisio Olin mukana tekem\u00e4ss\u00e4 vihreiden energiavisiota.&nbsp;Meid\u00e4n visiomme [&hellip;]<\/p>\n<div style=\"padding-bottom:20px; padding-top:10px;\" class=\"hupso-share-buttons\"><!-- Hupso Share Buttons - https:\/\/www.hupso.com\/share\/ --><a class=\"hupso_counters\" href=\"https:\/\/www.hupso.com\/share\/\"><img src=\"https:\/\/static.hupso.com\/share\/buttons\/share-small.png\" style=\"border:0px; padding-top:2px; float:left;\" alt=\"Share Button\"\/><\/a><script type=\"text\/javascript\">var hupso_services_c=new Array(\"twitter\",\"facebook_like\",\"facebook_send\",\"google\");var hupso_counters_lang = \"en_US\";var hupso_image_folder_url = \"\";var hupso_url_c=\"\";var hupso_title_c=\"Vuoden%202016%20analyysi\";<\/script><script type=\"text\/javascript\" src=\"https:\/\/static.hupso.com\/share\/js\/counters.js\"><\/script><!-- Hupso Share Buttons --><\/div>","protected":false},"author":1,"featured_media":0,"comment_status":"open","ping_status":"closed","sticky":false,"template":"","format":"standard","meta":{"ngg_post_thumbnail":0,"footnotes":""},"categories":[7,8,9,20,6,10],"tags":[],"class_list":["post-1028","post","type-post","status-publish","format-standard","hentry","category-kainuu","category-kajaani","category-kaupunginhallitus","category-metsa","category-politiikka","category-vihreat"],"yoast_head":"<!-- This site is optimized with the Yoast SEO plugin v27.3 - https:\/\/yoast.com\/product\/yoast-seo-wordpress\/ -->\n<title>Vuoden 2016 analyysi - Silja Ker\u00e4nen<\/title>\n<meta name=\"robots\" content=\"index, follow, max-snippet:-1, max-image-preview:large, max-video-preview:-1\" \/>\n<link rel=\"canonical\" href=\"https:\/\/siljakeranen.fi\/blogi\/vuoden-2016-analyysi\/\" \/>\n<meta property=\"og:locale\" content=\"fi_FI\" \/>\n<meta property=\"og:type\" content=\"article\" \/>\n<meta property=\"og:title\" content=\"Vuoden 2016 analyysi - Silja Ker\u00e4nen\" \/>\n<meta property=\"og:description\" content=\"Nelj\u00e4s vuosi tuli t\u00e4yteen Kajaanin kaupunginvaltuutettuna, kaupunginhallituksen j\u00e4senen\u00e4 sek\u00e4 Kainuun maakuntavaltuutettuna.&nbsp;Jatkoin Maaseutu- ja er\u00e4vihreiden puheenjohtajana sek\u00e4 puoluevaltuuskunnan j\u00e4senen\u00e4. Vuoteen mahtui 47 virallista kokousta, parisenkymment\u00e4 ep\u00e4virallista 21 blogikirjoitusta 7 yleis\u00f6nosastokirjoitusta 10 seminaarip\u00e4iv\u00e4\u00e4 tai puolikasta 7 Vihreiden kokousviikonloppua noin 2000&nbsp;euroa palkkioita sek\u00e4 noin 190 tunnista ansiomenetyskorvauksia ty\u00f6nantajan hakemana Poimintoja Vihreiden energiavisio Olin mukana tekem\u00e4ss\u00e4 vihreiden energiavisiota.&nbsp;Meid\u00e4n visiomme [&hellip;]\" \/>\n<meta property=\"og:url\" content=\"https:\/\/siljakeranen.fi\/blogi\/vuoden-2016-analyysi\/\" \/>\n<meta property=\"og:site_name\" content=\"Silja Ker\u00e4nen\" \/>\n<meta property=\"article:publisher\" content=\"https:\/\/www.facebook.com\/siljamkeranen\" \/>\n<meta property=\"article:author\" content=\"https:\/\/www.facebook.com\/siljamkeranen\" \/>\n<meta property=\"article:published_time\" content=\"2017-01-06T13:49:49+00:00\" \/>\n<meta property=\"article:modified_time\" content=\"2022-09-21T17:42:18+00:00\" \/>\n<meta property=\"og:image\" content=\"https:\/\/siljakeranen.fi\/blogi\/wp-content\/uploads\/2023\/01\/3L3A1767_valmis-pinempi.jpeg\" \/>\n\t<meta property=\"og:image:width\" content=\"1613\" \/>\n\t<meta property=\"og:image:height\" content=\"1075\" \/>\n\t<meta property=\"og:image:type\" content=\"image\/jpeg\" \/>\n<meta name=\"author\" content=\"Silja\" \/>\n<meta name=\"twitter:card\" content=\"summary_large_image\" \/>\n<meta name=\"twitter:creator\" content=\"@https:\/\/twitter.com\/SiljaMP\" \/>\n<meta name=\"twitter:site\" content=\"@SiljaMP\" \/>\n<meta name=\"twitter:label1\" content=\"Kirjoittanut\" \/>\n\t<meta name=\"twitter:data1\" content=\"Silja\" \/>\n\t<meta name=\"twitter:label2\" content=\"Arvioitu lukuaika\" \/>\n\t<meta name=\"twitter:data2\" content=\"6 minuuttia\" \/>\n<script type=\"application\/ld+json\" class=\"yoast-schema-graph\">{\"@context\":\"https:\\\/\\\/schema.org\",\"@graph\":[{\"@type\":\"Article\",\"@id\":\"https:\\\/\\\/siljakeranen.fi\\\/blogi\\\/vuoden-2016-analyysi\\\/#article\",\"isPartOf\":{\"@id\":\"https:\\\/\\\/siljakeranen.fi\\\/blogi\\\/vuoden-2016-analyysi\\\/\"},\"author\":{\"name\":\"Silja\",\"@id\":\"https:\\\/\\\/siljakeranen.fi\\\/blogi\\\/#\\\/schema\\\/person\\\/d43605ef0d5681c1b27a4ba1fede1cf4\"},\"headline\":\"Vuoden 2016 analyysi\",\"datePublished\":\"2017-01-06T13:49:49+00:00\",\"dateModified\":\"2022-09-21T17:42:18+00:00\",\"mainEntityOfPage\":{\"@id\":\"https:\\\/\\\/siljakeranen.fi\\\/blogi\\\/vuoden-2016-analyysi\\\/\"},\"wordCount\":1031,\"commentCount\":0,\"publisher\":{\"@id\":\"https:\\\/\\\/siljakeranen.fi\\\/blogi\\\/#\\\/schema\\\/person\\\/d43605ef0d5681c1b27a4ba1fede1cf4\"},\"articleSection\":[\"Kainuu\",\"Kajaani\",\"Kaupunginhallitus\",\"Mets\u00e4\",\"Politiikka\",\"Vihre\u00e4t\"],\"inLanguage\":\"fi\",\"potentialAction\":[{\"@type\":\"CommentAction\",\"name\":\"Comment\",\"target\":[\"https:\\\/\\\/siljakeranen.fi\\\/blogi\\\/vuoden-2016-analyysi\\\/#respond\"]}]},{\"@type\":\"WebPage\",\"@id\":\"https:\\\/\\\/siljakeranen.fi\\\/blogi\\\/vuoden-2016-analyysi\\\/\",\"url\":\"https:\\\/\\\/siljakeranen.fi\\\/blogi\\\/vuoden-2016-analyysi\\\/\",\"name\":\"Vuoden 2016 analyysi - Silja Ker\u00e4nen\",\"isPartOf\":{\"@id\":\"https:\\\/\\\/siljakeranen.fi\\\/blogi\\\/#website\"},\"datePublished\":\"2017-01-06T13:49:49+00:00\",\"dateModified\":\"2022-09-21T17:42:18+00:00\",\"breadcrumb\":{\"@id\":\"https:\\\/\\\/siljakeranen.fi\\\/blogi\\\/vuoden-2016-analyysi\\\/#breadcrumb\"},\"inLanguage\":\"fi\",\"potentialAction\":[{\"@type\":\"ReadAction\",\"target\":[\"https:\\\/\\\/siljakeranen.fi\\\/blogi\\\/vuoden-2016-analyysi\\\/\"]}]},{\"@type\":\"BreadcrumbList\",\"@id\":\"https:\\\/\\\/siljakeranen.fi\\\/blogi\\\/vuoden-2016-analyysi\\\/#breadcrumb\",\"itemListElement\":[{\"@type\":\"ListItem\",\"position\":1,\"name\":\"Etusivu\",\"item\":\"https:\\\/\\\/siljakeranen.fi\\\/blogi\\\/\"},{\"@type\":\"ListItem\",\"position\":2,\"name\":\"Vuoden 2016 analyysi\"}]},{\"@type\":\"WebSite\",\"@id\":\"https:\\\/\\\/siljakeranen.fi\\\/blogi\\\/#website\",\"url\":\"https:\\\/\\\/siljakeranen.fi\\\/blogi\\\/\",\"name\":\"Silja Ker\u00e4nen\",\"description\":\"Silja Ker\u00e4nen, kainuulainen vihre\u00e4 poliitikko\",\"publisher\":{\"@id\":\"https:\\\/\\\/siljakeranen.fi\\\/blogi\\\/#\\\/schema\\\/person\\\/d43605ef0d5681c1b27a4ba1fede1cf4\"},\"potentialAction\":[{\"@type\":\"SearchAction\",\"target\":{\"@type\":\"EntryPoint\",\"urlTemplate\":\"https:\\\/\\\/siljakeranen.fi\\\/blogi\\\/?s={search_term_string}\"},\"query-input\":{\"@type\":\"PropertyValueSpecification\",\"valueRequired\":true,\"valueName\":\"search_term_string\"}}],\"inLanguage\":\"fi\"},{\"@type\":[\"Person\",\"Organization\"],\"@id\":\"https:\\\/\\\/siljakeranen.fi\\\/blogi\\\/#\\\/schema\\\/person\\\/d43605ef0d5681c1b27a4ba1fede1cf4\",\"name\":\"Silja\",\"image\":{\"@type\":\"ImageObject\",\"inLanguage\":\"fi\",\"@id\":\"https:\\\/\\\/siljakeranen.fi\\\/blogi\\\/wp-content\\\/uploads\\\/2023\\\/01\\\/cropped-silja_250x100.png\",\"url\":\"https:\\\/\\\/siljakeranen.fi\\\/blogi\\\/wp-content\\\/uploads\\\/2023\\\/01\\\/cropped-silja_250x100.png\",\"contentUrl\":\"https:\\\/\\\/siljakeranen.fi\\\/blogi\\\/wp-content\\\/uploads\\\/2023\\\/01\\\/cropped-silja_250x100.png\",\"width\":250,\"height\":100,\"caption\":\"Silja\"},\"logo\":{\"@id\":\"https:\\\/\\\/siljakeranen.fi\\\/blogi\\\/wp-content\\\/uploads\\\/2023\\\/01\\\/cropped-silja_250x100.png\"},\"sameAs\":[\"http:\\\/\\\/www.siljakeranen.fi\",\"https:\\\/\\\/www.facebook.com\\\/siljamkeranen\",\"https:\\\/\\\/www.instagram.com\\\/siljakeranen\\\/\",\"https:\\\/\\\/www.linkedin.com\\\/in\\\/silja-kernen-4331b548\\\/\",\"https:\\\/\\\/x.com\\\/https:\\\/\\\/twitter.com\\\/SiljaMP\",\"https:\\\/\\\/www.youtube.com\\\/channel\\\/UC0MWeuoWP4-Mjs1z8pIv3GQ\",\"https:\\\/\\\/fi.wikipedia.org\\\/wiki\\\/Silja_Kernen\"],\"url\":\"https:\\\/\\\/siljakeranen.fi\\\/blogi\\\/author\\\/admin\\\/\"}]}<\/script>\n<!-- \/ Yoast SEO plugin. -->","yoast_head_json":{"title":"Vuoden 2016 analyysi - Silja Ker\u00e4nen","robots":{"index":"index","follow":"follow","max-snippet":"max-snippet:-1","max-image-preview":"max-image-preview:large","max-video-preview":"max-video-preview:-1"},"canonical":"https:\/\/siljakeranen.fi\/blogi\/vuoden-2016-analyysi\/","og_locale":"fi_FI","og_type":"article","og_title":"Vuoden 2016 analyysi - Silja Ker\u00e4nen","og_description":"Nelj\u00e4s vuosi tuli t\u00e4yteen Kajaanin kaupunginvaltuutettuna, kaupunginhallituksen j\u00e4senen\u00e4 sek\u00e4 Kainuun maakuntavaltuutettuna.&nbsp;Jatkoin Maaseutu- ja er\u00e4vihreiden puheenjohtajana sek\u00e4 puoluevaltuuskunnan j\u00e4senen\u00e4. Vuoteen mahtui 47 virallista kokousta, parisenkymment\u00e4 ep\u00e4virallista 21 blogikirjoitusta 7 yleis\u00f6nosastokirjoitusta 10 seminaarip\u00e4iv\u00e4\u00e4 tai puolikasta 7 Vihreiden kokousviikonloppua noin 2000&nbsp;euroa palkkioita sek\u00e4 noin 190 tunnista ansiomenetyskorvauksia ty\u00f6nantajan hakemana Poimintoja Vihreiden energiavisio Olin mukana tekem\u00e4ss\u00e4 vihreiden energiavisiota.&nbsp;Meid\u00e4n visiomme [&hellip;]","og_url":"https:\/\/siljakeranen.fi\/blogi\/vuoden-2016-analyysi\/","og_site_name":"Silja Ker\u00e4nen","article_publisher":"https:\/\/www.facebook.com\/siljamkeranen","article_author":"https:\/\/www.facebook.com\/siljamkeranen","article_published_time":"2017-01-06T13:49:49+00:00","article_modified_time":"2022-09-21T17:42:18+00:00","og_image":[{"width":1613,"height":1075,"url":"https:\/\/siljakeranen.fi\/blogi\/wp-content\/uploads\/2023\/01\/3L3A1767_valmis-pinempi.jpeg","type":"image\/jpeg"}],"author":"Silja","twitter_card":"summary_large_image","twitter_creator":"@https:\/\/twitter.com\/SiljaMP","twitter_site":"@SiljaMP","twitter_misc":{"Kirjoittanut":"Silja","Arvioitu lukuaika":"6 minuuttia"},"schema":{"@context":"https:\/\/schema.org","@graph":[{"@type":"Article","@id":"https:\/\/siljakeranen.fi\/blogi\/vuoden-2016-analyysi\/#article","isPartOf":{"@id":"https:\/\/siljakeranen.fi\/blogi\/vuoden-2016-analyysi\/"},"author":{"name":"Silja","@id":"https:\/\/siljakeranen.fi\/blogi\/#\/schema\/person\/d43605ef0d5681c1b27a4ba1fede1cf4"},"headline":"Vuoden 2016 analyysi","datePublished":"2017-01-06T13:49:49+00:00","dateModified":"2022-09-21T17:42:18+00:00","mainEntityOfPage":{"@id":"https:\/\/siljakeranen.fi\/blogi\/vuoden-2016-analyysi\/"},"wordCount":1031,"commentCount":0,"publisher":{"@id":"https:\/\/siljakeranen.fi\/blogi\/#\/schema\/person\/d43605ef0d5681c1b27a4ba1fede1cf4"},"articleSection":["Kainuu","Kajaani","Kaupunginhallitus","Mets\u00e4","Politiikka","Vihre\u00e4t"],"inLanguage":"fi","potentialAction":[{"@type":"CommentAction","name":"Comment","target":["https:\/\/siljakeranen.fi\/blogi\/vuoden-2016-analyysi\/#respond"]}]},{"@type":"WebPage","@id":"https:\/\/siljakeranen.fi\/blogi\/vuoden-2016-analyysi\/","url":"https:\/\/siljakeranen.fi\/blogi\/vuoden-2016-analyysi\/","name":"Vuoden 2016 analyysi - Silja Ker\u00e4nen","isPartOf":{"@id":"https:\/\/siljakeranen.fi\/blogi\/#website"},"datePublished":"2017-01-06T13:49:49+00:00","dateModified":"2022-09-21T17:42:18+00:00","breadcrumb":{"@id":"https:\/\/siljakeranen.fi\/blogi\/vuoden-2016-analyysi\/#breadcrumb"},"inLanguage":"fi","potentialAction":[{"@type":"ReadAction","target":["https:\/\/siljakeranen.fi\/blogi\/vuoden-2016-analyysi\/"]}]},{"@type":"BreadcrumbList","@id":"https:\/\/siljakeranen.fi\/blogi\/vuoden-2016-analyysi\/#breadcrumb","itemListElement":[{"@type":"ListItem","position":1,"name":"Etusivu","item":"https:\/\/siljakeranen.fi\/blogi\/"},{"@type":"ListItem","position":2,"name":"Vuoden 2016 analyysi"}]},{"@type":"WebSite","@id":"https:\/\/siljakeranen.fi\/blogi\/#website","url":"https:\/\/siljakeranen.fi\/blogi\/","name":"Silja Ker\u00e4nen","description":"Silja Ker\u00e4nen, kainuulainen vihre\u00e4 poliitikko","publisher":{"@id":"https:\/\/siljakeranen.fi\/blogi\/#\/schema\/person\/d43605ef0d5681c1b27a4ba1fede1cf4"},"potentialAction":[{"@type":"SearchAction","target":{"@type":"EntryPoint","urlTemplate":"https:\/\/siljakeranen.fi\/blogi\/?s={search_term_string}"},"query-input":{"@type":"PropertyValueSpecification","valueRequired":true,"valueName":"search_term_string"}}],"inLanguage":"fi"},{"@type":["Person","Organization"],"@id":"https:\/\/siljakeranen.fi\/blogi\/#\/schema\/person\/d43605ef0d5681c1b27a4ba1fede1cf4","name":"Silja","image":{"@type":"ImageObject","inLanguage":"fi","@id":"https:\/\/siljakeranen.fi\/blogi\/wp-content\/uploads\/2023\/01\/cropped-silja_250x100.png","url":"https:\/\/siljakeranen.fi\/blogi\/wp-content\/uploads\/2023\/01\/cropped-silja_250x100.png","contentUrl":"https:\/\/siljakeranen.fi\/blogi\/wp-content\/uploads\/2023\/01\/cropped-silja_250x100.png","width":250,"height":100,"caption":"Silja"},"logo":{"@id":"https:\/\/siljakeranen.fi\/blogi\/wp-content\/uploads\/2023\/01\/cropped-silja_250x100.png"},"sameAs":["http:\/\/www.siljakeranen.fi","https:\/\/www.facebook.com\/siljamkeranen","https:\/\/www.instagram.com\/siljakeranen\/","https:\/\/www.linkedin.com\/in\/silja-kernen-4331b548\/","https:\/\/x.com\/https:\/\/twitter.com\/SiljaMP","https:\/\/www.youtube.com\/channel\/UC0MWeuoWP4-Mjs1z8pIv3GQ","https:\/\/fi.wikipedia.org\/wiki\/Silja_Kernen"],"url":"https:\/\/siljakeranen.fi\/blogi\/author\/admin\/"}]}},"_links":{"self":[{"href":"https:\/\/siljakeranen.fi\/blogi\/wp-json\/wp\/v2\/posts\/1028","targetHints":{"allow":["GET"]}}],"collection":[{"href":"https:\/\/siljakeranen.fi\/blogi\/wp-json\/wp\/v2\/posts"}],"about":[{"href":"https:\/\/siljakeranen.fi\/blogi\/wp-json\/wp\/v2\/types\/post"}],"author":[{"embeddable":true,"href":"https:\/\/siljakeranen.fi\/blogi\/wp-json\/wp\/v2\/users\/1"}],"replies":[{"embeddable":true,"href":"https:\/\/siljakeranen.fi\/blogi\/wp-json\/wp\/v2\/comments?post=1028"}],"version-history":[{"count":7,"href":"https:\/\/siljakeranen.fi\/blogi\/wp-json\/wp\/v2\/posts\/1028\/revisions"}],"predecessor-version":[{"id":2387,"href":"https:\/\/siljakeranen.fi\/blogi\/wp-json\/wp\/v2\/posts\/1028\/revisions\/2387"}],"wp:attachment":[{"href":"https:\/\/siljakeranen.fi\/blogi\/wp-json\/wp\/v2\/media?parent=1028"}],"wp:term":[{"taxonomy":"category","embeddable":true,"href":"https:\/\/siljakeranen.fi\/blogi\/wp-json\/wp\/v2\/categories?post=1028"},{"taxonomy":"post_tag","embeddable":true,"href":"https:\/\/siljakeranen.fi\/blogi\/wp-json\/wp\/v2\/tags?post=1028"}],"curies":[{"name":"wp","href":"https:\/\/api.w.org\/{rel}","templated":true}]}}