{"id":1098,"date":"2017-05-06T12:46:27","date_gmt":"2017-05-06T09:46:27","guid":{"rendered":"http:\/\/siljakeranen.fi\/blogi\/?p=1098"},"modified":"2019-01-11T21:46:23","modified_gmt":"2019-01-11T19:46:23","slug":"kainuu-vihertaa","status":"publish","type":"post","link":"https:\/\/siljakeranen.fi\/blogi\/kainuu-vihertaa\/","title":{"rendered":"Kainuu vihert\u00e4\u00e4"},"content":{"rendered":"<p>Kertoi Kuntalehti kannessaan. Ja n\u00e4inh\u00e4n se on!<\/p>\n<p>N\u00e4iss\u00e4 kuntavaaleissa 1878 kainuulaista \u00e4\u00e4nesti vihreit\u00e4. 2015 eduskuntavaaleissa me vihre\u00e4t saimme 1662 \u00e4\u00e4nt\u00e4; 2012 kuntavaaleissa 1013 \u00e4\u00e4nt\u00e4 ja 2011 eduskuntavaaleissa 825. Ihan kohtuullisen hyv\u00e4 trendi. Toisaalta, potentiaalia t\u00e4ss\u00e4kin maakunnassa viel\u00e4 on valtavasti: Pekka Haavisto sai presidentinvaalien 1. kierroksella 4547 kainuulaisen luottamuksen.<\/p>\n<p>Mutta onhan t\u00e4m\u00e4 kuntavaalitulos ihan mahtava. Oma henkil\u00f6kohtainen \u00e4\u00e4nim\u00e4\u00e4r\u00e4ni oli 546 \u2013eniten koko Kainuussa, ja viel\u00e4 selv\u00e4sti. Meid\u00e4n ihanan uuden vihre\u00e4n Anne Kemppaisen henkil\u00f6kohtainen \u00e4\u00e4nim\u00e4\u00e4r\u00e4 (312) peittosi monen konkaripoliitikonkin (mm. Kokoomuksen kansanedustaja Eero Suutarin) \u00e4\u00e4nim\u00e4\u00e4r\u00e4n. Kajaanissa meid\u00e4n valtuustopaikkojen m\u00e4\u00e4r\u00e4 kasvoi kahdesta viiteen.<br \/>\n<a href=\"http:\/\/siljakeranen.fi\/blogi\/wp-content\/uploads\/2017\/05\/Kuntalehti-kansi2.jpg\"><img loading=\"lazy\" decoding=\"async\" class=\"aligncenter size-medium wp-image-1099\" src=\"http:\/\/siljakeranen.fi\/blogi\/wp-content\/uploads\/2017\/05\/Kuntalehti-kansi2-224x300.jpg\" alt=\"\" width=\"224\" height=\"300\" srcset=\"https:\/\/siljakeranen.fi\/blogi\/wp-content\/uploads\/2017\/05\/Kuntalehti-kansi2-224x300.jpg 224w, https:\/\/siljakeranen.fi\/blogi\/wp-content\/uploads\/2017\/05\/Kuntalehti-kansi2-768x1028.jpg 768w, https:\/\/siljakeranen.fi\/blogi\/wp-content\/uploads\/2017\/05\/Kuntalehti-kansi2-765x1024.jpg 765w, https:\/\/siljakeranen.fi\/blogi\/wp-content\/uploads\/2017\/05\/Kuntalehti-kansi2.jpg 1659w\" sizes=\"auto, (max-width: 224px) 100vw, 224px\" \/><\/a><br \/>\nKoko Kainuussa mentiin my\u00f6s eteenp\u00e4in: Kuhmossa s\u00e4ilytettiin nykyiset asemat, eli kaksi valtuutettua (Marja Stiina Suihko ja P\u00e4ivi Haverinen). Paltamossa saatiin taas tauon j\u00e4lkeen vihre\u00e4 valtuutettu p\u00e4\u00e4tt\u00e4m\u00e4\u00e4n kunnan asioista (Mari Saarenp\u00e4\u00e4). Sotkamossa Teemu Korhonen sai enemm\u00e4n \u00e4\u00e4ni\u00e4 kuin kansanedustaja Timo Korhonen. Arpaonni ei kuitenkaan suosinut ja Teemu on meid\u00e4n ja KD:n vaaliliitto-listan 1. varaj\u00e4sen. Ristij\u00e4rvell\u00e4 maailmanhistorian ensimm\u00e4inen vihre\u00e4 ehdokas, Pertti Raninen, teki todella hyv\u00e4n vaality\u00f6n, mutta j\u00e4i kahden \u00e4\u00e4nen p\u00e4\u00e4h\u00e4n valtuustopaikasta erinomaisesta henkil\u00f6kohtaisesta \u00e4\u00e4nim\u00e4\u00e4r\u00e4st\u00e4 huolimatta. Yl\u00e4-Kainuun ehdokkaat ker\u00e4siv\u00e4t arvokkaita \u00e4\u00e4ni\u00e4 ja pitiv\u00e4t vihre\u00e4\u00e4 vaihtoehtoa esill\u00e4 Puolangalla ja Suomussalmella.<\/p>\n<p>Aivan ihan kirjoittaa t\u00e4llaisia uutisia. Ja on upea kertoa my\u00f6s siit\u00e4, ett\u00e4 kampanjaa Kainuussa tehtiin tosi hyv\u00e4ll\u00e4 hengell\u00e4. Meill\u00e4 oli niin oma-aloitteista ja aktiivista porukkaa tekem\u00e4ss\u00e4, ett\u00e4 se n\u00e4kyi varmasti tuloksessa. Kiitos teille huiput ehdokaskollegat!<\/p>\n<p>Samoin haluan kiitt\u00e4\u00e4 heit\u00e4 vihreit\u00e4, jotka ovat n\u00e4ill\u00e4 kulmilla toimineet pitk\u00e4\u00e4n. Kaksi nimelt\u00e4 mainiten \u2013 eli Sanni V\u00e4is\u00e4nen ja Kalle Kunnas \u2013 muita unohtamatta. He ovat vieneet vihreit\u00e4 asioita eteenp\u00e4in maastossa, joka ei ole ollut helppo. Ja he ovat saaneet niit\u00e4 asioita eteenp\u00e4in: mm. vastaanottokeskus Kajaanissa ja maakunnallinen ty\u00f6 ilmastonmuutoksen hillitsemiseksi. Ilman t\u00e4t\u00e4 pitk\u00e4j\u00e4nteist\u00e4 ja sitke\u00e4\u00e4 ty\u00f6t\u00e4 kuntavaalituloksemme ei olisi voinut olla t\u00e4llainen. Kiitos!<\/p>\n<p>T\u00e4st\u00e4 on hyv\u00e4 jatkaa vihreiden asioiden tekemist\u00e4: luonnosta ja ymp\u00e4rist\u00f6st\u00e4 huolehtimista sek\u00e4 kaikkien mukana pit\u00e4mist\u00e4. T\u00e4\u00e4ll\u00e4p\u00e4in Suomea toimiessa ymm\u00e4rt\u00e4\u00e4 sen yhdenkin ihmisen merkityksen: kun saat kunnassa jotain aikaiseksi, sit\u00e4 ei v\u00e4ltt\u00e4m\u00e4tt\u00e4 olisi tapahtunut muuten. Jos vihre\u00e4t eiv\u00e4t parikymment\u00e4 vuotta sitten Kajaanissa olisi olleet aloitteellisia vastaanottokeskuksen perustamisessa, olisiko meill\u00e4 sit\u00e4 viel\u00e4k\u00e4\u00e4n. Ei v\u00e4ltt\u00e4m\u00e4tt\u00e4.<\/p>\n<p>Muutetaan siis mailmaa paremmaksi. Pieni pala kerrallaan.<\/p>\n<p><strong>Silja Ker\u00e4nen<br \/>\nKajaanin kaupunginvaltuutettu<br \/>\nKainuun vihreiden varapuheenjohtaja<\/strong><br \/>\n&#8212;&#8212;-<br \/>\nT\u00e4m\u00e4 kirjoitus julkaistiin Oulun vaalipiirin vihreiden Vihre\u00e4ss\u00e4 kirjeess\u00e4 5.5.2017.<\/p>\n<div style=\"padding-bottom:20px; padding-top:10px;\" class=\"hupso-share-buttons\"><!-- Hupso Share Buttons - https:\/\/www.hupso.com\/share\/ --><a class=\"hupso_counters\" href=\"https:\/\/www.hupso.com\/share\/\"><img decoding=\"async\" src=\"https:\/\/static.hupso.com\/share\/buttons\/share-small.png\" style=\"border:0px; padding-top:2px; float:left;\" alt=\"Share Button\"\/><\/a><script type=\"text\/javascript\">var hupso_services_c=new Array(\"twitter\",\"facebook_like\",\"facebook_send\",\"google\");var hupso_counters_lang = \"en_US\";var hupso_image_folder_url = \"\";var hupso_url_c=\"\";var hupso_title_c=\"Kainuu%20vihert%C3%A4%C3%A4\";<\/script><script type=\"text\/javascript\" src=\"https:\/\/static.hupso.com\/share\/js\/counters.js\"><\/script><!-- Hupso Share Buttons --><\/div>","protected":false},"excerpt":{"rendered":"<p>Kertoi Kuntalehti kannessaan. Ja n\u00e4inh\u00e4n se on! N\u00e4iss\u00e4 kuntavaaleissa 1878 kainuulaista \u00e4\u00e4nesti vihreit\u00e4. 2015 eduskuntavaaleissa me vihre\u00e4t saimme 1662 \u00e4\u00e4nt\u00e4; 2012 kuntavaaleissa 1013 \u00e4\u00e4nt\u00e4 ja 2011 eduskuntavaaleissa 825. Ihan kohtuullisen hyv\u00e4 trendi. Toisaalta, potentiaalia t\u00e4ss\u00e4kin maakunnassa viel\u00e4 on valtavasti: Pekka Haavisto sai presidentinvaalien 1. kierroksella 4547 kainuulaisen luottamuksen. Mutta onhan t\u00e4m\u00e4 kuntavaalitulos ihan mahtava. Oma [&hellip;]<\/p>\n<div style=\"padding-bottom:20px; padding-top:10px;\" class=\"hupso-share-buttons\"><!-- Hupso Share Buttons - https:\/\/www.hupso.com\/share\/ --><a class=\"hupso_counters\" href=\"https:\/\/www.hupso.com\/share\/\"><img src=\"https:\/\/static.hupso.com\/share\/buttons\/share-small.png\" style=\"border:0px; padding-top:2px; float:left;\" alt=\"Share Button\"\/><\/a><script type=\"text\/javascript\">var hupso_services_c=new Array(\"twitter\",\"facebook_like\",\"facebook_send\",\"google\");var hupso_counters_lang = \"en_US\";var hupso_image_folder_url = \"\";var hupso_url_c=\"\";var hupso_title_c=\"Kainuu%20vihert%C3%A4%C3%A4\";<\/script><script type=\"text\/javascript\" src=\"https:\/\/static.hupso.com\/share\/js\/counters.js\"><\/script><!-- Hupso Share Buttons --><\/div>","protected":false},"author":1,"featured_media":0,"comment_status":"open","ping_status":"closed","sticky":false,"template":"","format":"standard","meta":{"ngg_post_thumbnail":0,"footnotes":""},"categories":[13,7,8,4,6,10],"tags":[],"class_list":["post-1098","post","type-post","status-publish","format-standard","hentry","category-eduskuntavaalit","category-kainuu","category-kajaani","category-vaalit","category-politiikka","category-vihreat"],"yoast_head":"<!-- This site is optimized with the Yoast SEO plugin v27.3 - https:\/\/yoast.com\/product\/yoast-seo-wordpress\/ -->\n<title>Kainuu vihert\u00e4\u00e4 - Silja Ker\u00e4nen<\/title>\n<meta name=\"robots\" content=\"index, follow, max-snippet:-1, max-image-preview:large, max-video-preview:-1\" \/>\n<link rel=\"canonical\" href=\"https:\/\/siljakeranen.fi\/blogi\/kainuu-vihertaa\/\" \/>\n<meta property=\"og:locale\" content=\"fi_FI\" \/>\n<meta property=\"og:type\" content=\"article\" \/>\n<meta property=\"og:title\" content=\"Kainuu vihert\u00e4\u00e4 - Silja Ker\u00e4nen\" \/>\n<meta property=\"og:description\" content=\"Kertoi Kuntalehti kannessaan. Ja n\u00e4inh\u00e4n se on! N\u00e4iss\u00e4 kuntavaaleissa 1878 kainuulaista \u00e4\u00e4nesti vihreit\u00e4. 2015 eduskuntavaaleissa me vihre\u00e4t saimme 1662 \u00e4\u00e4nt\u00e4; 2012 kuntavaaleissa 1013 \u00e4\u00e4nt\u00e4 ja 2011 eduskuntavaaleissa 825. Ihan kohtuullisen hyv\u00e4 trendi. Toisaalta, potentiaalia t\u00e4ss\u00e4kin maakunnassa viel\u00e4 on valtavasti: Pekka Haavisto sai presidentinvaalien 1. kierroksella 4547 kainuulaisen luottamuksen. Mutta onhan t\u00e4m\u00e4 kuntavaalitulos ihan mahtava. Oma [&hellip;]\" \/>\n<meta property=\"og:url\" content=\"https:\/\/siljakeranen.fi\/blogi\/kainuu-vihertaa\/\" \/>\n<meta property=\"og:site_name\" content=\"Silja Ker\u00e4nen\" \/>\n<meta property=\"article:publisher\" content=\"https:\/\/www.facebook.com\/siljamkeranen\" \/>\n<meta property=\"article:author\" content=\"https:\/\/www.facebook.com\/siljamkeranen\" \/>\n<meta property=\"article:published_time\" content=\"2017-05-06T09:46:27+00:00\" \/>\n<meta property=\"article:modified_time\" content=\"2019-01-11T19:46:23+00:00\" \/>\n<meta property=\"og:image\" content=\"http:\/\/siljakeranen.fi\/blogi\/wp-content\/uploads\/2017\/05\/Kuntalehti-kansi2-224x300.jpg\" \/>\n<meta name=\"author\" content=\"Silja\" \/>\n<meta name=\"twitter:card\" content=\"summary_large_image\" \/>\n<meta name=\"twitter:creator\" content=\"@https:\/\/twitter.com\/SiljaMP\" \/>\n<meta name=\"twitter:site\" content=\"@SiljaMP\" \/>\n<meta name=\"twitter:label1\" content=\"Kirjoittanut\" \/>\n\t<meta name=\"twitter:data1\" content=\"Silja\" \/>\n\t<meta name=\"twitter:label2\" content=\"Arvioitu lukuaika\" \/>\n\t<meta name=\"twitter:data2\" content=\"2 minuuttia\" \/>\n<script type=\"application\/ld+json\" class=\"yoast-schema-graph\">{\"@context\":\"https:\\\/\\\/schema.org\",\"@graph\":[{\"@type\":\"Article\",\"@id\":\"https:\\\/\\\/siljakeranen.fi\\\/blogi\\\/kainuu-vihertaa\\\/#article\",\"isPartOf\":{\"@id\":\"https:\\\/\\\/siljakeranen.fi\\\/blogi\\\/kainuu-vihertaa\\\/\"},\"author\":{\"name\":\"Silja\",\"@id\":\"https:\\\/\\\/siljakeranen.fi\\\/blogi\\\/#\\\/schema\\\/person\\\/d43605ef0d5681c1b27a4ba1fede1cf4\"},\"headline\":\"Kainuu vihert\u00e4\u00e4\",\"datePublished\":\"2017-05-06T09:46:27+00:00\",\"dateModified\":\"2019-01-11T19:46:23+00:00\",\"mainEntityOfPage\":{\"@id\":\"https:\\\/\\\/siljakeranen.fi\\\/blogi\\\/kainuu-vihertaa\\\/\"},\"wordCount\":421,\"commentCount\":0,\"publisher\":{\"@id\":\"https:\\\/\\\/siljakeranen.fi\\\/blogi\\\/#\\\/schema\\\/person\\\/d43605ef0d5681c1b27a4ba1fede1cf4\"},\"image\":{\"@id\":\"https:\\\/\\\/siljakeranen.fi\\\/blogi\\\/kainuu-vihertaa\\\/#primaryimage\"},\"thumbnailUrl\":\"http:\\\/\\\/siljakeranen.fi\\\/blogi\\\/wp-content\\\/uploads\\\/2017\\\/05\\\/Kuntalehti-kansi2-224x300.jpg\",\"articleSection\":[\"Eduskuntavaalit\",\"Kainuu\",\"Kajaani\",\"Kuntavaalit\",\"Politiikka\",\"Vihre\u00e4t\"],\"inLanguage\":\"fi\",\"potentialAction\":[{\"@type\":\"CommentAction\",\"name\":\"Comment\",\"target\":[\"https:\\\/\\\/siljakeranen.fi\\\/blogi\\\/kainuu-vihertaa\\\/#respond\"]}]},{\"@type\":\"WebPage\",\"@id\":\"https:\\\/\\\/siljakeranen.fi\\\/blogi\\\/kainuu-vihertaa\\\/\",\"url\":\"https:\\\/\\\/siljakeranen.fi\\\/blogi\\\/kainuu-vihertaa\\\/\",\"name\":\"Kainuu vihert\u00e4\u00e4 - Silja Ker\u00e4nen\",\"isPartOf\":{\"@id\":\"https:\\\/\\\/siljakeranen.fi\\\/blogi\\\/#website\"},\"primaryImageOfPage\":{\"@id\":\"https:\\\/\\\/siljakeranen.fi\\\/blogi\\\/kainuu-vihertaa\\\/#primaryimage\"},\"image\":{\"@id\":\"https:\\\/\\\/siljakeranen.fi\\\/blogi\\\/kainuu-vihertaa\\\/#primaryimage\"},\"thumbnailUrl\":\"http:\\\/\\\/siljakeranen.fi\\\/blogi\\\/wp-content\\\/uploads\\\/2017\\\/05\\\/Kuntalehti-kansi2-224x300.jpg\",\"datePublished\":\"2017-05-06T09:46:27+00:00\",\"dateModified\":\"2019-01-11T19:46:23+00:00\",\"breadcrumb\":{\"@id\":\"https:\\\/\\\/siljakeranen.fi\\\/blogi\\\/kainuu-vihertaa\\\/#breadcrumb\"},\"inLanguage\":\"fi\",\"potentialAction\":[{\"@type\":\"ReadAction\",\"target\":[\"https:\\\/\\\/siljakeranen.fi\\\/blogi\\\/kainuu-vihertaa\\\/\"]}]},{\"@type\":\"ImageObject\",\"inLanguage\":\"fi\",\"@id\":\"https:\\\/\\\/siljakeranen.fi\\\/blogi\\\/kainuu-vihertaa\\\/#primaryimage\",\"url\":\"http:\\\/\\\/siljakeranen.fi\\\/blogi\\\/wp-content\\\/uploads\\\/2017\\\/05\\\/Kuntalehti-kansi2-224x300.jpg\",\"contentUrl\":\"http:\\\/\\\/siljakeranen.fi\\\/blogi\\\/wp-content\\\/uploads\\\/2017\\\/05\\\/Kuntalehti-kansi2-224x300.jpg\"},{\"@type\":\"BreadcrumbList\",\"@id\":\"https:\\\/\\\/siljakeranen.fi\\\/blogi\\\/kainuu-vihertaa\\\/#breadcrumb\",\"itemListElement\":[{\"@type\":\"ListItem\",\"position\":1,\"name\":\"Etusivu\",\"item\":\"https:\\\/\\\/siljakeranen.fi\\\/blogi\\\/\"},{\"@type\":\"ListItem\",\"position\":2,\"name\":\"Kainuu vihert\u00e4\u00e4\"}]},{\"@type\":\"WebSite\",\"@id\":\"https:\\\/\\\/siljakeranen.fi\\\/blogi\\\/#website\",\"url\":\"https:\\\/\\\/siljakeranen.fi\\\/blogi\\\/\",\"name\":\"Silja Ker\u00e4nen\",\"description\":\"Silja Ker\u00e4nen, kainuulainen vihre\u00e4 poliitikko\",\"publisher\":{\"@id\":\"https:\\\/\\\/siljakeranen.fi\\\/blogi\\\/#\\\/schema\\\/person\\\/d43605ef0d5681c1b27a4ba1fede1cf4\"},\"potentialAction\":[{\"@type\":\"SearchAction\",\"target\":{\"@type\":\"EntryPoint\",\"urlTemplate\":\"https:\\\/\\\/siljakeranen.fi\\\/blogi\\\/?s={search_term_string}\"},\"query-input\":{\"@type\":\"PropertyValueSpecification\",\"valueRequired\":true,\"valueName\":\"search_term_string\"}}],\"inLanguage\":\"fi\"},{\"@type\":[\"Person\",\"Organization\"],\"@id\":\"https:\\\/\\\/siljakeranen.fi\\\/blogi\\\/#\\\/schema\\\/person\\\/d43605ef0d5681c1b27a4ba1fede1cf4\",\"name\":\"Silja\",\"image\":{\"@type\":\"ImageObject\",\"inLanguage\":\"fi\",\"@id\":\"https:\\\/\\\/siljakeranen.fi\\\/blogi\\\/wp-content\\\/uploads\\\/2023\\\/01\\\/cropped-silja_250x100.png\",\"url\":\"https:\\\/\\\/siljakeranen.fi\\\/blogi\\\/wp-content\\\/uploads\\\/2023\\\/01\\\/cropped-silja_250x100.png\",\"contentUrl\":\"https:\\\/\\\/siljakeranen.fi\\\/blogi\\\/wp-content\\\/uploads\\\/2023\\\/01\\\/cropped-silja_250x100.png\",\"width\":250,\"height\":100,\"caption\":\"Silja\"},\"logo\":{\"@id\":\"https:\\\/\\\/siljakeranen.fi\\\/blogi\\\/wp-content\\\/uploads\\\/2023\\\/01\\\/cropped-silja_250x100.png\"},\"sameAs\":[\"http:\\\/\\\/www.siljakeranen.fi\",\"https:\\\/\\\/www.facebook.com\\\/siljamkeranen\",\"https:\\\/\\\/www.instagram.com\\\/siljakeranen\\\/\",\"https:\\\/\\\/www.linkedin.com\\\/in\\\/silja-kernen-4331b548\\\/\",\"https:\\\/\\\/x.com\\\/https:\\\/\\\/twitter.com\\\/SiljaMP\",\"https:\\\/\\\/www.youtube.com\\\/channel\\\/UC0MWeuoWP4-Mjs1z8pIv3GQ\",\"https:\\\/\\\/fi.wikipedia.org\\\/wiki\\\/Silja_Kernen\"],\"url\":\"https:\\\/\\\/siljakeranen.fi\\\/blogi\\\/author\\\/admin\\\/\"}]}<\/script>\n<!-- \/ Yoast SEO plugin. -->","yoast_head_json":{"title":"Kainuu vihert\u00e4\u00e4 - Silja Ker\u00e4nen","robots":{"index":"index","follow":"follow","max-snippet":"max-snippet:-1","max-image-preview":"max-image-preview:large","max-video-preview":"max-video-preview:-1"},"canonical":"https:\/\/siljakeranen.fi\/blogi\/kainuu-vihertaa\/","og_locale":"fi_FI","og_type":"article","og_title":"Kainuu vihert\u00e4\u00e4 - Silja Ker\u00e4nen","og_description":"Kertoi Kuntalehti kannessaan. Ja n\u00e4inh\u00e4n se on! N\u00e4iss\u00e4 kuntavaaleissa 1878 kainuulaista \u00e4\u00e4nesti vihreit\u00e4. 2015 eduskuntavaaleissa me vihre\u00e4t saimme 1662 \u00e4\u00e4nt\u00e4; 2012 kuntavaaleissa 1013 \u00e4\u00e4nt\u00e4 ja 2011 eduskuntavaaleissa 825. Ihan kohtuullisen hyv\u00e4 trendi. Toisaalta, potentiaalia t\u00e4ss\u00e4kin maakunnassa viel\u00e4 on valtavasti: Pekka Haavisto sai presidentinvaalien 1. kierroksella 4547 kainuulaisen luottamuksen. Mutta onhan t\u00e4m\u00e4 kuntavaalitulos ihan mahtava. Oma [&hellip;]","og_url":"https:\/\/siljakeranen.fi\/blogi\/kainuu-vihertaa\/","og_site_name":"Silja Ker\u00e4nen","article_publisher":"https:\/\/www.facebook.com\/siljamkeranen","article_author":"https:\/\/www.facebook.com\/siljamkeranen","article_published_time":"2017-05-06T09:46:27+00:00","article_modified_time":"2019-01-11T19:46:23+00:00","og_image":[{"url":"http:\/\/siljakeranen.fi\/blogi\/wp-content\/uploads\/2017\/05\/Kuntalehti-kansi2-224x300.jpg","type":"","width":"","height":""}],"author":"Silja","twitter_card":"summary_large_image","twitter_creator":"@https:\/\/twitter.com\/SiljaMP","twitter_site":"@SiljaMP","twitter_misc":{"Kirjoittanut":"Silja","Arvioitu lukuaika":"2 minuuttia"},"schema":{"@context":"https:\/\/schema.org","@graph":[{"@type":"Article","@id":"https:\/\/siljakeranen.fi\/blogi\/kainuu-vihertaa\/#article","isPartOf":{"@id":"https:\/\/siljakeranen.fi\/blogi\/kainuu-vihertaa\/"},"author":{"name":"Silja","@id":"https:\/\/siljakeranen.fi\/blogi\/#\/schema\/person\/d43605ef0d5681c1b27a4ba1fede1cf4"},"headline":"Kainuu vihert\u00e4\u00e4","datePublished":"2017-05-06T09:46:27+00:00","dateModified":"2019-01-11T19:46:23+00:00","mainEntityOfPage":{"@id":"https:\/\/siljakeranen.fi\/blogi\/kainuu-vihertaa\/"},"wordCount":421,"commentCount":0,"publisher":{"@id":"https:\/\/siljakeranen.fi\/blogi\/#\/schema\/person\/d43605ef0d5681c1b27a4ba1fede1cf4"},"image":{"@id":"https:\/\/siljakeranen.fi\/blogi\/kainuu-vihertaa\/#primaryimage"},"thumbnailUrl":"http:\/\/siljakeranen.fi\/blogi\/wp-content\/uploads\/2017\/05\/Kuntalehti-kansi2-224x300.jpg","articleSection":["Eduskuntavaalit","Kainuu","Kajaani","Kuntavaalit","Politiikka","Vihre\u00e4t"],"inLanguage":"fi","potentialAction":[{"@type":"CommentAction","name":"Comment","target":["https:\/\/siljakeranen.fi\/blogi\/kainuu-vihertaa\/#respond"]}]},{"@type":"WebPage","@id":"https:\/\/siljakeranen.fi\/blogi\/kainuu-vihertaa\/","url":"https:\/\/siljakeranen.fi\/blogi\/kainuu-vihertaa\/","name":"Kainuu vihert\u00e4\u00e4 - Silja Ker\u00e4nen","isPartOf":{"@id":"https:\/\/siljakeranen.fi\/blogi\/#website"},"primaryImageOfPage":{"@id":"https:\/\/siljakeranen.fi\/blogi\/kainuu-vihertaa\/#primaryimage"},"image":{"@id":"https:\/\/siljakeranen.fi\/blogi\/kainuu-vihertaa\/#primaryimage"},"thumbnailUrl":"http:\/\/siljakeranen.fi\/blogi\/wp-content\/uploads\/2017\/05\/Kuntalehti-kansi2-224x300.jpg","datePublished":"2017-05-06T09:46:27+00:00","dateModified":"2019-01-11T19:46:23+00:00","breadcrumb":{"@id":"https:\/\/siljakeranen.fi\/blogi\/kainuu-vihertaa\/#breadcrumb"},"inLanguage":"fi","potentialAction":[{"@type":"ReadAction","target":["https:\/\/siljakeranen.fi\/blogi\/kainuu-vihertaa\/"]}]},{"@type":"ImageObject","inLanguage":"fi","@id":"https:\/\/siljakeranen.fi\/blogi\/kainuu-vihertaa\/#primaryimage","url":"http:\/\/siljakeranen.fi\/blogi\/wp-content\/uploads\/2017\/05\/Kuntalehti-kansi2-224x300.jpg","contentUrl":"http:\/\/siljakeranen.fi\/blogi\/wp-content\/uploads\/2017\/05\/Kuntalehti-kansi2-224x300.jpg"},{"@type":"BreadcrumbList","@id":"https:\/\/siljakeranen.fi\/blogi\/kainuu-vihertaa\/#breadcrumb","itemListElement":[{"@type":"ListItem","position":1,"name":"Etusivu","item":"https:\/\/siljakeranen.fi\/blogi\/"},{"@type":"ListItem","position":2,"name":"Kainuu vihert\u00e4\u00e4"}]},{"@type":"WebSite","@id":"https:\/\/siljakeranen.fi\/blogi\/#website","url":"https:\/\/siljakeranen.fi\/blogi\/","name":"Silja Ker\u00e4nen","description":"Silja Ker\u00e4nen, kainuulainen vihre\u00e4 poliitikko","publisher":{"@id":"https:\/\/siljakeranen.fi\/blogi\/#\/schema\/person\/d43605ef0d5681c1b27a4ba1fede1cf4"},"potentialAction":[{"@type":"SearchAction","target":{"@type":"EntryPoint","urlTemplate":"https:\/\/siljakeranen.fi\/blogi\/?s={search_term_string}"},"query-input":{"@type":"PropertyValueSpecification","valueRequired":true,"valueName":"search_term_string"}}],"inLanguage":"fi"},{"@type":["Person","Organization"],"@id":"https:\/\/siljakeranen.fi\/blogi\/#\/schema\/person\/d43605ef0d5681c1b27a4ba1fede1cf4","name":"Silja","image":{"@type":"ImageObject","inLanguage":"fi","@id":"https:\/\/siljakeranen.fi\/blogi\/wp-content\/uploads\/2023\/01\/cropped-silja_250x100.png","url":"https:\/\/siljakeranen.fi\/blogi\/wp-content\/uploads\/2023\/01\/cropped-silja_250x100.png","contentUrl":"https:\/\/siljakeranen.fi\/blogi\/wp-content\/uploads\/2023\/01\/cropped-silja_250x100.png","width":250,"height":100,"caption":"Silja"},"logo":{"@id":"https:\/\/siljakeranen.fi\/blogi\/wp-content\/uploads\/2023\/01\/cropped-silja_250x100.png"},"sameAs":["http:\/\/www.siljakeranen.fi","https:\/\/www.facebook.com\/siljamkeranen","https:\/\/www.instagram.com\/siljakeranen\/","https:\/\/www.linkedin.com\/in\/silja-kernen-4331b548\/","https:\/\/x.com\/https:\/\/twitter.com\/SiljaMP","https:\/\/www.youtube.com\/channel\/UC0MWeuoWP4-Mjs1z8pIv3GQ","https:\/\/fi.wikipedia.org\/wiki\/Silja_Kernen"],"url":"https:\/\/siljakeranen.fi\/blogi\/author\/admin\/"}]}},"_links":{"self":[{"href":"https:\/\/siljakeranen.fi\/blogi\/wp-json\/wp\/v2\/posts\/1098","targetHints":{"allow":["GET"]}}],"collection":[{"href":"https:\/\/siljakeranen.fi\/blogi\/wp-json\/wp\/v2\/posts"}],"about":[{"href":"https:\/\/siljakeranen.fi\/blogi\/wp-json\/wp\/v2\/types\/post"}],"author":[{"embeddable":true,"href":"https:\/\/siljakeranen.fi\/blogi\/wp-json\/wp\/v2\/users\/1"}],"replies":[{"embeddable":true,"href":"https:\/\/siljakeranen.fi\/blogi\/wp-json\/wp\/v2\/comments?post=1098"}],"version-history":[{"count":1,"href":"https:\/\/siljakeranen.fi\/blogi\/wp-json\/wp\/v2\/posts\/1098\/revisions"}],"predecessor-version":[{"id":1100,"href":"https:\/\/siljakeranen.fi\/blogi\/wp-json\/wp\/v2\/posts\/1098\/revisions\/1100"}],"wp:attachment":[{"href":"https:\/\/siljakeranen.fi\/blogi\/wp-json\/wp\/v2\/media?parent=1098"}],"wp:term":[{"taxonomy":"category","embeddable":true,"href":"https:\/\/siljakeranen.fi\/blogi\/wp-json\/wp\/v2\/categories?post=1098"},{"taxonomy":"post_tag","embeddable":true,"href":"https:\/\/siljakeranen.fi\/blogi\/wp-json\/wp\/v2\/tags?post=1098"}],"curies":[{"name":"wp","href":"https:\/\/api.w.org\/{rel}","templated":true}]}}