{"id":1166,"date":"2017-11-06T19:39:17","date_gmt":"2017-11-06T17:39:17","guid":{"rendered":"http:\/\/siljakeranen.fi\/blogi\/?p=1166"},"modified":"2019-01-11T21:59:03","modified_gmt":"2019-01-11T19:59:03","slug":"valtuustoaloite-puita-ja-puistoja","status":"publish","type":"post","link":"https:\/\/siljakeranen.fi\/blogi\/valtuustoaloite-puita-ja-puistoja\/","title":{"rendered":"Valtuustoaloite: Puita ja puistoja"},"content":{"rendered":"<p>Puita ja puistoja<\/p>\n<p>&#8221;Paras aika istuttaa puu oli kaksikymment\u00e4 vuotta sitten. Toiseksi paras aika on nyt.&#8221; \u2013Kiinalainen sananlasku.<\/p>\n<p>Kajaanin keskustan alueella on kaupungilla hallussaan paljon tilaa, johon voisi ja johon kannattaisi istuttaa puita. Puut sitovat ilmakeh\u00e4st\u00e4 hiilidioksidia, tuottavat happea, ja sen lis\u00e4ksi ne tekev\u00e4t kaupungista kauniimman. Esimerkiksi auto- ja py\u00f6r\u00e4teiden v\u00e4liin j\u00e4\u00e4v\u00e4\u00e4n viherkaistaleeseen kannattaa istuttaa puita. Ne varjostavat sopivasti py\u00f6r\u00e4tiet\u00e4 ja tekev\u00e4t kulkemisesta miellytt\u00e4v\u00e4mp\u00e4\u00e4.<\/p>\n<p>Lasten leikkipuistoja on ilahduttavasti kunnostettu viime vuosina. Kajaanilaisten lasten kelpaakin niiss\u00e4 leikki\u00e4. Mutta kaksi t\u00e4rke\u00e4\u00e4 parannusta tulee tehd\u00e4. Ensinn\u00e4kin leikkipuistoja ei yll\u00e4pidet\u00e4 talvisin, vaikka innokkaita leikkij\u00f6it\u00e4 niiss\u00e4 k\u00e4ykin. Talvikausi saattaa kest\u00e4\u00e4 jopa puoli vuotta, jolloin lapsille on muutenkin v\u00e4hemm\u00e4n ulkopuuhaa. Leikkipuistot tulee siis saada talvikunnossapidon piiriin. Toinen parannus koskee kes\u00e4aikaa, aurinkoisia kelej\u00e4. Esimerkiksi Rantapuiston leikkipaikalla ei ole mit\u00e4\u00e4n varjoa \u2013 aurinko porottaa koko p\u00e4iv\u00e4n leikkipaikalle. Erityisesti lapsille on haitallista altistua suoralle auringonpaisteelle, ja leikki-ik\u00e4isten t\u00e4ydellinen suojaaminen vaattein &amp; aurinkorasvoin on k\u00e4yt\u00e4nn\u00f6ss\u00e4 mahdotonta. T\u00e4st\u00e4 syyst\u00e4 leikkipuistoihin ja p\u00e4iv\u00e4kotien pihoille tulee asentaa katoksia tai istuttaa puita leikkipaikkoja varjostamaan.<\/p>\n<p>Niinp\u00e4 esit\u00e4mmekin, ett\u00e4:<\/p>\n<ol>\n<li>Kaupunki istuttaa lis\u00e4\u00e4 puita keskustan alueelle.<\/li>\n<li>Kaupunki yll\u00e4pit\u00e4\u00e4 leikkipuistoja my\u00f6s talvisin.<\/li>\n<li>Kaupunki huolehtii, ett\u00e4 leikkipuistoissa ja p\u00e4iv\u00e4kotien pihoilla on varjostavia elementtej\u00e4 (puita tai katoksia), etteiv\u00e4t lapset altistu suoralle auringonpaisteelle.<\/li>\n<\/ol>\n<p><a href=\"http:\/\/siljakeranen.fi\/blogi\/wp-content\/uploads\/2017\/11\/Valtuustoaloite-puita-ja-puistoja-06112017.jpg\"><img loading=\"lazy\" decoding=\"async\" class=\"aligncenter wp-image-1167 size-large\" src=\"http:\/\/siljakeranen.fi\/blogi\/wp-content\/uploads\/2017\/11\/Valtuustoaloite-puita-ja-puistoja-06112017-e1509989897567-768x1024.jpg\" alt=\"\" width=\"768\" height=\"1024\" srcset=\"https:\/\/siljakeranen.fi\/blogi\/wp-content\/uploads\/2017\/11\/Valtuustoaloite-puita-ja-puistoja-06112017-e1509989897567-768x1024.jpg 768w, https:\/\/siljakeranen.fi\/blogi\/wp-content\/uploads\/2017\/11\/Valtuustoaloite-puita-ja-puistoja-06112017-e1509989897567-225x300.jpg 225w, https:\/\/siljakeranen.fi\/blogi\/wp-content\/uploads\/2017\/11\/Valtuustoaloite-puita-ja-puistoja-06112017-e1509989897567.jpg 1224w\" sizes=\"auto, (max-width: 768px) 100vw, 768px\" \/><\/a><\/p>\n<div style=\"padding-bottom:20px; padding-top:10px;\" class=\"hupso-share-buttons\"><!-- Hupso Share Buttons - https:\/\/www.hupso.com\/share\/ --><a class=\"hupso_counters\" href=\"https:\/\/www.hupso.com\/share\/\"><img decoding=\"async\" src=\"https:\/\/static.hupso.com\/share\/buttons\/share-small.png\" style=\"border:0px; padding-top:2px; float:left;\" alt=\"Share Button\"\/><\/a><script type=\"text\/javascript\">var hupso_services_c=new Array(\"twitter\",\"facebook_like\",\"facebook_send\",\"google\");var hupso_counters_lang = \"en_US\";var hupso_image_folder_url = \"\";var hupso_url_c=\"\";var hupso_title_c=\"Valtuustoaloite%3A%20Puita%20ja%20puistoja\";<\/script><script type=\"text\/javascript\" src=\"https:\/\/static.hupso.com\/share\/js\/counters.js\"><\/script><!-- Hupso Share Buttons --><\/div>","protected":false},"excerpt":{"rendered":"<p>Puita ja puistoja &#8221;Paras aika istuttaa puu oli kaksikymment\u00e4 vuotta sitten. Toiseksi paras aika on nyt.&#8221; \u2013Kiinalainen sananlasku. Kajaanin keskustan alueella on kaupungilla hallussaan paljon tilaa, johon voisi ja johon kannattaisi istuttaa puita. Puut sitovat ilmakeh\u00e4st\u00e4 hiilidioksidia, tuottavat happea, ja sen lis\u00e4ksi ne tekev\u00e4t kaupungista kauniimman. Esimerkiksi auto- ja py\u00f6r\u00e4teiden v\u00e4liin j\u00e4\u00e4v\u00e4\u00e4n viherkaistaleeseen kannattaa istuttaa [&hellip;]<\/p>\n<div style=\"padding-bottom:20px; padding-top:10px;\" class=\"hupso-share-buttons\"><!-- Hupso Share Buttons - https:\/\/www.hupso.com\/share\/ --><a class=\"hupso_counters\" href=\"https:\/\/www.hupso.com\/share\/\"><img src=\"https:\/\/static.hupso.com\/share\/buttons\/share-small.png\" style=\"border:0px; padding-top:2px; float:left;\" alt=\"Share Button\"\/><\/a><script type=\"text\/javascript\">var hupso_services_c=new Array(\"twitter\",\"facebook_like\",\"facebook_send\",\"google\");var hupso_counters_lang = \"en_US\";var hupso_image_folder_url = \"\";var hupso_url_c=\"\";var hupso_title_c=\"Valtuustoaloite%3A%20Puita%20ja%20puistoja\";<\/script><script type=\"text\/javascript\" src=\"https:\/\/static.hupso.com\/share\/js\/counters.js\"><\/script><!-- Hupso Share Buttons --><\/div>","protected":false},"author":1,"featured_media":0,"comment_status":"open","ping_status":"closed","sticky":false,"template":"","format":"standard","meta":{"ngg_post_thumbnail":0,"footnotes":""},"categories":[27,8,33,20,21,10,5],"tags":[],"class_list":["post-1166","post","type-post","status-publish","format-standard","hentry","category-ilmastonmuutos","category-kajaani","category-lapset-nuoret","category-metsa","category-valtuustoaloite","category-vihreat","category-ymparisto"],"yoast_head":"<!-- This site is optimized with the Yoast SEO plugin v27.3 - https:\/\/yoast.com\/product\/yoast-seo-wordpress\/ -->\n<title>Valtuustoaloite: Puita ja puistoja - Silja Ker\u00e4nen<\/title>\n<meta name=\"robots\" content=\"index, follow, max-snippet:-1, max-image-preview:large, max-video-preview:-1\" \/>\n<link rel=\"canonical\" href=\"https:\/\/siljakeranen.fi\/blogi\/valtuustoaloite-puita-ja-puistoja\/\" \/>\n<meta property=\"og:locale\" content=\"fi_FI\" \/>\n<meta property=\"og:type\" content=\"article\" \/>\n<meta property=\"og:title\" content=\"Valtuustoaloite: Puita ja puistoja - Silja Ker\u00e4nen\" \/>\n<meta property=\"og:description\" content=\"Puita ja puistoja &#8221;Paras aika istuttaa puu oli kaksikymment\u00e4 vuotta sitten. Toiseksi paras aika on nyt.&#8221; \u2013Kiinalainen sananlasku. Kajaanin keskustan alueella on kaupungilla hallussaan paljon tilaa, johon voisi ja johon kannattaisi istuttaa puita. Puut sitovat ilmakeh\u00e4st\u00e4 hiilidioksidia, tuottavat happea, ja sen lis\u00e4ksi ne tekev\u00e4t kaupungista kauniimman. Esimerkiksi auto- ja py\u00f6r\u00e4teiden v\u00e4liin j\u00e4\u00e4v\u00e4\u00e4n viherkaistaleeseen kannattaa istuttaa [&hellip;]\" \/>\n<meta property=\"og:url\" content=\"https:\/\/siljakeranen.fi\/blogi\/valtuustoaloite-puita-ja-puistoja\/\" \/>\n<meta property=\"og:site_name\" content=\"Silja Ker\u00e4nen\" \/>\n<meta property=\"article:publisher\" content=\"https:\/\/www.facebook.com\/siljamkeranen\" \/>\n<meta property=\"article:author\" content=\"https:\/\/www.facebook.com\/siljamkeranen\" \/>\n<meta property=\"article:published_time\" content=\"2017-11-06T17:39:17+00:00\" \/>\n<meta property=\"article:modified_time\" content=\"2019-01-11T19:59:03+00:00\" \/>\n<meta property=\"og:image\" content=\"http:\/\/siljakeranen.fi\/blogi\/wp-content\/uploads\/2017\/11\/Valtuustoaloite-puita-ja-puistoja-06112017-e1509989897567-768x1024.jpg\" \/>\n<meta name=\"author\" content=\"Silja\" \/>\n<meta name=\"twitter:card\" content=\"summary_large_image\" \/>\n<meta name=\"twitter:creator\" content=\"@https:\/\/twitter.com\/SiljaMP\" \/>\n<meta name=\"twitter:site\" content=\"@SiljaMP\" \/>\n<meta name=\"twitter:label1\" content=\"Kirjoittanut\" \/>\n\t<meta name=\"twitter:data1\" content=\"Silja\" \/>\n\t<meta name=\"twitter:label2\" content=\"Arvioitu lukuaika\" \/>\n\t<meta name=\"twitter:data2\" content=\"1 minuutti\" \/>\n<script type=\"application\/ld+json\" class=\"yoast-schema-graph\">{\"@context\":\"https:\\\/\\\/schema.org\",\"@graph\":[{\"@type\":\"Article\",\"@id\":\"https:\\\/\\\/siljakeranen.fi\\\/blogi\\\/valtuustoaloite-puita-ja-puistoja\\\/#article\",\"isPartOf\":{\"@id\":\"https:\\\/\\\/siljakeranen.fi\\\/blogi\\\/valtuustoaloite-puita-ja-puistoja\\\/\"},\"author\":{\"name\":\"Silja\",\"@id\":\"https:\\\/\\\/siljakeranen.fi\\\/blogi\\\/#\\\/schema\\\/person\\\/d43605ef0d5681c1b27a4ba1fede1cf4\"},\"headline\":\"Valtuustoaloite: Puita ja puistoja\",\"datePublished\":\"2017-11-06T17:39:17+00:00\",\"dateModified\":\"2019-01-11T19:59:03+00:00\",\"mainEntityOfPage\":{\"@id\":\"https:\\\/\\\/siljakeranen.fi\\\/blogi\\\/valtuustoaloite-puita-ja-puistoja\\\/\"},\"wordCount\":233,\"commentCount\":0,\"publisher\":{\"@id\":\"https:\\\/\\\/siljakeranen.fi\\\/blogi\\\/#\\\/schema\\\/person\\\/d43605ef0d5681c1b27a4ba1fede1cf4\"},\"image\":{\"@id\":\"https:\\\/\\\/siljakeranen.fi\\\/blogi\\\/valtuustoaloite-puita-ja-puistoja\\\/#primaryimage\"},\"thumbnailUrl\":\"http:\\\/\\\/siljakeranen.fi\\\/blogi\\\/wp-content\\\/uploads\\\/2017\\\/11\\\/Valtuustoaloite-puita-ja-puistoja-06112017-e1509989897567-768x1024.jpg\",\"articleSection\":[\"Ilmastonmuutos\",\"Kajaani\",\"Lapset &amp; nuoret\",\"Mets\u00e4\",\"Valtuustoaloite\",\"Vihre\u00e4t\",\"Ymp\u00e4rist\u00f6\"],\"inLanguage\":\"fi\",\"potentialAction\":[{\"@type\":\"CommentAction\",\"name\":\"Comment\",\"target\":[\"https:\\\/\\\/siljakeranen.fi\\\/blogi\\\/valtuustoaloite-puita-ja-puistoja\\\/#respond\"]}]},{\"@type\":\"WebPage\",\"@id\":\"https:\\\/\\\/siljakeranen.fi\\\/blogi\\\/valtuustoaloite-puita-ja-puistoja\\\/\",\"url\":\"https:\\\/\\\/siljakeranen.fi\\\/blogi\\\/valtuustoaloite-puita-ja-puistoja\\\/\",\"name\":\"Valtuustoaloite: Puita ja puistoja - Silja Ker\u00e4nen\",\"isPartOf\":{\"@id\":\"https:\\\/\\\/siljakeranen.fi\\\/blogi\\\/#website\"},\"primaryImageOfPage\":{\"@id\":\"https:\\\/\\\/siljakeranen.fi\\\/blogi\\\/valtuustoaloite-puita-ja-puistoja\\\/#primaryimage\"},\"image\":{\"@id\":\"https:\\\/\\\/siljakeranen.fi\\\/blogi\\\/valtuustoaloite-puita-ja-puistoja\\\/#primaryimage\"},\"thumbnailUrl\":\"http:\\\/\\\/siljakeranen.fi\\\/blogi\\\/wp-content\\\/uploads\\\/2017\\\/11\\\/Valtuustoaloite-puita-ja-puistoja-06112017-e1509989897567-768x1024.jpg\",\"datePublished\":\"2017-11-06T17:39:17+00:00\",\"dateModified\":\"2019-01-11T19:59:03+00:00\",\"breadcrumb\":{\"@id\":\"https:\\\/\\\/siljakeranen.fi\\\/blogi\\\/valtuustoaloite-puita-ja-puistoja\\\/#breadcrumb\"},\"inLanguage\":\"fi\",\"potentialAction\":[{\"@type\":\"ReadAction\",\"target\":[\"https:\\\/\\\/siljakeranen.fi\\\/blogi\\\/valtuustoaloite-puita-ja-puistoja\\\/\"]}]},{\"@type\":\"ImageObject\",\"inLanguage\":\"fi\",\"@id\":\"https:\\\/\\\/siljakeranen.fi\\\/blogi\\\/valtuustoaloite-puita-ja-puistoja\\\/#primaryimage\",\"url\":\"https:\\\/\\\/siljakeranen.fi\\\/blogi\\\/wp-content\\\/uploads\\\/2017\\\/11\\\/Valtuustoaloite-puita-ja-puistoja-06112017-e1509989897567.jpg\",\"contentUrl\":\"https:\\\/\\\/siljakeranen.fi\\\/blogi\\\/wp-content\\\/uploads\\\/2017\\\/11\\\/Valtuustoaloite-puita-ja-puistoja-06112017-e1509989897567.jpg\",\"width\":1224,\"height\":1632},{\"@type\":\"BreadcrumbList\",\"@id\":\"https:\\\/\\\/siljakeranen.fi\\\/blogi\\\/valtuustoaloite-puita-ja-puistoja\\\/#breadcrumb\",\"itemListElement\":[{\"@type\":\"ListItem\",\"position\":1,\"name\":\"Etusivu\",\"item\":\"https:\\\/\\\/siljakeranen.fi\\\/blogi\\\/\"},{\"@type\":\"ListItem\",\"position\":2,\"name\":\"Valtuustoaloite: Puita ja puistoja\"}]},{\"@type\":\"WebSite\",\"@id\":\"https:\\\/\\\/siljakeranen.fi\\\/blogi\\\/#website\",\"url\":\"https:\\\/\\\/siljakeranen.fi\\\/blogi\\\/\",\"name\":\"Silja Ker\u00e4nen\",\"description\":\"Silja Ker\u00e4nen, kainuulainen vihre\u00e4 poliitikko\",\"publisher\":{\"@id\":\"https:\\\/\\\/siljakeranen.fi\\\/blogi\\\/#\\\/schema\\\/person\\\/d43605ef0d5681c1b27a4ba1fede1cf4\"},\"potentialAction\":[{\"@type\":\"SearchAction\",\"target\":{\"@type\":\"EntryPoint\",\"urlTemplate\":\"https:\\\/\\\/siljakeranen.fi\\\/blogi\\\/?s={search_term_string}\"},\"query-input\":{\"@type\":\"PropertyValueSpecification\",\"valueRequired\":true,\"valueName\":\"search_term_string\"}}],\"inLanguage\":\"fi\"},{\"@type\":[\"Person\",\"Organization\"],\"@id\":\"https:\\\/\\\/siljakeranen.fi\\\/blogi\\\/#\\\/schema\\\/person\\\/d43605ef0d5681c1b27a4ba1fede1cf4\",\"name\":\"Silja\",\"image\":{\"@type\":\"ImageObject\",\"inLanguage\":\"fi\",\"@id\":\"https:\\\/\\\/siljakeranen.fi\\\/blogi\\\/wp-content\\\/uploads\\\/2023\\\/01\\\/cropped-silja_250x100.png\",\"url\":\"https:\\\/\\\/siljakeranen.fi\\\/blogi\\\/wp-content\\\/uploads\\\/2023\\\/01\\\/cropped-silja_250x100.png\",\"contentUrl\":\"https:\\\/\\\/siljakeranen.fi\\\/blogi\\\/wp-content\\\/uploads\\\/2023\\\/01\\\/cropped-silja_250x100.png\",\"width\":250,\"height\":100,\"caption\":\"Silja\"},\"logo\":{\"@id\":\"https:\\\/\\\/siljakeranen.fi\\\/blogi\\\/wp-content\\\/uploads\\\/2023\\\/01\\\/cropped-silja_250x100.png\"},\"sameAs\":[\"http:\\\/\\\/www.siljakeranen.fi\",\"https:\\\/\\\/www.facebook.com\\\/siljamkeranen\",\"https:\\\/\\\/www.instagram.com\\\/siljakeranen\\\/\",\"https:\\\/\\\/www.linkedin.com\\\/in\\\/silja-kernen-4331b548\\\/\",\"https:\\\/\\\/x.com\\\/https:\\\/\\\/twitter.com\\\/SiljaMP\",\"https:\\\/\\\/www.youtube.com\\\/channel\\\/UC0MWeuoWP4-Mjs1z8pIv3GQ\",\"https:\\\/\\\/fi.wikipedia.org\\\/wiki\\\/Silja_Kernen\"],\"url\":\"https:\\\/\\\/siljakeranen.fi\\\/blogi\\\/author\\\/admin\\\/\"}]}<\/script>\n<!-- \/ Yoast SEO plugin. -->","yoast_head_json":{"title":"Valtuustoaloite: Puita ja puistoja - Silja Ker\u00e4nen","robots":{"index":"index","follow":"follow","max-snippet":"max-snippet:-1","max-image-preview":"max-image-preview:large","max-video-preview":"max-video-preview:-1"},"canonical":"https:\/\/siljakeranen.fi\/blogi\/valtuustoaloite-puita-ja-puistoja\/","og_locale":"fi_FI","og_type":"article","og_title":"Valtuustoaloite: Puita ja puistoja - Silja Ker\u00e4nen","og_description":"Puita ja puistoja &#8221;Paras aika istuttaa puu oli kaksikymment\u00e4 vuotta sitten. Toiseksi paras aika on nyt.&#8221; \u2013Kiinalainen sananlasku. Kajaanin keskustan alueella on kaupungilla hallussaan paljon tilaa, johon voisi ja johon kannattaisi istuttaa puita. Puut sitovat ilmakeh\u00e4st\u00e4 hiilidioksidia, tuottavat happea, ja sen lis\u00e4ksi ne tekev\u00e4t kaupungista kauniimman. Esimerkiksi auto- ja py\u00f6r\u00e4teiden v\u00e4liin j\u00e4\u00e4v\u00e4\u00e4n viherkaistaleeseen kannattaa istuttaa [&hellip;]","og_url":"https:\/\/siljakeranen.fi\/blogi\/valtuustoaloite-puita-ja-puistoja\/","og_site_name":"Silja Ker\u00e4nen","article_publisher":"https:\/\/www.facebook.com\/siljamkeranen","article_author":"https:\/\/www.facebook.com\/siljamkeranen","article_published_time":"2017-11-06T17:39:17+00:00","article_modified_time":"2019-01-11T19:59:03+00:00","og_image":[{"url":"http:\/\/siljakeranen.fi\/blogi\/wp-content\/uploads\/2017\/11\/Valtuustoaloite-puita-ja-puistoja-06112017-e1509989897567-768x1024.jpg","type":"","width":"","height":""}],"author":"Silja","twitter_card":"summary_large_image","twitter_creator":"@https:\/\/twitter.com\/SiljaMP","twitter_site":"@SiljaMP","twitter_misc":{"Kirjoittanut":"Silja","Arvioitu lukuaika":"1 minuutti"},"schema":{"@context":"https:\/\/schema.org","@graph":[{"@type":"Article","@id":"https:\/\/siljakeranen.fi\/blogi\/valtuustoaloite-puita-ja-puistoja\/#article","isPartOf":{"@id":"https:\/\/siljakeranen.fi\/blogi\/valtuustoaloite-puita-ja-puistoja\/"},"author":{"name":"Silja","@id":"https:\/\/siljakeranen.fi\/blogi\/#\/schema\/person\/d43605ef0d5681c1b27a4ba1fede1cf4"},"headline":"Valtuustoaloite: Puita ja puistoja","datePublished":"2017-11-06T17:39:17+00:00","dateModified":"2019-01-11T19:59:03+00:00","mainEntityOfPage":{"@id":"https:\/\/siljakeranen.fi\/blogi\/valtuustoaloite-puita-ja-puistoja\/"},"wordCount":233,"commentCount":0,"publisher":{"@id":"https:\/\/siljakeranen.fi\/blogi\/#\/schema\/person\/d43605ef0d5681c1b27a4ba1fede1cf4"},"image":{"@id":"https:\/\/siljakeranen.fi\/blogi\/valtuustoaloite-puita-ja-puistoja\/#primaryimage"},"thumbnailUrl":"http:\/\/siljakeranen.fi\/blogi\/wp-content\/uploads\/2017\/11\/Valtuustoaloite-puita-ja-puistoja-06112017-e1509989897567-768x1024.jpg","articleSection":["Ilmastonmuutos","Kajaani","Lapset &amp; nuoret","Mets\u00e4","Valtuustoaloite","Vihre\u00e4t","Ymp\u00e4rist\u00f6"],"inLanguage":"fi","potentialAction":[{"@type":"CommentAction","name":"Comment","target":["https:\/\/siljakeranen.fi\/blogi\/valtuustoaloite-puita-ja-puistoja\/#respond"]}]},{"@type":"WebPage","@id":"https:\/\/siljakeranen.fi\/blogi\/valtuustoaloite-puita-ja-puistoja\/","url":"https:\/\/siljakeranen.fi\/blogi\/valtuustoaloite-puita-ja-puistoja\/","name":"Valtuustoaloite: Puita ja puistoja - Silja Ker\u00e4nen","isPartOf":{"@id":"https:\/\/siljakeranen.fi\/blogi\/#website"},"primaryImageOfPage":{"@id":"https:\/\/siljakeranen.fi\/blogi\/valtuustoaloite-puita-ja-puistoja\/#primaryimage"},"image":{"@id":"https:\/\/siljakeranen.fi\/blogi\/valtuustoaloite-puita-ja-puistoja\/#primaryimage"},"thumbnailUrl":"http:\/\/siljakeranen.fi\/blogi\/wp-content\/uploads\/2017\/11\/Valtuustoaloite-puita-ja-puistoja-06112017-e1509989897567-768x1024.jpg","datePublished":"2017-11-06T17:39:17+00:00","dateModified":"2019-01-11T19:59:03+00:00","breadcrumb":{"@id":"https:\/\/siljakeranen.fi\/blogi\/valtuustoaloite-puita-ja-puistoja\/#breadcrumb"},"inLanguage":"fi","potentialAction":[{"@type":"ReadAction","target":["https:\/\/siljakeranen.fi\/blogi\/valtuustoaloite-puita-ja-puistoja\/"]}]},{"@type":"ImageObject","inLanguage":"fi","@id":"https:\/\/siljakeranen.fi\/blogi\/valtuustoaloite-puita-ja-puistoja\/#primaryimage","url":"https:\/\/siljakeranen.fi\/blogi\/wp-content\/uploads\/2017\/11\/Valtuustoaloite-puita-ja-puistoja-06112017-e1509989897567.jpg","contentUrl":"https:\/\/siljakeranen.fi\/blogi\/wp-content\/uploads\/2017\/11\/Valtuustoaloite-puita-ja-puistoja-06112017-e1509989897567.jpg","width":1224,"height":1632},{"@type":"BreadcrumbList","@id":"https:\/\/siljakeranen.fi\/blogi\/valtuustoaloite-puita-ja-puistoja\/#breadcrumb","itemListElement":[{"@type":"ListItem","position":1,"name":"Etusivu","item":"https:\/\/siljakeranen.fi\/blogi\/"},{"@type":"ListItem","position":2,"name":"Valtuustoaloite: Puita ja puistoja"}]},{"@type":"WebSite","@id":"https:\/\/siljakeranen.fi\/blogi\/#website","url":"https:\/\/siljakeranen.fi\/blogi\/","name":"Silja Ker\u00e4nen","description":"Silja Ker\u00e4nen, kainuulainen vihre\u00e4 poliitikko","publisher":{"@id":"https:\/\/siljakeranen.fi\/blogi\/#\/schema\/person\/d43605ef0d5681c1b27a4ba1fede1cf4"},"potentialAction":[{"@type":"SearchAction","target":{"@type":"EntryPoint","urlTemplate":"https:\/\/siljakeranen.fi\/blogi\/?s={search_term_string}"},"query-input":{"@type":"PropertyValueSpecification","valueRequired":true,"valueName":"search_term_string"}}],"inLanguage":"fi"},{"@type":["Person","Organization"],"@id":"https:\/\/siljakeranen.fi\/blogi\/#\/schema\/person\/d43605ef0d5681c1b27a4ba1fede1cf4","name":"Silja","image":{"@type":"ImageObject","inLanguage":"fi","@id":"https:\/\/siljakeranen.fi\/blogi\/wp-content\/uploads\/2023\/01\/cropped-silja_250x100.png","url":"https:\/\/siljakeranen.fi\/blogi\/wp-content\/uploads\/2023\/01\/cropped-silja_250x100.png","contentUrl":"https:\/\/siljakeranen.fi\/blogi\/wp-content\/uploads\/2023\/01\/cropped-silja_250x100.png","width":250,"height":100,"caption":"Silja"},"logo":{"@id":"https:\/\/siljakeranen.fi\/blogi\/wp-content\/uploads\/2023\/01\/cropped-silja_250x100.png"},"sameAs":["http:\/\/www.siljakeranen.fi","https:\/\/www.facebook.com\/siljamkeranen","https:\/\/www.instagram.com\/siljakeranen\/","https:\/\/www.linkedin.com\/in\/silja-kernen-4331b548\/","https:\/\/x.com\/https:\/\/twitter.com\/SiljaMP","https:\/\/www.youtube.com\/channel\/UC0MWeuoWP4-Mjs1z8pIv3GQ","https:\/\/fi.wikipedia.org\/wiki\/Silja_Kernen"],"url":"https:\/\/siljakeranen.fi\/blogi\/author\/admin\/"}]}},"_links":{"self":[{"href":"https:\/\/siljakeranen.fi\/blogi\/wp-json\/wp\/v2\/posts\/1166","targetHints":{"allow":["GET"]}}],"collection":[{"href":"https:\/\/siljakeranen.fi\/blogi\/wp-json\/wp\/v2\/posts"}],"about":[{"href":"https:\/\/siljakeranen.fi\/blogi\/wp-json\/wp\/v2\/types\/post"}],"author":[{"embeddable":true,"href":"https:\/\/siljakeranen.fi\/blogi\/wp-json\/wp\/v2\/users\/1"}],"replies":[{"embeddable":true,"href":"https:\/\/siljakeranen.fi\/blogi\/wp-json\/wp\/v2\/comments?post=1166"}],"version-history":[{"count":1,"href":"https:\/\/siljakeranen.fi\/blogi\/wp-json\/wp\/v2\/posts\/1166\/revisions"}],"predecessor-version":[{"id":1168,"href":"https:\/\/siljakeranen.fi\/blogi\/wp-json\/wp\/v2\/posts\/1166\/revisions\/1168"}],"wp:attachment":[{"href":"https:\/\/siljakeranen.fi\/blogi\/wp-json\/wp\/v2\/media?parent=1166"}],"wp:term":[{"taxonomy":"category","embeddable":true,"href":"https:\/\/siljakeranen.fi\/blogi\/wp-json\/wp\/v2\/categories?post=1166"},{"taxonomy":"post_tag","embeddable":true,"href":"https:\/\/siljakeranen.fi\/blogi\/wp-json\/wp\/v2\/tags?post=1166"}],"curies":[{"name":"wp","href":"https:\/\/api.w.org\/{rel}","templated":true}]}}