{"id":1212,"date":"2018-02-08T12:07:52","date_gmt":"2018-02-08T10:07:52","guid":{"rendered":"http:\/\/siljakeranen.fi\/blogi\/?p=1212"},"modified":"2018-02-14T18:42:44","modified_gmt":"2018-02-14T16:42:44","slug":"metsatalous-kestavaksi","status":"publish","type":"post","link":"https:\/\/siljakeranen.fi\/blogi\/metsatalous-kestavaksi\/","title":{"rendered":"Mets\u00e4talous kest\u00e4v\u00e4ksi"},"content":{"rendered":"<p><strong>Onpa hienoa<\/strong>\u00a0kirjoittaa t\u00e4t\u00e4 teksti\u00e4 Maaseutu- ja er\u00e4vihreiden puheenjohtajana ja vihre\u00e4n\u00e4 mets\u00e4nomistajana. On ilo p\u00e4\u00e4st\u00e4 mets\u00e4-kolumnistiksi Maaseudun tulevaisuuteen. Kovasti mietin, ett\u00e4 mill\u00e4 aiheella aloittaisin t\u00e4m\u00e4n urani. P\u00e4\u00e4dyin t\u00e4rkeimp\u00e4\u00e4n, eli mets\u00e4talouden kest\u00e4vyyteen.<\/p>\n<p>Tosiasia kun valitettavasti on se, ett\u00e4 suomalainen mets\u00e4talous ei puheista huolimatta ole kest\u00e4v\u00e4\u00e4. Harhaluulo syntyy siit\u00e4, ett\u00e4 Luonnonvarakeskuksen laskemista teknis-taloudellisesti kest\u00e4vist\u00e4 hakkuum\u00e4\u00e4rist\u00e4 puhutaan vain kest\u00e4vin\u00e4 hakkuum\u00e4\u00e4rin\u00e4. Etuliite teknis-taloudellinen tippuu pois.<\/p>\n<p>Luonnonvarakeskus siis laskee mink\u00e4 verran metsi\u00e4 voi hakata, jotta se ei v\u00e4henn\u00e4 niiden tulevaa taloudellista tuottoa. Ekologista tai sosiaalista kest\u00e4vyytt\u00e4 n\u00e4iss\u00e4 laskelmissa ei huomioida.<\/p>\n<p>Mets\u00e4luonnon monimuotoisuus heikkenee. Metsiemme lajeista yli 800 on uhanalaisia, ja viimeisimm\u00e4ss\u00e4 inventoinnissa uhanalaisten lajien m\u00e4\u00e4r\u00e4 on kasvanut. Ja eik\u00f6h\u00e4n ekologiseen kest\u00e4vyyteen ole syyt\u00e4 ottaa huomioon my\u00f6s mets\u00e4talouden vesist\u00f6kuormitus sek\u00e4 ilmastonmuutos. Mets\u00e4talouden tulee kantaa kortensa kekoon haittojen v\u00e4hent\u00e4misess\u00e4 \u2013 niin vesist\u00f6p\u00e4\u00e4st\u00f6iss\u00e4 kuin ilmastonmuutoksen hillinn\u00e4ss\u00e4.<\/p>\n<p><strong>Monta asiaa\u00a0<\/strong>on toki mennyt eteenp\u00e4in: esimerkiksi lahopuun m\u00e4\u00e4r\u00e4\u00e4 pyrit\u00e4\u00e4n talousmetsiss\u00e4 lis\u00e4\u00e4m\u00e4\u00e4n ja s\u00e4\u00e4st\u00f6puuryhmi\u00e4 j\u00e4tt\u00e4m\u00e4\u00e4n. Suojelualueita on perustettu. Monimuotoisuusinventointi tehd\u00e4\u00e4n kymmenen vuoden v\u00e4lein. Seuraavan tulokset julkaistaan kahden vuoden kuluttua, vuonna 2020. On todella mielenkiintoista n\u00e4hd\u00e4, mihin suuntaan mets\u00e4luonnon monimuotoisuus kehittyy. Metsiss\u00e4 kun se kvartaali on kolmen kuukauden sijaan 25 vuotta.<\/p>\n<p><img loading=\"lazy\" decoding=\"async\" class=\"aligncenter wp-image-1213\" src=\"http:\/\/siljakeranen.fi\/blogi\/wp-content\/uploads\/2018\/02\/IMG_0804-300x225.jpg\" alt=\"\" width=\"450\" height=\"338\" srcset=\"https:\/\/siljakeranen.fi\/blogi\/wp-content\/uploads\/2018\/02\/IMG_0804-300x225.jpg 300w, https:\/\/siljakeranen.fi\/blogi\/wp-content\/uploads\/2018\/02\/IMG_0804-768x576.jpg 768w, https:\/\/siljakeranen.fi\/blogi\/wp-content\/uploads\/2018\/02\/IMG_0804-1024x768.jpg 1024w\" sizes=\"auto, (max-width: 450px) 100vw, 450px\" \/><\/p>\n<p>Monimuotoisuuspanostuksia t\u00e4ytyy jatkaa. Niin talousmetsiss\u00e4 kuin suojelualueita perustamalla. On aivan uskomatonta, ett\u00e4 nykyhallitus tiputti kaikkien rakastamia Metso-rahoja heti kautensa alussa 44 miljoonasta eurosta 11 miljoonaan. Vuosi sitten rumpujen p\u00e4ristess\u00e4 t\u00e4h\u00e4n pottiin l\u00f6ydettiin lis\u00e4\u00e4 5 miljoonaa euroa. Ja siit\u00e4p\u00e4 otsikot: hallitus panostaa metsien suojeluun. Justiinsa!<\/p>\n<p><strong>Hyv\u00e4 puoli<\/strong>\u00a0on se, ett\u00e4 tietoa on olemassa. Kysymys kuuluukin, l\u00f6ytyyk\u00f6 tahtoa. Tosiasioiden tunnustaminen on viisauden alku. Onhan mets\u00e4alalla tahtoa ja kyky\u00e4 tunnustaa t\u00e4m\u00e4 aivan oleellinen kest\u00e4vyysvaje?<\/p>\n<p>&nbsp;<\/p>\n<p>Toivon todella niin! P\u00e4\u00e4st\u00e4isiin oikeasti keskustelemaan siit\u00e4, kuinka mets\u00e4talouden saisi kest\u00e4v\u00e4lle uralle. Mets\u00e4talouden sosiaalinen kest\u00e4vyys tulee ihan alkuun m\u00e4\u00e4ritell\u00e4, ja ekologistakin kest\u00e4vyyden m\u00e4\u00e4ritelm\u00e4 tarkentaa. Sen j\u00e4lkeen p\u00e4\u00e4st\u00e4isiin miettim\u00e4\u00e4n porukalla, mit\u00e4 pit\u00e4isi tehd\u00e4. N\u00e4in osattaisiin my\u00f6s neuvoa mets\u00e4nomistajaa toimimaan entist\u00e4 paremmin. Ja saataisiin oikeasti puhua kest\u00e4v\u00e4st\u00e4 suomalaisesta mets\u00e4taloudesta, rinta rottingilla.<br \/>\n&#8212;&#8212;-<br \/>\nEnsim\u00e4inen Mets\u00e4-kolumnini julkaistiin Maaseudun tulevaisuudessa 31.1.2018. Sen voi lukea my\u00f6s <a href=\"http:\/\/www.maaseuduntulevaisuus.fi\/puheenaiheet\/vieraskolumnit\/artikkeli-1.222619\" target=\"_blank\" rel=\"noopener\">t\u00e4\u00e4lt\u00e4<\/a>.<\/p>\n<div style=\"padding-bottom:20px; padding-top:10px;\" class=\"hupso-share-buttons\"><!-- Hupso Share Buttons - https:\/\/www.hupso.com\/share\/ --><a class=\"hupso_counters\" href=\"https:\/\/www.hupso.com\/share\/\"><img decoding=\"async\" src=\"https:\/\/static.hupso.com\/share\/buttons\/share-small.png\" style=\"border:0px; padding-top:2px; float:left;\" alt=\"Share Button\"\/><\/a><script type=\"text\/javascript\">var hupso_services_c=new Array(\"twitter\",\"facebook_like\",\"facebook_send\",\"google\");var hupso_counters_lang = \"en_US\";var hupso_image_folder_url = \"\";var hupso_url_c=\"\";var hupso_title_c=\"Mets%C3%A4talous%20kest%C3%A4v%C3%A4ksi\";<\/script><script type=\"text\/javascript\" src=\"https:\/\/static.hupso.com\/share\/js\/counters.js\"><\/script><!-- Hupso Share Buttons --><\/div>","protected":false},"excerpt":{"rendered":"<p>Onpa hienoa\u00a0kirjoittaa t\u00e4t\u00e4 teksti\u00e4 Maaseutu- ja er\u00e4vihreiden puheenjohtajana ja vihre\u00e4n\u00e4 mets\u00e4nomistajana. On ilo p\u00e4\u00e4st\u00e4 mets\u00e4-kolumnistiksi Maaseudun tulevaisuuteen. Kovasti mietin, ett\u00e4 mill\u00e4 aiheella aloittaisin t\u00e4m\u00e4n urani. P\u00e4\u00e4dyin t\u00e4rkeimp\u00e4\u00e4n, eli mets\u00e4talouden kest\u00e4vyyteen. Tosiasia kun valitettavasti on se, ett\u00e4 suomalainen mets\u00e4talous ei puheista huolimatta ole kest\u00e4v\u00e4\u00e4. Harhaluulo syntyy siit\u00e4, ett\u00e4 Luonnonvarakeskuksen laskemista teknis-taloudellisesti kest\u00e4vist\u00e4 hakkuum\u00e4\u00e4rist\u00e4 puhutaan vain kest\u00e4vin\u00e4 [&hellip;]<\/p>\n<div style=\"padding-bottom:20px; padding-top:10px;\" class=\"hupso-share-buttons\"><!-- Hupso Share Buttons - https:\/\/www.hupso.com\/share\/ --><a class=\"hupso_counters\" href=\"https:\/\/www.hupso.com\/share\/\"><img src=\"https:\/\/static.hupso.com\/share\/buttons\/share-small.png\" style=\"border:0px; padding-top:2px; float:left;\" alt=\"Share Button\"\/><\/a><script type=\"text\/javascript\">var hupso_services_c=new Array(\"twitter\",\"facebook_like\",\"facebook_send\",\"google\");var hupso_counters_lang = \"en_US\";var hupso_image_folder_url = \"\";var hupso_url_c=\"\";var hupso_title_c=\"Mets%C3%A4talous%20kest%C3%A4v%C3%A4ksi\";<\/script><script type=\"text\/javascript\" src=\"https:\/\/static.hupso.com\/share\/js\/counters.js\"><\/script><!-- Hupso Share Buttons --><\/div>","protected":false},"author":1,"featured_media":0,"comment_status":"open","ping_status":"closed","sticky":false,"template":"","format":"standard","meta":{"ngg_post_thumbnail":0,"footnotes":""},"categories":[1,20,6,10,5],"tags":[],"class_list":["post-1212","post","type-post","status-publish","format-standard","hentry","category-uncategorized","category-metsa","category-politiikka","category-vihreat","category-ymparisto"],"yoast_head":"<!-- This site is optimized with the Yoast SEO plugin v27.3 - https:\/\/yoast.com\/product\/yoast-seo-wordpress\/ -->\n<title>Mets\u00e4talous kest\u00e4v\u00e4ksi - Silja Ker\u00e4nen<\/title>\n<meta name=\"robots\" content=\"index, follow, max-snippet:-1, max-image-preview:large, max-video-preview:-1\" \/>\n<link rel=\"canonical\" href=\"https:\/\/siljakeranen.fi\/blogi\/metsatalous-kestavaksi\/\" \/>\n<meta property=\"og:locale\" content=\"fi_FI\" \/>\n<meta property=\"og:type\" content=\"article\" \/>\n<meta property=\"og:title\" content=\"Mets\u00e4talous kest\u00e4v\u00e4ksi - Silja Ker\u00e4nen\" \/>\n<meta property=\"og:description\" content=\"Onpa hienoa\u00a0kirjoittaa t\u00e4t\u00e4 teksti\u00e4 Maaseutu- ja er\u00e4vihreiden puheenjohtajana ja vihre\u00e4n\u00e4 mets\u00e4nomistajana. On ilo p\u00e4\u00e4st\u00e4 mets\u00e4-kolumnistiksi Maaseudun tulevaisuuteen. Kovasti mietin, ett\u00e4 mill\u00e4 aiheella aloittaisin t\u00e4m\u00e4n urani. P\u00e4\u00e4dyin t\u00e4rkeimp\u00e4\u00e4n, eli mets\u00e4talouden kest\u00e4vyyteen. Tosiasia kun valitettavasti on se, ett\u00e4 suomalainen mets\u00e4talous ei puheista huolimatta ole kest\u00e4v\u00e4\u00e4. Harhaluulo syntyy siit\u00e4, ett\u00e4 Luonnonvarakeskuksen laskemista teknis-taloudellisesti kest\u00e4vist\u00e4 hakkuum\u00e4\u00e4rist\u00e4 puhutaan vain kest\u00e4vin\u00e4 [&hellip;]\" \/>\n<meta property=\"og:url\" content=\"https:\/\/siljakeranen.fi\/blogi\/metsatalous-kestavaksi\/\" \/>\n<meta property=\"og:site_name\" content=\"Silja Ker\u00e4nen\" \/>\n<meta property=\"article:publisher\" content=\"https:\/\/www.facebook.com\/siljamkeranen\" \/>\n<meta property=\"article:author\" content=\"https:\/\/www.facebook.com\/siljamkeranen\" \/>\n<meta property=\"article:published_time\" content=\"2018-02-08T10:07:52+00:00\" \/>\n<meta property=\"article:modified_time\" content=\"2018-02-14T16:42:44+00:00\" \/>\n<meta property=\"og:image\" content=\"http:\/\/siljakeranen.fi\/blogi\/wp-content\/uploads\/2018\/02\/IMG_0804-300x225.jpg\" \/>\n<meta name=\"author\" content=\"Silja\" \/>\n<meta name=\"twitter:card\" content=\"summary_large_image\" \/>\n<meta name=\"twitter:creator\" content=\"@https:\/\/twitter.com\/SiljaMP\" \/>\n<meta name=\"twitter:site\" content=\"@SiljaMP\" \/>\n<meta name=\"twitter:label1\" content=\"Kirjoittanut\" \/>\n\t<meta name=\"twitter:data1\" content=\"Silja\" \/>\n\t<meta name=\"twitter:label2\" content=\"Arvioitu lukuaika\" \/>\n\t<meta name=\"twitter:data2\" content=\"2 minuuttia\" \/>\n<script type=\"application\/ld+json\" class=\"yoast-schema-graph\">{\"@context\":\"https:\\\/\\\/schema.org\",\"@graph\":[{\"@type\":\"Article\",\"@id\":\"https:\\\/\\\/siljakeranen.fi\\\/blogi\\\/metsatalous-kestavaksi\\\/#article\",\"isPartOf\":{\"@id\":\"https:\\\/\\\/siljakeranen.fi\\\/blogi\\\/metsatalous-kestavaksi\\\/\"},\"author\":{\"name\":\"Silja\",\"@id\":\"https:\\\/\\\/siljakeranen.fi\\\/blogi\\\/#\\\/schema\\\/person\\\/d43605ef0d5681c1b27a4ba1fede1cf4\"},\"headline\":\"Mets\u00e4talous kest\u00e4v\u00e4ksi\",\"datePublished\":\"2018-02-08T10:07:52+00:00\",\"dateModified\":\"2018-02-14T16:42:44+00:00\",\"mainEntityOfPage\":{\"@id\":\"https:\\\/\\\/siljakeranen.fi\\\/blogi\\\/metsatalous-kestavaksi\\\/\"},\"wordCount\":395,\"commentCount\":0,\"publisher\":{\"@id\":\"https:\\\/\\\/siljakeranen.fi\\\/blogi\\\/#\\\/schema\\\/person\\\/d43605ef0d5681c1b27a4ba1fede1cf4\"},\"image\":{\"@id\":\"https:\\\/\\\/siljakeranen.fi\\\/blogi\\\/metsatalous-kestavaksi\\\/#primaryimage\"},\"thumbnailUrl\":\"http:\\\/\\\/siljakeranen.fi\\\/blogi\\\/wp-content\\\/uploads\\\/2018\\\/02\\\/IMG_0804-300x225.jpg\",\"articleSection\":[\"Maaseudun Tulevaisuus Mets\u00e4-kolumni\",\"Mets\u00e4\",\"Politiikka\",\"Vihre\u00e4t\",\"Ymp\u00e4rist\u00f6\"],\"inLanguage\":\"fi\",\"potentialAction\":[{\"@type\":\"CommentAction\",\"name\":\"Comment\",\"target\":[\"https:\\\/\\\/siljakeranen.fi\\\/blogi\\\/metsatalous-kestavaksi\\\/#respond\"]}]},{\"@type\":\"WebPage\",\"@id\":\"https:\\\/\\\/siljakeranen.fi\\\/blogi\\\/metsatalous-kestavaksi\\\/\",\"url\":\"https:\\\/\\\/siljakeranen.fi\\\/blogi\\\/metsatalous-kestavaksi\\\/\",\"name\":\"Mets\u00e4talous kest\u00e4v\u00e4ksi - Silja Ker\u00e4nen\",\"isPartOf\":{\"@id\":\"https:\\\/\\\/siljakeranen.fi\\\/blogi\\\/#website\"},\"primaryImageOfPage\":{\"@id\":\"https:\\\/\\\/siljakeranen.fi\\\/blogi\\\/metsatalous-kestavaksi\\\/#primaryimage\"},\"image\":{\"@id\":\"https:\\\/\\\/siljakeranen.fi\\\/blogi\\\/metsatalous-kestavaksi\\\/#primaryimage\"},\"thumbnailUrl\":\"http:\\\/\\\/siljakeranen.fi\\\/blogi\\\/wp-content\\\/uploads\\\/2018\\\/02\\\/IMG_0804-300x225.jpg\",\"datePublished\":\"2018-02-08T10:07:52+00:00\",\"dateModified\":\"2018-02-14T16:42:44+00:00\",\"breadcrumb\":{\"@id\":\"https:\\\/\\\/siljakeranen.fi\\\/blogi\\\/metsatalous-kestavaksi\\\/#breadcrumb\"},\"inLanguage\":\"fi\",\"potentialAction\":[{\"@type\":\"ReadAction\",\"target\":[\"https:\\\/\\\/siljakeranen.fi\\\/blogi\\\/metsatalous-kestavaksi\\\/\"]}]},{\"@type\":\"ImageObject\",\"inLanguage\":\"fi\",\"@id\":\"https:\\\/\\\/siljakeranen.fi\\\/blogi\\\/metsatalous-kestavaksi\\\/#primaryimage\",\"url\":\"https:\\\/\\\/siljakeranen.fi\\\/blogi\\\/wp-content\\\/uploads\\\/2018\\\/02\\\/IMG_0804.jpg\",\"contentUrl\":\"https:\\\/\\\/siljakeranen.fi\\\/blogi\\\/wp-content\\\/uploads\\\/2018\\\/02\\\/IMG_0804.jpg\",\"width\":3264,\"height\":2448},{\"@type\":\"BreadcrumbList\",\"@id\":\"https:\\\/\\\/siljakeranen.fi\\\/blogi\\\/metsatalous-kestavaksi\\\/#breadcrumb\",\"itemListElement\":[{\"@type\":\"ListItem\",\"position\":1,\"name\":\"Etusivu\",\"item\":\"https:\\\/\\\/siljakeranen.fi\\\/blogi\\\/\"},{\"@type\":\"ListItem\",\"position\":2,\"name\":\"Mets\u00e4talous kest\u00e4v\u00e4ksi\"}]},{\"@type\":\"WebSite\",\"@id\":\"https:\\\/\\\/siljakeranen.fi\\\/blogi\\\/#website\",\"url\":\"https:\\\/\\\/siljakeranen.fi\\\/blogi\\\/\",\"name\":\"Silja Ker\u00e4nen\",\"description\":\"Silja Ker\u00e4nen, kainuulainen vihre\u00e4 poliitikko\",\"publisher\":{\"@id\":\"https:\\\/\\\/siljakeranen.fi\\\/blogi\\\/#\\\/schema\\\/person\\\/d43605ef0d5681c1b27a4ba1fede1cf4\"},\"potentialAction\":[{\"@type\":\"SearchAction\",\"target\":{\"@type\":\"EntryPoint\",\"urlTemplate\":\"https:\\\/\\\/siljakeranen.fi\\\/blogi\\\/?s={search_term_string}\"},\"query-input\":{\"@type\":\"PropertyValueSpecification\",\"valueRequired\":true,\"valueName\":\"search_term_string\"}}],\"inLanguage\":\"fi\"},{\"@type\":[\"Person\",\"Organization\"],\"@id\":\"https:\\\/\\\/siljakeranen.fi\\\/blogi\\\/#\\\/schema\\\/person\\\/d43605ef0d5681c1b27a4ba1fede1cf4\",\"name\":\"Silja\",\"image\":{\"@type\":\"ImageObject\",\"inLanguage\":\"fi\",\"@id\":\"https:\\\/\\\/siljakeranen.fi\\\/blogi\\\/wp-content\\\/uploads\\\/2023\\\/01\\\/cropped-silja_250x100.png\",\"url\":\"https:\\\/\\\/siljakeranen.fi\\\/blogi\\\/wp-content\\\/uploads\\\/2023\\\/01\\\/cropped-silja_250x100.png\",\"contentUrl\":\"https:\\\/\\\/siljakeranen.fi\\\/blogi\\\/wp-content\\\/uploads\\\/2023\\\/01\\\/cropped-silja_250x100.png\",\"width\":250,\"height\":100,\"caption\":\"Silja\"},\"logo\":{\"@id\":\"https:\\\/\\\/siljakeranen.fi\\\/blogi\\\/wp-content\\\/uploads\\\/2023\\\/01\\\/cropped-silja_250x100.png\"},\"sameAs\":[\"http:\\\/\\\/www.siljakeranen.fi\",\"https:\\\/\\\/www.facebook.com\\\/siljamkeranen\",\"https:\\\/\\\/www.instagram.com\\\/siljakeranen\\\/\",\"https:\\\/\\\/www.linkedin.com\\\/in\\\/silja-kernen-4331b548\\\/\",\"https:\\\/\\\/x.com\\\/https:\\\/\\\/twitter.com\\\/SiljaMP\",\"https:\\\/\\\/www.youtube.com\\\/channel\\\/UC0MWeuoWP4-Mjs1z8pIv3GQ\",\"https:\\\/\\\/fi.wikipedia.org\\\/wiki\\\/Silja_Kernen\"],\"url\":\"https:\\\/\\\/siljakeranen.fi\\\/blogi\\\/author\\\/admin\\\/\"}]}<\/script>\n<!-- \/ Yoast SEO plugin. -->","yoast_head_json":{"title":"Mets\u00e4talous kest\u00e4v\u00e4ksi - Silja Ker\u00e4nen","robots":{"index":"index","follow":"follow","max-snippet":"max-snippet:-1","max-image-preview":"max-image-preview:large","max-video-preview":"max-video-preview:-1"},"canonical":"https:\/\/siljakeranen.fi\/blogi\/metsatalous-kestavaksi\/","og_locale":"fi_FI","og_type":"article","og_title":"Mets\u00e4talous kest\u00e4v\u00e4ksi - Silja Ker\u00e4nen","og_description":"Onpa hienoa\u00a0kirjoittaa t\u00e4t\u00e4 teksti\u00e4 Maaseutu- ja er\u00e4vihreiden puheenjohtajana ja vihre\u00e4n\u00e4 mets\u00e4nomistajana. On ilo p\u00e4\u00e4st\u00e4 mets\u00e4-kolumnistiksi Maaseudun tulevaisuuteen. Kovasti mietin, ett\u00e4 mill\u00e4 aiheella aloittaisin t\u00e4m\u00e4n urani. P\u00e4\u00e4dyin t\u00e4rkeimp\u00e4\u00e4n, eli mets\u00e4talouden kest\u00e4vyyteen. Tosiasia kun valitettavasti on se, ett\u00e4 suomalainen mets\u00e4talous ei puheista huolimatta ole kest\u00e4v\u00e4\u00e4. Harhaluulo syntyy siit\u00e4, ett\u00e4 Luonnonvarakeskuksen laskemista teknis-taloudellisesti kest\u00e4vist\u00e4 hakkuum\u00e4\u00e4rist\u00e4 puhutaan vain kest\u00e4vin\u00e4 [&hellip;]","og_url":"https:\/\/siljakeranen.fi\/blogi\/metsatalous-kestavaksi\/","og_site_name":"Silja Ker\u00e4nen","article_publisher":"https:\/\/www.facebook.com\/siljamkeranen","article_author":"https:\/\/www.facebook.com\/siljamkeranen","article_published_time":"2018-02-08T10:07:52+00:00","article_modified_time":"2018-02-14T16:42:44+00:00","og_image":[{"url":"http:\/\/siljakeranen.fi\/blogi\/wp-content\/uploads\/2018\/02\/IMG_0804-300x225.jpg","type":"","width":"","height":""}],"author":"Silja","twitter_card":"summary_large_image","twitter_creator":"@https:\/\/twitter.com\/SiljaMP","twitter_site":"@SiljaMP","twitter_misc":{"Kirjoittanut":"Silja","Arvioitu lukuaika":"2 minuuttia"},"schema":{"@context":"https:\/\/schema.org","@graph":[{"@type":"Article","@id":"https:\/\/siljakeranen.fi\/blogi\/metsatalous-kestavaksi\/#article","isPartOf":{"@id":"https:\/\/siljakeranen.fi\/blogi\/metsatalous-kestavaksi\/"},"author":{"name":"Silja","@id":"https:\/\/siljakeranen.fi\/blogi\/#\/schema\/person\/d43605ef0d5681c1b27a4ba1fede1cf4"},"headline":"Mets\u00e4talous kest\u00e4v\u00e4ksi","datePublished":"2018-02-08T10:07:52+00:00","dateModified":"2018-02-14T16:42:44+00:00","mainEntityOfPage":{"@id":"https:\/\/siljakeranen.fi\/blogi\/metsatalous-kestavaksi\/"},"wordCount":395,"commentCount":0,"publisher":{"@id":"https:\/\/siljakeranen.fi\/blogi\/#\/schema\/person\/d43605ef0d5681c1b27a4ba1fede1cf4"},"image":{"@id":"https:\/\/siljakeranen.fi\/blogi\/metsatalous-kestavaksi\/#primaryimage"},"thumbnailUrl":"http:\/\/siljakeranen.fi\/blogi\/wp-content\/uploads\/2018\/02\/IMG_0804-300x225.jpg","articleSection":["Maaseudun Tulevaisuus Mets\u00e4-kolumni","Mets\u00e4","Politiikka","Vihre\u00e4t","Ymp\u00e4rist\u00f6"],"inLanguage":"fi","potentialAction":[{"@type":"CommentAction","name":"Comment","target":["https:\/\/siljakeranen.fi\/blogi\/metsatalous-kestavaksi\/#respond"]}]},{"@type":"WebPage","@id":"https:\/\/siljakeranen.fi\/blogi\/metsatalous-kestavaksi\/","url":"https:\/\/siljakeranen.fi\/blogi\/metsatalous-kestavaksi\/","name":"Mets\u00e4talous kest\u00e4v\u00e4ksi - Silja Ker\u00e4nen","isPartOf":{"@id":"https:\/\/siljakeranen.fi\/blogi\/#website"},"primaryImageOfPage":{"@id":"https:\/\/siljakeranen.fi\/blogi\/metsatalous-kestavaksi\/#primaryimage"},"image":{"@id":"https:\/\/siljakeranen.fi\/blogi\/metsatalous-kestavaksi\/#primaryimage"},"thumbnailUrl":"http:\/\/siljakeranen.fi\/blogi\/wp-content\/uploads\/2018\/02\/IMG_0804-300x225.jpg","datePublished":"2018-02-08T10:07:52+00:00","dateModified":"2018-02-14T16:42:44+00:00","breadcrumb":{"@id":"https:\/\/siljakeranen.fi\/blogi\/metsatalous-kestavaksi\/#breadcrumb"},"inLanguage":"fi","potentialAction":[{"@type":"ReadAction","target":["https:\/\/siljakeranen.fi\/blogi\/metsatalous-kestavaksi\/"]}]},{"@type":"ImageObject","inLanguage":"fi","@id":"https:\/\/siljakeranen.fi\/blogi\/metsatalous-kestavaksi\/#primaryimage","url":"https:\/\/siljakeranen.fi\/blogi\/wp-content\/uploads\/2018\/02\/IMG_0804.jpg","contentUrl":"https:\/\/siljakeranen.fi\/blogi\/wp-content\/uploads\/2018\/02\/IMG_0804.jpg","width":3264,"height":2448},{"@type":"BreadcrumbList","@id":"https:\/\/siljakeranen.fi\/blogi\/metsatalous-kestavaksi\/#breadcrumb","itemListElement":[{"@type":"ListItem","position":1,"name":"Etusivu","item":"https:\/\/siljakeranen.fi\/blogi\/"},{"@type":"ListItem","position":2,"name":"Mets\u00e4talous kest\u00e4v\u00e4ksi"}]},{"@type":"WebSite","@id":"https:\/\/siljakeranen.fi\/blogi\/#website","url":"https:\/\/siljakeranen.fi\/blogi\/","name":"Silja Ker\u00e4nen","description":"Silja Ker\u00e4nen, kainuulainen vihre\u00e4 poliitikko","publisher":{"@id":"https:\/\/siljakeranen.fi\/blogi\/#\/schema\/person\/d43605ef0d5681c1b27a4ba1fede1cf4"},"potentialAction":[{"@type":"SearchAction","target":{"@type":"EntryPoint","urlTemplate":"https:\/\/siljakeranen.fi\/blogi\/?s={search_term_string}"},"query-input":{"@type":"PropertyValueSpecification","valueRequired":true,"valueName":"search_term_string"}}],"inLanguage":"fi"},{"@type":["Person","Organization"],"@id":"https:\/\/siljakeranen.fi\/blogi\/#\/schema\/person\/d43605ef0d5681c1b27a4ba1fede1cf4","name":"Silja","image":{"@type":"ImageObject","inLanguage":"fi","@id":"https:\/\/siljakeranen.fi\/blogi\/wp-content\/uploads\/2023\/01\/cropped-silja_250x100.png","url":"https:\/\/siljakeranen.fi\/blogi\/wp-content\/uploads\/2023\/01\/cropped-silja_250x100.png","contentUrl":"https:\/\/siljakeranen.fi\/blogi\/wp-content\/uploads\/2023\/01\/cropped-silja_250x100.png","width":250,"height":100,"caption":"Silja"},"logo":{"@id":"https:\/\/siljakeranen.fi\/blogi\/wp-content\/uploads\/2023\/01\/cropped-silja_250x100.png"},"sameAs":["http:\/\/www.siljakeranen.fi","https:\/\/www.facebook.com\/siljamkeranen","https:\/\/www.instagram.com\/siljakeranen\/","https:\/\/www.linkedin.com\/in\/silja-kernen-4331b548\/","https:\/\/x.com\/https:\/\/twitter.com\/SiljaMP","https:\/\/www.youtube.com\/channel\/UC0MWeuoWP4-Mjs1z8pIv3GQ","https:\/\/fi.wikipedia.org\/wiki\/Silja_Kernen"],"url":"https:\/\/siljakeranen.fi\/blogi\/author\/admin\/"}]}},"_links":{"self":[{"href":"https:\/\/siljakeranen.fi\/blogi\/wp-json\/wp\/v2\/posts\/1212","targetHints":{"allow":["GET"]}}],"collection":[{"href":"https:\/\/siljakeranen.fi\/blogi\/wp-json\/wp\/v2\/posts"}],"about":[{"href":"https:\/\/siljakeranen.fi\/blogi\/wp-json\/wp\/v2\/types\/post"}],"author":[{"embeddable":true,"href":"https:\/\/siljakeranen.fi\/blogi\/wp-json\/wp\/v2\/users\/1"}],"replies":[{"embeddable":true,"href":"https:\/\/siljakeranen.fi\/blogi\/wp-json\/wp\/v2\/comments?post=1212"}],"version-history":[{"count":1,"href":"https:\/\/siljakeranen.fi\/blogi\/wp-json\/wp\/v2\/posts\/1212\/revisions"}],"predecessor-version":[{"id":1214,"href":"https:\/\/siljakeranen.fi\/blogi\/wp-json\/wp\/v2\/posts\/1212\/revisions\/1214"}],"wp:attachment":[{"href":"https:\/\/siljakeranen.fi\/blogi\/wp-json\/wp\/v2\/media?parent=1212"}],"wp:term":[{"taxonomy":"category","embeddable":true,"href":"https:\/\/siljakeranen.fi\/blogi\/wp-json\/wp\/v2\/categories?post=1212"},{"taxonomy":"post_tag","embeddable":true,"href":"https:\/\/siljakeranen.fi\/blogi\/wp-json\/wp\/v2\/tags?post=1212"}],"curies":[{"name":"wp","href":"https:\/\/api.w.org\/{rel}","templated":true}]}}