{"id":1215,"date":"2018-02-08T12:18:57","date_gmt":"2018-02-08T10:18:57","guid":{"rendered":"http:\/\/siljakeranen.fi\/blogi\/?p=1215"},"modified":"2019-01-11T22:07:17","modified_gmt":"2019-01-11T20:07:17","slug":"kaupunginhallituksen-jasenet-koti-kajaanissa","status":"publish","type":"post","link":"https:\/\/siljakeranen.fi\/blogi\/kaupunginhallituksen-jasenet-koti-kajaanissa\/","title":{"rendered":"Kaupunginhallituksen j\u00e4senet Koti-Kajaanissa"},"content":{"rendered":"<p>Jatka lausetta:<\/p>\n<p><strong>Olen hyv\u00e4 poliitikko<\/strong>, koska tykk\u00e4\u00e4n t\u00e4st\u00e4 meid\u00e4n kaupungista &amp; maakunnasta. Haluan my\u00f6s tehd\u00e4 maailmasta paremman paikan el\u00e4\u00e4, jotta maapallo s\u00e4ilyisi elinkelpoisena. Innokkuuden lis\u00e4ksi diplomi-insin\u00f6\u00f6rin koulutus, monipuolinen ty\u00f6kokemus sek\u00e4 touhut partiossa auttavat saamaan asioita oikeasti my\u00f6s aikaiseksi.<\/p>\n<p>L<strong>uottamusteht\u00e4viss\u00e4 tavoitteenani on<\/strong> edist\u00e4\u00e4 vihre\u00e4\u00e4n arvomaailmaan kuuluvia asioita (mm. ekologinen kest\u00e4vyys, avoin keskustelukulttuuri, koulutukseen &amp; osaamiseen panostaminen, kaikista huolehtiminen ja hyvinvoinnin edist\u00e4minen) sek\u00e4 tietysti toimia Kajaanin\/Kainuun ja kajaanilaisten\/kainuulaisten parhaaksi.<\/p>\n<p><strong>Kajaanin poliittinen ilmapiiri<\/strong> on nyt parempi kuin edelliskaudella. Kiitos siit\u00e4 p\u00e4\u00e4t\u00f6ksentekij\u00e4kollegoille.<\/p>\n<p><strong>Kajaanin vetovoimaa<\/strong> on helppo lis\u00e4t\u00e4, koska meill\u00e4 on t\u00e4\u00e4ll\u00e4 paljon hyv\u00e4\u00e4. Hyv\u00e4 asua ja el\u00e4\u00e4, arki on helppoa, mukavia ihmisi\u00e4 \u2013 ja nyt meill\u00e4 on my\u00f6s ty\u00f6paikkoja. Lis\u00e4ksi meill\u00e4 on ainutlaatuisia matkailukohteita, joista \u00c4rj\u00e4 tulee ensimm\u00e4isen\u00e4 mieleen. Kun itse k\u00e4vin siell\u00e4 ensimm\u00e4ist\u00e4 kertaa l\u00e4mpim\u00e4n\u00e4 kes\u00e4p\u00e4iv\u00e4, tuli olo, ett\u00e4 olen jossain Malesian paratiisisaarella. Ja olinkin kotikaupungissani. \ud83d\ude42<\/p>\n<p><strong>Kajaanin pit\u00e4isi<\/strong> kaupunkiorganisaationa hoitaa perusteht\u00e4v\u00e4ns\u00e4 mahdollisimman hyvin. Koulutukseen ja sivistykseen t\u00e4ytyy panostaa. Jos kaupungin verotulot n\u00e4ytt\u00e4v\u00e4t t\u00e4n\u00e4 vuonna kehittyv\u00e4n budjetoitua paremmin, p\u00e4\u00e4st\u00e4\u00e4n pohtimaan sivistyspuolelle tehtyjen s\u00e4\u00e4st\u00f6jen purkamista: mm. ryhm\u00e4kokojen pienent\u00e4mist\u00e4, subjektiivisen p\u00e4iv\u00e4hoito-oikeuden palauttamista sek\u00e4 kouluavustajien m\u00e4\u00e4r\u00e4n lis\u00e4\u00e4mist\u00e4.<\/p>\n<p><strong>Kajaanin ei pit\u00e4isi<\/strong> selitell\u00e4, ett\u00e4 emme me voi menesty\u00e4 milloin mist\u00e4kin syyst\u00e4. Hoidetaan hommat hyvin, tartutaan ep\u00e4kohtiin ja ollaan my\u00f6s tyytyv\u00e4isi\u00e4 hyvist\u00e4 asioista. Kyll\u00e4 se tuottaa tulosta.<\/p>\n<p><strong>Elinkeinopolitiikassa<\/strong> meid\u00e4n pit\u00e4\u00e4 sis\u00e4ist\u00e4\u00e4 nopeasti, ett\u00e4 vuosikymmenten ty\u00f6paikkapula on nyt \u00e4kki\u00e4 muuttunut ty\u00f6ntekij\u00e4pulaksi. Meid\u00e4n pit\u00e4\u00e4 siis panostaa siihen, kuinka saamme houkuteltua t\u00e4nne osaajia. My\u00f6s maahanmuutolla on syyt\u00e4 olla nykyist\u00e4 suurempi rooli.<\/p>\n<p><strong>Harrastusmahdollisuuksia<\/strong> Kajaanissa on kaupungin kokoon n\u00e4hden hyvin. Kaikkea mahdollista ei voi, eik\u00e4 pid\u00e4k\u00e4\u00e4n voida, harrastaa. Mutta paljon voi, ja olosuhteet ovat p\u00e4\u00e4osin hyv\u00e4t niin liikunta- kuin muillekin harrastuksille.<\/p>\n<p><strong>Lasten ja nuorten<\/strong> olosuhteisiin ja hyvinvointiin on aina syyt\u00e4 panostaa. Lapset ovat tulevaisuus, ja hyv\u00e4t lapsiperheiden palvelut ja el\u00e4misen edellytykset ovat iso vetovoimatekij\u00e4. Lis\u00e4ksi lapsiin ja nuoriin panostamalla ehk\u00e4ist\u00e4\u00e4n eriarvoistumiskehityst\u00e4, joka valitettavasti Suomessa n\u00e4ytt\u00e4\u00e4 kasvavan.<\/p>\n<p><strong>Kotona<\/strong> on yleens\u00e4 aikamoista hulinaa ja paljon tekemist\u00e4, joka lienee aika normaalia pikkulapsiperheen arkea. Arjen palapelin toimimisessa l\u00e4hipiiri auttaa valtavasti.<\/p>\n<p><strong>J\u00e4\u00e4kaapin ovessa<\/strong> on mm. muistilista, mit\u00e4 lapselle pit\u00e4\u00e4 ottaa y\u00f6nylireissulle mukaan sek\u00e4 Huili-lehden vuosikalenteri.<\/p>\n<p><strong>T\u00e4n\u00e4 iltana<\/strong> on kaupunginvaltuuston kokous, jossa p\u00e4\u00e4tet\u00e4\u00e4n Terrafamen uraaniluvasta Kajaanin osalta.<\/p>\n<p><strong>Parasta mit\u00e4 tied\u00e4n<\/strong> on toisaalta touhuta n\u00e4iden mainioiden lasten kanssa ja toisaalta n\u00e4hd\u00e4 jonkun t\u00e4rke\u00e4n asian etenev\u00e4n oikeaan suuntaan varsinkin, jos on itse ollut muiden mukana asiaa jotenkin tekem\u00e4ss\u00e4 (esimerkiksi \u00c4rj\u00e4n tilanne tai partion j\u00e4senm\u00e4\u00e4r\u00e4n kasvu).<\/p>\n<p><strong>Tulevaisuudessa<\/strong> toivon, ett\u00e4 Kajaanilla ja Kainuulla menee hyvin ja ett\u00e4 v\u00e4kim\u00e4\u00e4r\u00e4n v\u00e4heneminen on taittunut. Samoin toivon, ett\u00e4 ihmiskunta rupeaa el\u00e4m\u00e4\u00e4n maapallon kantokyvyn mukaan kest\u00e4v\u00e4sti. Se on se meid\u00e4n todellinen kest\u00e4vyysvaje. Ja jottei j\u00e4\u00e4 vain toivomiseksi, n\u00e4iden asioiden puolesta haluan ja aion edelleen toimia.<\/p>\n<p><a href=\"http:\/\/siljakeranen.fi\/blogi\/wp-content\/uploads\/2018\/02\/2018-2-KotiKajaani-kh-ja\u0308senet.jpg\"><img loading=\"lazy\" decoding=\"async\" class=\"aligncenter size-large wp-image-1216\" src=\"http:\/\/siljakeranen.fi\/blogi\/wp-content\/uploads\/2018\/02\/2018-2-KotiKajaani-kh-ja\u0308senet-451x1024.jpg\" alt=\"\" width=\"451\" height=\"1024\" srcset=\"https:\/\/siljakeranen.fi\/blogi\/wp-content\/uploads\/2018\/02\/2018-2-KotiKajaani-kh-ja\u0308senet-451x1024.jpg 451w, https:\/\/siljakeranen.fi\/blogi\/wp-content\/uploads\/2018\/02\/2018-2-KotiKajaani-kh-ja\u0308senet-132x300.jpg 132w, https:\/\/siljakeranen.fi\/blogi\/wp-content\/uploads\/2018\/02\/2018-2-KotiKajaani-kh-ja\u0308senet-768x1744.jpg 768w, https:\/\/siljakeranen.fi\/blogi\/wp-content\/uploads\/2018\/02\/2018-2-KotiKajaani-kh-ja\u0308senet.jpg 1437w\" sizes=\"auto, (max-width: 451px) 100vw, 451px\" \/><\/a><\/p>\n<p>Taustatiedot:<br \/>\nNimi: Silja Ker\u00e4nen<br \/>\nIk\u00e4: 34<br \/>\nPuolue: Vihre\u00e4t<br \/>\nAmmatti: projektip\u00e4\u00e4llikk\u00f6<br \/>\nKoulutus: diplomi-insin\u00f6\u00f6ri<br \/>\nLuottamustoimet: Kajaanin kaupunginvaltuuston ja \u2013hallituksen j\u00e4sen, Kainuun maakuntavaltuuston j\u00e4sen ja tarkastuslautakunnan varapuheenjohtaja<br \/>\nPerhe: rakas puoliso ja kaksi ihanaa pient\u00e4 lasta<br \/>\nHarrastukset: partio, suunnistus ja jumppa<\/p>\n<div style=\"padding-bottom:20px; padding-top:10px;\" class=\"hupso-share-buttons\"><!-- Hupso Share Buttons - https:\/\/www.hupso.com\/share\/ --><a class=\"hupso_counters\" href=\"https:\/\/www.hupso.com\/share\/\"><img decoding=\"async\" src=\"https:\/\/static.hupso.com\/share\/buttons\/share-small.png\" style=\"border:0px; padding-top:2px; float:left;\" alt=\"Share Button\"\/><\/a><script type=\"text\/javascript\">var hupso_services_c=new Array(\"twitter\",\"facebook_like\",\"facebook_send\",\"google\");var hupso_counters_lang = \"en_US\";var hupso_image_folder_url = \"\";var hupso_url_c=\"\";var hupso_title_c=\"Kaupunginhallituksen%20j%C3%A4senet%20Koti-Kajaanissa\";<\/script><script type=\"text\/javascript\" src=\"https:\/\/static.hupso.com\/share\/js\/counters.js\"><\/script><!-- Hupso Share Buttons --><\/div>","protected":false},"excerpt":{"rendered":"<p>Jatka lausetta: Olen hyv\u00e4 poliitikko, koska tykk\u00e4\u00e4n t\u00e4st\u00e4 meid\u00e4n kaupungista &amp; maakunnasta. Haluan my\u00f6s tehd\u00e4 maailmasta paremman paikan el\u00e4\u00e4, jotta maapallo s\u00e4ilyisi elinkelpoisena. Innokkuuden lis\u00e4ksi diplomi-insin\u00f6\u00f6rin koulutus, monipuolinen ty\u00f6kokemus sek\u00e4 touhut partiossa auttavat saamaan asioita oikeasti my\u00f6s aikaiseksi. Luottamusteht\u00e4viss\u00e4 tavoitteenani on edist\u00e4\u00e4 vihre\u00e4\u00e4n arvomaailmaan kuuluvia asioita (mm. ekologinen kest\u00e4vyys, avoin keskustelukulttuuri, koulutukseen &amp; osaamiseen panostaminen, [&hellip;]<\/p>\n<div style=\"padding-bottom:20px; padding-top:10px;\" class=\"hupso-share-buttons\"><!-- Hupso Share Buttons - https:\/\/www.hupso.com\/share\/ --><a class=\"hupso_counters\" href=\"https:\/\/www.hupso.com\/share\/\"><img src=\"https:\/\/static.hupso.com\/share\/buttons\/share-small.png\" style=\"border:0px; padding-top:2px; float:left;\" alt=\"Share Button\"\/><\/a><script type=\"text\/javascript\">var hupso_services_c=new Array(\"twitter\",\"facebook_like\",\"facebook_send\",\"google\");var hupso_counters_lang = \"en_US\";var hupso_image_folder_url = \"\";var hupso_url_c=\"\";var hupso_title_c=\"Kaupunginhallituksen%20j%C3%A4senet%20Koti-Kajaanissa\";<\/script><script type=\"text\/javascript\" src=\"https:\/\/static.hupso.com\/share\/js\/counters.js\"><\/script><!-- Hupso Share Buttons --><\/div>","protected":false},"author":1,"featured_media":0,"comment_status":"open","ping_status":"closed","sticky":false,"template":"","format":"standard","meta":{"ngg_post_thumbnail":0,"footnotes":""},"categories":[27,8,9,22,33,29,6,10,5,30],"tags":[],"class_list":["post-1215","post","type-post","status-publish","format-standard","hentry","category-ilmastonmuutos","category-kajaani","category-kaupunginhallitus","category-koulutus","category-lapset-nuoret","category-maailmanparannus","category-politiikka","category-vihreat","category-ymparisto","category-yrittajyys-elinkeinot"],"yoast_head":"<!-- This site is optimized with the Yoast SEO plugin v27.3 - https:\/\/yoast.com\/product\/yoast-seo-wordpress\/ -->\n<title>Kaupunginhallituksen j\u00e4senet Koti-Kajaanissa - Silja Ker\u00e4nen<\/title>\n<meta name=\"robots\" content=\"index, follow, max-snippet:-1, max-image-preview:large, max-video-preview:-1\" \/>\n<link rel=\"canonical\" href=\"https:\/\/siljakeranen.fi\/blogi\/kaupunginhallituksen-jasenet-koti-kajaanissa\/\" \/>\n<meta property=\"og:locale\" content=\"fi_FI\" \/>\n<meta property=\"og:type\" content=\"article\" \/>\n<meta property=\"og:title\" content=\"Kaupunginhallituksen j\u00e4senet Koti-Kajaanissa - Silja Ker\u00e4nen\" \/>\n<meta property=\"og:description\" content=\"Jatka lausetta: Olen hyv\u00e4 poliitikko, koska tykk\u00e4\u00e4n t\u00e4st\u00e4 meid\u00e4n kaupungista &amp; maakunnasta. Haluan my\u00f6s tehd\u00e4 maailmasta paremman paikan el\u00e4\u00e4, jotta maapallo s\u00e4ilyisi elinkelpoisena. Innokkuuden lis\u00e4ksi diplomi-insin\u00f6\u00f6rin koulutus, monipuolinen ty\u00f6kokemus sek\u00e4 touhut partiossa auttavat saamaan asioita oikeasti my\u00f6s aikaiseksi. Luottamusteht\u00e4viss\u00e4 tavoitteenani on edist\u00e4\u00e4 vihre\u00e4\u00e4n arvomaailmaan kuuluvia asioita (mm. ekologinen kest\u00e4vyys, avoin keskustelukulttuuri, koulutukseen &amp; osaamiseen panostaminen, [&hellip;]\" \/>\n<meta property=\"og:url\" content=\"https:\/\/siljakeranen.fi\/blogi\/kaupunginhallituksen-jasenet-koti-kajaanissa\/\" \/>\n<meta property=\"og:site_name\" content=\"Silja Ker\u00e4nen\" \/>\n<meta property=\"article:publisher\" content=\"https:\/\/www.facebook.com\/siljamkeranen\" \/>\n<meta property=\"article:author\" content=\"https:\/\/www.facebook.com\/siljamkeranen\" \/>\n<meta property=\"article:published_time\" content=\"2018-02-08T10:18:57+00:00\" \/>\n<meta property=\"article:modified_time\" content=\"2019-01-11T20:07:17+00:00\" \/>\n<meta property=\"og:image\" content=\"http:\/\/siljakeranen.fi\/blogi\/wp-content\/uploads\/2018\/02\/2018-2-KotiKajaani-kh-ja\u0308senet-451x1024.jpg\" \/>\n<meta name=\"author\" content=\"Silja\" \/>\n<meta name=\"twitter:card\" content=\"summary_large_image\" \/>\n<meta name=\"twitter:creator\" content=\"@https:\/\/twitter.com\/SiljaMP\" \/>\n<meta name=\"twitter:site\" content=\"@SiljaMP\" \/>\n<meta name=\"twitter:label1\" content=\"Kirjoittanut\" \/>\n\t<meta name=\"twitter:data1\" content=\"Silja\" \/>\n\t<meta name=\"twitter:label2\" content=\"Arvioitu lukuaika\" \/>\n\t<meta name=\"twitter:data2\" content=\"3 minuuttia\" \/>\n<script type=\"application\/ld+json\" class=\"yoast-schema-graph\">{\"@context\":\"https:\\\/\\\/schema.org\",\"@graph\":[{\"@type\":\"Article\",\"@id\":\"https:\\\/\\\/siljakeranen.fi\\\/blogi\\\/kaupunginhallituksen-jasenet-koti-kajaanissa\\\/#article\",\"isPartOf\":{\"@id\":\"https:\\\/\\\/siljakeranen.fi\\\/blogi\\\/kaupunginhallituksen-jasenet-koti-kajaanissa\\\/\"},\"author\":{\"name\":\"Silja\",\"@id\":\"https:\\\/\\\/siljakeranen.fi\\\/blogi\\\/#\\\/schema\\\/person\\\/d43605ef0d5681c1b27a4ba1fede1cf4\"},\"headline\":\"Kaupunginhallituksen j\u00e4senet Koti-Kajaanissa\",\"datePublished\":\"2018-02-08T10:18:57+00:00\",\"dateModified\":\"2019-01-11T20:07:17+00:00\",\"mainEntityOfPage\":{\"@id\":\"https:\\\/\\\/siljakeranen.fi\\\/blogi\\\/kaupunginhallituksen-jasenet-koti-kajaanissa\\\/\"},\"wordCount\":562,\"commentCount\":0,\"publisher\":{\"@id\":\"https:\\\/\\\/siljakeranen.fi\\\/blogi\\\/#\\\/schema\\\/person\\\/d43605ef0d5681c1b27a4ba1fede1cf4\"},\"articleSection\":[\"Ilmastonmuutos\",\"Kajaani\",\"Kaupunginhallitus\",\"Koulutus\",\"Lapset &amp; nuoret\",\"Maailmanparannus\",\"Politiikka\",\"Vihre\u00e4t\",\"Ymp\u00e4rist\u00f6\",\"Yritt\u00e4jyys &amp; elinkeinot\"],\"inLanguage\":\"fi\",\"potentialAction\":[{\"@type\":\"CommentAction\",\"name\":\"Comment\",\"target\":[\"https:\\\/\\\/siljakeranen.fi\\\/blogi\\\/kaupunginhallituksen-jasenet-koti-kajaanissa\\\/#respond\"]}]},{\"@type\":\"WebPage\",\"@id\":\"https:\\\/\\\/siljakeranen.fi\\\/blogi\\\/kaupunginhallituksen-jasenet-koti-kajaanissa\\\/\",\"url\":\"https:\\\/\\\/siljakeranen.fi\\\/blogi\\\/kaupunginhallituksen-jasenet-koti-kajaanissa\\\/\",\"name\":\"Kaupunginhallituksen j\u00e4senet Koti-Kajaanissa - Silja Ker\u00e4nen\",\"isPartOf\":{\"@id\":\"https:\\\/\\\/siljakeranen.fi\\\/blogi\\\/#website\"},\"datePublished\":\"2018-02-08T10:18:57+00:00\",\"dateModified\":\"2019-01-11T20:07:17+00:00\",\"breadcrumb\":{\"@id\":\"https:\\\/\\\/siljakeranen.fi\\\/blogi\\\/kaupunginhallituksen-jasenet-koti-kajaanissa\\\/#breadcrumb\"},\"inLanguage\":\"fi\",\"potentialAction\":[{\"@type\":\"ReadAction\",\"target\":[\"https:\\\/\\\/siljakeranen.fi\\\/blogi\\\/kaupunginhallituksen-jasenet-koti-kajaanissa\\\/\"]}]},{\"@type\":\"BreadcrumbList\",\"@id\":\"https:\\\/\\\/siljakeranen.fi\\\/blogi\\\/kaupunginhallituksen-jasenet-koti-kajaanissa\\\/#breadcrumb\",\"itemListElement\":[{\"@type\":\"ListItem\",\"position\":1,\"name\":\"Etusivu\",\"item\":\"https:\\\/\\\/siljakeranen.fi\\\/blogi\\\/\"},{\"@type\":\"ListItem\",\"position\":2,\"name\":\"Kaupunginhallituksen j\u00e4senet Koti-Kajaanissa\"}]},{\"@type\":\"WebSite\",\"@id\":\"https:\\\/\\\/siljakeranen.fi\\\/blogi\\\/#website\",\"url\":\"https:\\\/\\\/siljakeranen.fi\\\/blogi\\\/\",\"name\":\"Silja Ker\u00e4nen\",\"description\":\"Silja Ker\u00e4nen, kainuulainen vihre\u00e4 poliitikko\",\"publisher\":{\"@id\":\"https:\\\/\\\/siljakeranen.fi\\\/blogi\\\/#\\\/schema\\\/person\\\/d43605ef0d5681c1b27a4ba1fede1cf4\"},\"potentialAction\":[{\"@type\":\"SearchAction\",\"target\":{\"@type\":\"EntryPoint\",\"urlTemplate\":\"https:\\\/\\\/siljakeranen.fi\\\/blogi\\\/?s={search_term_string}\"},\"query-input\":{\"@type\":\"PropertyValueSpecification\",\"valueRequired\":true,\"valueName\":\"search_term_string\"}}],\"inLanguage\":\"fi\"},{\"@type\":[\"Person\",\"Organization\"],\"@id\":\"https:\\\/\\\/siljakeranen.fi\\\/blogi\\\/#\\\/schema\\\/person\\\/d43605ef0d5681c1b27a4ba1fede1cf4\",\"name\":\"Silja\",\"image\":{\"@type\":\"ImageObject\",\"inLanguage\":\"fi\",\"@id\":\"https:\\\/\\\/siljakeranen.fi\\\/blogi\\\/wp-content\\\/uploads\\\/2023\\\/01\\\/cropped-silja_250x100.png\",\"url\":\"https:\\\/\\\/siljakeranen.fi\\\/blogi\\\/wp-content\\\/uploads\\\/2023\\\/01\\\/cropped-silja_250x100.png\",\"contentUrl\":\"https:\\\/\\\/siljakeranen.fi\\\/blogi\\\/wp-content\\\/uploads\\\/2023\\\/01\\\/cropped-silja_250x100.png\",\"width\":250,\"height\":100,\"caption\":\"Silja\"},\"logo\":{\"@id\":\"https:\\\/\\\/siljakeranen.fi\\\/blogi\\\/wp-content\\\/uploads\\\/2023\\\/01\\\/cropped-silja_250x100.png\"},\"sameAs\":[\"http:\\\/\\\/www.siljakeranen.fi\",\"https:\\\/\\\/www.facebook.com\\\/siljamkeranen\",\"https:\\\/\\\/www.instagram.com\\\/siljakeranen\\\/\",\"https:\\\/\\\/www.linkedin.com\\\/in\\\/silja-kernen-4331b548\\\/\",\"https:\\\/\\\/x.com\\\/https:\\\/\\\/twitter.com\\\/SiljaMP\",\"https:\\\/\\\/www.youtube.com\\\/channel\\\/UC0MWeuoWP4-Mjs1z8pIv3GQ\",\"https:\\\/\\\/fi.wikipedia.org\\\/wiki\\\/Silja_Kernen\"],\"url\":\"https:\\\/\\\/siljakeranen.fi\\\/blogi\\\/author\\\/admin\\\/\"}]}<\/script>\n<!-- \/ Yoast SEO plugin. -->","yoast_head_json":{"title":"Kaupunginhallituksen j\u00e4senet Koti-Kajaanissa - Silja Ker\u00e4nen","robots":{"index":"index","follow":"follow","max-snippet":"max-snippet:-1","max-image-preview":"max-image-preview:large","max-video-preview":"max-video-preview:-1"},"canonical":"https:\/\/siljakeranen.fi\/blogi\/kaupunginhallituksen-jasenet-koti-kajaanissa\/","og_locale":"fi_FI","og_type":"article","og_title":"Kaupunginhallituksen j\u00e4senet Koti-Kajaanissa - Silja Ker\u00e4nen","og_description":"Jatka lausetta: Olen hyv\u00e4 poliitikko, koska tykk\u00e4\u00e4n t\u00e4st\u00e4 meid\u00e4n kaupungista &amp; maakunnasta. Haluan my\u00f6s tehd\u00e4 maailmasta paremman paikan el\u00e4\u00e4, jotta maapallo s\u00e4ilyisi elinkelpoisena. Innokkuuden lis\u00e4ksi diplomi-insin\u00f6\u00f6rin koulutus, monipuolinen ty\u00f6kokemus sek\u00e4 touhut partiossa auttavat saamaan asioita oikeasti my\u00f6s aikaiseksi. Luottamusteht\u00e4viss\u00e4 tavoitteenani on edist\u00e4\u00e4 vihre\u00e4\u00e4n arvomaailmaan kuuluvia asioita (mm. ekologinen kest\u00e4vyys, avoin keskustelukulttuuri, koulutukseen &amp; osaamiseen panostaminen, [&hellip;]","og_url":"https:\/\/siljakeranen.fi\/blogi\/kaupunginhallituksen-jasenet-koti-kajaanissa\/","og_site_name":"Silja Ker\u00e4nen","article_publisher":"https:\/\/www.facebook.com\/siljamkeranen","article_author":"https:\/\/www.facebook.com\/siljamkeranen","article_published_time":"2018-02-08T10:18:57+00:00","article_modified_time":"2019-01-11T20:07:17+00:00","og_image":[{"url":"http:\/\/siljakeranen.fi\/blogi\/wp-content\/uploads\/2018\/02\/2018-2-KotiKajaani-kh-ja\u0308senet-451x1024.jpg","type":"","width":"","height":""}],"author":"Silja","twitter_card":"summary_large_image","twitter_creator":"@https:\/\/twitter.com\/SiljaMP","twitter_site":"@SiljaMP","twitter_misc":{"Kirjoittanut":"Silja","Arvioitu lukuaika":"3 minuuttia"},"schema":{"@context":"https:\/\/schema.org","@graph":[{"@type":"Article","@id":"https:\/\/siljakeranen.fi\/blogi\/kaupunginhallituksen-jasenet-koti-kajaanissa\/#article","isPartOf":{"@id":"https:\/\/siljakeranen.fi\/blogi\/kaupunginhallituksen-jasenet-koti-kajaanissa\/"},"author":{"name":"Silja","@id":"https:\/\/siljakeranen.fi\/blogi\/#\/schema\/person\/d43605ef0d5681c1b27a4ba1fede1cf4"},"headline":"Kaupunginhallituksen j\u00e4senet Koti-Kajaanissa","datePublished":"2018-02-08T10:18:57+00:00","dateModified":"2019-01-11T20:07:17+00:00","mainEntityOfPage":{"@id":"https:\/\/siljakeranen.fi\/blogi\/kaupunginhallituksen-jasenet-koti-kajaanissa\/"},"wordCount":562,"commentCount":0,"publisher":{"@id":"https:\/\/siljakeranen.fi\/blogi\/#\/schema\/person\/d43605ef0d5681c1b27a4ba1fede1cf4"},"articleSection":["Ilmastonmuutos","Kajaani","Kaupunginhallitus","Koulutus","Lapset &amp; nuoret","Maailmanparannus","Politiikka","Vihre\u00e4t","Ymp\u00e4rist\u00f6","Yritt\u00e4jyys &amp; elinkeinot"],"inLanguage":"fi","potentialAction":[{"@type":"CommentAction","name":"Comment","target":["https:\/\/siljakeranen.fi\/blogi\/kaupunginhallituksen-jasenet-koti-kajaanissa\/#respond"]}]},{"@type":"WebPage","@id":"https:\/\/siljakeranen.fi\/blogi\/kaupunginhallituksen-jasenet-koti-kajaanissa\/","url":"https:\/\/siljakeranen.fi\/blogi\/kaupunginhallituksen-jasenet-koti-kajaanissa\/","name":"Kaupunginhallituksen j\u00e4senet Koti-Kajaanissa - Silja Ker\u00e4nen","isPartOf":{"@id":"https:\/\/siljakeranen.fi\/blogi\/#website"},"datePublished":"2018-02-08T10:18:57+00:00","dateModified":"2019-01-11T20:07:17+00:00","breadcrumb":{"@id":"https:\/\/siljakeranen.fi\/blogi\/kaupunginhallituksen-jasenet-koti-kajaanissa\/#breadcrumb"},"inLanguage":"fi","potentialAction":[{"@type":"ReadAction","target":["https:\/\/siljakeranen.fi\/blogi\/kaupunginhallituksen-jasenet-koti-kajaanissa\/"]}]},{"@type":"BreadcrumbList","@id":"https:\/\/siljakeranen.fi\/blogi\/kaupunginhallituksen-jasenet-koti-kajaanissa\/#breadcrumb","itemListElement":[{"@type":"ListItem","position":1,"name":"Etusivu","item":"https:\/\/siljakeranen.fi\/blogi\/"},{"@type":"ListItem","position":2,"name":"Kaupunginhallituksen j\u00e4senet Koti-Kajaanissa"}]},{"@type":"WebSite","@id":"https:\/\/siljakeranen.fi\/blogi\/#website","url":"https:\/\/siljakeranen.fi\/blogi\/","name":"Silja Ker\u00e4nen","description":"Silja Ker\u00e4nen, kainuulainen vihre\u00e4 poliitikko","publisher":{"@id":"https:\/\/siljakeranen.fi\/blogi\/#\/schema\/person\/d43605ef0d5681c1b27a4ba1fede1cf4"},"potentialAction":[{"@type":"SearchAction","target":{"@type":"EntryPoint","urlTemplate":"https:\/\/siljakeranen.fi\/blogi\/?s={search_term_string}"},"query-input":{"@type":"PropertyValueSpecification","valueRequired":true,"valueName":"search_term_string"}}],"inLanguage":"fi"},{"@type":["Person","Organization"],"@id":"https:\/\/siljakeranen.fi\/blogi\/#\/schema\/person\/d43605ef0d5681c1b27a4ba1fede1cf4","name":"Silja","image":{"@type":"ImageObject","inLanguage":"fi","@id":"https:\/\/siljakeranen.fi\/blogi\/wp-content\/uploads\/2023\/01\/cropped-silja_250x100.png","url":"https:\/\/siljakeranen.fi\/blogi\/wp-content\/uploads\/2023\/01\/cropped-silja_250x100.png","contentUrl":"https:\/\/siljakeranen.fi\/blogi\/wp-content\/uploads\/2023\/01\/cropped-silja_250x100.png","width":250,"height":100,"caption":"Silja"},"logo":{"@id":"https:\/\/siljakeranen.fi\/blogi\/wp-content\/uploads\/2023\/01\/cropped-silja_250x100.png"},"sameAs":["http:\/\/www.siljakeranen.fi","https:\/\/www.facebook.com\/siljamkeranen","https:\/\/www.instagram.com\/siljakeranen\/","https:\/\/www.linkedin.com\/in\/silja-kernen-4331b548\/","https:\/\/x.com\/https:\/\/twitter.com\/SiljaMP","https:\/\/www.youtube.com\/channel\/UC0MWeuoWP4-Mjs1z8pIv3GQ","https:\/\/fi.wikipedia.org\/wiki\/Silja_Kernen"],"url":"https:\/\/siljakeranen.fi\/blogi\/author\/admin\/"}]}},"_links":{"self":[{"href":"https:\/\/siljakeranen.fi\/blogi\/wp-json\/wp\/v2\/posts\/1215","targetHints":{"allow":["GET"]}}],"collection":[{"href":"https:\/\/siljakeranen.fi\/blogi\/wp-json\/wp\/v2\/posts"}],"about":[{"href":"https:\/\/siljakeranen.fi\/blogi\/wp-json\/wp\/v2\/types\/post"}],"author":[{"embeddable":true,"href":"https:\/\/siljakeranen.fi\/blogi\/wp-json\/wp\/v2\/users\/1"}],"replies":[{"embeddable":true,"href":"https:\/\/siljakeranen.fi\/blogi\/wp-json\/wp\/v2\/comments?post=1215"}],"version-history":[{"count":2,"href":"https:\/\/siljakeranen.fi\/blogi\/wp-json\/wp\/v2\/posts\/1215\/revisions"}],"predecessor-version":[{"id":1218,"href":"https:\/\/siljakeranen.fi\/blogi\/wp-json\/wp\/v2\/posts\/1215\/revisions\/1218"}],"wp:attachment":[{"href":"https:\/\/siljakeranen.fi\/blogi\/wp-json\/wp\/v2\/media?parent=1215"}],"wp:term":[{"taxonomy":"category","embeddable":true,"href":"https:\/\/siljakeranen.fi\/blogi\/wp-json\/wp\/v2\/categories?post=1215"},{"taxonomy":"post_tag","embeddable":true,"href":"https:\/\/siljakeranen.fi\/blogi\/wp-json\/wp\/v2\/tags?post=1215"}],"curies":[{"name":"wp","href":"https:\/\/api.w.org\/{rel}","templated":true}]}}