{"id":1243,"date":"2018-07-18T18:02:08","date_gmt":"2018-07-18T15:02:08","guid":{"rendered":"http:\/\/siljakeranen.fi\/blogi\/?p=1243"},"modified":"2019-01-11T22:15:45","modified_gmt":"2019-01-11T20:15:45","slug":"buustia-puurakentamiseen","status":"publish","type":"post","link":"https:\/\/siljakeranen.fi\/blogi\/buustia-puurakentamiseen\/","title":{"rendered":"Buustia puurakentamiseen"},"content":{"rendered":"<p>\u201dNo, kun ei se puu oikein ole n\u00e4iden julkisten rakennusten materiaali\u201d, saatiin me Kajaanin p\u00e4\u00e4tt\u00e4j\u00e4t muutama vuosi sitten kuulla. Erehdyttiin nimitt\u00e4in kysym\u00e4\u00e4n, miksi uutta koulukeskusta ei rakenneta puusta.<\/p>\n<p>Kuhmossa ja Pudasj\u00e4rvell\u00e4 t\u00e4llaista fysiikan lakia ei ole ollut tiedossa. Molempiin kuntiin on noussut uudet hienot puukoulut.<\/p>\n<p>Hyv\u00e4 Kuhmo ja Pudasj\u00e4rvi!<\/p>\n<p>H\u00e4mment\u00e4vint\u00e4 puurakentamiseen liittyv\u00e4ss\u00e4 p\u00e4\u00e4t\u00f6ksenteossa on se, ett\u00e4 poliitikkojen keskuudessa yksimielisyys on aika vahva. Ja my\u00f6s puoluerajat totisesti ylitt\u00e4v\u00e4: vihre\u00e4t ja perussuomalaiset ovat samoilla linjoilla.<\/p>\n<p>Viranhaltijoille t\u00e4m\u00e4 tuntuu jostain syyst\u00e4 olevan vaikeinta. Syyt pit\u00e4isi kyll\u00e4 selvitt\u00e4\u00e4 ja purkaa, koska sen verran t\u00e4rke\u00e4st\u00e4 asiasta on kyse.<\/p>\n<p>Puurakentaminen on yksi keskeinen tapa hillit\u00e4 ilmastonmuutosta. Puurakennus kun sitoo hiilen pois ilmakeh\u00e4st\u00e4 vuosikymmeniksi.<\/p>\n<p>Kuhmon puukouluun k\u00e4ytettiin 2\u00a0000 kuutiometri\u00e4 puuta. Yksi puukuutio sitoo noin yhden tonnin hiilt\u00e4. 2\u00a0000 kuutiota sitoo siis 2\u00a0000 tonnia hiilt\u00e4.<\/p>\n<p>Se vastaa noin 220 suomalaisen keskim\u00e4\u00e4r\u00e4isi\u00e4 hiilidioksidip\u00e4\u00e4st\u00f6j\u00e4 vuodessa. Vastaavia kouluja pit\u00e4isi siis rakentaa joka vuosi yli 20 000 kappaletta, jotta suomalaisten kaikki hiilidioksidip\u00e4\u00e4st\u00f6t saataisiin sidottua.<\/p>\n<p>Nyt tuli v\u00e4h\u00e4n yksinkertaistettua, mutta suuruusluokkien hahmottaminen on oleellista. Ilmastonmuutoksen hillitsemiseksi eli hiilidioksidip\u00e4\u00e4st\u00f6jen v\u00e4hent\u00e4miseksi on teht\u00e4v\u00e4 valtavan suuria asioita.<\/p>\n<p>Pari puukoulua eiv\u00e4t siis maailmaa pelasta, mutta ovat askel oikeaan suuntaan. Jos Kuhmon koulu olisi rakennettu betonista, rakennusmateriaaleista olisi tullut p\u00e4\u00e4st\u00f6j\u00e4.<\/p>\n<p>Suunta on, ainakin minusta, selv\u00e4: rakentamisessa tulee siirty\u00e4 k\u00e4ytt\u00e4m\u00e4\u00e4n puuta. Aina se ei tietenk\u00e4\u00e4n ole j\u00e4rkev\u00e4\u00e4 tai mahdollista teknisist\u00e4 tai kaupunkikuvallisista syist\u00e4. Eik\u00e4 yksik\u00e4\u00e4n nykyrakennus ole pelkk\u00e4\u00e4 puuta: betonia ja ter\u00e4st\u00e4 tarvitaan edelleen.<\/p>\n<p>Mit\u00e4 sitten pit\u00e4isi tehd\u00e4? Poliittista painetta tarvitaan lis\u00e4\u00e4. P\u00e4\u00e4t\u00f6ksi\u00e4 ja p\u00e4\u00e4t\u00f6sten toteuttamisen seurantaa.<\/p>\n<p>Puurakentamisen ymp\u00e4rist\u00f6vaikutukset kannattaisi tuoda nykyist\u00e4 selvemmin esille. Nyt sain ihan itse kaivella ja laskeskella yll\u00e4 olevat luvut. Ilmiselv\u00e4\u00e4 markkinointimateriaaliin kuuluvaa dataa ei l\u00f6ytynyt valmiina mist\u00e4\u00e4n.<\/p>\n<p>Vaikka olenkin puurakentamisen vankka kannattaja, ei pid\u00e4 laput silmill\u00e4 s\u00e4nn\u00e4t\u00e4 jotain kohti. Rakennusten k\u00e4ytt\u00f6ik\u00e4\u00e4 tulee ylip\u00e4\u00e4t\u00e4ns\u00e4 kasvattaa ja niiden k\u00e4yt\u00f6naikaista energiankulutusta v\u00e4hent\u00e4\u00e4.<\/p>\n<p>Kaupungistumisen hengess\u00e4 tapahtuvan maailman uudelleenrakentamisen ymp\u00e4rist\u00f6vaikutukset kyll\u00e4 mietitytt\u00e4v\u00e4t. Ja lis\u00e4ksi suomalaisen mets\u00e4talouden kest\u00e4vyydess\u00e4 on viel\u00e4 tekemist\u00e4.<\/p>\n<p>Kaikesta huolimatta n\u00e4en, ett\u00e4 puurakentamiseen tarvitaan todellista buustia. Puu kun on erinomainen rakennusmateriaali. My\u00f6s niiden julkisten rakennusten.<\/p>\n<p>&#8212;&#8211;<br \/>\nKirjoitus on julkaistu<a href=\"https:\/\/www.maaseuduntulevaisuus.fi\/puheenaiheet\/kolumni\/artikkeli-1.271360\" target=\"_blank\" rel=\"noopener\"> Maaseudun tulevaisuudessa 18.7.2018<\/a>.<\/p>\n<div style=\"padding-bottom:20px; padding-top:10px;\" class=\"hupso-share-buttons\"><!-- Hupso Share Buttons - https:\/\/www.hupso.com\/share\/ --><a class=\"hupso_counters\" href=\"https:\/\/www.hupso.com\/share\/\"><img decoding=\"async\" src=\"https:\/\/static.hupso.com\/share\/buttons\/share-small.png\" style=\"border:0px; padding-top:2px; float:left;\" alt=\"Share Button\"\/><\/a><script type=\"text\/javascript\">var hupso_services_c=new Array(\"twitter\",\"facebook_like\",\"facebook_send\",\"google\");var hupso_counters_lang = \"en_US\";var hupso_image_folder_url = \"\";var hupso_url_c=\"\";var hupso_title_c=\"Buustia%20puurakentamiseen\";<\/script><script type=\"text\/javascript\" src=\"https:\/\/static.hupso.com\/share\/js\/counters.js\"><\/script><!-- Hupso Share Buttons --><\/div>","protected":false},"excerpt":{"rendered":"<p>\u201dNo, kun ei se puu oikein ole n\u00e4iden julkisten rakennusten materiaali\u201d, saatiin me Kajaanin p\u00e4\u00e4tt\u00e4j\u00e4t muutama vuosi sitten kuulla. Erehdyttiin nimitt\u00e4in kysym\u00e4\u00e4n, miksi uutta koulukeskusta ei rakenneta puusta. Kuhmossa ja Pudasj\u00e4rvell\u00e4 t\u00e4llaista fysiikan lakia ei ole ollut tiedossa. Molempiin kuntiin on noussut uudet hienot puukoulut. Hyv\u00e4 Kuhmo ja Pudasj\u00e4rvi! H\u00e4mment\u00e4vint\u00e4 puurakentamiseen liittyv\u00e4ss\u00e4 p\u00e4\u00e4t\u00f6ksenteossa on se, [&hellip;]<\/p>\n<div style=\"padding-bottom:20px; padding-top:10px;\" class=\"hupso-share-buttons\"><!-- Hupso Share Buttons - https:\/\/www.hupso.com\/share\/ --><a class=\"hupso_counters\" href=\"https:\/\/www.hupso.com\/share\/\"><img src=\"https:\/\/static.hupso.com\/share\/buttons\/share-small.png\" style=\"border:0px; padding-top:2px; float:left;\" alt=\"Share Button\"\/><\/a><script type=\"text\/javascript\">var hupso_services_c=new Array(\"twitter\",\"facebook_like\",\"facebook_send\",\"google\");var hupso_counters_lang = \"en_US\";var hupso_image_folder_url = \"\";var hupso_url_c=\"\";var hupso_title_c=\"Buustia%20puurakentamiseen\";<\/script><script type=\"text\/javascript\" src=\"https:\/\/static.hupso.com\/share\/js\/counters.js\"><\/script><!-- Hupso Share Buttons --><\/div>","protected":false},"author":1,"featured_media":0,"comment_status":"open","ping_status":"closed","sticky":false,"template":"","format":"standard","meta":{"ngg_post_thumbnail":0,"footnotes":""},"categories":[27,7,8,1,20,6,10,30],"tags":[],"class_list":["post-1243","post","type-post","status-publish","format-standard","hentry","category-ilmastonmuutos","category-kainuu","category-kajaani","category-uncategorized","category-metsa","category-politiikka","category-vihreat","category-yrittajyys-elinkeinot"],"yoast_head":"<!-- This site is optimized with the Yoast SEO plugin v27.3 - https:\/\/yoast.com\/product\/yoast-seo-wordpress\/ -->\n<title>Buustia puurakentamiseen - Silja Ker\u00e4nen<\/title>\n<meta name=\"robots\" content=\"index, follow, max-snippet:-1, max-image-preview:large, max-video-preview:-1\" \/>\n<link rel=\"canonical\" href=\"https:\/\/siljakeranen.fi\/blogi\/buustia-puurakentamiseen\/\" \/>\n<meta property=\"og:locale\" content=\"fi_FI\" \/>\n<meta property=\"og:type\" content=\"article\" \/>\n<meta property=\"og:title\" content=\"Buustia puurakentamiseen - Silja Ker\u00e4nen\" \/>\n<meta property=\"og:description\" content=\"\u201dNo, kun ei se puu oikein ole n\u00e4iden julkisten rakennusten materiaali\u201d, saatiin me Kajaanin p\u00e4\u00e4tt\u00e4j\u00e4t muutama vuosi sitten kuulla. Erehdyttiin nimitt\u00e4in kysym\u00e4\u00e4n, miksi uutta koulukeskusta ei rakenneta puusta. Kuhmossa ja Pudasj\u00e4rvell\u00e4 t\u00e4llaista fysiikan lakia ei ole ollut tiedossa. Molempiin kuntiin on noussut uudet hienot puukoulut. Hyv\u00e4 Kuhmo ja Pudasj\u00e4rvi! H\u00e4mment\u00e4vint\u00e4 puurakentamiseen liittyv\u00e4ss\u00e4 p\u00e4\u00e4t\u00f6ksenteossa on se, [&hellip;]\" \/>\n<meta property=\"og:url\" content=\"https:\/\/siljakeranen.fi\/blogi\/buustia-puurakentamiseen\/\" \/>\n<meta property=\"og:site_name\" content=\"Silja Ker\u00e4nen\" \/>\n<meta property=\"article:publisher\" content=\"https:\/\/www.facebook.com\/siljamkeranen\" \/>\n<meta property=\"article:author\" content=\"https:\/\/www.facebook.com\/siljamkeranen\" \/>\n<meta property=\"article:published_time\" content=\"2018-07-18T15:02:08+00:00\" \/>\n<meta property=\"article:modified_time\" content=\"2019-01-11T20:15:45+00:00\" \/>\n<meta property=\"og:image\" content=\"https:\/\/siljakeranen.fi\/blogi\/wp-content\/uploads\/2023\/01\/3L3A1767_valmis-pinempi.jpeg\" \/>\n\t<meta property=\"og:image:width\" content=\"1613\" \/>\n\t<meta property=\"og:image:height\" content=\"1075\" \/>\n\t<meta property=\"og:image:type\" content=\"image\/jpeg\" \/>\n<meta name=\"author\" content=\"Silja\" \/>\n<meta name=\"twitter:card\" content=\"summary_large_image\" \/>\n<meta name=\"twitter:creator\" content=\"@https:\/\/twitter.com\/SiljaMP\" \/>\n<meta name=\"twitter:site\" content=\"@SiljaMP\" \/>\n<meta name=\"twitter:label1\" content=\"Kirjoittanut\" \/>\n\t<meta name=\"twitter:data1\" content=\"Silja\" \/>\n\t<meta name=\"twitter:label2\" content=\"Arvioitu lukuaika\" \/>\n\t<meta name=\"twitter:data2\" content=\"2 minuuttia\" \/>\n<script type=\"application\/ld+json\" class=\"yoast-schema-graph\">{\"@context\":\"https:\\\/\\\/schema.org\",\"@graph\":[{\"@type\":\"Article\",\"@id\":\"https:\\\/\\\/siljakeranen.fi\\\/blogi\\\/buustia-puurakentamiseen\\\/#article\",\"isPartOf\":{\"@id\":\"https:\\\/\\\/siljakeranen.fi\\\/blogi\\\/buustia-puurakentamiseen\\\/\"},\"author\":{\"name\":\"Silja\",\"@id\":\"https:\\\/\\\/siljakeranen.fi\\\/blogi\\\/#\\\/schema\\\/person\\\/d43605ef0d5681c1b27a4ba1fede1cf4\"},\"headline\":\"Buustia puurakentamiseen\",\"datePublished\":\"2018-07-18T15:02:08+00:00\",\"dateModified\":\"2019-01-11T20:15:45+00:00\",\"mainEntityOfPage\":{\"@id\":\"https:\\\/\\\/siljakeranen.fi\\\/blogi\\\/buustia-puurakentamiseen\\\/\"},\"wordCount\":394,\"commentCount\":0,\"publisher\":{\"@id\":\"https:\\\/\\\/siljakeranen.fi\\\/blogi\\\/#\\\/schema\\\/person\\\/d43605ef0d5681c1b27a4ba1fede1cf4\"},\"articleSection\":[\"Ilmastonmuutos\",\"Kainuu\",\"Kajaani\",\"Maaseudun Tulevaisuus Mets\u00e4-kolumni\",\"Mets\u00e4\",\"Politiikka\",\"Vihre\u00e4t\",\"Yritt\u00e4jyys &amp; elinkeinot\"],\"inLanguage\":\"fi\",\"potentialAction\":[{\"@type\":\"CommentAction\",\"name\":\"Comment\",\"target\":[\"https:\\\/\\\/siljakeranen.fi\\\/blogi\\\/buustia-puurakentamiseen\\\/#respond\"]}]},{\"@type\":\"WebPage\",\"@id\":\"https:\\\/\\\/siljakeranen.fi\\\/blogi\\\/buustia-puurakentamiseen\\\/\",\"url\":\"https:\\\/\\\/siljakeranen.fi\\\/blogi\\\/buustia-puurakentamiseen\\\/\",\"name\":\"Buustia puurakentamiseen - Silja Ker\u00e4nen\",\"isPartOf\":{\"@id\":\"https:\\\/\\\/siljakeranen.fi\\\/blogi\\\/#website\"},\"datePublished\":\"2018-07-18T15:02:08+00:00\",\"dateModified\":\"2019-01-11T20:15:45+00:00\",\"breadcrumb\":{\"@id\":\"https:\\\/\\\/siljakeranen.fi\\\/blogi\\\/buustia-puurakentamiseen\\\/#breadcrumb\"},\"inLanguage\":\"fi\",\"potentialAction\":[{\"@type\":\"ReadAction\",\"target\":[\"https:\\\/\\\/siljakeranen.fi\\\/blogi\\\/buustia-puurakentamiseen\\\/\"]}]},{\"@type\":\"BreadcrumbList\",\"@id\":\"https:\\\/\\\/siljakeranen.fi\\\/blogi\\\/buustia-puurakentamiseen\\\/#breadcrumb\",\"itemListElement\":[{\"@type\":\"ListItem\",\"position\":1,\"name\":\"Etusivu\",\"item\":\"https:\\\/\\\/siljakeranen.fi\\\/blogi\\\/\"},{\"@type\":\"ListItem\",\"position\":2,\"name\":\"Buustia puurakentamiseen\"}]},{\"@type\":\"WebSite\",\"@id\":\"https:\\\/\\\/siljakeranen.fi\\\/blogi\\\/#website\",\"url\":\"https:\\\/\\\/siljakeranen.fi\\\/blogi\\\/\",\"name\":\"Silja Ker\u00e4nen\",\"description\":\"Silja Ker\u00e4nen, kainuulainen vihre\u00e4 poliitikko\",\"publisher\":{\"@id\":\"https:\\\/\\\/siljakeranen.fi\\\/blogi\\\/#\\\/schema\\\/person\\\/d43605ef0d5681c1b27a4ba1fede1cf4\"},\"potentialAction\":[{\"@type\":\"SearchAction\",\"target\":{\"@type\":\"EntryPoint\",\"urlTemplate\":\"https:\\\/\\\/siljakeranen.fi\\\/blogi\\\/?s={search_term_string}\"},\"query-input\":{\"@type\":\"PropertyValueSpecification\",\"valueRequired\":true,\"valueName\":\"search_term_string\"}}],\"inLanguage\":\"fi\"},{\"@type\":[\"Person\",\"Organization\"],\"@id\":\"https:\\\/\\\/siljakeranen.fi\\\/blogi\\\/#\\\/schema\\\/person\\\/d43605ef0d5681c1b27a4ba1fede1cf4\",\"name\":\"Silja\",\"image\":{\"@type\":\"ImageObject\",\"inLanguage\":\"fi\",\"@id\":\"https:\\\/\\\/siljakeranen.fi\\\/blogi\\\/wp-content\\\/uploads\\\/2023\\\/01\\\/cropped-silja_250x100.png\",\"url\":\"https:\\\/\\\/siljakeranen.fi\\\/blogi\\\/wp-content\\\/uploads\\\/2023\\\/01\\\/cropped-silja_250x100.png\",\"contentUrl\":\"https:\\\/\\\/siljakeranen.fi\\\/blogi\\\/wp-content\\\/uploads\\\/2023\\\/01\\\/cropped-silja_250x100.png\",\"width\":250,\"height\":100,\"caption\":\"Silja\"},\"logo\":{\"@id\":\"https:\\\/\\\/siljakeranen.fi\\\/blogi\\\/wp-content\\\/uploads\\\/2023\\\/01\\\/cropped-silja_250x100.png\"},\"sameAs\":[\"http:\\\/\\\/www.siljakeranen.fi\",\"https:\\\/\\\/www.facebook.com\\\/siljamkeranen\",\"https:\\\/\\\/www.instagram.com\\\/siljakeranen\\\/\",\"https:\\\/\\\/www.linkedin.com\\\/in\\\/silja-kernen-4331b548\\\/\",\"https:\\\/\\\/x.com\\\/https:\\\/\\\/twitter.com\\\/SiljaMP\",\"https:\\\/\\\/www.youtube.com\\\/channel\\\/UC0MWeuoWP4-Mjs1z8pIv3GQ\",\"https:\\\/\\\/fi.wikipedia.org\\\/wiki\\\/Silja_Kernen\"],\"url\":\"https:\\\/\\\/siljakeranen.fi\\\/blogi\\\/author\\\/admin\\\/\"}]}<\/script>\n<!-- \/ Yoast SEO plugin. -->","yoast_head_json":{"title":"Buustia puurakentamiseen - Silja Ker\u00e4nen","robots":{"index":"index","follow":"follow","max-snippet":"max-snippet:-1","max-image-preview":"max-image-preview:large","max-video-preview":"max-video-preview:-1"},"canonical":"https:\/\/siljakeranen.fi\/blogi\/buustia-puurakentamiseen\/","og_locale":"fi_FI","og_type":"article","og_title":"Buustia puurakentamiseen - Silja Ker\u00e4nen","og_description":"\u201dNo, kun ei se puu oikein ole n\u00e4iden julkisten rakennusten materiaali\u201d, saatiin me Kajaanin p\u00e4\u00e4tt\u00e4j\u00e4t muutama vuosi sitten kuulla. Erehdyttiin nimitt\u00e4in kysym\u00e4\u00e4n, miksi uutta koulukeskusta ei rakenneta puusta. Kuhmossa ja Pudasj\u00e4rvell\u00e4 t\u00e4llaista fysiikan lakia ei ole ollut tiedossa. Molempiin kuntiin on noussut uudet hienot puukoulut. Hyv\u00e4 Kuhmo ja Pudasj\u00e4rvi! H\u00e4mment\u00e4vint\u00e4 puurakentamiseen liittyv\u00e4ss\u00e4 p\u00e4\u00e4t\u00f6ksenteossa on se, [&hellip;]","og_url":"https:\/\/siljakeranen.fi\/blogi\/buustia-puurakentamiseen\/","og_site_name":"Silja Ker\u00e4nen","article_publisher":"https:\/\/www.facebook.com\/siljamkeranen","article_author":"https:\/\/www.facebook.com\/siljamkeranen","article_published_time":"2018-07-18T15:02:08+00:00","article_modified_time":"2019-01-11T20:15:45+00:00","og_image":[{"width":1613,"height":1075,"url":"https:\/\/siljakeranen.fi\/blogi\/wp-content\/uploads\/2023\/01\/3L3A1767_valmis-pinempi.jpeg","type":"image\/jpeg"}],"author":"Silja","twitter_card":"summary_large_image","twitter_creator":"@https:\/\/twitter.com\/SiljaMP","twitter_site":"@SiljaMP","twitter_misc":{"Kirjoittanut":"Silja","Arvioitu lukuaika":"2 minuuttia"},"schema":{"@context":"https:\/\/schema.org","@graph":[{"@type":"Article","@id":"https:\/\/siljakeranen.fi\/blogi\/buustia-puurakentamiseen\/#article","isPartOf":{"@id":"https:\/\/siljakeranen.fi\/blogi\/buustia-puurakentamiseen\/"},"author":{"name":"Silja","@id":"https:\/\/siljakeranen.fi\/blogi\/#\/schema\/person\/d43605ef0d5681c1b27a4ba1fede1cf4"},"headline":"Buustia puurakentamiseen","datePublished":"2018-07-18T15:02:08+00:00","dateModified":"2019-01-11T20:15:45+00:00","mainEntityOfPage":{"@id":"https:\/\/siljakeranen.fi\/blogi\/buustia-puurakentamiseen\/"},"wordCount":394,"commentCount":0,"publisher":{"@id":"https:\/\/siljakeranen.fi\/blogi\/#\/schema\/person\/d43605ef0d5681c1b27a4ba1fede1cf4"},"articleSection":["Ilmastonmuutos","Kainuu","Kajaani","Maaseudun Tulevaisuus Mets\u00e4-kolumni","Mets\u00e4","Politiikka","Vihre\u00e4t","Yritt\u00e4jyys &amp; elinkeinot"],"inLanguage":"fi","potentialAction":[{"@type":"CommentAction","name":"Comment","target":["https:\/\/siljakeranen.fi\/blogi\/buustia-puurakentamiseen\/#respond"]}]},{"@type":"WebPage","@id":"https:\/\/siljakeranen.fi\/blogi\/buustia-puurakentamiseen\/","url":"https:\/\/siljakeranen.fi\/blogi\/buustia-puurakentamiseen\/","name":"Buustia puurakentamiseen - Silja Ker\u00e4nen","isPartOf":{"@id":"https:\/\/siljakeranen.fi\/blogi\/#website"},"datePublished":"2018-07-18T15:02:08+00:00","dateModified":"2019-01-11T20:15:45+00:00","breadcrumb":{"@id":"https:\/\/siljakeranen.fi\/blogi\/buustia-puurakentamiseen\/#breadcrumb"},"inLanguage":"fi","potentialAction":[{"@type":"ReadAction","target":["https:\/\/siljakeranen.fi\/blogi\/buustia-puurakentamiseen\/"]}]},{"@type":"BreadcrumbList","@id":"https:\/\/siljakeranen.fi\/blogi\/buustia-puurakentamiseen\/#breadcrumb","itemListElement":[{"@type":"ListItem","position":1,"name":"Etusivu","item":"https:\/\/siljakeranen.fi\/blogi\/"},{"@type":"ListItem","position":2,"name":"Buustia puurakentamiseen"}]},{"@type":"WebSite","@id":"https:\/\/siljakeranen.fi\/blogi\/#website","url":"https:\/\/siljakeranen.fi\/blogi\/","name":"Silja Ker\u00e4nen","description":"Silja Ker\u00e4nen, kainuulainen vihre\u00e4 poliitikko","publisher":{"@id":"https:\/\/siljakeranen.fi\/blogi\/#\/schema\/person\/d43605ef0d5681c1b27a4ba1fede1cf4"},"potentialAction":[{"@type":"SearchAction","target":{"@type":"EntryPoint","urlTemplate":"https:\/\/siljakeranen.fi\/blogi\/?s={search_term_string}"},"query-input":{"@type":"PropertyValueSpecification","valueRequired":true,"valueName":"search_term_string"}}],"inLanguage":"fi"},{"@type":["Person","Organization"],"@id":"https:\/\/siljakeranen.fi\/blogi\/#\/schema\/person\/d43605ef0d5681c1b27a4ba1fede1cf4","name":"Silja","image":{"@type":"ImageObject","inLanguage":"fi","@id":"https:\/\/siljakeranen.fi\/blogi\/wp-content\/uploads\/2023\/01\/cropped-silja_250x100.png","url":"https:\/\/siljakeranen.fi\/blogi\/wp-content\/uploads\/2023\/01\/cropped-silja_250x100.png","contentUrl":"https:\/\/siljakeranen.fi\/blogi\/wp-content\/uploads\/2023\/01\/cropped-silja_250x100.png","width":250,"height":100,"caption":"Silja"},"logo":{"@id":"https:\/\/siljakeranen.fi\/blogi\/wp-content\/uploads\/2023\/01\/cropped-silja_250x100.png"},"sameAs":["http:\/\/www.siljakeranen.fi","https:\/\/www.facebook.com\/siljamkeranen","https:\/\/www.instagram.com\/siljakeranen\/","https:\/\/www.linkedin.com\/in\/silja-kernen-4331b548\/","https:\/\/x.com\/https:\/\/twitter.com\/SiljaMP","https:\/\/www.youtube.com\/channel\/UC0MWeuoWP4-Mjs1z8pIv3GQ","https:\/\/fi.wikipedia.org\/wiki\/Silja_Kernen"],"url":"https:\/\/siljakeranen.fi\/blogi\/author\/admin\/"}]}},"_links":{"self":[{"href":"https:\/\/siljakeranen.fi\/blogi\/wp-json\/wp\/v2\/posts\/1243","targetHints":{"allow":["GET"]}}],"collection":[{"href":"https:\/\/siljakeranen.fi\/blogi\/wp-json\/wp\/v2\/posts"}],"about":[{"href":"https:\/\/siljakeranen.fi\/blogi\/wp-json\/wp\/v2\/types\/post"}],"author":[{"embeddable":true,"href":"https:\/\/siljakeranen.fi\/blogi\/wp-json\/wp\/v2\/users\/1"}],"replies":[{"embeddable":true,"href":"https:\/\/siljakeranen.fi\/blogi\/wp-json\/wp\/v2\/comments?post=1243"}],"version-history":[{"count":2,"href":"https:\/\/siljakeranen.fi\/blogi\/wp-json\/wp\/v2\/posts\/1243\/revisions"}],"predecessor-version":[{"id":1245,"href":"https:\/\/siljakeranen.fi\/blogi\/wp-json\/wp\/v2\/posts\/1243\/revisions\/1245"}],"wp:attachment":[{"href":"https:\/\/siljakeranen.fi\/blogi\/wp-json\/wp\/v2\/media?parent=1243"}],"wp:term":[{"taxonomy":"category","embeddable":true,"href":"https:\/\/siljakeranen.fi\/blogi\/wp-json\/wp\/v2\/categories?post=1243"},{"taxonomy":"post_tag","embeddable":true,"href":"https:\/\/siljakeranen.fi\/blogi\/wp-json\/wp\/v2\/tags?post=1243"}],"curies":[{"name":"wp","href":"https:\/\/api.w.org\/{rel}","templated":true}]}}