{"id":1246,"date":"2018-08-01T22:12:56","date_gmt":"2018-08-01T19:12:56","guid":{"rendered":"http:\/\/siljakeranen.fi\/blogi\/?p=1246"},"modified":"2018-08-01T22:12:56","modified_gmt":"2018-08-01T19:12:56","slug":"maahanmuuttoa-ja-tyoperaista-maahanmuuttoa","status":"publish","type":"post","link":"https:\/\/siljakeranen.fi\/blogi\/maahanmuuttoa-ja-tyoperaista-maahanmuuttoa\/","title":{"rendered":"Maahanmuuttoa ja ty\u00f6per\u00e4ist\u00e4 maahanmuuttoa"},"content":{"rendered":"<p><span style=\"font-weight: inherit;\">Maahanmuuttoon liittyvist\u00e4 kirjauksista ollaan nyt vuoden aikana p\u00e4\u00e4ssyt v\u00e4\u00e4nt\u00e4m\u00e4\u00e4n sek\u00e4 Kajaanin ett\u00e4 Kainuun p\u00e4\u00e4t\u00f6ksenteossa.<\/span><\/p>\n<p dir=\"ltr\">Vaikka ne ovat vain sanoja, kuvaavat ne tuntoja ja ajatuksia aika paljon. Puhutaanko me maahanmuutosta vai ty\u00f6per\u00e4isest\u00e4 maahanmuutosta.<\/p>\n<p dir=\"ltr\">Moni haluaa puhua vain j\u00e4lkimm\u00e4isest\u00e4. Minusta se on aika ongelmallista.<\/p>\n<p dir=\"ltr\">Kainuussa on pula osaavasta ty\u00f6voimasta. Ty\u00f6paikkoja on auki, ja ty\u00f6nantajilla on h\u00e4lytt\u00e4v\u00e4n paljon rekrytointiongelmia. Maahanmuutto voi ratkaista osan n\u00e4ist\u00e4 ongelmista.<\/p>\n<p dir=\"ltr\">Eli ty\u00f6per\u00e4inen maahanmuutto on siis ok ja hyv\u00e4 asia. Niin onkin. Mutta ent\u00e4 ne lukuisat rakkauden per\u00e4ss\u00e4 muuttaneet? Eiv\u00e4t he ole ty\u00f6per\u00e4isi\u00e4 maahanmuuttajia.<\/p>\n<p dir=\"ltr\">Tai ent\u00e4 ne humanit\u00e4\u00e4risist\u00e4 syist\u00e4, eli pakolaisina tai turvapaikanhakijoina, t\u00e4nne saapuneet, jotka ovat asettuneet asumaan ja ty\u00f6llistyneet? Eiv\u00e4t hek\u00e4\u00e4n ole ty\u00f6per\u00e4isi\u00e4 maahanmuuttajia.<\/p>\n<p dir=\"ltr\">Ammattikorkeakouluun tulevat ulkomaiset opiskelijat eiv\u00e4t my\u00f6sk\u00e4\u00e4n ole ty\u00f6per\u00e4isi\u00e4 maahanmuuttajia. Heit\u00e4k\u00e4\u00e4nk\u00f6 ei haluta?<\/p>\n<p dir=\"ltr\">Onko oikeasti niin, ett\u00e4 haluamme koittaa houkutella joitain jostain muuttamaan ty\u00f6n per\u00e4ss\u00e4. Ja sitten sanotaan ei toisille, jotka tulevat ensisijaisesti jonkin toisen syyn, eli rakkauden, turvan tai opiskelun, vuoksi.<\/p>\n<p dir=\"ltr\">Minusta t\u00e4llainen yht\u00e4l\u00f6 ei toimi.<b><\/b><\/p>\n<p dir=\"ltr\">Arvelen, ett\u00e4 juurikin Kainuuseen sitoutuneita muuttajia me t\u00e4nne toivomme. Ty\u00f6per\u00e4iset maahanmuuttajat ovat monesti reissuty\u00f6l\u00e4isi\u00e4, joiden koti on jossain muualla ja jotka siten vain py\u00f6r\u00e4ht\u00e4v\u00e4t t\u00e4\u00e4ll\u00e4 t\u00f6iss\u00e4.<b><\/b><\/p>\n<p dir=\"ltr\">Rakkauden, turvan ja opiskelujen vuoksi t\u00e4nne tulevissa on valtavasti potentiaalia. Heist\u00e4 moni haluaa asettua asumaan, kouluttautua, oppia kielen, rakentaa parempaa Kajaania ja tehd\u00e4 t\u00f6it\u00e4.<\/p>\n<p dir=\"ltr\">Kajaanissa meill\u00e4 on erinomaisesti toimiva vastaanottokeskus sek\u00e4 kotouttamisj\u00e4rjestelm\u00e4 r\u00e4\u00e4t\u00e4l\u00f6ityine ammatillisine aikuiskoulutuksineen. Juuri t\u00e4m\u00e4n Suomenkin mittakaavassa edistyksellisen kotouttamisen ansiosta toiminta on t\u00e4\u00e4ll\u00e4 tuloksellista.<b><\/b><\/p>\n<p dir=\"ltr\">Kajaanissa huolehditaan vuosittain 100-200 humanit\u00e4\u00e4risesta maahanmuuttajasta, ja kyet\u00e4\u00e4n suurempaankin m\u00e4\u00e4r\u00e4\u00e4n.<\/p>\n<p dir=\"ltr\">Kajaaniin ei t\u00e4n\u00e4 vuonna tule turvapaikanhakijoita k\u00e4yt\u00e4nn\u00f6ss\u00e4 juuri lainkaan, ja kiinti\u00f6pakolaisia 20. Suomessa vuosittainen pakolaiskiinti\u00f6 on 750. T\u00e4ss\u00e4 on lis\u00e4\u00e4misen varaa sek\u00e4 Kajaanin ett\u00e4 koko maan osalta.<\/p>\n<p dir=\"ltr\">Sanotaan nyt viel\u00e4 varmuuden vuoksi: Minusta maahanmuuttoa ei kannata lis\u00e4t\u00e4 yht\u00e4kki\u00e4 valtavasti, jotta taataan tulijoiden kunnollinen kotoutuminen. Kotouttamiseen on panostettava, radikalisoitumiseen pit\u00e4\u00e4 suhtautua vakavasti ja t\u00e4\u00e4ll\u00e4 on elett\u00e4v\u00e4 maan lakien mukaan.<\/p>\n<p dir=\"ltr\">Meid\u00e4n kannattaa n\u00e4hd\u00e4 t\u00e4nne tulijat mahdollisuuksina. Ei k\u00e4\u00e4nt\u00e4\u00e4 selk\u00e4\u00e4 heille ja tavoitella jotain muuta. Huolehtia, ett\u00e4 he kotiutuvat hyvin.<\/p>\n<p dir=\"ltr\">Se on inhimillist\u00e4: sotaa ja vainoa pakenevat tarvitsevat rauhallisen asuinpaikan ja rakkauden per\u00e4ss\u00e4 tulleet olonsa tervetulleeksi. Se on my\u00f6s j\u00e4rkev\u00e4\u00e4, koska me tarvitsemme ty\u00f6ik\u00e4isi\u00e4 ihmisi\u00e4 sek\u00e4 asukkaita s\u00e4ilytt\u00e4\u00e4ksemme nykyiset palvelut.<\/p>\n<p dir=\"ltr\">&#8212;&#8212;-<br \/>\nKirjoitus on julkaistu Koti-Kajaanin Valtuustosta viisaita -palstalla 21.7.2018.<\/p>\n<p>&nbsp;<\/p>\n<div style=\"padding-bottom:20px; padding-top:10px;\" class=\"hupso-share-buttons\"><!-- Hupso Share Buttons - https:\/\/www.hupso.com\/share\/ --><a class=\"hupso_counters\" href=\"https:\/\/www.hupso.com\/share\/\"><img decoding=\"async\" src=\"https:\/\/static.hupso.com\/share\/buttons\/share-small.png\" style=\"border:0px; padding-top:2px; float:left;\" alt=\"Share Button\"\/><\/a><script type=\"text\/javascript\">var hupso_services_c=new Array(\"twitter\",\"facebook_like\",\"facebook_send\",\"google\");var hupso_counters_lang = \"en_US\";var hupso_image_folder_url = \"\";var hupso_url_c=\"\";var hupso_title_c=\"Maahanmuuttoa%20ja%20ty%C3%B6per%C3%A4ist%C3%A4%20maahanmuuttoa\";<\/script><script type=\"text\/javascript\" src=\"https:\/\/static.hupso.com\/share\/js\/counters.js\"><\/script><!-- Hupso Share Buttons --><\/div>","protected":false},"excerpt":{"rendered":"<p>Maahanmuuttoon liittyvist\u00e4 kirjauksista ollaan nyt vuoden aikana p\u00e4\u00e4ssyt v\u00e4\u00e4nt\u00e4m\u00e4\u00e4n sek\u00e4 Kajaanin ett\u00e4 Kainuun p\u00e4\u00e4t\u00f6ksenteossa. Vaikka ne ovat vain sanoja, kuvaavat ne tuntoja ja ajatuksia aika paljon. Puhutaanko me maahanmuutosta vai ty\u00f6per\u00e4isest\u00e4 maahanmuutosta. Moni haluaa puhua vain j\u00e4lkimm\u00e4isest\u00e4. Minusta se on aika ongelmallista. Kainuussa on pula osaavasta ty\u00f6voimasta. Ty\u00f6paikkoja on auki, ja ty\u00f6nantajilla on h\u00e4lytt\u00e4v\u00e4n paljon [&hellip;]<\/p>\n<div style=\"padding-bottom:20px; padding-top:10px;\" class=\"hupso-share-buttons\"><!-- Hupso Share Buttons - https:\/\/www.hupso.com\/share\/ --><a class=\"hupso_counters\" href=\"https:\/\/www.hupso.com\/share\/\"><img src=\"https:\/\/static.hupso.com\/share\/buttons\/share-small.png\" style=\"border:0px; padding-top:2px; float:left;\" alt=\"Share Button\"\/><\/a><script type=\"text\/javascript\">var hupso_services_c=new Array(\"twitter\",\"facebook_like\",\"facebook_send\",\"google\");var hupso_counters_lang = \"en_US\";var hupso_image_folder_url = \"\";var hupso_url_c=\"\";var hupso_title_c=\"Maahanmuuttoa%20ja%20ty%C3%B6per%C3%A4ist%C3%A4%20maahanmuuttoa\";<\/script><script type=\"text\/javascript\" src=\"https:\/\/static.hupso.com\/share\/js\/counters.js\"><\/script><!-- Hupso Share Buttons --><\/div>","protected":false},"author":1,"featured_media":0,"comment_status":"open","ping_status":"closed","sticky":false,"template":"","format":"standard","meta":{"ngg_post_thumbnail":0,"footnotes":""},"categories":[8,9,11,6,10],"tags":[],"class_list":["post-1246","post","type-post","status-publish","format-standard","hentry","category-kajaani","category-kaupunginhallitus","category-maahanmuutto","category-politiikka","category-vihreat"],"yoast_head":"<!-- This site is optimized with the Yoast SEO plugin v27.3 - https:\/\/yoast.com\/product\/yoast-seo-wordpress\/ -->\n<title>Maahanmuuttoa ja ty\u00f6per\u00e4ist\u00e4 maahanmuuttoa - Silja Ker\u00e4nen<\/title>\n<meta name=\"robots\" content=\"index, follow, max-snippet:-1, max-image-preview:large, max-video-preview:-1\" \/>\n<link rel=\"canonical\" href=\"https:\/\/siljakeranen.fi\/blogi\/maahanmuuttoa-ja-tyoperaista-maahanmuuttoa\/\" \/>\n<meta property=\"og:locale\" content=\"fi_FI\" \/>\n<meta property=\"og:type\" content=\"article\" \/>\n<meta property=\"og:title\" content=\"Maahanmuuttoa ja ty\u00f6per\u00e4ist\u00e4 maahanmuuttoa - Silja Ker\u00e4nen\" \/>\n<meta property=\"og:description\" content=\"Maahanmuuttoon liittyvist\u00e4 kirjauksista ollaan nyt vuoden aikana p\u00e4\u00e4ssyt v\u00e4\u00e4nt\u00e4m\u00e4\u00e4n sek\u00e4 Kajaanin ett\u00e4 Kainuun p\u00e4\u00e4t\u00f6ksenteossa. Vaikka ne ovat vain sanoja, kuvaavat ne tuntoja ja ajatuksia aika paljon. Puhutaanko me maahanmuutosta vai ty\u00f6per\u00e4isest\u00e4 maahanmuutosta. Moni haluaa puhua vain j\u00e4lkimm\u00e4isest\u00e4. Minusta se on aika ongelmallista. Kainuussa on pula osaavasta ty\u00f6voimasta. Ty\u00f6paikkoja on auki, ja ty\u00f6nantajilla on h\u00e4lytt\u00e4v\u00e4n paljon [&hellip;]\" \/>\n<meta property=\"og:url\" content=\"https:\/\/siljakeranen.fi\/blogi\/maahanmuuttoa-ja-tyoperaista-maahanmuuttoa\/\" \/>\n<meta property=\"og:site_name\" content=\"Silja Ker\u00e4nen\" \/>\n<meta property=\"article:publisher\" content=\"https:\/\/www.facebook.com\/siljamkeranen\" \/>\n<meta property=\"article:author\" content=\"https:\/\/www.facebook.com\/siljamkeranen\" \/>\n<meta property=\"article:published_time\" content=\"2018-08-01T19:12:56+00:00\" \/>\n<meta property=\"og:image\" content=\"https:\/\/siljakeranen.fi\/blogi\/wp-content\/uploads\/2023\/01\/3L3A1767_valmis-pinempi.jpeg\" \/>\n\t<meta property=\"og:image:width\" content=\"1613\" \/>\n\t<meta property=\"og:image:height\" content=\"1075\" \/>\n\t<meta property=\"og:image:type\" content=\"image\/jpeg\" \/>\n<meta name=\"author\" content=\"Silja\" \/>\n<meta name=\"twitter:card\" content=\"summary_large_image\" \/>\n<meta name=\"twitter:creator\" content=\"@https:\/\/twitter.com\/SiljaMP\" \/>\n<meta name=\"twitter:site\" content=\"@SiljaMP\" \/>\n<meta name=\"twitter:label1\" content=\"Kirjoittanut\" \/>\n\t<meta name=\"twitter:data1\" content=\"Silja\" \/>\n\t<meta name=\"twitter:label2\" content=\"Arvioitu lukuaika\" \/>\n\t<meta name=\"twitter:data2\" content=\"2 minuuttia\" \/>\n<script type=\"application\/ld+json\" class=\"yoast-schema-graph\">{\"@context\":\"https:\\\/\\\/schema.org\",\"@graph\":[{\"@type\":\"Article\",\"@id\":\"https:\\\/\\\/siljakeranen.fi\\\/blogi\\\/maahanmuuttoa-ja-tyoperaista-maahanmuuttoa\\\/#article\",\"isPartOf\":{\"@id\":\"https:\\\/\\\/siljakeranen.fi\\\/blogi\\\/maahanmuuttoa-ja-tyoperaista-maahanmuuttoa\\\/\"},\"author\":{\"name\":\"Silja\",\"@id\":\"https:\\\/\\\/siljakeranen.fi\\\/blogi\\\/#\\\/schema\\\/person\\\/d43605ef0d5681c1b27a4ba1fede1cf4\"},\"headline\":\"Maahanmuuttoa ja ty\u00f6per\u00e4ist\u00e4 maahanmuuttoa\",\"datePublished\":\"2018-08-01T19:12:56+00:00\",\"mainEntityOfPage\":{\"@id\":\"https:\\\/\\\/siljakeranen.fi\\\/blogi\\\/maahanmuuttoa-ja-tyoperaista-maahanmuuttoa\\\/\"},\"wordCount\":442,\"commentCount\":0,\"publisher\":{\"@id\":\"https:\\\/\\\/siljakeranen.fi\\\/blogi\\\/#\\\/schema\\\/person\\\/d43605ef0d5681c1b27a4ba1fede1cf4\"},\"articleSection\":[\"Kajaani\",\"Kaupunginhallitus\",\"Maahanmuutto\",\"Politiikka\",\"Vihre\u00e4t\"],\"inLanguage\":\"fi\",\"potentialAction\":[{\"@type\":\"CommentAction\",\"name\":\"Comment\",\"target\":[\"https:\\\/\\\/siljakeranen.fi\\\/blogi\\\/maahanmuuttoa-ja-tyoperaista-maahanmuuttoa\\\/#respond\"]}]},{\"@type\":\"WebPage\",\"@id\":\"https:\\\/\\\/siljakeranen.fi\\\/blogi\\\/maahanmuuttoa-ja-tyoperaista-maahanmuuttoa\\\/\",\"url\":\"https:\\\/\\\/siljakeranen.fi\\\/blogi\\\/maahanmuuttoa-ja-tyoperaista-maahanmuuttoa\\\/\",\"name\":\"Maahanmuuttoa ja ty\u00f6per\u00e4ist\u00e4 maahanmuuttoa - Silja Ker\u00e4nen\",\"isPartOf\":{\"@id\":\"https:\\\/\\\/siljakeranen.fi\\\/blogi\\\/#website\"},\"datePublished\":\"2018-08-01T19:12:56+00:00\",\"breadcrumb\":{\"@id\":\"https:\\\/\\\/siljakeranen.fi\\\/blogi\\\/maahanmuuttoa-ja-tyoperaista-maahanmuuttoa\\\/#breadcrumb\"},\"inLanguage\":\"fi\",\"potentialAction\":[{\"@type\":\"ReadAction\",\"target\":[\"https:\\\/\\\/siljakeranen.fi\\\/blogi\\\/maahanmuuttoa-ja-tyoperaista-maahanmuuttoa\\\/\"]}]},{\"@type\":\"BreadcrumbList\",\"@id\":\"https:\\\/\\\/siljakeranen.fi\\\/blogi\\\/maahanmuuttoa-ja-tyoperaista-maahanmuuttoa\\\/#breadcrumb\",\"itemListElement\":[{\"@type\":\"ListItem\",\"position\":1,\"name\":\"Etusivu\",\"item\":\"https:\\\/\\\/siljakeranen.fi\\\/blogi\\\/\"},{\"@type\":\"ListItem\",\"position\":2,\"name\":\"Maahanmuuttoa ja ty\u00f6per\u00e4ist\u00e4 maahanmuuttoa\"}]},{\"@type\":\"WebSite\",\"@id\":\"https:\\\/\\\/siljakeranen.fi\\\/blogi\\\/#website\",\"url\":\"https:\\\/\\\/siljakeranen.fi\\\/blogi\\\/\",\"name\":\"Silja Ker\u00e4nen\",\"description\":\"Silja Ker\u00e4nen, kainuulainen vihre\u00e4 poliitikko\",\"publisher\":{\"@id\":\"https:\\\/\\\/siljakeranen.fi\\\/blogi\\\/#\\\/schema\\\/person\\\/d43605ef0d5681c1b27a4ba1fede1cf4\"},\"potentialAction\":[{\"@type\":\"SearchAction\",\"target\":{\"@type\":\"EntryPoint\",\"urlTemplate\":\"https:\\\/\\\/siljakeranen.fi\\\/blogi\\\/?s={search_term_string}\"},\"query-input\":{\"@type\":\"PropertyValueSpecification\",\"valueRequired\":true,\"valueName\":\"search_term_string\"}}],\"inLanguage\":\"fi\"},{\"@type\":[\"Person\",\"Organization\"],\"@id\":\"https:\\\/\\\/siljakeranen.fi\\\/blogi\\\/#\\\/schema\\\/person\\\/d43605ef0d5681c1b27a4ba1fede1cf4\",\"name\":\"Silja\",\"image\":{\"@type\":\"ImageObject\",\"inLanguage\":\"fi\",\"@id\":\"https:\\\/\\\/siljakeranen.fi\\\/blogi\\\/wp-content\\\/uploads\\\/2023\\\/01\\\/cropped-silja_250x100.png\",\"url\":\"https:\\\/\\\/siljakeranen.fi\\\/blogi\\\/wp-content\\\/uploads\\\/2023\\\/01\\\/cropped-silja_250x100.png\",\"contentUrl\":\"https:\\\/\\\/siljakeranen.fi\\\/blogi\\\/wp-content\\\/uploads\\\/2023\\\/01\\\/cropped-silja_250x100.png\",\"width\":250,\"height\":100,\"caption\":\"Silja\"},\"logo\":{\"@id\":\"https:\\\/\\\/siljakeranen.fi\\\/blogi\\\/wp-content\\\/uploads\\\/2023\\\/01\\\/cropped-silja_250x100.png\"},\"sameAs\":[\"http:\\\/\\\/www.siljakeranen.fi\",\"https:\\\/\\\/www.facebook.com\\\/siljamkeranen\",\"https:\\\/\\\/www.instagram.com\\\/siljakeranen\\\/\",\"https:\\\/\\\/www.linkedin.com\\\/in\\\/silja-kernen-4331b548\\\/\",\"https:\\\/\\\/x.com\\\/https:\\\/\\\/twitter.com\\\/SiljaMP\",\"https:\\\/\\\/www.youtube.com\\\/channel\\\/UC0MWeuoWP4-Mjs1z8pIv3GQ\",\"https:\\\/\\\/fi.wikipedia.org\\\/wiki\\\/Silja_Kernen\"],\"url\":\"https:\\\/\\\/siljakeranen.fi\\\/blogi\\\/author\\\/admin\\\/\"}]}<\/script>\n<!-- \/ Yoast SEO plugin. -->","yoast_head_json":{"title":"Maahanmuuttoa ja ty\u00f6per\u00e4ist\u00e4 maahanmuuttoa - Silja Ker\u00e4nen","robots":{"index":"index","follow":"follow","max-snippet":"max-snippet:-1","max-image-preview":"max-image-preview:large","max-video-preview":"max-video-preview:-1"},"canonical":"https:\/\/siljakeranen.fi\/blogi\/maahanmuuttoa-ja-tyoperaista-maahanmuuttoa\/","og_locale":"fi_FI","og_type":"article","og_title":"Maahanmuuttoa ja ty\u00f6per\u00e4ist\u00e4 maahanmuuttoa - Silja Ker\u00e4nen","og_description":"Maahanmuuttoon liittyvist\u00e4 kirjauksista ollaan nyt vuoden aikana p\u00e4\u00e4ssyt v\u00e4\u00e4nt\u00e4m\u00e4\u00e4n sek\u00e4 Kajaanin ett\u00e4 Kainuun p\u00e4\u00e4t\u00f6ksenteossa. Vaikka ne ovat vain sanoja, kuvaavat ne tuntoja ja ajatuksia aika paljon. Puhutaanko me maahanmuutosta vai ty\u00f6per\u00e4isest\u00e4 maahanmuutosta. Moni haluaa puhua vain j\u00e4lkimm\u00e4isest\u00e4. Minusta se on aika ongelmallista. Kainuussa on pula osaavasta ty\u00f6voimasta. Ty\u00f6paikkoja on auki, ja ty\u00f6nantajilla on h\u00e4lytt\u00e4v\u00e4n paljon [&hellip;]","og_url":"https:\/\/siljakeranen.fi\/blogi\/maahanmuuttoa-ja-tyoperaista-maahanmuuttoa\/","og_site_name":"Silja Ker\u00e4nen","article_publisher":"https:\/\/www.facebook.com\/siljamkeranen","article_author":"https:\/\/www.facebook.com\/siljamkeranen","article_published_time":"2018-08-01T19:12:56+00:00","og_image":[{"width":1613,"height":1075,"url":"https:\/\/siljakeranen.fi\/blogi\/wp-content\/uploads\/2023\/01\/3L3A1767_valmis-pinempi.jpeg","type":"image\/jpeg"}],"author":"Silja","twitter_card":"summary_large_image","twitter_creator":"@https:\/\/twitter.com\/SiljaMP","twitter_site":"@SiljaMP","twitter_misc":{"Kirjoittanut":"Silja","Arvioitu lukuaika":"2 minuuttia"},"schema":{"@context":"https:\/\/schema.org","@graph":[{"@type":"Article","@id":"https:\/\/siljakeranen.fi\/blogi\/maahanmuuttoa-ja-tyoperaista-maahanmuuttoa\/#article","isPartOf":{"@id":"https:\/\/siljakeranen.fi\/blogi\/maahanmuuttoa-ja-tyoperaista-maahanmuuttoa\/"},"author":{"name":"Silja","@id":"https:\/\/siljakeranen.fi\/blogi\/#\/schema\/person\/d43605ef0d5681c1b27a4ba1fede1cf4"},"headline":"Maahanmuuttoa ja ty\u00f6per\u00e4ist\u00e4 maahanmuuttoa","datePublished":"2018-08-01T19:12:56+00:00","mainEntityOfPage":{"@id":"https:\/\/siljakeranen.fi\/blogi\/maahanmuuttoa-ja-tyoperaista-maahanmuuttoa\/"},"wordCount":442,"commentCount":0,"publisher":{"@id":"https:\/\/siljakeranen.fi\/blogi\/#\/schema\/person\/d43605ef0d5681c1b27a4ba1fede1cf4"},"articleSection":["Kajaani","Kaupunginhallitus","Maahanmuutto","Politiikka","Vihre\u00e4t"],"inLanguage":"fi","potentialAction":[{"@type":"CommentAction","name":"Comment","target":["https:\/\/siljakeranen.fi\/blogi\/maahanmuuttoa-ja-tyoperaista-maahanmuuttoa\/#respond"]}]},{"@type":"WebPage","@id":"https:\/\/siljakeranen.fi\/blogi\/maahanmuuttoa-ja-tyoperaista-maahanmuuttoa\/","url":"https:\/\/siljakeranen.fi\/blogi\/maahanmuuttoa-ja-tyoperaista-maahanmuuttoa\/","name":"Maahanmuuttoa ja ty\u00f6per\u00e4ist\u00e4 maahanmuuttoa - Silja Ker\u00e4nen","isPartOf":{"@id":"https:\/\/siljakeranen.fi\/blogi\/#website"},"datePublished":"2018-08-01T19:12:56+00:00","breadcrumb":{"@id":"https:\/\/siljakeranen.fi\/blogi\/maahanmuuttoa-ja-tyoperaista-maahanmuuttoa\/#breadcrumb"},"inLanguage":"fi","potentialAction":[{"@type":"ReadAction","target":["https:\/\/siljakeranen.fi\/blogi\/maahanmuuttoa-ja-tyoperaista-maahanmuuttoa\/"]}]},{"@type":"BreadcrumbList","@id":"https:\/\/siljakeranen.fi\/blogi\/maahanmuuttoa-ja-tyoperaista-maahanmuuttoa\/#breadcrumb","itemListElement":[{"@type":"ListItem","position":1,"name":"Etusivu","item":"https:\/\/siljakeranen.fi\/blogi\/"},{"@type":"ListItem","position":2,"name":"Maahanmuuttoa ja ty\u00f6per\u00e4ist\u00e4 maahanmuuttoa"}]},{"@type":"WebSite","@id":"https:\/\/siljakeranen.fi\/blogi\/#website","url":"https:\/\/siljakeranen.fi\/blogi\/","name":"Silja Ker\u00e4nen","description":"Silja Ker\u00e4nen, kainuulainen vihre\u00e4 poliitikko","publisher":{"@id":"https:\/\/siljakeranen.fi\/blogi\/#\/schema\/person\/d43605ef0d5681c1b27a4ba1fede1cf4"},"potentialAction":[{"@type":"SearchAction","target":{"@type":"EntryPoint","urlTemplate":"https:\/\/siljakeranen.fi\/blogi\/?s={search_term_string}"},"query-input":{"@type":"PropertyValueSpecification","valueRequired":true,"valueName":"search_term_string"}}],"inLanguage":"fi"},{"@type":["Person","Organization"],"@id":"https:\/\/siljakeranen.fi\/blogi\/#\/schema\/person\/d43605ef0d5681c1b27a4ba1fede1cf4","name":"Silja","image":{"@type":"ImageObject","inLanguage":"fi","@id":"https:\/\/siljakeranen.fi\/blogi\/wp-content\/uploads\/2023\/01\/cropped-silja_250x100.png","url":"https:\/\/siljakeranen.fi\/blogi\/wp-content\/uploads\/2023\/01\/cropped-silja_250x100.png","contentUrl":"https:\/\/siljakeranen.fi\/blogi\/wp-content\/uploads\/2023\/01\/cropped-silja_250x100.png","width":250,"height":100,"caption":"Silja"},"logo":{"@id":"https:\/\/siljakeranen.fi\/blogi\/wp-content\/uploads\/2023\/01\/cropped-silja_250x100.png"},"sameAs":["http:\/\/www.siljakeranen.fi","https:\/\/www.facebook.com\/siljamkeranen","https:\/\/www.instagram.com\/siljakeranen\/","https:\/\/www.linkedin.com\/in\/silja-kernen-4331b548\/","https:\/\/x.com\/https:\/\/twitter.com\/SiljaMP","https:\/\/www.youtube.com\/channel\/UC0MWeuoWP4-Mjs1z8pIv3GQ","https:\/\/fi.wikipedia.org\/wiki\/Silja_Kernen"],"url":"https:\/\/siljakeranen.fi\/blogi\/author\/admin\/"}]}},"_links":{"self":[{"href":"https:\/\/siljakeranen.fi\/blogi\/wp-json\/wp\/v2\/posts\/1246","targetHints":{"allow":["GET"]}}],"collection":[{"href":"https:\/\/siljakeranen.fi\/blogi\/wp-json\/wp\/v2\/posts"}],"about":[{"href":"https:\/\/siljakeranen.fi\/blogi\/wp-json\/wp\/v2\/types\/post"}],"author":[{"embeddable":true,"href":"https:\/\/siljakeranen.fi\/blogi\/wp-json\/wp\/v2\/users\/1"}],"replies":[{"embeddable":true,"href":"https:\/\/siljakeranen.fi\/blogi\/wp-json\/wp\/v2\/comments?post=1246"}],"version-history":[{"count":1,"href":"https:\/\/siljakeranen.fi\/blogi\/wp-json\/wp\/v2\/posts\/1246\/revisions"}],"predecessor-version":[{"id":1247,"href":"https:\/\/siljakeranen.fi\/blogi\/wp-json\/wp\/v2\/posts\/1246\/revisions\/1247"}],"wp:attachment":[{"href":"https:\/\/siljakeranen.fi\/blogi\/wp-json\/wp\/v2\/media?parent=1246"}],"wp:term":[{"taxonomy":"category","embeddable":true,"href":"https:\/\/siljakeranen.fi\/blogi\/wp-json\/wp\/v2\/categories?post=1246"},{"taxonomy":"post_tag","embeddable":true,"href":"https:\/\/siljakeranen.fi\/blogi\/wp-json\/wp\/v2\/tags?post=1246"}],"curies":[{"name":"wp","href":"https:\/\/api.w.org\/{rel}","templated":true}]}}