{"id":1250,"date":"2018-08-17T16:09:46","date_gmt":"2018-08-17T13:09:46","guid":{"rendered":"http:\/\/siljakeranen.fi\/blogi\/?p=1250"},"modified":"2018-08-17T16:09:46","modified_gmt":"2018-08-17T13:09:46","slug":"luonnossaliikkujan-perustaidot-hukassa","status":"publish","type":"post","link":"https:\/\/siljakeranen.fi\/blogi\/luonnossaliikkujan-perustaidot-hukassa\/","title":{"rendered":"Luonnossaliikkujan perustaidot hukassa"},"content":{"rendered":"<p>Ei siin\u00e4 paljoa huvita ruveta isottelemaan tai uhmaamaan, kun myrsky yll\u00e4tt\u00e4\u00e4 K\u00e4sivarren tunturiyl\u00e4ng\u00f6ll\u00e4. Joka puolella on valkoista \u2013 maassa ja taivaalla. Kun hanskan ottaa pois k\u00e4dest\u00e4, pit\u00e4\u00e4 siit\u00e4 pit\u00e4\u00e4 kiinni. Muuten sit\u00e4 ei en\u00e4\u00e4 ole.<\/p>\n<p><a href=\"http:\/\/siljakeranen.fi\/blogi\/wp-content\/uploads\/2018\/08\/IMG_0905.jpg\"><img loading=\"lazy\" decoding=\"async\" class=\"aligncenter size-medium wp-image-1251\" src=\"http:\/\/siljakeranen.fi\/blogi\/wp-content\/uploads\/2018\/08\/IMG_0905-300x225.jpg\" alt=\"\" width=\"300\" height=\"225\" srcset=\"https:\/\/siljakeranen.fi\/blogi\/wp-content\/uploads\/2018\/08\/IMG_0905-300x225.jpg 300w, https:\/\/siljakeranen.fi\/blogi\/wp-content\/uploads\/2018\/08\/IMG_0905-768x576.jpg 768w, https:\/\/siljakeranen.fi\/blogi\/wp-content\/uploads\/2018\/08\/IMG_0905-1024x768.jpg 1024w\" sizes=\"auto, (max-width: 300px) 100vw, 300px\" \/><\/a><\/p>\n<p>Ei huvita my\u00f6sk\u00e4\u00e4n silloin, kun elohopea pysyy kuopassaan. Pakkasta on, ainakin \u201330 astetta. Ja edet\u00e4 pit\u00e4isi UKK-puistossa, vaikka suksi ei luista. Toivottavasti kenellek\u00e4\u00e4n ei satu mit\u00e4\u00e4n, koska avun odottelu voi koitua kohtaloksi.<\/p>\n<p>Tai silloin, kun kaamosvaelluksella eksyt\u00e4\u00e4n ja etsit\u00e4\u00e4n Tuiskukurun autiotupaa tuntikausia. Y\u00f6 k\u00e4\u00e4ntyy jo l\u00e4hes seuraavan vuorokauden puolelle, kuu valaisee taivalta ja n\u00e4lk\u00e4kin jo lakkaa tuntumasta.<\/p>\n<p>Eik\u00e4 silloinkaan, kun painepesurikeli yll\u00e4tt\u00e4\u00e4 Kaldoaivin er\u00e4maassa. V\u00e4lip\u00e4iv\u00e4ksih\u00e4n se meni, ja samalla tuli testattua varusteiden myrskynkest\u00e4vyys.<\/p>\n<p>Ja sitten ne henke\u00e4salpaavat hetket.<\/p>\n<p>Kun se autiotupa viimein l\u00f6ytyy. Kun revontulet valaisevat maisemaa. Kun auringonkajo v\u00e4rj\u00e4\u00e4 lumen violetiksi ja vaaleanpunaiseksi. Kun kuulee lumisateen hangella.<\/p>\n<p>Kun y\u00f6tt\u00f6m\u00e4n y\u00f6n l\u00e4pi valvoo ja n\u00e4kee auringon vain hipaisevan taivaanrantaa. Kun j\u00e4\u00e4 vain olemaan er\u00e4maaj\u00e4rven rannalle. Kun ei osaa lopettaa t\u00e4t\u00e4 listaa.<\/p>\n<p>Toivottavasti koskaan ei tarvitsekaan. Vaikka koko ajan on valtava huoli siit\u00e4, s\u00e4ilyyk\u00f6 t\u00e4m\u00e4 maapallo t\u00e4llaisena. Saako tulevaisuudessa kuunnella lumisateen \u00e4\u00e4nt\u00e4. Saako ihailla t\u00e4ysikuun yhdess\u00e4 lumen kanssa t\u00e4ydellisesti valaisemaa maisemaa.<\/p>\n<p>V\u00e4ltt\u00e4m\u00e4tt\u00e4 ei saa, ainakaan Suomessa. Ilmasto l\u00e4mpenee meill\u00e4 enemm\u00e4n kuin maailmassa keskim\u00e4\u00e4rin. Kolmenkymmenen vuoden p\u00e4\u00e4st\u00e4 keskil\u00e4mp\u00f6tila on 3\u20134 astetta nykyist\u00e4 enemm\u00e4n.<\/p>\n<p>Kainuun korkeudella se tarkoittaa lumettomia tai v\u00e4h\u00e4lumisia talvia, Lapissa Kainuun nykytilannetta ja Etel\u00e4-Suomessa lumesta ei ole tietoakaan.<\/p>\n<p>Se tarkoittaa my\u00f6s myrskyj\u00e4, ilmastopakolaisia, merkitt\u00e4vi\u00e4 ongelmia maa- ja mets\u00e4talouden harjoittamisessa, kuivuutta ja rankkasateita. Sek\u00e4 todellista pimeytt\u00e4, kun talvisin ei ole lunta.<\/p>\n<p>T\u00e4t\u00e4k\u00f6 me halutaan?<\/p>\n<p>Ihmiskunnalta tuntuu ihan tyystin unohtuneen luonnossaliikkujan kaksi perustaitoa: oman pienuuden ymm\u00e4rt\u00e4minen sek\u00e4 erilaisiin tilanteisiin varautuminen.<\/p>\n<p>Kuvitellaan jotenkin olevamme kaikkivoipaisia. Ett\u00e4 maapallon rajoista ei tarvitsisi v\u00e4litt\u00e4\u00e4. Ett\u00e4 voidaan el\u00e4\u00e4 niin kuin ennenkin. Ei voida.<\/p>\n<p>Ja samalla unohdetaan varautuminen. Vain typer\u00e4 luonnossaliikkuja l\u00e4htee mets\u00e4\u00e4n, tunturiin tai vesille varautumatta. Varamuonaa, vesitiiviit pakkaukset, ensiapulaukku, tulentekov\u00e4lineet, suunnistustaito&#8230;<\/p>\n<p>Nyt her\u00e4tys! Ilmasto l\u00e4mpenee. Luonnon monimuotoisuus heikkenee. Muoveja ja kemikaaleja l\u00f6ytyy kaukaa ihmisasutuksesta. Maapallo ei kest\u00e4 t\u00e4llaista kulutustasoa. Me el\u00e4mme yli varojemme.<\/p>\n<p>Teknologia ja osaaminen ilmastonmuutoksen hillitsemiseksi ovat olemassa. Me ihmiset osaamme ihan riitt\u00e4v\u00e4sti. Olemme globaalisti osanneet hillit\u00e4 otsonikadon ja Suomessa parantaa j\u00e4rvien tilaa.<\/p>\n<p>Kyse on t\u00e4ll\u00e4 hetkell\u00e4 tahdosta. Siit\u00e4, millaisia valintoja teemme joka p\u00e4iv\u00e4. Ja etenkin siit\u00e4, mihin suuntaan Suomea ja maailmaa ohjataan poliittisin p\u00e4\u00e4t\u00f6ksin.<\/p>\n<div style=\"padding-bottom:20px; padding-top:10px;\" class=\"hupso-share-buttons\"><!-- Hupso Share Buttons - https:\/\/www.hupso.com\/share\/ --><a class=\"hupso_counters\" href=\"https:\/\/www.hupso.com\/share\/\"><img decoding=\"async\" src=\"https:\/\/static.hupso.com\/share\/buttons\/share-small.png\" style=\"border:0px; padding-top:2px; float:left;\" alt=\"Share Button\"\/><\/a><script type=\"text\/javascript\">var hupso_services_c=new Array(\"twitter\",\"facebook_like\",\"facebook_send\",\"google\");var hupso_counters_lang = \"en_US\";var hupso_image_folder_url = \"\";var hupso_url_c=\"\";var hupso_title_c=\"Luonnossaliikkujan%20perustaidot%20hukassa\";<\/script><script type=\"text\/javascript\" src=\"https:\/\/static.hupso.com\/share\/js\/counters.js\"><\/script><!-- Hupso Share Buttons --><\/div>","protected":false},"excerpt":{"rendered":"<p>Ei siin\u00e4 paljoa huvita ruveta isottelemaan tai uhmaamaan, kun myrsky yll\u00e4tt\u00e4\u00e4 K\u00e4sivarren tunturiyl\u00e4ng\u00f6ll\u00e4. Joka puolella on valkoista \u2013 maassa ja taivaalla. Kun hanskan ottaa pois k\u00e4dest\u00e4, pit\u00e4\u00e4 siit\u00e4 pit\u00e4\u00e4 kiinni. Muuten sit\u00e4 ei en\u00e4\u00e4 ole. Ei huvita my\u00f6sk\u00e4\u00e4n silloin, kun elohopea pysyy kuopassaan. Pakkasta on, ainakin \u201330 astetta. Ja edet\u00e4 pit\u00e4isi UKK-puistossa, vaikka suksi ei [&hellip;]<\/p>\n<div style=\"padding-bottom:20px; padding-top:10px;\" class=\"hupso-share-buttons\"><!-- Hupso Share Buttons - https:\/\/www.hupso.com\/share\/ --><a class=\"hupso_counters\" href=\"https:\/\/www.hupso.com\/share\/\"><img src=\"https:\/\/static.hupso.com\/share\/buttons\/share-small.png\" style=\"border:0px; padding-top:2px; float:left;\" alt=\"Share Button\"\/><\/a><script type=\"text\/javascript\">var hupso_services_c=new Array(\"twitter\",\"facebook_like\",\"facebook_send\",\"google\");var hupso_counters_lang = \"en_US\";var hupso_image_folder_url = \"\";var hupso_url_c=\"\";var hupso_title_c=\"Luonnossaliikkujan%20perustaidot%20hukassa\";<\/script><script type=\"text\/javascript\" src=\"https:\/\/static.hupso.com\/share\/js\/counters.js\"><\/script><!-- Hupso Share Buttons --><\/div>","protected":false},"author":1,"featured_media":0,"comment_status":"open","ping_status":"closed","sticky":false,"template":"","format":"standard","meta":{"ngg_post_thumbnail":0,"footnotes":""},"categories":[1,20,6,10,5],"tags":[],"class_list":["post-1250","post","type-post","status-publish","format-standard","hentry","category-uncategorized","category-metsa","category-politiikka","category-vihreat","category-ymparisto"],"yoast_head":"<!-- This site is optimized with the Yoast SEO plugin v27.3 - https:\/\/yoast.com\/product\/yoast-seo-wordpress\/ -->\n<title>Luonnossaliikkujan perustaidot hukassa - Silja Ker\u00e4nen<\/title>\n<meta name=\"robots\" content=\"index, follow, max-snippet:-1, max-image-preview:large, max-video-preview:-1\" \/>\n<link rel=\"canonical\" href=\"https:\/\/siljakeranen.fi\/blogi\/luonnossaliikkujan-perustaidot-hukassa\/\" \/>\n<meta property=\"og:locale\" content=\"fi_FI\" \/>\n<meta property=\"og:type\" content=\"article\" \/>\n<meta property=\"og:title\" content=\"Luonnossaliikkujan perustaidot hukassa - Silja Ker\u00e4nen\" \/>\n<meta property=\"og:description\" content=\"Ei siin\u00e4 paljoa huvita ruveta isottelemaan tai uhmaamaan, kun myrsky yll\u00e4tt\u00e4\u00e4 K\u00e4sivarren tunturiyl\u00e4ng\u00f6ll\u00e4. Joka puolella on valkoista \u2013 maassa ja taivaalla. Kun hanskan ottaa pois k\u00e4dest\u00e4, pit\u00e4\u00e4 siit\u00e4 pit\u00e4\u00e4 kiinni. Muuten sit\u00e4 ei en\u00e4\u00e4 ole. Ei huvita my\u00f6sk\u00e4\u00e4n silloin, kun elohopea pysyy kuopassaan. Pakkasta on, ainakin \u201330 astetta. Ja edet\u00e4 pit\u00e4isi UKK-puistossa, vaikka suksi ei [&hellip;]\" \/>\n<meta property=\"og:url\" content=\"https:\/\/siljakeranen.fi\/blogi\/luonnossaliikkujan-perustaidot-hukassa\/\" \/>\n<meta property=\"og:site_name\" content=\"Silja Ker\u00e4nen\" \/>\n<meta property=\"article:publisher\" content=\"https:\/\/www.facebook.com\/siljamkeranen\" \/>\n<meta property=\"article:author\" content=\"https:\/\/www.facebook.com\/siljamkeranen\" \/>\n<meta property=\"article:published_time\" content=\"2018-08-17T13:09:46+00:00\" \/>\n<meta property=\"og:image\" content=\"http:\/\/siljakeranen.fi\/blogi\/wp-content\/uploads\/2018\/08\/IMG_0905-300x225.jpg\" \/>\n<meta name=\"author\" content=\"Silja\" \/>\n<meta name=\"twitter:card\" content=\"summary_large_image\" \/>\n<meta name=\"twitter:creator\" content=\"@https:\/\/twitter.com\/SiljaMP\" \/>\n<meta name=\"twitter:site\" content=\"@SiljaMP\" \/>\n<meta name=\"twitter:label1\" content=\"Kirjoittanut\" \/>\n\t<meta name=\"twitter:data1\" content=\"Silja\" \/>\n\t<meta name=\"twitter:label2\" content=\"Arvioitu lukuaika\" \/>\n\t<meta name=\"twitter:data2\" content=\"2 minuuttia\" \/>\n<script type=\"application\/ld+json\" class=\"yoast-schema-graph\">{\"@context\":\"https:\\\/\\\/schema.org\",\"@graph\":[{\"@type\":\"Article\",\"@id\":\"https:\\\/\\\/siljakeranen.fi\\\/blogi\\\/luonnossaliikkujan-perustaidot-hukassa\\\/#article\",\"isPartOf\":{\"@id\":\"https:\\\/\\\/siljakeranen.fi\\\/blogi\\\/luonnossaliikkujan-perustaidot-hukassa\\\/\"},\"author\":{\"name\":\"Silja\",\"@id\":\"https:\\\/\\\/siljakeranen.fi\\\/blogi\\\/#\\\/schema\\\/person\\\/d43605ef0d5681c1b27a4ba1fede1cf4\"},\"headline\":\"Luonnossaliikkujan perustaidot hukassa\",\"datePublished\":\"2018-08-17T13:09:46+00:00\",\"mainEntityOfPage\":{\"@id\":\"https:\\\/\\\/siljakeranen.fi\\\/blogi\\\/luonnossaliikkujan-perustaidot-hukassa\\\/\"},\"wordCount\":442,\"commentCount\":0,\"publisher\":{\"@id\":\"https:\\\/\\\/siljakeranen.fi\\\/blogi\\\/#\\\/schema\\\/person\\\/d43605ef0d5681c1b27a4ba1fede1cf4\"},\"image\":{\"@id\":\"https:\\\/\\\/siljakeranen.fi\\\/blogi\\\/luonnossaliikkujan-perustaidot-hukassa\\\/#primaryimage\"},\"thumbnailUrl\":\"http:\\\/\\\/siljakeranen.fi\\\/blogi\\\/wp-content\\\/uploads\\\/2018\\\/08\\\/IMG_0905-300x225.jpg\",\"articleSection\":[\"Maaseudun Tulevaisuus Mets\u00e4-kolumni\",\"Mets\u00e4\",\"Politiikka\",\"Vihre\u00e4t\",\"Ymp\u00e4rist\u00f6\"],\"inLanguage\":\"fi\",\"potentialAction\":[{\"@type\":\"CommentAction\",\"name\":\"Comment\",\"target\":[\"https:\\\/\\\/siljakeranen.fi\\\/blogi\\\/luonnossaliikkujan-perustaidot-hukassa\\\/#respond\"]}]},{\"@type\":\"WebPage\",\"@id\":\"https:\\\/\\\/siljakeranen.fi\\\/blogi\\\/luonnossaliikkujan-perustaidot-hukassa\\\/\",\"url\":\"https:\\\/\\\/siljakeranen.fi\\\/blogi\\\/luonnossaliikkujan-perustaidot-hukassa\\\/\",\"name\":\"Luonnossaliikkujan perustaidot hukassa - Silja Ker\u00e4nen\",\"isPartOf\":{\"@id\":\"https:\\\/\\\/siljakeranen.fi\\\/blogi\\\/#website\"},\"primaryImageOfPage\":{\"@id\":\"https:\\\/\\\/siljakeranen.fi\\\/blogi\\\/luonnossaliikkujan-perustaidot-hukassa\\\/#primaryimage\"},\"image\":{\"@id\":\"https:\\\/\\\/siljakeranen.fi\\\/blogi\\\/luonnossaliikkujan-perustaidot-hukassa\\\/#primaryimage\"},\"thumbnailUrl\":\"http:\\\/\\\/siljakeranen.fi\\\/blogi\\\/wp-content\\\/uploads\\\/2018\\\/08\\\/IMG_0905-300x225.jpg\",\"datePublished\":\"2018-08-17T13:09:46+00:00\",\"breadcrumb\":{\"@id\":\"https:\\\/\\\/siljakeranen.fi\\\/blogi\\\/luonnossaliikkujan-perustaidot-hukassa\\\/#breadcrumb\"},\"inLanguage\":\"fi\",\"potentialAction\":[{\"@type\":\"ReadAction\",\"target\":[\"https:\\\/\\\/siljakeranen.fi\\\/blogi\\\/luonnossaliikkujan-perustaidot-hukassa\\\/\"]}]},{\"@type\":\"ImageObject\",\"inLanguage\":\"fi\",\"@id\":\"https:\\\/\\\/siljakeranen.fi\\\/blogi\\\/luonnossaliikkujan-perustaidot-hukassa\\\/#primaryimage\",\"url\":\"https:\\\/\\\/siljakeranen.fi\\\/blogi\\\/wp-content\\\/uploads\\\/2018\\\/08\\\/IMG_0905.jpg\",\"contentUrl\":\"https:\\\/\\\/siljakeranen.fi\\\/blogi\\\/wp-content\\\/uploads\\\/2018\\\/08\\\/IMG_0905.jpg\",\"width\":3264,\"height\":2448},{\"@type\":\"BreadcrumbList\",\"@id\":\"https:\\\/\\\/siljakeranen.fi\\\/blogi\\\/luonnossaliikkujan-perustaidot-hukassa\\\/#breadcrumb\",\"itemListElement\":[{\"@type\":\"ListItem\",\"position\":1,\"name\":\"Etusivu\",\"item\":\"https:\\\/\\\/siljakeranen.fi\\\/blogi\\\/\"},{\"@type\":\"ListItem\",\"position\":2,\"name\":\"Luonnossaliikkujan perustaidot hukassa\"}]},{\"@type\":\"WebSite\",\"@id\":\"https:\\\/\\\/siljakeranen.fi\\\/blogi\\\/#website\",\"url\":\"https:\\\/\\\/siljakeranen.fi\\\/blogi\\\/\",\"name\":\"Silja Ker\u00e4nen\",\"description\":\"Silja Ker\u00e4nen, kainuulainen vihre\u00e4 poliitikko\",\"publisher\":{\"@id\":\"https:\\\/\\\/siljakeranen.fi\\\/blogi\\\/#\\\/schema\\\/person\\\/d43605ef0d5681c1b27a4ba1fede1cf4\"},\"potentialAction\":[{\"@type\":\"SearchAction\",\"target\":{\"@type\":\"EntryPoint\",\"urlTemplate\":\"https:\\\/\\\/siljakeranen.fi\\\/blogi\\\/?s={search_term_string}\"},\"query-input\":{\"@type\":\"PropertyValueSpecification\",\"valueRequired\":true,\"valueName\":\"search_term_string\"}}],\"inLanguage\":\"fi\"},{\"@type\":[\"Person\",\"Organization\"],\"@id\":\"https:\\\/\\\/siljakeranen.fi\\\/blogi\\\/#\\\/schema\\\/person\\\/d43605ef0d5681c1b27a4ba1fede1cf4\",\"name\":\"Silja\",\"image\":{\"@type\":\"ImageObject\",\"inLanguage\":\"fi\",\"@id\":\"https:\\\/\\\/siljakeranen.fi\\\/blogi\\\/wp-content\\\/uploads\\\/2023\\\/01\\\/cropped-silja_250x100.png\",\"url\":\"https:\\\/\\\/siljakeranen.fi\\\/blogi\\\/wp-content\\\/uploads\\\/2023\\\/01\\\/cropped-silja_250x100.png\",\"contentUrl\":\"https:\\\/\\\/siljakeranen.fi\\\/blogi\\\/wp-content\\\/uploads\\\/2023\\\/01\\\/cropped-silja_250x100.png\",\"width\":250,\"height\":100,\"caption\":\"Silja\"},\"logo\":{\"@id\":\"https:\\\/\\\/siljakeranen.fi\\\/blogi\\\/wp-content\\\/uploads\\\/2023\\\/01\\\/cropped-silja_250x100.png\"},\"sameAs\":[\"http:\\\/\\\/www.siljakeranen.fi\",\"https:\\\/\\\/www.facebook.com\\\/siljamkeranen\",\"https:\\\/\\\/www.instagram.com\\\/siljakeranen\\\/\",\"https:\\\/\\\/www.linkedin.com\\\/in\\\/silja-kernen-4331b548\\\/\",\"https:\\\/\\\/x.com\\\/https:\\\/\\\/twitter.com\\\/SiljaMP\",\"https:\\\/\\\/www.youtube.com\\\/channel\\\/UC0MWeuoWP4-Mjs1z8pIv3GQ\",\"https:\\\/\\\/fi.wikipedia.org\\\/wiki\\\/Silja_Kernen\"],\"url\":\"https:\\\/\\\/siljakeranen.fi\\\/blogi\\\/author\\\/admin\\\/\"}]}<\/script>\n<!-- \/ Yoast SEO plugin. -->","yoast_head_json":{"title":"Luonnossaliikkujan perustaidot hukassa - Silja Ker\u00e4nen","robots":{"index":"index","follow":"follow","max-snippet":"max-snippet:-1","max-image-preview":"max-image-preview:large","max-video-preview":"max-video-preview:-1"},"canonical":"https:\/\/siljakeranen.fi\/blogi\/luonnossaliikkujan-perustaidot-hukassa\/","og_locale":"fi_FI","og_type":"article","og_title":"Luonnossaliikkujan perustaidot hukassa - Silja Ker\u00e4nen","og_description":"Ei siin\u00e4 paljoa huvita ruveta isottelemaan tai uhmaamaan, kun myrsky yll\u00e4tt\u00e4\u00e4 K\u00e4sivarren tunturiyl\u00e4ng\u00f6ll\u00e4. Joka puolella on valkoista \u2013 maassa ja taivaalla. Kun hanskan ottaa pois k\u00e4dest\u00e4, pit\u00e4\u00e4 siit\u00e4 pit\u00e4\u00e4 kiinni. Muuten sit\u00e4 ei en\u00e4\u00e4 ole. Ei huvita my\u00f6sk\u00e4\u00e4n silloin, kun elohopea pysyy kuopassaan. Pakkasta on, ainakin \u201330 astetta. Ja edet\u00e4 pit\u00e4isi UKK-puistossa, vaikka suksi ei [&hellip;]","og_url":"https:\/\/siljakeranen.fi\/blogi\/luonnossaliikkujan-perustaidot-hukassa\/","og_site_name":"Silja Ker\u00e4nen","article_publisher":"https:\/\/www.facebook.com\/siljamkeranen","article_author":"https:\/\/www.facebook.com\/siljamkeranen","article_published_time":"2018-08-17T13:09:46+00:00","og_image":[{"url":"http:\/\/siljakeranen.fi\/blogi\/wp-content\/uploads\/2018\/08\/IMG_0905-300x225.jpg","type":"","width":"","height":""}],"author":"Silja","twitter_card":"summary_large_image","twitter_creator":"@https:\/\/twitter.com\/SiljaMP","twitter_site":"@SiljaMP","twitter_misc":{"Kirjoittanut":"Silja","Arvioitu lukuaika":"2 minuuttia"},"schema":{"@context":"https:\/\/schema.org","@graph":[{"@type":"Article","@id":"https:\/\/siljakeranen.fi\/blogi\/luonnossaliikkujan-perustaidot-hukassa\/#article","isPartOf":{"@id":"https:\/\/siljakeranen.fi\/blogi\/luonnossaliikkujan-perustaidot-hukassa\/"},"author":{"name":"Silja","@id":"https:\/\/siljakeranen.fi\/blogi\/#\/schema\/person\/d43605ef0d5681c1b27a4ba1fede1cf4"},"headline":"Luonnossaliikkujan perustaidot hukassa","datePublished":"2018-08-17T13:09:46+00:00","mainEntityOfPage":{"@id":"https:\/\/siljakeranen.fi\/blogi\/luonnossaliikkujan-perustaidot-hukassa\/"},"wordCount":442,"commentCount":0,"publisher":{"@id":"https:\/\/siljakeranen.fi\/blogi\/#\/schema\/person\/d43605ef0d5681c1b27a4ba1fede1cf4"},"image":{"@id":"https:\/\/siljakeranen.fi\/blogi\/luonnossaliikkujan-perustaidot-hukassa\/#primaryimage"},"thumbnailUrl":"http:\/\/siljakeranen.fi\/blogi\/wp-content\/uploads\/2018\/08\/IMG_0905-300x225.jpg","articleSection":["Maaseudun Tulevaisuus Mets\u00e4-kolumni","Mets\u00e4","Politiikka","Vihre\u00e4t","Ymp\u00e4rist\u00f6"],"inLanguage":"fi","potentialAction":[{"@type":"CommentAction","name":"Comment","target":["https:\/\/siljakeranen.fi\/blogi\/luonnossaliikkujan-perustaidot-hukassa\/#respond"]}]},{"@type":"WebPage","@id":"https:\/\/siljakeranen.fi\/blogi\/luonnossaliikkujan-perustaidot-hukassa\/","url":"https:\/\/siljakeranen.fi\/blogi\/luonnossaliikkujan-perustaidot-hukassa\/","name":"Luonnossaliikkujan perustaidot hukassa - Silja Ker\u00e4nen","isPartOf":{"@id":"https:\/\/siljakeranen.fi\/blogi\/#website"},"primaryImageOfPage":{"@id":"https:\/\/siljakeranen.fi\/blogi\/luonnossaliikkujan-perustaidot-hukassa\/#primaryimage"},"image":{"@id":"https:\/\/siljakeranen.fi\/blogi\/luonnossaliikkujan-perustaidot-hukassa\/#primaryimage"},"thumbnailUrl":"http:\/\/siljakeranen.fi\/blogi\/wp-content\/uploads\/2018\/08\/IMG_0905-300x225.jpg","datePublished":"2018-08-17T13:09:46+00:00","breadcrumb":{"@id":"https:\/\/siljakeranen.fi\/blogi\/luonnossaliikkujan-perustaidot-hukassa\/#breadcrumb"},"inLanguage":"fi","potentialAction":[{"@type":"ReadAction","target":["https:\/\/siljakeranen.fi\/blogi\/luonnossaliikkujan-perustaidot-hukassa\/"]}]},{"@type":"ImageObject","inLanguage":"fi","@id":"https:\/\/siljakeranen.fi\/blogi\/luonnossaliikkujan-perustaidot-hukassa\/#primaryimage","url":"https:\/\/siljakeranen.fi\/blogi\/wp-content\/uploads\/2018\/08\/IMG_0905.jpg","contentUrl":"https:\/\/siljakeranen.fi\/blogi\/wp-content\/uploads\/2018\/08\/IMG_0905.jpg","width":3264,"height":2448},{"@type":"BreadcrumbList","@id":"https:\/\/siljakeranen.fi\/blogi\/luonnossaliikkujan-perustaidot-hukassa\/#breadcrumb","itemListElement":[{"@type":"ListItem","position":1,"name":"Etusivu","item":"https:\/\/siljakeranen.fi\/blogi\/"},{"@type":"ListItem","position":2,"name":"Luonnossaliikkujan perustaidot hukassa"}]},{"@type":"WebSite","@id":"https:\/\/siljakeranen.fi\/blogi\/#website","url":"https:\/\/siljakeranen.fi\/blogi\/","name":"Silja Ker\u00e4nen","description":"Silja Ker\u00e4nen, kainuulainen vihre\u00e4 poliitikko","publisher":{"@id":"https:\/\/siljakeranen.fi\/blogi\/#\/schema\/person\/d43605ef0d5681c1b27a4ba1fede1cf4"},"potentialAction":[{"@type":"SearchAction","target":{"@type":"EntryPoint","urlTemplate":"https:\/\/siljakeranen.fi\/blogi\/?s={search_term_string}"},"query-input":{"@type":"PropertyValueSpecification","valueRequired":true,"valueName":"search_term_string"}}],"inLanguage":"fi"},{"@type":["Person","Organization"],"@id":"https:\/\/siljakeranen.fi\/blogi\/#\/schema\/person\/d43605ef0d5681c1b27a4ba1fede1cf4","name":"Silja","image":{"@type":"ImageObject","inLanguage":"fi","@id":"https:\/\/siljakeranen.fi\/blogi\/wp-content\/uploads\/2023\/01\/cropped-silja_250x100.png","url":"https:\/\/siljakeranen.fi\/blogi\/wp-content\/uploads\/2023\/01\/cropped-silja_250x100.png","contentUrl":"https:\/\/siljakeranen.fi\/blogi\/wp-content\/uploads\/2023\/01\/cropped-silja_250x100.png","width":250,"height":100,"caption":"Silja"},"logo":{"@id":"https:\/\/siljakeranen.fi\/blogi\/wp-content\/uploads\/2023\/01\/cropped-silja_250x100.png"},"sameAs":["http:\/\/www.siljakeranen.fi","https:\/\/www.facebook.com\/siljamkeranen","https:\/\/www.instagram.com\/siljakeranen\/","https:\/\/www.linkedin.com\/in\/silja-kernen-4331b548\/","https:\/\/x.com\/https:\/\/twitter.com\/SiljaMP","https:\/\/www.youtube.com\/channel\/UC0MWeuoWP4-Mjs1z8pIv3GQ","https:\/\/fi.wikipedia.org\/wiki\/Silja_Kernen"],"url":"https:\/\/siljakeranen.fi\/blogi\/author\/admin\/"}]}},"_links":{"self":[{"href":"https:\/\/siljakeranen.fi\/blogi\/wp-json\/wp\/v2\/posts\/1250","targetHints":{"allow":["GET"]}}],"collection":[{"href":"https:\/\/siljakeranen.fi\/blogi\/wp-json\/wp\/v2\/posts"}],"about":[{"href":"https:\/\/siljakeranen.fi\/blogi\/wp-json\/wp\/v2\/types\/post"}],"author":[{"embeddable":true,"href":"https:\/\/siljakeranen.fi\/blogi\/wp-json\/wp\/v2\/users\/1"}],"replies":[{"embeddable":true,"href":"https:\/\/siljakeranen.fi\/blogi\/wp-json\/wp\/v2\/comments?post=1250"}],"version-history":[{"count":1,"href":"https:\/\/siljakeranen.fi\/blogi\/wp-json\/wp\/v2\/posts\/1250\/revisions"}],"predecessor-version":[{"id":1252,"href":"https:\/\/siljakeranen.fi\/blogi\/wp-json\/wp\/v2\/posts\/1250\/revisions\/1252"}],"wp:attachment":[{"href":"https:\/\/siljakeranen.fi\/blogi\/wp-json\/wp\/v2\/media?parent=1250"}],"wp:term":[{"taxonomy":"category","embeddable":true,"href":"https:\/\/siljakeranen.fi\/blogi\/wp-json\/wp\/v2\/categories?post=1250"},{"taxonomy":"post_tag","embeddable":true,"href":"https:\/\/siljakeranen.fi\/blogi\/wp-json\/wp\/v2\/tags?post=1250"}],"curies":[{"name":"wp","href":"https:\/\/api.w.org\/{rel}","templated":true}]}}