{"id":1616,"date":"2019-03-02T17:20:53","date_gmt":"2019-03-02T15:20:53","guid":{"rendered":"https:\/\/siljakeranen.fi\/blogi\/?p=1616"},"modified":"2019-03-02T17:22:09","modified_gmt":"2019-03-02T15:22:09","slug":"ydinvoima-on-osa-suomen-energiapalettia","status":"publish","type":"post","link":"https:\/\/siljakeranen.fi\/blogi\/ydinvoima-on-osa-suomen-energiapalettia\/","title":{"rendered":"Ydinvoima on osa Suomen energiapalettia"},"content":{"rendered":"<p><span style=\"font-weight: 400;\">Ihmiskunnan elinmahdollisuuksien kannalta ilmastonmuutoksen hillint\u00e4 on kaikista keskeisin asia. Se tarkoittaa isoja muutoksia todella monella osa-alueella. Energiantuotanto on niist\u00e4 yksi, koska kasvihuonekaasup\u00e4\u00e4st\u00f6ist\u00e4 suurin osa johtuu nimenomaan energiantuotannosta. Ja energiantuotannossa prioriteettina tulee olla fossiilisista eroon p\u00e4\u00e4seminen. <\/span><\/p>\n<p><span style=\"font-weight: 400;\">Suomen pit\u00e4\u00e4 tehd\u00e4 suunnitelma fossiilisista luopumiselle. Suunnitelma, jossa asetetaan tavoitevuodet ja mietit\u00e4\u00e4n vaihtoehdot sek\u00e4 keinot. T\u00e4m\u00e4n suunnitelman tekeminen on seuraavan hallituskauden ilmastopolitiikan yksi prioriteetti p\u00e4\u00e4st\u00f6v\u00e4hennystavoitteiden asettamisen rinnalla.<\/span><\/p>\n<p><span style=\"font-weight: 400;\">Tarvitsemme ehdottomasti kunnollisen satsauksen uusiutuvien tuotantoon. Paljon parjattu tuulivoiman sy\u00f6tt\u00f6tariffi on tuonut my\u00f6s valtavasti hyv\u00e4\u00e4. Tuulivoima on kehittynyt vuosikymmeness\u00e4 huimasti, ja nyt jo rakennetaan tuulivoimapuistoja ilman valtion tukia. Samanlainen buustaus on tarpeen biokaasulle, aurinkoenergialle sek\u00e4 energiavarastoille ja \u00e4lykk\u00e4\u00e4lle s\u00e4hk\u00f6verkolle. Energians\u00e4\u00e4st\u00f6\u00e4 unohtamatta, koska siin\u00e4kin on valtavasti potentiaalia. &nbsp;<\/span><\/p>\n<p><span style=\"font-weight: 400;\">Energians\u00e4\u00e4st\u00f6n ja uusiutuviin satsauksen lis\u00e4ksi tarvitsemme my\u00f6s ydinvoimaa. Aurinko, tuuli, vesi ja bioenergia voivat korvata paljon, mutta eiv\u00e4t riitt\u00e4v\u00e4sti. Se, ett\u00e4 l\u00e4hivuosikymmenin\u00e4 luovuttaisiin sek\u00e4 fossiilisista ett\u00e4 ydinvoimasta, ei ole realistista.<\/span><\/p>\n<p><span style=\"font-weight: 400;\">Suomessa t\u00e4m\u00e4 k\u00e4yt\u00e4nn\u00f6ss\u00e4 t\u00e4m\u00e4 merkitsee sit\u00e4, ett\u00e4 Olkiluodon kaksi jo olemassaolevaa reaktoria (OL1 ja OL2) jatkavat. Olkiluoto 3 k\u00e4ynnistynee joskus l\u00e4hitulevaisuudessa. Itse n\u00e4kisin positiivisena sen, jos Loviisan kahden reaktorin k\u00e4ytt\u00f6aikaa jatkettaisiin. Toisen reaktorin k\u00e4ytt\u00f6lupa p\u00e4\u00e4ttyy 2027 ja toisen 2030. &nbsp;Kymmenen tai kahdenkymmenen vuoden jatkoaika antaisi mahdollisuuden irtaantua fossiilisista ja my\u00f6s kehitt\u00e4\u00e4 Suomen energiaj\u00e4rjestelm\u00e4\u00e4 pohjautumaan entist\u00e4 enemm\u00e4n uusiutuviin. Loviisaan jatkoluvissa ratkaisevaa on tietysti S\u00e4teilyturvakeskuksen lausunto turvallisuudesta. Jatkoluvan voi my\u00f6nt\u00e4\u00e4 vain, jos jatkok\u00e4ytt\u00f6 on turvallista.<\/span><\/p>\n<p><span style=\"font-weight: 400;\">Fennovoiman hanketta en kannata lainkaan. Meid\u00e4n piti v\u00e4hent\u00e4\u00e4 riippuvuutta Ven\u00e4j\u00e4st\u00e4, ja nyt ven\u00e4l\u00e4iset ovat rakentamassa Suomeen ydinvoimalaa. Aikataulut venyv\u00e4t ja turvallisuus sek\u00e4 toimitusvarmuus mietitytt\u00e4v\u00e4t. Hanhikivenniemen luonto ja l\u00e4heinen merialue on my\u00f6s haavoittuvaa. Samalla hankkeen taloudellinen kannattavuus on kyseenalainen. <\/span><\/p>\n<p><span style=\"font-weight: 400;\">Minusta energiapolitiikassa, niin kuin miss\u00e4 tahansa, olennaista on vaihtoehtojen vertailu. Haittojen ja hy\u00f6tyjen punnitseminen ja vertailun perusteella ratkaisun tekeminen. Monta asiaa tulee ottaa huomioon: ilmastonmuutoksen hillint\u00e4, energian toimitusvarmuus, s\u00e4\u00e4t\u00f6voima, muut ymp\u00e4rist\u00f6vaikutukset (esim. vesivoiman tarpeisiin padottujen jokien tilanne), ty\u00f6llisyys, talous, ihmisten hyvinvointi (esim. melu, virkistys tai maisema). Ei ole olemassa p\u00e4\u00e4st\u00f6t\u00f6nt\u00e4 tai haitatonta tapaa tuottaa energiaa. On erilaisia haittoja sek\u00e4 erisuuruisia p\u00e4\u00e4st\u00f6j\u00e4. Niiden v\u00e4linen vertailu on t\u00e4rke\u00e4 asia.<\/span><\/p>\n<p><span style=\"font-weight: 400;\">Ydinvoiman puolesta puhuvat sen alhaiset hiilidioksidip\u00e4\u00e4st\u00f6t tuotettua energiayksikk\u00f6\u00e4 kohti. Ne ovat suunnilleen samaa luokkaa uusiutuvien (eli aurinko-, tuuli ja vesivoiman) kanssa. Ydinvoiman haittoja taas ovat koko uraanintuotannon ketju uraanikaivostoiminnasta, polttoaineen rikastuksen ja ydinvoimaloiden k\u00e4yt\u00f6n kautta lopulta polttoaineen loppusijoittamisen. N\u00e4m\u00e4 eiv\u00e4t ole haitattomia, p\u00e4\u00e4st\u00f6tt\u00f6mi\u00e4 tai vaarattomia vaiheita. Ydinvoimalaitoksilla on tietysti my\u00f6s ison tuhon riski. Sen todenn\u00e4k\u00f6isyys onneksi on eritt\u00e4in pieni. Ydinvoiman ongelmana on my\u00f6s sen kytkeytyminen ydinaseteollisuuteen sek\u00e4 voimalaitostoimittajien ep\u00e4luotettavuus.<\/span><\/p>\n<p><span style=\"font-weight: 400;\">Laajamittaiseen ydinvoiman lis\u00e4rakentamiseen ei kuitenkaan ole tarvetta. Olkiluoto 3 yksin tulee kattamaan Suomen s\u00e4hk\u00f6ntarpeesta yli 10 %. Jos sen lis\u00e4ksi toiminnassa ovat Loviisan kaksi reaktoria ja Olkiluodon kaksi vanhaa reaktoria, kattaa ydinvoima Suomen s\u00e4hk\u00f6ntarpeesta jopa yli 40 %. Paljon veikataan s\u00e4hk\u00f6autojen sek\u00e4 l\u00e4mmityksen s\u00e4hk\u00f6ist\u00e4misen lis\u00e4\u00e4v\u00e4n s\u00e4hk\u00f6nkulutusta. Jonkin verran ne tietysti lis\u00e4\u00e4v\u00e4tkin, mutta energian kokonaiskulutus itse asiassa pienenee merkitt\u00e4v\u00e4sti. T\u00e4m\u00e4 johtuu siit\u00e4, ett\u00e4 s\u00e4hk\u00f6auton moottorin hy\u00f6tysuhde on polttomoottoria huomattavasti parempi. Vastaava l\u00e4mmityksen puolella: l\u00e4mp\u00f6pumput ovat hyvin energiatehokkaita. S\u00e4hk\u00f6nkulutus kyll\u00e4 nousee, mutta ei valtavasti. <\/span><\/p>\n<p><span style=\"font-weight: 400;\">Energiapolitiikassa on aika ryhty\u00e4 tuumasta toimeen. Vihreiden energiavisiossa ja vihreiden maatalousohjelmassa esitet\u00e4\u00e4n lukuisia erilaisia toimenpiteit\u00e4, joilla edistet\u00e4\u00e4n uusiutuvien tuotantoa. Ja niit\u00e4 toimenpiteit\u00e4 on teht\u00e4v\u00e4 tulevalla hallituskaudella.<\/p>\n<p>&#8212;<br \/>\nT\u00e4m\u00e4 kirjoitus on julkaistu my\u00f6s Kalevan blogissa.<\/span><\/p>\n<div style=\"padding-bottom:20px; padding-top:10px;\" class=\"hupso-share-buttons\"><!-- Hupso Share Buttons - https:\/\/www.hupso.com\/share\/ --><a class=\"hupso_counters\" href=\"https:\/\/www.hupso.com\/share\/\"><img decoding=\"async\" src=\"https:\/\/static.hupso.com\/share\/buttons\/share-small.png\" style=\"border:0px; padding-top:2px; float:left;\" alt=\"Share Button\"\/><\/a><script type=\"text\/javascript\">var hupso_services_c=new Array(\"twitter\",\"facebook_like\",\"facebook_send\",\"google\");var hupso_counters_lang = \"en_US\";var hupso_image_folder_url = \"\";var hupso_url_c=\"\";var hupso_title_c=\"Ydinvoima%20on%20osa%20Suomen%20energiapalettia\";<\/script><script type=\"text\/javascript\" src=\"https:\/\/static.hupso.com\/share\/js\/counters.js\"><\/script><!-- Hupso Share Buttons --><\/div>","protected":false},"excerpt":{"rendered":"<p>Ihmiskunnan elinmahdollisuuksien kannalta ilmastonmuutoksen hillint\u00e4 on kaikista keskeisin asia. Se tarkoittaa isoja muutoksia todella monella osa-alueella. Energiantuotanto on niist\u00e4 yksi, koska kasvihuonekaasup\u00e4\u00e4st\u00f6ist\u00e4 suurin osa johtuu nimenomaan energiantuotannosta. Ja energiantuotannossa prioriteettina tulee olla fossiilisista eroon p\u00e4\u00e4seminen. Suomen pit\u00e4\u00e4 tehd\u00e4 suunnitelma fossiilisista luopumiselle. Suunnitelma, jossa asetetaan tavoitevuodet ja mietit\u00e4\u00e4n vaihtoehdot sek\u00e4 keinot. T\u00e4m\u00e4n suunnitelman tekeminen on seuraavan [&hellip;]<\/p>\n<div style=\"padding-bottom:20px; padding-top:10px;\" class=\"hupso-share-buttons\"><!-- Hupso Share Buttons - https:\/\/www.hupso.com\/share\/ --><a class=\"hupso_counters\" href=\"https:\/\/www.hupso.com\/share\/\"><img src=\"https:\/\/static.hupso.com\/share\/buttons\/share-small.png\" style=\"border:0px; padding-top:2px; float:left;\" alt=\"Share Button\"\/><\/a><script type=\"text\/javascript\">var hupso_services_c=new Array(\"twitter\",\"facebook_like\",\"facebook_send\",\"google\");var hupso_counters_lang = \"en_US\";var hupso_image_folder_url = \"\";var hupso_url_c=\"\";var hupso_title_c=\"Ydinvoima%20on%20osa%20Suomen%20energiapalettia\";<\/script><script type=\"text\/javascript\" src=\"https:\/\/static.hupso.com\/share\/js\/counters.js\"><\/script><!-- Hupso Share Buttons --><\/div>","protected":false},"author":1,"featured_media":1619,"comment_status":"open","ping_status":"closed","sticky":false,"template":"","format":"standard","meta":{"ngg_post_thumbnail":0,"footnotes":""},"categories":[28,27,26,6,10,5],"tags":[],"class_list":["post-1616","post","type-post","status-publish","format-standard","has-post-thumbnail","hentry","category-energia","category-ilmastonmuutos","category-kaleva","category-politiikka","category-vihreat","category-ymparisto"],"yoast_head":"<!-- This site is optimized with the Yoast SEO plugin v27.3 - https:\/\/yoast.com\/product\/yoast-seo-wordpress\/ -->\n<title>Ydinvoima on osa Suomen energiapalettia - Silja Ker\u00e4nen<\/title>\n<meta name=\"robots\" content=\"index, follow, max-snippet:-1, max-image-preview:large, max-video-preview:-1\" \/>\n<link rel=\"canonical\" href=\"https:\/\/siljakeranen.fi\/blogi\/ydinvoima-on-osa-suomen-energiapalettia\/\" \/>\n<meta property=\"og:locale\" content=\"fi_FI\" \/>\n<meta property=\"og:type\" content=\"article\" \/>\n<meta property=\"og:title\" content=\"Ydinvoima on osa Suomen energiapalettia - Silja Ker\u00e4nen\" \/>\n<meta property=\"og:description\" content=\"Ihmiskunnan elinmahdollisuuksien kannalta ilmastonmuutoksen hillint\u00e4 on kaikista keskeisin asia. Se tarkoittaa isoja muutoksia todella monella osa-alueella. Energiantuotanto on niist\u00e4 yksi, koska kasvihuonekaasup\u00e4\u00e4st\u00f6ist\u00e4 suurin osa johtuu nimenomaan energiantuotannosta. Ja energiantuotannossa prioriteettina tulee olla fossiilisista eroon p\u00e4\u00e4seminen. Suomen pit\u00e4\u00e4 tehd\u00e4 suunnitelma fossiilisista luopumiselle. Suunnitelma, jossa asetetaan tavoitevuodet ja mietit\u00e4\u00e4n vaihtoehdot sek\u00e4 keinot. T\u00e4m\u00e4n suunnitelman tekeminen on seuraavan [&hellip;]\" \/>\n<meta property=\"og:url\" content=\"https:\/\/siljakeranen.fi\/blogi\/ydinvoima-on-osa-suomen-energiapalettia\/\" \/>\n<meta property=\"og:site_name\" content=\"Silja Ker\u00e4nen\" \/>\n<meta property=\"article:publisher\" content=\"https:\/\/www.facebook.com\/siljamkeranen\" \/>\n<meta property=\"article:author\" content=\"https:\/\/www.facebook.com\/siljamkeranen\" \/>\n<meta property=\"article:published_time\" content=\"2019-03-02T15:20:53+00:00\" \/>\n<meta property=\"article:modified_time\" content=\"2019-03-02T15:22:09+00:00\" \/>\n<meta property=\"og:image\" content=\"https:\/\/siljakeranen.fi\/blogi\/wp-content\/uploads\/2019\/03\/Vihreiden-energiavisio.png\" \/>\n\t<meta property=\"og:image:width\" content=\"825\" \/>\n\t<meta property=\"og:image:height\" content=\"529\" \/>\n\t<meta property=\"og:image:type\" content=\"image\/png\" \/>\n<meta name=\"author\" content=\"Silja\" \/>\n<meta name=\"twitter:card\" content=\"summary_large_image\" \/>\n<meta name=\"twitter:creator\" content=\"@https:\/\/twitter.com\/SiljaMP\" \/>\n<meta name=\"twitter:site\" content=\"@SiljaMP\" \/>\n<meta name=\"twitter:label1\" content=\"Kirjoittanut\" \/>\n\t<meta name=\"twitter:data1\" content=\"Silja\" \/>\n\t<meta name=\"twitter:label2\" content=\"Arvioitu lukuaika\" \/>\n\t<meta name=\"twitter:data2\" content=\"3 minuuttia\" \/>\n<script type=\"application\/ld+json\" class=\"yoast-schema-graph\">{\"@context\":\"https:\\\/\\\/schema.org\",\"@graph\":[{\"@type\":\"Article\",\"@id\":\"https:\\\/\\\/siljakeranen.fi\\\/blogi\\\/ydinvoima-on-osa-suomen-energiapalettia\\\/#article\",\"isPartOf\":{\"@id\":\"https:\\\/\\\/siljakeranen.fi\\\/blogi\\\/ydinvoima-on-osa-suomen-energiapalettia\\\/\"},\"author\":{\"name\":\"Silja\",\"@id\":\"https:\\\/\\\/siljakeranen.fi\\\/blogi\\\/#\\\/schema\\\/person\\\/d43605ef0d5681c1b27a4ba1fede1cf4\"},\"headline\":\"Ydinvoima on osa Suomen energiapalettia\",\"datePublished\":\"2019-03-02T15:20:53+00:00\",\"dateModified\":\"2019-03-02T15:22:09+00:00\",\"mainEntityOfPage\":{\"@id\":\"https:\\\/\\\/siljakeranen.fi\\\/blogi\\\/ydinvoima-on-osa-suomen-energiapalettia\\\/\"},\"wordCount\":617,\"commentCount\":0,\"publisher\":{\"@id\":\"https:\\\/\\\/siljakeranen.fi\\\/blogi\\\/#\\\/schema\\\/person\\\/d43605ef0d5681c1b27a4ba1fede1cf4\"},\"image\":{\"@id\":\"https:\\\/\\\/siljakeranen.fi\\\/blogi\\\/ydinvoima-on-osa-suomen-energiapalettia\\\/#primaryimage\"},\"thumbnailUrl\":\"https:\\\/\\\/siljakeranen.fi\\\/blogi\\\/wp-content\\\/uploads\\\/2019\\\/03\\\/Vihreiden-energiavisio.png\",\"articleSection\":[\"Energia\",\"Ilmastonmuutos\",\"Kaleva\",\"Politiikka\",\"Vihre\u00e4t\",\"Ymp\u00e4rist\u00f6\"],\"inLanguage\":\"fi\",\"potentialAction\":[{\"@type\":\"CommentAction\",\"name\":\"Comment\",\"target\":[\"https:\\\/\\\/siljakeranen.fi\\\/blogi\\\/ydinvoima-on-osa-suomen-energiapalettia\\\/#respond\"]}]},{\"@type\":\"WebPage\",\"@id\":\"https:\\\/\\\/siljakeranen.fi\\\/blogi\\\/ydinvoima-on-osa-suomen-energiapalettia\\\/\",\"url\":\"https:\\\/\\\/siljakeranen.fi\\\/blogi\\\/ydinvoima-on-osa-suomen-energiapalettia\\\/\",\"name\":\"Ydinvoima on osa Suomen energiapalettia - Silja Ker\u00e4nen\",\"isPartOf\":{\"@id\":\"https:\\\/\\\/siljakeranen.fi\\\/blogi\\\/#website\"},\"primaryImageOfPage\":{\"@id\":\"https:\\\/\\\/siljakeranen.fi\\\/blogi\\\/ydinvoima-on-osa-suomen-energiapalettia\\\/#primaryimage\"},\"image\":{\"@id\":\"https:\\\/\\\/siljakeranen.fi\\\/blogi\\\/ydinvoima-on-osa-suomen-energiapalettia\\\/#primaryimage\"},\"thumbnailUrl\":\"https:\\\/\\\/siljakeranen.fi\\\/blogi\\\/wp-content\\\/uploads\\\/2019\\\/03\\\/Vihreiden-energiavisio.png\",\"datePublished\":\"2019-03-02T15:20:53+00:00\",\"dateModified\":\"2019-03-02T15:22:09+00:00\",\"breadcrumb\":{\"@id\":\"https:\\\/\\\/siljakeranen.fi\\\/blogi\\\/ydinvoima-on-osa-suomen-energiapalettia\\\/#breadcrumb\"},\"inLanguage\":\"fi\",\"potentialAction\":[{\"@type\":\"ReadAction\",\"target\":[\"https:\\\/\\\/siljakeranen.fi\\\/blogi\\\/ydinvoima-on-osa-suomen-energiapalettia\\\/\"]}]},{\"@type\":\"ImageObject\",\"inLanguage\":\"fi\",\"@id\":\"https:\\\/\\\/siljakeranen.fi\\\/blogi\\\/ydinvoima-on-osa-suomen-energiapalettia\\\/#primaryimage\",\"url\":\"https:\\\/\\\/siljakeranen.fi\\\/blogi\\\/wp-content\\\/uploads\\\/2019\\\/03\\\/Vihreiden-energiavisio.png\",\"contentUrl\":\"https:\\\/\\\/siljakeranen.fi\\\/blogi\\\/wp-content\\\/uploads\\\/2019\\\/03\\\/Vihreiden-energiavisio.png\",\"width\":825,\"height\":529},{\"@type\":\"BreadcrumbList\",\"@id\":\"https:\\\/\\\/siljakeranen.fi\\\/blogi\\\/ydinvoima-on-osa-suomen-energiapalettia\\\/#breadcrumb\",\"itemListElement\":[{\"@type\":\"ListItem\",\"position\":1,\"name\":\"Etusivu\",\"item\":\"https:\\\/\\\/siljakeranen.fi\\\/blogi\\\/\"},{\"@type\":\"ListItem\",\"position\":2,\"name\":\"Ydinvoima on osa Suomen energiapalettia\"}]},{\"@type\":\"WebSite\",\"@id\":\"https:\\\/\\\/siljakeranen.fi\\\/blogi\\\/#website\",\"url\":\"https:\\\/\\\/siljakeranen.fi\\\/blogi\\\/\",\"name\":\"Silja Ker\u00e4nen\",\"description\":\"Silja Ker\u00e4nen, kainuulainen vihre\u00e4 poliitikko\",\"publisher\":{\"@id\":\"https:\\\/\\\/siljakeranen.fi\\\/blogi\\\/#\\\/schema\\\/person\\\/d43605ef0d5681c1b27a4ba1fede1cf4\"},\"potentialAction\":[{\"@type\":\"SearchAction\",\"target\":{\"@type\":\"EntryPoint\",\"urlTemplate\":\"https:\\\/\\\/siljakeranen.fi\\\/blogi\\\/?s={search_term_string}\"},\"query-input\":{\"@type\":\"PropertyValueSpecification\",\"valueRequired\":true,\"valueName\":\"search_term_string\"}}],\"inLanguage\":\"fi\"},{\"@type\":[\"Person\",\"Organization\"],\"@id\":\"https:\\\/\\\/siljakeranen.fi\\\/blogi\\\/#\\\/schema\\\/person\\\/d43605ef0d5681c1b27a4ba1fede1cf4\",\"name\":\"Silja\",\"image\":{\"@type\":\"ImageObject\",\"inLanguage\":\"fi\",\"@id\":\"https:\\\/\\\/siljakeranen.fi\\\/blogi\\\/wp-content\\\/uploads\\\/2023\\\/01\\\/cropped-silja_250x100.png\",\"url\":\"https:\\\/\\\/siljakeranen.fi\\\/blogi\\\/wp-content\\\/uploads\\\/2023\\\/01\\\/cropped-silja_250x100.png\",\"contentUrl\":\"https:\\\/\\\/siljakeranen.fi\\\/blogi\\\/wp-content\\\/uploads\\\/2023\\\/01\\\/cropped-silja_250x100.png\",\"width\":250,\"height\":100,\"caption\":\"Silja\"},\"logo\":{\"@id\":\"https:\\\/\\\/siljakeranen.fi\\\/blogi\\\/wp-content\\\/uploads\\\/2023\\\/01\\\/cropped-silja_250x100.png\"},\"sameAs\":[\"http:\\\/\\\/www.siljakeranen.fi\",\"https:\\\/\\\/www.facebook.com\\\/siljamkeranen\",\"https:\\\/\\\/www.instagram.com\\\/siljakeranen\\\/\",\"https:\\\/\\\/www.linkedin.com\\\/in\\\/silja-kernen-4331b548\\\/\",\"https:\\\/\\\/x.com\\\/https:\\\/\\\/twitter.com\\\/SiljaMP\",\"https:\\\/\\\/www.youtube.com\\\/channel\\\/UC0MWeuoWP4-Mjs1z8pIv3GQ\",\"https:\\\/\\\/fi.wikipedia.org\\\/wiki\\\/Silja_Kernen\"],\"url\":\"https:\\\/\\\/siljakeranen.fi\\\/blogi\\\/author\\\/admin\\\/\"}]}<\/script>\n<!-- \/ Yoast SEO plugin. -->","yoast_head_json":{"title":"Ydinvoima on osa Suomen energiapalettia - Silja Ker\u00e4nen","robots":{"index":"index","follow":"follow","max-snippet":"max-snippet:-1","max-image-preview":"max-image-preview:large","max-video-preview":"max-video-preview:-1"},"canonical":"https:\/\/siljakeranen.fi\/blogi\/ydinvoima-on-osa-suomen-energiapalettia\/","og_locale":"fi_FI","og_type":"article","og_title":"Ydinvoima on osa Suomen energiapalettia - Silja Ker\u00e4nen","og_description":"Ihmiskunnan elinmahdollisuuksien kannalta ilmastonmuutoksen hillint\u00e4 on kaikista keskeisin asia. Se tarkoittaa isoja muutoksia todella monella osa-alueella. Energiantuotanto on niist\u00e4 yksi, koska kasvihuonekaasup\u00e4\u00e4st\u00f6ist\u00e4 suurin osa johtuu nimenomaan energiantuotannosta. Ja energiantuotannossa prioriteettina tulee olla fossiilisista eroon p\u00e4\u00e4seminen. Suomen pit\u00e4\u00e4 tehd\u00e4 suunnitelma fossiilisista luopumiselle. Suunnitelma, jossa asetetaan tavoitevuodet ja mietit\u00e4\u00e4n vaihtoehdot sek\u00e4 keinot. T\u00e4m\u00e4n suunnitelman tekeminen on seuraavan [&hellip;]","og_url":"https:\/\/siljakeranen.fi\/blogi\/ydinvoima-on-osa-suomen-energiapalettia\/","og_site_name":"Silja Ker\u00e4nen","article_publisher":"https:\/\/www.facebook.com\/siljamkeranen","article_author":"https:\/\/www.facebook.com\/siljamkeranen","article_published_time":"2019-03-02T15:20:53+00:00","article_modified_time":"2019-03-02T15:22:09+00:00","og_image":[{"width":825,"height":529,"url":"https:\/\/siljakeranen.fi\/blogi\/wp-content\/uploads\/2019\/03\/Vihreiden-energiavisio.png","type":"image\/png"}],"author":"Silja","twitter_card":"summary_large_image","twitter_creator":"@https:\/\/twitter.com\/SiljaMP","twitter_site":"@SiljaMP","twitter_misc":{"Kirjoittanut":"Silja","Arvioitu lukuaika":"3 minuuttia"},"schema":{"@context":"https:\/\/schema.org","@graph":[{"@type":"Article","@id":"https:\/\/siljakeranen.fi\/blogi\/ydinvoima-on-osa-suomen-energiapalettia\/#article","isPartOf":{"@id":"https:\/\/siljakeranen.fi\/blogi\/ydinvoima-on-osa-suomen-energiapalettia\/"},"author":{"name":"Silja","@id":"https:\/\/siljakeranen.fi\/blogi\/#\/schema\/person\/d43605ef0d5681c1b27a4ba1fede1cf4"},"headline":"Ydinvoima on osa Suomen energiapalettia","datePublished":"2019-03-02T15:20:53+00:00","dateModified":"2019-03-02T15:22:09+00:00","mainEntityOfPage":{"@id":"https:\/\/siljakeranen.fi\/blogi\/ydinvoima-on-osa-suomen-energiapalettia\/"},"wordCount":617,"commentCount":0,"publisher":{"@id":"https:\/\/siljakeranen.fi\/blogi\/#\/schema\/person\/d43605ef0d5681c1b27a4ba1fede1cf4"},"image":{"@id":"https:\/\/siljakeranen.fi\/blogi\/ydinvoima-on-osa-suomen-energiapalettia\/#primaryimage"},"thumbnailUrl":"https:\/\/siljakeranen.fi\/blogi\/wp-content\/uploads\/2019\/03\/Vihreiden-energiavisio.png","articleSection":["Energia","Ilmastonmuutos","Kaleva","Politiikka","Vihre\u00e4t","Ymp\u00e4rist\u00f6"],"inLanguage":"fi","potentialAction":[{"@type":"CommentAction","name":"Comment","target":["https:\/\/siljakeranen.fi\/blogi\/ydinvoima-on-osa-suomen-energiapalettia\/#respond"]}]},{"@type":"WebPage","@id":"https:\/\/siljakeranen.fi\/blogi\/ydinvoima-on-osa-suomen-energiapalettia\/","url":"https:\/\/siljakeranen.fi\/blogi\/ydinvoima-on-osa-suomen-energiapalettia\/","name":"Ydinvoima on osa Suomen energiapalettia - Silja Ker\u00e4nen","isPartOf":{"@id":"https:\/\/siljakeranen.fi\/blogi\/#website"},"primaryImageOfPage":{"@id":"https:\/\/siljakeranen.fi\/blogi\/ydinvoima-on-osa-suomen-energiapalettia\/#primaryimage"},"image":{"@id":"https:\/\/siljakeranen.fi\/blogi\/ydinvoima-on-osa-suomen-energiapalettia\/#primaryimage"},"thumbnailUrl":"https:\/\/siljakeranen.fi\/blogi\/wp-content\/uploads\/2019\/03\/Vihreiden-energiavisio.png","datePublished":"2019-03-02T15:20:53+00:00","dateModified":"2019-03-02T15:22:09+00:00","breadcrumb":{"@id":"https:\/\/siljakeranen.fi\/blogi\/ydinvoima-on-osa-suomen-energiapalettia\/#breadcrumb"},"inLanguage":"fi","potentialAction":[{"@type":"ReadAction","target":["https:\/\/siljakeranen.fi\/blogi\/ydinvoima-on-osa-suomen-energiapalettia\/"]}]},{"@type":"ImageObject","inLanguage":"fi","@id":"https:\/\/siljakeranen.fi\/blogi\/ydinvoima-on-osa-suomen-energiapalettia\/#primaryimage","url":"https:\/\/siljakeranen.fi\/blogi\/wp-content\/uploads\/2019\/03\/Vihreiden-energiavisio.png","contentUrl":"https:\/\/siljakeranen.fi\/blogi\/wp-content\/uploads\/2019\/03\/Vihreiden-energiavisio.png","width":825,"height":529},{"@type":"BreadcrumbList","@id":"https:\/\/siljakeranen.fi\/blogi\/ydinvoima-on-osa-suomen-energiapalettia\/#breadcrumb","itemListElement":[{"@type":"ListItem","position":1,"name":"Etusivu","item":"https:\/\/siljakeranen.fi\/blogi\/"},{"@type":"ListItem","position":2,"name":"Ydinvoima on osa Suomen energiapalettia"}]},{"@type":"WebSite","@id":"https:\/\/siljakeranen.fi\/blogi\/#website","url":"https:\/\/siljakeranen.fi\/blogi\/","name":"Silja Ker\u00e4nen","description":"Silja Ker\u00e4nen, kainuulainen vihre\u00e4 poliitikko","publisher":{"@id":"https:\/\/siljakeranen.fi\/blogi\/#\/schema\/person\/d43605ef0d5681c1b27a4ba1fede1cf4"},"potentialAction":[{"@type":"SearchAction","target":{"@type":"EntryPoint","urlTemplate":"https:\/\/siljakeranen.fi\/blogi\/?s={search_term_string}"},"query-input":{"@type":"PropertyValueSpecification","valueRequired":true,"valueName":"search_term_string"}}],"inLanguage":"fi"},{"@type":["Person","Organization"],"@id":"https:\/\/siljakeranen.fi\/blogi\/#\/schema\/person\/d43605ef0d5681c1b27a4ba1fede1cf4","name":"Silja","image":{"@type":"ImageObject","inLanguage":"fi","@id":"https:\/\/siljakeranen.fi\/blogi\/wp-content\/uploads\/2023\/01\/cropped-silja_250x100.png","url":"https:\/\/siljakeranen.fi\/blogi\/wp-content\/uploads\/2023\/01\/cropped-silja_250x100.png","contentUrl":"https:\/\/siljakeranen.fi\/blogi\/wp-content\/uploads\/2023\/01\/cropped-silja_250x100.png","width":250,"height":100,"caption":"Silja"},"logo":{"@id":"https:\/\/siljakeranen.fi\/blogi\/wp-content\/uploads\/2023\/01\/cropped-silja_250x100.png"},"sameAs":["http:\/\/www.siljakeranen.fi","https:\/\/www.facebook.com\/siljamkeranen","https:\/\/www.instagram.com\/siljakeranen\/","https:\/\/www.linkedin.com\/in\/silja-kernen-4331b548\/","https:\/\/x.com\/https:\/\/twitter.com\/SiljaMP","https:\/\/www.youtube.com\/channel\/UC0MWeuoWP4-Mjs1z8pIv3GQ","https:\/\/fi.wikipedia.org\/wiki\/Silja_Kernen"],"url":"https:\/\/siljakeranen.fi\/blogi\/author\/admin\/"}]}},"_links":{"self":[{"href":"https:\/\/siljakeranen.fi\/blogi\/wp-json\/wp\/v2\/posts\/1616","targetHints":{"allow":["GET"]}}],"collection":[{"href":"https:\/\/siljakeranen.fi\/blogi\/wp-json\/wp\/v2\/posts"}],"about":[{"href":"https:\/\/siljakeranen.fi\/blogi\/wp-json\/wp\/v2\/types\/post"}],"author":[{"embeddable":true,"href":"https:\/\/siljakeranen.fi\/blogi\/wp-json\/wp\/v2\/users\/1"}],"replies":[{"embeddable":true,"href":"https:\/\/siljakeranen.fi\/blogi\/wp-json\/wp\/v2\/comments?post=1616"}],"version-history":[{"count":3,"href":"https:\/\/siljakeranen.fi\/blogi\/wp-json\/wp\/v2\/posts\/1616\/revisions"}],"predecessor-version":[{"id":1620,"href":"https:\/\/siljakeranen.fi\/blogi\/wp-json\/wp\/v2\/posts\/1616\/revisions\/1620"}],"wp:featuredmedia":[{"embeddable":true,"href":"https:\/\/siljakeranen.fi\/blogi\/wp-json\/wp\/v2\/media\/1619"}],"wp:attachment":[{"href":"https:\/\/siljakeranen.fi\/blogi\/wp-json\/wp\/v2\/media?parent=1616"}],"wp:term":[{"taxonomy":"category","embeddable":true,"href":"https:\/\/siljakeranen.fi\/blogi\/wp-json\/wp\/v2\/categories?post=1616"},{"taxonomy":"post_tag","embeddable":true,"href":"https:\/\/siljakeranen.fi\/blogi\/wp-json\/wp\/v2\/tags?post=1616"}],"curies":[{"name":"wp","href":"https:\/\/api.w.org\/{rel}","templated":true}]}}