{"id":1789,"date":"2019-06-11T22:33:23","date_gmt":"2019-06-11T19:33:23","guid":{"rendered":"https:\/\/siljakeranen.fi\/blogi\/?p=1789"},"modified":"2019-06-12T19:35:32","modified_gmt":"2019-06-12T16:35:32","slug":"ehdolla-puoluevaltuuskunnan-puheenjohtajaksi","status":"publish","type":"post","link":"https:\/\/siljakeranen.fi\/blogi\/ehdolla-puoluevaltuuskunnan-puheenjohtajaksi\/","title":{"rendered":"Ehdolla puoluevaltuuskunnan puheenjohtajaksi"},"content":{"rendered":"<p>Olen ehdolla Vihreiden puoluevaltuuskunnan puheenjohtajaksi, koska maailma ei ole viel\u00e4 valmis. Meit\u00e4 vihreit\u00e4 tarvitaan edelleen. Oikeastaan enemm\u00e4n kuin aiemmin. Ilmastonmuutoksen hillinn\u00e4n kannalta nyt elet\u00e4\u00e4n kriittisi\u00e4 vuosia. Populismin nousu kertoo monen tavallisen ihmisen h\u00e4d\u00e4st\u00e4, pelosta ja osattomuudesta. Meid\u00e4n on kyett\u00e4v\u00e4 vastaamaan n\u00e4ihin haasteisiin.<\/p>\n<p>Puoluevaltuuskunnalla on t\u00e4ss\u00e4 iso rooli. Se on vihreiden ylin p\u00e4\u00e4t\u00f6ksentekij\u00e4 puoluekokousten v\u00e4lill\u00e4. Valtuuskunta hyv\u00e4ksyy puolueen ohjelmapaperit ja p\u00e4\u00e4tt\u00e4\u00e4 hallitukseen menosta sek\u00e4 ministerivalinnoista.<\/p>\n<p>Haluan kehitt\u00e4\u00e4 puoluevaltuuskunnan ty\u00f6t\u00e4 edelleen. Etenkin yhteisty\u00f6t\u00e4 eduskuntaryhm\u00e4n ja ryhm\u00e4kanslian kanssa on syyt\u00e4 parantaa, jotta tieto kulkee molempiin suuntiin. Samalla vahvistetaan my\u00f6s meid\u00e4n poliittisten linjojen m\u00e4\u00e4rittely\u00e4 \u2013 linjojen yhdenmukaisuutta ja p\u00e4\u00e4t\u00f6ksenteon demokraattisuutta.<\/p>\n<p>Olen toiminut puoluevaltuuskunnan j\u00e4senen\u00e4 nelj\u00e4 vuotta ja osallistunut kokouksiin aktiivisesti. Toimin my\u00f6s vihreiden maatalouspoliittisen ty\u00f6ryhm\u00e4n puheenjohtajana. Maatalouspoliittista ohjelmaa valmisteltiin vuosi, ja se hyv\u00e4ksyttiin syyskuussa 2018. Aivan mahtavan ty\u00f6ryhm\u00e4n, oman panostukseni ja opintokeskus Vision mittavan taustaselvityksen ansiosta sek\u00e4 ohjelman tekemisen prosessi ett\u00e4 itse ohjelma ker\u00e4siv\u00e4t kehuja.<\/p>\n<p>Ohjelmien tekemisen prosesseja on kehitett\u00e4v\u00e4 edelleen, jotta lopputuloksena tulee laadukkaita ohjelmia ja jotta valtuuskunnan j\u00e4senet p\u00e4\u00e4sev\u00e4t niihin oikeasti vaikuttamaan. Nyt liian usein valtuuskunnan j\u00e4senille \u2013 ja sit\u00e4 kautta vihreiden j\u00e4senille \u2013 on j\u00e4\u00e4nyt aivan liian v\u00e4h\u00e4n aikaa ohjelmiin tutustumiseen ja kommentointiin. Ohjelmavalmistelua on my\u00f6s resursoitava paremmin.<\/p>\n<p>Minulle on my\u00f6s t\u00e4rke\u00e4\u00e4, ett\u00e4 vihre\u00e4t on aidosti koko maan puolue. Ett\u00e4 pid\u00e4mme esill\u00e4 my\u00f6s maaseudun, pikkukaupunkien ja harvaan asutun Suomen asioita. Huolehdimme siit\u00e4, ett\u00e4 ihmiset pysyv\u00e4t mukana ja heid\u00e4n hyvinvoinnistaan huolehditaan asuinpaikasta riippumatta.<\/p>\n<p>Kuka oikein olen: Olen Silja, 35-vuotias kajaanilainen ymp\u00e4rist\u00f6tekniikan diplomi-insin\u00f6\u00f6ri. Olen Kajaanin kaupunginhallituksen ja -valtuuston j\u00e4sen, ja viime kuntavaaleissa yll\u00e4tyksekseni koko kaupungin \u00e4\u00e4niharava. Toimin my\u00f6s Kainuun liiton valtuustossa ja tarkastuslautakunnassa varapuheenjohtajana. Vihreiss\u00e4 olen ollut nelj\u00e4 vuotta puoluevaltuuskunnan j\u00e4sen Vihreiden Naisten edustajana ja saman aikaa olen johtanut Maaseutu- ja er\u00e4vihreit\u00e4.&nbsp;<\/p>\n<div style=\"padding-bottom:20px; padding-top:10px;\" class=\"hupso-share-buttons\"><!-- Hupso Share Buttons - https:\/\/www.hupso.com\/share\/ --><a class=\"hupso_counters\" href=\"https:\/\/www.hupso.com\/share\/\"><img decoding=\"async\" src=\"https:\/\/static.hupso.com\/share\/buttons\/share-small.png\" style=\"border:0px; padding-top:2px; float:left;\" alt=\"Share Button\"\/><\/a><script type=\"text\/javascript\">var hupso_services_c=new Array(\"twitter\",\"facebook_like\",\"facebook_send\",\"google\");var hupso_counters_lang = \"en_US\";var hupso_image_folder_url = \"\";var hupso_url_c=\"\";var hupso_title_c=\"Ehdolla%20puoluevaltuuskunnan%20puheenjohtajaksi\";<\/script><script type=\"text\/javascript\" src=\"https:\/\/static.hupso.com\/share\/js\/counters.js\"><\/script><!-- Hupso Share Buttons --><\/div>","protected":false},"excerpt":{"rendered":"<p>Olen ehdolla Vihreiden puoluevaltuuskunnan puheenjohtajaksi, koska maailma ei ole viel\u00e4 valmis. Meit\u00e4 vihreit\u00e4 tarvitaan edelleen. Oikeastaan enemm\u00e4n kuin aiemmin. Ilmastonmuutoksen hillinn\u00e4n kannalta nyt elet\u00e4\u00e4n kriittisi\u00e4 vuosia. Populismin nousu kertoo monen tavallisen ihmisen h\u00e4d\u00e4st\u00e4, pelosta ja osattomuudesta. Meid\u00e4n on kyett\u00e4v\u00e4 vastaamaan n\u00e4ihin haasteisiin. Puoluevaltuuskunnalla on t\u00e4ss\u00e4 iso rooli. Se on vihreiden ylin p\u00e4\u00e4t\u00f6ksentekij\u00e4 puoluekokousten v\u00e4lill\u00e4. Valtuuskunta [&hellip;]<\/p>\n<div style=\"padding-bottom:20px; padding-top:10px;\" class=\"hupso-share-buttons\"><!-- Hupso Share Buttons - https:\/\/www.hupso.com\/share\/ --><a class=\"hupso_counters\" href=\"https:\/\/www.hupso.com\/share\/\"><img src=\"https:\/\/static.hupso.com\/share\/buttons\/share-small.png\" style=\"border:0px; padding-top:2px; float:left;\" alt=\"Share Button\"\/><\/a><script type=\"text\/javascript\">var hupso_services_c=new Array(\"twitter\",\"facebook_like\",\"facebook_send\",\"google\");var hupso_counters_lang = \"en_US\";var hupso_image_folder_url = \"\";var hupso_url_c=\"\";var hupso_title_c=\"Ehdolla%20puoluevaltuuskunnan%20puheenjohtajaksi\";<\/script><script type=\"text\/javascript\" src=\"https:\/\/static.hupso.com\/share\/js\/counters.js\"><\/script><!-- Hupso Share Buttons --><\/div>","protected":false},"author":1,"featured_media":1544,"comment_status":"open","ping_status":"closed","sticky":false,"template":"","format":"standard","meta":{"ngg_post_thumbnail":0,"footnotes":""},"categories":[6,10],"tags":[],"class_list":["post-1789","post","type-post","status-publish","format-standard","has-post-thumbnail","hentry","category-politiikka","category-vihreat"],"yoast_head":"<!-- This site is optimized with the Yoast SEO plugin v27.3 - https:\/\/yoast.com\/product\/yoast-seo-wordpress\/ -->\n<title>Ehdolla puoluevaltuuskunnan puheenjohtajaksi - Silja Ker\u00e4nen<\/title>\n<meta name=\"robots\" content=\"index, follow, max-snippet:-1, max-image-preview:large, max-video-preview:-1\" \/>\n<link rel=\"canonical\" href=\"https:\/\/siljakeranen.fi\/blogi\/ehdolla-puoluevaltuuskunnan-puheenjohtajaksi\/\" \/>\n<meta property=\"og:locale\" content=\"fi_FI\" \/>\n<meta property=\"og:type\" content=\"article\" \/>\n<meta property=\"og:title\" content=\"Ehdolla puoluevaltuuskunnan puheenjohtajaksi - Silja Ker\u00e4nen\" \/>\n<meta property=\"og:description\" content=\"Olen ehdolla Vihreiden puoluevaltuuskunnan puheenjohtajaksi, koska maailma ei ole viel\u00e4 valmis. Meit\u00e4 vihreit\u00e4 tarvitaan edelleen. Oikeastaan enemm\u00e4n kuin aiemmin. Ilmastonmuutoksen hillinn\u00e4n kannalta nyt elet\u00e4\u00e4n kriittisi\u00e4 vuosia. Populismin nousu kertoo monen tavallisen ihmisen h\u00e4d\u00e4st\u00e4, pelosta ja osattomuudesta. Meid\u00e4n on kyett\u00e4v\u00e4 vastaamaan n\u00e4ihin haasteisiin. Puoluevaltuuskunnalla on t\u00e4ss\u00e4 iso rooli. Se on vihreiden ylin p\u00e4\u00e4t\u00f6ksentekij\u00e4 puoluekokousten v\u00e4lill\u00e4. Valtuuskunta [&hellip;]\" \/>\n<meta property=\"og:url\" content=\"https:\/\/siljakeranen.fi\/blogi\/ehdolla-puoluevaltuuskunnan-puheenjohtajaksi\/\" \/>\n<meta property=\"og:site_name\" content=\"Silja Ker\u00e4nen\" \/>\n<meta property=\"article:publisher\" content=\"https:\/\/www.facebook.com\/siljamkeranen\" \/>\n<meta property=\"article:author\" content=\"https:\/\/www.facebook.com\/siljamkeranen\" \/>\n<meta property=\"article:published_time\" content=\"2019-06-11T19:33:23+00:00\" \/>\n<meta property=\"article:modified_time\" content=\"2019-06-12T16:35:32+00:00\" \/>\n<meta property=\"og:image\" content=\"https:\/\/siljakeranen.fi\/blogi\/wp-content\/uploads\/2019\/02\/Silja-Keranen-160916.jpg\" \/>\n\t<meta property=\"og:image:width\" content=\"916\" \/>\n\t<meta property=\"og:image:height\" content=\"890\" \/>\n\t<meta property=\"og:image:type\" content=\"image\/jpeg\" \/>\n<meta name=\"author\" content=\"Silja\" \/>\n<meta name=\"twitter:card\" content=\"summary_large_image\" \/>\n<meta name=\"twitter:creator\" content=\"@https:\/\/twitter.com\/SiljaMP\" \/>\n<meta name=\"twitter:site\" content=\"@SiljaMP\" \/>\n<meta name=\"twitter:label1\" content=\"Kirjoittanut\" \/>\n\t<meta name=\"twitter:data1\" content=\"Silja\" \/>\n\t<meta name=\"twitter:label2\" content=\"Arvioitu lukuaika\" \/>\n\t<meta name=\"twitter:data2\" content=\"2 minuuttia\" \/>\n<script type=\"application\/ld+json\" class=\"yoast-schema-graph\">{\"@context\":\"https:\\\/\\\/schema.org\",\"@graph\":[{\"@type\":\"Article\",\"@id\":\"https:\\\/\\\/siljakeranen.fi\\\/blogi\\\/ehdolla-puoluevaltuuskunnan-puheenjohtajaksi\\\/#article\",\"isPartOf\":{\"@id\":\"https:\\\/\\\/siljakeranen.fi\\\/blogi\\\/ehdolla-puoluevaltuuskunnan-puheenjohtajaksi\\\/\"},\"author\":{\"name\":\"Silja\",\"@id\":\"https:\\\/\\\/siljakeranen.fi\\\/blogi\\\/#\\\/schema\\\/person\\\/d43605ef0d5681c1b27a4ba1fede1cf4\"},\"headline\":\"Ehdolla puoluevaltuuskunnan puheenjohtajaksi\",\"datePublished\":\"2019-06-11T19:33:23+00:00\",\"dateModified\":\"2019-06-12T16:35:32+00:00\",\"mainEntityOfPage\":{\"@id\":\"https:\\\/\\\/siljakeranen.fi\\\/blogi\\\/ehdolla-puoluevaltuuskunnan-puheenjohtajaksi\\\/\"},\"wordCount\":326,\"commentCount\":0,\"publisher\":{\"@id\":\"https:\\\/\\\/siljakeranen.fi\\\/blogi\\\/#\\\/schema\\\/person\\\/d43605ef0d5681c1b27a4ba1fede1cf4\"},\"image\":{\"@id\":\"https:\\\/\\\/siljakeranen.fi\\\/blogi\\\/ehdolla-puoluevaltuuskunnan-puheenjohtajaksi\\\/#primaryimage\"},\"thumbnailUrl\":\"https:\\\/\\\/siljakeranen.fi\\\/blogi\\\/wp-content\\\/uploads\\\/2019\\\/02\\\/Silja-Keranen-160916.jpg\",\"articleSection\":[\"Politiikka\",\"Vihre\u00e4t\"],\"inLanguage\":\"fi\",\"potentialAction\":[{\"@type\":\"CommentAction\",\"name\":\"Comment\",\"target\":[\"https:\\\/\\\/siljakeranen.fi\\\/blogi\\\/ehdolla-puoluevaltuuskunnan-puheenjohtajaksi\\\/#respond\"]}]},{\"@type\":\"WebPage\",\"@id\":\"https:\\\/\\\/siljakeranen.fi\\\/blogi\\\/ehdolla-puoluevaltuuskunnan-puheenjohtajaksi\\\/\",\"url\":\"https:\\\/\\\/siljakeranen.fi\\\/blogi\\\/ehdolla-puoluevaltuuskunnan-puheenjohtajaksi\\\/\",\"name\":\"Ehdolla puoluevaltuuskunnan puheenjohtajaksi - Silja Ker\u00e4nen\",\"isPartOf\":{\"@id\":\"https:\\\/\\\/siljakeranen.fi\\\/blogi\\\/#website\"},\"primaryImageOfPage\":{\"@id\":\"https:\\\/\\\/siljakeranen.fi\\\/blogi\\\/ehdolla-puoluevaltuuskunnan-puheenjohtajaksi\\\/#primaryimage\"},\"image\":{\"@id\":\"https:\\\/\\\/siljakeranen.fi\\\/blogi\\\/ehdolla-puoluevaltuuskunnan-puheenjohtajaksi\\\/#primaryimage\"},\"thumbnailUrl\":\"https:\\\/\\\/siljakeranen.fi\\\/blogi\\\/wp-content\\\/uploads\\\/2019\\\/02\\\/Silja-Keranen-160916.jpg\",\"datePublished\":\"2019-06-11T19:33:23+00:00\",\"dateModified\":\"2019-06-12T16:35:32+00:00\",\"breadcrumb\":{\"@id\":\"https:\\\/\\\/siljakeranen.fi\\\/blogi\\\/ehdolla-puoluevaltuuskunnan-puheenjohtajaksi\\\/#breadcrumb\"},\"inLanguage\":\"fi\",\"potentialAction\":[{\"@type\":\"ReadAction\",\"target\":[\"https:\\\/\\\/siljakeranen.fi\\\/blogi\\\/ehdolla-puoluevaltuuskunnan-puheenjohtajaksi\\\/\"]}]},{\"@type\":\"ImageObject\",\"inLanguage\":\"fi\",\"@id\":\"https:\\\/\\\/siljakeranen.fi\\\/blogi\\\/ehdolla-puoluevaltuuskunnan-puheenjohtajaksi\\\/#primaryimage\",\"url\":\"https:\\\/\\\/siljakeranen.fi\\\/blogi\\\/wp-content\\\/uploads\\\/2019\\\/02\\\/Silja-Keranen-160916.jpg\",\"contentUrl\":\"https:\\\/\\\/siljakeranen.fi\\\/blogi\\\/wp-content\\\/uploads\\\/2019\\\/02\\\/Silja-Keranen-160916.jpg\",\"width\":916,\"height\":890},{\"@type\":\"BreadcrumbList\",\"@id\":\"https:\\\/\\\/siljakeranen.fi\\\/blogi\\\/ehdolla-puoluevaltuuskunnan-puheenjohtajaksi\\\/#breadcrumb\",\"itemListElement\":[{\"@type\":\"ListItem\",\"position\":1,\"name\":\"Etusivu\",\"item\":\"https:\\\/\\\/siljakeranen.fi\\\/blogi\\\/\"},{\"@type\":\"ListItem\",\"position\":2,\"name\":\"Ehdolla puoluevaltuuskunnan puheenjohtajaksi\"}]},{\"@type\":\"WebSite\",\"@id\":\"https:\\\/\\\/siljakeranen.fi\\\/blogi\\\/#website\",\"url\":\"https:\\\/\\\/siljakeranen.fi\\\/blogi\\\/\",\"name\":\"Silja Ker\u00e4nen\",\"description\":\"Silja Ker\u00e4nen, kainuulainen vihre\u00e4 poliitikko\",\"publisher\":{\"@id\":\"https:\\\/\\\/siljakeranen.fi\\\/blogi\\\/#\\\/schema\\\/person\\\/d43605ef0d5681c1b27a4ba1fede1cf4\"},\"potentialAction\":[{\"@type\":\"SearchAction\",\"target\":{\"@type\":\"EntryPoint\",\"urlTemplate\":\"https:\\\/\\\/siljakeranen.fi\\\/blogi\\\/?s={search_term_string}\"},\"query-input\":{\"@type\":\"PropertyValueSpecification\",\"valueRequired\":true,\"valueName\":\"search_term_string\"}}],\"inLanguage\":\"fi\"},{\"@type\":[\"Person\",\"Organization\"],\"@id\":\"https:\\\/\\\/siljakeranen.fi\\\/blogi\\\/#\\\/schema\\\/person\\\/d43605ef0d5681c1b27a4ba1fede1cf4\",\"name\":\"Silja\",\"image\":{\"@type\":\"ImageObject\",\"inLanguage\":\"fi\",\"@id\":\"https:\\\/\\\/siljakeranen.fi\\\/blogi\\\/wp-content\\\/uploads\\\/2023\\\/01\\\/cropped-silja_250x100.png\",\"url\":\"https:\\\/\\\/siljakeranen.fi\\\/blogi\\\/wp-content\\\/uploads\\\/2023\\\/01\\\/cropped-silja_250x100.png\",\"contentUrl\":\"https:\\\/\\\/siljakeranen.fi\\\/blogi\\\/wp-content\\\/uploads\\\/2023\\\/01\\\/cropped-silja_250x100.png\",\"width\":250,\"height\":100,\"caption\":\"Silja\"},\"logo\":{\"@id\":\"https:\\\/\\\/siljakeranen.fi\\\/blogi\\\/wp-content\\\/uploads\\\/2023\\\/01\\\/cropped-silja_250x100.png\"},\"sameAs\":[\"http:\\\/\\\/www.siljakeranen.fi\",\"https:\\\/\\\/www.facebook.com\\\/siljamkeranen\",\"https:\\\/\\\/www.instagram.com\\\/siljakeranen\\\/\",\"https:\\\/\\\/www.linkedin.com\\\/in\\\/silja-kernen-4331b548\\\/\",\"https:\\\/\\\/x.com\\\/https:\\\/\\\/twitter.com\\\/SiljaMP\",\"https:\\\/\\\/www.youtube.com\\\/channel\\\/UC0MWeuoWP4-Mjs1z8pIv3GQ\",\"https:\\\/\\\/fi.wikipedia.org\\\/wiki\\\/Silja_Kernen\"],\"url\":\"https:\\\/\\\/siljakeranen.fi\\\/blogi\\\/author\\\/admin\\\/\"}]}<\/script>\n<!-- \/ Yoast SEO plugin. -->","yoast_head_json":{"title":"Ehdolla puoluevaltuuskunnan puheenjohtajaksi - Silja Ker\u00e4nen","robots":{"index":"index","follow":"follow","max-snippet":"max-snippet:-1","max-image-preview":"max-image-preview:large","max-video-preview":"max-video-preview:-1"},"canonical":"https:\/\/siljakeranen.fi\/blogi\/ehdolla-puoluevaltuuskunnan-puheenjohtajaksi\/","og_locale":"fi_FI","og_type":"article","og_title":"Ehdolla puoluevaltuuskunnan puheenjohtajaksi - Silja Ker\u00e4nen","og_description":"Olen ehdolla Vihreiden puoluevaltuuskunnan puheenjohtajaksi, koska maailma ei ole viel\u00e4 valmis. Meit\u00e4 vihreit\u00e4 tarvitaan edelleen. Oikeastaan enemm\u00e4n kuin aiemmin. Ilmastonmuutoksen hillinn\u00e4n kannalta nyt elet\u00e4\u00e4n kriittisi\u00e4 vuosia. Populismin nousu kertoo monen tavallisen ihmisen h\u00e4d\u00e4st\u00e4, pelosta ja osattomuudesta. Meid\u00e4n on kyett\u00e4v\u00e4 vastaamaan n\u00e4ihin haasteisiin. Puoluevaltuuskunnalla on t\u00e4ss\u00e4 iso rooli. Se on vihreiden ylin p\u00e4\u00e4t\u00f6ksentekij\u00e4 puoluekokousten v\u00e4lill\u00e4. Valtuuskunta [&hellip;]","og_url":"https:\/\/siljakeranen.fi\/blogi\/ehdolla-puoluevaltuuskunnan-puheenjohtajaksi\/","og_site_name":"Silja Ker\u00e4nen","article_publisher":"https:\/\/www.facebook.com\/siljamkeranen","article_author":"https:\/\/www.facebook.com\/siljamkeranen","article_published_time":"2019-06-11T19:33:23+00:00","article_modified_time":"2019-06-12T16:35:32+00:00","og_image":[{"width":916,"height":890,"url":"https:\/\/siljakeranen.fi\/blogi\/wp-content\/uploads\/2019\/02\/Silja-Keranen-160916.jpg","type":"image\/jpeg"}],"author":"Silja","twitter_card":"summary_large_image","twitter_creator":"@https:\/\/twitter.com\/SiljaMP","twitter_site":"@SiljaMP","twitter_misc":{"Kirjoittanut":"Silja","Arvioitu lukuaika":"2 minuuttia"},"schema":{"@context":"https:\/\/schema.org","@graph":[{"@type":"Article","@id":"https:\/\/siljakeranen.fi\/blogi\/ehdolla-puoluevaltuuskunnan-puheenjohtajaksi\/#article","isPartOf":{"@id":"https:\/\/siljakeranen.fi\/blogi\/ehdolla-puoluevaltuuskunnan-puheenjohtajaksi\/"},"author":{"name":"Silja","@id":"https:\/\/siljakeranen.fi\/blogi\/#\/schema\/person\/d43605ef0d5681c1b27a4ba1fede1cf4"},"headline":"Ehdolla puoluevaltuuskunnan puheenjohtajaksi","datePublished":"2019-06-11T19:33:23+00:00","dateModified":"2019-06-12T16:35:32+00:00","mainEntityOfPage":{"@id":"https:\/\/siljakeranen.fi\/blogi\/ehdolla-puoluevaltuuskunnan-puheenjohtajaksi\/"},"wordCount":326,"commentCount":0,"publisher":{"@id":"https:\/\/siljakeranen.fi\/blogi\/#\/schema\/person\/d43605ef0d5681c1b27a4ba1fede1cf4"},"image":{"@id":"https:\/\/siljakeranen.fi\/blogi\/ehdolla-puoluevaltuuskunnan-puheenjohtajaksi\/#primaryimage"},"thumbnailUrl":"https:\/\/siljakeranen.fi\/blogi\/wp-content\/uploads\/2019\/02\/Silja-Keranen-160916.jpg","articleSection":["Politiikka","Vihre\u00e4t"],"inLanguage":"fi","potentialAction":[{"@type":"CommentAction","name":"Comment","target":["https:\/\/siljakeranen.fi\/blogi\/ehdolla-puoluevaltuuskunnan-puheenjohtajaksi\/#respond"]}]},{"@type":"WebPage","@id":"https:\/\/siljakeranen.fi\/blogi\/ehdolla-puoluevaltuuskunnan-puheenjohtajaksi\/","url":"https:\/\/siljakeranen.fi\/blogi\/ehdolla-puoluevaltuuskunnan-puheenjohtajaksi\/","name":"Ehdolla puoluevaltuuskunnan puheenjohtajaksi - Silja Ker\u00e4nen","isPartOf":{"@id":"https:\/\/siljakeranen.fi\/blogi\/#website"},"primaryImageOfPage":{"@id":"https:\/\/siljakeranen.fi\/blogi\/ehdolla-puoluevaltuuskunnan-puheenjohtajaksi\/#primaryimage"},"image":{"@id":"https:\/\/siljakeranen.fi\/blogi\/ehdolla-puoluevaltuuskunnan-puheenjohtajaksi\/#primaryimage"},"thumbnailUrl":"https:\/\/siljakeranen.fi\/blogi\/wp-content\/uploads\/2019\/02\/Silja-Keranen-160916.jpg","datePublished":"2019-06-11T19:33:23+00:00","dateModified":"2019-06-12T16:35:32+00:00","breadcrumb":{"@id":"https:\/\/siljakeranen.fi\/blogi\/ehdolla-puoluevaltuuskunnan-puheenjohtajaksi\/#breadcrumb"},"inLanguage":"fi","potentialAction":[{"@type":"ReadAction","target":["https:\/\/siljakeranen.fi\/blogi\/ehdolla-puoluevaltuuskunnan-puheenjohtajaksi\/"]}]},{"@type":"ImageObject","inLanguage":"fi","@id":"https:\/\/siljakeranen.fi\/blogi\/ehdolla-puoluevaltuuskunnan-puheenjohtajaksi\/#primaryimage","url":"https:\/\/siljakeranen.fi\/blogi\/wp-content\/uploads\/2019\/02\/Silja-Keranen-160916.jpg","contentUrl":"https:\/\/siljakeranen.fi\/blogi\/wp-content\/uploads\/2019\/02\/Silja-Keranen-160916.jpg","width":916,"height":890},{"@type":"BreadcrumbList","@id":"https:\/\/siljakeranen.fi\/blogi\/ehdolla-puoluevaltuuskunnan-puheenjohtajaksi\/#breadcrumb","itemListElement":[{"@type":"ListItem","position":1,"name":"Etusivu","item":"https:\/\/siljakeranen.fi\/blogi\/"},{"@type":"ListItem","position":2,"name":"Ehdolla puoluevaltuuskunnan puheenjohtajaksi"}]},{"@type":"WebSite","@id":"https:\/\/siljakeranen.fi\/blogi\/#website","url":"https:\/\/siljakeranen.fi\/blogi\/","name":"Silja Ker\u00e4nen","description":"Silja Ker\u00e4nen, kainuulainen vihre\u00e4 poliitikko","publisher":{"@id":"https:\/\/siljakeranen.fi\/blogi\/#\/schema\/person\/d43605ef0d5681c1b27a4ba1fede1cf4"},"potentialAction":[{"@type":"SearchAction","target":{"@type":"EntryPoint","urlTemplate":"https:\/\/siljakeranen.fi\/blogi\/?s={search_term_string}"},"query-input":{"@type":"PropertyValueSpecification","valueRequired":true,"valueName":"search_term_string"}}],"inLanguage":"fi"},{"@type":["Person","Organization"],"@id":"https:\/\/siljakeranen.fi\/blogi\/#\/schema\/person\/d43605ef0d5681c1b27a4ba1fede1cf4","name":"Silja","image":{"@type":"ImageObject","inLanguage":"fi","@id":"https:\/\/siljakeranen.fi\/blogi\/wp-content\/uploads\/2023\/01\/cropped-silja_250x100.png","url":"https:\/\/siljakeranen.fi\/blogi\/wp-content\/uploads\/2023\/01\/cropped-silja_250x100.png","contentUrl":"https:\/\/siljakeranen.fi\/blogi\/wp-content\/uploads\/2023\/01\/cropped-silja_250x100.png","width":250,"height":100,"caption":"Silja"},"logo":{"@id":"https:\/\/siljakeranen.fi\/blogi\/wp-content\/uploads\/2023\/01\/cropped-silja_250x100.png"},"sameAs":["http:\/\/www.siljakeranen.fi","https:\/\/www.facebook.com\/siljamkeranen","https:\/\/www.instagram.com\/siljakeranen\/","https:\/\/www.linkedin.com\/in\/silja-kernen-4331b548\/","https:\/\/x.com\/https:\/\/twitter.com\/SiljaMP","https:\/\/www.youtube.com\/channel\/UC0MWeuoWP4-Mjs1z8pIv3GQ","https:\/\/fi.wikipedia.org\/wiki\/Silja_Kernen"],"url":"https:\/\/siljakeranen.fi\/blogi\/author\/admin\/"}]}},"_links":{"self":[{"href":"https:\/\/siljakeranen.fi\/blogi\/wp-json\/wp\/v2\/posts\/1789","targetHints":{"allow":["GET"]}}],"collection":[{"href":"https:\/\/siljakeranen.fi\/blogi\/wp-json\/wp\/v2\/posts"}],"about":[{"href":"https:\/\/siljakeranen.fi\/blogi\/wp-json\/wp\/v2\/types\/post"}],"author":[{"embeddable":true,"href":"https:\/\/siljakeranen.fi\/blogi\/wp-json\/wp\/v2\/users\/1"}],"replies":[{"embeddable":true,"href":"https:\/\/siljakeranen.fi\/blogi\/wp-json\/wp\/v2\/comments?post=1789"}],"version-history":[{"count":2,"href":"https:\/\/siljakeranen.fi\/blogi\/wp-json\/wp\/v2\/posts\/1789\/revisions"}],"predecessor-version":[{"id":1795,"href":"https:\/\/siljakeranen.fi\/blogi\/wp-json\/wp\/v2\/posts\/1789\/revisions\/1795"}],"wp:featuredmedia":[{"embeddable":true,"href":"https:\/\/siljakeranen.fi\/blogi\/wp-json\/wp\/v2\/media\/1544"}],"wp:attachment":[{"href":"https:\/\/siljakeranen.fi\/blogi\/wp-json\/wp\/v2\/media?parent=1789"}],"wp:term":[{"taxonomy":"category","embeddable":true,"href":"https:\/\/siljakeranen.fi\/blogi\/wp-json\/wp\/v2\/categories?post=1789"},{"taxonomy":"post_tag","embeddable":true,"href":"https:\/\/siljakeranen.fi\/blogi\/wp-json\/wp\/v2\/tags?post=1789"}],"curies":[{"name":"wp","href":"https:\/\/api.w.org\/{rel}","templated":true}]}}