{"id":1820,"date":"2019-09-22T14:04:13","date_gmt":"2019-09-22T11:04:13","guid":{"rendered":"https:\/\/siljakeranen.fi\/blogi\/?p=1820"},"modified":"2019-09-22T14:07:18","modified_gmt":"2019-09-22T11:07:18","slug":"suomen-luonto-koyhtyy","status":"publish","type":"post","link":"https:\/\/siljakeranen.fi\/blogi\/suomen-luonto-koyhtyy\/","title":{"rendered":"Suomen luonto k\u00f6yhtyy"},"content":{"rendered":"<p>Perjantai 8.3.2019 oli merkitt\u00e4v\u00e4 p\u00e4iv\u00e4. Politiikkaa paljon seuraava muistaa, ett\u00e4 se oli se p\u00e4iv\u00e4, jolloin Juha Sipil\u00e4n hallitus erosi. T\u00e4m\u00e4n silm\u00e4nk\u00e4\u00e4nt\u00f6tempun jalkoihin j\u00e4i kuitenkin mit\u00e4 olennaisin asia: Suomen luonnon uhanalaisuuskartoituksen julkaiseminen.<\/p>\n<p>Parin vuoden ja l\u00e4hes parin sadan asiantuntijan ty\u00f6n tulokset julkaistiin. Ja sanoma oli selv\u00e4: Suomen luonto k\u00f6yhtyy edelleen.<\/p>\n<p>Vaikka olemme sitoutuneet pys\u00e4ytt\u00e4m\u00e4\u00e4n luonnon monimuotoisuuden heikkenemisen t\u00e4m\u00e4n vuoden loppuun menness\u00e4. Vaikka olemme panostaneet luonnonsuojeluun esimerkiksi suojelualueita perustamalla ja talousmetsien luonnonhoidolla.<\/p>\n<p>Uhanalaisuusindeksin avulla voidaan arvioida uhanalaisuuden kehityst\u00e4 ja vertailla eri lajeja ja elinymp\u00e4rist\u00f6j\u00e4 toisiinsa. Indeksin mukaan tilanne metsiss\u00e4 ei ole merkitt\u00e4v\u00e4sti muuttunut kymmenen vuoden takaisesta ja on muihin elinymp\u00e4rist\u00f6ihin verrattuna parhaimmassa p\u00e4\u00e4ss\u00e4.<\/p>\n<p><b>Elinymp\u00e4rist\u00f6ist\u00e4 huolestuttavin<\/b>&nbsp;tilanne on tunturipaljakoilla ja lajeista linnuilla. Mets\u00e4t ja metsien monimuotoisuus ovat t\u00e4rkeit\u00e4 etenkin siksi, ett\u00e4 ne ovat suomalaisten lajien t\u00e4rkein elinymp\u00e4rist\u00f6.<\/p>\n<p>Suomen uhanalaisista lajeista noin kolmasosa el\u00e4\u00e4 metsiss\u00e4. Se on yhteens\u00e4 833 lajia. Se on paljon.<a href=\"https:\/\/siljakeranen.fi\/blogi\/wp-content\/uploads\/2018\/11\/IMG_3498.jpg\"><img loading=\"lazy\" decoding=\"async\" class=\"size-medium wp-image-1344 alignright\" src=\"https:\/\/siljakeranen.fi\/blogi\/wp-content\/uploads\/2018\/11\/IMG_3498-300x225.jpg\" alt=\"\" width=\"300\" height=\"225\" srcset=\"https:\/\/siljakeranen.fi\/blogi\/wp-content\/uploads\/2018\/11\/IMG_3498-300x225.jpg 300w, https:\/\/siljakeranen.fi\/blogi\/wp-content\/uploads\/2018\/11\/IMG_3498-768x576.jpg 768w, https:\/\/siljakeranen.fi\/blogi\/wp-content\/uploads\/2018\/11\/IMG_3498-1024x768.jpg 1024w\" sizes=\"auto, (max-width: 300px) 100vw, 300px\" \/><\/a><\/p>\n<p>Selvityksen mukaan nykymuotoinen mets\u00e4talous on suurin syy lajien uhanalaistumiselle. Ja se on suurin uhka my\u00f6s tulevaisuuden kehitykselle.<\/p>\n<p>Mets\u00e4lajien uhanalaisuus painottuu Etel\u00e4-Suomeen, jossa suojeltuja metsi\u00e4 on vain 5 prosenttia. Meill\u00e4 t\u00e4\u00e4ll\u00e4 Pohjois-Suomessa metsist\u00e4 on suojeltu 19 prosenttia.<\/p>\n<p><b>Henkil\u00f6kohtaiset havainnot&nbsp;<\/b>viev\u00e4t ajatusta joskus toiseen suuntaan: \u201cMiten se h\u00f6m\u00f6tiainen muka voi olla uhanalainen, kun viimeksi viime viikolla n\u00e4in yhden.\u201d H\u00f6m\u00f6tiaisen kanta on puolittunut 2000-luvulla. Siit\u00e4 syyst\u00e4 se m\u00e4\u00e4ritell\u00e4\u00e4n eritt\u00e4in uhanalaiseksi.<\/p>\n<p>Henkil\u00f6kohtaiset havainnot pit\u00e4\u00e4 aina suhteuttaa kokonaisuuteen. Min\u00e4 arvioin tunnistavani pari sataa lajia. Kansakoulun k\u00e4yneen, maalta kotoisin olevan \u00e4itini lajintuntemus mennee 500 paremmalle puolelle. Alan ammattilaisella tuhat menee varmasti rikki, todenn\u00e4k\u00f6isesti toinenkin, joiltain jopa kolmas.<\/p>\n<p>Suomessa lajeja arvioidaan olevan ainakin 48&nbsp;000 kappaletta. Kukaan yksitt\u00e4inen ihminen ei pysty tunnistamaan kaikkia Suomen luonnon lajeja.<\/p>\n<p>Siksi t\u00e4llaisia kattavia, useita asiantuntijoita ty\u00f6llist\u00e4vi\u00e4 arvioita tehd\u00e4\u00e4n. Niiden tuloksissa ei ole mit\u00e4\u00e4n ep\u00e4selv\u00e4\u00e4. Suomen luonto k\u00f6yhtyy edelleen ja mets\u00e4t ovat uhanalaisten lajien t\u00e4rkein elinymp\u00e4rist\u00f6.<\/p>\n<p>N\u00e4iden tosiasioiden valossa on suoranaista valehtelua v\u00e4itt\u00e4\u00e4 suomalaista mets\u00e4taloutta kest\u00e4v\u00e4ksi. Sit\u00e4 se ei ole. Jos olisi, Suomen luonnon tilanne ei olisi t\u00e4llainen.<\/p>\n<p><b>Suomalainen mets\u00e4talous&nbsp;<\/b>on toki kest\u00e4v\u00e4mp\u00e4\u00e4 kuin monessa muussa maassa. Gaussin k\u00e4yr\u00e4ll\u00e4 kolkutellaan siis huipputuloksia.<\/p>\n<p>Absoluuttisesti mitattuna emme. Ja se absoluuttinen mittari on maapallon ja luonnontieteiden n\u00e4k\u00f6kulmasta ainoa oikea. Ihminen ei pysty muuttamaan fysiikan lakeja.<\/p>\n<p><a href=\"https:\/\/siljakeranen.fi\/blogi\/wp-content\/uploads\/2018\/02\/IMG_0804.jpg\"><img loading=\"lazy\" decoding=\"async\" class=\"alignleft wp-image-1213 size-medium\" src=\"https:\/\/siljakeranen.fi\/blogi\/wp-content\/uploads\/2018\/02\/IMG_0804-300x225.jpg\" alt=\"\" width=\"300\" height=\"225\" srcset=\"https:\/\/siljakeranen.fi\/blogi\/wp-content\/uploads\/2018\/02\/IMG_0804-300x225.jpg 300w, https:\/\/siljakeranen.fi\/blogi\/wp-content\/uploads\/2018\/02\/IMG_0804-768x576.jpg 768w, https:\/\/siljakeranen.fi\/blogi\/wp-content\/uploads\/2018\/02\/IMG_0804-1024x768.jpg 1024w\" sizes=\"auto, (max-width: 300px) 100vw, 300px\" \/><\/a>Tunnustetaan siis tosiasiat. Sitten p\u00e4\u00e4st\u00e4\u00e4n miettim\u00e4\u00e4n ratkaisuja. Se on olennaisinta ja viel\u00e4p\u00e4 mielenkiintoisinta. Itse uskon siihen, ett\u00e4 mets\u00e4taloutta on mahdollista harjoittaa aidosti kest\u00e4v\u00e4sti.<\/p>\n<p>Siten, ett\u00e4 luonnon monimuotoisuus kohenee. Siten, ett\u00e4 hiilt\u00e4 sidotaan v\u00e4hint\u00e4\u00e4n entiseen tahtiin. Siten, ett\u00e4 mets\u00e4t ovat virkistyksen ja hyvinvoinnin l\u00e4hde. Ja siten, ett\u00e4 puuta hakataan mets\u00e4teollisuuden tarpeisiin tuottaen ty\u00f6t\u00e4 ja toimeentuloa.<\/p>\n<p><b>Metsien uhanalaisista<\/b> lajeista l\u00e4hes puolet el\u00e4\u00e4 lehdoissa. Lehtojen osuus Suomen mets\u00e4talousmaasta on yksi prosentti. T\u00e4sm\u00e4suojelu ja luonnonhoito lehtometsiss\u00e4 parantaa mets\u00e4lajiston tilannetta huomattavasti.<\/p>\n<p>Seuraavaksi eniten, noin kolmannes, metsien uhanalaisista lajeista el\u00e4\u00e4 vanhoissa metsiss\u00e4. Se tarkoittaa lis\u00e4\u00e4 suojelualueita, etenkin Etel\u00e4-Suomeen.<\/p>\n<p>Samaan aikaan mets\u00e4sertifioinnin kriteerist\u00f6t pit\u00e4\u00e4 k\u00e4yd\u00e4 l\u00e4pi ja parantaa luonnonhoitotoimia edelleen.<\/p>\n<p>Luonnon k\u00f6yhtyminen on saatava pys\u00e4ytetty\u00e4. Emme me ihan oikeasti voi ahneuttamme j\u00e4tt\u00e4\u00e4 luontoa t\u00e4ss\u00e4 kunnossa lapsillemme. Meill\u00e4 oli tietoa. Meill\u00e4 oli ratkaisut. Mutta emme vain tehneet. Niink\u00f6?<\/p>\n<div style=\"padding-bottom:20px; padding-top:10px;\" class=\"hupso-share-buttons\"><!-- Hupso Share Buttons - https:\/\/www.hupso.com\/share\/ --><a class=\"hupso_counters\" href=\"https:\/\/www.hupso.com\/share\/\"><img decoding=\"async\" src=\"https:\/\/static.hupso.com\/share\/buttons\/share-small.png\" style=\"border:0px; padding-top:2px; float:left;\" alt=\"Share Button\"\/><\/a><script type=\"text\/javascript\">var hupso_services_c=new Array(\"twitter\",\"facebook_like\",\"facebook_send\",\"google\");var hupso_counters_lang = \"en_US\";var hupso_image_folder_url = \"\";var hupso_url_c=\"\";var hupso_title_c=\"Suomen%20luonto%20k%C3%B6yhtyy\";<\/script><script type=\"text\/javascript\" src=\"https:\/\/static.hupso.com\/share\/js\/counters.js\"><\/script><!-- Hupso Share Buttons --><\/div>","protected":false},"excerpt":{"rendered":"<p>Perjantai 8.3.2019 oli merkitt\u00e4v\u00e4 p\u00e4iv\u00e4. Politiikkaa paljon seuraava muistaa, ett\u00e4 se oli se p\u00e4iv\u00e4, jolloin Juha Sipil\u00e4n hallitus erosi. T\u00e4m\u00e4n silm\u00e4nk\u00e4\u00e4nt\u00f6tempun jalkoihin j\u00e4i kuitenkin mit\u00e4 olennaisin asia: Suomen luonnon uhanalaisuuskartoituksen julkaiseminen. Parin vuoden ja l\u00e4hes parin sadan asiantuntijan ty\u00f6n tulokset julkaistiin. Ja sanoma oli selv\u00e4: Suomen luonto k\u00f6yhtyy edelleen. Vaikka olemme sitoutuneet pys\u00e4ytt\u00e4m\u00e4\u00e4n luonnon monimuotoisuuden [&hellip;]<\/p>\n<div style=\"padding-bottom:20px; padding-top:10px;\" class=\"hupso-share-buttons\"><!-- Hupso Share Buttons - https:\/\/www.hupso.com\/share\/ --><a class=\"hupso_counters\" href=\"https:\/\/www.hupso.com\/share\/\"><img src=\"https:\/\/static.hupso.com\/share\/buttons\/share-small.png\" style=\"border:0px; padding-top:2px; float:left;\" alt=\"Share Button\"\/><\/a><script type=\"text\/javascript\">var hupso_services_c=new Array(\"twitter\",\"facebook_like\",\"facebook_send\",\"google\");var hupso_counters_lang = \"en_US\";var hupso_image_folder_url = \"\";var hupso_url_c=\"\";var hupso_title_c=\"Suomen%20luonto%20k%C3%B6yhtyy\";<\/script><script type=\"text\/javascript\" src=\"https:\/\/static.hupso.com\/share\/js\/counters.js\"><\/script><!-- Hupso Share Buttons --><\/div>","protected":false},"author":1,"featured_media":1821,"comment_status":"open","ping_status":"closed","sticky":false,"template":"","format":"standard","meta":{"ngg_post_thumbnail":0,"footnotes":""},"categories":[27,1,20,10,5,30],"tags":[],"class_list":["post-1820","post","type-post","status-publish","format-standard","has-post-thumbnail","hentry","category-ilmastonmuutos","category-uncategorized","category-metsa","category-vihreat","category-ymparisto","category-yrittajyys-elinkeinot"],"yoast_head":"<!-- This site is optimized with the Yoast SEO plugin v27.3 - https:\/\/yoast.com\/product\/yoast-seo-wordpress\/ -->\n<title>Suomen luonto k\u00f6yhtyy - Silja Ker\u00e4nen<\/title>\n<meta name=\"robots\" content=\"index, follow, max-snippet:-1, max-image-preview:large, max-video-preview:-1\" \/>\n<link rel=\"canonical\" href=\"https:\/\/siljakeranen.fi\/blogi\/suomen-luonto-koyhtyy\/\" \/>\n<meta property=\"og:locale\" content=\"fi_FI\" \/>\n<meta property=\"og:type\" content=\"article\" \/>\n<meta property=\"og:title\" content=\"Suomen luonto k\u00f6yhtyy - Silja Ker\u00e4nen\" \/>\n<meta property=\"og:description\" content=\"Perjantai 8.3.2019 oli merkitt\u00e4v\u00e4 p\u00e4iv\u00e4. Politiikkaa paljon seuraava muistaa, ett\u00e4 se oli se p\u00e4iv\u00e4, jolloin Juha Sipil\u00e4n hallitus erosi. T\u00e4m\u00e4n silm\u00e4nk\u00e4\u00e4nt\u00f6tempun jalkoihin j\u00e4i kuitenkin mit\u00e4 olennaisin asia: Suomen luonnon uhanalaisuuskartoituksen julkaiseminen. Parin vuoden ja l\u00e4hes parin sadan asiantuntijan ty\u00f6n tulokset julkaistiin. Ja sanoma oli selv\u00e4: Suomen luonto k\u00f6yhtyy edelleen. Vaikka olemme sitoutuneet pys\u00e4ytt\u00e4m\u00e4\u00e4n luonnon monimuotoisuuden [&hellip;]\" \/>\n<meta property=\"og:url\" content=\"https:\/\/siljakeranen.fi\/blogi\/suomen-luonto-koyhtyy\/\" \/>\n<meta property=\"og:site_name\" content=\"Silja Ker\u00e4nen\" \/>\n<meta property=\"article:publisher\" content=\"https:\/\/www.facebook.com\/siljamkeranen\" \/>\n<meta property=\"article:author\" content=\"https:\/\/www.facebook.com\/siljamkeranen\" \/>\n<meta property=\"article:published_time\" content=\"2019-09-22T11:04:13+00:00\" \/>\n<meta property=\"article:modified_time\" content=\"2019-09-22T11:07:18+00:00\" \/>\n<meta property=\"og:image\" content=\"https:\/\/siljakeranen.fi\/blogi\/wp-content\/uploads\/2019\/09\/IMG_2383-1024x768.jpg\" \/>\n\t<meta property=\"og:image:width\" content=\"1024\" \/>\n\t<meta property=\"og:image:height\" content=\"768\" \/>\n\t<meta property=\"og:image:type\" content=\"image\/jpeg\" \/>\n<meta name=\"author\" content=\"Silja\" \/>\n<meta name=\"twitter:card\" content=\"summary_large_image\" \/>\n<meta name=\"twitter:creator\" content=\"@https:\/\/twitter.com\/SiljaMP\" \/>\n<meta name=\"twitter:site\" content=\"@SiljaMP\" \/>\n<meta name=\"twitter:label1\" content=\"Kirjoittanut\" \/>\n\t<meta name=\"twitter:data1\" content=\"Silja\" \/>\n\t<meta name=\"twitter:label2\" content=\"Arvioitu lukuaika\" \/>\n\t<meta name=\"twitter:data2\" content=\"3 minuuttia\" \/>\n<script type=\"application\/ld+json\" class=\"yoast-schema-graph\">{\"@context\":\"https:\\\/\\\/schema.org\",\"@graph\":[{\"@type\":\"Article\",\"@id\":\"https:\\\/\\\/siljakeranen.fi\\\/blogi\\\/suomen-luonto-koyhtyy\\\/#article\",\"isPartOf\":{\"@id\":\"https:\\\/\\\/siljakeranen.fi\\\/blogi\\\/suomen-luonto-koyhtyy\\\/\"},\"author\":{\"name\":\"Silja\",\"@id\":\"https:\\\/\\\/siljakeranen.fi\\\/blogi\\\/#\\\/schema\\\/person\\\/d43605ef0d5681c1b27a4ba1fede1cf4\"},\"headline\":\"Suomen luonto k\u00f6yhtyy\",\"datePublished\":\"2019-09-22T11:04:13+00:00\",\"dateModified\":\"2019-09-22T11:07:18+00:00\",\"mainEntityOfPage\":{\"@id\":\"https:\\\/\\\/siljakeranen.fi\\\/blogi\\\/suomen-luonto-koyhtyy\\\/\"},\"wordCount\":571,\"commentCount\":0,\"publisher\":{\"@id\":\"https:\\\/\\\/siljakeranen.fi\\\/blogi\\\/#\\\/schema\\\/person\\\/d43605ef0d5681c1b27a4ba1fede1cf4\"},\"image\":{\"@id\":\"https:\\\/\\\/siljakeranen.fi\\\/blogi\\\/suomen-luonto-koyhtyy\\\/#primaryimage\"},\"thumbnailUrl\":\"https:\\\/\\\/siljakeranen.fi\\\/blogi\\\/wp-content\\\/uploads\\\/2019\\\/09\\\/IMG_2383.jpg\",\"articleSection\":[\"Ilmastonmuutos\",\"Maaseudun Tulevaisuus Mets\u00e4-kolumni\",\"Mets\u00e4\",\"Vihre\u00e4t\",\"Ymp\u00e4rist\u00f6\",\"Yritt\u00e4jyys &amp; elinkeinot\"],\"inLanguage\":\"fi\",\"potentialAction\":[{\"@type\":\"CommentAction\",\"name\":\"Comment\",\"target\":[\"https:\\\/\\\/siljakeranen.fi\\\/blogi\\\/suomen-luonto-koyhtyy\\\/#respond\"]}]},{\"@type\":\"WebPage\",\"@id\":\"https:\\\/\\\/siljakeranen.fi\\\/blogi\\\/suomen-luonto-koyhtyy\\\/\",\"url\":\"https:\\\/\\\/siljakeranen.fi\\\/blogi\\\/suomen-luonto-koyhtyy\\\/\",\"name\":\"Suomen luonto k\u00f6yhtyy - Silja Ker\u00e4nen\",\"isPartOf\":{\"@id\":\"https:\\\/\\\/siljakeranen.fi\\\/blogi\\\/#website\"},\"primaryImageOfPage\":{\"@id\":\"https:\\\/\\\/siljakeranen.fi\\\/blogi\\\/suomen-luonto-koyhtyy\\\/#primaryimage\"},\"image\":{\"@id\":\"https:\\\/\\\/siljakeranen.fi\\\/blogi\\\/suomen-luonto-koyhtyy\\\/#primaryimage\"},\"thumbnailUrl\":\"https:\\\/\\\/siljakeranen.fi\\\/blogi\\\/wp-content\\\/uploads\\\/2019\\\/09\\\/IMG_2383.jpg\",\"datePublished\":\"2019-09-22T11:04:13+00:00\",\"dateModified\":\"2019-09-22T11:07:18+00:00\",\"breadcrumb\":{\"@id\":\"https:\\\/\\\/siljakeranen.fi\\\/blogi\\\/suomen-luonto-koyhtyy\\\/#breadcrumb\"},\"inLanguage\":\"fi\",\"potentialAction\":[{\"@type\":\"ReadAction\",\"target\":[\"https:\\\/\\\/siljakeranen.fi\\\/blogi\\\/suomen-luonto-koyhtyy\\\/\"]}]},{\"@type\":\"ImageObject\",\"inLanguage\":\"fi\",\"@id\":\"https:\\\/\\\/siljakeranen.fi\\\/blogi\\\/suomen-luonto-koyhtyy\\\/#primaryimage\",\"url\":\"https:\\\/\\\/siljakeranen.fi\\\/blogi\\\/wp-content\\\/uploads\\\/2019\\\/09\\\/IMG_2383.jpg\",\"contentUrl\":\"https:\\\/\\\/siljakeranen.fi\\\/blogi\\\/wp-content\\\/uploads\\\/2019\\\/09\\\/IMG_2383.jpg\",\"width\":3264,\"height\":2448},{\"@type\":\"BreadcrumbList\",\"@id\":\"https:\\\/\\\/siljakeranen.fi\\\/blogi\\\/suomen-luonto-koyhtyy\\\/#breadcrumb\",\"itemListElement\":[{\"@type\":\"ListItem\",\"position\":1,\"name\":\"Etusivu\",\"item\":\"https:\\\/\\\/siljakeranen.fi\\\/blogi\\\/\"},{\"@type\":\"ListItem\",\"position\":2,\"name\":\"Suomen luonto k\u00f6yhtyy\"}]},{\"@type\":\"WebSite\",\"@id\":\"https:\\\/\\\/siljakeranen.fi\\\/blogi\\\/#website\",\"url\":\"https:\\\/\\\/siljakeranen.fi\\\/blogi\\\/\",\"name\":\"Silja Ker\u00e4nen\",\"description\":\"Silja Ker\u00e4nen, kainuulainen vihre\u00e4 poliitikko\",\"publisher\":{\"@id\":\"https:\\\/\\\/siljakeranen.fi\\\/blogi\\\/#\\\/schema\\\/person\\\/d43605ef0d5681c1b27a4ba1fede1cf4\"},\"potentialAction\":[{\"@type\":\"SearchAction\",\"target\":{\"@type\":\"EntryPoint\",\"urlTemplate\":\"https:\\\/\\\/siljakeranen.fi\\\/blogi\\\/?s={search_term_string}\"},\"query-input\":{\"@type\":\"PropertyValueSpecification\",\"valueRequired\":true,\"valueName\":\"search_term_string\"}}],\"inLanguage\":\"fi\"},{\"@type\":[\"Person\",\"Organization\"],\"@id\":\"https:\\\/\\\/siljakeranen.fi\\\/blogi\\\/#\\\/schema\\\/person\\\/d43605ef0d5681c1b27a4ba1fede1cf4\",\"name\":\"Silja\",\"image\":{\"@type\":\"ImageObject\",\"inLanguage\":\"fi\",\"@id\":\"https:\\\/\\\/siljakeranen.fi\\\/blogi\\\/wp-content\\\/uploads\\\/2023\\\/01\\\/cropped-silja_250x100.png\",\"url\":\"https:\\\/\\\/siljakeranen.fi\\\/blogi\\\/wp-content\\\/uploads\\\/2023\\\/01\\\/cropped-silja_250x100.png\",\"contentUrl\":\"https:\\\/\\\/siljakeranen.fi\\\/blogi\\\/wp-content\\\/uploads\\\/2023\\\/01\\\/cropped-silja_250x100.png\",\"width\":250,\"height\":100,\"caption\":\"Silja\"},\"logo\":{\"@id\":\"https:\\\/\\\/siljakeranen.fi\\\/blogi\\\/wp-content\\\/uploads\\\/2023\\\/01\\\/cropped-silja_250x100.png\"},\"sameAs\":[\"http:\\\/\\\/www.siljakeranen.fi\",\"https:\\\/\\\/www.facebook.com\\\/siljamkeranen\",\"https:\\\/\\\/www.instagram.com\\\/siljakeranen\\\/\",\"https:\\\/\\\/www.linkedin.com\\\/in\\\/silja-kernen-4331b548\\\/\",\"https:\\\/\\\/x.com\\\/https:\\\/\\\/twitter.com\\\/SiljaMP\",\"https:\\\/\\\/www.youtube.com\\\/channel\\\/UC0MWeuoWP4-Mjs1z8pIv3GQ\",\"https:\\\/\\\/fi.wikipedia.org\\\/wiki\\\/Silja_Kernen\"],\"url\":\"https:\\\/\\\/siljakeranen.fi\\\/blogi\\\/author\\\/admin\\\/\"}]}<\/script>\n<!-- \/ Yoast SEO plugin. -->","yoast_head_json":{"title":"Suomen luonto k\u00f6yhtyy - Silja Ker\u00e4nen","robots":{"index":"index","follow":"follow","max-snippet":"max-snippet:-1","max-image-preview":"max-image-preview:large","max-video-preview":"max-video-preview:-1"},"canonical":"https:\/\/siljakeranen.fi\/blogi\/suomen-luonto-koyhtyy\/","og_locale":"fi_FI","og_type":"article","og_title":"Suomen luonto k\u00f6yhtyy - Silja Ker\u00e4nen","og_description":"Perjantai 8.3.2019 oli merkitt\u00e4v\u00e4 p\u00e4iv\u00e4. Politiikkaa paljon seuraava muistaa, ett\u00e4 se oli se p\u00e4iv\u00e4, jolloin Juha Sipil\u00e4n hallitus erosi. T\u00e4m\u00e4n silm\u00e4nk\u00e4\u00e4nt\u00f6tempun jalkoihin j\u00e4i kuitenkin mit\u00e4 olennaisin asia: Suomen luonnon uhanalaisuuskartoituksen julkaiseminen. Parin vuoden ja l\u00e4hes parin sadan asiantuntijan ty\u00f6n tulokset julkaistiin. Ja sanoma oli selv\u00e4: Suomen luonto k\u00f6yhtyy edelleen. Vaikka olemme sitoutuneet pys\u00e4ytt\u00e4m\u00e4\u00e4n luonnon monimuotoisuuden [&hellip;]","og_url":"https:\/\/siljakeranen.fi\/blogi\/suomen-luonto-koyhtyy\/","og_site_name":"Silja Ker\u00e4nen","article_publisher":"https:\/\/www.facebook.com\/siljamkeranen","article_author":"https:\/\/www.facebook.com\/siljamkeranen","article_published_time":"2019-09-22T11:04:13+00:00","article_modified_time":"2019-09-22T11:07:18+00:00","og_image":[{"width":1024,"height":768,"url":"https:\/\/siljakeranen.fi\/blogi\/wp-content\/uploads\/2019\/09\/IMG_2383-1024x768.jpg","type":"image\/jpeg"}],"author":"Silja","twitter_card":"summary_large_image","twitter_creator":"@https:\/\/twitter.com\/SiljaMP","twitter_site":"@SiljaMP","twitter_misc":{"Kirjoittanut":"Silja","Arvioitu lukuaika":"3 minuuttia"},"schema":{"@context":"https:\/\/schema.org","@graph":[{"@type":"Article","@id":"https:\/\/siljakeranen.fi\/blogi\/suomen-luonto-koyhtyy\/#article","isPartOf":{"@id":"https:\/\/siljakeranen.fi\/blogi\/suomen-luonto-koyhtyy\/"},"author":{"name":"Silja","@id":"https:\/\/siljakeranen.fi\/blogi\/#\/schema\/person\/d43605ef0d5681c1b27a4ba1fede1cf4"},"headline":"Suomen luonto k\u00f6yhtyy","datePublished":"2019-09-22T11:04:13+00:00","dateModified":"2019-09-22T11:07:18+00:00","mainEntityOfPage":{"@id":"https:\/\/siljakeranen.fi\/blogi\/suomen-luonto-koyhtyy\/"},"wordCount":571,"commentCount":0,"publisher":{"@id":"https:\/\/siljakeranen.fi\/blogi\/#\/schema\/person\/d43605ef0d5681c1b27a4ba1fede1cf4"},"image":{"@id":"https:\/\/siljakeranen.fi\/blogi\/suomen-luonto-koyhtyy\/#primaryimage"},"thumbnailUrl":"https:\/\/siljakeranen.fi\/blogi\/wp-content\/uploads\/2019\/09\/IMG_2383.jpg","articleSection":["Ilmastonmuutos","Maaseudun Tulevaisuus Mets\u00e4-kolumni","Mets\u00e4","Vihre\u00e4t","Ymp\u00e4rist\u00f6","Yritt\u00e4jyys &amp; elinkeinot"],"inLanguage":"fi","potentialAction":[{"@type":"CommentAction","name":"Comment","target":["https:\/\/siljakeranen.fi\/blogi\/suomen-luonto-koyhtyy\/#respond"]}]},{"@type":"WebPage","@id":"https:\/\/siljakeranen.fi\/blogi\/suomen-luonto-koyhtyy\/","url":"https:\/\/siljakeranen.fi\/blogi\/suomen-luonto-koyhtyy\/","name":"Suomen luonto k\u00f6yhtyy - Silja Ker\u00e4nen","isPartOf":{"@id":"https:\/\/siljakeranen.fi\/blogi\/#website"},"primaryImageOfPage":{"@id":"https:\/\/siljakeranen.fi\/blogi\/suomen-luonto-koyhtyy\/#primaryimage"},"image":{"@id":"https:\/\/siljakeranen.fi\/blogi\/suomen-luonto-koyhtyy\/#primaryimage"},"thumbnailUrl":"https:\/\/siljakeranen.fi\/blogi\/wp-content\/uploads\/2019\/09\/IMG_2383.jpg","datePublished":"2019-09-22T11:04:13+00:00","dateModified":"2019-09-22T11:07:18+00:00","breadcrumb":{"@id":"https:\/\/siljakeranen.fi\/blogi\/suomen-luonto-koyhtyy\/#breadcrumb"},"inLanguage":"fi","potentialAction":[{"@type":"ReadAction","target":["https:\/\/siljakeranen.fi\/blogi\/suomen-luonto-koyhtyy\/"]}]},{"@type":"ImageObject","inLanguage":"fi","@id":"https:\/\/siljakeranen.fi\/blogi\/suomen-luonto-koyhtyy\/#primaryimage","url":"https:\/\/siljakeranen.fi\/blogi\/wp-content\/uploads\/2019\/09\/IMG_2383.jpg","contentUrl":"https:\/\/siljakeranen.fi\/blogi\/wp-content\/uploads\/2019\/09\/IMG_2383.jpg","width":3264,"height":2448},{"@type":"BreadcrumbList","@id":"https:\/\/siljakeranen.fi\/blogi\/suomen-luonto-koyhtyy\/#breadcrumb","itemListElement":[{"@type":"ListItem","position":1,"name":"Etusivu","item":"https:\/\/siljakeranen.fi\/blogi\/"},{"@type":"ListItem","position":2,"name":"Suomen luonto k\u00f6yhtyy"}]},{"@type":"WebSite","@id":"https:\/\/siljakeranen.fi\/blogi\/#website","url":"https:\/\/siljakeranen.fi\/blogi\/","name":"Silja Ker\u00e4nen","description":"Silja Ker\u00e4nen, kainuulainen vihre\u00e4 poliitikko","publisher":{"@id":"https:\/\/siljakeranen.fi\/blogi\/#\/schema\/person\/d43605ef0d5681c1b27a4ba1fede1cf4"},"potentialAction":[{"@type":"SearchAction","target":{"@type":"EntryPoint","urlTemplate":"https:\/\/siljakeranen.fi\/blogi\/?s={search_term_string}"},"query-input":{"@type":"PropertyValueSpecification","valueRequired":true,"valueName":"search_term_string"}}],"inLanguage":"fi"},{"@type":["Person","Organization"],"@id":"https:\/\/siljakeranen.fi\/blogi\/#\/schema\/person\/d43605ef0d5681c1b27a4ba1fede1cf4","name":"Silja","image":{"@type":"ImageObject","inLanguage":"fi","@id":"https:\/\/siljakeranen.fi\/blogi\/wp-content\/uploads\/2023\/01\/cropped-silja_250x100.png","url":"https:\/\/siljakeranen.fi\/blogi\/wp-content\/uploads\/2023\/01\/cropped-silja_250x100.png","contentUrl":"https:\/\/siljakeranen.fi\/blogi\/wp-content\/uploads\/2023\/01\/cropped-silja_250x100.png","width":250,"height":100,"caption":"Silja"},"logo":{"@id":"https:\/\/siljakeranen.fi\/blogi\/wp-content\/uploads\/2023\/01\/cropped-silja_250x100.png"},"sameAs":["http:\/\/www.siljakeranen.fi","https:\/\/www.facebook.com\/siljamkeranen","https:\/\/www.instagram.com\/siljakeranen\/","https:\/\/www.linkedin.com\/in\/silja-kernen-4331b548\/","https:\/\/x.com\/https:\/\/twitter.com\/SiljaMP","https:\/\/www.youtube.com\/channel\/UC0MWeuoWP4-Mjs1z8pIv3GQ","https:\/\/fi.wikipedia.org\/wiki\/Silja_Kernen"],"url":"https:\/\/siljakeranen.fi\/blogi\/author\/admin\/"}]}},"_links":{"self":[{"href":"https:\/\/siljakeranen.fi\/blogi\/wp-json\/wp\/v2\/posts\/1820","targetHints":{"allow":["GET"]}}],"collection":[{"href":"https:\/\/siljakeranen.fi\/blogi\/wp-json\/wp\/v2\/posts"}],"about":[{"href":"https:\/\/siljakeranen.fi\/blogi\/wp-json\/wp\/v2\/types\/post"}],"author":[{"embeddable":true,"href":"https:\/\/siljakeranen.fi\/blogi\/wp-json\/wp\/v2\/users\/1"}],"replies":[{"embeddable":true,"href":"https:\/\/siljakeranen.fi\/blogi\/wp-json\/wp\/v2\/comments?post=1820"}],"version-history":[{"count":4,"href":"https:\/\/siljakeranen.fi\/blogi\/wp-json\/wp\/v2\/posts\/1820\/revisions"}],"predecessor-version":[{"id":1825,"href":"https:\/\/siljakeranen.fi\/blogi\/wp-json\/wp\/v2\/posts\/1820\/revisions\/1825"}],"wp:featuredmedia":[{"embeddable":true,"href":"https:\/\/siljakeranen.fi\/blogi\/wp-json\/wp\/v2\/media\/1821"}],"wp:attachment":[{"href":"https:\/\/siljakeranen.fi\/blogi\/wp-json\/wp\/v2\/media?parent=1820"}],"wp:term":[{"taxonomy":"category","embeddable":true,"href":"https:\/\/siljakeranen.fi\/blogi\/wp-json\/wp\/v2\/categories?post=1820"},{"taxonomy":"post_tag","embeddable":true,"href":"https:\/\/siljakeranen.fi\/blogi\/wp-json\/wp\/v2\/tags?post=1820"}],"curies":[{"name":"wp","href":"https:\/\/api.w.org\/{rel}","templated":true}]}}