{"id":1836,"date":"2019-11-02T16:00:58","date_gmt":"2019-11-02T14:00:58","guid":{"rendered":"https:\/\/siljakeranen.fi\/blogi\/?p=1836"},"modified":"2019-11-02T16:00:58","modified_gmt":"2019-11-02T14:00:58","slug":"nuasjarven-tilanne-ja-terrafamen-paastot","status":"publish","type":"post","link":"https:\/\/siljakeranen.fi\/blogi\/nuasjarven-tilanne-ja-terrafamen-paastot\/","title":{"rendered":"Nuasj\u00e4rven tilanne ja Terrafamen p\u00e4\u00e4st\u00f6t"},"content":{"rendered":"<p style=\"font-weight: 400;\">Helsingin yliopiston tutkijoiden ja Kainuun ELY-keskuksen v\u00e4list\u00e4 vuoropuhelua mediatiedottein on ollut mielenkiintoista seurata.<\/p>\n<p style=\"font-weight: 400;\">Yliopiston tutkijat selvittiv\u00e4t varsin tarkasti j\u00e4rven pohjan (sek\u00e4 sedimentin ett\u00e4 sen yl\u00e4puolisen vesikerroksen) tilan muutoksia purkuputken k\u00e4ytt\u00f6\u00f6noton j\u00e4lkeen. Heid\u00e4n havaintonsa oli selv\u00e4: purkuputki on aiheuttanut putken l\u00e4hist\u00f6ll\u00e4 pohjanl\u00e4heisen happikadon ja muuttanut merkitt\u00e4v\u00e4sti pohjael\u00e4inyhteis\u00f6j\u00e4.<\/p>\n<p style=\"font-weight: 400;\">ELY-keskus taas on vet\u00e4nyt johtop\u00e4\u00e4t\u00f6ksens\u00e4 koko Nuasj\u00e4rven alueelta tehtyjen vedenlaatuanalyysien perusteella. Niiden perusteella Nuasj\u00e4rven tila edelleen hyv\u00e4 eik\u00e4 happikato uhkaa j\u00e4rve\u00e4.<\/p>\n<p style=\"font-weight: 400;\">ELY ottaa kantaa koko j\u00e4rven tilaan ja yliopiston tutkijat purkuputken l\u00e4heisen j\u00e4rven pohjan tilanteeseen. Kokonaisuudessaan j\u00e4rven tila on edelleen hyv\u00e4, mutta purkuputken l\u00e4heisyydess\u00e4 p\u00e4\u00e4st\u00f6t ovat heikent\u00e4neet tilaa. ELY ja tutkijat puhuvat siis osin eri asioista.<\/p>\n<p style=\"font-weight: 400;\">Toki olisin toivonut ELYlt\u00e4 vakavampaa suhtautumista tutkijoiden havaintoihin selv\u00e4sti heikenneist\u00e4 pohjaeli\u00f6yhteis\u00f6ist\u00e4 sek\u00e4 esiintyv\u00e4st\u00e4 happikadosta.<\/p>\n<p style=\"font-weight: 400;\">Suunnataan katse tulevaan. Koska pilaantumista ja pohjan tilan heikentymist\u00e4 on tapahtunut jo muutaman vuoden aikana, pit\u00e4\u00e4 huolehtia siit\u00e4, ett\u00e4 se ei pahene. Terrafamen toiminnan uusi ymp\u00e4rist\u00f6lupa on nyt valmistelussa. Siin\u00e4 luvassa p\u00e4\u00e4st\u00f6rajojen pit\u00e4\u00e4 olla riitt\u00e4v\u00e4n tiukat.<\/p>\n<p style=\"font-weight: 400;\">Samalla kannustan Kainuun ELY-keskusta keskustelemaan Helsingin yliopiston tutkijoiden kanssa velvoitetarkkailusuunnitelman sis\u00e4ll\u00f6st\u00e4 ja p\u00e4ivitystarpeesta. Velvoitetarkkailusuunnitelma on se, jonka perusteella Nuasj\u00e4rven tilaa seurataan. Mist\u00e4 kohti ja miten usein n\u00e4ytteit\u00e4 otetaan sek\u00e4 miten niit\u00e4 tulkitaan. Nyt t\u00e4m\u00e4n tarkkailun perusteella ei ole havaittu purkuputken vaikutuksia. Siksi p\u00e4ivitystarve on ilmeinen.<\/p>\n<p style=\"font-weight: 400;\">Silja Ker\u00e4nen<br \/>\nYmp\u00e4rist\u00f6tekniikan diplomi-insin\u00f6\u00f6ri<br \/>\nKaupunginvaltuutettu (vihr.)<br \/>\nKajaani&nbsp;<\/p>\n<p>&#8212;<br \/>\n<em>Kirjoitus on julkaistu Kainuun Sanomissa 1.11.2019.<\/p>\n<p><\/em><\/p>\n<p>Ilahduttava oli kuulla, ett\u00e4 Kainuun ELY on jo ottanut kopin tuosta mittausten, seurannan sek\u00e4 tulosten tulkinnan kehitt\u00e4misest\u00e4. Asia siis etenee, ja hyv\u00e4 niin!<\/p>\n<div style=\"padding-bottom:20px; padding-top:10px;\" class=\"hupso-share-buttons\"><!-- Hupso Share Buttons - https:\/\/www.hupso.com\/share\/ --><a class=\"hupso_counters\" href=\"https:\/\/www.hupso.com\/share\/\"><img decoding=\"async\" src=\"https:\/\/static.hupso.com\/share\/buttons\/share-small.png\" style=\"border:0px; padding-top:2px; float:left;\" alt=\"Share Button\"\/><\/a><script type=\"text\/javascript\">var hupso_services_c=new Array(\"twitter\",\"facebook_like\",\"facebook_send\",\"google\");var hupso_counters_lang = \"en_US\";var hupso_image_folder_url = \"\";var hupso_url_c=\"\";var hupso_title_c=\"Nuasj%C3%A4rven%20tilanne%20ja%20Terrafamen%20p%C3%A4%C3%A4st%C3%B6t\";<\/script><script type=\"text\/javascript\" src=\"https:\/\/static.hupso.com\/share\/js\/counters.js\"><\/script><!-- Hupso Share Buttons --><\/div>","protected":false},"excerpt":{"rendered":"<p>Helsingin yliopiston tutkijoiden ja Kainuun ELY-keskuksen v\u00e4list\u00e4 vuoropuhelua mediatiedottein on ollut mielenkiintoista seurata. Yliopiston tutkijat selvittiv\u00e4t varsin tarkasti j\u00e4rven pohjan (sek\u00e4 sedimentin ett\u00e4 sen yl\u00e4puolisen vesikerroksen) tilan muutoksia purkuputken k\u00e4ytt\u00f6\u00f6noton j\u00e4lkeen. Heid\u00e4n havaintonsa oli selv\u00e4: purkuputki on aiheuttanut putken l\u00e4hist\u00f6ll\u00e4 pohjanl\u00e4heisen happikadon ja muuttanut merkitt\u00e4v\u00e4sti pohjael\u00e4inyhteis\u00f6j\u00e4. ELY-keskus taas on vet\u00e4nyt johtop\u00e4\u00e4t\u00f6ksens\u00e4 koko Nuasj\u00e4rven alueelta tehtyjen [&hellip;]<\/p>\n<div style=\"padding-bottom:20px; padding-top:10px;\" class=\"hupso-share-buttons\"><!-- Hupso Share Buttons - https:\/\/www.hupso.com\/share\/ --><a class=\"hupso_counters\" href=\"https:\/\/www.hupso.com\/share\/\"><img src=\"https:\/\/static.hupso.com\/share\/buttons\/share-small.png\" style=\"border:0px; padding-top:2px; float:left;\" alt=\"Share Button\"\/><\/a><script type=\"text\/javascript\">var hupso_services_c=new Array(\"twitter\",\"facebook_like\",\"facebook_send\",\"google\");var hupso_counters_lang = \"en_US\";var hupso_image_folder_url = \"\";var hupso_url_c=\"\";var hupso_title_c=\"Nuasj%C3%A4rven%20tilanne%20ja%20Terrafamen%20p%C3%A4%C3%A4st%C3%B6t\";<\/script><script type=\"text\/javascript\" src=\"https:\/\/static.hupso.com\/share\/js\/counters.js\"><\/script><!-- Hupso Share Buttons --><\/div>","protected":false},"author":1,"featured_media":1837,"comment_status":"open","ping_status":"closed","sticky":false,"template":"","format":"standard","meta":{"ngg_post_thumbnail":0,"footnotes":""},"categories":[7,25,8,10,5],"tags":[],"class_list":["post-1836","post","type-post","status-publish","format-standard","has-post-thumbnail","hentry","category-kainuu","category-kaivokset","category-kajaani","category-vihreat","category-ymparisto"],"yoast_head":"<!-- This site is optimized with the Yoast SEO plugin v27.3 - https:\/\/yoast.com\/product\/yoast-seo-wordpress\/ -->\n<title>Nuasj\u00e4rven tilanne ja Terrafamen p\u00e4\u00e4st\u00f6t - Silja Ker\u00e4nen<\/title>\n<meta name=\"robots\" content=\"index, follow, max-snippet:-1, max-image-preview:large, max-video-preview:-1\" \/>\n<link rel=\"canonical\" href=\"https:\/\/siljakeranen.fi\/blogi\/nuasjarven-tilanne-ja-terrafamen-paastot\/\" \/>\n<meta property=\"og:locale\" content=\"fi_FI\" \/>\n<meta property=\"og:type\" content=\"article\" \/>\n<meta property=\"og:title\" content=\"Nuasj\u00e4rven tilanne ja Terrafamen p\u00e4\u00e4st\u00f6t - Silja Ker\u00e4nen\" \/>\n<meta property=\"og:description\" content=\"Helsingin yliopiston tutkijoiden ja Kainuun ELY-keskuksen v\u00e4list\u00e4 vuoropuhelua mediatiedottein on ollut mielenkiintoista seurata. Yliopiston tutkijat selvittiv\u00e4t varsin tarkasti j\u00e4rven pohjan (sek\u00e4 sedimentin ett\u00e4 sen yl\u00e4puolisen vesikerroksen) tilan muutoksia purkuputken k\u00e4ytt\u00f6\u00f6noton j\u00e4lkeen. Heid\u00e4n havaintonsa oli selv\u00e4: purkuputki on aiheuttanut putken l\u00e4hist\u00f6ll\u00e4 pohjanl\u00e4heisen happikadon ja muuttanut merkitt\u00e4v\u00e4sti pohjael\u00e4inyhteis\u00f6j\u00e4. ELY-keskus taas on vet\u00e4nyt johtop\u00e4\u00e4t\u00f6ksens\u00e4 koko Nuasj\u00e4rven alueelta tehtyjen [&hellip;]\" \/>\n<meta property=\"og:url\" content=\"https:\/\/siljakeranen.fi\/blogi\/nuasjarven-tilanne-ja-terrafamen-paastot\/\" \/>\n<meta property=\"og:site_name\" content=\"Silja Ker\u00e4nen\" \/>\n<meta property=\"article:publisher\" content=\"https:\/\/www.facebook.com\/siljamkeranen\" \/>\n<meta property=\"article:author\" content=\"https:\/\/www.facebook.com\/siljamkeranen\" \/>\n<meta property=\"article:published_time\" content=\"2019-11-02T14:00:58+00:00\" \/>\n<meta property=\"og:image\" content=\"https:\/\/siljakeranen.fi\/blogi\/wp-content\/uploads\/2019\/11\/IMG_7280-1024x768.jpg\" \/>\n\t<meta property=\"og:image:width\" content=\"1024\" \/>\n\t<meta property=\"og:image:height\" content=\"768\" \/>\n\t<meta property=\"og:image:type\" content=\"image\/jpeg\" \/>\n<meta name=\"author\" content=\"Silja\" \/>\n<meta name=\"twitter:card\" content=\"summary_large_image\" \/>\n<meta name=\"twitter:creator\" content=\"@https:\/\/twitter.com\/SiljaMP\" \/>\n<meta name=\"twitter:site\" content=\"@SiljaMP\" \/>\n<meta name=\"twitter:label1\" content=\"Kirjoittanut\" \/>\n\t<meta name=\"twitter:data1\" content=\"Silja\" \/>\n\t<meta name=\"twitter:label2\" content=\"Arvioitu lukuaika\" \/>\n\t<meta name=\"twitter:data2\" content=\"1 minuutti\" \/>\n<script type=\"application\/ld+json\" class=\"yoast-schema-graph\">{\"@context\":\"https:\\\/\\\/schema.org\",\"@graph\":[{\"@type\":\"Article\",\"@id\":\"https:\\\/\\\/siljakeranen.fi\\\/blogi\\\/nuasjarven-tilanne-ja-terrafamen-paastot\\\/#article\",\"isPartOf\":{\"@id\":\"https:\\\/\\\/siljakeranen.fi\\\/blogi\\\/nuasjarven-tilanne-ja-terrafamen-paastot\\\/\"},\"author\":{\"name\":\"Silja\",\"@id\":\"https:\\\/\\\/siljakeranen.fi\\\/blogi\\\/#\\\/schema\\\/person\\\/d43605ef0d5681c1b27a4ba1fede1cf4\"},\"headline\":\"Nuasj\u00e4rven tilanne ja Terrafamen p\u00e4\u00e4st\u00f6t\",\"datePublished\":\"2019-11-02T14:00:58+00:00\",\"mainEntityOfPage\":{\"@id\":\"https:\\\/\\\/siljakeranen.fi\\\/blogi\\\/nuasjarven-tilanne-ja-terrafamen-paastot\\\/\"},\"wordCount\":294,\"commentCount\":0,\"publisher\":{\"@id\":\"https:\\\/\\\/siljakeranen.fi\\\/blogi\\\/#\\\/schema\\\/person\\\/d43605ef0d5681c1b27a4ba1fede1cf4\"},\"image\":{\"@id\":\"https:\\\/\\\/siljakeranen.fi\\\/blogi\\\/nuasjarven-tilanne-ja-terrafamen-paastot\\\/#primaryimage\"},\"thumbnailUrl\":\"https:\\\/\\\/siljakeranen.fi\\\/blogi\\\/wp-content\\\/uploads\\\/2019\\\/11\\\/IMG_7280.jpg\",\"articleSection\":[\"Kainuu\",\"Kaivokset\",\"Kajaani\",\"Vihre\u00e4t\",\"Ymp\u00e4rist\u00f6\"],\"inLanguage\":\"fi\",\"potentialAction\":[{\"@type\":\"CommentAction\",\"name\":\"Comment\",\"target\":[\"https:\\\/\\\/siljakeranen.fi\\\/blogi\\\/nuasjarven-tilanne-ja-terrafamen-paastot\\\/#respond\"]}]},{\"@type\":\"WebPage\",\"@id\":\"https:\\\/\\\/siljakeranen.fi\\\/blogi\\\/nuasjarven-tilanne-ja-terrafamen-paastot\\\/\",\"url\":\"https:\\\/\\\/siljakeranen.fi\\\/blogi\\\/nuasjarven-tilanne-ja-terrafamen-paastot\\\/\",\"name\":\"Nuasj\u00e4rven tilanne ja Terrafamen p\u00e4\u00e4st\u00f6t - Silja Ker\u00e4nen\",\"isPartOf\":{\"@id\":\"https:\\\/\\\/siljakeranen.fi\\\/blogi\\\/#website\"},\"primaryImageOfPage\":{\"@id\":\"https:\\\/\\\/siljakeranen.fi\\\/blogi\\\/nuasjarven-tilanne-ja-terrafamen-paastot\\\/#primaryimage\"},\"image\":{\"@id\":\"https:\\\/\\\/siljakeranen.fi\\\/blogi\\\/nuasjarven-tilanne-ja-terrafamen-paastot\\\/#primaryimage\"},\"thumbnailUrl\":\"https:\\\/\\\/siljakeranen.fi\\\/blogi\\\/wp-content\\\/uploads\\\/2019\\\/11\\\/IMG_7280.jpg\",\"datePublished\":\"2019-11-02T14:00:58+00:00\",\"breadcrumb\":{\"@id\":\"https:\\\/\\\/siljakeranen.fi\\\/blogi\\\/nuasjarven-tilanne-ja-terrafamen-paastot\\\/#breadcrumb\"},\"inLanguage\":\"fi\",\"potentialAction\":[{\"@type\":\"ReadAction\",\"target\":[\"https:\\\/\\\/siljakeranen.fi\\\/blogi\\\/nuasjarven-tilanne-ja-terrafamen-paastot\\\/\"]}]},{\"@type\":\"ImageObject\",\"inLanguage\":\"fi\",\"@id\":\"https:\\\/\\\/siljakeranen.fi\\\/blogi\\\/nuasjarven-tilanne-ja-terrafamen-paastot\\\/#primaryimage\",\"url\":\"https:\\\/\\\/siljakeranen.fi\\\/blogi\\\/wp-content\\\/uploads\\\/2019\\\/11\\\/IMG_7280.jpg\",\"contentUrl\":\"https:\\\/\\\/siljakeranen.fi\\\/blogi\\\/wp-content\\\/uploads\\\/2019\\\/11\\\/IMG_7280.jpg\",\"width\":4032,\"height\":3024},{\"@type\":\"BreadcrumbList\",\"@id\":\"https:\\\/\\\/siljakeranen.fi\\\/blogi\\\/nuasjarven-tilanne-ja-terrafamen-paastot\\\/#breadcrumb\",\"itemListElement\":[{\"@type\":\"ListItem\",\"position\":1,\"name\":\"Etusivu\",\"item\":\"https:\\\/\\\/siljakeranen.fi\\\/blogi\\\/\"},{\"@type\":\"ListItem\",\"position\":2,\"name\":\"Nuasj\u00e4rven tilanne ja Terrafamen p\u00e4\u00e4st\u00f6t\"}]},{\"@type\":\"WebSite\",\"@id\":\"https:\\\/\\\/siljakeranen.fi\\\/blogi\\\/#website\",\"url\":\"https:\\\/\\\/siljakeranen.fi\\\/blogi\\\/\",\"name\":\"Silja Ker\u00e4nen\",\"description\":\"Silja Ker\u00e4nen, kainuulainen vihre\u00e4 poliitikko\",\"publisher\":{\"@id\":\"https:\\\/\\\/siljakeranen.fi\\\/blogi\\\/#\\\/schema\\\/person\\\/d43605ef0d5681c1b27a4ba1fede1cf4\"},\"potentialAction\":[{\"@type\":\"SearchAction\",\"target\":{\"@type\":\"EntryPoint\",\"urlTemplate\":\"https:\\\/\\\/siljakeranen.fi\\\/blogi\\\/?s={search_term_string}\"},\"query-input\":{\"@type\":\"PropertyValueSpecification\",\"valueRequired\":true,\"valueName\":\"search_term_string\"}}],\"inLanguage\":\"fi\"},{\"@type\":[\"Person\",\"Organization\"],\"@id\":\"https:\\\/\\\/siljakeranen.fi\\\/blogi\\\/#\\\/schema\\\/person\\\/d43605ef0d5681c1b27a4ba1fede1cf4\",\"name\":\"Silja\",\"image\":{\"@type\":\"ImageObject\",\"inLanguage\":\"fi\",\"@id\":\"https:\\\/\\\/siljakeranen.fi\\\/blogi\\\/wp-content\\\/uploads\\\/2023\\\/01\\\/cropped-silja_250x100.png\",\"url\":\"https:\\\/\\\/siljakeranen.fi\\\/blogi\\\/wp-content\\\/uploads\\\/2023\\\/01\\\/cropped-silja_250x100.png\",\"contentUrl\":\"https:\\\/\\\/siljakeranen.fi\\\/blogi\\\/wp-content\\\/uploads\\\/2023\\\/01\\\/cropped-silja_250x100.png\",\"width\":250,\"height\":100,\"caption\":\"Silja\"},\"logo\":{\"@id\":\"https:\\\/\\\/siljakeranen.fi\\\/blogi\\\/wp-content\\\/uploads\\\/2023\\\/01\\\/cropped-silja_250x100.png\"},\"sameAs\":[\"http:\\\/\\\/www.siljakeranen.fi\",\"https:\\\/\\\/www.facebook.com\\\/siljamkeranen\",\"https:\\\/\\\/www.instagram.com\\\/siljakeranen\\\/\",\"https:\\\/\\\/www.linkedin.com\\\/in\\\/silja-kernen-4331b548\\\/\",\"https:\\\/\\\/x.com\\\/https:\\\/\\\/twitter.com\\\/SiljaMP\",\"https:\\\/\\\/www.youtube.com\\\/channel\\\/UC0MWeuoWP4-Mjs1z8pIv3GQ\",\"https:\\\/\\\/fi.wikipedia.org\\\/wiki\\\/Silja_Kernen\"],\"url\":\"https:\\\/\\\/siljakeranen.fi\\\/blogi\\\/author\\\/admin\\\/\"}]}<\/script>\n<!-- \/ Yoast SEO plugin. -->","yoast_head_json":{"title":"Nuasj\u00e4rven tilanne ja Terrafamen p\u00e4\u00e4st\u00f6t - Silja Ker\u00e4nen","robots":{"index":"index","follow":"follow","max-snippet":"max-snippet:-1","max-image-preview":"max-image-preview:large","max-video-preview":"max-video-preview:-1"},"canonical":"https:\/\/siljakeranen.fi\/blogi\/nuasjarven-tilanne-ja-terrafamen-paastot\/","og_locale":"fi_FI","og_type":"article","og_title":"Nuasj\u00e4rven tilanne ja Terrafamen p\u00e4\u00e4st\u00f6t - Silja Ker\u00e4nen","og_description":"Helsingin yliopiston tutkijoiden ja Kainuun ELY-keskuksen v\u00e4list\u00e4 vuoropuhelua mediatiedottein on ollut mielenkiintoista seurata. Yliopiston tutkijat selvittiv\u00e4t varsin tarkasti j\u00e4rven pohjan (sek\u00e4 sedimentin ett\u00e4 sen yl\u00e4puolisen vesikerroksen) tilan muutoksia purkuputken k\u00e4ytt\u00f6\u00f6noton j\u00e4lkeen. Heid\u00e4n havaintonsa oli selv\u00e4: purkuputki on aiheuttanut putken l\u00e4hist\u00f6ll\u00e4 pohjanl\u00e4heisen happikadon ja muuttanut merkitt\u00e4v\u00e4sti pohjael\u00e4inyhteis\u00f6j\u00e4. ELY-keskus taas on vet\u00e4nyt johtop\u00e4\u00e4t\u00f6ksens\u00e4 koko Nuasj\u00e4rven alueelta tehtyjen [&hellip;]","og_url":"https:\/\/siljakeranen.fi\/blogi\/nuasjarven-tilanne-ja-terrafamen-paastot\/","og_site_name":"Silja Ker\u00e4nen","article_publisher":"https:\/\/www.facebook.com\/siljamkeranen","article_author":"https:\/\/www.facebook.com\/siljamkeranen","article_published_time":"2019-11-02T14:00:58+00:00","og_image":[{"width":1024,"height":768,"url":"https:\/\/siljakeranen.fi\/blogi\/wp-content\/uploads\/2019\/11\/IMG_7280-1024x768.jpg","type":"image\/jpeg"}],"author":"Silja","twitter_card":"summary_large_image","twitter_creator":"@https:\/\/twitter.com\/SiljaMP","twitter_site":"@SiljaMP","twitter_misc":{"Kirjoittanut":"Silja","Arvioitu lukuaika":"1 minuutti"},"schema":{"@context":"https:\/\/schema.org","@graph":[{"@type":"Article","@id":"https:\/\/siljakeranen.fi\/blogi\/nuasjarven-tilanne-ja-terrafamen-paastot\/#article","isPartOf":{"@id":"https:\/\/siljakeranen.fi\/blogi\/nuasjarven-tilanne-ja-terrafamen-paastot\/"},"author":{"name":"Silja","@id":"https:\/\/siljakeranen.fi\/blogi\/#\/schema\/person\/d43605ef0d5681c1b27a4ba1fede1cf4"},"headline":"Nuasj\u00e4rven tilanne ja Terrafamen p\u00e4\u00e4st\u00f6t","datePublished":"2019-11-02T14:00:58+00:00","mainEntityOfPage":{"@id":"https:\/\/siljakeranen.fi\/blogi\/nuasjarven-tilanne-ja-terrafamen-paastot\/"},"wordCount":294,"commentCount":0,"publisher":{"@id":"https:\/\/siljakeranen.fi\/blogi\/#\/schema\/person\/d43605ef0d5681c1b27a4ba1fede1cf4"},"image":{"@id":"https:\/\/siljakeranen.fi\/blogi\/nuasjarven-tilanne-ja-terrafamen-paastot\/#primaryimage"},"thumbnailUrl":"https:\/\/siljakeranen.fi\/blogi\/wp-content\/uploads\/2019\/11\/IMG_7280.jpg","articleSection":["Kainuu","Kaivokset","Kajaani","Vihre\u00e4t","Ymp\u00e4rist\u00f6"],"inLanguage":"fi","potentialAction":[{"@type":"CommentAction","name":"Comment","target":["https:\/\/siljakeranen.fi\/blogi\/nuasjarven-tilanne-ja-terrafamen-paastot\/#respond"]}]},{"@type":"WebPage","@id":"https:\/\/siljakeranen.fi\/blogi\/nuasjarven-tilanne-ja-terrafamen-paastot\/","url":"https:\/\/siljakeranen.fi\/blogi\/nuasjarven-tilanne-ja-terrafamen-paastot\/","name":"Nuasj\u00e4rven tilanne ja Terrafamen p\u00e4\u00e4st\u00f6t - Silja Ker\u00e4nen","isPartOf":{"@id":"https:\/\/siljakeranen.fi\/blogi\/#website"},"primaryImageOfPage":{"@id":"https:\/\/siljakeranen.fi\/blogi\/nuasjarven-tilanne-ja-terrafamen-paastot\/#primaryimage"},"image":{"@id":"https:\/\/siljakeranen.fi\/blogi\/nuasjarven-tilanne-ja-terrafamen-paastot\/#primaryimage"},"thumbnailUrl":"https:\/\/siljakeranen.fi\/blogi\/wp-content\/uploads\/2019\/11\/IMG_7280.jpg","datePublished":"2019-11-02T14:00:58+00:00","breadcrumb":{"@id":"https:\/\/siljakeranen.fi\/blogi\/nuasjarven-tilanne-ja-terrafamen-paastot\/#breadcrumb"},"inLanguage":"fi","potentialAction":[{"@type":"ReadAction","target":["https:\/\/siljakeranen.fi\/blogi\/nuasjarven-tilanne-ja-terrafamen-paastot\/"]}]},{"@type":"ImageObject","inLanguage":"fi","@id":"https:\/\/siljakeranen.fi\/blogi\/nuasjarven-tilanne-ja-terrafamen-paastot\/#primaryimage","url":"https:\/\/siljakeranen.fi\/blogi\/wp-content\/uploads\/2019\/11\/IMG_7280.jpg","contentUrl":"https:\/\/siljakeranen.fi\/blogi\/wp-content\/uploads\/2019\/11\/IMG_7280.jpg","width":4032,"height":3024},{"@type":"BreadcrumbList","@id":"https:\/\/siljakeranen.fi\/blogi\/nuasjarven-tilanne-ja-terrafamen-paastot\/#breadcrumb","itemListElement":[{"@type":"ListItem","position":1,"name":"Etusivu","item":"https:\/\/siljakeranen.fi\/blogi\/"},{"@type":"ListItem","position":2,"name":"Nuasj\u00e4rven tilanne ja Terrafamen p\u00e4\u00e4st\u00f6t"}]},{"@type":"WebSite","@id":"https:\/\/siljakeranen.fi\/blogi\/#website","url":"https:\/\/siljakeranen.fi\/blogi\/","name":"Silja Ker\u00e4nen","description":"Silja Ker\u00e4nen, kainuulainen vihre\u00e4 poliitikko","publisher":{"@id":"https:\/\/siljakeranen.fi\/blogi\/#\/schema\/person\/d43605ef0d5681c1b27a4ba1fede1cf4"},"potentialAction":[{"@type":"SearchAction","target":{"@type":"EntryPoint","urlTemplate":"https:\/\/siljakeranen.fi\/blogi\/?s={search_term_string}"},"query-input":{"@type":"PropertyValueSpecification","valueRequired":true,"valueName":"search_term_string"}}],"inLanguage":"fi"},{"@type":["Person","Organization"],"@id":"https:\/\/siljakeranen.fi\/blogi\/#\/schema\/person\/d43605ef0d5681c1b27a4ba1fede1cf4","name":"Silja","image":{"@type":"ImageObject","inLanguage":"fi","@id":"https:\/\/siljakeranen.fi\/blogi\/wp-content\/uploads\/2023\/01\/cropped-silja_250x100.png","url":"https:\/\/siljakeranen.fi\/blogi\/wp-content\/uploads\/2023\/01\/cropped-silja_250x100.png","contentUrl":"https:\/\/siljakeranen.fi\/blogi\/wp-content\/uploads\/2023\/01\/cropped-silja_250x100.png","width":250,"height":100,"caption":"Silja"},"logo":{"@id":"https:\/\/siljakeranen.fi\/blogi\/wp-content\/uploads\/2023\/01\/cropped-silja_250x100.png"},"sameAs":["http:\/\/www.siljakeranen.fi","https:\/\/www.facebook.com\/siljamkeranen","https:\/\/www.instagram.com\/siljakeranen\/","https:\/\/www.linkedin.com\/in\/silja-kernen-4331b548\/","https:\/\/x.com\/https:\/\/twitter.com\/SiljaMP","https:\/\/www.youtube.com\/channel\/UC0MWeuoWP4-Mjs1z8pIv3GQ","https:\/\/fi.wikipedia.org\/wiki\/Silja_Kernen"],"url":"https:\/\/siljakeranen.fi\/blogi\/author\/admin\/"}]}},"_links":{"self":[{"href":"https:\/\/siljakeranen.fi\/blogi\/wp-json\/wp\/v2\/posts\/1836","targetHints":{"allow":["GET"]}}],"collection":[{"href":"https:\/\/siljakeranen.fi\/blogi\/wp-json\/wp\/v2\/posts"}],"about":[{"href":"https:\/\/siljakeranen.fi\/blogi\/wp-json\/wp\/v2\/types\/post"}],"author":[{"embeddable":true,"href":"https:\/\/siljakeranen.fi\/blogi\/wp-json\/wp\/v2\/users\/1"}],"replies":[{"embeddable":true,"href":"https:\/\/siljakeranen.fi\/blogi\/wp-json\/wp\/v2\/comments?post=1836"}],"version-history":[{"count":1,"href":"https:\/\/siljakeranen.fi\/blogi\/wp-json\/wp\/v2\/posts\/1836\/revisions"}],"predecessor-version":[{"id":1838,"href":"https:\/\/siljakeranen.fi\/blogi\/wp-json\/wp\/v2\/posts\/1836\/revisions\/1838"}],"wp:featuredmedia":[{"embeddable":true,"href":"https:\/\/siljakeranen.fi\/blogi\/wp-json\/wp\/v2\/media\/1837"}],"wp:attachment":[{"href":"https:\/\/siljakeranen.fi\/blogi\/wp-json\/wp\/v2\/media?parent=1836"}],"wp:term":[{"taxonomy":"category","embeddable":true,"href":"https:\/\/siljakeranen.fi\/blogi\/wp-json\/wp\/v2\/categories?post=1836"},{"taxonomy":"post_tag","embeddable":true,"href":"https:\/\/siljakeranen.fi\/blogi\/wp-json\/wp\/v2\/tags?post=1836"}],"curies":[{"name":"wp","href":"https:\/\/api.w.org\/{rel}","templated":true}]}}