{"id":1857,"date":"2019-12-16T22:46:59","date_gmt":"2019-12-16T20:46:59","guid":{"rendered":"https:\/\/siljakeranen.fi\/blogi\/?p=1857"},"modified":"2019-12-16T22:58:12","modified_gmt":"2019-12-16T20:58:12","slug":"kainuun-maakuntavaltuusto","status":"publish","type":"post","link":"https:\/\/siljakeranen.fi\/blogi\/kainuun-maakuntavaltuusto\/","title":{"rendered":"Kainuun maakuntavaltuusto"},"content":{"rendered":"<h3><span style=\"font-weight: 400;\">Vihreiden ryhm\u00e4puheenvuorossa nostin esille seuraavia asioita:<\/span><\/h3>\n<p>Koitan t\u00e4ss\u00e4 puheessani nostaa sellaisia asioita, joita ei v\u00e4ltt\u00e4m\u00e4tt\u00e4 muuten nousisi esille. Suotta toistelemaan sit\u00e4, mit\u00e4 on jo sanottu.&nbsp;<\/p>\n<p><span style=\"font-weight: 400;\">Parin viikon p\u00e4\u00e4st\u00e4 siirryt\u00e4\u00e4n uudelle vuosikymmenelle. 2020-luvulle. Ihan huima ajatella, ett\u00e4 vuosituhannen vaihteesta on kaksikymment\u00e4 vuotta. Kun sit\u00e4 vuodenvaihdetta teinin\u00e4 kavereiden kanssa Lehtikankaalla juhlin, enp\u00e4 osannut arvata mit\u00e4 kaikkea t\u00e4ss\u00e4 el\u00e4m\u00e4ss\u00e4 p\u00e4\u00e4seek\u00e4\u00e4n tekem\u00e4\u00e4n.&nbsp;<\/span><\/p>\n<p><span style=\"font-weight: 400;\">Milt\u00e4 n\u00e4ytt\u00e4\u00e4 2020-luvun Kainuu? Milt\u00e4 se n\u00e4ytt\u00e4\u00e4 nyt? Ja etenkin milt\u00e4 me halutaan sen n\u00e4ytt\u00e4v\u00e4n? <\/span><span style=\"font-weight: 400;\"><br \/>\n<\/span><\/p>\n<p><span style=\"font-weight: 400;\">Meist\u00e4 jokainen varmasti haluaa mahdollisimman hyv\u00e4\u00e4 tulevaisuutta rakkaalle maakunnallemme. N\u00e4kemykseni mukaan se edellytt\u00e4\u00e4 nykyisten tekemisten lis\u00e4ksi etenkin kahta asiaa. Se edellytt\u00e4\u00e4 maanhanmuuton lis\u00e4\u00e4mist\u00e4. Ja se edellytt\u00e4\u00e4 feministist\u00e4 elinvoimapolitiikkaa.&nbsp;<\/span><\/p>\n<p><span style=\"font-weight: 400;\">T\u00e4\u00e4ll\u00e4 kovasti puhutaan ty\u00f6per\u00e4isest\u00e4 maahanmuutosta. Se onkin oikein ok ja kannatettavaa, ja edellisell\u00e4 hallituskaudella roimasti jopa idiottimaisuuksiin asti tiukennettuja ty\u00f6lupak\u00e4yt\u00e4nt\u00f6j\u00e4 pit\u00e4\u00e4kin purkaa. Esimerkiksi Suomesta tutkinto-oikeuden ja tutkintoa varten stipendin saanut opiskelija ei v\u00e4ltt\u00e4m\u00e4tt\u00e4 saa oleskelulupaa ennen opintojen alkamista. Sitten, h\u00e4n joutuu hakemaan sit\u00e4 uudelleen kesken nelivuotisen koulutuksen ja j\u00e4lleen uudelleen valmistuttuaan. Ei meill\u00e4 oikeasti ole vara t\u00e4llaiseen fiksujen ja t\u00e4nne haluavien ihmisten pompotteluun.&nbsp;<\/span><\/p>\n<p><span style=\"font-weight: 400;\">Ty\u00f6per\u00e4isen maahanmuuton lis\u00e4ksi my\u00f6s humanit\u00e4\u00e4rinen sek\u00e4 rakkauden per\u00e4ss\u00e4 tapahtuva maahanmuutto kannattaa n\u00e4hd\u00e4 mahdollisuutena. Humanit\u00e4\u00e4riset maahanmuuttajat &#8211; eli turvapaikanhakijat ja pakolaiset &#8211; tulevat hakemaan t\u00e4\u00e4lt\u00e4 turvaa ja ovat yleens\u00e4 hyvin sitoutuneita rakentamaan parempaa tulevaisuutta niin itselleen kuin uudelle kotipaikalleen. Sen lis\u00e4ksi, ett\u00e4 on inhimillist\u00e4 tehd\u00e4 osansa apua tarvitsevien auttamisessa, on my\u00f6s j\u00e4rkev\u00e4\u00e4 hy\u00f6dynt\u00e4\u00e4 heid\u00e4n potentiaalinsa Kainuun kehitt\u00e4misess\u00e4.<\/span><\/p>\n<p><span style=\"font-weight: 400;\">Kainuussa vieraskielisten osuus on vain kaksi prosenttia v\u00e4est\u00f6st\u00e4. Suomessa yli tuplaten, eli noin 4,5 %. Lis\u00e4\u00e4misen varaa siis on.&nbsp;<\/span><\/p>\n<p><span style=\"font-weight: 400;\">Sitten se toinen asia. Eli feministinen elinvoimapolitiikka.&nbsp;<\/span><\/p>\n<p><span style=\"font-weight: 400;\">Kun katsotaan Kainuussa asuvien 20-29-vuotiaiden naisten ja miesten v\u00e4list\u00e4 suhdetta ja verrataan sit\u00e4 maan keskiarvoon, huomataan, ett\u00e4 meilt\u00e4 puuttuu noin 600 nuorta naista. K\u00e4yt\u00e4nn\u00f6ss\u00e4 isoin ero on 20-25-vuotiaiden keskuudessa &#8211; eli juurikin opiskelevien nuorten kohdalla.&nbsp;<\/span><\/p>\n<p><span style=\"font-weight: 400;\">Kaiken kannalta olisi t\u00e4rke\u00e4\u00e4, ett\u00e4 Kainuun tilanne olisi l\u00e4hemp\u00e4n\u00e4 maan keskiarvoa. Eli ett\u00e4 houkuttelisimme my\u00f6s nuoria naisia.&nbsp;<\/span><\/p>\n<p><span style=\"font-weight: 400;\">Kainuun mainetta, veto- ja pitovoimakysymyksi\u00e4, saavutettavuutta sek\u00e4 koulutustarjontaa pit\u00e4\u00e4 ruveta katsomaan nuorten naisten n\u00e4k\u00f6kulmasta.&nbsp;<\/span><\/p>\n<p><span style=\"font-weight: 400;\">Mutta samalla pit\u00e4\u00e4 tarkastella meid\u00e4n elinkeinopolitiikan k\u00e4rkialoja. Ne ovat metalli, ICT, puu, bio, mittaustekniikka, pelit ja data-analytiikka. V\u00e4h\u00e4n my\u00f6s matkailua ja liikuntaa. Kun Kainuun potentiaaliset investoinnit on listattu, on niiss\u00e4 yhteens\u00e4 5900 ty\u00f6paikka. N\u00e4ist\u00e4 lis\u00e4ty\u00f6paikoista 192 on naisvaltaisten alojen ty\u00f6paikkoja. Valitettavan segregoituneilla &#8211; eli sukupuolten mukaan erittyneill\u00e4 &#8211; ty\u00f6markkinoilla puhun n\u00e4in valtavasti yksinkertaistaen.&nbsp;<\/span><\/p>\n<p><span style=\"font-weight: 400;\">Kainuu siis tarvitsee nuoria naisia. Ja sitten teemme elinvoimapolitiikkaa, jossa 97 prosenttisesti keskitymme miesvaltaisten alojen ty\u00f6paikkojen lis\u00e4\u00e4miseen.&nbsp;<\/span><\/p>\n<p><span style=\"font-weight: 400;\">Kaksi asiaa: elinvoimapolitiikassa, \u00e4lykk\u00e4\u00e4n erikoistumisen strategian, maakuntaohjelman sek\u00e4 k\u00e4yt\u00e4nn\u00f6n toiminnassa pit\u00e4\u00e4 keskitty\u00e4 naisvaltaisiin aloihin huomattavasti nykyist\u00e4 enemm\u00e4n.&nbsp;<\/span><\/p>\n<p><span style=\"font-weight: 400;\">Kainuun isoin naisten ty\u00f6nantaja on Kainuun sote. Sote kannattaakin n\u00e4hd\u00e4 pelk\u00e4n raharei\u00e4n sijaan my\u00f6s isona elinvoima-, veto- ja pitovoimainvestointina.<\/span><\/p>\n<p><span style=\"font-weight: 400;\">T\u00e4llaista ajatusten her\u00e4ttely\u00e4 t\u00e4ll\u00e4 kertaa. Toivottavasti ei j\u00e4\u00e4 vain her\u00e4ttelyksi, vaan siirtyy my\u00f6s toimeksi. No, ehk\u00e4 kuitenkin vasta sitten ensi vuosikymmenell\u00e4. Sit\u00e4 ennen lev\u00e4t\u00e4\u00e4n ja vietet\u00e4\u00e4n Joulua joko enemm\u00e4n tai v\u00e4hemm\u00e4n rauhallisesti.&nbsp;<\/span><\/p>\n<h3>&#8212;<br \/>\nKokouksessa teimme lis\u00e4ksi seuraavat muutosesitykset:<\/h3>\n<p><span style=\"font-weight: 400;\">1. Lis\u00e4ys Kainuun edunajamisen tavoitteisiin: lis\u00e4t\u00e4\u00e4n joukkoliikenneyhteydet yhdeksi edunvalvottavaksi kohteeksi. Eli yhteyksien nopeuttaminen Kontiom\u00e4ki-Oulu sek\u00e4 Kontiom\u00e4ki-Helsinki v\u00e4leille, suorien yhteyksien lis\u00e4\u00e4minen ja linja-autoliikenteen vuorojen parantaminen.&nbsp;<br \/>\n&#8212;&gt; T\u00e4m\u00e4 hyv\u00e4ksyttiin yksimielisesti.&nbsp;<br \/>\n<\/span><\/p>\n<p><span style=\"font-weight: 400;\">2. Poistetaan edunajettavista asioista &#8221;Kaikkien suurpetolajien kannahoidollisen mets\u00e4styksen mahdollistaminen.&#8221; Meid\u00e4n mielest\u00e4 uhanalaisten suurpetojen kannanhoidollista mets\u00e4st\u00e4 ei pid\u00e4 tehd\u00e4.&nbsp;<\/span><\/p>\n<p><span style=\"font-weight: 400;\">&#8212;&gt; \u00c4\u00e4nestyksess\u00e4 h\u00e4visimme selv\u00e4sti.&nbsp;<br \/>\n<\/span><\/p>\n<h3><span style=\"font-weight: 400;\">&#8212;<br \/>\nK\u00e4sittelyss\u00e4 oli my\u00f6s Kainuun maakuntavaakava<\/span><\/h3>\n<p><span style=\"font-weight: 400;\">Kaavan valmistelu on k\u00e4ynnistetty kes\u00e4kuussa 2016, eli t\u00e4t\u00e4 on tehty monta vuotta. Mekin olemme Kainuun Vihrein\u00e4 ottaneet kaavaan kantaa.&nbsp;<\/span><\/p>\n<ol>\n<li>Kaikista parasta oli se, ett\u00e4 maakuntavaltuuston p\u00e4\u00e4tti selvin luvuin poistaa kaivosaluemerkinn\u00e4n Kajaanin Jormualta! Kajaanin kaupunki oli t\u00e4st\u00e4 yksimielisesti lausunut, mutta jostain syyst\u00e4 se pohjaesityksess\u00e4 kuitenkin oli. Mutta maakuntavaltuusto ilmaisi hyvin selv\u00e4sti, ett\u00e4 Jormualla kyl\u00e4n elinvoima menee kaivostoiminnan edelle. Kiitos valtuutettukollegoille, kyl\u00e4l\u00e4isille ja kaikille muille, jotka olette asian eteen toimineet!<\/li>\n<li>Esitimme Ouluj\u00e4rven ylitystien poistamista kaavasta. \u00c4\u00e4nestys h\u00e4vittiin 16-11.<\/li>\n<li>Lis\u00e4ksi esitimme Kuhmossa sijaitsevan Jonkerin j\u00e4rven liitt\u00e4mist\u00e4 luonnonrauha-alueeksi. Sekin \u00e4\u00e4nestys h\u00e4vittiin.&nbsp;<\/li>\n<\/ol>\n<p>Kannatimme muutosesityst\u00e4, jossa kaikki kyl\u00e4t lis\u00e4t\u00e4\u00e4n kaavakartalle. Meid\u00e4n mielest\u00e4 kylien kehitt\u00e4minen on t\u00e4rke\u00e4\u00e4. T\u00e4m\u00e4 muutos hyv\u00e4ksyttiin yksimielisesti.&nbsp;<\/p>\n<p>&#8212;<br \/>\nMuutamasta h\u00e4vityst\u00e4 \u00e4\u00e4nestyksest\u00e4 huolimatta kokous oli oikein hyv\u00e4 ja onnistunut. Erityisesti ilahduttaa tuo Jormuan kaivosmerkinn\u00e4n poistaminen ja se, ett\u00e4 maakuntavaltuusto oikeasti uskalsi k\u00e4ytt\u00e4\u00e4 sille kuuluvaa valtaa ja tehd\u00e4 muutoksia.&nbsp;<\/p>\n<div style=\"padding-bottom:20px; padding-top:10px;\" class=\"hupso-share-buttons\"><!-- Hupso Share Buttons - https:\/\/www.hupso.com\/share\/ --><a class=\"hupso_counters\" href=\"https:\/\/www.hupso.com\/share\/\"><img decoding=\"async\" src=\"https:\/\/static.hupso.com\/share\/buttons\/share-small.png\" style=\"border:0px; padding-top:2px; float:left;\" alt=\"Share Button\"\/><\/a><script type=\"text\/javascript\">var hupso_services_c=new Array(\"twitter\",\"facebook_like\",\"facebook_send\",\"google\");var hupso_counters_lang = \"en_US\";var hupso_image_folder_url = \"\";var hupso_url_c=\"\";var hupso_title_c=\"Kainuun%20maakuntavaltuusto\";<\/script><script type=\"text\/javascript\" src=\"https:\/\/static.hupso.com\/share\/js\/counters.js\"><\/script><!-- Hupso Share Buttons --><\/div>","protected":false},"excerpt":{"rendered":"<p>Vihreiden ryhm\u00e4puheenvuorossa nostin esille seuraavia asioita: Koitan t\u00e4ss\u00e4 puheessani nostaa sellaisia asioita, joita ei v\u00e4ltt\u00e4m\u00e4tt\u00e4 muuten nousisi esille. Suotta toistelemaan sit\u00e4, mit\u00e4 on jo sanottu.&nbsp; Parin viikon p\u00e4\u00e4st\u00e4 siirryt\u00e4\u00e4n uudelle vuosikymmenelle. 2020-luvulle. Ihan huima ajatella, ett\u00e4 vuosituhannen vaihteesta on kaksikymment\u00e4 vuotta. Kun sit\u00e4 vuodenvaihdetta teinin\u00e4 kavereiden kanssa Lehtikankaalla juhlin, enp\u00e4 osannut arvata mit\u00e4 kaikkea t\u00e4ss\u00e4 [&hellip;]<\/p>\n<div style=\"padding-bottom:20px; padding-top:10px;\" class=\"hupso-share-buttons\"><!-- Hupso Share Buttons - https:\/\/www.hupso.com\/share\/ --><a class=\"hupso_counters\" href=\"https:\/\/www.hupso.com\/share\/\"><img src=\"https:\/\/static.hupso.com\/share\/buttons\/share-small.png\" style=\"border:0px; padding-top:2px; float:left;\" alt=\"Share Button\"\/><\/a><script type=\"text\/javascript\">var hupso_services_c=new Array(\"twitter\",\"facebook_like\",\"facebook_send\",\"google\");var hupso_counters_lang = \"en_US\";var hupso_image_folder_url = \"\";var hupso_url_c=\"\";var hupso_title_c=\"Kainuun%20maakuntavaltuusto\";<\/script><script type=\"text\/javascript\" src=\"https:\/\/static.hupso.com\/share\/js\/counters.js\"><\/script><!-- Hupso Share Buttons --><\/div>","protected":false},"author":1,"featured_media":1860,"comment_status":"open","ping_status":"closed","sticky":false,"template":"","format":"standard","meta":{"ngg_post_thumbnail":0,"footnotes":""},"categories":[28,27,7,25,8,34,29,6,10,5,30],"tags":[],"class_list":["post-1857","post","type-post","status-publish","format-standard","has-post-thumbnail","hentry","category-energia","category-ilmastonmuutos","category-kainuu","category-kaivokset","category-kajaani","category-liikenne","category-maailmanparannus","category-politiikka","category-vihreat","category-ymparisto","category-yrittajyys-elinkeinot"],"yoast_head":"<!-- This site is optimized with the Yoast SEO plugin v27.3 - https:\/\/yoast.com\/product\/yoast-seo-wordpress\/ -->\n<title>Kainuun maakuntavaltuusto - Silja Ker\u00e4nen<\/title>\n<meta name=\"robots\" content=\"index, follow, max-snippet:-1, max-image-preview:large, max-video-preview:-1\" \/>\n<link rel=\"canonical\" href=\"https:\/\/siljakeranen.fi\/blogi\/kainuun-maakuntavaltuusto\/\" \/>\n<meta property=\"og:locale\" content=\"fi_FI\" \/>\n<meta property=\"og:type\" content=\"article\" \/>\n<meta property=\"og:title\" content=\"Kainuun maakuntavaltuusto - Silja Ker\u00e4nen\" \/>\n<meta property=\"og:description\" content=\"Vihreiden ryhm\u00e4puheenvuorossa nostin esille seuraavia asioita: Koitan t\u00e4ss\u00e4 puheessani nostaa sellaisia asioita, joita ei v\u00e4ltt\u00e4m\u00e4tt\u00e4 muuten nousisi esille. Suotta toistelemaan sit\u00e4, mit\u00e4 on jo sanottu.&nbsp; Parin viikon p\u00e4\u00e4st\u00e4 siirryt\u00e4\u00e4n uudelle vuosikymmenelle. 2020-luvulle. Ihan huima ajatella, ett\u00e4 vuosituhannen vaihteesta on kaksikymment\u00e4 vuotta. Kun sit\u00e4 vuodenvaihdetta teinin\u00e4 kavereiden kanssa Lehtikankaalla juhlin, enp\u00e4 osannut arvata mit\u00e4 kaikkea t\u00e4ss\u00e4 [&hellip;]\" \/>\n<meta property=\"og:url\" content=\"https:\/\/siljakeranen.fi\/blogi\/kainuun-maakuntavaltuusto\/\" \/>\n<meta property=\"og:site_name\" content=\"Silja Ker\u00e4nen\" \/>\n<meta property=\"article:publisher\" content=\"https:\/\/www.facebook.com\/siljamkeranen\" \/>\n<meta property=\"article:author\" content=\"https:\/\/www.facebook.com\/siljamkeranen\" \/>\n<meta property=\"article:published_time\" content=\"2019-12-16T20:46:59+00:00\" \/>\n<meta property=\"article:modified_time\" content=\"2019-12-16T20:58:12+00:00\" \/>\n<meta property=\"og:image\" content=\"https:\/\/siljakeranen.fi\/blogi\/wp-content\/uploads\/2019\/12\/79181381_520658438535885_1850951727130345472_n-kopio.jpg\" \/>\n\t<meta property=\"og:image:width\" content=\"1709\" \/>\n\t<meta property=\"og:image:height\" content=\"1355\" \/>\n\t<meta property=\"og:image:type\" content=\"image\/jpeg\" \/>\n<meta name=\"author\" content=\"Silja\" \/>\n<meta name=\"twitter:card\" content=\"summary_large_image\" \/>\n<meta name=\"twitter:image\" content=\"https:\/\/siljakeranen.fi\/blogi\/wp-content\/uploads\/2019\/12\/79181381_520658438535885_1850951727130345472_n-kopio.jpg\" \/>\n<meta name=\"twitter:creator\" content=\"@https:\/\/twitter.com\/SiljaMP\" \/>\n<meta name=\"twitter:site\" content=\"@SiljaMP\" \/>\n<meta name=\"twitter:label1\" content=\"Kirjoittanut\" \/>\n\t<meta name=\"twitter:data1\" content=\"Silja\" \/>\n\t<meta name=\"twitter:label2\" content=\"Arvioitu lukuaika\" \/>\n\t<meta name=\"twitter:data2\" content=\"4 minuuttia\" \/>\n<script type=\"application\/ld+json\" class=\"yoast-schema-graph\">{\"@context\":\"https:\\\/\\\/schema.org\",\"@graph\":[{\"@type\":\"Article\",\"@id\":\"https:\\\/\\\/siljakeranen.fi\\\/blogi\\\/kainuun-maakuntavaltuusto\\\/#article\",\"isPartOf\":{\"@id\":\"https:\\\/\\\/siljakeranen.fi\\\/blogi\\\/kainuun-maakuntavaltuusto\\\/\"},\"author\":{\"name\":\"Silja\",\"@id\":\"https:\\\/\\\/siljakeranen.fi\\\/blogi\\\/#\\\/schema\\\/person\\\/d43605ef0d5681c1b27a4ba1fede1cf4\"},\"headline\":\"Kainuun maakuntavaltuusto\",\"datePublished\":\"2019-12-16T20:46:59+00:00\",\"dateModified\":\"2019-12-16T20:58:12+00:00\",\"mainEntityOfPage\":{\"@id\":\"https:\\\/\\\/siljakeranen.fi\\\/blogi\\\/kainuun-maakuntavaltuusto\\\/\"},\"wordCount\":807,\"commentCount\":0,\"publisher\":{\"@id\":\"https:\\\/\\\/siljakeranen.fi\\\/blogi\\\/#\\\/schema\\\/person\\\/d43605ef0d5681c1b27a4ba1fede1cf4\"},\"image\":{\"@id\":\"https:\\\/\\\/siljakeranen.fi\\\/blogi\\\/kainuun-maakuntavaltuusto\\\/#primaryimage\"},\"thumbnailUrl\":\"https:\\\/\\\/siljakeranen.fi\\\/blogi\\\/wp-content\\\/uploads\\\/2019\\\/12\\\/79181381_520658438535885_1850951727130345472_n-kopio.jpg\",\"articleSection\":[\"Energia\",\"Ilmastonmuutos\",\"Kainuu\",\"Kaivokset\",\"Kajaani\",\"Liikenne\",\"Maailmanparannus\",\"Politiikka\",\"Vihre\u00e4t\",\"Ymp\u00e4rist\u00f6\",\"Yritt\u00e4jyys &amp; elinkeinot\"],\"inLanguage\":\"fi\",\"potentialAction\":[{\"@type\":\"CommentAction\",\"name\":\"Comment\",\"target\":[\"https:\\\/\\\/siljakeranen.fi\\\/blogi\\\/kainuun-maakuntavaltuusto\\\/#respond\"]}]},{\"@type\":\"WebPage\",\"@id\":\"https:\\\/\\\/siljakeranen.fi\\\/blogi\\\/kainuun-maakuntavaltuusto\\\/\",\"url\":\"https:\\\/\\\/siljakeranen.fi\\\/blogi\\\/kainuun-maakuntavaltuusto\\\/\",\"name\":\"Kainuun maakuntavaltuusto - Silja Ker\u00e4nen\",\"isPartOf\":{\"@id\":\"https:\\\/\\\/siljakeranen.fi\\\/blogi\\\/#website\"},\"primaryImageOfPage\":{\"@id\":\"https:\\\/\\\/siljakeranen.fi\\\/blogi\\\/kainuun-maakuntavaltuusto\\\/#primaryimage\"},\"image\":{\"@id\":\"https:\\\/\\\/siljakeranen.fi\\\/blogi\\\/kainuun-maakuntavaltuusto\\\/#primaryimage\"},\"thumbnailUrl\":\"https:\\\/\\\/siljakeranen.fi\\\/blogi\\\/wp-content\\\/uploads\\\/2019\\\/12\\\/79181381_520658438535885_1850951727130345472_n-kopio.jpg\",\"datePublished\":\"2019-12-16T20:46:59+00:00\",\"dateModified\":\"2019-12-16T20:58:12+00:00\",\"breadcrumb\":{\"@id\":\"https:\\\/\\\/siljakeranen.fi\\\/blogi\\\/kainuun-maakuntavaltuusto\\\/#breadcrumb\"},\"inLanguage\":\"fi\",\"potentialAction\":[{\"@type\":\"ReadAction\",\"target\":[\"https:\\\/\\\/siljakeranen.fi\\\/blogi\\\/kainuun-maakuntavaltuusto\\\/\"]}]},{\"@type\":\"ImageObject\",\"inLanguage\":\"fi\",\"@id\":\"https:\\\/\\\/siljakeranen.fi\\\/blogi\\\/kainuun-maakuntavaltuusto\\\/#primaryimage\",\"url\":\"https:\\\/\\\/siljakeranen.fi\\\/blogi\\\/wp-content\\\/uploads\\\/2019\\\/12\\\/79181381_520658438535885_1850951727130345472_n-kopio.jpg\",\"contentUrl\":\"https:\\\/\\\/siljakeranen.fi\\\/blogi\\\/wp-content\\\/uploads\\\/2019\\\/12\\\/79181381_520658438535885_1850951727130345472_n-kopio.jpg\",\"width\":1709,\"height\":1355},{\"@type\":\"BreadcrumbList\",\"@id\":\"https:\\\/\\\/siljakeranen.fi\\\/blogi\\\/kainuun-maakuntavaltuusto\\\/#breadcrumb\",\"itemListElement\":[{\"@type\":\"ListItem\",\"position\":1,\"name\":\"Etusivu\",\"item\":\"https:\\\/\\\/siljakeranen.fi\\\/blogi\\\/\"},{\"@type\":\"ListItem\",\"position\":2,\"name\":\"Kainuun maakuntavaltuusto\"}]},{\"@type\":\"WebSite\",\"@id\":\"https:\\\/\\\/siljakeranen.fi\\\/blogi\\\/#website\",\"url\":\"https:\\\/\\\/siljakeranen.fi\\\/blogi\\\/\",\"name\":\"Silja Ker\u00e4nen\",\"description\":\"Silja Ker\u00e4nen, kainuulainen vihre\u00e4 poliitikko\",\"publisher\":{\"@id\":\"https:\\\/\\\/siljakeranen.fi\\\/blogi\\\/#\\\/schema\\\/person\\\/d43605ef0d5681c1b27a4ba1fede1cf4\"},\"potentialAction\":[{\"@type\":\"SearchAction\",\"target\":{\"@type\":\"EntryPoint\",\"urlTemplate\":\"https:\\\/\\\/siljakeranen.fi\\\/blogi\\\/?s={search_term_string}\"},\"query-input\":{\"@type\":\"PropertyValueSpecification\",\"valueRequired\":true,\"valueName\":\"search_term_string\"}}],\"inLanguage\":\"fi\"},{\"@type\":[\"Person\",\"Organization\"],\"@id\":\"https:\\\/\\\/siljakeranen.fi\\\/blogi\\\/#\\\/schema\\\/person\\\/d43605ef0d5681c1b27a4ba1fede1cf4\",\"name\":\"Silja\",\"image\":{\"@type\":\"ImageObject\",\"inLanguage\":\"fi\",\"@id\":\"https:\\\/\\\/siljakeranen.fi\\\/blogi\\\/wp-content\\\/uploads\\\/2023\\\/01\\\/cropped-silja_250x100.png\",\"url\":\"https:\\\/\\\/siljakeranen.fi\\\/blogi\\\/wp-content\\\/uploads\\\/2023\\\/01\\\/cropped-silja_250x100.png\",\"contentUrl\":\"https:\\\/\\\/siljakeranen.fi\\\/blogi\\\/wp-content\\\/uploads\\\/2023\\\/01\\\/cropped-silja_250x100.png\",\"width\":250,\"height\":100,\"caption\":\"Silja\"},\"logo\":{\"@id\":\"https:\\\/\\\/siljakeranen.fi\\\/blogi\\\/wp-content\\\/uploads\\\/2023\\\/01\\\/cropped-silja_250x100.png\"},\"sameAs\":[\"http:\\\/\\\/www.siljakeranen.fi\",\"https:\\\/\\\/www.facebook.com\\\/siljamkeranen\",\"https:\\\/\\\/www.instagram.com\\\/siljakeranen\\\/\",\"https:\\\/\\\/www.linkedin.com\\\/in\\\/silja-kernen-4331b548\\\/\",\"https:\\\/\\\/x.com\\\/https:\\\/\\\/twitter.com\\\/SiljaMP\",\"https:\\\/\\\/www.youtube.com\\\/channel\\\/UC0MWeuoWP4-Mjs1z8pIv3GQ\",\"https:\\\/\\\/fi.wikipedia.org\\\/wiki\\\/Silja_Kernen\"],\"url\":\"https:\\\/\\\/siljakeranen.fi\\\/blogi\\\/author\\\/admin\\\/\"}]}<\/script>\n<!-- \/ Yoast SEO plugin. -->","yoast_head_json":{"title":"Kainuun maakuntavaltuusto - Silja Ker\u00e4nen","robots":{"index":"index","follow":"follow","max-snippet":"max-snippet:-1","max-image-preview":"max-image-preview:large","max-video-preview":"max-video-preview:-1"},"canonical":"https:\/\/siljakeranen.fi\/blogi\/kainuun-maakuntavaltuusto\/","og_locale":"fi_FI","og_type":"article","og_title":"Kainuun maakuntavaltuusto - Silja Ker\u00e4nen","og_description":"Vihreiden ryhm\u00e4puheenvuorossa nostin esille seuraavia asioita: Koitan t\u00e4ss\u00e4 puheessani nostaa sellaisia asioita, joita ei v\u00e4ltt\u00e4m\u00e4tt\u00e4 muuten nousisi esille. Suotta toistelemaan sit\u00e4, mit\u00e4 on jo sanottu.&nbsp; Parin viikon p\u00e4\u00e4st\u00e4 siirryt\u00e4\u00e4n uudelle vuosikymmenelle. 2020-luvulle. Ihan huima ajatella, ett\u00e4 vuosituhannen vaihteesta on kaksikymment\u00e4 vuotta. Kun sit\u00e4 vuodenvaihdetta teinin\u00e4 kavereiden kanssa Lehtikankaalla juhlin, enp\u00e4 osannut arvata mit\u00e4 kaikkea t\u00e4ss\u00e4 [&hellip;]","og_url":"https:\/\/siljakeranen.fi\/blogi\/kainuun-maakuntavaltuusto\/","og_site_name":"Silja Ker\u00e4nen","article_publisher":"https:\/\/www.facebook.com\/siljamkeranen","article_author":"https:\/\/www.facebook.com\/siljamkeranen","article_published_time":"2019-12-16T20:46:59+00:00","article_modified_time":"2019-12-16T20:58:12+00:00","og_image":[{"width":1709,"height":1355,"url":"https:\/\/siljakeranen.fi\/blogi\/wp-content\/uploads\/2019\/12\/79181381_520658438535885_1850951727130345472_n-kopio.jpg","type":"image\/jpeg"}],"author":"Silja","twitter_card":"summary_large_image","twitter_image":"https:\/\/siljakeranen.fi\/blogi\/wp-content\/uploads\/2019\/12\/79181381_520658438535885_1850951727130345472_n-kopio.jpg","twitter_creator":"@https:\/\/twitter.com\/SiljaMP","twitter_site":"@SiljaMP","twitter_misc":{"Kirjoittanut":"Silja","Arvioitu lukuaika":"4 minuuttia"},"schema":{"@context":"https:\/\/schema.org","@graph":[{"@type":"Article","@id":"https:\/\/siljakeranen.fi\/blogi\/kainuun-maakuntavaltuusto\/#article","isPartOf":{"@id":"https:\/\/siljakeranen.fi\/blogi\/kainuun-maakuntavaltuusto\/"},"author":{"name":"Silja","@id":"https:\/\/siljakeranen.fi\/blogi\/#\/schema\/person\/d43605ef0d5681c1b27a4ba1fede1cf4"},"headline":"Kainuun maakuntavaltuusto","datePublished":"2019-12-16T20:46:59+00:00","dateModified":"2019-12-16T20:58:12+00:00","mainEntityOfPage":{"@id":"https:\/\/siljakeranen.fi\/blogi\/kainuun-maakuntavaltuusto\/"},"wordCount":807,"commentCount":0,"publisher":{"@id":"https:\/\/siljakeranen.fi\/blogi\/#\/schema\/person\/d43605ef0d5681c1b27a4ba1fede1cf4"},"image":{"@id":"https:\/\/siljakeranen.fi\/blogi\/kainuun-maakuntavaltuusto\/#primaryimage"},"thumbnailUrl":"https:\/\/siljakeranen.fi\/blogi\/wp-content\/uploads\/2019\/12\/79181381_520658438535885_1850951727130345472_n-kopio.jpg","articleSection":["Energia","Ilmastonmuutos","Kainuu","Kaivokset","Kajaani","Liikenne","Maailmanparannus","Politiikka","Vihre\u00e4t","Ymp\u00e4rist\u00f6","Yritt\u00e4jyys &amp; elinkeinot"],"inLanguage":"fi","potentialAction":[{"@type":"CommentAction","name":"Comment","target":["https:\/\/siljakeranen.fi\/blogi\/kainuun-maakuntavaltuusto\/#respond"]}]},{"@type":"WebPage","@id":"https:\/\/siljakeranen.fi\/blogi\/kainuun-maakuntavaltuusto\/","url":"https:\/\/siljakeranen.fi\/blogi\/kainuun-maakuntavaltuusto\/","name":"Kainuun maakuntavaltuusto - Silja Ker\u00e4nen","isPartOf":{"@id":"https:\/\/siljakeranen.fi\/blogi\/#website"},"primaryImageOfPage":{"@id":"https:\/\/siljakeranen.fi\/blogi\/kainuun-maakuntavaltuusto\/#primaryimage"},"image":{"@id":"https:\/\/siljakeranen.fi\/blogi\/kainuun-maakuntavaltuusto\/#primaryimage"},"thumbnailUrl":"https:\/\/siljakeranen.fi\/blogi\/wp-content\/uploads\/2019\/12\/79181381_520658438535885_1850951727130345472_n-kopio.jpg","datePublished":"2019-12-16T20:46:59+00:00","dateModified":"2019-12-16T20:58:12+00:00","breadcrumb":{"@id":"https:\/\/siljakeranen.fi\/blogi\/kainuun-maakuntavaltuusto\/#breadcrumb"},"inLanguage":"fi","potentialAction":[{"@type":"ReadAction","target":["https:\/\/siljakeranen.fi\/blogi\/kainuun-maakuntavaltuusto\/"]}]},{"@type":"ImageObject","inLanguage":"fi","@id":"https:\/\/siljakeranen.fi\/blogi\/kainuun-maakuntavaltuusto\/#primaryimage","url":"https:\/\/siljakeranen.fi\/blogi\/wp-content\/uploads\/2019\/12\/79181381_520658438535885_1850951727130345472_n-kopio.jpg","contentUrl":"https:\/\/siljakeranen.fi\/blogi\/wp-content\/uploads\/2019\/12\/79181381_520658438535885_1850951727130345472_n-kopio.jpg","width":1709,"height":1355},{"@type":"BreadcrumbList","@id":"https:\/\/siljakeranen.fi\/blogi\/kainuun-maakuntavaltuusto\/#breadcrumb","itemListElement":[{"@type":"ListItem","position":1,"name":"Etusivu","item":"https:\/\/siljakeranen.fi\/blogi\/"},{"@type":"ListItem","position":2,"name":"Kainuun maakuntavaltuusto"}]},{"@type":"WebSite","@id":"https:\/\/siljakeranen.fi\/blogi\/#website","url":"https:\/\/siljakeranen.fi\/blogi\/","name":"Silja Ker\u00e4nen","description":"Silja Ker\u00e4nen, kainuulainen vihre\u00e4 poliitikko","publisher":{"@id":"https:\/\/siljakeranen.fi\/blogi\/#\/schema\/person\/d43605ef0d5681c1b27a4ba1fede1cf4"},"potentialAction":[{"@type":"SearchAction","target":{"@type":"EntryPoint","urlTemplate":"https:\/\/siljakeranen.fi\/blogi\/?s={search_term_string}"},"query-input":{"@type":"PropertyValueSpecification","valueRequired":true,"valueName":"search_term_string"}}],"inLanguage":"fi"},{"@type":["Person","Organization"],"@id":"https:\/\/siljakeranen.fi\/blogi\/#\/schema\/person\/d43605ef0d5681c1b27a4ba1fede1cf4","name":"Silja","image":{"@type":"ImageObject","inLanguage":"fi","@id":"https:\/\/siljakeranen.fi\/blogi\/wp-content\/uploads\/2023\/01\/cropped-silja_250x100.png","url":"https:\/\/siljakeranen.fi\/blogi\/wp-content\/uploads\/2023\/01\/cropped-silja_250x100.png","contentUrl":"https:\/\/siljakeranen.fi\/blogi\/wp-content\/uploads\/2023\/01\/cropped-silja_250x100.png","width":250,"height":100,"caption":"Silja"},"logo":{"@id":"https:\/\/siljakeranen.fi\/blogi\/wp-content\/uploads\/2023\/01\/cropped-silja_250x100.png"},"sameAs":["http:\/\/www.siljakeranen.fi","https:\/\/www.facebook.com\/siljamkeranen","https:\/\/www.instagram.com\/siljakeranen\/","https:\/\/www.linkedin.com\/in\/silja-kernen-4331b548\/","https:\/\/x.com\/https:\/\/twitter.com\/SiljaMP","https:\/\/www.youtube.com\/channel\/UC0MWeuoWP4-Mjs1z8pIv3GQ","https:\/\/fi.wikipedia.org\/wiki\/Silja_Kernen"],"url":"https:\/\/siljakeranen.fi\/blogi\/author\/admin\/"}]}},"_links":{"self":[{"href":"https:\/\/siljakeranen.fi\/blogi\/wp-json\/wp\/v2\/posts\/1857","targetHints":{"allow":["GET"]}}],"collection":[{"href":"https:\/\/siljakeranen.fi\/blogi\/wp-json\/wp\/v2\/posts"}],"about":[{"href":"https:\/\/siljakeranen.fi\/blogi\/wp-json\/wp\/v2\/types\/post"}],"author":[{"embeddable":true,"href":"https:\/\/siljakeranen.fi\/blogi\/wp-json\/wp\/v2\/users\/1"}],"replies":[{"embeddable":true,"href":"https:\/\/siljakeranen.fi\/blogi\/wp-json\/wp\/v2\/comments?post=1857"}],"version-history":[{"count":6,"href":"https:\/\/siljakeranen.fi\/blogi\/wp-json\/wp\/v2\/posts\/1857\/revisions"}],"predecessor-version":[{"id":1864,"href":"https:\/\/siljakeranen.fi\/blogi\/wp-json\/wp\/v2\/posts\/1857\/revisions\/1864"}],"wp:featuredmedia":[{"embeddable":true,"href":"https:\/\/siljakeranen.fi\/blogi\/wp-json\/wp\/v2\/media\/1860"}],"wp:attachment":[{"href":"https:\/\/siljakeranen.fi\/blogi\/wp-json\/wp\/v2\/media?parent=1857"}],"wp:term":[{"taxonomy":"category","embeddable":true,"href":"https:\/\/siljakeranen.fi\/blogi\/wp-json\/wp\/v2\/categories?post=1857"},{"taxonomy":"post_tag","embeddable":true,"href":"https:\/\/siljakeranen.fi\/blogi\/wp-json\/wp\/v2\/tags?post=1857"}],"curies":[{"name":"wp","href":"https:\/\/api.w.org\/{rel}","templated":true}]}}