{"id":1865,"date":"2019-12-21T11:15:08","date_gmt":"2019-12-21T09:15:08","guid":{"rendered":"https:\/\/siljakeranen.fi\/blogi\/?p=1865"},"modified":"2019-12-21T11:15:08","modified_gmt":"2019-12-21T09:15:08","slug":"hillintaa-hakkuuhimoihin","status":"publish","type":"post","link":"https:\/\/siljakeranen.fi\/blogi\/hillintaa-hakkuuhimoihin\/","title":{"rendered":"Hillint\u00e4\u00e4 hakkuuhimoihin!"},"content":{"rendered":"<p>H\u00e4meenlinnan kaupunki meinaa tehd\u00e4 avo- ja siemenpuuhakkuita Evon retkeilyalueella. Evolla, joka on valtakunnallisesti tunnettu ja arvostettu retkeilyalue. Min\u00e4kin olen viett\u00e4nyt siell\u00e4 useita kymmeni\u00e4 \u00f6it\u00e4 teltassa partioleireill\u00e4.<\/p>\n<p>Meill\u00e4 Kajaanissa kaupunki meni tekem\u00e4\u00e4n harvennushakkuita mahdollisesti Metso-suojelukelpoiseen alueeseen, jonka mets\u00e4suunnitelma oli viel\u00e4 n\u00e4ht\u00e4vill\u00e4. P\u00e4\u00e4t\u00f6st\u00e4 metsien k\u00e4yt\u00f6st\u00e4 ei oltu viel\u00e4 tehty, kun jo hakattiin.<\/p>\n<p>Mets\u00e4hallitus on parturoinut&nbsp;suojelualueiden vierimetsi\u00e4 tai virkistysk\u00e4ytt\u00f6alueita Suomussalmella, Kajaanissa, Puolangalla ja Kuhmossa. Menip\u00e4 yhdess\u00e4 hakkuussa \u2019vahingossa\u2019 heid\u00e4n hyvin tiedossa ollutta liito-oravamets\u00e4\u00e4kin.<\/p>\n<p>N\u00e4it\u00e4 esimerkkej\u00e4 on ymp\u00e4ri Suomen. Ja se on todella surullista.<\/p>\n<p>Ennen n\u00e4ihin asioihin perehtymist\u00e4, ajattelin joskus, ett\u00e4 luonnonsuojelijat vouhkaavat turhasta. Kun n\u00e4ihin lukuisiin tapauksiin \u2013 etenkin t\u00e4\u00e4ll\u00e4 Kainuussa \u2013 olen perehtynyt, ei vouhkaaminen ole ollut turhaa.<\/p>\n<p>Aivan liikaa esiintyy huonoa hallintoa, selv\u00e4\u00e4 piittaamattomuutta ja pelkkien pikaisten puunmyyntitulojen maksimointia. N\u00e4in se valitettavasti on.<\/p>\n<p>Sitten on ihmisi\u00e4 ja tahoja, jotka hoitavat asiansa esimerkillisesti. Heille siit\u00e4 iso kiitos. Esimerkiksi UPM oli esitellyt ja ker\u00e4nnyt mielipiteit\u00e4 \u00c4rj\u00e4n hakkuusuunnitelmasta hyviss\u00e4 ajoin ennen hakkuita.<\/p>\n<p>Kajaanissakin edellisell\u00e4 mets\u00e4suunnittelukierroksella saatiin lopulta kaikkia tyydytt\u00e4v\u00e4 lopputulos.<\/p>\n<p>Yksityismetsien puolella&nbsp;mets\u00e4nomistajan n\u00e4kemyksi\u00e4 kuunnellaan ja mets\u00e4suunnitelmassa toiveet otetaan erinomaisesti huomioon.<\/p>\n<p>Koitan kovasti mietti\u00e4, miksi n\u00e4in ei aina ole. Pel\u00e4t\u00e4\u00e4nk\u00f6 luonnonsuojelijoita liikaa. Eik\u00f6 ole totuttu keskustelemaan mets\u00e4nhoidosta ja hakemaan kompromisseja. Eik\u00f6 n\u00e4hd\u00e4 mets\u00e4\u00e4 puilta ja metsien monia muitakin arvoja kuin puuntuotanto.<\/p>\n<p>Mets\u00e4hallituksessa paikallisten&nbsp;mets\u00e4kiistojen ennaltaehk\u00e4isy on onneksi otettu tosissaan. Vuoden verran mets\u00e4hallitus on k\u00e4ynyt luonnonsuojelijoiden kanssa vuoropuhelua talousmetsiens\u00e4 hoidosta. Esimerkillist\u00e4 toimintaa, josta iso kiitos ja hatunnosto.<\/p>\n<p>Moni hakkuukiistoista on yhteisesti omistetuilla mailla: kaupunkien, kuntien ja valtion omistamissa metsiss\u00e4. Juuri julkisen toimijan pit\u00e4isi n\u00e4hd\u00e4 metsien muukin arvo kuin puuntuotanto.<\/p>\n<p>Metsien retkeily- ja virkistysk\u00e4ytt\u00f6 parantavat ihmisten terveytt\u00e4, lis\u00e4\u00e4v\u00e4t alueen vetovoimaa, v\u00e4hent\u00e4v\u00e4t terveyspalveluiden tarvetta sek\u00e4 lis\u00e4\u00e4v\u00e4t matkailijoiden m\u00e4\u00e4r\u00e4\u00e4.<\/p>\n<p>Esimerkiksi H\u00e4meenlinnan kaupunki hy\u00f6tyy valtavasti tunnetusta ja mahtavasta Evon retkeilyalueesta. Mit\u00e4 jos hakkuiden sijaan Evolle touhuttaisiin kansallispuisto?<\/p>\n<p>T\u00e4ytyy viel\u00e4 varmuuden&nbsp;vuoksi todeta, ett\u00e4 minusta metsien talousk\u00e4ytt\u00f6, puuntuotanto ja hakkuut ovat hyv\u00e4 asia. Puu on erinomainen materiaali moneen ja mets\u00e4sektorin ty\u00f6paikat ovat t\u00e4rkeit\u00e4. T\u00e4m\u00e4 kaikki edellytt\u00e4\u00e4 hakkuita.<\/p>\n<p>Mutta hakkuita ei pid\u00e4 toteuttaa miss\u00e4 tahansa tai mill\u00e4 tavalla tahansa. Mets\u00e4talouden imagon vuoksi onkin todella t\u00e4rke\u00e4\u00e4 hillit\u00e4 hakkuuhimoja arvokkaissa kohteissa. Nyt n\u00e4m\u00e4 muutamien aiheuttamat hakkuukiistat haittaavat koko alan toimintaa.<\/p>\n<div style=\"padding-bottom:20px; padding-top:10px;\" class=\"hupso-share-buttons\"><!-- Hupso Share Buttons - https:\/\/www.hupso.com\/share\/ --><a class=\"hupso_counters\" href=\"https:\/\/www.hupso.com\/share\/\"><img decoding=\"async\" src=\"https:\/\/static.hupso.com\/share\/buttons\/share-small.png\" style=\"border:0px; padding-top:2px; float:left;\" alt=\"Share Button\"\/><\/a><script type=\"text\/javascript\">var hupso_services_c=new Array(\"twitter\",\"facebook_like\",\"facebook_send\",\"google\");var hupso_counters_lang = \"en_US\";var hupso_image_folder_url = \"\";var hupso_url_c=\"\";var hupso_title_c=\"Hillint%C3%A4%C3%A4%20hakkuuhimoihin%21\";<\/script><script type=\"text\/javascript\" src=\"https:\/\/static.hupso.com\/share\/js\/counters.js\"><\/script><!-- Hupso Share Buttons --><\/div>","protected":false},"excerpt":{"rendered":"<p>H\u00e4meenlinnan kaupunki meinaa tehd\u00e4 avo- ja siemenpuuhakkuita Evon retkeilyalueella. Evolla, joka on valtakunnallisesti tunnettu ja arvostettu retkeilyalue. Min\u00e4kin olen viett\u00e4nyt siell\u00e4 useita kymmeni\u00e4 \u00f6it\u00e4 teltassa partioleireill\u00e4. Meill\u00e4 Kajaanissa kaupunki meni tekem\u00e4\u00e4n harvennushakkuita mahdollisesti Metso-suojelukelpoiseen alueeseen, jonka mets\u00e4suunnitelma oli viel\u00e4 n\u00e4ht\u00e4vill\u00e4. P\u00e4\u00e4t\u00f6st\u00e4 metsien k\u00e4yt\u00f6st\u00e4 ei oltu viel\u00e4 tehty, kun jo hakattiin. Mets\u00e4hallitus on parturoinut&nbsp;suojelualueiden vierimetsi\u00e4 tai [&hellip;]<\/p>\n<div style=\"padding-bottom:20px; padding-top:10px;\" class=\"hupso-share-buttons\"><!-- Hupso Share Buttons - https:\/\/www.hupso.com\/share\/ --><a class=\"hupso_counters\" href=\"https:\/\/www.hupso.com\/share\/\"><img src=\"https:\/\/static.hupso.com\/share\/buttons\/share-small.png\" style=\"border:0px; padding-top:2px; float:left;\" alt=\"Share Button\"\/><\/a><script type=\"text\/javascript\">var hupso_services_c=new Array(\"twitter\",\"facebook_like\",\"facebook_send\",\"google\");var hupso_counters_lang = \"en_US\";var hupso_image_folder_url = \"\";var hupso_url_c=\"\";var hupso_title_c=\"Hillint%C3%A4%C3%A4%20hakkuuhimoihin%21\";<\/script><script type=\"text\/javascript\" src=\"https:\/\/static.hupso.com\/share\/js\/counters.js\"><\/script><!-- Hupso Share Buttons --><\/div>","protected":false},"author":1,"featured_media":1866,"comment_status":"open","ping_status":"closed","sticky":false,"template":"","format":"standard","meta":{"ngg_post_thumbnail":0,"footnotes":""},"categories":[7,8,1,20,5,30],"tags":[],"class_list":["post-1865","post","type-post","status-publish","format-standard","has-post-thumbnail","hentry","category-kainuu","category-kajaani","category-uncategorized","category-metsa","category-ymparisto","category-yrittajyys-elinkeinot"],"yoast_head":"<!-- This site is optimized with the Yoast SEO plugin v27.3 - https:\/\/yoast.com\/product\/yoast-seo-wordpress\/ -->\n<title>Hillint\u00e4\u00e4 hakkuuhimoihin! - Silja Ker\u00e4nen<\/title>\n<meta name=\"robots\" content=\"index, follow, max-snippet:-1, max-image-preview:large, max-video-preview:-1\" \/>\n<link rel=\"canonical\" href=\"https:\/\/siljakeranen.fi\/blogi\/hillintaa-hakkuuhimoihin\/\" \/>\n<meta property=\"og:locale\" content=\"fi_FI\" \/>\n<meta property=\"og:type\" content=\"article\" \/>\n<meta property=\"og:title\" content=\"Hillint\u00e4\u00e4 hakkuuhimoihin! - Silja Ker\u00e4nen\" \/>\n<meta property=\"og:description\" content=\"H\u00e4meenlinnan kaupunki meinaa tehd\u00e4 avo- ja siemenpuuhakkuita Evon retkeilyalueella. Evolla, joka on valtakunnallisesti tunnettu ja arvostettu retkeilyalue. Min\u00e4kin olen viett\u00e4nyt siell\u00e4 useita kymmeni\u00e4 \u00f6it\u00e4 teltassa partioleireill\u00e4. Meill\u00e4 Kajaanissa kaupunki meni tekem\u00e4\u00e4n harvennushakkuita mahdollisesti Metso-suojelukelpoiseen alueeseen, jonka mets\u00e4suunnitelma oli viel\u00e4 n\u00e4ht\u00e4vill\u00e4. P\u00e4\u00e4t\u00f6st\u00e4 metsien k\u00e4yt\u00f6st\u00e4 ei oltu viel\u00e4 tehty, kun jo hakattiin. Mets\u00e4hallitus on parturoinut&nbsp;suojelualueiden vierimetsi\u00e4 tai [&hellip;]\" \/>\n<meta property=\"og:url\" content=\"https:\/\/siljakeranen.fi\/blogi\/hillintaa-hakkuuhimoihin\/\" \/>\n<meta property=\"og:site_name\" content=\"Silja Ker\u00e4nen\" \/>\n<meta property=\"article:publisher\" content=\"https:\/\/www.facebook.com\/siljamkeranen\" \/>\n<meta property=\"article:author\" content=\"https:\/\/www.facebook.com\/siljamkeranen\" \/>\n<meta property=\"article:published_time\" content=\"2019-12-21T09:15:08+00:00\" \/>\n<meta property=\"og:image\" content=\"https:\/\/siljakeranen.fi\/blogi\/wp-content\/uploads\/2019\/12\/IMG_7418-scaled.jpg\" \/>\n\t<meta property=\"og:image:width\" content=\"2560\" \/>\n\t<meta property=\"og:image:height\" content=\"1920\" \/>\n\t<meta property=\"og:image:type\" content=\"image\/jpeg\" \/>\n<meta name=\"author\" content=\"Silja\" \/>\n<meta name=\"twitter:card\" content=\"summary_large_image\" \/>\n<meta name=\"twitter:creator\" content=\"@https:\/\/twitter.com\/SiljaMP\" \/>\n<meta name=\"twitter:site\" content=\"@SiljaMP\" \/>\n<meta name=\"twitter:label1\" content=\"Kirjoittanut\" \/>\n\t<meta name=\"twitter:data1\" content=\"Silja\" \/>\n\t<meta name=\"twitter:label2\" content=\"Arvioitu lukuaika\" \/>\n\t<meta name=\"twitter:data2\" content=\"2 minuuttia\" \/>\n<script type=\"application\/ld+json\" class=\"yoast-schema-graph\">{\"@context\":\"https:\\\/\\\/schema.org\",\"@graph\":[{\"@type\":\"Article\",\"@id\":\"https:\\\/\\\/siljakeranen.fi\\\/blogi\\\/hillintaa-hakkuuhimoihin\\\/#article\",\"isPartOf\":{\"@id\":\"https:\\\/\\\/siljakeranen.fi\\\/blogi\\\/hillintaa-hakkuuhimoihin\\\/\"},\"author\":{\"name\":\"Silja\",\"@id\":\"https:\\\/\\\/siljakeranen.fi\\\/blogi\\\/#\\\/schema\\\/person\\\/d43605ef0d5681c1b27a4ba1fede1cf4\"},\"headline\":\"Hillint\u00e4\u00e4 hakkuuhimoihin!\",\"datePublished\":\"2019-12-21T09:15:08+00:00\",\"mainEntityOfPage\":{\"@id\":\"https:\\\/\\\/siljakeranen.fi\\\/blogi\\\/hillintaa-hakkuuhimoihin\\\/\"},\"wordCount\":403,\"commentCount\":0,\"publisher\":{\"@id\":\"https:\\\/\\\/siljakeranen.fi\\\/blogi\\\/#\\\/schema\\\/person\\\/d43605ef0d5681c1b27a4ba1fede1cf4\"},\"image\":{\"@id\":\"https:\\\/\\\/siljakeranen.fi\\\/blogi\\\/hillintaa-hakkuuhimoihin\\\/#primaryimage\"},\"thumbnailUrl\":\"https:\\\/\\\/siljakeranen.fi\\\/blogi\\\/wp-content\\\/uploads\\\/2019\\\/12\\\/IMG_7418-scaled.jpg\",\"articleSection\":[\"Kainuu\",\"Kajaani\",\"Maaseudun Tulevaisuus Mets\u00e4-kolumni\",\"Mets\u00e4\",\"Ymp\u00e4rist\u00f6\",\"Yritt\u00e4jyys &amp; elinkeinot\"],\"inLanguage\":\"fi\",\"potentialAction\":[{\"@type\":\"CommentAction\",\"name\":\"Comment\",\"target\":[\"https:\\\/\\\/siljakeranen.fi\\\/blogi\\\/hillintaa-hakkuuhimoihin\\\/#respond\"]}]},{\"@type\":\"WebPage\",\"@id\":\"https:\\\/\\\/siljakeranen.fi\\\/blogi\\\/hillintaa-hakkuuhimoihin\\\/\",\"url\":\"https:\\\/\\\/siljakeranen.fi\\\/blogi\\\/hillintaa-hakkuuhimoihin\\\/\",\"name\":\"Hillint\u00e4\u00e4 hakkuuhimoihin! - Silja Ker\u00e4nen\",\"isPartOf\":{\"@id\":\"https:\\\/\\\/siljakeranen.fi\\\/blogi\\\/#website\"},\"primaryImageOfPage\":{\"@id\":\"https:\\\/\\\/siljakeranen.fi\\\/blogi\\\/hillintaa-hakkuuhimoihin\\\/#primaryimage\"},\"image\":{\"@id\":\"https:\\\/\\\/siljakeranen.fi\\\/blogi\\\/hillintaa-hakkuuhimoihin\\\/#primaryimage\"},\"thumbnailUrl\":\"https:\\\/\\\/siljakeranen.fi\\\/blogi\\\/wp-content\\\/uploads\\\/2019\\\/12\\\/IMG_7418-scaled.jpg\",\"datePublished\":\"2019-12-21T09:15:08+00:00\",\"breadcrumb\":{\"@id\":\"https:\\\/\\\/siljakeranen.fi\\\/blogi\\\/hillintaa-hakkuuhimoihin\\\/#breadcrumb\"},\"inLanguage\":\"fi\",\"potentialAction\":[{\"@type\":\"ReadAction\",\"target\":[\"https:\\\/\\\/siljakeranen.fi\\\/blogi\\\/hillintaa-hakkuuhimoihin\\\/\"]}]},{\"@type\":\"ImageObject\",\"inLanguage\":\"fi\",\"@id\":\"https:\\\/\\\/siljakeranen.fi\\\/blogi\\\/hillintaa-hakkuuhimoihin\\\/#primaryimage\",\"url\":\"https:\\\/\\\/siljakeranen.fi\\\/blogi\\\/wp-content\\\/uploads\\\/2019\\\/12\\\/IMG_7418-scaled.jpg\",\"contentUrl\":\"https:\\\/\\\/siljakeranen.fi\\\/blogi\\\/wp-content\\\/uploads\\\/2019\\\/12\\\/IMG_7418-scaled.jpg\",\"width\":2560,\"height\":1920},{\"@type\":\"BreadcrumbList\",\"@id\":\"https:\\\/\\\/siljakeranen.fi\\\/blogi\\\/hillintaa-hakkuuhimoihin\\\/#breadcrumb\",\"itemListElement\":[{\"@type\":\"ListItem\",\"position\":1,\"name\":\"Etusivu\",\"item\":\"https:\\\/\\\/siljakeranen.fi\\\/blogi\\\/\"},{\"@type\":\"ListItem\",\"position\":2,\"name\":\"Hillint\u00e4\u00e4 hakkuuhimoihin!\"}]},{\"@type\":\"WebSite\",\"@id\":\"https:\\\/\\\/siljakeranen.fi\\\/blogi\\\/#website\",\"url\":\"https:\\\/\\\/siljakeranen.fi\\\/blogi\\\/\",\"name\":\"Silja Ker\u00e4nen\",\"description\":\"Silja Ker\u00e4nen, kainuulainen vihre\u00e4 poliitikko\",\"publisher\":{\"@id\":\"https:\\\/\\\/siljakeranen.fi\\\/blogi\\\/#\\\/schema\\\/person\\\/d43605ef0d5681c1b27a4ba1fede1cf4\"},\"potentialAction\":[{\"@type\":\"SearchAction\",\"target\":{\"@type\":\"EntryPoint\",\"urlTemplate\":\"https:\\\/\\\/siljakeranen.fi\\\/blogi\\\/?s={search_term_string}\"},\"query-input\":{\"@type\":\"PropertyValueSpecification\",\"valueRequired\":true,\"valueName\":\"search_term_string\"}}],\"inLanguage\":\"fi\"},{\"@type\":[\"Person\",\"Organization\"],\"@id\":\"https:\\\/\\\/siljakeranen.fi\\\/blogi\\\/#\\\/schema\\\/person\\\/d43605ef0d5681c1b27a4ba1fede1cf4\",\"name\":\"Silja\",\"image\":{\"@type\":\"ImageObject\",\"inLanguage\":\"fi\",\"@id\":\"https:\\\/\\\/siljakeranen.fi\\\/blogi\\\/wp-content\\\/uploads\\\/2023\\\/01\\\/cropped-silja_250x100.png\",\"url\":\"https:\\\/\\\/siljakeranen.fi\\\/blogi\\\/wp-content\\\/uploads\\\/2023\\\/01\\\/cropped-silja_250x100.png\",\"contentUrl\":\"https:\\\/\\\/siljakeranen.fi\\\/blogi\\\/wp-content\\\/uploads\\\/2023\\\/01\\\/cropped-silja_250x100.png\",\"width\":250,\"height\":100,\"caption\":\"Silja\"},\"logo\":{\"@id\":\"https:\\\/\\\/siljakeranen.fi\\\/blogi\\\/wp-content\\\/uploads\\\/2023\\\/01\\\/cropped-silja_250x100.png\"},\"sameAs\":[\"http:\\\/\\\/www.siljakeranen.fi\",\"https:\\\/\\\/www.facebook.com\\\/siljamkeranen\",\"https:\\\/\\\/www.instagram.com\\\/siljakeranen\\\/\",\"https:\\\/\\\/www.linkedin.com\\\/in\\\/silja-kernen-4331b548\\\/\",\"https:\\\/\\\/x.com\\\/https:\\\/\\\/twitter.com\\\/SiljaMP\",\"https:\\\/\\\/www.youtube.com\\\/channel\\\/UC0MWeuoWP4-Mjs1z8pIv3GQ\",\"https:\\\/\\\/fi.wikipedia.org\\\/wiki\\\/Silja_Kernen\"],\"url\":\"https:\\\/\\\/siljakeranen.fi\\\/blogi\\\/author\\\/admin\\\/\"}]}<\/script>\n<!-- \/ Yoast SEO plugin. -->","yoast_head_json":{"title":"Hillint\u00e4\u00e4 hakkuuhimoihin! - Silja Ker\u00e4nen","robots":{"index":"index","follow":"follow","max-snippet":"max-snippet:-1","max-image-preview":"max-image-preview:large","max-video-preview":"max-video-preview:-1"},"canonical":"https:\/\/siljakeranen.fi\/blogi\/hillintaa-hakkuuhimoihin\/","og_locale":"fi_FI","og_type":"article","og_title":"Hillint\u00e4\u00e4 hakkuuhimoihin! - Silja Ker\u00e4nen","og_description":"H\u00e4meenlinnan kaupunki meinaa tehd\u00e4 avo- ja siemenpuuhakkuita Evon retkeilyalueella. Evolla, joka on valtakunnallisesti tunnettu ja arvostettu retkeilyalue. Min\u00e4kin olen viett\u00e4nyt siell\u00e4 useita kymmeni\u00e4 \u00f6it\u00e4 teltassa partioleireill\u00e4. Meill\u00e4 Kajaanissa kaupunki meni tekem\u00e4\u00e4n harvennushakkuita mahdollisesti Metso-suojelukelpoiseen alueeseen, jonka mets\u00e4suunnitelma oli viel\u00e4 n\u00e4ht\u00e4vill\u00e4. P\u00e4\u00e4t\u00f6st\u00e4 metsien k\u00e4yt\u00f6st\u00e4 ei oltu viel\u00e4 tehty, kun jo hakattiin. Mets\u00e4hallitus on parturoinut&nbsp;suojelualueiden vierimetsi\u00e4 tai [&hellip;]","og_url":"https:\/\/siljakeranen.fi\/blogi\/hillintaa-hakkuuhimoihin\/","og_site_name":"Silja Ker\u00e4nen","article_publisher":"https:\/\/www.facebook.com\/siljamkeranen","article_author":"https:\/\/www.facebook.com\/siljamkeranen","article_published_time":"2019-12-21T09:15:08+00:00","og_image":[{"width":2560,"height":1920,"url":"https:\/\/siljakeranen.fi\/blogi\/wp-content\/uploads\/2019\/12\/IMG_7418-scaled.jpg","type":"image\/jpeg"}],"author":"Silja","twitter_card":"summary_large_image","twitter_creator":"@https:\/\/twitter.com\/SiljaMP","twitter_site":"@SiljaMP","twitter_misc":{"Kirjoittanut":"Silja","Arvioitu lukuaika":"2 minuuttia"},"schema":{"@context":"https:\/\/schema.org","@graph":[{"@type":"Article","@id":"https:\/\/siljakeranen.fi\/blogi\/hillintaa-hakkuuhimoihin\/#article","isPartOf":{"@id":"https:\/\/siljakeranen.fi\/blogi\/hillintaa-hakkuuhimoihin\/"},"author":{"name":"Silja","@id":"https:\/\/siljakeranen.fi\/blogi\/#\/schema\/person\/d43605ef0d5681c1b27a4ba1fede1cf4"},"headline":"Hillint\u00e4\u00e4 hakkuuhimoihin!","datePublished":"2019-12-21T09:15:08+00:00","mainEntityOfPage":{"@id":"https:\/\/siljakeranen.fi\/blogi\/hillintaa-hakkuuhimoihin\/"},"wordCount":403,"commentCount":0,"publisher":{"@id":"https:\/\/siljakeranen.fi\/blogi\/#\/schema\/person\/d43605ef0d5681c1b27a4ba1fede1cf4"},"image":{"@id":"https:\/\/siljakeranen.fi\/blogi\/hillintaa-hakkuuhimoihin\/#primaryimage"},"thumbnailUrl":"https:\/\/siljakeranen.fi\/blogi\/wp-content\/uploads\/2019\/12\/IMG_7418-scaled.jpg","articleSection":["Kainuu","Kajaani","Maaseudun Tulevaisuus Mets\u00e4-kolumni","Mets\u00e4","Ymp\u00e4rist\u00f6","Yritt\u00e4jyys &amp; elinkeinot"],"inLanguage":"fi","potentialAction":[{"@type":"CommentAction","name":"Comment","target":["https:\/\/siljakeranen.fi\/blogi\/hillintaa-hakkuuhimoihin\/#respond"]}]},{"@type":"WebPage","@id":"https:\/\/siljakeranen.fi\/blogi\/hillintaa-hakkuuhimoihin\/","url":"https:\/\/siljakeranen.fi\/blogi\/hillintaa-hakkuuhimoihin\/","name":"Hillint\u00e4\u00e4 hakkuuhimoihin! - Silja Ker\u00e4nen","isPartOf":{"@id":"https:\/\/siljakeranen.fi\/blogi\/#website"},"primaryImageOfPage":{"@id":"https:\/\/siljakeranen.fi\/blogi\/hillintaa-hakkuuhimoihin\/#primaryimage"},"image":{"@id":"https:\/\/siljakeranen.fi\/blogi\/hillintaa-hakkuuhimoihin\/#primaryimage"},"thumbnailUrl":"https:\/\/siljakeranen.fi\/blogi\/wp-content\/uploads\/2019\/12\/IMG_7418-scaled.jpg","datePublished":"2019-12-21T09:15:08+00:00","breadcrumb":{"@id":"https:\/\/siljakeranen.fi\/blogi\/hillintaa-hakkuuhimoihin\/#breadcrumb"},"inLanguage":"fi","potentialAction":[{"@type":"ReadAction","target":["https:\/\/siljakeranen.fi\/blogi\/hillintaa-hakkuuhimoihin\/"]}]},{"@type":"ImageObject","inLanguage":"fi","@id":"https:\/\/siljakeranen.fi\/blogi\/hillintaa-hakkuuhimoihin\/#primaryimage","url":"https:\/\/siljakeranen.fi\/blogi\/wp-content\/uploads\/2019\/12\/IMG_7418-scaled.jpg","contentUrl":"https:\/\/siljakeranen.fi\/blogi\/wp-content\/uploads\/2019\/12\/IMG_7418-scaled.jpg","width":2560,"height":1920},{"@type":"BreadcrumbList","@id":"https:\/\/siljakeranen.fi\/blogi\/hillintaa-hakkuuhimoihin\/#breadcrumb","itemListElement":[{"@type":"ListItem","position":1,"name":"Etusivu","item":"https:\/\/siljakeranen.fi\/blogi\/"},{"@type":"ListItem","position":2,"name":"Hillint\u00e4\u00e4 hakkuuhimoihin!"}]},{"@type":"WebSite","@id":"https:\/\/siljakeranen.fi\/blogi\/#website","url":"https:\/\/siljakeranen.fi\/blogi\/","name":"Silja Ker\u00e4nen","description":"Silja Ker\u00e4nen, kainuulainen vihre\u00e4 poliitikko","publisher":{"@id":"https:\/\/siljakeranen.fi\/blogi\/#\/schema\/person\/d43605ef0d5681c1b27a4ba1fede1cf4"},"potentialAction":[{"@type":"SearchAction","target":{"@type":"EntryPoint","urlTemplate":"https:\/\/siljakeranen.fi\/blogi\/?s={search_term_string}"},"query-input":{"@type":"PropertyValueSpecification","valueRequired":true,"valueName":"search_term_string"}}],"inLanguage":"fi"},{"@type":["Person","Organization"],"@id":"https:\/\/siljakeranen.fi\/blogi\/#\/schema\/person\/d43605ef0d5681c1b27a4ba1fede1cf4","name":"Silja","image":{"@type":"ImageObject","inLanguage":"fi","@id":"https:\/\/siljakeranen.fi\/blogi\/wp-content\/uploads\/2023\/01\/cropped-silja_250x100.png","url":"https:\/\/siljakeranen.fi\/blogi\/wp-content\/uploads\/2023\/01\/cropped-silja_250x100.png","contentUrl":"https:\/\/siljakeranen.fi\/blogi\/wp-content\/uploads\/2023\/01\/cropped-silja_250x100.png","width":250,"height":100,"caption":"Silja"},"logo":{"@id":"https:\/\/siljakeranen.fi\/blogi\/wp-content\/uploads\/2023\/01\/cropped-silja_250x100.png"},"sameAs":["http:\/\/www.siljakeranen.fi","https:\/\/www.facebook.com\/siljamkeranen","https:\/\/www.instagram.com\/siljakeranen\/","https:\/\/www.linkedin.com\/in\/silja-kernen-4331b548\/","https:\/\/x.com\/https:\/\/twitter.com\/SiljaMP","https:\/\/www.youtube.com\/channel\/UC0MWeuoWP4-Mjs1z8pIv3GQ","https:\/\/fi.wikipedia.org\/wiki\/Silja_Kernen"],"url":"https:\/\/siljakeranen.fi\/blogi\/author\/admin\/"}]}},"_links":{"self":[{"href":"https:\/\/siljakeranen.fi\/blogi\/wp-json\/wp\/v2\/posts\/1865","targetHints":{"allow":["GET"]}}],"collection":[{"href":"https:\/\/siljakeranen.fi\/blogi\/wp-json\/wp\/v2\/posts"}],"about":[{"href":"https:\/\/siljakeranen.fi\/blogi\/wp-json\/wp\/v2\/types\/post"}],"author":[{"embeddable":true,"href":"https:\/\/siljakeranen.fi\/blogi\/wp-json\/wp\/v2\/users\/1"}],"replies":[{"embeddable":true,"href":"https:\/\/siljakeranen.fi\/blogi\/wp-json\/wp\/v2\/comments?post=1865"}],"version-history":[{"count":1,"href":"https:\/\/siljakeranen.fi\/blogi\/wp-json\/wp\/v2\/posts\/1865\/revisions"}],"predecessor-version":[{"id":1867,"href":"https:\/\/siljakeranen.fi\/blogi\/wp-json\/wp\/v2\/posts\/1865\/revisions\/1867"}],"wp:featuredmedia":[{"embeddable":true,"href":"https:\/\/siljakeranen.fi\/blogi\/wp-json\/wp\/v2\/media\/1866"}],"wp:attachment":[{"href":"https:\/\/siljakeranen.fi\/blogi\/wp-json\/wp\/v2\/media?parent=1865"}],"wp:term":[{"taxonomy":"category","embeddable":true,"href":"https:\/\/siljakeranen.fi\/blogi\/wp-json\/wp\/v2\/categories?post=1865"},{"taxonomy":"post_tag","embeddable":true,"href":"https:\/\/siljakeranen.fi\/blogi\/wp-json\/wp\/v2\/tags?post=1865"}],"curies":[{"name":"wp","href":"https:\/\/api.w.org\/{rel}","templated":true}]}}