{"id":1940,"date":"2020-03-09T20:09:00","date_gmt":"2020-03-09T18:09:00","guid":{"rendered":"https:\/\/siljakeranen.fi\/blogi\/?p=1940"},"modified":"2020-03-09T20:11:39","modified_gmt":"2020-03-09T18:11:39","slug":"luento-ilmastonmuutoksesta-faktapohja-ja-ratkaisuja","status":"publish","type":"post","link":"https:\/\/siljakeranen.fi\/blogi\/luento-ilmastonmuutoksesta-faktapohja-ja-ratkaisuja\/","title":{"rendered":"Luento ilmastonmuutoksesta &#8211; faktapohja ja ratkaisuja"},"content":{"rendered":"<p>K\u00e4vin pit\u00e4m\u00e4ss\u00e4 luennon \/ alustuksen ilmastonmuutoksesta Kajaanin Teknilliselle Seuralle. Eli paikalliselle diplomi-insin\u00f6\u00f6rien porukalle, jossa oli tekniikan alan osaajia eri puolilta. Ensin kerroin lyhyesti ilmastonmuutoksen faktapohjan, maapallon keskil\u00e4mp\u00f6tilan nousun ja ilmastonmuutoksen vaikutukset. Sen j\u00e4lkeen globaalin hiilibudjetin (eli mink\u00e4 verran p\u00e4\u00e4st\u00f6j\u00e4 voi en\u00e4\u00e4 tulla) ja Suomen p\u00e4\u00e4st\u00f6v\u00e4hennyssitoumukset. T\u00e4m\u00e4n j\u00e4lkeen sitten ratkaisuja. Eli se, mit\u00e4 jo nyt tehd\u00e4\u00e4n. Millaisia liiketoimintamahdollisuuksia ilmastonmuutoksen hillinn\u00e4ss\u00e4 on. Ja my\u00f6s se, ett\u00e4 hyv\u00e4\u00e4kin kehityst\u00e4 koko ajan tapahtuu ja ett\u00e4 ilmaston l\u00e4mpeneminen on mahdollista hillit\u00e4.&nbsp;<\/p>\n<p>Olen pit\u00e4nyt vastaavia luentoja pari kertaa aiemminkin. Tykk\u00e4\u00e4n t\u00e4st\u00e4. Saa kutsua kyl\u00e4\u00e4n \ud83d\ude42<\/p>\n<p><iframe loading=\"lazy\" title=\"Ilmastonmuutos - faktapohja ja ratkaisuja\" width=\"1170\" height=\"658\" src=\"https:\/\/www.youtube.com\/embed\/2mM4BD8YN8E?feature=oembed\" frameborder=\"0\" allow=\"accelerometer; autoplay; encrypted-media; gyroscope; picture-in-picture\" allowfullscreen><\/iframe><\/p>\n<div style=\"padding-bottom:20px; padding-top:10px;\" class=\"hupso-share-buttons\"><!-- Hupso Share Buttons - https:\/\/www.hupso.com\/share\/ --><a class=\"hupso_counters\" href=\"https:\/\/www.hupso.com\/share\/\"><img decoding=\"async\" src=\"https:\/\/static.hupso.com\/share\/buttons\/share-small.png\" style=\"border:0px; padding-top:2px; float:left;\" alt=\"Share Button\"\/><\/a><script type=\"text\/javascript\">var hupso_services_c=new Array(\"twitter\",\"facebook_like\",\"facebook_send\",\"google\");var hupso_counters_lang = \"en_US\";var hupso_image_folder_url = \"\";var hupso_url_c=\"\";var hupso_title_c=\"Luento%20ilmastonmuutoksesta%20-%20faktapohja%20ja%20ratkaisuja\";<\/script><script type=\"text\/javascript\" src=\"https:\/\/static.hupso.com\/share\/js\/counters.js\"><\/script><!-- Hupso Share Buttons --><\/div>","protected":false},"excerpt":{"rendered":"<p>K\u00e4vin pit\u00e4m\u00e4ss\u00e4 luennon \/ alustuksen ilmastonmuutoksesta Kajaanin Teknilliselle Seuralle. Eli paikalliselle diplomi-insin\u00f6\u00f6rien porukalle, jossa oli tekniikan alan osaajia eri puolilta. Ensin kerroin lyhyesti ilmastonmuutoksen faktapohjan, maapallon keskil\u00e4mp\u00f6tilan nousun ja ilmastonmuutoksen vaikutukset. Sen j\u00e4lkeen globaalin hiilibudjetin (eli mink\u00e4 verran p\u00e4\u00e4st\u00f6j\u00e4 voi en\u00e4\u00e4 tulla) ja Suomen p\u00e4\u00e4st\u00f6v\u00e4hennyssitoumukset. T\u00e4m\u00e4n j\u00e4lkeen sitten ratkaisuja. Eli se, mit\u00e4 jo nyt tehd\u00e4\u00e4n. [&hellip;]<\/p>\n<div style=\"padding-bottom:20px; padding-top:10px;\" class=\"hupso-share-buttons\"><!-- Hupso Share Buttons - https:\/\/www.hupso.com\/share\/ --><a class=\"hupso_counters\" href=\"https:\/\/www.hupso.com\/share\/\"><img src=\"https:\/\/static.hupso.com\/share\/buttons\/share-small.png\" style=\"border:0px; padding-top:2px; float:left;\" alt=\"Share Button\"\/><\/a><script type=\"text\/javascript\">var hupso_services_c=new Array(\"twitter\",\"facebook_like\",\"facebook_send\",\"google\");var hupso_counters_lang = \"en_US\";var hupso_image_folder_url = \"\";var hupso_url_c=\"\";var hupso_title_c=\"Luento%20ilmastonmuutoksesta%20-%20faktapohja%20ja%20ratkaisuja\";<\/script><script type=\"text\/javascript\" src=\"https:\/\/static.hupso.com\/share\/js\/counters.js\"><\/script><!-- Hupso Share Buttons --><\/div>","protected":false},"author":1,"featured_media":1945,"comment_status":"open","ping_status":"closed","sticky":false,"template":"","format":"standard","meta":{"ngg_post_thumbnail":0,"footnotes":""},"categories":[28,27,7,6,10,30],"tags":[],"class_list":["post-1940","post","type-post","status-publish","format-standard","has-post-thumbnail","hentry","category-energia","category-ilmastonmuutos","category-kainuu","category-politiikka","category-vihreat","category-yrittajyys-elinkeinot"],"yoast_head":"<!-- This site is optimized with the Yoast SEO plugin v27.3 - https:\/\/yoast.com\/product\/yoast-seo-wordpress\/ -->\n<title>Luento ilmastonmuutoksesta - faktapohja ja ratkaisuja - Silja Ker\u00e4nen<\/title>\n<meta name=\"robots\" content=\"index, follow, max-snippet:-1, max-image-preview:large, max-video-preview:-1\" \/>\n<link rel=\"canonical\" href=\"https:\/\/siljakeranen.fi\/blogi\/luento-ilmastonmuutoksesta-faktapohja-ja-ratkaisuja\/\" \/>\n<meta property=\"og:locale\" content=\"fi_FI\" \/>\n<meta property=\"og:type\" content=\"article\" \/>\n<meta property=\"og:title\" content=\"Luento ilmastonmuutoksesta - faktapohja ja ratkaisuja - Silja Ker\u00e4nen\" \/>\n<meta property=\"og:description\" content=\"K\u00e4vin pit\u00e4m\u00e4ss\u00e4 luennon \/ alustuksen ilmastonmuutoksesta Kajaanin Teknilliselle Seuralle. Eli paikalliselle diplomi-insin\u00f6\u00f6rien porukalle, jossa oli tekniikan alan osaajia eri puolilta. Ensin kerroin lyhyesti ilmastonmuutoksen faktapohjan, maapallon keskil\u00e4mp\u00f6tilan nousun ja ilmastonmuutoksen vaikutukset. Sen j\u00e4lkeen globaalin hiilibudjetin (eli mink\u00e4 verran p\u00e4\u00e4st\u00f6j\u00e4 voi en\u00e4\u00e4 tulla) ja Suomen p\u00e4\u00e4st\u00f6v\u00e4hennyssitoumukset. T\u00e4m\u00e4n j\u00e4lkeen sitten ratkaisuja. Eli se, mit\u00e4 jo nyt tehd\u00e4\u00e4n. [&hellip;]\" \/>\n<meta property=\"og:url\" content=\"https:\/\/siljakeranen.fi\/blogi\/luento-ilmastonmuutoksesta-faktapohja-ja-ratkaisuja\/\" \/>\n<meta property=\"og:site_name\" content=\"Silja Ker\u00e4nen\" \/>\n<meta property=\"article:publisher\" content=\"https:\/\/www.facebook.com\/siljamkeranen\" \/>\n<meta property=\"article:author\" content=\"https:\/\/www.facebook.com\/siljamkeranen\" \/>\n<meta property=\"article:published_time\" content=\"2020-03-09T18:09:00+00:00\" \/>\n<meta property=\"article:modified_time\" content=\"2020-03-09T18:11:39+00:00\" \/>\n<meta property=\"og:image\" content=\"https:\/\/siljakeranen.fi\/blogi\/wp-content\/uploads\/2020\/03\/Suomen-pa\u0308a\u0308sto\u0308va\u0308hennystavoite.png\" \/>\n\t<meta property=\"og:image:width\" content=\"820\" \/>\n\t<meta property=\"og:image:height\" content=\"415\" \/>\n\t<meta property=\"og:image:type\" content=\"image\/png\" \/>\n<meta name=\"author\" content=\"Silja\" \/>\n<meta name=\"twitter:card\" content=\"summary_large_image\" \/>\n<meta name=\"twitter:creator\" content=\"@https:\/\/twitter.com\/SiljaMP\" \/>\n<meta name=\"twitter:site\" content=\"@SiljaMP\" \/>\n<meta name=\"twitter:label1\" content=\"Kirjoittanut\" \/>\n\t<meta name=\"twitter:data1\" content=\"Silja\" \/>\n\t<meta name=\"twitter:label2\" content=\"Arvioitu lukuaika\" \/>\n\t<meta name=\"twitter:data2\" content=\"1 minuutti\" \/>\n<script type=\"application\/ld+json\" class=\"yoast-schema-graph\">{\"@context\":\"https:\\\/\\\/schema.org\",\"@graph\":[{\"@type\":\"Article\",\"@id\":\"https:\\\/\\\/siljakeranen.fi\\\/blogi\\\/luento-ilmastonmuutoksesta-faktapohja-ja-ratkaisuja\\\/#article\",\"isPartOf\":{\"@id\":\"https:\\\/\\\/siljakeranen.fi\\\/blogi\\\/luento-ilmastonmuutoksesta-faktapohja-ja-ratkaisuja\\\/\"},\"author\":{\"name\":\"Silja\",\"@id\":\"https:\\\/\\\/siljakeranen.fi\\\/blogi\\\/#\\\/schema\\\/person\\\/d43605ef0d5681c1b27a4ba1fede1cf4\"},\"headline\":\"Luento ilmastonmuutoksesta &#8211; faktapohja ja ratkaisuja\",\"datePublished\":\"2020-03-09T18:09:00+00:00\",\"dateModified\":\"2020-03-09T18:11:39+00:00\",\"mainEntityOfPage\":{\"@id\":\"https:\\\/\\\/siljakeranen.fi\\\/blogi\\\/luento-ilmastonmuutoksesta-faktapohja-ja-ratkaisuja\\\/\"},\"wordCount\":129,\"commentCount\":0,\"publisher\":{\"@id\":\"https:\\\/\\\/siljakeranen.fi\\\/blogi\\\/#\\\/schema\\\/person\\\/d43605ef0d5681c1b27a4ba1fede1cf4\"},\"image\":{\"@id\":\"https:\\\/\\\/siljakeranen.fi\\\/blogi\\\/luento-ilmastonmuutoksesta-faktapohja-ja-ratkaisuja\\\/#primaryimage\"},\"thumbnailUrl\":\"https:\\\/\\\/siljakeranen.fi\\\/blogi\\\/wp-content\\\/uploads\\\/2020\\\/03\\\/Suomen-pa\u0308a\u0308sto\u0308va\u0308hennystavoite.png\",\"articleSection\":[\"Energia\",\"Ilmastonmuutos\",\"Kainuu\",\"Politiikka\",\"Vihre\u00e4t\",\"Yritt\u00e4jyys &amp; elinkeinot\"],\"inLanguage\":\"fi\",\"potentialAction\":[{\"@type\":\"CommentAction\",\"name\":\"Comment\",\"target\":[\"https:\\\/\\\/siljakeranen.fi\\\/blogi\\\/luento-ilmastonmuutoksesta-faktapohja-ja-ratkaisuja\\\/#respond\"]}]},{\"@type\":\"WebPage\",\"@id\":\"https:\\\/\\\/siljakeranen.fi\\\/blogi\\\/luento-ilmastonmuutoksesta-faktapohja-ja-ratkaisuja\\\/\",\"url\":\"https:\\\/\\\/siljakeranen.fi\\\/blogi\\\/luento-ilmastonmuutoksesta-faktapohja-ja-ratkaisuja\\\/\",\"name\":\"Luento ilmastonmuutoksesta - faktapohja ja ratkaisuja - Silja Ker\u00e4nen\",\"isPartOf\":{\"@id\":\"https:\\\/\\\/siljakeranen.fi\\\/blogi\\\/#website\"},\"primaryImageOfPage\":{\"@id\":\"https:\\\/\\\/siljakeranen.fi\\\/blogi\\\/luento-ilmastonmuutoksesta-faktapohja-ja-ratkaisuja\\\/#primaryimage\"},\"image\":{\"@id\":\"https:\\\/\\\/siljakeranen.fi\\\/blogi\\\/luento-ilmastonmuutoksesta-faktapohja-ja-ratkaisuja\\\/#primaryimage\"},\"thumbnailUrl\":\"https:\\\/\\\/siljakeranen.fi\\\/blogi\\\/wp-content\\\/uploads\\\/2020\\\/03\\\/Suomen-pa\u0308a\u0308sto\u0308va\u0308hennystavoite.png\",\"datePublished\":\"2020-03-09T18:09:00+00:00\",\"dateModified\":\"2020-03-09T18:11:39+00:00\",\"breadcrumb\":{\"@id\":\"https:\\\/\\\/siljakeranen.fi\\\/blogi\\\/luento-ilmastonmuutoksesta-faktapohja-ja-ratkaisuja\\\/#breadcrumb\"},\"inLanguage\":\"fi\",\"potentialAction\":[{\"@type\":\"ReadAction\",\"target\":[\"https:\\\/\\\/siljakeranen.fi\\\/blogi\\\/luento-ilmastonmuutoksesta-faktapohja-ja-ratkaisuja\\\/\"]}]},{\"@type\":\"ImageObject\",\"inLanguage\":\"fi\",\"@id\":\"https:\\\/\\\/siljakeranen.fi\\\/blogi\\\/luento-ilmastonmuutoksesta-faktapohja-ja-ratkaisuja\\\/#primaryimage\",\"url\":\"https:\\\/\\\/siljakeranen.fi\\\/blogi\\\/wp-content\\\/uploads\\\/2020\\\/03\\\/Suomen-pa\u0308a\u0308sto\u0308va\u0308hennystavoite.png\",\"contentUrl\":\"https:\\\/\\\/siljakeranen.fi\\\/blogi\\\/wp-content\\\/uploads\\\/2020\\\/03\\\/Suomen-pa\u0308a\u0308sto\u0308va\u0308hennystavoite.png\",\"width\":820,\"height\":415},{\"@type\":\"BreadcrumbList\",\"@id\":\"https:\\\/\\\/siljakeranen.fi\\\/blogi\\\/luento-ilmastonmuutoksesta-faktapohja-ja-ratkaisuja\\\/#breadcrumb\",\"itemListElement\":[{\"@type\":\"ListItem\",\"position\":1,\"name\":\"Etusivu\",\"item\":\"https:\\\/\\\/siljakeranen.fi\\\/blogi\\\/\"},{\"@type\":\"ListItem\",\"position\":2,\"name\":\"Luento ilmastonmuutoksesta &#8211; faktapohja ja ratkaisuja\"}]},{\"@type\":\"WebSite\",\"@id\":\"https:\\\/\\\/siljakeranen.fi\\\/blogi\\\/#website\",\"url\":\"https:\\\/\\\/siljakeranen.fi\\\/blogi\\\/\",\"name\":\"Silja Ker\u00e4nen\",\"description\":\"Silja Ker\u00e4nen, kainuulainen vihre\u00e4 poliitikko\",\"publisher\":{\"@id\":\"https:\\\/\\\/siljakeranen.fi\\\/blogi\\\/#\\\/schema\\\/person\\\/d43605ef0d5681c1b27a4ba1fede1cf4\"},\"potentialAction\":[{\"@type\":\"SearchAction\",\"target\":{\"@type\":\"EntryPoint\",\"urlTemplate\":\"https:\\\/\\\/siljakeranen.fi\\\/blogi\\\/?s={search_term_string}\"},\"query-input\":{\"@type\":\"PropertyValueSpecification\",\"valueRequired\":true,\"valueName\":\"search_term_string\"}}],\"inLanguage\":\"fi\"},{\"@type\":[\"Person\",\"Organization\"],\"@id\":\"https:\\\/\\\/siljakeranen.fi\\\/blogi\\\/#\\\/schema\\\/person\\\/d43605ef0d5681c1b27a4ba1fede1cf4\",\"name\":\"Silja\",\"image\":{\"@type\":\"ImageObject\",\"inLanguage\":\"fi\",\"@id\":\"https:\\\/\\\/siljakeranen.fi\\\/blogi\\\/wp-content\\\/uploads\\\/2023\\\/01\\\/cropped-silja_250x100.png\",\"url\":\"https:\\\/\\\/siljakeranen.fi\\\/blogi\\\/wp-content\\\/uploads\\\/2023\\\/01\\\/cropped-silja_250x100.png\",\"contentUrl\":\"https:\\\/\\\/siljakeranen.fi\\\/blogi\\\/wp-content\\\/uploads\\\/2023\\\/01\\\/cropped-silja_250x100.png\",\"width\":250,\"height\":100,\"caption\":\"Silja\"},\"logo\":{\"@id\":\"https:\\\/\\\/siljakeranen.fi\\\/blogi\\\/wp-content\\\/uploads\\\/2023\\\/01\\\/cropped-silja_250x100.png\"},\"sameAs\":[\"http:\\\/\\\/www.siljakeranen.fi\",\"https:\\\/\\\/www.facebook.com\\\/siljamkeranen\",\"https:\\\/\\\/www.instagram.com\\\/siljakeranen\\\/\",\"https:\\\/\\\/www.linkedin.com\\\/in\\\/silja-kernen-4331b548\\\/\",\"https:\\\/\\\/x.com\\\/https:\\\/\\\/twitter.com\\\/SiljaMP\",\"https:\\\/\\\/www.youtube.com\\\/channel\\\/UC0MWeuoWP4-Mjs1z8pIv3GQ\",\"https:\\\/\\\/fi.wikipedia.org\\\/wiki\\\/Silja_Kernen\"],\"url\":\"https:\\\/\\\/siljakeranen.fi\\\/blogi\\\/author\\\/admin\\\/\"}]}<\/script>\n<!-- \/ Yoast SEO plugin. -->","yoast_head_json":{"title":"Luento ilmastonmuutoksesta - faktapohja ja ratkaisuja - Silja Ker\u00e4nen","robots":{"index":"index","follow":"follow","max-snippet":"max-snippet:-1","max-image-preview":"max-image-preview:large","max-video-preview":"max-video-preview:-1"},"canonical":"https:\/\/siljakeranen.fi\/blogi\/luento-ilmastonmuutoksesta-faktapohja-ja-ratkaisuja\/","og_locale":"fi_FI","og_type":"article","og_title":"Luento ilmastonmuutoksesta - faktapohja ja ratkaisuja - Silja Ker\u00e4nen","og_description":"K\u00e4vin pit\u00e4m\u00e4ss\u00e4 luennon \/ alustuksen ilmastonmuutoksesta Kajaanin Teknilliselle Seuralle. Eli paikalliselle diplomi-insin\u00f6\u00f6rien porukalle, jossa oli tekniikan alan osaajia eri puolilta. Ensin kerroin lyhyesti ilmastonmuutoksen faktapohjan, maapallon keskil\u00e4mp\u00f6tilan nousun ja ilmastonmuutoksen vaikutukset. Sen j\u00e4lkeen globaalin hiilibudjetin (eli mink\u00e4 verran p\u00e4\u00e4st\u00f6j\u00e4 voi en\u00e4\u00e4 tulla) ja Suomen p\u00e4\u00e4st\u00f6v\u00e4hennyssitoumukset. T\u00e4m\u00e4n j\u00e4lkeen sitten ratkaisuja. Eli se, mit\u00e4 jo nyt tehd\u00e4\u00e4n. [&hellip;]","og_url":"https:\/\/siljakeranen.fi\/blogi\/luento-ilmastonmuutoksesta-faktapohja-ja-ratkaisuja\/","og_site_name":"Silja Ker\u00e4nen","article_publisher":"https:\/\/www.facebook.com\/siljamkeranen","article_author":"https:\/\/www.facebook.com\/siljamkeranen","article_published_time":"2020-03-09T18:09:00+00:00","article_modified_time":"2020-03-09T18:11:39+00:00","og_image":[{"width":820,"height":415,"url":"https:\/\/siljakeranen.fi\/blogi\/wp-content\/uploads\/2020\/03\/Suomen-pa\u0308a\u0308sto\u0308va\u0308hennystavoite.png","type":"image\/png"}],"author":"Silja","twitter_card":"summary_large_image","twitter_creator":"@https:\/\/twitter.com\/SiljaMP","twitter_site":"@SiljaMP","twitter_misc":{"Kirjoittanut":"Silja","Arvioitu lukuaika":"1 minuutti"},"schema":{"@context":"https:\/\/schema.org","@graph":[{"@type":"Article","@id":"https:\/\/siljakeranen.fi\/blogi\/luento-ilmastonmuutoksesta-faktapohja-ja-ratkaisuja\/#article","isPartOf":{"@id":"https:\/\/siljakeranen.fi\/blogi\/luento-ilmastonmuutoksesta-faktapohja-ja-ratkaisuja\/"},"author":{"name":"Silja","@id":"https:\/\/siljakeranen.fi\/blogi\/#\/schema\/person\/d43605ef0d5681c1b27a4ba1fede1cf4"},"headline":"Luento ilmastonmuutoksesta &#8211; faktapohja ja ratkaisuja","datePublished":"2020-03-09T18:09:00+00:00","dateModified":"2020-03-09T18:11:39+00:00","mainEntityOfPage":{"@id":"https:\/\/siljakeranen.fi\/blogi\/luento-ilmastonmuutoksesta-faktapohja-ja-ratkaisuja\/"},"wordCount":129,"commentCount":0,"publisher":{"@id":"https:\/\/siljakeranen.fi\/blogi\/#\/schema\/person\/d43605ef0d5681c1b27a4ba1fede1cf4"},"image":{"@id":"https:\/\/siljakeranen.fi\/blogi\/luento-ilmastonmuutoksesta-faktapohja-ja-ratkaisuja\/#primaryimage"},"thumbnailUrl":"https:\/\/siljakeranen.fi\/blogi\/wp-content\/uploads\/2020\/03\/Suomen-pa\u0308a\u0308sto\u0308va\u0308hennystavoite.png","articleSection":["Energia","Ilmastonmuutos","Kainuu","Politiikka","Vihre\u00e4t","Yritt\u00e4jyys &amp; elinkeinot"],"inLanguage":"fi","potentialAction":[{"@type":"CommentAction","name":"Comment","target":["https:\/\/siljakeranen.fi\/blogi\/luento-ilmastonmuutoksesta-faktapohja-ja-ratkaisuja\/#respond"]}]},{"@type":"WebPage","@id":"https:\/\/siljakeranen.fi\/blogi\/luento-ilmastonmuutoksesta-faktapohja-ja-ratkaisuja\/","url":"https:\/\/siljakeranen.fi\/blogi\/luento-ilmastonmuutoksesta-faktapohja-ja-ratkaisuja\/","name":"Luento ilmastonmuutoksesta - faktapohja ja ratkaisuja - Silja Ker\u00e4nen","isPartOf":{"@id":"https:\/\/siljakeranen.fi\/blogi\/#website"},"primaryImageOfPage":{"@id":"https:\/\/siljakeranen.fi\/blogi\/luento-ilmastonmuutoksesta-faktapohja-ja-ratkaisuja\/#primaryimage"},"image":{"@id":"https:\/\/siljakeranen.fi\/blogi\/luento-ilmastonmuutoksesta-faktapohja-ja-ratkaisuja\/#primaryimage"},"thumbnailUrl":"https:\/\/siljakeranen.fi\/blogi\/wp-content\/uploads\/2020\/03\/Suomen-pa\u0308a\u0308sto\u0308va\u0308hennystavoite.png","datePublished":"2020-03-09T18:09:00+00:00","dateModified":"2020-03-09T18:11:39+00:00","breadcrumb":{"@id":"https:\/\/siljakeranen.fi\/blogi\/luento-ilmastonmuutoksesta-faktapohja-ja-ratkaisuja\/#breadcrumb"},"inLanguage":"fi","potentialAction":[{"@type":"ReadAction","target":["https:\/\/siljakeranen.fi\/blogi\/luento-ilmastonmuutoksesta-faktapohja-ja-ratkaisuja\/"]}]},{"@type":"ImageObject","inLanguage":"fi","@id":"https:\/\/siljakeranen.fi\/blogi\/luento-ilmastonmuutoksesta-faktapohja-ja-ratkaisuja\/#primaryimage","url":"https:\/\/siljakeranen.fi\/blogi\/wp-content\/uploads\/2020\/03\/Suomen-pa\u0308a\u0308sto\u0308va\u0308hennystavoite.png","contentUrl":"https:\/\/siljakeranen.fi\/blogi\/wp-content\/uploads\/2020\/03\/Suomen-pa\u0308a\u0308sto\u0308va\u0308hennystavoite.png","width":820,"height":415},{"@type":"BreadcrumbList","@id":"https:\/\/siljakeranen.fi\/blogi\/luento-ilmastonmuutoksesta-faktapohja-ja-ratkaisuja\/#breadcrumb","itemListElement":[{"@type":"ListItem","position":1,"name":"Etusivu","item":"https:\/\/siljakeranen.fi\/blogi\/"},{"@type":"ListItem","position":2,"name":"Luento ilmastonmuutoksesta &#8211; faktapohja ja ratkaisuja"}]},{"@type":"WebSite","@id":"https:\/\/siljakeranen.fi\/blogi\/#website","url":"https:\/\/siljakeranen.fi\/blogi\/","name":"Silja Ker\u00e4nen","description":"Silja Ker\u00e4nen, kainuulainen vihre\u00e4 poliitikko","publisher":{"@id":"https:\/\/siljakeranen.fi\/blogi\/#\/schema\/person\/d43605ef0d5681c1b27a4ba1fede1cf4"},"potentialAction":[{"@type":"SearchAction","target":{"@type":"EntryPoint","urlTemplate":"https:\/\/siljakeranen.fi\/blogi\/?s={search_term_string}"},"query-input":{"@type":"PropertyValueSpecification","valueRequired":true,"valueName":"search_term_string"}}],"inLanguage":"fi"},{"@type":["Person","Organization"],"@id":"https:\/\/siljakeranen.fi\/blogi\/#\/schema\/person\/d43605ef0d5681c1b27a4ba1fede1cf4","name":"Silja","image":{"@type":"ImageObject","inLanguage":"fi","@id":"https:\/\/siljakeranen.fi\/blogi\/wp-content\/uploads\/2023\/01\/cropped-silja_250x100.png","url":"https:\/\/siljakeranen.fi\/blogi\/wp-content\/uploads\/2023\/01\/cropped-silja_250x100.png","contentUrl":"https:\/\/siljakeranen.fi\/blogi\/wp-content\/uploads\/2023\/01\/cropped-silja_250x100.png","width":250,"height":100,"caption":"Silja"},"logo":{"@id":"https:\/\/siljakeranen.fi\/blogi\/wp-content\/uploads\/2023\/01\/cropped-silja_250x100.png"},"sameAs":["http:\/\/www.siljakeranen.fi","https:\/\/www.facebook.com\/siljamkeranen","https:\/\/www.instagram.com\/siljakeranen\/","https:\/\/www.linkedin.com\/in\/silja-kernen-4331b548\/","https:\/\/x.com\/https:\/\/twitter.com\/SiljaMP","https:\/\/www.youtube.com\/channel\/UC0MWeuoWP4-Mjs1z8pIv3GQ","https:\/\/fi.wikipedia.org\/wiki\/Silja_Kernen"],"url":"https:\/\/siljakeranen.fi\/blogi\/author\/admin\/"}]}},"_links":{"self":[{"href":"https:\/\/siljakeranen.fi\/blogi\/wp-json\/wp\/v2\/posts\/1940","targetHints":{"allow":["GET"]}}],"collection":[{"href":"https:\/\/siljakeranen.fi\/blogi\/wp-json\/wp\/v2\/posts"}],"about":[{"href":"https:\/\/siljakeranen.fi\/blogi\/wp-json\/wp\/v2\/types\/post"}],"author":[{"embeddable":true,"href":"https:\/\/siljakeranen.fi\/blogi\/wp-json\/wp\/v2\/users\/1"}],"replies":[{"embeddable":true,"href":"https:\/\/siljakeranen.fi\/blogi\/wp-json\/wp\/v2\/comments?post=1940"}],"version-history":[{"count":3,"href":"https:\/\/siljakeranen.fi\/blogi\/wp-json\/wp\/v2\/posts\/1940\/revisions"}],"predecessor-version":[{"id":1944,"href":"https:\/\/siljakeranen.fi\/blogi\/wp-json\/wp\/v2\/posts\/1940\/revisions\/1944"}],"wp:featuredmedia":[{"embeddable":true,"href":"https:\/\/siljakeranen.fi\/blogi\/wp-json\/wp\/v2\/media\/1945"}],"wp:attachment":[{"href":"https:\/\/siljakeranen.fi\/blogi\/wp-json\/wp\/v2\/media?parent=1940"}],"wp:term":[{"taxonomy":"category","embeddable":true,"href":"https:\/\/siljakeranen.fi\/blogi\/wp-json\/wp\/v2\/categories?post=1940"},{"taxonomy":"post_tag","embeddable":true,"href":"https:\/\/siljakeranen.fi\/blogi\/wp-json\/wp\/v2\/tags?post=1940"}],"curies":[{"name":"wp","href":"https:\/\/api.w.org\/{rel}","templated":true}]}}