{"id":1996,"date":"2020-07-26T12:10:39","date_gmt":"2020-07-26T09:10:39","guid":{"rendered":"https:\/\/siljakeranen.fi\/blogi\/?p=1996"},"modified":"2020-07-26T12:25:05","modified_gmt":"2020-07-26T09:25:05","slug":"sellutehdas-ei-ole-ekoteko","status":"publish","type":"post","link":"https:\/\/siljakeranen.fi\/blogi\/sellutehdas-ei-ole-ekoteko\/","title":{"rendered":"Sellutehdas ei ole ekoteko"},"content":{"rendered":"<p>Paltamoon kaavailtu KaiCell Fibers Oy:n sellutehdas sai ymp\u00e4rist\u00f6luvan. Kirjoitin Maaseudun Tulevaisuuden uusimman kolumnini siit\u00e4, ett\u00e4 yh\u00e4 vain halutaan lis\u00e4\u00e4 bulkkisellun tuotantoa ja ett\u00e4 sellutehdas ei ole mik\u00e4\u00e4n ekoteko.&nbsp;<\/p>\n<p>Samaan aiheeseen otimme Kainuun Vihreiden hallituksella kantaa.&nbsp;<\/p>\n<p>MT:n kolumnini (julkaistu 24.7.2020):<\/p>\n<h2 style=\"padding-left: 40px;\"><strong>Suomeen suunnitellaan yh\u00e4 lis\u00e4\u00e4 bulkkisellun tuotantokapasiteettia&nbsp;<\/strong><\/h2>\n<p style=\"padding-left: 40px;\">Ouluj\u00e4rven, eli Kainuun meren, rannalle Paltamoon suunniteltu KaiCell Fibers Oy:n sellutehdas sai viime viikolla ymp\u00e4rist\u00f6luvan.<\/p>\n<p style=\"padding-left: 40px;\">Alun perin tehtaan yhteyteen oli suunniteltu vaatekuitujen tuotantolaitos. Se osuus kariutui kiinalaisten rahoittajien vet\u00e4ytymisen my\u00f6t\u00e4.&nbsp;<\/p>\n<p style=\"padding-left: 40px;\">Suomalaisen mets\u00e4teollisuuden jalostusarvo ei ole juuri noussut. T\u00e4h\u00e4n tosiasiaan meit\u00e4 her\u00e4tteli Luonnonvarakeskuksen tutkimusprofessori Uusivuori, jonka mukaan viime vuosien hakkuiden lis\u00e4\u00e4ntymisest\u00e4 ei ole tullut vastaavaa taloudellista lis\u00e4hy\u00f6ty\u00e4 yhteiskuntaamme.&nbsp;<\/p>\n<p style=\"padding-left: 40px;\">Tuotamme siis alhaisen jalostusarvon bulkkia maailmanmarkkinoille. Hidaskasvuista, laadukasta suomalaista puutavaraa k\u00e4ytet\u00e4\u00e4n vessapaperin ja pakkauskartongin raaka-aineeksi.<\/p>\n<p style=\"padding-left: 40px;\">Se on surullista, eik\u00e4 j\u00e4rin viisastakaan. Puutavara- ja sellukuutioiden kasvun tavoittelun sijaan pit\u00e4\u00e4 ryhty\u00e4 tavoittelemaan euroja.&nbsp;<\/p>\n<p style=\"padding-left: 40px;\">Kaiken lis\u00e4ksi n\u00e4it\u00e4 sellutehtaita hehkutetaan viel\u00e4 ekotekoina. Kuten t\u00e4t\u00e4 Paltamonkin tehdasta. Sit\u00e4 se ei kuitenkaan ole. Sellutehdas ei ole ekoteko.<\/p>\n<p style=\"padding-left: 40px;\">Tehtaan j\u00e4tevesip\u00e4\u00e4st\u00f6t&nbsp;muodostavat optimaalisen rehev\u00f6itt\u00e4miskombon. Kauniin ja mahtavan Kainuun meren tila huolestuttaa etenkin mahdollisten h\u00e4iri\u00f6tilanteiden sek\u00e4 kaikkien p\u00e4\u00e4st\u00f6l\u00e4hteiden yhteiskuormituksen vuoksi.&nbsp;<\/p>\n<p style=\"padding-left: 40px;\">Sellutehdas aiheuttaa my\u00f6s ilmastoa l\u00e4mmitt\u00e4vi\u00e4 kasvihuonekaasup\u00e4\u00e4st\u00f6j\u00e4. Niit\u00e4 tulee teollisuusprosessista, lis\u00e4\u00e4ntyv\u00e4st\u00e4 liikenteest\u00e4 sek\u00e4 etenkin mets\u00e4nk\u00e4yt\u00f6st\u00e4.<\/p>\n<p style=\"padding-left: 40px;\">Mets\u00e4nk\u00e4yt\u00f6ss\u00e4 isoin ongelma on se, ett\u00e4 puunhankinta perustuu my\u00f6s turvemailla kasvaviin puihin. Kuitupuuhakkuut sellutehdasta varten yll\u00e4pit\u00e4v\u00e4t avohakkuumallista mets\u00e4nhoitotapaa.&nbsp;<\/p>\n<p style=\"padding-left: 40px;\">Avohakkuut turvemailla aiheuttavat sek\u00e4 suuret vesist\u00f6- ett\u00e4 kasvihuonekaasup\u00e4\u00e4st\u00f6t. Asiana t\u00e4m\u00e4 on merkitt\u00e4v\u00e4, koska joka kolmas talousmets\u00e4hehtaari on turvemaata.&nbsp;<\/p>\n<p style=\"padding-left: 40px;\">Lis\u00e4ksi hakkuiden lis\u00e4\u00e4ntymisen my\u00f6t\u00e4 hiilinielutaso laskee. My\u00f6s mets\u00e4luonnon monimuotoisuus pit\u00e4\u00e4 saada kohenemaan ja lis\u00e4\u00e4ntyv\u00e4t hakkuut eiv\u00e4t asiaa edesauta.<\/p>\n<p style=\"padding-left: 40px;\">Ekoteko sellutehdas&nbsp;ei siis ole. Aluepoliittinen elinkeino- ja ty\u00f6llisyysteko se toki on. Teollisuuden aluetalousvaikutukset ovat merkitt\u00e4vi\u00e4 ja teolliset ty\u00f6paikat oikeasti t\u00e4rkeit\u00e4.<\/p>\n<p style=\"padding-left: 40px;\">Kuitenkin, sek\u00e4 ilmaston l\u00e4mpenemisen ett\u00e4 luonnon k\u00f6yhtymisen ollessa todellisuutta, uusien elinkeinojen pit\u00e4isi oikeasti ja aidosti olla kest\u00e4v\u00e4ll\u00e4 pohjalla. Osaamista t\u00e4st\u00e4 maasta l\u00f6ytyy. Mutta l\u00f6ytyyk\u00f6 viisautta ja tahtoa?<\/p>\n<p>&nbsp;<\/p>\n<p>Ja Kainuun Vihreiden hallituksen kannanotto:<\/p>\n<div>\n<div class=\"\" dir=\"auto\">\n<div id=\"jsc_c_1ln\" class=\"ecm0bbzt hv4rvrfc ihqw7lf3 dati1w0a\" data-ad-comet-preview=\"message\" data-ad-preview=\"message\">\n<div class=\"j83agx80 cbu4d94t ew0dbk1b irj2b8pg\">\n<div class=\"qzhwtbm6 knvmm38d\">\n<div class=\"o9v6fnle cxmmr5t8 oygrvhab hcukyx3x c1et5uql ii04i59q\">\n<h2 dir=\"auto\" style=\"padding-left: 40px;\"><strong>Sellutehdas ei ole ilmastoteko<\/strong><\/h2>\n<p dir=\"auto\" style=\"padding-left: 40px;\">KaiCell Fibers:n sellutehdas sai viime viikolla ymp\u00e4rist\u00f6luvan. Luvassa oli tiukemmat m\u00e4\u00e4r\u00e4ykset p\u00e4\u00e4st\u00f6ille vesiin kuin yhti\u00f6 oli hakemuksessaan esitt\u00e4nyt. Samoin ensi kertaa ikin\u00e4 tehtaan l\u00e4mp\u00f6p\u00e4\u00e4st\u00f6ille asetetaan luparajat. Hyv\u00e4 n\u00e4in.<\/p>\n<p dir=\"auto\" style=\"padding-left: 40px;\">Sellutehtaasta lasketaan ravinne-, kiintoaine- ja sulfaattip\u00e4\u00e4st\u00f6j\u00e4 vesist\u00f6\u00f6n. Samaan syssyyn j\u00e4rveen lasketaan viel\u00e4 haitallisia kloorattuja hiilivetyj\u00e4 sek\u00e4 l\u00e4mmint\u00e4 vett\u00e4. T\u00e4m\u00e4 on optimaalinen yhdistelm\u00e4 j\u00e4rven rehev\u00f6itymiseksi.<\/p>\n<p dir=\"auto\" style=\"padding-left: 40px;\">Lis\u00e4ksi l\u00e4hialueen asukkaita koettelevat melu- ja hajuhaitat.<\/p>\n<p dir=\"auto\" style=\"padding-left: 40px;\">Tehdasta ehdittiin jo hehkuttaa ilmastotekona. Sit\u00e4 se ei kuitenkaan ole.<\/p>\n<p dir=\"auto\" style=\"padding-left: 40px;\">Tehdas ja siihen liittyv\u00e4 liikenne lis\u00e4\u00e4v\u00e4t Kainuun kasvihuonekaasup\u00e4\u00e4st\u00f6j\u00e4 noin 20 %. Suunnan pit\u00e4isi olla alasp\u00e4in. T\u00e4h\u00e4n p\u00e4\u00e4lle tulevat viel\u00e4 mets\u00e4taloudesta aiheutuvat p\u00e4\u00e4st\u00f6t.<\/p>\n<p dir=\"auto\" style=\"padding-left: 40px;\">Mets\u00e4taloudessa isoin ongelma on se, ett\u00e4 puunhankinta perustuu my\u00f6s turvemailla kasvaviin puihin. Turvemaita on noin kolmannes mets\u00e4talousmaasta. Kuitupuuhakkuut sellutehdasta varten yll\u00e4pit\u00e4v\u00e4t avohakkuumallista mets\u00e4nhoitotapaa. Avohakkuut turvemailla aiheuttavat sek\u00e4 suuret vesist\u00f6- ett\u00e4 kasvihuonekaasup\u00e4\u00e4st\u00f6t.<\/p>\n<p dir=\"auto\" style=\"padding-left: 40px;\">Lis\u00e4\u00e4ntyvien hakkuiden my\u00f6t\u00e4 hiilinielutaso heikkenee ja sit\u00e4 my\u00f6ten nettop\u00e4\u00e4st\u00f6t kasvavat. Lis\u00e4ksi mets\u00e4luonnon monimuotoisuus ja metsien retkeilyarvot k\u00e4rsiv\u00e4t.<\/p>\n<p dir=\"auto\" style=\"padding-left: 40px;\">Mik\u00e4\u00e4n ekoteko t\u00e4llainen sellutehdas ei ole. Talous- ja ty\u00f6llisyysteko t\u00e4m\u00e4 toki on, koska teollisuuden aluetalousvaikutuksilla ja ty\u00f6paikoilla on v\u00e4li\u00e4.<\/p>\n<p dir=\"auto\" style=\"padding-left: 40px;\">Kuitenkin, hidaskasvuisen, laadukkaan suomalaisen puuaineksen keitt\u00e4minen selluksi maailmanmarkkinoille esimerkiksi kiinalaisten vessapaperin tai pakkauskartongin raaka-aineeksi ei ole j\u00e4rkev\u00e4\u00e4. Meid\u00e4n mets\u00e4teollisuutemme jalostusarvo ei ole juuri noussut. Sen sijaan Suomesta on tullut bulkkituotteiden \u2013 eli sellun \u2013 viej\u00e4maa.<\/p>\n<p dir=\"auto\" style=\"padding-left: 40px;\">T\u00e4ss\u00e4 maailmanajassa, jossa ilmasto l\u00e4mpenee ja ilmastonmuutoksen vakavia seurauksia ruvetaan jo n\u00e4kem\u00e4\u00e4n ja jossa luonnon monimuotoisuus heikkenee sellaista tahtia, ett\u00e4 asiantuntijat puhuvat jo kuudennesta sukupuuttoaallosta, pit\u00e4\u00e4 uusien elinkeinopoliittisten avausten olla oikeasti ja aidosti kest\u00e4v\u00e4ll\u00e4 pohjalla.<\/p>\n<p dir=\"auto\" style=\"padding-left: 40px;\">Aidosti kest\u00e4vi\u00e4 mahdollisuuksia kyll\u00e4 on. Mutta onko viisautta ja halua tarttua niihin?<\/p>\n<p dir=\"auto\" style=\"padding-left: 40px;\"><strong>Kainuun Vihre\u00e4t hallitus<\/strong><br \/>\nSilja Ker\u00e4nen<br \/>\nNina Jyrk\u00e4s<br \/>\nAnne Kemppainen<br \/>\nSenni Kela<br \/>\nPertti Raninen<br \/>\nSusanna Raninen<br \/>\nVirpi Juvonen<br \/>\nAnu Koskela<\/p>\n<\/div>\n<\/div>\n<\/div>\n<\/div>\n<\/div>\n<\/div>\n<div style=\"padding-bottom:20px; padding-top:10px;\" class=\"hupso-share-buttons\"><!-- Hupso Share Buttons - https:\/\/www.hupso.com\/share\/ --><a class=\"hupso_counters\" href=\"https:\/\/www.hupso.com\/share\/\"><img decoding=\"async\" src=\"https:\/\/static.hupso.com\/share\/buttons\/share-small.png\" style=\"border:0px; padding-top:2px; float:left;\" alt=\"Share Button\"\/><\/a><script type=\"text\/javascript\">var hupso_services_c=new Array(\"twitter\",\"facebook_like\",\"facebook_send\",\"google\");var hupso_counters_lang = \"en_US\";var hupso_image_folder_url = \"\";var hupso_url_c=\"\";var hupso_title_c=\"Sellutehdas%20ei%20ole%20ekoteko\";<\/script><script type=\"text\/javascript\" src=\"https:\/\/static.hupso.com\/share\/js\/counters.js\"><\/script><!-- Hupso Share Buttons --><\/div>","protected":false},"excerpt":{"rendered":"<p>Paltamoon kaavailtu KaiCell Fibers Oy:n sellutehdas sai ymp\u00e4rist\u00f6luvan. Kirjoitin Maaseudun Tulevaisuuden uusimman kolumnini siit\u00e4, ett\u00e4 yh\u00e4 vain halutaan lis\u00e4\u00e4 bulkkisellun tuotantoa ja ett\u00e4 sellutehdas ei ole mik\u00e4\u00e4n ekoteko.&nbsp; Samaan aiheeseen otimme Kainuun Vihreiden hallituksella kantaa.&nbsp; MT:n kolumnini (julkaistu 24.7.2020): Suomeen suunnitellaan yh\u00e4 lis\u00e4\u00e4 bulkkisellun tuotantokapasiteettia&nbsp; Ouluj\u00e4rven, eli Kainuun meren, rannalle Paltamoon suunniteltu KaiCell Fibers Oy:n [&hellip;]<\/p>\n<div style=\"padding-bottom:20px; padding-top:10px;\" class=\"hupso-share-buttons\"><!-- Hupso Share Buttons - https:\/\/www.hupso.com\/share\/ --><a class=\"hupso_counters\" href=\"https:\/\/www.hupso.com\/share\/\"><img src=\"https:\/\/static.hupso.com\/share\/buttons\/share-small.png\" style=\"border:0px; padding-top:2px; float:left;\" alt=\"Share Button\"\/><\/a><script type=\"text\/javascript\">var hupso_services_c=new Array(\"twitter\",\"facebook_like\",\"facebook_send\",\"google\");var hupso_counters_lang = \"en_US\";var hupso_image_folder_url = \"\";var hupso_url_c=\"\";var hupso_title_c=\"Sellutehdas%20ei%20ole%20ekoteko\";<\/script><script type=\"text\/javascript\" src=\"https:\/\/static.hupso.com\/share\/js\/counters.js\"><\/script><!-- Hupso Share Buttons --><\/div>","protected":false},"author":1,"featured_media":1999,"comment_status":"open","ping_status":"closed","sticky":false,"template":"","format":"standard","meta":{"ngg_post_thumbnail":0,"footnotes":""},"categories":[27,7,1,20,10,5,30],"tags":[],"class_list":["post-1996","post","type-post","status-publish","format-standard","has-post-thumbnail","hentry","category-ilmastonmuutos","category-kainuu","category-uncategorized","category-metsa","category-vihreat","category-ymparisto","category-yrittajyys-elinkeinot"],"yoast_head":"<!-- This site is optimized with the Yoast SEO plugin v27.3 - https:\/\/yoast.com\/product\/yoast-seo-wordpress\/ -->\n<title>Sellutehdas ei ole ekoteko - Silja Ker\u00e4nen<\/title>\n<meta name=\"robots\" content=\"index, follow, max-snippet:-1, max-image-preview:large, max-video-preview:-1\" \/>\n<link rel=\"canonical\" href=\"https:\/\/siljakeranen.fi\/blogi\/sellutehdas-ei-ole-ekoteko\/\" \/>\n<meta property=\"og:locale\" content=\"fi_FI\" \/>\n<meta property=\"og:type\" content=\"article\" \/>\n<meta property=\"og:title\" content=\"Sellutehdas ei ole ekoteko - Silja Ker\u00e4nen\" \/>\n<meta property=\"og:description\" content=\"Paltamoon kaavailtu KaiCell Fibers Oy:n sellutehdas sai ymp\u00e4rist\u00f6luvan. Kirjoitin Maaseudun Tulevaisuuden uusimman kolumnini siit\u00e4, ett\u00e4 yh\u00e4 vain halutaan lis\u00e4\u00e4 bulkkisellun tuotantoa ja ett\u00e4 sellutehdas ei ole mik\u00e4\u00e4n ekoteko.&nbsp; Samaan aiheeseen otimme Kainuun Vihreiden hallituksella kantaa.&nbsp; MT:n kolumnini (julkaistu 24.7.2020): Suomeen suunnitellaan yh\u00e4 lis\u00e4\u00e4 bulkkisellun tuotantokapasiteettia&nbsp; Ouluj\u00e4rven, eli Kainuun meren, rannalle Paltamoon suunniteltu KaiCell Fibers Oy:n [&hellip;]\" \/>\n<meta property=\"og:url\" content=\"https:\/\/siljakeranen.fi\/blogi\/sellutehdas-ei-ole-ekoteko\/\" \/>\n<meta property=\"og:site_name\" content=\"Silja Ker\u00e4nen\" \/>\n<meta property=\"article:publisher\" content=\"https:\/\/www.facebook.com\/siljamkeranen\" \/>\n<meta property=\"article:author\" content=\"https:\/\/www.facebook.com\/siljamkeranen\" \/>\n<meta property=\"article:published_time\" content=\"2020-07-26T09:10:39+00:00\" \/>\n<meta property=\"article:modified_time\" content=\"2020-07-26T09:25:05+00:00\" \/>\n<meta property=\"og:image\" content=\"https:\/\/siljakeranen.fi\/blogi\/wp-content\/uploads\/2020\/07\/IMG_4894-scaled.jpg\" \/>\n\t<meta property=\"og:image:width\" content=\"2560\" \/>\n\t<meta property=\"og:image:height\" content=\"1920\" \/>\n\t<meta property=\"og:image:type\" content=\"image\/jpeg\" \/>\n<meta name=\"author\" content=\"Silja\" \/>\n<meta name=\"twitter:card\" content=\"summary_large_image\" \/>\n<meta name=\"twitter:creator\" content=\"@https:\/\/twitter.com\/SiljaMP\" \/>\n<meta name=\"twitter:site\" content=\"@SiljaMP\" \/>\n<meta name=\"twitter:label1\" content=\"Kirjoittanut\" \/>\n\t<meta name=\"twitter:data1\" content=\"Silja\" \/>\n\t<meta name=\"twitter:label2\" content=\"Arvioitu lukuaika\" \/>\n\t<meta name=\"twitter:data2\" content=\"4 minuuttia\" \/>\n<script type=\"application\/ld+json\" class=\"yoast-schema-graph\">{\"@context\":\"https:\\\/\\\/schema.org\",\"@graph\":[{\"@type\":\"Article\",\"@id\":\"https:\\\/\\\/siljakeranen.fi\\\/blogi\\\/sellutehdas-ei-ole-ekoteko\\\/#article\",\"isPartOf\":{\"@id\":\"https:\\\/\\\/siljakeranen.fi\\\/blogi\\\/sellutehdas-ei-ole-ekoteko\\\/\"},\"author\":{\"name\":\"Silja\",\"@id\":\"https:\\\/\\\/siljakeranen.fi\\\/blogi\\\/#\\\/schema\\\/person\\\/d43605ef0d5681c1b27a4ba1fede1cf4\"},\"headline\":\"Sellutehdas ei ole ekoteko\",\"datePublished\":\"2020-07-26T09:10:39+00:00\",\"dateModified\":\"2020-07-26T09:25:05+00:00\",\"mainEntityOfPage\":{\"@id\":\"https:\\\/\\\/siljakeranen.fi\\\/blogi\\\/sellutehdas-ei-ole-ekoteko\\\/\"},\"wordCount\":721,\"commentCount\":0,\"publisher\":{\"@id\":\"https:\\\/\\\/siljakeranen.fi\\\/blogi\\\/#\\\/schema\\\/person\\\/d43605ef0d5681c1b27a4ba1fede1cf4\"},\"image\":{\"@id\":\"https:\\\/\\\/siljakeranen.fi\\\/blogi\\\/sellutehdas-ei-ole-ekoteko\\\/#primaryimage\"},\"thumbnailUrl\":\"https:\\\/\\\/siljakeranen.fi\\\/blogi\\\/wp-content\\\/uploads\\\/2020\\\/07\\\/IMG_4894-scaled.jpg\",\"articleSection\":[\"Ilmastonmuutos\",\"Kainuu\",\"Maaseudun Tulevaisuus Mets\u00e4-kolumni\",\"Mets\u00e4\",\"Vihre\u00e4t\",\"Ymp\u00e4rist\u00f6\",\"Yritt\u00e4jyys &amp; elinkeinot\"],\"inLanguage\":\"fi\",\"potentialAction\":[{\"@type\":\"CommentAction\",\"name\":\"Comment\",\"target\":[\"https:\\\/\\\/siljakeranen.fi\\\/blogi\\\/sellutehdas-ei-ole-ekoteko\\\/#respond\"]}]},{\"@type\":\"WebPage\",\"@id\":\"https:\\\/\\\/siljakeranen.fi\\\/blogi\\\/sellutehdas-ei-ole-ekoteko\\\/\",\"url\":\"https:\\\/\\\/siljakeranen.fi\\\/blogi\\\/sellutehdas-ei-ole-ekoteko\\\/\",\"name\":\"Sellutehdas ei ole ekoteko - Silja Ker\u00e4nen\",\"isPartOf\":{\"@id\":\"https:\\\/\\\/siljakeranen.fi\\\/blogi\\\/#website\"},\"primaryImageOfPage\":{\"@id\":\"https:\\\/\\\/siljakeranen.fi\\\/blogi\\\/sellutehdas-ei-ole-ekoteko\\\/#primaryimage\"},\"image\":{\"@id\":\"https:\\\/\\\/siljakeranen.fi\\\/blogi\\\/sellutehdas-ei-ole-ekoteko\\\/#primaryimage\"},\"thumbnailUrl\":\"https:\\\/\\\/siljakeranen.fi\\\/blogi\\\/wp-content\\\/uploads\\\/2020\\\/07\\\/IMG_4894-scaled.jpg\",\"datePublished\":\"2020-07-26T09:10:39+00:00\",\"dateModified\":\"2020-07-26T09:25:05+00:00\",\"breadcrumb\":{\"@id\":\"https:\\\/\\\/siljakeranen.fi\\\/blogi\\\/sellutehdas-ei-ole-ekoteko\\\/#breadcrumb\"},\"inLanguage\":\"fi\",\"potentialAction\":[{\"@type\":\"ReadAction\",\"target\":[\"https:\\\/\\\/siljakeranen.fi\\\/blogi\\\/sellutehdas-ei-ole-ekoteko\\\/\"]}]},{\"@type\":\"ImageObject\",\"inLanguage\":\"fi\",\"@id\":\"https:\\\/\\\/siljakeranen.fi\\\/blogi\\\/sellutehdas-ei-ole-ekoteko\\\/#primaryimage\",\"url\":\"https:\\\/\\\/siljakeranen.fi\\\/blogi\\\/wp-content\\\/uploads\\\/2020\\\/07\\\/IMG_4894-scaled.jpg\",\"contentUrl\":\"https:\\\/\\\/siljakeranen.fi\\\/blogi\\\/wp-content\\\/uploads\\\/2020\\\/07\\\/IMG_4894-scaled.jpg\",\"width\":2560,\"height\":1920},{\"@type\":\"BreadcrumbList\",\"@id\":\"https:\\\/\\\/siljakeranen.fi\\\/blogi\\\/sellutehdas-ei-ole-ekoteko\\\/#breadcrumb\",\"itemListElement\":[{\"@type\":\"ListItem\",\"position\":1,\"name\":\"Etusivu\",\"item\":\"https:\\\/\\\/siljakeranen.fi\\\/blogi\\\/\"},{\"@type\":\"ListItem\",\"position\":2,\"name\":\"Sellutehdas ei ole ekoteko\"}]},{\"@type\":\"WebSite\",\"@id\":\"https:\\\/\\\/siljakeranen.fi\\\/blogi\\\/#website\",\"url\":\"https:\\\/\\\/siljakeranen.fi\\\/blogi\\\/\",\"name\":\"Silja Ker\u00e4nen\",\"description\":\"Silja Ker\u00e4nen, kainuulainen vihre\u00e4 poliitikko\",\"publisher\":{\"@id\":\"https:\\\/\\\/siljakeranen.fi\\\/blogi\\\/#\\\/schema\\\/person\\\/d43605ef0d5681c1b27a4ba1fede1cf4\"},\"potentialAction\":[{\"@type\":\"SearchAction\",\"target\":{\"@type\":\"EntryPoint\",\"urlTemplate\":\"https:\\\/\\\/siljakeranen.fi\\\/blogi\\\/?s={search_term_string}\"},\"query-input\":{\"@type\":\"PropertyValueSpecification\",\"valueRequired\":true,\"valueName\":\"search_term_string\"}}],\"inLanguage\":\"fi\"},{\"@type\":[\"Person\",\"Organization\"],\"@id\":\"https:\\\/\\\/siljakeranen.fi\\\/blogi\\\/#\\\/schema\\\/person\\\/d43605ef0d5681c1b27a4ba1fede1cf4\",\"name\":\"Silja\",\"image\":{\"@type\":\"ImageObject\",\"inLanguage\":\"fi\",\"@id\":\"https:\\\/\\\/siljakeranen.fi\\\/blogi\\\/wp-content\\\/uploads\\\/2023\\\/01\\\/cropped-silja_250x100.png\",\"url\":\"https:\\\/\\\/siljakeranen.fi\\\/blogi\\\/wp-content\\\/uploads\\\/2023\\\/01\\\/cropped-silja_250x100.png\",\"contentUrl\":\"https:\\\/\\\/siljakeranen.fi\\\/blogi\\\/wp-content\\\/uploads\\\/2023\\\/01\\\/cropped-silja_250x100.png\",\"width\":250,\"height\":100,\"caption\":\"Silja\"},\"logo\":{\"@id\":\"https:\\\/\\\/siljakeranen.fi\\\/blogi\\\/wp-content\\\/uploads\\\/2023\\\/01\\\/cropped-silja_250x100.png\"},\"sameAs\":[\"http:\\\/\\\/www.siljakeranen.fi\",\"https:\\\/\\\/www.facebook.com\\\/siljamkeranen\",\"https:\\\/\\\/www.instagram.com\\\/siljakeranen\\\/\",\"https:\\\/\\\/www.linkedin.com\\\/in\\\/silja-kernen-4331b548\\\/\",\"https:\\\/\\\/x.com\\\/https:\\\/\\\/twitter.com\\\/SiljaMP\",\"https:\\\/\\\/www.youtube.com\\\/channel\\\/UC0MWeuoWP4-Mjs1z8pIv3GQ\",\"https:\\\/\\\/fi.wikipedia.org\\\/wiki\\\/Silja_Kernen\"],\"url\":\"https:\\\/\\\/siljakeranen.fi\\\/blogi\\\/author\\\/admin\\\/\"}]}<\/script>\n<!-- \/ Yoast SEO plugin. -->","yoast_head_json":{"title":"Sellutehdas ei ole ekoteko - Silja Ker\u00e4nen","robots":{"index":"index","follow":"follow","max-snippet":"max-snippet:-1","max-image-preview":"max-image-preview:large","max-video-preview":"max-video-preview:-1"},"canonical":"https:\/\/siljakeranen.fi\/blogi\/sellutehdas-ei-ole-ekoteko\/","og_locale":"fi_FI","og_type":"article","og_title":"Sellutehdas ei ole ekoteko - Silja Ker\u00e4nen","og_description":"Paltamoon kaavailtu KaiCell Fibers Oy:n sellutehdas sai ymp\u00e4rist\u00f6luvan. Kirjoitin Maaseudun Tulevaisuuden uusimman kolumnini siit\u00e4, ett\u00e4 yh\u00e4 vain halutaan lis\u00e4\u00e4 bulkkisellun tuotantoa ja ett\u00e4 sellutehdas ei ole mik\u00e4\u00e4n ekoteko.&nbsp; Samaan aiheeseen otimme Kainuun Vihreiden hallituksella kantaa.&nbsp; MT:n kolumnini (julkaistu 24.7.2020): Suomeen suunnitellaan yh\u00e4 lis\u00e4\u00e4 bulkkisellun tuotantokapasiteettia&nbsp; Ouluj\u00e4rven, eli Kainuun meren, rannalle Paltamoon suunniteltu KaiCell Fibers Oy:n [&hellip;]","og_url":"https:\/\/siljakeranen.fi\/blogi\/sellutehdas-ei-ole-ekoteko\/","og_site_name":"Silja Ker\u00e4nen","article_publisher":"https:\/\/www.facebook.com\/siljamkeranen","article_author":"https:\/\/www.facebook.com\/siljamkeranen","article_published_time":"2020-07-26T09:10:39+00:00","article_modified_time":"2020-07-26T09:25:05+00:00","og_image":[{"width":2560,"height":1920,"url":"https:\/\/siljakeranen.fi\/blogi\/wp-content\/uploads\/2020\/07\/IMG_4894-scaled.jpg","type":"image\/jpeg"}],"author":"Silja","twitter_card":"summary_large_image","twitter_creator":"@https:\/\/twitter.com\/SiljaMP","twitter_site":"@SiljaMP","twitter_misc":{"Kirjoittanut":"Silja","Arvioitu lukuaika":"4 minuuttia"},"schema":{"@context":"https:\/\/schema.org","@graph":[{"@type":"Article","@id":"https:\/\/siljakeranen.fi\/blogi\/sellutehdas-ei-ole-ekoteko\/#article","isPartOf":{"@id":"https:\/\/siljakeranen.fi\/blogi\/sellutehdas-ei-ole-ekoteko\/"},"author":{"name":"Silja","@id":"https:\/\/siljakeranen.fi\/blogi\/#\/schema\/person\/d43605ef0d5681c1b27a4ba1fede1cf4"},"headline":"Sellutehdas ei ole ekoteko","datePublished":"2020-07-26T09:10:39+00:00","dateModified":"2020-07-26T09:25:05+00:00","mainEntityOfPage":{"@id":"https:\/\/siljakeranen.fi\/blogi\/sellutehdas-ei-ole-ekoteko\/"},"wordCount":721,"commentCount":0,"publisher":{"@id":"https:\/\/siljakeranen.fi\/blogi\/#\/schema\/person\/d43605ef0d5681c1b27a4ba1fede1cf4"},"image":{"@id":"https:\/\/siljakeranen.fi\/blogi\/sellutehdas-ei-ole-ekoteko\/#primaryimage"},"thumbnailUrl":"https:\/\/siljakeranen.fi\/blogi\/wp-content\/uploads\/2020\/07\/IMG_4894-scaled.jpg","articleSection":["Ilmastonmuutos","Kainuu","Maaseudun Tulevaisuus Mets\u00e4-kolumni","Mets\u00e4","Vihre\u00e4t","Ymp\u00e4rist\u00f6","Yritt\u00e4jyys &amp; elinkeinot"],"inLanguage":"fi","potentialAction":[{"@type":"CommentAction","name":"Comment","target":["https:\/\/siljakeranen.fi\/blogi\/sellutehdas-ei-ole-ekoteko\/#respond"]}]},{"@type":"WebPage","@id":"https:\/\/siljakeranen.fi\/blogi\/sellutehdas-ei-ole-ekoteko\/","url":"https:\/\/siljakeranen.fi\/blogi\/sellutehdas-ei-ole-ekoteko\/","name":"Sellutehdas ei ole ekoteko - Silja Ker\u00e4nen","isPartOf":{"@id":"https:\/\/siljakeranen.fi\/blogi\/#website"},"primaryImageOfPage":{"@id":"https:\/\/siljakeranen.fi\/blogi\/sellutehdas-ei-ole-ekoteko\/#primaryimage"},"image":{"@id":"https:\/\/siljakeranen.fi\/blogi\/sellutehdas-ei-ole-ekoteko\/#primaryimage"},"thumbnailUrl":"https:\/\/siljakeranen.fi\/blogi\/wp-content\/uploads\/2020\/07\/IMG_4894-scaled.jpg","datePublished":"2020-07-26T09:10:39+00:00","dateModified":"2020-07-26T09:25:05+00:00","breadcrumb":{"@id":"https:\/\/siljakeranen.fi\/blogi\/sellutehdas-ei-ole-ekoteko\/#breadcrumb"},"inLanguage":"fi","potentialAction":[{"@type":"ReadAction","target":["https:\/\/siljakeranen.fi\/blogi\/sellutehdas-ei-ole-ekoteko\/"]}]},{"@type":"ImageObject","inLanguage":"fi","@id":"https:\/\/siljakeranen.fi\/blogi\/sellutehdas-ei-ole-ekoteko\/#primaryimage","url":"https:\/\/siljakeranen.fi\/blogi\/wp-content\/uploads\/2020\/07\/IMG_4894-scaled.jpg","contentUrl":"https:\/\/siljakeranen.fi\/blogi\/wp-content\/uploads\/2020\/07\/IMG_4894-scaled.jpg","width":2560,"height":1920},{"@type":"BreadcrumbList","@id":"https:\/\/siljakeranen.fi\/blogi\/sellutehdas-ei-ole-ekoteko\/#breadcrumb","itemListElement":[{"@type":"ListItem","position":1,"name":"Etusivu","item":"https:\/\/siljakeranen.fi\/blogi\/"},{"@type":"ListItem","position":2,"name":"Sellutehdas ei ole ekoteko"}]},{"@type":"WebSite","@id":"https:\/\/siljakeranen.fi\/blogi\/#website","url":"https:\/\/siljakeranen.fi\/blogi\/","name":"Silja Ker\u00e4nen","description":"Silja Ker\u00e4nen, kainuulainen vihre\u00e4 poliitikko","publisher":{"@id":"https:\/\/siljakeranen.fi\/blogi\/#\/schema\/person\/d43605ef0d5681c1b27a4ba1fede1cf4"},"potentialAction":[{"@type":"SearchAction","target":{"@type":"EntryPoint","urlTemplate":"https:\/\/siljakeranen.fi\/blogi\/?s={search_term_string}"},"query-input":{"@type":"PropertyValueSpecification","valueRequired":true,"valueName":"search_term_string"}}],"inLanguage":"fi"},{"@type":["Person","Organization"],"@id":"https:\/\/siljakeranen.fi\/blogi\/#\/schema\/person\/d43605ef0d5681c1b27a4ba1fede1cf4","name":"Silja","image":{"@type":"ImageObject","inLanguage":"fi","@id":"https:\/\/siljakeranen.fi\/blogi\/wp-content\/uploads\/2023\/01\/cropped-silja_250x100.png","url":"https:\/\/siljakeranen.fi\/blogi\/wp-content\/uploads\/2023\/01\/cropped-silja_250x100.png","contentUrl":"https:\/\/siljakeranen.fi\/blogi\/wp-content\/uploads\/2023\/01\/cropped-silja_250x100.png","width":250,"height":100,"caption":"Silja"},"logo":{"@id":"https:\/\/siljakeranen.fi\/blogi\/wp-content\/uploads\/2023\/01\/cropped-silja_250x100.png"},"sameAs":["http:\/\/www.siljakeranen.fi","https:\/\/www.facebook.com\/siljamkeranen","https:\/\/www.instagram.com\/siljakeranen\/","https:\/\/www.linkedin.com\/in\/silja-kernen-4331b548\/","https:\/\/x.com\/https:\/\/twitter.com\/SiljaMP","https:\/\/www.youtube.com\/channel\/UC0MWeuoWP4-Mjs1z8pIv3GQ","https:\/\/fi.wikipedia.org\/wiki\/Silja_Kernen"],"url":"https:\/\/siljakeranen.fi\/blogi\/author\/admin\/"}]}},"_links":{"self":[{"href":"https:\/\/siljakeranen.fi\/blogi\/wp-json\/wp\/v2\/posts\/1996","targetHints":{"allow":["GET"]}}],"collection":[{"href":"https:\/\/siljakeranen.fi\/blogi\/wp-json\/wp\/v2\/posts"}],"about":[{"href":"https:\/\/siljakeranen.fi\/blogi\/wp-json\/wp\/v2\/types\/post"}],"author":[{"embeddable":true,"href":"https:\/\/siljakeranen.fi\/blogi\/wp-json\/wp\/v2\/users\/1"}],"replies":[{"embeddable":true,"href":"https:\/\/siljakeranen.fi\/blogi\/wp-json\/wp\/v2\/comments?post=1996"}],"version-history":[{"count":2,"href":"https:\/\/siljakeranen.fi\/blogi\/wp-json\/wp\/v2\/posts\/1996\/revisions"}],"predecessor-version":[{"id":2000,"href":"https:\/\/siljakeranen.fi\/blogi\/wp-json\/wp\/v2\/posts\/1996\/revisions\/2000"}],"wp:featuredmedia":[{"embeddable":true,"href":"https:\/\/siljakeranen.fi\/blogi\/wp-json\/wp\/v2\/media\/1999"}],"wp:attachment":[{"href":"https:\/\/siljakeranen.fi\/blogi\/wp-json\/wp\/v2\/media?parent=1996"}],"wp:term":[{"taxonomy":"category","embeddable":true,"href":"https:\/\/siljakeranen.fi\/blogi\/wp-json\/wp\/v2\/categories?post=1996"},{"taxonomy":"post_tag","embeddable":true,"href":"https:\/\/siljakeranen.fi\/blogi\/wp-json\/wp\/v2\/tags?post=1996"}],"curies":[{"name":"wp","href":"https:\/\/api.w.org\/{rel}","templated":true}]}}