{"id":2047,"date":"2021-01-08T22:12:00","date_gmt":"2021-01-08T20:12:00","guid":{"rendered":"https:\/\/siljakeranen.fi\/blogi\/?p=2047"},"modified":"2021-01-08T22:23:48","modified_gmt":"2021-01-08T20:23:48","slug":"vuoden-2020-analyysi","status":"publish","type":"post","link":"https:\/\/siljakeranen.fi\/blogi\/vuoden-2020-analyysi\/","title":{"rendered":"Vuoden 2020 analyysi"},"content":{"rendered":"<p>Eip\u00e4 sit\u00e4 kukaan osannut viime vuodenvaihteessa aavistaa, mit\u00e4 uusi vuosi tuo tullessaan. Minulla koronavuosi tarkoitti huomattavan paljon normaalia enemm\u00e4n kotoilua ja olemista perheen kanssa. Se oli oikeastaan my\u00f6s aika ihanaa. &lt;3 Lapset eiv\u00e4t olleet useaan kuukauteen p\u00e4iv\u00e4hoidossa ja vuorottelimme Villen kanssa lastenhoitoa, jotta kumpikin sai tehd\u00e4 p\u00e4iv\u00e4ss\u00e4 noin viitisen tuntia t\u00f6it\u00e4. Onneksi molempien ty\u00f6t t\u00e4h\u00e4n taipuivat. Poliittinen p\u00e4\u00e4t\u00f6ksentekokin siirtyi aika vaivatta digiaikakauteen.<\/p>\n<h3>Vuosi 2020 kuvina<\/h3>\n<p>Maria Ohisalo k\u00e4vi Kainuussa kes\u00e4ll\u00e4. Oikeassa yl\u00e4kulmassa ollaan viel\u00e4 tiet\u00e4m\u00e4tt\u00f6mi\u00e4 koronan vaikutuksista &#8211; kuva Vihreiden pj-p\u00e4ivilt\u00e4 helmikuulta. Alhaalla kotoilun tee-se-itse juttuja eli lintulauta ja ruisleip\u00e4\u00e4. Oikealla alhaalla syyskuun puoluevaltuuskunnan kokouksesta, joka j\u00e4rjestettiin hybridi-kokouksena.&nbsp;<\/p>\n<p><a href=\"https:\/\/siljakeranen.fi\/blogi\/wp-content\/uploads\/2021\/01\/Vuosi-2020-kuvina.png\"><img loading=\"lazy\" decoding=\"async\" class=\"alignnone wp-image-2048 size-large\" src=\"https:\/\/siljakeranen.fi\/blogi\/wp-content\/uploads\/2021\/01\/Vuosi-2020-kuvina-1024x768.png\" alt=\"\" width=\"1024\" height=\"768\" srcset=\"https:\/\/siljakeranen.fi\/blogi\/wp-content\/uploads\/2021\/01\/Vuosi-2020-kuvina-1024x768.png 1024w, https:\/\/siljakeranen.fi\/blogi\/wp-content\/uploads\/2021\/01\/Vuosi-2020-kuvina-300x225.png 300w, https:\/\/siljakeranen.fi\/blogi\/wp-content\/uploads\/2021\/01\/Vuosi-2020-kuvina-768x576.png 768w, https:\/\/siljakeranen.fi\/blogi\/wp-content\/uploads\/2021\/01\/Vuosi-2020-kuvina-1536x1152.png 1536w, https:\/\/siljakeranen.fi\/blogi\/wp-content\/uploads\/2021\/01\/Vuosi-2020-kuvina.png 2000w\" sizes=\"auto, (max-width: 1024px) 100vw, 1024px\" \/><\/a><\/p>\n<h3>&nbsp;<\/h3>\n<h3>Yksitt\u00e4isi\u00e4 nostoja<\/h3>\n<p>Vihreiden helsinkil\u00e4inen kansanedustaja Atte Harjanne vieraili Kainuussa elokuussa. Aten visiitti k\u00e4sitti harvaan asuttua maaseutua, maataloutta, supertietokonetta, junia &amp; ratikoita sek\u00e4 tapaamista paikallisten kanssa.&nbsp;<\/p>\n<p>Minut valittiin kes\u00e4ll\u00e4 Kainuun sote-valtuuston j\u00e4seneksi, koska vihreiden paltamolaiset valtuutetut joutuivat luopumaan teht\u00e4vist\u00e4\u00e4n paikkakunnalta muuton vuoksi. Sote-valtuuston pesti on iso, mielenkiintoinen ja todella haastava.&nbsp;<\/p>\n<p>Anonyymi rekrytointi eteni Kajaanissa. Homma l\u00e4hti liikenteeseen meid\u00e4n valtuustoaloitteesta ja kokeilun j\u00e4lkeen kaupunki otti k\u00e4yt\u00e4nn\u00f6n k\u00e4ytt\u00f6\u00f6n.&nbsp;<\/p>\n<p>Syksyll\u00e4 nytk\u00e4hti eteenp\u00e4in Kajaanin kaupungin ja Kainuun liiton pilotti, jossa elinkeinopolitiikkaan tuodaan naisn\u00e4k\u00f6kulmaa. T\u00e4m\u00e4 on superhienoa ja t\u00e4rke\u00e4\u00e4 meid\u00e4n seudun kannalta!!<\/p>\n<p>Kajaanissa resurssiviisaus alkaa n\u00e4ky\u00e4 erilaisin teoin ja linjauksin. Esimerkiksi Kainuun Voima on linjannut, luopuvansa turpeesta sek\u00e4 \u00f6ljyn k\u00e4yt\u00f6st\u00e4 luovutaan ja hukkal\u00e4mp\u00f6j\u00e4 hy\u00f6dynnet\u00e4\u00e4n mahdollisimman paljon.&nbsp;<\/p>\n<p>Vegaaniruokaa ruvetaan tarjoamaan Kajaanin kouluissa.&nbsp;<\/p>\n<h3>Kirjallisia t\u00f6it\u00e4<\/h3>\n<p>Kirjoitin Vihreiden ajatuspaja Visiolle kaksi artikkelia, joista molempien ajatus on tuoda uusia n\u00e4k\u00f6kulmia ja painopisteita kunnissa &amp; maakunnissa teht\u00e4v\u00e4\u00e4n elinvoimapolitiikkaan.&nbsp;<\/p>\n<p class=\"entry-title\"><a href=\"https:\/\/ajatuspajavisio.fi\/ajankohtaista\/ilmastokestavaa-aluepolitiikkaa-miten-maakunnissa-toteutetaan-elinkeinojen-ekologinen-rakennemuutos\/\" target=\"_blank\" rel=\"noopener\">Analyysi ilmastokest\u00e4v\u00e4st\u00e4 aluepolitiikasta \u2013 miten maakunnissa toteutetaan elinkeinojen ekologinen rakennemuutos<\/a><\/p>\n<p class=\"entry-title\"><a href=\"https:\/\/ajatuspajavisio.fi\/ajankohtaista\/analyysi-feminismia-elinvoimapolitiikkaan\/\" target=\"_blank\" rel=\"noopener\">Analyysi: Feminismi\u00e4 elinvoimapolitiikkaan<\/a><\/p>\n<p>Jatkoin my\u00f6s Maaseudun Tulevaisuuden mets\u00e4-kolumnistina. On hienoa nostaa mets\u00e4keskusteluun uusia pointteja ja sit\u00e4 my\u00f6ten muuttaa mets\u00e4taloutta kest\u00e4v\u00e4mm\u00e4lle uralle. Yksi konkreettinen &#8211; ehk\u00e4 pienelt\u00e4 tuntuva, mutta aika merkitt\u00e4v\u00e4 &#8211; asia on se, ett\u00e4 Luonnonvarakeskus laskee nykyisell\u00e4\u00e4n &#8217;Suurimman yll\u00e4pidett\u00e4v\u00e4n hakkuukertym\u00e4n&#8217; eik\u00e4 en\u00e4\u00e4 &#8217;Kest\u00e4v\u00e4\u00e4 hakkuukertym\u00e4\u00e4&#8217;, joka oli k\u00e4yt\u00e4nn\u00f6ss\u00e4 vain teknis-taloudellisesti kest\u00e4v\u00e4 hakkuum\u00e4\u00e4r\u00e4, jossa ei ole otettu esim. luonnon monimuotoisuutta huomioon. On hyv\u00e4, ett\u00e4 laskettua teoreettista maksimihakkuum\u00e4\u00e4r\u00e4\u00e4 ei en\u00e4\u00e4 nimitet\u00e4 kest\u00e4v\u00e4ksi, koska sit\u00e4 se ei ole. Kolumnini voi <a href=\"https:\/\/siljakeranen.fi\/blogi\/category\/uncategorized\/\" target=\"_blank\" rel=\"noopener\">lukea t\u00e4\u00e4lt\u00e4<\/a>.&nbsp;<\/p>\n<p>Kirjoitin Viitteen, eli Tieteen ja teknologian vihreiden, blogiin turpeesta: <a href=\"https:\/\/www.viite.fi\/2020\/06\/11\/punnittua-puhetta-turpeesta\/\" target=\"_blank\" rel=\"noopener\">Punnittua puhetta turpeesta<\/a>.&nbsp;<\/p>\n<h3>Vuoteen mahtui<\/h3>\n<p>97 virallista kokousta<br \/>\n20 puolueen kokousta \/ tilaisuutta&nbsp;<br \/>\n47 muuta kokousta<br \/>\n11 Maaseudun Tulevaisuuden kolumnia<br \/>\n6 mielipidekirjoitusta<br \/>\nN\u00e4iss\u00e4 luvuissa eiv\u00e4t ole mukana eduskuntaryhm\u00e4n et\u00e4kokoukset, joihin joihinkin osallistuin.&nbsp;<\/p>\n<h3>Yhteenveto<\/h3>\n<p>Aikamoinen vuosi takana. Vaikka korona toi huolta l\u00e4heisten tilanteesta ja ylip\u00e4\u00e4t\u00e4ns\u00e4 yhteiskunnan toiminnasta, oli korona-aika p\u00e4\u00e4s\u00e4\u00e4nt\u00f6isesti mukavaa. Kaikilla n\u00e4in ei toki ollut, koska talous- ja terveyshuolet sek\u00e4 yksin\u00e4isyys olivat aivan liian monella arkip\u00e4iv\u00e4\u00e4.<\/p>\n<p>Et\u00e4kokoukset mahdollistivat ihan eri tavalla paikkariippumattomuuden ja tehostivat ajank\u00e4ytt\u00f6\u00e4 huomattavasti. Oli hienoa n\u00e4hd\u00e4, millainen digiloikka lyhyess\u00e4 ajassa otettiin. Valtakunnan politiikan puolella Suomen hallitus hoiti koronakiirisin hyvin. Lis\u00e4ksi on ollut todella ilahduttavaa n\u00e4hd\u00e4, miten ilmasto- ja ymp\u00e4rist\u00f6asiat vihdoin etenev\u00e4t. Esimerkiksi metsi\u00e4 ja soita on suojeltu historiallisen paljon ja eri toimialat ovat tehneet hiilitiekartat p\u00e4\u00e4st\u00f6jen v\u00e4hent\u00e4miseksi. T\u00e4st\u00e4 on hyv\u00e4 jatkaa!<\/p>\n<div style=\"padding-bottom:20px; padding-top:10px;\" class=\"hupso-share-buttons\"><!-- Hupso Share Buttons - https:\/\/www.hupso.com\/share\/ --><a class=\"hupso_counters\" href=\"https:\/\/www.hupso.com\/share\/\"><img decoding=\"async\" src=\"https:\/\/static.hupso.com\/share\/buttons\/share-small.png\" style=\"border:0px; padding-top:2px; float:left;\" alt=\"Share Button\"\/><\/a><script type=\"text\/javascript\">var hupso_services_c=new Array(\"twitter\",\"facebook_like\",\"facebook_send\",\"google\");var hupso_counters_lang = \"en_US\";var hupso_image_folder_url = \"\";var hupso_url_c=\"\";var hupso_title_c=\"Vuoden%202020%20analyysi\";<\/script><script type=\"text\/javascript\" src=\"https:\/\/static.hupso.com\/share\/js\/counters.js\"><\/script><!-- Hupso Share Buttons --><\/div>","protected":false},"excerpt":{"rendered":"<p>Eip\u00e4 sit\u00e4 kukaan osannut viime vuodenvaihteessa aavistaa, mit\u00e4 uusi vuosi tuo tullessaan. Minulla koronavuosi tarkoitti huomattavan paljon normaalia enemm\u00e4n kotoilua ja olemista perheen kanssa. Se oli oikeastaan my\u00f6s aika ihanaa. &lt;3 Lapset eiv\u00e4t olleet useaan kuukauteen p\u00e4iv\u00e4hoidossa ja vuorottelimme Villen kanssa lastenhoitoa, jotta kumpikin sai tehd\u00e4 p\u00e4iv\u00e4ss\u00e4 noin viitisen tuntia t\u00f6it\u00e4. Onneksi molempien ty\u00f6t t\u00e4h\u00e4n [&hellip;]<\/p>\n<div style=\"padding-bottom:20px; padding-top:10px;\" class=\"hupso-share-buttons\"><!-- Hupso Share Buttons - https:\/\/www.hupso.com\/share\/ --><a class=\"hupso_counters\" href=\"https:\/\/www.hupso.com\/share\/\"><img src=\"https:\/\/static.hupso.com\/share\/buttons\/share-small.png\" style=\"border:0px; padding-top:2px; float:left;\" alt=\"Share Button\"\/><\/a><script type=\"text\/javascript\">var hupso_services_c=new Array(\"twitter\",\"facebook_like\",\"facebook_send\",\"google\");var hupso_counters_lang = \"en_US\";var hupso_image_folder_url = \"\";var hupso_url_c=\"\";var hupso_title_c=\"Vuoden%202020%20analyysi\";<\/script><script type=\"text\/javascript\" src=\"https:\/\/static.hupso.com\/share\/js\/counters.js\"><\/script><!-- Hupso Share Buttons --><\/div>","protected":false},"author":1,"featured_media":2054,"comment_status":"open","ping_status":"closed","sticky":false,"template":"","format":"standard","meta":{"ngg_post_thumbnail":0,"footnotes":""},"categories":[7,8,6,10],"tags":[],"class_list":["post-2047","post","type-post","status-publish","format-standard","has-post-thumbnail","hentry","category-kainuu","category-kajaani","category-politiikka","category-vihreat"],"yoast_head":"<!-- This site is optimized with the Yoast SEO plugin v27.3 - https:\/\/yoast.com\/product\/yoast-seo-wordpress\/ -->\n<title>Vuoden 2020 analyysi - Silja Ker\u00e4nen<\/title>\n<meta name=\"robots\" content=\"index, follow, max-snippet:-1, max-image-preview:large, max-video-preview:-1\" \/>\n<link rel=\"canonical\" href=\"https:\/\/siljakeranen.fi\/blogi\/vuoden-2020-analyysi\/\" \/>\n<meta property=\"og:locale\" content=\"fi_FI\" \/>\n<meta property=\"og:type\" content=\"article\" \/>\n<meta property=\"og:title\" content=\"Vuoden 2020 analyysi - Silja Ker\u00e4nen\" \/>\n<meta property=\"og:description\" content=\"Eip\u00e4 sit\u00e4 kukaan osannut viime vuodenvaihteessa aavistaa, mit\u00e4 uusi vuosi tuo tullessaan. Minulla koronavuosi tarkoitti huomattavan paljon normaalia enemm\u00e4n kotoilua ja olemista perheen kanssa. Se oli oikeastaan my\u00f6s aika ihanaa. &lt;3 Lapset eiv\u00e4t olleet useaan kuukauteen p\u00e4iv\u00e4hoidossa ja vuorottelimme Villen kanssa lastenhoitoa, jotta kumpikin sai tehd\u00e4 p\u00e4iv\u00e4ss\u00e4 noin viitisen tuntia t\u00f6it\u00e4. Onneksi molempien ty\u00f6t t\u00e4h\u00e4n [&hellip;]\" \/>\n<meta property=\"og:url\" content=\"https:\/\/siljakeranen.fi\/blogi\/vuoden-2020-analyysi\/\" \/>\n<meta property=\"og:site_name\" content=\"Silja Ker\u00e4nen\" \/>\n<meta property=\"article:publisher\" content=\"https:\/\/www.facebook.com\/siljamkeranen\" \/>\n<meta property=\"article:author\" content=\"https:\/\/www.facebook.com\/siljamkeranen\" \/>\n<meta property=\"article:published_time\" content=\"2021-01-08T20:12:00+00:00\" \/>\n<meta property=\"article:modified_time\" content=\"2021-01-08T20:23:48+00:00\" \/>\n<meta property=\"og:image\" content=\"https:\/\/siljakeranen.fi\/blogi\/wp-content\/uploads\/2021\/01\/IMG_8328.jpeg\" \/>\n\t<meta property=\"og:image:width\" content=\"1280\" \/>\n\t<meta property=\"og:image:height\" content=\"960\" \/>\n\t<meta property=\"og:image:type\" content=\"image\/jpeg\" \/>\n<meta name=\"author\" content=\"Silja\" \/>\n<meta name=\"twitter:card\" content=\"summary_large_image\" \/>\n<meta name=\"twitter:creator\" content=\"@https:\/\/twitter.com\/SiljaMP\" \/>\n<meta name=\"twitter:site\" content=\"@SiljaMP\" \/>\n<meta name=\"twitter:label1\" content=\"Kirjoittanut\" \/>\n\t<meta name=\"twitter:data1\" content=\"Silja\" \/>\n\t<meta name=\"twitter:label2\" content=\"Arvioitu lukuaika\" \/>\n\t<meta name=\"twitter:data2\" content=\"3 minuuttia\" \/>\n<script type=\"application\/ld+json\" class=\"yoast-schema-graph\">{\"@context\":\"https:\\\/\\\/schema.org\",\"@graph\":[{\"@type\":\"Article\",\"@id\":\"https:\\\/\\\/siljakeranen.fi\\\/blogi\\\/vuoden-2020-analyysi\\\/#article\",\"isPartOf\":{\"@id\":\"https:\\\/\\\/siljakeranen.fi\\\/blogi\\\/vuoden-2020-analyysi\\\/\"},\"author\":{\"name\":\"Silja\",\"@id\":\"https:\\\/\\\/siljakeranen.fi\\\/blogi\\\/#\\\/schema\\\/person\\\/d43605ef0d5681c1b27a4ba1fede1cf4\"},\"headline\":\"Vuoden 2020 analyysi\",\"datePublished\":\"2021-01-08T20:12:00+00:00\",\"dateModified\":\"2021-01-08T20:23:48+00:00\",\"mainEntityOfPage\":{\"@id\":\"https:\\\/\\\/siljakeranen.fi\\\/blogi\\\/vuoden-2020-analyysi\\\/\"},\"wordCount\":571,\"commentCount\":0,\"publisher\":{\"@id\":\"https:\\\/\\\/siljakeranen.fi\\\/blogi\\\/#\\\/schema\\\/person\\\/d43605ef0d5681c1b27a4ba1fede1cf4\"},\"image\":{\"@id\":\"https:\\\/\\\/siljakeranen.fi\\\/blogi\\\/vuoden-2020-analyysi\\\/#primaryimage\"},\"thumbnailUrl\":\"https:\\\/\\\/siljakeranen.fi\\\/blogi\\\/wp-content\\\/uploads\\\/2021\\\/01\\\/IMG_8328.jpeg\",\"articleSection\":[\"Kainuu\",\"Kajaani\",\"Politiikka\",\"Vihre\u00e4t\"],\"inLanguage\":\"fi\",\"potentialAction\":[{\"@type\":\"CommentAction\",\"name\":\"Comment\",\"target\":[\"https:\\\/\\\/siljakeranen.fi\\\/blogi\\\/vuoden-2020-analyysi\\\/#respond\"]}]},{\"@type\":\"WebPage\",\"@id\":\"https:\\\/\\\/siljakeranen.fi\\\/blogi\\\/vuoden-2020-analyysi\\\/\",\"url\":\"https:\\\/\\\/siljakeranen.fi\\\/blogi\\\/vuoden-2020-analyysi\\\/\",\"name\":\"Vuoden 2020 analyysi - Silja Ker\u00e4nen\",\"isPartOf\":{\"@id\":\"https:\\\/\\\/siljakeranen.fi\\\/blogi\\\/#website\"},\"primaryImageOfPage\":{\"@id\":\"https:\\\/\\\/siljakeranen.fi\\\/blogi\\\/vuoden-2020-analyysi\\\/#primaryimage\"},\"image\":{\"@id\":\"https:\\\/\\\/siljakeranen.fi\\\/blogi\\\/vuoden-2020-analyysi\\\/#primaryimage\"},\"thumbnailUrl\":\"https:\\\/\\\/siljakeranen.fi\\\/blogi\\\/wp-content\\\/uploads\\\/2021\\\/01\\\/IMG_8328.jpeg\",\"datePublished\":\"2021-01-08T20:12:00+00:00\",\"dateModified\":\"2021-01-08T20:23:48+00:00\",\"breadcrumb\":{\"@id\":\"https:\\\/\\\/siljakeranen.fi\\\/blogi\\\/vuoden-2020-analyysi\\\/#breadcrumb\"},\"inLanguage\":\"fi\",\"potentialAction\":[{\"@type\":\"ReadAction\",\"target\":[\"https:\\\/\\\/siljakeranen.fi\\\/blogi\\\/vuoden-2020-analyysi\\\/\"]}]},{\"@type\":\"ImageObject\",\"inLanguage\":\"fi\",\"@id\":\"https:\\\/\\\/siljakeranen.fi\\\/blogi\\\/vuoden-2020-analyysi\\\/#primaryimage\",\"url\":\"https:\\\/\\\/siljakeranen.fi\\\/blogi\\\/wp-content\\\/uploads\\\/2021\\\/01\\\/IMG_8328.jpeg\",\"contentUrl\":\"https:\\\/\\\/siljakeranen.fi\\\/blogi\\\/wp-content\\\/uploads\\\/2021\\\/01\\\/IMG_8328.jpeg\",\"width\":1280,\"height\":960},{\"@type\":\"BreadcrumbList\",\"@id\":\"https:\\\/\\\/siljakeranen.fi\\\/blogi\\\/vuoden-2020-analyysi\\\/#breadcrumb\",\"itemListElement\":[{\"@type\":\"ListItem\",\"position\":1,\"name\":\"Etusivu\",\"item\":\"https:\\\/\\\/siljakeranen.fi\\\/blogi\\\/\"},{\"@type\":\"ListItem\",\"position\":2,\"name\":\"Vuoden 2020 analyysi\"}]},{\"@type\":\"WebSite\",\"@id\":\"https:\\\/\\\/siljakeranen.fi\\\/blogi\\\/#website\",\"url\":\"https:\\\/\\\/siljakeranen.fi\\\/blogi\\\/\",\"name\":\"Silja Ker\u00e4nen\",\"description\":\"Silja Ker\u00e4nen, kainuulainen vihre\u00e4 poliitikko\",\"publisher\":{\"@id\":\"https:\\\/\\\/siljakeranen.fi\\\/blogi\\\/#\\\/schema\\\/person\\\/d43605ef0d5681c1b27a4ba1fede1cf4\"},\"potentialAction\":[{\"@type\":\"SearchAction\",\"target\":{\"@type\":\"EntryPoint\",\"urlTemplate\":\"https:\\\/\\\/siljakeranen.fi\\\/blogi\\\/?s={search_term_string}\"},\"query-input\":{\"@type\":\"PropertyValueSpecification\",\"valueRequired\":true,\"valueName\":\"search_term_string\"}}],\"inLanguage\":\"fi\"},{\"@type\":[\"Person\",\"Organization\"],\"@id\":\"https:\\\/\\\/siljakeranen.fi\\\/blogi\\\/#\\\/schema\\\/person\\\/d43605ef0d5681c1b27a4ba1fede1cf4\",\"name\":\"Silja\",\"image\":{\"@type\":\"ImageObject\",\"inLanguage\":\"fi\",\"@id\":\"https:\\\/\\\/siljakeranen.fi\\\/blogi\\\/wp-content\\\/uploads\\\/2023\\\/01\\\/cropped-silja_250x100.png\",\"url\":\"https:\\\/\\\/siljakeranen.fi\\\/blogi\\\/wp-content\\\/uploads\\\/2023\\\/01\\\/cropped-silja_250x100.png\",\"contentUrl\":\"https:\\\/\\\/siljakeranen.fi\\\/blogi\\\/wp-content\\\/uploads\\\/2023\\\/01\\\/cropped-silja_250x100.png\",\"width\":250,\"height\":100,\"caption\":\"Silja\"},\"logo\":{\"@id\":\"https:\\\/\\\/siljakeranen.fi\\\/blogi\\\/wp-content\\\/uploads\\\/2023\\\/01\\\/cropped-silja_250x100.png\"},\"sameAs\":[\"http:\\\/\\\/www.siljakeranen.fi\",\"https:\\\/\\\/www.facebook.com\\\/siljamkeranen\",\"https:\\\/\\\/www.instagram.com\\\/siljakeranen\\\/\",\"https:\\\/\\\/www.linkedin.com\\\/in\\\/silja-kernen-4331b548\\\/\",\"https:\\\/\\\/x.com\\\/https:\\\/\\\/twitter.com\\\/SiljaMP\",\"https:\\\/\\\/www.youtube.com\\\/channel\\\/UC0MWeuoWP4-Mjs1z8pIv3GQ\",\"https:\\\/\\\/fi.wikipedia.org\\\/wiki\\\/Silja_Kernen\"],\"url\":\"https:\\\/\\\/siljakeranen.fi\\\/blogi\\\/author\\\/admin\\\/\"}]}<\/script>\n<!-- \/ Yoast SEO plugin. -->","yoast_head_json":{"title":"Vuoden 2020 analyysi - Silja Ker\u00e4nen","robots":{"index":"index","follow":"follow","max-snippet":"max-snippet:-1","max-image-preview":"max-image-preview:large","max-video-preview":"max-video-preview:-1"},"canonical":"https:\/\/siljakeranen.fi\/blogi\/vuoden-2020-analyysi\/","og_locale":"fi_FI","og_type":"article","og_title":"Vuoden 2020 analyysi - Silja Ker\u00e4nen","og_description":"Eip\u00e4 sit\u00e4 kukaan osannut viime vuodenvaihteessa aavistaa, mit\u00e4 uusi vuosi tuo tullessaan. Minulla koronavuosi tarkoitti huomattavan paljon normaalia enemm\u00e4n kotoilua ja olemista perheen kanssa. Se oli oikeastaan my\u00f6s aika ihanaa. &lt;3 Lapset eiv\u00e4t olleet useaan kuukauteen p\u00e4iv\u00e4hoidossa ja vuorottelimme Villen kanssa lastenhoitoa, jotta kumpikin sai tehd\u00e4 p\u00e4iv\u00e4ss\u00e4 noin viitisen tuntia t\u00f6it\u00e4. Onneksi molempien ty\u00f6t t\u00e4h\u00e4n [&hellip;]","og_url":"https:\/\/siljakeranen.fi\/blogi\/vuoden-2020-analyysi\/","og_site_name":"Silja Ker\u00e4nen","article_publisher":"https:\/\/www.facebook.com\/siljamkeranen","article_author":"https:\/\/www.facebook.com\/siljamkeranen","article_published_time":"2021-01-08T20:12:00+00:00","article_modified_time":"2021-01-08T20:23:48+00:00","og_image":[{"width":1280,"height":960,"url":"https:\/\/siljakeranen.fi\/blogi\/wp-content\/uploads\/2021\/01\/IMG_8328.jpeg","type":"image\/jpeg"}],"author":"Silja","twitter_card":"summary_large_image","twitter_creator":"@https:\/\/twitter.com\/SiljaMP","twitter_site":"@SiljaMP","twitter_misc":{"Kirjoittanut":"Silja","Arvioitu lukuaika":"3 minuuttia"},"schema":{"@context":"https:\/\/schema.org","@graph":[{"@type":"Article","@id":"https:\/\/siljakeranen.fi\/blogi\/vuoden-2020-analyysi\/#article","isPartOf":{"@id":"https:\/\/siljakeranen.fi\/blogi\/vuoden-2020-analyysi\/"},"author":{"name":"Silja","@id":"https:\/\/siljakeranen.fi\/blogi\/#\/schema\/person\/d43605ef0d5681c1b27a4ba1fede1cf4"},"headline":"Vuoden 2020 analyysi","datePublished":"2021-01-08T20:12:00+00:00","dateModified":"2021-01-08T20:23:48+00:00","mainEntityOfPage":{"@id":"https:\/\/siljakeranen.fi\/blogi\/vuoden-2020-analyysi\/"},"wordCount":571,"commentCount":0,"publisher":{"@id":"https:\/\/siljakeranen.fi\/blogi\/#\/schema\/person\/d43605ef0d5681c1b27a4ba1fede1cf4"},"image":{"@id":"https:\/\/siljakeranen.fi\/blogi\/vuoden-2020-analyysi\/#primaryimage"},"thumbnailUrl":"https:\/\/siljakeranen.fi\/blogi\/wp-content\/uploads\/2021\/01\/IMG_8328.jpeg","articleSection":["Kainuu","Kajaani","Politiikka","Vihre\u00e4t"],"inLanguage":"fi","potentialAction":[{"@type":"CommentAction","name":"Comment","target":["https:\/\/siljakeranen.fi\/blogi\/vuoden-2020-analyysi\/#respond"]}]},{"@type":"WebPage","@id":"https:\/\/siljakeranen.fi\/blogi\/vuoden-2020-analyysi\/","url":"https:\/\/siljakeranen.fi\/blogi\/vuoden-2020-analyysi\/","name":"Vuoden 2020 analyysi - Silja Ker\u00e4nen","isPartOf":{"@id":"https:\/\/siljakeranen.fi\/blogi\/#website"},"primaryImageOfPage":{"@id":"https:\/\/siljakeranen.fi\/blogi\/vuoden-2020-analyysi\/#primaryimage"},"image":{"@id":"https:\/\/siljakeranen.fi\/blogi\/vuoden-2020-analyysi\/#primaryimage"},"thumbnailUrl":"https:\/\/siljakeranen.fi\/blogi\/wp-content\/uploads\/2021\/01\/IMG_8328.jpeg","datePublished":"2021-01-08T20:12:00+00:00","dateModified":"2021-01-08T20:23:48+00:00","breadcrumb":{"@id":"https:\/\/siljakeranen.fi\/blogi\/vuoden-2020-analyysi\/#breadcrumb"},"inLanguage":"fi","potentialAction":[{"@type":"ReadAction","target":["https:\/\/siljakeranen.fi\/blogi\/vuoden-2020-analyysi\/"]}]},{"@type":"ImageObject","inLanguage":"fi","@id":"https:\/\/siljakeranen.fi\/blogi\/vuoden-2020-analyysi\/#primaryimage","url":"https:\/\/siljakeranen.fi\/blogi\/wp-content\/uploads\/2021\/01\/IMG_8328.jpeg","contentUrl":"https:\/\/siljakeranen.fi\/blogi\/wp-content\/uploads\/2021\/01\/IMG_8328.jpeg","width":1280,"height":960},{"@type":"BreadcrumbList","@id":"https:\/\/siljakeranen.fi\/blogi\/vuoden-2020-analyysi\/#breadcrumb","itemListElement":[{"@type":"ListItem","position":1,"name":"Etusivu","item":"https:\/\/siljakeranen.fi\/blogi\/"},{"@type":"ListItem","position":2,"name":"Vuoden 2020 analyysi"}]},{"@type":"WebSite","@id":"https:\/\/siljakeranen.fi\/blogi\/#website","url":"https:\/\/siljakeranen.fi\/blogi\/","name":"Silja Ker\u00e4nen","description":"Silja Ker\u00e4nen, kainuulainen vihre\u00e4 poliitikko","publisher":{"@id":"https:\/\/siljakeranen.fi\/blogi\/#\/schema\/person\/d43605ef0d5681c1b27a4ba1fede1cf4"},"potentialAction":[{"@type":"SearchAction","target":{"@type":"EntryPoint","urlTemplate":"https:\/\/siljakeranen.fi\/blogi\/?s={search_term_string}"},"query-input":{"@type":"PropertyValueSpecification","valueRequired":true,"valueName":"search_term_string"}}],"inLanguage":"fi"},{"@type":["Person","Organization"],"@id":"https:\/\/siljakeranen.fi\/blogi\/#\/schema\/person\/d43605ef0d5681c1b27a4ba1fede1cf4","name":"Silja","image":{"@type":"ImageObject","inLanguage":"fi","@id":"https:\/\/siljakeranen.fi\/blogi\/wp-content\/uploads\/2023\/01\/cropped-silja_250x100.png","url":"https:\/\/siljakeranen.fi\/blogi\/wp-content\/uploads\/2023\/01\/cropped-silja_250x100.png","contentUrl":"https:\/\/siljakeranen.fi\/blogi\/wp-content\/uploads\/2023\/01\/cropped-silja_250x100.png","width":250,"height":100,"caption":"Silja"},"logo":{"@id":"https:\/\/siljakeranen.fi\/blogi\/wp-content\/uploads\/2023\/01\/cropped-silja_250x100.png"},"sameAs":["http:\/\/www.siljakeranen.fi","https:\/\/www.facebook.com\/siljamkeranen","https:\/\/www.instagram.com\/siljakeranen\/","https:\/\/www.linkedin.com\/in\/silja-kernen-4331b548\/","https:\/\/x.com\/https:\/\/twitter.com\/SiljaMP","https:\/\/www.youtube.com\/channel\/UC0MWeuoWP4-Mjs1z8pIv3GQ","https:\/\/fi.wikipedia.org\/wiki\/Silja_Kernen"],"url":"https:\/\/siljakeranen.fi\/blogi\/author\/admin\/"}]}},"_links":{"self":[{"href":"https:\/\/siljakeranen.fi\/blogi\/wp-json\/wp\/v2\/posts\/2047","targetHints":{"allow":["GET"]}}],"collection":[{"href":"https:\/\/siljakeranen.fi\/blogi\/wp-json\/wp\/v2\/posts"}],"about":[{"href":"https:\/\/siljakeranen.fi\/blogi\/wp-json\/wp\/v2\/types\/post"}],"author":[{"embeddable":true,"href":"https:\/\/siljakeranen.fi\/blogi\/wp-json\/wp\/v2\/users\/1"}],"replies":[{"embeddable":true,"href":"https:\/\/siljakeranen.fi\/blogi\/wp-json\/wp\/v2\/comments?post=2047"}],"version-history":[{"count":3,"href":"https:\/\/siljakeranen.fi\/blogi\/wp-json\/wp\/v2\/posts\/2047\/revisions"}],"predecessor-version":[{"id":2051,"href":"https:\/\/siljakeranen.fi\/blogi\/wp-json\/wp\/v2\/posts\/2047\/revisions\/2051"}],"wp:featuredmedia":[{"embeddable":true,"href":"https:\/\/siljakeranen.fi\/blogi\/wp-json\/wp\/v2\/media\/2054"}],"wp:attachment":[{"href":"https:\/\/siljakeranen.fi\/blogi\/wp-json\/wp\/v2\/media?parent=2047"}],"wp:term":[{"taxonomy":"category","embeddable":true,"href":"https:\/\/siljakeranen.fi\/blogi\/wp-json\/wp\/v2\/categories?post=2047"},{"taxonomy":"post_tag","embeddable":true,"href":"https:\/\/siljakeranen.fi\/blogi\/wp-json\/wp\/v2\/tags?post=2047"}],"curies":[{"name":"wp","href":"https:\/\/api.w.org\/{rel}","templated":true}]}}