{"id":2068,"date":"2021-02-25T14:49:21","date_gmt":"2021-02-25T12:49:21","guid":{"rendered":"https:\/\/siljakeranen.fi\/blogi\/?p=2068"},"modified":"2021-02-22T14:58:59","modified_gmt":"2021-02-22T12:58:59","slug":"kaannettaisko-jo-seuraava-sivu","status":"publish","type":"post","link":"https:\/\/siljakeranen.fi\/blogi\/kaannettaisko-jo-seuraava-sivu\/","title":{"rendered":"K\u00e4\u00e4nnett\u00e4isk\u00f6 jo seuraava sivu?"},"content":{"rendered":"<div class=\"o9v6fnle cxmmr5t8 oygrvhab hcukyx3x c1et5uql ii04i59q\">\n<div dir=\"auto\">\n<p>Mets\u00e4 Fibre ilmoitti rakentavansa Kemiin uuden sellutehtaan. Se on Suomen historian suurin mets\u00e4teollisuusinvestointi, joka tulee k\u00e4ytt\u00e4m\u00e4\u00e4n enn\u00e4tysm\u00e4\u00e4r\u00e4n kuitupuuta. Osa siit\u00e4 hankitaan Ruotsin puolelta, mutta todenn\u00e4k\u00f6isesti suurin osa Pohjois-Suomesta. My\u00f6s Kainuusta.<\/p>\n<\/div>\n<\/div>\n<div class=\"o9v6fnle cxmmr5t8 oygrvhab hcukyx3x c1et5uql ii04i59q\">\n<div dir=\"auto\">On tosiasia, ett\u00e4 kaikki Pohjois-Suomeen kaavaillut sellutehdas ja biotuotetehdashankkeet eiv\u00e4t tule toteutumaan.<\/div>\n<\/div>\n<div class=\"o9v6fnle cxmmr5t8 oygrvhab hcukyx3x c1et5uql ii04i59q\">\n<div dir=\"auto\">Puuta ei Pohjois-Suomen metsiss\u00e4 loputtomasti riit\u00e4, varsinkin kun on tarpeen ottaa huomioon hiilinielujen kasvattaminen, mets\u00e4luonnon monimuotoisuuden parantaminen, luonnontuotteiden tuotanto, luonnon virkistys- ja matkailuarvot sek\u00e4 uusia asukkaita houkuttelevat maisemat, mets\u00e4t ja luonto.<\/div>\n<div dir=\"auto\">&nbsp;<\/div>\n<div dir=\"auto\">Pohjois-Suomen talousmetsi\u00e4 ei kannata riipi\u00e4 teollisuuden tarpeisiin viimeist\u00e4 kuitupuupinoa my\u00f6ten, vaan tasapainotella puun k\u00e4yt\u00f6ss\u00e4 eri intressien v\u00e4lill\u00e4. Se tarkoittaa, ett\u00e4 Kemin sellutehdas- ja Oulun kartonkikoneinvestointien j\u00e4lkeen uutta suurta kuitupuun k\u00e4ytt\u00e4j\u00e4\u00e4 ei Pohjois-Suomeen mahdu.<\/div>\n<\/div>\n<div class=\"o9v6fnle cxmmr5t8 oygrvhab hcukyx3x c1et5uql ii04i59q\">\n<p dir=\"auto\">Meid\u00e4n kannattaisikin nyt Kainuussa k\u00e4\u00e4nt\u00e4\u00e4 seuraava sivu.<\/p>\n<\/div>\n<div class=\"o9v6fnle cxmmr5t8 oygrvhab hcukyx3x c1et5uql ii04i59q\">\n<blockquote>\n<div dir=\"auto\">Suunnata elinvoiman kehitt\u00e4misen panokset nykyisille ja nouseville toimialoille. Meill\u00e4 on ihan oikeasti valtavasti potentiaalia v\u00e4h\u00e4hiiliseen ja digitalisoituvaan maailmaan siirtyess\u00e4.<\/div>\n<\/blockquote>\n<\/div>\n<div class=\"o9v6fnle cxmmr5t8 oygrvhab hcukyx3x c1et5uql ii04i59q\">\n<div dir=\"auto\">Kuhmossa tuotetuilla puurakentamiselementeill\u00e4 on kansallinen ja globaalikin tilaus. Junia ja ratikoita tarvitaan. Samoin kuin akkukemikaaleja. Renforsin rantaan Kajaaniin on mahdollista kehitt\u00e4\u00e4 upea kiertotalouspuisto sahan sek\u00e4 bioetanolitehtaan ja sen sivuvirtojen jalostuksen ymp\u00e4rille. Samalle alueelle on nousemassa my\u00f6s datakeskus-, konesali- ja palvelukeskuskeskittym\u00e4, jonka jatkokehityspotentiaali on mittava. Peliteollisuutta ja energiamurroksen tuomia mahdollisuuksia unohtamatta.<\/div>\n<div dir=\"auto\">&nbsp;<\/div>\n<div dir=\"auto\">Koko Kainuun alueella on vahvuuksia ja mahdollisuuksia kest\u00e4v\u00e4ss\u00e4 matkailussa, elintarvikesektorilla sek\u00e4 uusiutuvan energian tuotannossa. My\u00f6s pienempi ja suurempi valmistava teollisuus voi tuoda ty\u00f6t\u00e4, koska kiertotalouspohjaiseen maailmaan siirtyminen avaa lukuisia uusia liiketoimintamahdollisuuksia.<\/div>\n<div dir=\"auto\">&nbsp;<\/div>\n<div dir=\"auto\">Silja Ker\u00e4nen, Kajaani<\/div>\n<\/div>\n<div class=\"o9v6fnle cxmmr5t8 oygrvhab hcukyx3x c1et5uql ii04i59q\">\n<div dir=\"auto\">Susanna Raninen, Kajaani<\/div>\n<div dir=\"auto\">Nina Jyrk\u00e4s, Kajaani<\/div>\n<div dir=\"auto\">Virpi Juvonen, Paltamo<\/div>\n<div dir=\"auto\">Perttu Hallikainen, Kajaani<\/div>\n<div dir=\"auto\">Anne Kemppainen, Kajaani<\/div>\n<div dir=\"auto\">Karl Kunnas, Kajaani<\/div>\n<div dir=\"auto\">Mauno Tolonen, Kajaani<\/div>\n<div dir=\"auto\">\n<p>Pertti Raninen, Ristij\u00e4rvi<\/p>\n<\/div>\n<\/div>\n<div class=\"o9v6fnle cxmmr5t8 oygrvhab hcukyx3x c1et5uql ii04i59q\">\n<div dir=\"auto\"><em>Kirjoittajat ovat vihreiden kuntavaaliehdokkaita. Kirjoitus on julkaistu Kainuun Sanomissa 16.2.2021.<\/em><\/div>\n<\/div>\n<div style=\"padding-bottom:20px; padding-top:10px;\" class=\"hupso-share-buttons\"><!-- Hupso Share Buttons - https:\/\/www.hupso.com\/share\/ --><a class=\"hupso_counters\" href=\"https:\/\/www.hupso.com\/share\/\"><img decoding=\"async\" src=\"https:\/\/static.hupso.com\/share\/buttons\/share-small.png\" style=\"border:0px; padding-top:2px; float:left;\" alt=\"Share Button\"\/><\/a><script type=\"text\/javascript\">var hupso_services_c=new Array(\"twitter\",\"facebook_like\",\"facebook_send\",\"google\");var hupso_counters_lang = \"en_US\";var hupso_image_folder_url = \"\";var hupso_url_c=\"\";var hupso_title_c=\"K%C3%A4%C3%A4nnett%C3%A4isk%C3%B6%20jo%20seuraava%20sivu%3F\";<\/script><script type=\"text\/javascript\" src=\"https:\/\/static.hupso.com\/share\/js\/counters.js\"><\/script><!-- Hupso Share Buttons --><\/div>","protected":false},"excerpt":{"rendered":"<p>Mets\u00e4 Fibre ilmoitti rakentavansa Kemiin uuden sellutehtaan. Se on Suomen historian suurin mets\u00e4teollisuusinvestointi, joka tulee k\u00e4ytt\u00e4m\u00e4\u00e4n enn\u00e4tysm\u00e4\u00e4r\u00e4n kuitupuuta. Osa siit\u00e4 hankitaan Ruotsin puolelta, mutta todenn\u00e4k\u00f6isesti suurin osa Pohjois-Suomesta. My\u00f6s Kainuusta. On tosiasia, ett\u00e4 kaikki Pohjois-Suomeen kaavaillut sellutehdas ja biotuotetehdashankkeet eiv\u00e4t tule toteutumaan. Puuta ei Pohjois-Suomen metsiss\u00e4 loputtomasti riit\u00e4, varsinkin kun on tarpeen ottaa huomioon hiilinielujen [&hellip;]<\/p>\n<div style=\"padding-bottom:20px; padding-top:10px;\" class=\"hupso-share-buttons\"><!-- Hupso Share Buttons - https:\/\/www.hupso.com\/share\/ --><a class=\"hupso_counters\" href=\"https:\/\/www.hupso.com\/share\/\"><img src=\"https:\/\/static.hupso.com\/share\/buttons\/share-small.png\" style=\"border:0px; padding-top:2px; float:left;\" alt=\"Share Button\"\/><\/a><script type=\"text\/javascript\">var hupso_services_c=new Array(\"twitter\",\"facebook_like\",\"facebook_send\",\"google\");var hupso_counters_lang = \"en_US\";var hupso_image_folder_url = \"\";var hupso_url_c=\"\";var hupso_title_c=\"K%C3%A4%C3%A4nnett%C3%A4isk%C3%B6%20jo%20seuraava%20sivu%3F\";<\/script><script type=\"text\/javascript\" src=\"https:\/\/static.hupso.com\/share\/js\/counters.js\"><\/script><!-- Hupso Share Buttons --><\/div>","protected":false},"author":1,"featured_media":2073,"comment_status":"open","ping_status":"closed","sticky":false,"template":"","format":"standard","meta":{"ngg_post_thumbnail":0,"footnotes":""},"categories":[27,7,4,20,6,10,5,30],"tags":[],"class_list":["post-2068","post","type-post","status-publish","format-standard","has-post-thumbnail","hentry","category-ilmastonmuutos","category-kainuu","category-vaalit","category-metsa","category-politiikka","category-vihreat","category-ymparisto","category-yrittajyys-elinkeinot"],"yoast_head":"<!-- This site is optimized with the Yoast SEO plugin v27.3 - https:\/\/yoast.com\/product\/yoast-seo-wordpress\/ -->\n<title>K\u00e4\u00e4nnett\u00e4isk\u00f6 jo seuraava sivu? - Silja Ker\u00e4nen<\/title>\n<meta name=\"robots\" content=\"index, follow, max-snippet:-1, max-image-preview:large, max-video-preview:-1\" \/>\n<link rel=\"canonical\" href=\"https:\/\/siljakeranen.fi\/blogi\/kaannettaisko-jo-seuraava-sivu\/\" \/>\n<meta property=\"og:locale\" content=\"fi_FI\" \/>\n<meta property=\"og:type\" content=\"article\" \/>\n<meta property=\"og:title\" content=\"K\u00e4\u00e4nnett\u00e4isk\u00f6 jo seuraava sivu? - Silja Ker\u00e4nen\" \/>\n<meta property=\"og:description\" content=\"Mets\u00e4 Fibre ilmoitti rakentavansa Kemiin uuden sellutehtaan. Se on Suomen historian suurin mets\u00e4teollisuusinvestointi, joka tulee k\u00e4ytt\u00e4m\u00e4\u00e4n enn\u00e4tysm\u00e4\u00e4r\u00e4n kuitupuuta. Osa siit\u00e4 hankitaan Ruotsin puolelta, mutta todenn\u00e4k\u00f6isesti suurin osa Pohjois-Suomesta. My\u00f6s Kainuusta. On tosiasia, ett\u00e4 kaikki Pohjois-Suomeen kaavaillut sellutehdas ja biotuotetehdashankkeet eiv\u00e4t tule toteutumaan. Puuta ei Pohjois-Suomen metsiss\u00e4 loputtomasti riit\u00e4, varsinkin kun on tarpeen ottaa huomioon hiilinielujen [&hellip;]\" \/>\n<meta property=\"og:url\" content=\"https:\/\/siljakeranen.fi\/blogi\/kaannettaisko-jo-seuraava-sivu\/\" \/>\n<meta property=\"og:site_name\" content=\"Silja Ker\u00e4nen\" \/>\n<meta property=\"article:publisher\" content=\"https:\/\/www.facebook.com\/siljamkeranen\" \/>\n<meta property=\"article:author\" content=\"https:\/\/www.facebook.com\/siljamkeranen\" \/>\n<meta property=\"article:published_time\" content=\"2021-02-25T12:49:21+00:00\" \/>\n<meta property=\"og:image\" content=\"https:\/\/siljakeranen.fi\/blogi\/wp-content\/uploads\/2021\/02\/IMG_0982-scaled.jpeg\" \/>\n\t<meta property=\"og:image:width\" content=\"2560\" \/>\n\t<meta property=\"og:image:height\" content=\"1920\" \/>\n\t<meta property=\"og:image:type\" content=\"image\/jpeg\" \/>\n<meta name=\"author\" content=\"Silja\" \/>\n<meta name=\"twitter:card\" content=\"summary_large_image\" \/>\n<meta name=\"twitter:creator\" content=\"@https:\/\/twitter.com\/SiljaMP\" \/>\n<meta name=\"twitter:site\" content=\"@SiljaMP\" \/>\n<meta name=\"twitter:label1\" content=\"Kirjoittanut\" \/>\n\t<meta name=\"twitter:data1\" content=\"Silja\" \/>\n\t<meta name=\"twitter:label2\" content=\"Arvioitu lukuaika\" \/>\n\t<meta name=\"twitter:data2\" content=\"1 minuutti\" \/>\n<script type=\"application\/ld+json\" class=\"yoast-schema-graph\">{\"@context\":\"https:\\\/\\\/schema.org\",\"@graph\":[{\"@type\":\"Article\",\"@id\":\"https:\\\/\\\/siljakeranen.fi\\\/blogi\\\/kaannettaisko-jo-seuraava-sivu\\\/#article\",\"isPartOf\":{\"@id\":\"https:\\\/\\\/siljakeranen.fi\\\/blogi\\\/kaannettaisko-jo-seuraava-sivu\\\/\"},\"author\":{\"name\":\"Silja\",\"@id\":\"https:\\\/\\\/siljakeranen.fi\\\/blogi\\\/#\\\/schema\\\/person\\\/d43605ef0d5681c1b27a4ba1fede1cf4\"},\"headline\":\"K\u00e4\u00e4nnett\u00e4isk\u00f6 jo seuraava sivu?\",\"datePublished\":\"2021-02-25T12:49:21+00:00\",\"mainEntityOfPage\":{\"@id\":\"https:\\\/\\\/siljakeranen.fi\\\/blogi\\\/kaannettaisko-jo-seuraava-sivu\\\/\"},\"wordCount\":292,\"commentCount\":0,\"publisher\":{\"@id\":\"https:\\\/\\\/siljakeranen.fi\\\/blogi\\\/#\\\/schema\\\/person\\\/d43605ef0d5681c1b27a4ba1fede1cf4\"},\"image\":{\"@id\":\"https:\\\/\\\/siljakeranen.fi\\\/blogi\\\/kaannettaisko-jo-seuraava-sivu\\\/#primaryimage\"},\"thumbnailUrl\":\"https:\\\/\\\/siljakeranen.fi\\\/blogi\\\/wp-content\\\/uploads\\\/2021\\\/02\\\/IMG_0982-scaled.jpeg\",\"articleSection\":[\"Ilmastonmuutos\",\"Kainuu\",\"Kuntavaalit\",\"Mets\u00e4\",\"Politiikka\",\"Vihre\u00e4t\",\"Ymp\u00e4rist\u00f6\",\"Yritt\u00e4jyys &amp; elinkeinot\"],\"inLanguage\":\"fi\",\"potentialAction\":[{\"@type\":\"CommentAction\",\"name\":\"Comment\",\"target\":[\"https:\\\/\\\/siljakeranen.fi\\\/blogi\\\/kaannettaisko-jo-seuraava-sivu\\\/#respond\"]}]},{\"@type\":\"WebPage\",\"@id\":\"https:\\\/\\\/siljakeranen.fi\\\/blogi\\\/kaannettaisko-jo-seuraava-sivu\\\/\",\"url\":\"https:\\\/\\\/siljakeranen.fi\\\/blogi\\\/kaannettaisko-jo-seuraava-sivu\\\/\",\"name\":\"K\u00e4\u00e4nnett\u00e4isk\u00f6 jo seuraava sivu? - Silja Ker\u00e4nen\",\"isPartOf\":{\"@id\":\"https:\\\/\\\/siljakeranen.fi\\\/blogi\\\/#website\"},\"primaryImageOfPage\":{\"@id\":\"https:\\\/\\\/siljakeranen.fi\\\/blogi\\\/kaannettaisko-jo-seuraava-sivu\\\/#primaryimage\"},\"image\":{\"@id\":\"https:\\\/\\\/siljakeranen.fi\\\/blogi\\\/kaannettaisko-jo-seuraava-sivu\\\/#primaryimage\"},\"thumbnailUrl\":\"https:\\\/\\\/siljakeranen.fi\\\/blogi\\\/wp-content\\\/uploads\\\/2021\\\/02\\\/IMG_0982-scaled.jpeg\",\"datePublished\":\"2021-02-25T12:49:21+00:00\",\"breadcrumb\":{\"@id\":\"https:\\\/\\\/siljakeranen.fi\\\/blogi\\\/kaannettaisko-jo-seuraava-sivu\\\/#breadcrumb\"},\"inLanguage\":\"fi\",\"potentialAction\":[{\"@type\":\"ReadAction\",\"target\":[\"https:\\\/\\\/siljakeranen.fi\\\/blogi\\\/kaannettaisko-jo-seuraava-sivu\\\/\"]}]},{\"@type\":\"ImageObject\",\"inLanguage\":\"fi\",\"@id\":\"https:\\\/\\\/siljakeranen.fi\\\/blogi\\\/kaannettaisko-jo-seuraava-sivu\\\/#primaryimage\",\"url\":\"https:\\\/\\\/siljakeranen.fi\\\/blogi\\\/wp-content\\\/uploads\\\/2021\\\/02\\\/IMG_0982-scaled.jpeg\",\"contentUrl\":\"https:\\\/\\\/siljakeranen.fi\\\/blogi\\\/wp-content\\\/uploads\\\/2021\\\/02\\\/IMG_0982-scaled.jpeg\",\"width\":2560,\"height\":1920},{\"@type\":\"BreadcrumbList\",\"@id\":\"https:\\\/\\\/siljakeranen.fi\\\/blogi\\\/kaannettaisko-jo-seuraava-sivu\\\/#breadcrumb\",\"itemListElement\":[{\"@type\":\"ListItem\",\"position\":1,\"name\":\"Etusivu\",\"item\":\"https:\\\/\\\/siljakeranen.fi\\\/blogi\\\/\"},{\"@type\":\"ListItem\",\"position\":2,\"name\":\"K\u00e4\u00e4nnett\u00e4isk\u00f6 jo seuraava sivu?\"}]},{\"@type\":\"WebSite\",\"@id\":\"https:\\\/\\\/siljakeranen.fi\\\/blogi\\\/#website\",\"url\":\"https:\\\/\\\/siljakeranen.fi\\\/blogi\\\/\",\"name\":\"Silja Ker\u00e4nen\",\"description\":\"Silja Ker\u00e4nen, kainuulainen vihre\u00e4 poliitikko\",\"publisher\":{\"@id\":\"https:\\\/\\\/siljakeranen.fi\\\/blogi\\\/#\\\/schema\\\/person\\\/d43605ef0d5681c1b27a4ba1fede1cf4\"},\"potentialAction\":[{\"@type\":\"SearchAction\",\"target\":{\"@type\":\"EntryPoint\",\"urlTemplate\":\"https:\\\/\\\/siljakeranen.fi\\\/blogi\\\/?s={search_term_string}\"},\"query-input\":{\"@type\":\"PropertyValueSpecification\",\"valueRequired\":true,\"valueName\":\"search_term_string\"}}],\"inLanguage\":\"fi\"},{\"@type\":[\"Person\",\"Organization\"],\"@id\":\"https:\\\/\\\/siljakeranen.fi\\\/blogi\\\/#\\\/schema\\\/person\\\/d43605ef0d5681c1b27a4ba1fede1cf4\",\"name\":\"Silja\",\"image\":{\"@type\":\"ImageObject\",\"inLanguage\":\"fi\",\"@id\":\"https:\\\/\\\/siljakeranen.fi\\\/blogi\\\/wp-content\\\/uploads\\\/2023\\\/01\\\/cropped-silja_250x100.png\",\"url\":\"https:\\\/\\\/siljakeranen.fi\\\/blogi\\\/wp-content\\\/uploads\\\/2023\\\/01\\\/cropped-silja_250x100.png\",\"contentUrl\":\"https:\\\/\\\/siljakeranen.fi\\\/blogi\\\/wp-content\\\/uploads\\\/2023\\\/01\\\/cropped-silja_250x100.png\",\"width\":250,\"height\":100,\"caption\":\"Silja\"},\"logo\":{\"@id\":\"https:\\\/\\\/siljakeranen.fi\\\/blogi\\\/wp-content\\\/uploads\\\/2023\\\/01\\\/cropped-silja_250x100.png\"},\"sameAs\":[\"http:\\\/\\\/www.siljakeranen.fi\",\"https:\\\/\\\/www.facebook.com\\\/siljamkeranen\",\"https:\\\/\\\/www.instagram.com\\\/siljakeranen\\\/\",\"https:\\\/\\\/www.linkedin.com\\\/in\\\/silja-kernen-4331b548\\\/\",\"https:\\\/\\\/x.com\\\/https:\\\/\\\/twitter.com\\\/SiljaMP\",\"https:\\\/\\\/www.youtube.com\\\/channel\\\/UC0MWeuoWP4-Mjs1z8pIv3GQ\",\"https:\\\/\\\/fi.wikipedia.org\\\/wiki\\\/Silja_Kernen\"],\"url\":\"https:\\\/\\\/siljakeranen.fi\\\/blogi\\\/author\\\/admin\\\/\"}]}<\/script>\n<!-- \/ Yoast SEO plugin. -->","yoast_head_json":{"title":"K\u00e4\u00e4nnett\u00e4isk\u00f6 jo seuraava sivu? - Silja Ker\u00e4nen","robots":{"index":"index","follow":"follow","max-snippet":"max-snippet:-1","max-image-preview":"max-image-preview:large","max-video-preview":"max-video-preview:-1"},"canonical":"https:\/\/siljakeranen.fi\/blogi\/kaannettaisko-jo-seuraava-sivu\/","og_locale":"fi_FI","og_type":"article","og_title":"K\u00e4\u00e4nnett\u00e4isk\u00f6 jo seuraava sivu? - Silja Ker\u00e4nen","og_description":"Mets\u00e4 Fibre ilmoitti rakentavansa Kemiin uuden sellutehtaan. Se on Suomen historian suurin mets\u00e4teollisuusinvestointi, joka tulee k\u00e4ytt\u00e4m\u00e4\u00e4n enn\u00e4tysm\u00e4\u00e4r\u00e4n kuitupuuta. Osa siit\u00e4 hankitaan Ruotsin puolelta, mutta todenn\u00e4k\u00f6isesti suurin osa Pohjois-Suomesta. My\u00f6s Kainuusta. On tosiasia, ett\u00e4 kaikki Pohjois-Suomeen kaavaillut sellutehdas ja biotuotetehdashankkeet eiv\u00e4t tule toteutumaan. Puuta ei Pohjois-Suomen metsiss\u00e4 loputtomasti riit\u00e4, varsinkin kun on tarpeen ottaa huomioon hiilinielujen [&hellip;]","og_url":"https:\/\/siljakeranen.fi\/blogi\/kaannettaisko-jo-seuraava-sivu\/","og_site_name":"Silja Ker\u00e4nen","article_publisher":"https:\/\/www.facebook.com\/siljamkeranen","article_author":"https:\/\/www.facebook.com\/siljamkeranen","article_published_time":"2021-02-25T12:49:21+00:00","og_image":[{"width":2560,"height":1920,"url":"https:\/\/siljakeranen.fi\/blogi\/wp-content\/uploads\/2021\/02\/IMG_0982-scaled.jpeg","type":"image\/jpeg"}],"author":"Silja","twitter_card":"summary_large_image","twitter_creator":"@https:\/\/twitter.com\/SiljaMP","twitter_site":"@SiljaMP","twitter_misc":{"Kirjoittanut":"Silja","Arvioitu lukuaika":"1 minuutti"},"schema":{"@context":"https:\/\/schema.org","@graph":[{"@type":"Article","@id":"https:\/\/siljakeranen.fi\/blogi\/kaannettaisko-jo-seuraava-sivu\/#article","isPartOf":{"@id":"https:\/\/siljakeranen.fi\/blogi\/kaannettaisko-jo-seuraava-sivu\/"},"author":{"name":"Silja","@id":"https:\/\/siljakeranen.fi\/blogi\/#\/schema\/person\/d43605ef0d5681c1b27a4ba1fede1cf4"},"headline":"K\u00e4\u00e4nnett\u00e4isk\u00f6 jo seuraava sivu?","datePublished":"2021-02-25T12:49:21+00:00","mainEntityOfPage":{"@id":"https:\/\/siljakeranen.fi\/blogi\/kaannettaisko-jo-seuraava-sivu\/"},"wordCount":292,"commentCount":0,"publisher":{"@id":"https:\/\/siljakeranen.fi\/blogi\/#\/schema\/person\/d43605ef0d5681c1b27a4ba1fede1cf4"},"image":{"@id":"https:\/\/siljakeranen.fi\/blogi\/kaannettaisko-jo-seuraava-sivu\/#primaryimage"},"thumbnailUrl":"https:\/\/siljakeranen.fi\/blogi\/wp-content\/uploads\/2021\/02\/IMG_0982-scaled.jpeg","articleSection":["Ilmastonmuutos","Kainuu","Kuntavaalit","Mets\u00e4","Politiikka","Vihre\u00e4t","Ymp\u00e4rist\u00f6","Yritt\u00e4jyys &amp; elinkeinot"],"inLanguage":"fi","potentialAction":[{"@type":"CommentAction","name":"Comment","target":["https:\/\/siljakeranen.fi\/blogi\/kaannettaisko-jo-seuraava-sivu\/#respond"]}]},{"@type":"WebPage","@id":"https:\/\/siljakeranen.fi\/blogi\/kaannettaisko-jo-seuraava-sivu\/","url":"https:\/\/siljakeranen.fi\/blogi\/kaannettaisko-jo-seuraava-sivu\/","name":"K\u00e4\u00e4nnett\u00e4isk\u00f6 jo seuraava sivu? - Silja Ker\u00e4nen","isPartOf":{"@id":"https:\/\/siljakeranen.fi\/blogi\/#website"},"primaryImageOfPage":{"@id":"https:\/\/siljakeranen.fi\/blogi\/kaannettaisko-jo-seuraava-sivu\/#primaryimage"},"image":{"@id":"https:\/\/siljakeranen.fi\/blogi\/kaannettaisko-jo-seuraava-sivu\/#primaryimage"},"thumbnailUrl":"https:\/\/siljakeranen.fi\/blogi\/wp-content\/uploads\/2021\/02\/IMG_0982-scaled.jpeg","datePublished":"2021-02-25T12:49:21+00:00","breadcrumb":{"@id":"https:\/\/siljakeranen.fi\/blogi\/kaannettaisko-jo-seuraava-sivu\/#breadcrumb"},"inLanguage":"fi","potentialAction":[{"@type":"ReadAction","target":["https:\/\/siljakeranen.fi\/blogi\/kaannettaisko-jo-seuraava-sivu\/"]}]},{"@type":"ImageObject","inLanguage":"fi","@id":"https:\/\/siljakeranen.fi\/blogi\/kaannettaisko-jo-seuraava-sivu\/#primaryimage","url":"https:\/\/siljakeranen.fi\/blogi\/wp-content\/uploads\/2021\/02\/IMG_0982-scaled.jpeg","contentUrl":"https:\/\/siljakeranen.fi\/blogi\/wp-content\/uploads\/2021\/02\/IMG_0982-scaled.jpeg","width":2560,"height":1920},{"@type":"BreadcrumbList","@id":"https:\/\/siljakeranen.fi\/blogi\/kaannettaisko-jo-seuraava-sivu\/#breadcrumb","itemListElement":[{"@type":"ListItem","position":1,"name":"Etusivu","item":"https:\/\/siljakeranen.fi\/blogi\/"},{"@type":"ListItem","position":2,"name":"K\u00e4\u00e4nnett\u00e4isk\u00f6 jo seuraava sivu?"}]},{"@type":"WebSite","@id":"https:\/\/siljakeranen.fi\/blogi\/#website","url":"https:\/\/siljakeranen.fi\/blogi\/","name":"Silja Ker\u00e4nen","description":"Silja Ker\u00e4nen, kainuulainen vihre\u00e4 poliitikko","publisher":{"@id":"https:\/\/siljakeranen.fi\/blogi\/#\/schema\/person\/d43605ef0d5681c1b27a4ba1fede1cf4"},"potentialAction":[{"@type":"SearchAction","target":{"@type":"EntryPoint","urlTemplate":"https:\/\/siljakeranen.fi\/blogi\/?s={search_term_string}"},"query-input":{"@type":"PropertyValueSpecification","valueRequired":true,"valueName":"search_term_string"}}],"inLanguage":"fi"},{"@type":["Person","Organization"],"@id":"https:\/\/siljakeranen.fi\/blogi\/#\/schema\/person\/d43605ef0d5681c1b27a4ba1fede1cf4","name":"Silja","image":{"@type":"ImageObject","inLanguage":"fi","@id":"https:\/\/siljakeranen.fi\/blogi\/wp-content\/uploads\/2023\/01\/cropped-silja_250x100.png","url":"https:\/\/siljakeranen.fi\/blogi\/wp-content\/uploads\/2023\/01\/cropped-silja_250x100.png","contentUrl":"https:\/\/siljakeranen.fi\/blogi\/wp-content\/uploads\/2023\/01\/cropped-silja_250x100.png","width":250,"height":100,"caption":"Silja"},"logo":{"@id":"https:\/\/siljakeranen.fi\/blogi\/wp-content\/uploads\/2023\/01\/cropped-silja_250x100.png"},"sameAs":["http:\/\/www.siljakeranen.fi","https:\/\/www.facebook.com\/siljamkeranen","https:\/\/www.instagram.com\/siljakeranen\/","https:\/\/www.linkedin.com\/in\/silja-kernen-4331b548\/","https:\/\/x.com\/https:\/\/twitter.com\/SiljaMP","https:\/\/www.youtube.com\/channel\/UC0MWeuoWP4-Mjs1z8pIv3GQ","https:\/\/fi.wikipedia.org\/wiki\/Silja_Kernen"],"url":"https:\/\/siljakeranen.fi\/blogi\/author\/admin\/"}]}},"_links":{"self":[{"href":"https:\/\/siljakeranen.fi\/blogi\/wp-json\/wp\/v2\/posts\/2068","targetHints":{"allow":["GET"]}}],"collection":[{"href":"https:\/\/siljakeranen.fi\/blogi\/wp-json\/wp\/v2\/posts"}],"about":[{"href":"https:\/\/siljakeranen.fi\/blogi\/wp-json\/wp\/v2\/types\/post"}],"author":[{"embeddable":true,"href":"https:\/\/siljakeranen.fi\/blogi\/wp-json\/wp\/v2\/users\/1"}],"replies":[{"embeddable":true,"href":"https:\/\/siljakeranen.fi\/blogi\/wp-json\/wp\/v2\/comments?post=2068"}],"version-history":[{"count":4,"href":"https:\/\/siljakeranen.fi\/blogi\/wp-json\/wp\/v2\/posts\/2068\/revisions"}],"predecessor-version":[{"id":2072,"href":"https:\/\/siljakeranen.fi\/blogi\/wp-json\/wp\/v2\/posts\/2068\/revisions\/2072"}],"wp:featuredmedia":[{"embeddable":true,"href":"https:\/\/siljakeranen.fi\/blogi\/wp-json\/wp\/v2\/media\/2073"}],"wp:attachment":[{"href":"https:\/\/siljakeranen.fi\/blogi\/wp-json\/wp\/v2\/media?parent=2068"}],"wp:term":[{"taxonomy":"category","embeddable":true,"href":"https:\/\/siljakeranen.fi\/blogi\/wp-json\/wp\/v2\/categories?post=2068"},{"taxonomy":"post_tag","embeddable":true,"href":"https:\/\/siljakeranen.fi\/blogi\/wp-json\/wp\/v2\/tags?post=2068"}],"curies":[{"name":"wp","href":"https:\/\/api.w.org\/{rel}","templated":true}]}}