{"id":2182,"date":"2021-11-24T17:10:51","date_gmt":"2021-11-24T15:10:51","guid":{"rendered":"https:\/\/siljakeranen.fi\/blogi\/?p=2182"},"modified":"2024-05-17T20:41:33","modified_gmt":"2024-05-17T17:41:33","slug":"maakunnan-poikamiehet-heitot-eivat-edista-maakuntien-asiaa","status":"publish","type":"post","link":"https:\/\/siljakeranen.fi\/blogi\/maakunnan-poikamiehet-heitot-eivat-edista-maakuntien-asiaa\/","title":{"rendered":"&#8217;Maakunnan poikamiehet&#8217; heitot eiv\u00e4t edist\u00e4 maakuntien asiaa."},"content":{"rendered":"<div class=\"\" dir=\"auto\">\n<div id=\"jsc_c_71\" class=\"ecm0bbzt hv4rvrfc ihqw7lf3 dati1w0a\" data-ad-comet-preview=\"message\" data-ad-preview=\"message\">\n<div class=\"j83agx80 cbu4d94t ew0dbk1b irj2b8pg\">\n<div class=\"qzhwtbm6 knvmm38d\">\n<div class=\"kvgmc6g5 cxmmr5t8 oygrvhab hcukyx3x c1et5uql ii04i59q\">\n<div dir=\"auto\">Keskustan \u2019maakunnan poikamiehet\u2019 -heitot eiv\u00e4t edist\u00e4 tasa-arvoista aluekehityst\u00e4. P\u00e4invastoin.<\/div>\n<div dir=\"auto\">&nbsp;<\/div>\n<\/div>\n<div class=\"o9v6fnle cxmmr5t8 oygrvhab hcukyx3x c1et5uql ii04i59q\">\n<div dir=\"auto\">Keskustan eduskuntaryhm\u00e4n puheenjohtaja Juha Pylv\u00e4s otti puheessaan lauantaina positiivisen kannan korkeakoulutuksen hajauttamiseen. Korkeakoulupaikkojen sijainnilla on valtavasti v\u00e4li\u00e4 ja min\u00e4 n\u00e4en t\u00e4rke\u00e4n\u00e4, ett\u00e4 eri puolilla maata niit\u00e4 on.<\/div>\n<\/div>\n<div class=\"o9v6fnle cxmmr5t8 oygrvhab hcukyx3x c1et5uql ii04i59q\">\n<div dir=\"auto\">&nbsp;<\/div>\n<div dir=\"auto\">T\u00e4m\u00e4n j\u00e4lkeen Pylv\u00e4s kuitenkin <a href=\"https:\/\/www.iltalehti.fi\/politiikka\/a\/cbb55b7c-4425-4c82-b653-5d236e365f3d\" target=\"_blank\" rel=\"noopener\">totesi, ett\u00e4 \u201dT\u00e4m\u00e4 ilahduttaa varmasti maakuntien poikamiehi\u00e4!\u201d<\/a><\/div>\n<div dir=\"auto\">&nbsp;<\/div>\n<div dir=\"auto\">Oletettavasti t\u00e4ll\u00e4 heitolla tarkoitetaan sit\u00e4, ett\u00e4 korkeakoulutuksen \u2013 etenkin yliopistokoulutuksen \u2013 hajauttamisen my\u00f6t\u00e4 maakuntien sukupuolirakenne muuttuisi tasapuolisemmaksi, koska yliopisto-opiskelijoista suurin osa on naisia.<\/div>\n<div dir=\"auto\">&nbsp;<\/div>\n<\/div>\n<div class=\"o9v6fnle cxmmr5t8 oygrvhab hcukyx3x c1et5uql ii04i59q\">\n<div dir=\"auto\">Mutta. Korkeakoulupolitiikkaa, koulutuspaikkojen sijaintikeskustelua eik\u00e4 tasa-arvoisempaa aluekehityst\u00e4 tehd\u00e4 maakuntien poikamiesten vuoksi.<\/div>\n<\/div>\n<div class=\"o9v6fnle cxmmr5t8 oygrvhab hcukyx3x c1et5uql ii04i59q\">\n<div dir=\"auto\">&nbsp;<\/div>\n<div dir=\"auto\">T\u00e4llaiset heitot vain tekev\u00e4t koko asialle hallaa!<\/div>\n<\/div>\n<div class=\"o9v6fnle cxmmr5t8 oygrvhab hcukyx3x c1et5uql ii04i59q\">\n<div dir=\"auto\">&nbsp;<\/div>\n<div dir=\"auto\">On tosiasia, ett\u00e4 monin paikoin isojen kaupunkien ulkopuolella on enemm\u00e4n nuoria miehi\u00e4 kuin nuoria naisia. Ratkaisu t\u00e4h\u00e4n on feministisen elinvoimapolitiikka, jossa luodaan tasa-arvoisempia koulutus- ja ty\u00f6mahdollisuuksia. Eli toisin sanoen panostetaan maakunnissa my\u00f6s naisvaltaisiin aloihin.<\/div>\n<\/div>\n<div class=\"o9v6fnle cxmmr5t8 oygrvhab hcukyx3x c1et5uql ii04i59q\">\n<div dir=\"auto\">&nbsp;<\/div>\n<div dir=\"auto\">Osa feministist\u00e4 elinvoimapolitiikkaa on my\u00f6s alueen ilmapiirin parantaminen. Luodaan sellaisia kuntia, pikkukaupunkeja ja maakuntia, joissa erilaiset ihmiset viihtyv\u00e4t. T\u00e4llaiset \u2019maakuntien poikamies\u2019 -heitot eiv\u00e4t edist\u00e4 asiaa lainkaan. P\u00e4invastoin.<\/div>\n<\/div>\n<div class=\"o9v6fnle cxmmr5t8 oygrvhab hcukyx3x c1et5uql ii04i59q\">\n<div dir=\"auto\">&nbsp;<\/div>\n<div dir=\"auto\">Ihmisill\u00e4 \u2013 my\u00f6s nuorilla naisilla \u2013 pit\u00e4\u00e4 olla vapaus valita oma asuinpaikkansa, uransa ja muut el\u00e4m\u00e4ns\u00e4 valinnat itse. Yhteiskunnan ja poliitikkojen pit\u00e4\u00e4 tarjota t\u00e4h\u00e4n mahdollisuus. Ja feministisell\u00e4 elinvoimapolitiikalla mahdollistaa valinnan kohdistuminen my\u00f6s isojen kaupunkien ulkopuolelle.<\/div>\n<\/div>\n<div class=\"o9v6fnle cxmmr5t8 oygrvhab hcukyx3x c1et5uql ii04i59q\">\n<div dir=\"auto\">&nbsp;<\/div>\n<div dir=\"auto\">Keskusta. Me voitaisiin t\u00e4ss\u00e4(kin) asiassa l\u00f6yt\u00e4\u00e4 yhteisty\u00f6n mahdollisuus. Kehitt\u00e4\u00e4 meid\u00e4n alueita sellaisiksi, ett\u00e4 mahdollisimman monen on niiss\u00e4 hyv\u00e4\u00e4 el\u00e4\u00e4 ja ett\u00e4 kaikenlaiset ihmiset voivat meid\u00e4n seuduille el\u00e4m\u00e4ns\u00e4 rakentaa. Huolimattomat heitot tekev\u00e4t t\u00e4lle asialle vain hallaa.<\/div>\n<\/div>\n<\/div>\n<\/div>\n<\/div>\n<\/div>\n<div style=\"padding-bottom:20px; padding-top:10px;\" class=\"hupso-share-buttons\"><!-- Hupso Share Buttons - https:\/\/www.hupso.com\/share\/ --><a class=\"hupso_counters\" href=\"https:\/\/www.hupso.com\/share\/\"><img decoding=\"async\" src=\"https:\/\/static.hupso.com\/share\/buttons\/share-small.png\" style=\"border:0px; padding-top:2px; float:left;\" alt=\"Share Button\"\/><\/a><script type=\"text\/javascript\">var hupso_services_c=new Array(\"twitter\",\"facebook_like\",\"facebook_send\",\"google\");var hupso_counters_lang = \"en_US\";var hupso_image_folder_url = \"\";var hupso_url_c=\"\";var hupso_title_c=\"%27Maakunnan%20poikamiehet%27%20heitot%20eiv%C3%A4t%20edist%C3%A4%20maakuntien%20asiaa.\";<\/script><script type=\"text\/javascript\" src=\"https:\/\/static.hupso.com\/share\/js\/counters.js\"><\/script><!-- Hupso Share Buttons --><\/div>","protected":false},"excerpt":{"rendered":"<p>Keskustan \u2019maakunnan poikamiehet\u2019 -heitot eiv\u00e4t edist\u00e4 tasa-arvoista aluekehityst\u00e4. P\u00e4invastoin. &nbsp; Keskustan eduskuntaryhm\u00e4n puheenjohtaja Juha Pylv\u00e4s otti puheessaan lauantaina positiivisen kannan korkeakoulutuksen hajauttamiseen. Korkeakoulupaikkojen sijainnilla on valtavasti v\u00e4li\u00e4 ja min\u00e4 n\u00e4en t\u00e4rke\u00e4n\u00e4, ett\u00e4 eri puolilla maata niit\u00e4 on. &nbsp; T\u00e4m\u00e4n j\u00e4lkeen Pylv\u00e4s kuitenkin totesi, ett\u00e4 \u201dT\u00e4m\u00e4 ilahduttaa varmasti maakuntien poikamiehi\u00e4!\u201d &nbsp; Oletettavasti t\u00e4ll\u00e4 heitolla tarkoitetaan sit\u00e4, [&hellip;]<\/p>\n<div style=\"padding-bottom:20px; padding-top:10px;\" class=\"hupso-share-buttons\"><!-- Hupso Share Buttons - https:\/\/www.hupso.com\/share\/ --><a class=\"hupso_counters\" href=\"https:\/\/www.hupso.com\/share\/\"><img src=\"https:\/\/static.hupso.com\/share\/buttons\/share-small.png\" style=\"border:0px; padding-top:2px; float:left;\" alt=\"Share Button\"\/><\/a><script type=\"text\/javascript\">var hupso_services_c=new Array(\"twitter\",\"facebook_like\",\"facebook_send\",\"google\");var hupso_counters_lang = \"en_US\";var hupso_image_folder_url = \"\";var hupso_url_c=\"\";var hupso_title_c=\"%27Maakunnan%20poikamiehet%27%20heitot%20eiv%C3%A4t%20edist%C3%A4%20maakuntien%20asiaa.\";<\/script><script type=\"text\/javascript\" src=\"https:\/\/static.hupso.com\/share\/js\/counters.js\"><\/script><!-- Hupso Share Buttons --><\/div>","protected":false},"author":1,"featured_media":2160,"comment_status":"open","ping_status":"closed","sticky":false,"template":"","format":"standard","meta":{"ngg_post_thumbnail":0,"footnotes":""},"categories":[7,8,41,38,6,32,30],"tags":[],"class_list":["post-2182","post","type-post","status-publish","format-standard","has-post-thumbnail","hentry","category-kainuu","category-kajaani","category-maaseutu","category-missa-syrja-sijaitsee","category-politiikka","category-yhdenvertaisuus","category-yrittajyys-elinkeinot"],"yoast_head":"<!-- This site is optimized with the Yoast SEO plugin v27.3 - https:\/\/yoast.com\/product\/yoast-seo-wordpress\/ -->\n<title>&#039;Maakunnan poikamiehet&#039; heitot eiv\u00e4t edist\u00e4 maakuntien asiaa. - Silja Ker\u00e4nen<\/title>\n<meta name=\"robots\" content=\"index, follow, max-snippet:-1, max-image-preview:large, max-video-preview:-1\" \/>\n<link rel=\"canonical\" href=\"https:\/\/siljakeranen.fi\/blogi\/maakunnan-poikamiehet-heitot-eivat-edista-maakuntien-asiaa\/\" \/>\n<meta property=\"og:locale\" content=\"fi_FI\" \/>\n<meta property=\"og:type\" content=\"article\" \/>\n<meta property=\"og:title\" content=\"&#039;Maakunnan poikamiehet&#039; heitot eiv\u00e4t edist\u00e4 maakuntien asiaa. - Silja Ker\u00e4nen\" \/>\n<meta property=\"og:description\" content=\"Keskustan \u2019maakunnan poikamiehet\u2019 -heitot eiv\u00e4t edist\u00e4 tasa-arvoista aluekehityst\u00e4. P\u00e4invastoin. &nbsp; Keskustan eduskuntaryhm\u00e4n puheenjohtaja Juha Pylv\u00e4s otti puheessaan lauantaina positiivisen kannan korkeakoulutuksen hajauttamiseen. Korkeakoulupaikkojen sijainnilla on valtavasti v\u00e4li\u00e4 ja min\u00e4 n\u00e4en t\u00e4rke\u00e4n\u00e4, ett\u00e4 eri puolilla maata niit\u00e4 on. &nbsp; T\u00e4m\u00e4n j\u00e4lkeen Pylv\u00e4s kuitenkin totesi, ett\u00e4 \u201dT\u00e4m\u00e4 ilahduttaa varmasti maakuntien poikamiehi\u00e4!\u201d &nbsp; Oletettavasti t\u00e4ll\u00e4 heitolla tarkoitetaan sit\u00e4, [&hellip;]\" \/>\n<meta property=\"og:url\" content=\"https:\/\/siljakeranen.fi\/blogi\/maakunnan-poikamiehet-heitot-eivat-edista-maakuntien-asiaa\/\" \/>\n<meta property=\"og:site_name\" content=\"Silja Ker\u00e4nen\" \/>\n<meta property=\"article:publisher\" content=\"https:\/\/www.facebook.com\/siljamkeranen\" \/>\n<meta property=\"article:author\" content=\"https:\/\/www.facebook.com\/siljamkeranen\" \/>\n<meta property=\"article:published_time\" content=\"2021-11-24T15:10:51+00:00\" \/>\n<meta property=\"article:modified_time\" content=\"2024-05-17T17:41:33+00:00\" \/>\n<meta property=\"og:image\" content=\"https:\/\/siljakeranen.fi\/blogi\/wp-content\/uploads\/2021\/08\/Silja-15-pienempi-2.jpg\" \/>\n\t<meta property=\"og:image:width\" content=\"470\" \/>\n\t<meta property=\"og:image:height\" content=\"581\" \/>\n\t<meta property=\"og:image:type\" content=\"image\/jpeg\" \/>\n<meta name=\"author\" content=\"Silja\" \/>\n<meta name=\"twitter:card\" content=\"summary_large_image\" \/>\n<meta name=\"twitter:creator\" content=\"@https:\/\/twitter.com\/SiljaMP\" \/>\n<meta name=\"twitter:site\" content=\"@SiljaMP\" \/>\n<meta name=\"twitter:label1\" content=\"Kirjoittanut\" \/>\n\t<meta name=\"twitter:data1\" content=\"Silja\" \/>\n\t<meta name=\"twitter:label2\" content=\"Arvioitu lukuaika\" \/>\n\t<meta name=\"twitter:data2\" content=\"2 minuuttia\" \/>\n<script type=\"application\/ld+json\" class=\"yoast-schema-graph\">{\"@context\":\"https:\\\/\\\/schema.org\",\"@graph\":[{\"@type\":\"Article\",\"@id\":\"https:\\\/\\\/siljakeranen.fi\\\/blogi\\\/maakunnan-poikamiehet-heitot-eivat-edista-maakuntien-asiaa\\\/#article\",\"isPartOf\":{\"@id\":\"https:\\\/\\\/siljakeranen.fi\\\/blogi\\\/maakunnan-poikamiehet-heitot-eivat-edista-maakuntien-asiaa\\\/\"},\"author\":{\"name\":\"Silja\",\"@id\":\"https:\\\/\\\/siljakeranen.fi\\\/blogi\\\/#\\\/schema\\\/person\\\/d43605ef0d5681c1b27a4ba1fede1cf4\"},\"headline\":\"&#8217;Maakunnan poikamiehet&#8217; heitot eiv\u00e4t edist\u00e4 maakuntien asiaa.\",\"datePublished\":\"2021-11-24T15:10:51+00:00\",\"dateModified\":\"2024-05-17T17:41:33+00:00\",\"mainEntityOfPage\":{\"@id\":\"https:\\\/\\\/siljakeranen.fi\\\/blogi\\\/maakunnan-poikamiehet-heitot-eivat-edista-maakuntien-asiaa\\\/\"},\"wordCount\":275,\"commentCount\":0,\"publisher\":{\"@id\":\"https:\\\/\\\/siljakeranen.fi\\\/blogi\\\/#\\\/schema\\\/person\\\/d43605ef0d5681c1b27a4ba1fede1cf4\"},\"image\":{\"@id\":\"https:\\\/\\\/siljakeranen.fi\\\/blogi\\\/maakunnan-poikamiehet-heitot-eivat-edista-maakuntien-asiaa\\\/#primaryimage\"},\"thumbnailUrl\":\"https:\\\/\\\/siljakeranen.fi\\\/blogi\\\/wp-content\\\/uploads\\\/2021\\\/08\\\/Silja-15-pienempi-2.jpg\",\"articleSection\":[\"Kainuu\",\"Kajaani\",\"Maaseutu ja aluepolitiikka\",\"Miss\u00e4 syrj\u00e4 sijaitsee?\",\"Politiikka\",\"Yhdenvertaisuus\",\"Yritt\u00e4jyys &amp; elinkeinot\"],\"inLanguage\":\"fi\",\"potentialAction\":[{\"@type\":\"CommentAction\",\"name\":\"Comment\",\"target\":[\"https:\\\/\\\/siljakeranen.fi\\\/blogi\\\/maakunnan-poikamiehet-heitot-eivat-edista-maakuntien-asiaa\\\/#respond\"]}]},{\"@type\":\"WebPage\",\"@id\":\"https:\\\/\\\/siljakeranen.fi\\\/blogi\\\/maakunnan-poikamiehet-heitot-eivat-edista-maakuntien-asiaa\\\/\",\"url\":\"https:\\\/\\\/siljakeranen.fi\\\/blogi\\\/maakunnan-poikamiehet-heitot-eivat-edista-maakuntien-asiaa\\\/\",\"name\":\"'Maakunnan poikamiehet' heitot eiv\u00e4t edist\u00e4 maakuntien asiaa. - Silja Ker\u00e4nen\",\"isPartOf\":{\"@id\":\"https:\\\/\\\/siljakeranen.fi\\\/blogi\\\/#website\"},\"primaryImageOfPage\":{\"@id\":\"https:\\\/\\\/siljakeranen.fi\\\/blogi\\\/maakunnan-poikamiehet-heitot-eivat-edista-maakuntien-asiaa\\\/#primaryimage\"},\"image\":{\"@id\":\"https:\\\/\\\/siljakeranen.fi\\\/blogi\\\/maakunnan-poikamiehet-heitot-eivat-edista-maakuntien-asiaa\\\/#primaryimage\"},\"thumbnailUrl\":\"https:\\\/\\\/siljakeranen.fi\\\/blogi\\\/wp-content\\\/uploads\\\/2021\\\/08\\\/Silja-15-pienempi-2.jpg\",\"datePublished\":\"2021-11-24T15:10:51+00:00\",\"dateModified\":\"2024-05-17T17:41:33+00:00\",\"breadcrumb\":{\"@id\":\"https:\\\/\\\/siljakeranen.fi\\\/blogi\\\/maakunnan-poikamiehet-heitot-eivat-edista-maakuntien-asiaa\\\/#breadcrumb\"},\"inLanguage\":\"fi\",\"potentialAction\":[{\"@type\":\"ReadAction\",\"target\":[\"https:\\\/\\\/siljakeranen.fi\\\/blogi\\\/maakunnan-poikamiehet-heitot-eivat-edista-maakuntien-asiaa\\\/\"]}]},{\"@type\":\"ImageObject\",\"inLanguage\":\"fi\",\"@id\":\"https:\\\/\\\/siljakeranen.fi\\\/blogi\\\/maakunnan-poikamiehet-heitot-eivat-edista-maakuntien-asiaa\\\/#primaryimage\",\"url\":\"https:\\\/\\\/siljakeranen.fi\\\/blogi\\\/wp-content\\\/uploads\\\/2021\\\/08\\\/Silja-15-pienempi-2.jpg\",\"contentUrl\":\"https:\\\/\\\/siljakeranen.fi\\\/blogi\\\/wp-content\\\/uploads\\\/2021\\\/08\\\/Silja-15-pienempi-2.jpg\",\"width\":470,\"height\":581},{\"@type\":\"BreadcrumbList\",\"@id\":\"https:\\\/\\\/siljakeranen.fi\\\/blogi\\\/maakunnan-poikamiehet-heitot-eivat-edista-maakuntien-asiaa\\\/#breadcrumb\",\"itemListElement\":[{\"@type\":\"ListItem\",\"position\":1,\"name\":\"Etusivu\",\"item\":\"https:\\\/\\\/siljakeranen.fi\\\/blogi\\\/\"},{\"@type\":\"ListItem\",\"position\":2,\"name\":\"&#8217;Maakunnan poikamiehet&#8217; heitot eiv\u00e4t edist\u00e4 maakuntien asiaa.\"}]},{\"@type\":\"WebSite\",\"@id\":\"https:\\\/\\\/siljakeranen.fi\\\/blogi\\\/#website\",\"url\":\"https:\\\/\\\/siljakeranen.fi\\\/blogi\\\/\",\"name\":\"Silja Ker\u00e4nen\",\"description\":\"Silja Ker\u00e4nen, kainuulainen vihre\u00e4 poliitikko\",\"publisher\":{\"@id\":\"https:\\\/\\\/siljakeranen.fi\\\/blogi\\\/#\\\/schema\\\/person\\\/d43605ef0d5681c1b27a4ba1fede1cf4\"},\"potentialAction\":[{\"@type\":\"SearchAction\",\"target\":{\"@type\":\"EntryPoint\",\"urlTemplate\":\"https:\\\/\\\/siljakeranen.fi\\\/blogi\\\/?s={search_term_string}\"},\"query-input\":{\"@type\":\"PropertyValueSpecification\",\"valueRequired\":true,\"valueName\":\"search_term_string\"}}],\"inLanguage\":\"fi\"},{\"@type\":[\"Person\",\"Organization\"],\"@id\":\"https:\\\/\\\/siljakeranen.fi\\\/blogi\\\/#\\\/schema\\\/person\\\/d43605ef0d5681c1b27a4ba1fede1cf4\",\"name\":\"Silja\",\"image\":{\"@type\":\"ImageObject\",\"inLanguage\":\"fi\",\"@id\":\"https:\\\/\\\/siljakeranen.fi\\\/blogi\\\/wp-content\\\/uploads\\\/2023\\\/01\\\/cropped-silja_250x100.png\",\"url\":\"https:\\\/\\\/siljakeranen.fi\\\/blogi\\\/wp-content\\\/uploads\\\/2023\\\/01\\\/cropped-silja_250x100.png\",\"contentUrl\":\"https:\\\/\\\/siljakeranen.fi\\\/blogi\\\/wp-content\\\/uploads\\\/2023\\\/01\\\/cropped-silja_250x100.png\",\"width\":250,\"height\":100,\"caption\":\"Silja\"},\"logo\":{\"@id\":\"https:\\\/\\\/siljakeranen.fi\\\/blogi\\\/wp-content\\\/uploads\\\/2023\\\/01\\\/cropped-silja_250x100.png\"},\"sameAs\":[\"http:\\\/\\\/www.siljakeranen.fi\",\"https:\\\/\\\/www.facebook.com\\\/siljamkeranen\",\"https:\\\/\\\/www.instagram.com\\\/siljakeranen\\\/\",\"https:\\\/\\\/www.linkedin.com\\\/in\\\/silja-kernen-4331b548\\\/\",\"https:\\\/\\\/x.com\\\/https:\\\/\\\/twitter.com\\\/SiljaMP\",\"https:\\\/\\\/www.youtube.com\\\/channel\\\/UC0MWeuoWP4-Mjs1z8pIv3GQ\",\"https:\\\/\\\/fi.wikipedia.org\\\/wiki\\\/Silja_Kernen\"],\"url\":\"https:\\\/\\\/siljakeranen.fi\\\/blogi\\\/author\\\/admin\\\/\"}]}<\/script>\n<!-- \/ Yoast SEO plugin. -->","yoast_head_json":{"title":"'Maakunnan poikamiehet' heitot eiv\u00e4t edist\u00e4 maakuntien asiaa. - Silja Ker\u00e4nen","robots":{"index":"index","follow":"follow","max-snippet":"max-snippet:-1","max-image-preview":"max-image-preview:large","max-video-preview":"max-video-preview:-1"},"canonical":"https:\/\/siljakeranen.fi\/blogi\/maakunnan-poikamiehet-heitot-eivat-edista-maakuntien-asiaa\/","og_locale":"fi_FI","og_type":"article","og_title":"'Maakunnan poikamiehet' heitot eiv\u00e4t edist\u00e4 maakuntien asiaa. - Silja Ker\u00e4nen","og_description":"Keskustan \u2019maakunnan poikamiehet\u2019 -heitot eiv\u00e4t edist\u00e4 tasa-arvoista aluekehityst\u00e4. P\u00e4invastoin. &nbsp; Keskustan eduskuntaryhm\u00e4n puheenjohtaja Juha Pylv\u00e4s otti puheessaan lauantaina positiivisen kannan korkeakoulutuksen hajauttamiseen. Korkeakoulupaikkojen sijainnilla on valtavasti v\u00e4li\u00e4 ja min\u00e4 n\u00e4en t\u00e4rke\u00e4n\u00e4, ett\u00e4 eri puolilla maata niit\u00e4 on. &nbsp; T\u00e4m\u00e4n j\u00e4lkeen Pylv\u00e4s kuitenkin totesi, ett\u00e4 \u201dT\u00e4m\u00e4 ilahduttaa varmasti maakuntien poikamiehi\u00e4!\u201d &nbsp; Oletettavasti t\u00e4ll\u00e4 heitolla tarkoitetaan sit\u00e4, [&hellip;]","og_url":"https:\/\/siljakeranen.fi\/blogi\/maakunnan-poikamiehet-heitot-eivat-edista-maakuntien-asiaa\/","og_site_name":"Silja Ker\u00e4nen","article_publisher":"https:\/\/www.facebook.com\/siljamkeranen","article_author":"https:\/\/www.facebook.com\/siljamkeranen","article_published_time":"2021-11-24T15:10:51+00:00","article_modified_time":"2024-05-17T17:41:33+00:00","og_image":[{"width":470,"height":581,"url":"https:\/\/siljakeranen.fi\/blogi\/wp-content\/uploads\/2021\/08\/Silja-15-pienempi-2.jpg","type":"image\/jpeg"}],"author":"Silja","twitter_card":"summary_large_image","twitter_creator":"@https:\/\/twitter.com\/SiljaMP","twitter_site":"@SiljaMP","twitter_misc":{"Kirjoittanut":"Silja","Arvioitu lukuaika":"2 minuuttia"},"schema":{"@context":"https:\/\/schema.org","@graph":[{"@type":"Article","@id":"https:\/\/siljakeranen.fi\/blogi\/maakunnan-poikamiehet-heitot-eivat-edista-maakuntien-asiaa\/#article","isPartOf":{"@id":"https:\/\/siljakeranen.fi\/blogi\/maakunnan-poikamiehet-heitot-eivat-edista-maakuntien-asiaa\/"},"author":{"name":"Silja","@id":"https:\/\/siljakeranen.fi\/blogi\/#\/schema\/person\/d43605ef0d5681c1b27a4ba1fede1cf4"},"headline":"&#8217;Maakunnan poikamiehet&#8217; heitot eiv\u00e4t edist\u00e4 maakuntien asiaa.","datePublished":"2021-11-24T15:10:51+00:00","dateModified":"2024-05-17T17:41:33+00:00","mainEntityOfPage":{"@id":"https:\/\/siljakeranen.fi\/blogi\/maakunnan-poikamiehet-heitot-eivat-edista-maakuntien-asiaa\/"},"wordCount":275,"commentCount":0,"publisher":{"@id":"https:\/\/siljakeranen.fi\/blogi\/#\/schema\/person\/d43605ef0d5681c1b27a4ba1fede1cf4"},"image":{"@id":"https:\/\/siljakeranen.fi\/blogi\/maakunnan-poikamiehet-heitot-eivat-edista-maakuntien-asiaa\/#primaryimage"},"thumbnailUrl":"https:\/\/siljakeranen.fi\/blogi\/wp-content\/uploads\/2021\/08\/Silja-15-pienempi-2.jpg","articleSection":["Kainuu","Kajaani","Maaseutu ja aluepolitiikka","Miss\u00e4 syrj\u00e4 sijaitsee?","Politiikka","Yhdenvertaisuus","Yritt\u00e4jyys &amp; elinkeinot"],"inLanguage":"fi","potentialAction":[{"@type":"CommentAction","name":"Comment","target":["https:\/\/siljakeranen.fi\/blogi\/maakunnan-poikamiehet-heitot-eivat-edista-maakuntien-asiaa\/#respond"]}]},{"@type":"WebPage","@id":"https:\/\/siljakeranen.fi\/blogi\/maakunnan-poikamiehet-heitot-eivat-edista-maakuntien-asiaa\/","url":"https:\/\/siljakeranen.fi\/blogi\/maakunnan-poikamiehet-heitot-eivat-edista-maakuntien-asiaa\/","name":"'Maakunnan poikamiehet' heitot eiv\u00e4t edist\u00e4 maakuntien asiaa. - Silja Ker\u00e4nen","isPartOf":{"@id":"https:\/\/siljakeranen.fi\/blogi\/#website"},"primaryImageOfPage":{"@id":"https:\/\/siljakeranen.fi\/blogi\/maakunnan-poikamiehet-heitot-eivat-edista-maakuntien-asiaa\/#primaryimage"},"image":{"@id":"https:\/\/siljakeranen.fi\/blogi\/maakunnan-poikamiehet-heitot-eivat-edista-maakuntien-asiaa\/#primaryimage"},"thumbnailUrl":"https:\/\/siljakeranen.fi\/blogi\/wp-content\/uploads\/2021\/08\/Silja-15-pienempi-2.jpg","datePublished":"2021-11-24T15:10:51+00:00","dateModified":"2024-05-17T17:41:33+00:00","breadcrumb":{"@id":"https:\/\/siljakeranen.fi\/blogi\/maakunnan-poikamiehet-heitot-eivat-edista-maakuntien-asiaa\/#breadcrumb"},"inLanguage":"fi","potentialAction":[{"@type":"ReadAction","target":["https:\/\/siljakeranen.fi\/blogi\/maakunnan-poikamiehet-heitot-eivat-edista-maakuntien-asiaa\/"]}]},{"@type":"ImageObject","inLanguage":"fi","@id":"https:\/\/siljakeranen.fi\/blogi\/maakunnan-poikamiehet-heitot-eivat-edista-maakuntien-asiaa\/#primaryimage","url":"https:\/\/siljakeranen.fi\/blogi\/wp-content\/uploads\/2021\/08\/Silja-15-pienempi-2.jpg","contentUrl":"https:\/\/siljakeranen.fi\/blogi\/wp-content\/uploads\/2021\/08\/Silja-15-pienempi-2.jpg","width":470,"height":581},{"@type":"BreadcrumbList","@id":"https:\/\/siljakeranen.fi\/blogi\/maakunnan-poikamiehet-heitot-eivat-edista-maakuntien-asiaa\/#breadcrumb","itemListElement":[{"@type":"ListItem","position":1,"name":"Etusivu","item":"https:\/\/siljakeranen.fi\/blogi\/"},{"@type":"ListItem","position":2,"name":"&#8217;Maakunnan poikamiehet&#8217; heitot eiv\u00e4t edist\u00e4 maakuntien asiaa."}]},{"@type":"WebSite","@id":"https:\/\/siljakeranen.fi\/blogi\/#website","url":"https:\/\/siljakeranen.fi\/blogi\/","name":"Silja Ker\u00e4nen","description":"Silja Ker\u00e4nen, kainuulainen vihre\u00e4 poliitikko","publisher":{"@id":"https:\/\/siljakeranen.fi\/blogi\/#\/schema\/person\/d43605ef0d5681c1b27a4ba1fede1cf4"},"potentialAction":[{"@type":"SearchAction","target":{"@type":"EntryPoint","urlTemplate":"https:\/\/siljakeranen.fi\/blogi\/?s={search_term_string}"},"query-input":{"@type":"PropertyValueSpecification","valueRequired":true,"valueName":"search_term_string"}}],"inLanguage":"fi"},{"@type":["Person","Organization"],"@id":"https:\/\/siljakeranen.fi\/blogi\/#\/schema\/person\/d43605ef0d5681c1b27a4ba1fede1cf4","name":"Silja","image":{"@type":"ImageObject","inLanguage":"fi","@id":"https:\/\/siljakeranen.fi\/blogi\/wp-content\/uploads\/2023\/01\/cropped-silja_250x100.png","url":"https:\/\/siljakeranen.fi\/blogi\/wp-content\/uploads\/2023\/01\/cropped-silja_250x100.png","contentUrl":"https:\/\/siljakeranen.fi\/blogi\/wp-content\/uploads\/2023\/01\/cropped-silja_250x100.png","width":250,"height":100,"caption":"Silja"},"logo":{"@id":"https:\/\/siljakeranen.fi\/blogi\/wp-content\/uploads\/2023\/01\/cropped-silja_250x100.png"},"sameAs":["http:\/\/www.siljakeranen.fi","https:\/\/www.facebook.com\/siljamkeranen","https:\/\/www.instagram.com\/siljakeranen\/","https:\/\/www.linkedin.com\/in\/silja-kernen-4331b548\/","https:\/\/x.com\/https:\/\/twitter.com\/SiljaMP","https:\/\/www.youtube.com\/channel\/UC0MWeuoWP4-Mjs1z8pIv3GQ","https:\/\/fi.wikipedia.org\/wiki\/Silja_Kernen"],"url":"https:\/\/siljakeranen.fi\/blogi\/author\/admin\/"}]}},"_links":{"self":[{"href":"https:\/\/siljakeranen.fi\/blogi\/wp-json\/wp\/v2\/posts\/2182","targetHints":{"allow":["GET"]}}],"collection":[{"href":"https:\/\/siljakeranen.fi\/blogi\/wp-json\/wp\/v2\/posts"}],"about":[{"href":"https:\/\/siljakeranen.fi\/blogi\/wp-json\/wp\/v2\/types\/post"}],"author":[{"embeddable":true,"href":"https:\/\/siljakeranen.fi\/blogi\/wp-json\/wp\/v2\/users\/1"}],"replies":[{"embeddable":true,"href":"https:\/\/siljakeranen.fi\/blogi\/wp-json\/wp\/v2\/comments?post=2182"}],"version-history":[{"count":2,"href":"https:\/\/siljakeranen.fi\/blogi\/wp-json\/wp\/v2\/posts\/2182\/revisions"}],"predecessor-version":[{"id":2184,"href":"https:\/\/siljakeranen.fi\/blogi\/wp-json\/wp\/v2\/posts\/2182\/revisions\/2184"}],"wp:featuredmedia":[{"embeddable":true,"href":"https:\/\/siljakeranen.fi\/blogi\/wp-json\/wp\/v2\/media\/2160"}],"wp:attachment":[{"href":"https:\/\/siljakeranen.fi\/blogi\/wp-json\/wp\/v2\/media?parent=2182"}],"wp:term":[{"taxonomy":"category","embeddable":true,"href":"https:\/\/siljakeranen.fi\/blogi\/wp-json\/wp\/v2\/categories?post=2182"},{"taxonomy":"post_tag","embeddable":true,"href":"https:\/\/siljakeranen.fi\/blogi\/wp-json\/wp\/v2\/tags?post=2182"}],"curies":[{"name":"wp","href":"https:\/\/api.w.org\/{rel}","templated":true}]}}