{"id":2396,"date":"2022-10-01T09:00:40","date_gmt":"2022-10-01T06:00:40","guid":{"rendered":"https:\/\/siljakeranen.fi\/blogi\/?p=2396"},"modified":"2023-01-15T14:27:51","modified_gmt":"2023-01-15T12:27:51","slug":"kulttuurialan-koulutusta-kajaaniin","status":"publish","type":"post","link":"https:\/\/siljakeranen.fi\/blogi\/kulttuurialan-koulutusta-kajaaniin\/","title":{"rendered":"Kulttuurialan koulutusta Kajaaniin"},"content":{"rendered":"<p dir=\"ltr\">Aluekehityksen tutkijoilla voi olla kesken\u00e4\u00e4n erilaisia n\u00e4kemyksi\u00e4 lukuisista asioista. Mutta yhdest\u00e4 seikasta he ovat harvinaisen yksimielisi\u00e4. Nimitt\u00e4in koulutuksen merkityksest\u00e4. Siit\u00e4, ett\u00e4 etenkin korkeakoulutuspaikoilla on valtavasti merkityst\u00e4 alueen positiiviselle kehitykselle.<\/p>\n<p dir=\"ltr\">Kajaanissa on eritt\u00e4in vahvaa ja monipuolista kulttuuritoimintaa sek\u00e4 laajaa osaamista sill\u00e4 saralla. Kajaanin kaupunginteatteri luo esitt\u00e4v\u00e4lle taiteelle vankan pohjan, ja itsen\u00e4isesti rahoituksensa hankkiva esitt\u00e4v\u00e4n taiteen ammattilaisten Vaara-kollektiivi tuo kaupungin kulttuurikentt\u00e4\u00e4n oman merkitt\u00e4v\u00e4n lis\u00e4ns\u00e4 harrastajateatterin ohella. T\u00e4m\u00e4n lis\u00e4ksi meill\u00e4 on tanssitaidetta \u2013 niin ammattilaisten Routa Company kuin useita kovatasoisia mahdollisuuksia harrastajille. Musiikkiopisto ja ammattikoulun musiikkiala t\u00e4h\u00e4n p\u00e4\u00e4lle. On poikkeuksellista, ett\u00e4 n\u00e4ill\u00e4 leveyksill\u00e4 kaupungissa on kaksi valtion harkinnanvaraisen toiminta-avustuksen piiriss\u00e4 olevaa vapaan kent\u00e4n esitt\u00e4v\u00e4n taiteen toimijaa &#8211; Vaara ja Routa.<\/p>\n<p dir=\"ltr\">Kulttuuri luo alueelle elinvoimaa jo ihan itsess\u00e4\u00e4n tekij\u00f6iden ja esitysten toimesta. Etenkin kulttuuritoiminta edesauttaa positiivisen ja avoimen ilmapiirin luomisessa &#8211; siin\u00e4, ett\u00e4 kaupungissa on tilaa hengitt\u00e4\u00e4. Kulttuuri laittaa meid\u00e4t pys\u00e4htym\u00e4\u00e4n olennaisen \u00e4\u00e4relle, huomaamaan el\u00e4m\u00e4n yksityiskohdat, asettamaan asiat mittasuhteisiin, luomaan yhteis\u00f6llisyytt\u00e4 ja rakentamaan identiteetti\u00e4. Kulttuurilla on my\u00f6s itseisarvonsa.<\/p>\n<p dir=\"ltr\">Kajaanin \u2013 ja Kainuun \u2013 elinvoiman perusjalat ovat kovin konkreettisia: kaivoksia, mets\u00e4\u00e4, datataloutta, energiaa, matkailua, palvelukeskuksia ja sotea. N\u00e4iden rinnalle tarvitsemme jotain yhteis\u00f6\u00e4 laajasti kehitt\u00e4v\u00e4\u00e4 ja maailmaa eteenp\u00e4inkatsovaa. Kulttuuria.<\/p>\n<p dir=\"ltr\">Teatteripuolen ammattikorkeakoulutasoista koulutusta ei Pohjois-Suomessa ole tarjolla. Teatteri-ilmaisun ohjaajia koulutetaan Turussa, ja ruotsin kielell\u00e4 Pietarsaaressa. Esitys- ja teatteritekniikkaa sek\u00e4 kulttuurituotantoa voi opiskella Metropoliassa Helsingiss\u00e4.&nbsp;&nbsp;<\/p>\n<p dir=\"ltr\">Pohjois- ja It\u00e4-Suomi ovat t\u00e4ss\u00e4 katveessa. Teatterialan ammattikorkeakoulutasoinen koulutus sopisi Kajaaniin erinomaisesti. Meill\u00e4 on hyvin toimiva, monipuolinen ammattikorkeakoulu. Meill\u00e4 on esitt\u00e4v\u00e4n taiteen monipuolista osaamista ja ihmisi\u00e4, jotka pystyv\u00e4t osallistumaan koulutuksen kehitt\u00e4miseen. Meill\u00e4 on potentiaalia olla alueellisesti merkitt\u00e4v\u00e4 kulttuurikaupunki, joka s\u00e4teilee naapurikuntiin ja -maakuntiinkin. Kulttuurialan koulutuksella olisi my\u00f6s vahva synergia Kajaanin alueteatterivastuun kanssa.<\/p>\n<p dir=\"ltr\">Ehdotankin, ett\u00e4 l\u00e4hdemme t\u00e4t\u00e4 yhdess\u00e4 edist\u00e4m\u00e4\u00e4n. Tie voi olla pitk\u00e4 ja kivinen, mutta sen arvoinen. T\u00e4rke\u00e4t asiat harvoin ovat helppoja. Joskus toki politiikassa asiat voivat tapahtua yll\u00e4tt\u00e4v\u00e4n nopeasti. Ensimm\u00e4inen rasti on ensi kev\u00e4\u00e4n hallitusneuvottelut.<\/p>\n<p dir=\"ltr\">Silja Ker\u00e4nen<br \/>\nDI, eduskuntavaaliehdokas<br \/>\nVihreiden puoluevaltuuston pj<br \/>\nKajaani<\/p>\n<p>&#8212;-<br \/>\nKirjoitus on julkaistu Kainuun Sanomissa 1.10.2022.&nbsp;<\/p>\n<div style=\"padding-bottom:20px; padding-top:10px;\" class=\"hupso-share-buttons\"><!-- Hupso Share Buttons - https:\/\/www.hupso.com\/share\/ --><a class=\"hupso_counters\" href=\"https:\/\/www.hupso.com\/share\/\"><img decoding=\"async\" src=\"https:\/\/static.hupso.com\/share\/buttons\/share-small.png\" style=\"border:0px; padding-top:2px; float:left;\" alt=\"Share Button\"\/><\/a><script type=\"text\/javascript\">var hupso_services_c=new Array(\"twitter\",\"facebook_like\",\"facebook_send\",\"google\");var hupso_counters_lang = \"en_US\";var hupso_image_folder_url = \"\";var hupso_url_c=\"\";var hupso_title_c=\"Kulttuurialan%20koulutusta%20Kajaaniin\";<\/script><script type=\"text\/javascript\" src=\"https:\/\/static.hupso.com\/share\/js\/counters.js\"><\/script><!-- Hupso Share Buttons --><\/div>","protected":false},"excerpt":{"rendered":"<p>Aluekehityksen tutkijoilla voi olla kesken\u00e4\u00e4n erilaisia n\u00e4kemyksi\u00e4 lukuisista asioista. Mutta yhdest\u00e4 seikasta he ovat harvinaisen yksimielisi\u00e4. Nimitt\u00e4in koulutuksen merkityksest\u00e4. Siit\u00e4, ett\u00e4 etenkin korkeakoulutuspaikoilla on valtavasti merkityst\u00e4 alueen positiiviselle kehitykselle. Kajaanissa on eritt\u00e4in vahvaa ja monipuolista kulttuuritoimintaa sek\u00e4 laajaa osaamista sill\u00e4 saralla. Kajaanin kaupunginteatteri luo esitt\u00e4v\u00e4lle taiteelle vankan pohjan, ja itsen\u00e4isesti rahoituksensa hankkiva esitt\u00e4v\u00e4n taiteen ammattilaisten [&hellip;]<\/p>\n<div style=\"padding-bottom:20px; padding-top:10px;\" class=\"hupso-share-buttons\"><!-- Hupso Share Buttons - https:\/\/www.hupso.com\/share\/ --><a class=\"hupso_counters\" href=\"https:\/\/www.hupso.com\/share\/\"><img src=\"https:\/\/static.hupso.com\/share\/buttons\/share-small.png\" style=\"border:0px; padding-top:2px; float:left;\" alt=\"Share Button\"\/><\/a><script type=\"text\/javascript\">var hupso_services_c=new Array(\"twitter\",\"facebook_like\",\"facebook_send\",\"google\");var hupso_counters_lang = \"en_US\";var hupso_image_folder_url = \"\";var hupso_url_c=\"\";var hupso_title_c=\"Kulttuurialan%20koulutusta%20Kajaaniin\";<\/script><script type=\"text\/javascript\" src=\"https:\/\/static.hupso.com\/share\/js\/counters.js\"><\/script><!-- Hupso Share Buttons --><\/div>","protected":false},"author":1,"featured_media":2397,"comment_status":"open","ping_status":"closed","sticky":false,"template":"","format":"standard","meta":{"ngg_post_thumbnail":0,"footnotes":""},"categories":[7,8,22,40,6],"tags":[],"class_list":["post-2396","post","type-post","status-publish","format-standard","has-post-thumbnail","hentry","category-kainuu","category-kajaani","category-koulutus","category-kulttuuri","category-politiikka"],"yoast_head":"<!-- This site is optimized with the Yoast SEO plugin v27.3 - https:\/\/yoast.com\/product\/yoast-seo-wordpress\/ -->\n<title>Kulttuurialan koulutusta Kajaaniin - Silja Ker\u00e4nen<\/title>\n<meta name=\"description\" content=\"Kajaanissa on eritt\u00e4in vahvaa ja monipuolista kulttuuritoimintaa sek\u00e4 laajaa osaamista. Teatterialan ammattikorkeakoulutasoinen koulutus sopii t\u00e4nne erinomaisesti.\" \/>\n<meta name=\"robots\" content=\"index, follow, max-snippet:-1, max-image-preview:large, max-video-preview:-1\" \/>\n<link rel=\"canonical\" href=\"https:\/\/siljakeranen.fi\/blogi\/kulttuurialan-koulutusta-kajaaniin\/\" \/>\n<meta property=\"og:locale\" content=\"fi_FI\" \/>\n<meta property=\"og:type\" content=\"article\" \/>\n<meta property=\"og:title\" content=\"Kulttuurialan koulutusta Kajaaniin - Silja Ker\u00e4nen\" \/>\n<meta property=\"og:description\" content=\"Kajaanissa on eritt\u00e4in vahvaa ja monipuolista kulttuuritoimintaa sek\u00e4 laajaa osaamista. Teatterialan ammattikorkeakoulutasoinen koulutus sopii t\u00e4nne erinomaisesti.\" \/>\n<meta property=\"og:url\" content=\"https:\/\/siljakeranen.fi\/blogi\/kulttuurialan-koulutusta-kajaaniin\/\" \/>\n<meta property=\"og:site_name\" content=\"Silja Ker\u00e4nen\" \/>\n<meta property=\"article:publisher\" content=\"https:\/\/www.facebook.com\/siljamkeranen\" \/>\n<meta property=\"article:author\" content=\"https:\/\/www.facebook.com\/siljamkeranen\" \/>\n<meta property=\"article:published_time\" content=\"2022-10-01T06:00:40+00:00\" \/>\n<meta property=\"article:modified_time\" content=\"2023-01-15T12:27:51+00:00\" \/>\n<meta property=\"og:image\" content=\"https:\/\/siljakeranen.fi\/blogi\/wp-content\/uploads\/2022\/09\/3L3A1797-scaled.jpg\" \/>\n\t<meta property=\"og:image:width\" content=\"1707\" \/>\n\t<meta property=\"og:image:height\" content=\"2560\" \/>\n\t<meta property=\"og:image:type\" content=\"image\/jpeg\" \/>\n<meta name=\"author\" content=\"Silja\" \/>\n<meta name=\"twitter:card\" content=\"summary_large_image\" \/>\n<meta name=\"twitter:image\" content=\"https:\/\/siljakeranen.fi\/blogi\/wp-content\/uploads\/2022\/09\/3L3A1797-scaled.jpg\" \/>\n<meta name=\"twitter:creator\" content=\"@https:\/\/twitter.com\/SiljaMP\" \/>\n<meta name=\"twitter:site\" content=\"@SiljaMP\" \/>\n<meta name=\"twitter:label1\" content=\"Kirjoittanut\" \/>\n\t<meta name=\"twitter:data1\" content=\"Silja\" \/>\n\t<meta name=\"twitter:label2\" content=\"Arvioitu lukuaika\" \/>\n\t<meta name=\"twitter:data2\" content=\"2 minuuttia\" \/>\n<script type=\"application\/ld+json\" class=\"yoast-schema-graph\">{\"@context\":\"https:\\\/\\\/schema.org\",\"@graph\":[{\"@type\":\"Article\",\"@id\":\"https:\\\/\\\/siljakeranen.fi\\\/blogi\\\/kulttuurialan-koulutusta-kajaaniin\\\/#article\",\"isPartOf\":{\"@id\":\"https:\\\/\\\/siljakeranen.fi\\\/blogi\\\/kulttuurialan-koulutusta-kajaaniin\\\/\"},\"author\":{\"name\":\"Silja\",\"@id\":\"https:\\\/\\\/siljakeranen.fi\\\/blogi\\\/#\\\/schema\\\/person\\\/d43605ef0d5681c1b27a4ba1fede1cf4\"},\"headline\":\"Kulttuurialan koulutusta Kajaaniin\",\"datePublished\":\"2022-10-01T06:00:40+00:00\",\"dateModified\":\"2023-01-15T12:27:51+00:00\",\"mainEntityOfPage\":{\"@id\":\"https:\\\/\\\/siljakeranen.fi\\\/blogi\\\/kulttuurialan-koulutusta-kajaaniin\\\/\"},\"wordCount\":366,\"commentCount\":0,\"publisher\":{\"@id\":\"https:\\\/\\\/siljakeranen.fi\\\/blogi\\\/#\\\/schema\\\/person\\\/d43605ef0d5681c1b27a4ba1fede1cf4\"},\"image\":{\"@id\":\"https:\\\/\\\/siljakeranen.fi\\\/blogi\\\/kulttuurialan-koulutusta-kajaaniin\\\/#primaryimage\"},\"thumbnailUrl\":\"https:\\\/\\\/siljakeranen.fi\\\/blogi\\\/wp-content\\\/uploads\\\/2022\\\/09\\\/3L3A1797-scaled.jpg\",\"articleSection\":[\"Kainuu\",\"Kajaani\",\"Koulutus\",\"Kulttuuri\",\"Politiikka\"],\"inLanguage\":\"fi\",\"potentialAction\":[{\"@type\":\"CommentAction\",\"name\":\"Comment\",\"target\":[\"https:\\\/\\\/siljakeranen.fi\\\/blogi\\\/kulttuurialan-koulutusta-kajaaniin\\\/#respond\"]}]},{\"@type\":\"WebPage\",\"@id\":\"https:\\\/\\\/siljakeranen.fi\\\/blogi\\\/kulttuurialan-koulutusta-kajaaniin\\\/\",\"url\":\"https:\\\/\\\/siljakeranen.fi\\\/blogi\\\/kulttuurialan-koulutusta-kajaaniin\\\/\",\"name\":\"Kulttuurialan koulutusta Kajaaniin - Silja Ker\u00e4nen\",\"isPartOf\":{\"@id\":\"https:\\\/\\\/siljakeranen.fi\\\/blogi\\\/#website\"},\"primaryImageOfPage\":{\"@id\":\"https:\\\/\\\/siljakeranen.fi\\\/blogi\\\/kulttuurialan-koulutusta-kajaaniin\\\/#primaryimage\"},\"image\":{\"@id\":\"https:\\\/\\\/siljakeranen.fi\\\/blogi\\\/kulttuurialan-koulutusta-kajaaniin\\\/#primaryimage\"},\"thumbnailUrl\":\"https:\\\/\\\/siljakeranen.fi\\\/blogi\\\/wp-content\\\/uploads\\\/2022\\\/09\\\/3L3A1797-scaled.jpg\",\"datePublished\":\"2022-10-01T06:00:40+00:00\",\"dateModified\":\"2023-01-15T12:27:51+00:00\",\"description\":\"Kajaanissa on eritt\u00e4in vahvaa ja monipuolista kulttuuritoimintaa sek\u00e4 laajaa osaamista. Teatterialan ammattikorkeakoulutasoinen koulutus sopii t\u00e4nne erinomaisesti.\",\"breadcrumb\":{\"@id\":\"https:\\\/\\\/siljakeranen.fi\\\/blogi\\\/kulttuurialan-koulutusta-kajaaniin\\\/#breadcrumb\"},\"inLanguage\":\"fi\",\"potentialAction\":[{\"@type\":\"ReadAction\",\"target\":[\"https:\\\/\\\/siljakeranen.fi\\\/blogi\\\/kulttuurialan-koulutusta-kajaaniin\\\/\"]}]},{\"@type\":\"ImageObject\",\"inLanguage\":\"fi\",\"@id\":\"https:\\\/\\\/siljakeranen.fi\\\/blogi\\\/kulttuurialan-koulutusta-kajaaniin\\\/#primaryimage\",\"url\":\"https:\\\/\\\/siljakeranen.fi\\\/blogi\\\/wp-content\\\/uploads\\\/2022\\\/09\\\/3L3A1797-scaled.jpg\",\"contentUrl\":\"https:\\\/\\\/siljakeranen.fi\\\/blogi\\\/wp-content\\\/uploads\\\/2022\\\/09\\\/3L3A1797-scaled.jpg\",\"width\":1707,\"height\":2560,\"caption\":\"Silja Ker\u00e4nen\"},{\"@type\":\"BreadcrumbList\",\"@id\":\"https:\\\/\\\/siljakeranen.fi\\\/blogi\\\/kulttuurialan-koulutusta-kajaaniin\\\/#breadcrumb\",\"itemListElement\":[{\"@type\":\"ListItem\",\"position\":1,\"name\":\"Etusivu\",\"item\":\"https:\\\/\\\/siljakeranen.fi\\\/blogi\\\/\"},{\"@type\":\"ListItem\",\"position\":2,\"name\":\"Kulttuurialan koulutusta Kajaaniin\"}]},{\"@type\":\"WebSite\",\"@id\":\"https:\\\/\\\/siljakeranen.fi\\\/blogi\\\/#website\",\"url\":\"https:\\\/\\\/siljakeranen.fi\\\/blogi\\\/\",\"name\":\"Silja Ker\u00e4nen\",\"description\":\"Silja Ker\u00e4nen, kainuulainen vihre\u00e4 poliitikko\",\"publisher\":{\"@id\":\"https:\\\/\\\/siljakeranen.fi\\\/blogi\\\/#\\\/schema\\\/person\\\/d43605ef0d5681c1b27a4ba1fede1cf4\"},\"potentialAction\":[{\"@type\":\"SearchAction\",\"target\":{\"@type\":\"EntryPoint\",\"urlTemplate\":\"https:\\\/\\\/siljakeranen.fi\\\/blogi\\\/?s={search_term_string}\"},\"query-input\":{\"@type\":\"PropertyValueSpecification\",\"valueRequired\":true,\"valueName\":\"search_term_string\"}}],\"inLanguage\":\"fi\"},{\"@type\":[\"Person\",\"Organization\"],\"@id\":\"https:\\\/\\\/siljakeranen.fi\\\/blogi\\\/#\\\/schema\\\/person\\\/d43605ef0d5681c1b27a4ba1fede1cf4\",\"name\":\"Silja\",\"image\":{\"@type\":\"ImageObject\",\"inLanguage\":\"fi\",\"@id\":\"https:\\\/\\\/siljakeranen.fi\\\/blogi\\\/wp-content\\\/uploads\\\/2023\\\/01\\\/cropped-silja_250x100.png\",\"url\":\"https:\\\/\\\/siljakeranen.fi\\\/blogi\\\/wp-content\\\/uploads\\\/2023\\\/01\\\/cropped-silja_250x100.png\",\"contentUrl\":\"https:\\\/\\\/siljakeranen.fi\\\/blogi\\\/wp-content\\\/uploads\\\/2023\\\/01\\\/cropped-silja_250x100.png\",\"width\":250,\"height\":100,\"caption\":\"Silja\"},\"logo\":{\"@id\":\"https:\\\/\\\/siljakeranen.fi\\\/blogi\\\/wp-content\\\/uploads\\\/2023\\\/01\\\/cropped-silja_250x100.png\"},\"sameAs\":[\"http:\\\/\\\/www.siljakeranen.fi\",\"https:\\\/\\\/www.facebook.com\\\/siljamkeranen\",\"https:\\\/\\\/www.instagram.com\\\/siljakeranen\\\/\",\"https:\\\/\\\/www.linkedin.com\\\/in\\\/silja-kernen-4331b548\\\/\",\"https:\\\/\\\/x.com\\\/https:\\\/\\\/twitter.com\\\/SiljaMP\",\"https:\\\/\\\/www.youtube.com\\\/channel\\\/UC0MWeuoWP4-Mjs1z8pIv3GQ\",\"https:\\\/\\\/fi.wikipedia.org\\\/wiki\\\/Silja_Kernen\"],\"url\":\"https:\\\/\\\/siljakeranen.fi\\\/blogi\\\/author\\\/admin\\\/\"}]}<\/script>\n<!-- \/ Yoast SEO plugin. -->","yoast_head_json":{"title":"Kulttuurialan koulutusta Kajaaniin - Silja Ker\u00e4nen","description":"Kajaanissa on eritt\u00e4in vahvaa ja monipuolista kulttuuritoimintaa sek\u00e4 laajaa osaamista. Teatterialan ammattikorkeakoulutasoinen koulutus sopii t\u00e4nne erinomaisesti.","robots":{"index":"index","follow":"follow","max-snippet":"max-snippet:-1","max-image-preview":"max-image-preview:large","max-video-preview":"max-video-preview:-1"},"canonical":"https:\/\/siljakeranen.fi\/blogi\/kulttuurialan-koulutusta-kajaaniin\/","og_locale":"fi_FI","og_type":"article","og_title":"Kulttuurialan koulutusta Kajaaniin - Silja Ker\u00e4nen","og_description":"Kajaanissa on eritt\u00e4in vahvaa ja monipuolista kulttuuritoimintaa sek\u00e4 laajaa osaamista. Teatterialan ammattikorkeakoulutasoinen koulutus sopii t\u00e4nne erinomaisesti.","og_url":"https:\/\/siljakeranen.fi\/blogi\/kulttuurialan-koulutusta-kajaaniin\/","og_site_name":"Silja Ker\u00e4nen","article_publisher":"https:\/\/www.facebook.com\/siljamkeranen","article_author":"https:\/\/www.facebook.com\/siljamkeranen","article_published_time":"2022-10-01T06:00:40+00:00","article_modified_time":"2023-01-15T12:27:51+00:00","og_image":[{"width":1707,"height":2560,"url":"https:\/\/siljakeranen.fi\/blogi\/wp-content\/uploads\/2022\/09\/3L3A1797-scaled.jpg","type":"image\/jpeg"}],"author":"Silja","twitter_card":"summary_large_image","twitter_image":"https:\/\/siljakeranen.fi\/blogi\/wp-content\/uploads\/2022\/09\/3L3A1797-scaled.jpg","twitter_creator":"@https:\/\/twitter.com\/SiljaMP","twitter_site":"@SiljaMP","twitter_misc":{"Kirjoittanut":"Silja","Arvioitu lukuaika":"2 minuuttia"},"schema":{"@context":"https:\/\/schema.org","@graph":[{"@type":"Article","@id":"https:\/\/siljakeranen.fi\/blogi\/kulttuurialan-koulutusta-kajaaniin\/#article","isPartOf":{"@id":"https:\/\/siljakeranen.fi\/blogi\/kulttuurialan-koulutusta-kajaaniin\/"},"author":{"name":"Silja","@id":"https:\/\/siljakeranen.fi\/blogi\/#\/schema\/person\/d43605ef0d5681c1b27a4ba1fede1cf4"},"headline":"Kulttuurialan koulutusta Kajaaniin","datePublished":"2022-10-01T06:00:40+00:00","dateModified":"2023-01-15T12:27:51+00:00","mainEntityOfPage":{"@id":"https:\/\/siljakeranen.fi\/blogi\/kulttuurialan-koulutusta-kajaaniin\/"},"wordCount":366,"commentCount":0,"publisher":{"@id":"https:\/\/siljakeranen.fi\/blogi\/#\/schema\/person\/d43605ef0d5681c1b27a4ba1fede1cf4"},"image":{"@id":"https:\/\/siljakeranen.fi\/blogi\/kulttuurialan-koulutusta-kajaaniin\/#primaryimage"},"thumbnailUrl":"https:\/\/siljakeranen.fi\/blogi\/wp-content\/uploads\/2022\/09\/3L3A1797-scaled.jpg","articleSection":["Kainuu","Kajaani","Koulutus","Kulttuuri","Politiikka"],"inLanguage":"fi","potentialAction":[{"@type":"CommentAction","name":"Comment","target":["https:\/\/siljakeranen.fi\/blogi\/kulttuurialan-koulutusta-kajaaniin\/#respond"]}]},{"@type":"WebPage","@id":"https:\/\/siljakeranen.fi\/blogi\/kulttuurialan-koulutusta-kajaaniin\/","url":"https:\/\/siljakeranen.fi\/blogi\/kulttuurialan-koulutusta-kajaaniin\/","name":"Kulttuurialan koulutusta Kajaaniin - Silja Ker\u00e4nen","isPartOf":{"@id":"https:\/\/siljakeranen.fi\/blogi\/#website"},"primaryImageOfPage":{"@id":"https:\/\/siljakeranen.fi\/blogi\/kulttuurialan-koulutusta-kajaaniin\/#primaryimage"},"image":{"@id":"https:\/\/siljakeranen.fi\/blogi\/kulttuurialan-koulutusta-kajaaniin\/#primaryimage"},"thumbnailUrl":"https:\/\/siljakeranen.fi\/blogi\/wp-content\/uploads\/2022\/09\/3L3A1797-scaled.jpg","datePublished":"2022-10-01T06:00:40+00:00","dateModified":"2023-01-15T12:27:51+00:00","description":"Kajaanissa on eritt\u00e4in vahvaa ja monipuolista kulttuuritoimintaa sek\u00e4 laajaa osaamista. Teatterialan ammattikorkeakoulutasoinen koulutus sopii t\u00e4nne erinomaisesti.","breadcrumb":{"@id":"https:\/\/siljakeranen.fi\/blogi\/kulttuurialan-koulutusta-kajaaniin\/#breadcrumb"},"inLanguage":"fi","potentialAction":[{"@type":"ReadAction","target":["https:\/\/siljakeranen.fi\/blogi\/kulttuurialan-koulutusta-kajaaniin\/"]}]},{"@type":"ImageObject","inLanguage":"fi","@id":"https:\/\/siljakeranen.fi\/blogi\/kulttuurialan-koulutusta-kajaaniin\/#primaryimage","url":"https:\/\/siljakeranen.fi\/blogi\/wp-content\/uploads\/2022\/09\/3L3A1797-scaled.jpg","contentUrl":"https:\/\/siljakeranen.fi\/blogi\/wp-content\/uploads\/2022\/09\/3L3A1797-scaled.jpg","width":1707,"height":2560,"caption":"Silja Ker\u00e4nen"},{"@type":"BreadcrumbList","@id":"https:\/\/siljakeranen.fi\/blogi\/kulttuurialan-koulutusta-kajaaniin\/#breadcrumb","itemListElement":[{"@type":"ListItem","position":1,"name":"Etusivu","item":"https:\/\/siljakeranen.fi\/blogi\/"},{"@type":"ListItem","position":2,"name":"Kulttuurialan koulutusta Kajaaniin"}]},{"@type":"WebSite","@id":"https:\/\/siljakeranen.fi\/blogi\/#website","url":"https:\/\/siljakeranen.fi\/blogi\/","name":"Silja Ker\u00e4nen","description":"Silja Ker\u00e4nen, kainuulainen vihre\u00e4 poliitikko","publisher":{"@id":"https:\/\/siljakeranen.fi\/blogi\/#\/schema\/person\/d43605ef0d5681c1b27a4ba1fede1cf4"},"potentialAction":[{"@type":"SearchAction","target":{"@type":"EntryPoint","urlTemplate":"https:\/\/siljakeranen.fi\/blogi\/?s={search_term_string}"},"query-input":{"@type":"PropertyValueSpecification","valueRequired":true,"valueName":"search_term_string"}}],"inLanguage":"fi"},{"@type":["Person","Organization"],"@id":"https:\/\/siljakeranen.fi\/blogi\/#\/schema\/person\/d43605ef0d5681c1b27a4ba1fede1cf4","name":"Silja","image":{"@type":"ImageObject","inLanguage":"fi","@id":"https:\/\/siljakeranen.fi\/blogi\/wp-content\/uploads\/2023\/01\/cropped-silja_250x100.png","url":"https:\/\/siljakeranen.fi\/blogi\/wp-content\/uploads\/2023\/01\/cropped-silja_250x100.png","contentUrl":"https:\/\/siljakeranen.fi\/blogi\/wp-content\/uploads\/2023\/01\/cropped-silja_250x100.png","width":250,"height":100,"caption":"Silja"},"logo":{"@id":"https:\/\/siljakeranen.fi\/blogi\/wp-content\/uploads\/2023\/01\/cropped-silja_250x100.png"},"sameAs":["http:\/\/www.siljakeranen.fi","https:\/\/www.facebook.com\/siljamkeranen","https:\/\/www.instagram.com\/siljakeranen\/","https:\/\/www.linkedin.com\/in\/silja-kernen-4331b548\/","https:\/\/x.com\/https:\/\/twitter.com\/SiljaMP","https:\/\/www.youtube.com\/channel\/UC0MWeuoWP4-Mjs1z8pIv3GQ","https:\/\/fi.wikipedia.org\/wiki\/Silja_Kernen"],"url":"https:\/\/siljakeranen.fi\/blogi\/author\/admin\/"}]}},"_links":{"self":[{"href":"https:\/\/siljakeranen.fi\/blogi\/wp-json\/wp\/v2\/posts\/2396","targetHints":{"allow":["GET"]}}],"collection":[{"href":"https:\/\/siljakeranen.fi\/blogi\/wp-json\/wp\/v2\/posts"}],"about":[{"href":"https:\/\/siljakeranen.fi\/blogi\/wp-json\/wp\/v2\/types\/post"}],"author":[{"embeddable":true,"href":"https:\/\/siljakeranen.fi\/blogi\/wp-json\/wp\/v2\/users\/1"}],"replies":[{"embeddable":true,"href":"https:\/\/siljakeranen.fi\/blogi\/wp-json\/wp\/v2\/comments?post=2396"}],"version-history":[{"count":2,"href":"https:\/\/siljakeranen.fi\/blogi\/wp-json\/wp\/v2\/posts\/2396\/revisions"}],"predecessor-version":[{"id":2399,"href":"https:\/\/siljakeranen.fi\/blogi\/wp-json\/wp\/v2\/posts\/2396\/revisions\/2399"}],"wp:featuredmedia":[{"embeddable":true,"href":"https:\/\/siljakeranen.fi\/blogi\/wp-json\/wp\/v2\/media\/2397"}],"wp:attachment":[{"href":"https:\/\/siljakeranen.fi\/blogi\/wp-json\/wp\/v2\/media?parent=2396"}],"wp:term":[{"taxonomy":"category","embeddable":true,"href":"https:\/\/siljakeranen.fi\/blogi\/wp-json\/wp\/v2\/categories?post=2396"},{"taxonomy":"post_tag","embeddable":true,"href":"https:\/\/siljakeranen.fi\/blogi\/wp-json\/wp\/v2\/tags?post=2396"}],"curies":[{"name":"wp","href":"https:\/\/api.w.org\/{rel}","templated":true}]}}