{"id":2484,"date":"2022-12-12T19:35:43","date_gmt":"2022-12-12T17:35:43","guid":{"rendered":"https:\/\/siljakeranen.fi\/blogi\/?p=2484"},"modified":"2022-12-12T19:35:43","modified_gmt":"2022-12-12T17:35:43","slug":"investointitaso-kulttuurin-merkitys-seka-lahivirkistysmetsat-kajaanissa","status":"publish","type":"post","link":"https:\/\/siljakeranen.fi\/blogi\/investointitaso-kulttuurin-merkitys-seka-lahivirkistysmetsat-kajaanissa\/","title":{"rendered":"Investointitaso, kulttuurin merkitys sek\u00e4 l\u00e4hivirkistysmets\u00e4t Kajaanissa"},"content":{"rendered":"<p><span style=\"font-weight: 400;\">Pidin kaupunginvaltuuston kokouksessa vihreiden ryhm\u00e4puheenvuoron. T\u00e4ss\u00e4p\u00e4 se tekstin\u00e4:<\/p>\n<p>Puheenjohtaja, arvon kollegat sek\u00e4 kajaanilaiset<\/span><\/p>\n<p><span style=\"font-weight: 400;\">Eip\u00e4 oltaisi vuosi sitten uskottu, ett\u00e4 t\u00e4ss\u00e4 ollaan. Euroopassa, jossa k\u00e4yd\u00e4\u00e4n sotaa. Sotaa, jonka meid\u00e4n naapurimaa aloitti.&nbsp;<\/span><\/p>\n<p><span style=\"font-weight: 400;\">Sotatila herk\u00e4sti synkist\u00e4\u00e4 mielialaa, kun kammottavat kohtalot piirtyv\u00e4t verkkokalvoille ja ep\u00e4varmuus tulevaisuudesta kasvaa. T\u00e4llaisissa tilanteissa julkisen sektorin vakaus ja j\u00e4rkev\u00e4t toimet ovat \u00e4\u00e4rimm\u00e4isen t\u00e4rkeit\u00e4. Julkinen sektori pystyy osaltaan tasoittamaan ep\u00e4varman ajan tuomaa taloudellista taantumaa, takaamaan turvallisuutta sek\u00e4 konkreettisin teoin ett\u00e4 pitk\u00e4ll\u00e4 olemassaolollaan. T\u00e4ytt\u00e4\u00e4h\u00e4n esimerkiksi Kajaanin kaupunki ensi vuonna 372 vuotta &#8211; siin\u00e4 ajassa on n\u00e4hty kaikenlaista.&nbsp;<\/span><\/p>\n<p><span style=\"font-weight: 400;\">Toivon &#8211; ja oikeastaan my\u00f6s edellyt\u00e4n &#8211; ett\u00e4 haastavista ajoista huolimatta katsomme tulevaisuuteen positiivisesti. Minua huolestuttavat ne puheenvuorot, jossa realismin nimiss\u00e4 muistutetaan esimerkiksi siit\u00e4, ett\u00e4 kyll\u00e4 se Kajaanin v\u00e4kim\u00e4\u00e4r\u00e4 tulevaisuudessakin laskee. On olennaista varautua pahimpaan, ja varmistaa selustansa. Mutta sen sijaan kyynisyytt\u00e4 ei pid\u00e4 varjota realistisuudeksi, ja sit\u00e4 kautta lopettaa tavoittelemasta parempaa.&nbsp;<\/span><\/p>\n<p><span style=\"font-weight: 400;\">Tosiasia kun on, ett\u00e4 Kajaani tarjoaa todella hyv\u00e4t edellytykset el\u00e4m\u00e4lle: toimivat palvelut, kaunis luonto, mukava yhteis\u00f6 ja mielenkiintoisia ty\u00f6mahdollisuuksia. Meid\u00e4n kehitt\u00e4misen momemtum on nyt.&nbsp;<\/span><\/p>\n<p><span style=\"font-weight: 400;\">Puheenjohtaja,<\/span><\/p>\n<p><span style=\"font-weight: 400;\">Kaupunginhallituksessa, ja t\u00e4\u00e4ll\u00e4 valtuustossakin, olemme paljon keskustelleet sopivasta investointitasosta. Talousjohtajan arvion mukaan sopiva vuosittainen taso on noin 15 miljoonaa euroa, ja nyt investoinnit saatiin painettua l\u00e4hes sille tasolle. Vihreiden mielest\u00e4 on kuitenkin t\u00e4rke\u00e4\u00e4, ettei investointitason alaspainaminen ole ainoa tavoite. Pahimmillaan siin\u00e4 voi k\u00e4yd\u00e4 niin, ett\u00e4 v\u00e4ltt\u00e4m\u00e4tt\u00f6mi\u00e4 investointeja vain siirret\u00e4\u00e4n tulevaisuuteen ja sill\u00e4 tavoin kasvateta korjausvelkaa liian suureksi.&nbsp;&nbsp;<\/span><\/p>\n<p><span style=\"font-weight: 400;\">Toinen n\u00e4k\u00f6kulma investointitasoon on se, ett\u00e4 kaupungin investointitasoa karsimalla ohjataan kaupungin palvelutuotantoa yksityiselle sektorille. Sopivissa m\u00e4\u00e4rin ja sopivissa kohti ostopalvelut ja palveluiden ulkoistaminen on j\u00e4rkev\u00e4\u00e4. Mutta on oltava tarkkana, ett\u00e4 sit\u00e4 tehd\u00e4\u00e4n nimenomaan sopivissa m\u00e4\u00e4rin ja sopivissa kohti.&nbsp;<\/span><\/p>\n<p><span style=\"font-weight: 400;\">Emme esimerkiksi halua tilannetta, jossa kaupungin p\u00e4iv\u00e4kotien peruskorjauksia siirret\u00e4\u00e4n investointitason varjolla aina vain eteenp\u00e4in. Niin pitk\u00e4lle, ett\u00e4 todetaan, ettei korjauksia kannata en\u00e4\u00e4 tehd\u00e4 ja ett\u00e4 siirret\u00e4\u00e4n varhaiskasvatusta entist\u00e4 enemm\u00e4n yksityisille yrityksille. <\/span><span style=\"font-weight: 400;\"><br \/>\n<\/span><span style=\"font-weight: 400;\"><br \/>\n<\/span><span style=\"font-weight: 400;\">Ja ei, emme tarkoita, etteik\u00f6 osa varhaiskasvatuksesta voisi olla yksityisen sektorin tuottamaa. Voi olla, ja se on hyv\u00e4. Mutta emme saa yht\u00e4 asiaa optimoimalla vahingossa joutua tilanteeseen, johon emme oikeasti halunneet p\u00e4\u00e4ty\u00e4. Etenkin kun kyse on varhaiskasvatuksen j\u00e4rjest\u00e4misest\u00e4. Se tulee j\u00e4rjest\u00e4\u00e4 lasten ja perheiden etu edell\u00e4 &#8211; ei yritysten toimintaedellytykset optimoiden.&nbsp;<\/span><\/p>\n<p><span style=\"font-weight: 400;\">Me vihreiss\u00e4 toivommekin, ett\u00e4 t\u00e4st\u00e4 k\u00e4yd\u00e4\u00e4n perusteellista keskustelua. Olemme siin\u00e4 mielell\u00e4mme mukana.&nbsp;<\/span><\/p>\n<p><span style=\"font-weight: 400;\">Toinen asia, mist\u00e4 keskustelua on tarpeen k\u00e4yd\u00e4 aiempaa enemm\u00e4n, on kulttuuri. Me vihre\u00e4t n\u00e4emme virke\u00e4n, monipuolisen ja ammattimaisen kulttuurikent\u00e4n Kajaanin merkitt\u00e4v\u00e4n\u00e4 vahvuutena. Kulttuuri tuo kaupunkiin el\u00e4m\u00e4\u00e4, ihmisi\u00e4, matkailua, tilaa hengitt\u00e4\u00e4, uusia n\u00e4k\u00f6kulmia ja juurruttaa meit\u00e4 entisest\u00e4\u00e4n.&nbsp;<\/span><\/p>\n<p><span style=\"font-weight: 400;\">T\u00e4t\u00e4 kokonaisuutta vahvistaisi entisest\u00e4\u00e4n kulttuurialan koulutuksen tuominen Kajaanin ammattikorkeakouluun. N\u00e4in lis\u00e4isimme osaltaan Kajaanin alueellista vaikuttavuutta &#8211; t\u00e4ll\u00e4 kertaa kulttuurin kent\u00e4ll\u00e4, jossa meill\u00e4 jo on esimerkiksi alueteatterivastuu. T\u00e4t\u00e4 meid\u00e4n kannattaa vahvistaa, kun hyv\u00e4 pohja on jo olemassa.<\/span><\/p>\n<p><span style=\"font-weight: 400;\">Arvon kollegat,&nbsp;<\/span><\/p>\n<p><span style=\"font-weight: 400;\">On t\u00e4rke\u00e4\u00e4, ett\u00e4 me kannamme osaltamme vastuun ilmastonmuutoksen hillinn\u00e4ss\u00e4 ja sek\u00e4 luontokadon pys\u00e4ytt\u00e4misess\u00e4. T\u00e4h\u00e4n onkin oivat ev\u00e4\u00e4t meid\u00e4n aiemmin hyv\u00e4ksym\u00e4ss\u00e4 kaupunkistrategiassa, jossa kest\u00e4v\u00e4 kehitys, resurssiviisaus, p\u00e4\u00e4st\u00f6jen v\u00e4hent\u00e4minen ja luontoarvojen huomiointi on vahvasti kirjattu.<\/span><\/p>\n<p><span style=\"font-weight: 400;\">T\u00e4m\u00e4 asia rupeaa hienosti konkretisoitumaan, kun esimerkiksi ensi vuoden talousarviossa on varattu 400 000 euroa aurinkovoimaloiden rakentamiseen. Suunnitelmavuosille on ajatuksia jatkaa t\u00e4t\u00e4 uusiutuvaan energiantuotantoon panostamista, kuten investointiosasta voi huomata.&nbsp;<\/span><\/p>\n<p><span style=\"font-weight: 400;\">Toinen asia, joka toivottavasti konkretisoituu l\u00e4hivuosina, on paikallinen biokaasutuotanto. J\u00e4tevedenpuhdistamon lietteet sek\u00e4 bioj\u00e4tteet kuljetetaan t\u00e4ll\u00e4 hetkell\u00e4 Ouluun k\u00e4sitelt\u00e4v\u00e4ksi. T\u00e4m\u00e4h\u00e4n on ylip\u00e4\u00e4t\u00e4ns\u00e4, mutta my\u00f6s ymp\u00e4rist\u00f6n\u00e4k\u00f6kulmasta, aika j\u00e4rjet\u00f6nt\u00e4. Toivottavasti seuraavan kilpailutuskauden my\u00f6t\u00e4 t\u00e4h\u00e4n saadaan j\u00e4rkev\u00e4mpi ratkaisu, ja lietteiden paikallisen k\u00e4sittelyn my\u00f6t\u00e4 my\u00f6s biokaasutuotantoa Kajaaniin.<\/span><\/p>\n<p><span style=\"font-weight: 400;\">T\u00e4h\u00e4n loppuun haluan viel\u00e4 sanoa muutaman sanan kaupungin l\u00e4hivirkistysmetsien tilanteesta. Pirunvaaran hakkuusuunnitelmat ovat her\u00e4tt\u00e4neet kaupunkilaisissa todella paljon huolta. On totta, ett\u00e4 siell\u00e4 suunniteltuja hakkuita on jo alkuper\u00e4iseen n\u00e4hden kevennetty.<\/span><\/p>\n<p><span style=\"font-weight: 400;\">On kuitenkin hyv\u00e4 tiet\u00e4\u00e4 se, ett\u00e4 kaupungin mets\u00e4suunnitelmassa vuosille 1996-2005 ko. alue oli linjattu kokonaisuudessaan hakkuu- ja hoitotoimenpiteiden ulkopuolelle. Vuosina 2006-2015 kaupungilla ei ollut mets\u00e4suunnitelmaa. Ja sitten 2015 suunnitelmaa ruvettiin &#8211; osin mets\u00e4puolen viranhaltijoiden henkil\u00f6st\u00f6muutoksista johtuen &#8211; tekem\u00e4\u00e4n t\u00e4ysin silloisen sopimuskumppanin, UPMn, tietoj\u00e4rjestelm\u00e4n automaattisen mets\u00e4nhoidon suunnitelman perusteella.<\/span><\/p>\n<p><span style=\"font-weight: 400;\">K\u00e4yt\u00e4nn\u00f6ss\u00e4 se siis tarkoitti sit\u00e4, ett\u00e4 talousmets\u00e4n hoitotoimenpiteet esitettiin suoraan koko kaupungin mets\u00e4omaisuudelle &#8211; my\u00f6s l\u00e4hivirkistysalueille. Katsottiin vain kunkin kohteen puustotiedot ja esitettiin hakkuita niiden mukaan. Seh\u00e4n tarkoitti, ett\u00e4 esimerkiksi Rehja olisi hakattu aukoksi kokonaisuudessaan, Vimpeliss\u00e4 olisi toteutettu aikamoiset hakkuut, samoin Pirunvaarassa, ja monessa muussa paikassa.<\/span><\/p>\n<p><span style=\"font-weight: 400;\">T\u00e4t\u00e4 on sitten kohtuullistettu ja j\u00e4rkev\u00f6itetty v\u00e4hitellen. Mutta l\u00e4ht\u00f6kohdan jo tuolloin alkuun olisi ollut syyt\u00e4 olla sama kuin sit\u00e4 edelt\u00e4v\u00e4ss\u00e4 mets\u00e4suunnitelmassa oli. Ett\u00e4 jotkut arvokkaat alueet on jo l\u00e4ht\u00f6kohtaisesti rajattu hakkuu- ja hoitotoimenpiteiden ulkopuolelle. Pirunvaaran osalta on my\u00f6s t\u00e4rke\u00e4 huomioida, ett\u00e4 alueelta on l\u00f6ydetty uhanalaisia lajeja enemm\u00e4n kuin t\u00e4t\u00e4 viimeisint\u00e4 suunnitelmaa tehdess\u00e4 oli tiedossa.<\/span><\/p>\n<p><span style=\"font-weight: 400;\">Olisikin kaikin tavoin j\u00e4rkev\u00e4\u00e4 &#8211; sek\u00e4 kaupunkilaisten ett\u00e4 luonnon kannalta &#8211; j\u00e4tt\u00e4\u00e4 meid\u00e4n arvokkaat l\u00e4himets\u00e4t rauhaan.&nbsp;<\/span><\/p>\n<p><span style=\"font-weight: 400;\">N\u00e4ill\u00e4 sanoin haluan toivottaa kaikille ihanaa, ja rauhallista &#8211; tai \u201drauhallista\u201d joulun aikaa. Ja kiitt\u00e4\u00e4 t\u00e4m\u00e4n vuoden hyv\u00e4st\u00e4 yhteisty\u00f6st\u00e4 niin valtuutettujen kuin viranhaltijoidenkin kanssa.<\/span><\/p>\n<div style=\"padding-bottom:20px; padding-top:10px;\" class=\"hupso-share-buttons\"><!-- Hupso Share Buttons - https:\/\/www.hupso.com\/share\/ --><a class=\"hupso_counters\" href=\"https:\/\/www.hupso.com\/share\/\"><img decoding=\"async\" src=\"https:\/\/static.hupso.com\/share\/buttons\/share-small.png\" style=\"border:0px; padding-top:2px; float:left;\" alt=\"Share Button\"\/><\/a><script type=\"text\/javascript\">var hupso_services_c=new Array(\"twitter\",\"facebook_like\",\"facebook_send\",\"google\");var hupso_counters_lang = \"en_US\";var hupso_image_folder_url = \"\";var hupso_url_c=\"\";var hupso_title_c=\"Investointitaso%2C%20kulttuurin%20merkitys%20sek%C3%A4%20l%C3%A4hivirkistysmets%C3%A4t%20Kajaanissa\";<\/script><script type=\"text\/javascript\" src=\"https:\/\/static.hupso.com\/share\/js\/counters.js\"><\/script><!-- Hupso Share Buttons --><\/div>","protected":false},"excerpt":{"rendered":"<p>Pidin kaupunginvaltuuston kokouksessa vihreiden ryhm\u00e4puheenvuoron. T\u00e4ss\u00e4p\u00e4 se tekstin\u00e4: Puheenjohtaja, arvon kollegat sek\u00e4 kajaanilaiset Eip\u00e4 oltaisi vuosi sitten uskottu, ett\u00e4 t\u00e4ss\u00e4 ollaan. Euroopassa, jossa k\u00e4yd\u00e4\u00e4n sotaa. Sotaa, jonka meid\u00e4n naapurimaa aloitti.&nbsp; Sotatila herk\u00e4sti synkist\u00e4\u00e4 mielialaa, kun kammottavat kohtalot piirtyv\u00e4t verkkokalvoille ja ep\u00e4varmuus tulevaisuudesta kasvaa. T\u00e4llaisissa tilanteissa julkisen sektorin vakaus ja j\u00e4rkev\u00e4t toimet ovat \u00e4\u00e4rimm\u00e4isen t\u00e4rkeit\u00e4. Julkinen [&hellip;]<\/p>\n<div style=\"padding-bottom:20px; padding-top:10px;\" class=\"hupso-share-buttons\"><!-- Hupso Share Buttons - https:\/\/www.hupso.com\/share\/ --><a class=\"hupso_counters\" href=\"https:\/\/www.hupso.com\/share\/\"><img src=\"https:\/\/static.hupso.com\/share\/buttons\/share-small.png\" style=\"border:0px; padding-top:2px; float:left;\" alt=\"Share Button\"\/><\/a><script type=\"text\/javascript\">var hupso_services_c=new Array(\"twitter\",\"facebook_like\",\"facebook_send\",\"google\");var hupso_counters_lang = \"en_US\";var hupso_image_folder_url = \"\";var hupso_url_c=\"\";var hupso_title_c=\"Investointitaso%2C%20kulttuurin%20merkitys%20sek%C3%A4%20l%C3%A4hivirkistysmets%C3%A4t%20Kajaanissa\";<\/script><script type=\"text\/javascript\" src=\"https:\/\/static.hupso.com\/share\/js\/counters.js\"><\/script><!-- Hupso Share Buttons --><\/div>","protected":false},"author":1,"featured_media":2485,"comment_status":"open","ping_status":"closed","sticky":false,"template":"","format":"standard","meta":{"ngg_post_thumbnail":0,"footnotes":""},"categories":[8,40,20,6,39],"tags":[],"class_list":["post-2484","post","type-post","status-publish","format-standard","has-post-thumbnail","hentry","category-kajaani","category-kulttuuri","category-metsa","category-politiikka","category-talous"],"yoast_head":"<!-- This site is optimized with the Yoast SEO plugin v27.3 - https:\/\/yoast.com\/product\/yoast-seo-wordpress\/ -->\n<title>Investointitaso, kulttuurin merkitys sek\u00e4 l\u00e4hivirkistysmets\u00e4t Kajaanissa - Silja Ker\u00e4nen<\/title>\n<meta name=\"robots\" content=\"index, follow, max-snippet:-1, max-image-preview:large, max-video-preview:-1\" \/>\n<link rel=\"canonical\" href=\"https:\/\/siljakeranen.fi\/blogi\/investointitaso-kulttuurin-merkitys-seka-lahivirkistysmetsat-kajaanissa\/\" \/>\n<meta property=\"og:locale\" content=\"fi_FI\" \/>\n<meta property=\"og:type\" content=\"article\" \/>\n<meta property=\"og:title\" content=\"Investointitaso, kulttuurin merkitys sek\u00e4 l\u00e4hivirkistysmets\u00e4t Kajaanissa - Silja Ker\u00e4nen\" \/>\n<meta property=\"og:description\" content=\"Pidin kaupunginvaltuuston kokouksessa vihreiden ryhm\u00e4puheenvuoron. T\u00e4ss\u00e4p\u00e4 se tekstin\u00e4: Puheenjohtaja, arvon kollegat sek\u00e4 kajaanilaiset Eip\u00e4 oltaisi vuosi sitten uskottu, ett\u00e4 t\u00e4ss\u00e4 ollaan. Euroopassa, jossa k\u00e4yd\u00e4\u00e4n sotaa. Sotaa, jonka meid\u00e4n naapurimaa aloitti.&nbsp; Sotatila herk\u00e4sti synkist\u00e4\u00e4 mielialaa, kun kammottavat kohtalot piirtyv\u00e4t verkkokalvoille ja ep\u00e4varmuus tulevaisuudesta kasvaa. T\u00e4llaisissa tilanteissa julkisen sektorin vakaus ja j\u00e4rkev\u00e4t toimet ovat \u00e4\u00e4rimm\u00e4isen t\u00e4rkeit\u00e4. Julkinen [&hellip;]\" \/>\n<meta property=\"og:url\" content=\"https:\/\/siljakeranen.fi\/blogi\/investointitaso-kulttuurin-merkitys-seka-lahivirkistysmetsat-kajaanissa\/\" \/>\n<meta property=\"og:site_name\" content=\"Silja Ker\u00e4nen\" \/>\n<meta property=\"article:publisher\" content=\"https:\/\/www.facebook.com\/siljamkeranen\" \/>\n<meta property=\"article:author\" content=\"https:\/\/www.facebook.com\/siljamkeranen\" \/>\n<meta property=\"article:published_time\" content=\"2022-12-12T17:35:43+00:00\" \/>\n<meta property=\"og:image\" content=\"https:\/\/siljakeranen.fi\/blogi\/wp-content\/uploads\/2022\/12\/WhatsApp-Image-2022-12-12-at-14.06.42.jpeg\" \/>\n\t<meta property=\"og:image:width\" content=\"1600\" \/>\n\t<meta property=\"og:image:height\" content=\"1230\" \/>\n\t<meta property=\"og:image:type\" content=\"image\/jpeg\" \/>\n<meta name=\"author\" content=\"Silja\" \/>\n<meta name=\"twitter:card\" content=\"summary_large_image\" \/>\n<meta name=\"twitter:creator\" content=\"@https:\/\/twitter.com\/SiljaMP\" \/>\n<meta name=\"twitter:site\" content=\"@SiljaMP\" \/>\n<meta name=\"twitter:label1\" content=\"Kirjoittanut\" \/>\n\t<meta name=\"twitter:data1\" content=\"Silja\" \/>\n\t<meta name=\"twitter:label2\" content=\"Arvioitu lukuaika\" \/>\n\t<meta name=\"twitter:data2\" content=\"5 minuuttia\" \/>\n<script type=\"application\/ld+json\" class=\"yoast-schema-graph\">{\"@context\":\"https:\\\/\\\/schema.org\",\"@graph\":[{\"@type\":\"Article\",\"@id\":\"https:\\\/\\\/siljakeranen.fi\\\/blogi\\\/investointitaso-kulttuurin-merkitys-seka-lahivirkistysmetsat-kajaanissa\\\/#article\",\"isPartOf\":{\"@id\":\"https:\\\/\\\/siljakeranen.fi\\\/blogi\\\/investointitaso-kulttuurin-merkitys-seka-lahivirkistysmetsat-kajaanissa\\\/\"},\"author\":{\"name\":\"Silja\",\"@id\":\"https:\\\/\\\/siljakeranen.fi\\\/blogi\\\/#\\\/schema\\\/person\\\/d43605ef0d5681c1b27a4ba1fede1cf4\"},\"headline\":\"Investointitaso, kulttuurin merkitys sek\u00e4 l\u00e4hivirkistysmets\u00e4t Kajaanissa\",\"datePublished\":\"2022-12-12T17:35:43+00:00\",\"mainEntityOfPage\":{\"@id\":\"https:\\\/\\\/siljakeranen.fi\\\/blogi\\\/investointitaso-kulttuurin-merkitys-seka-lahivirkistysmetsat-kajaanissa\\\/\"},\"wordCount\":938,\"commentCount\":0,\"publisher\":{\"@id\":\"https:\\\/\\\/siljakeranen.fi\\\/blogi\\\/#\\\/schema\\\/person\\\/d43605ef0d5681c1b27a4ba1fede1cf4\"},\"image\":{\"@id\":\"https:\\\/\\\/siljakeranen.fi\\\/blogi\\\/investointitaso-kulttuurin-merkitys-seka-lahivirkistysmetsat-kajaanissa\\\/#primaryimage\"},\"thumbnailUrl\":\"https:\\\/\\\/siljakeranen.fi\\\/blogi\\\/wp-content\\\/uploads\\\/2022\\\/12\\\/WhatsApp-Image-2022-12-12-at-14.06.42.jpeg\",\"articleSection\":[\"Kajaani\",\"Kulttuuri\",\"Mets\u00e4\",\"Politiikka\",\"Talous\"],\"inLanguage\":\"fi\",\"potentialAction\":[{\"@type\":\"CommentAction\",\"name\":\"Comment\",\"target\":[\"https:\\\/\\\/siljakeranen.fi\\\/blogi\\\/investointitaso-kulttuurin-merkitys-seka-lahivirkistysmetsat-kajaanissa\\\/#respond\"]}]},{\"@type\":\"WebPage\",\"@id\":\"https:\\\/\\\/siljakeranen.fi\\\/blogi\\\/investointitaso-kulttuurin-merkitys-seka-lahivirkistysmetsat-kajaanissa\\\/\",\"url\":\"https:\\\/\\\/siljakeranen.fi\\\/blogi\\\/investointitaso-kulttuurin-merkitys-seka-lahivirkistysmetsat-kajaanissa\\\/\",\"name\":\"Investointitaso, kulttuurin merkitys sek\u00e4 l\u00e4hivirkistysmets\u00e4t Kajaanissa - Silja Ker\u00e4nen\",\"isPartOf\":{\"@id\":\"https:\\\/\\\/siljakeranen.fi\\\/blogi\\\/#website\"},\"primaryImageOfPage\":{\"@id\":\"https:\\\/\\\/siljakeranen.fi\\\/blogi\\\/investointitaso-kulttuurin-merkitys-seka-lahivirkistysmetsat-kajaanissa\\\/#primaryimage\"},\"image\":{\"@id\":\"https:\\\/\\\/siljakeranen.fi\\\/blogi\\\/investointitaso-kulttuurin-merkitys-seka-lahivirkistysmetsat-kajaanissa\\\/#primaryimage\"},\"thumbnailUrl\":\"https:\\\/\\\/siljakeranen.fi\\\/blogi\\\/wp-content\\\/uploads\\\/2022\\\/12\\\/WhatsApp-Image-2022-12-12-at-14.06.42.jpeg\",\"datePublished\":\"2022-12-12T17:35:43+00:00\",\"breadcrumb\":{\"@id\":\"https:\\\/\\\/siljakeranen.fi\\\/blogi\\\/investointitaso-kulttuurin-merkitys-seka-lahivirkistysmetsat-kajaanissa\\\/#breadcrumb\"},\"inLanguage\":\"fi\",\"potentialAction\":[{\"@type\":\"ReadAction\",\"target\":[\"https:\\\/\\\/siljakeranen.fi\\\/blogi\\\/investointitaso-kulttuurin-merkitys-seka-lahivirkistysmetsat-kajaanissa\\\/\"]}]},{\"@type\":\"ImageObject\",\"inLanguage\":\"fi\",\"@id\":\"https:\\\/\\\/siljakeranen.fi\\\/blogi\\\/investointitaso-kulttuurin-merkitys-seka-lahivirkistysmetsat-kajaanissa\\\/#primaryimage\",\"url\":\"https:\\\/\\\/siljakeranen.fi\\\/blogi\\\/wp-content\\\/uploads\\\/2022\\\/12\\\/WhatsApp-Image-2022-12-12-at-14.06.42.jpeg\",\"contentUrl\":\"https:\\\/\\\/siljakeranen.fi\\\/blogi\\\/wp-content\\\/uploads\\\/2022\\\/12\\\/WhatsApp-Image-2022-12-12-at-14.06.42.jpeg\",\"width\":1600,\"height\":1230},{\"@type\":\"BreadcrumbList\",\"@id\":\"https:\\\/\\\/siljakeranen.fi\\\/blogi\\\/investointitaso-kulttuurin-merkitys-seka-lahivirkistysmetsat-kajaanissa\\\/#breadcrumb\",\"itemListElement\":[{\"@type\":\"ListItem\",\"position\":1,\"name\":\"Etusivu\",\"item\":\"https:\\\/\\\/siljakeranen.fi\\\/blogi\\\/\"},{\"@type\":\"ListItem\",\"position\":2,\"name\":\"Investointitaso, kulttuurin merkitys sek\u00e4 l\u00e4hivirkistysmets\u00e4t Kajaanissa\"}]},{\"@type\":\"WebSite\",\"@id\":\"https:\\\/\\\/siljakeranen.fi\\\/blogi\\\/#website\",\"url\":\"https:\\\/\\\/siljakeranen.fi\\\/blogi\\\/\",\"name\":\"Silja Ker\u00e4nen\",\"description\":\"Silja Ker\u00e4nen, kainuulainen vihre\u00e4 poliitikko\",\"publisher\":{\"@id\":\"https:\\\/\\\/siljakeranen.fi\\\/blogi\\\/#\\\/schema\\\/person\\\/d43605ef0d5681c1b27a4ba1fede1cf4\"},\"potentialAction\":[{\"@type\":\"SearchAction\",\"target\":{\"@type\":\"EntryPoint\",\"urlTemplate\":\"https:\\\/\\\/siljakeranen.fi\\\/blogi\\\/?s={search_term_string}\"},\"query-input\":{\"@type\":\"PropertyValueSpecification\",\"valueRequired\":true,\"valueName\":\"search_term_string\"}}],\"inLanguage\":\"fi\"},{\"@type\":[\"Person\",\"Organization\"],\"@id\":\"https:\\\/\\\/siljakeranen.fi\\\/blogi\\\/#\\\/schema\\\/person\\\/d43605ef0d5681c1b27a4ba1fede1cf4\",\"name\":\"Silja\",\"image\":{\"@type\":\"ImageObject\",\"inLanguage\":\"fi\",\"@id\":\"https:\\\/\\\/siljakeranen.fi\\\/blogi\\\/wp-content\\\/uploads\\\/2023\\\/01\\\/cropped-silja_250x100.png\",\"url\":\"https:\\\/\\\/siljakeranen.fi\\\/blogi\\\/wp-content\\\/uploads\\\/2023\\\/01\\\/cropped-silja_250x100.png\",\"contentUrl\":\"https:\\\/\\\/siljakeranen.fi\\\/blogi\\\/wp-content\\\/uploads\\\/2023\\\/01\\\/cropped-silja_250x100.png\",\"width\":250,\"height\":100,\"caption\":\"Silja\"},\"logo\":{\"@id\":\"https:\\\/\\\/siljakeranen.fi\\\/blogi\\\/wp-content\\\/uploads\\\/2023\\\/01\\\/cropped-silja_250x100.png\"},\"sameAs\":[\"http:\\\/\\\/www.siljakeranen.fi\",\"https:\\\/\\\/www.facebook.com\\\/siljamkeranen\",\"https:\\\/\\\/www.instagram.com\\\/siljakeranen\\\/\",\"https:\\\/\\\/www.linkedin.com\\\/in\\\/silja-kernen-4331b548\\\/\",\"https:\\\/\\\/x.com\\\/https:\\\/\\\/twitter.com\\\/SiljaMP\",\"https:\\\/\\\/www.youtube.com\\\/channel\\\/UC0MWeuoWP4-Mjs1z8pIv3GQ\",\"https:\\\/\\\/fi.wikipedia.org\\\/wiki\\\/Silja_Kernen\"],\"url\":\"https:\\\/\\\/siljakeranen.fi\\\/blogi\\\/author\\\/admin\\\/\"}]}<\/script>\n<!-- \/ Yoast SEO plugin. -->","yoast_head_json":{"title":"Investointitaso, kulttuurin merkitys sek\u00e4 l\u00e4hivirkistysmets\u00e4t Kajaanissa - Silja Ker\u00e4nen","robots":{"index":"index","follow":"follow","max-snippet":"max-snippet:-1","max-image-preview":"max-image-preview:large","max-video-preview":"max-video-preview:-1"},"canonical":"https:\/\/siljakeranen.fi\/blogi\/investointitaso-kulttuurin-merkitys-seka-lahivirkistysmetsat-kajaanissa\/","og_locale":"fi_FI","og_type":"article","og_title":"Investointitaso, kulttuurin merkitys sek\u00e4 l\u00e4hivirkistysmets\u00e4t Kajaanissa - Silja Ker\u00e4nen","og_description":"Pidin kaupunginvaltuuston kokouksessa vihreiden ryhm\u00e4puheenvuoron. T\u00e4ss\u00e4p\u00e4 se tekstin\u00e4: Puheenjohtaja, arvon kollegat sek\u00e4 kajaanilaiset Eip\u00e4 oltaisi vuosi sitten uskottu, ett\u00e4 t\u00e4ss\u00e4 ollaan. Euroopassa, jossa k\u00e4yd\u00e4\u00e4n sotaa. Sotaa, jonka meid\u00e4n naapurimaa aloitti.&nbsp; Sotatila herk\u00e4sti synkist\u00e4\u00e4 mielialaa, kun kammottavat kohtalot piirtyv\u00e4t verkkokalvoille ja ep\u00e4varmuus tulevaisuudesta kasvaa. T\u00e4llaisissa tilanteissa julkisen sektorin vakaus ja j\u00e4rkev\u00e4t toimet ovat \u00e4\u00e4rimm\u00e4isen t\u00e4rkeit\u00e4. Julkinen [&hellip;]","og_url":"https:\/\/siljakeranen.fi\/blogi\/investointitaso-kulttuurin-merkitys-seka-lahivirkistysmetsat-kajaanissa\/","og_site_name":"Silja Ker\u00e4nen","article_publisher":"https:\/\/www.facebook.com\/siljamkeranen","article_author":"https:\/\/www.facebook.com\/siljamkeranen","article_published_time":"2022-12-12T17:35:43+00:00","og_image":[{"width":1600,"height":1230,"url":"https:\/\/siljakeranen.fi\/blogi\/wp-content\/uploads\/2022\/12\/WhatsApp-Image-2022-12-12-at-14.06.42.jpeg","type":"image\/jpeg"}],"author":"Silja","twitter_card":"summary_large_image","twitter_creator":"@https:\/\/twitter.com\/SiljaMP","twitter_site":"@SiljaMP","twitter_misc":{"Kirjoittanut":"Silja","Arvioitu lukuaika":"5 minuuttia"},"schema":{"@context":"https:\/\/schema.org","@graph":[{"@type":"Article","@id":"https:\/\/siljakeranen.fi\/blogi\/investointitaso-kulttuurin-merkitys-seka-lahivirkistysmetsat-kajaanissa\/#article","isPartOf":{"@id":"https:\/\/siljakeranen.fi\/blogi\/investointitaso-kulttuurin-merkitys-seka-lahivirkistysmetsat-kajaanissa\/"},"author":{"name":"Silja","@id":"https:\/\/siljakeranen.fi\/blogi\/#\/schema\/person\/d43605ef0d5681c1b27a4ba1fede1cf4"},"headline":"Investointitaso, kulttuurin merkitys sek\u00e4 l\u00e4hivirkistysmets\u00e4t Kajaanissa","datePublished":"2022-12-12T17:35:43+00:00","mainEntityOfPage":{"@id":"https:\/\/siljakeranen.fi\/blogi\/investointitaso-kulttuurin-merkitys-seka-lahivirkistysmetsat-kajaanissa\/"},"wordCount":938,"commentCount":0,"publisher":{"@id":"https:\/\/siljakeranen.fi\/blogi\/#\/schema\/person\/d43605ef0d5681c1b27a4ba1fede1cf4"},"image":{"@id":"https:\/\/siljakeranen.fi\/blogi\/investointitaso-kulttuurin-merkitys-seka-lahivirkistysmetsat-kajaanissa\/#primaryimage"},"thumbnailUrl":"https:\/\/siljakeranen.fi\/blogi\/wp-content\/uploads\/2022\/12\/WhatsApp-Image-2022-12-12-at-14.06.42.jpeg","articleSection":["Kajaani","Kulttuuri","Mets\u00e4","Politiikka","Talous"],"inLanguage":"fi","potentialAction":[{"@type":"CommentAction","name":"Comment","target":["https:\/\/siljakeranen.fi\/blogi\/investointitaso-kulttuurin-merkitys-seka-lahivirkistysmetsat-kajaanissa\/#respond"]}]},{"@type":"WebPage","@id":"https:\/\/siljakeranen.fi\/blogi\/investointitaso-kulttuurin-merkitys-seka-lahivirkistysmetsat-kajaanissa\/","url":"https:\/\/siljakeranen.fi\/blogi\/investointitaso-kulttuurin-merkitys-seka-lahivirkistysmetsat-kajaanissa\/","name":"Investointitaso, kulttuurin merkitys sek\u00e4 l\u00e4hivirkistysmets\u00e4t Kajaanissa - Silja Ker\u00e4nen","isPartOf":{"@id":"https:\/\/siljakeranen.fi\/blogi\/#website"},"primaryImageOfPage":{"@id":"https:\/\/siljakeranen.fi\/blogi\/investointitaso-kulttuurin-merkitys-seka-lahivirkistysmetsat-kajaanissa\/#primaryimage"},"image":{"@id":"https:\/\/siljakeranen.fi\/blogi\/investointitaso-kulttuurin-merkitys-seka-lahivirkistysmetsat-kajaanissa\/#primaryimage"},"thumbnailUrl":"https:\/\/siljakeranen.fi\/blogi\/wp-content\/uploads\/2022\/12\/WhatsApp-Image-2022-12-12-at-14.06.42.jpeg","datePublished":"2022-12-12T17:35:43+00:00","breadcrumb":{"@id":"https:\/\/siljakeranen.fi\/blogi\/investointitaso-kulttuurin-merkitys-seka-lahivirkistysmetsat-kajaanissa\/#breadcrumb"},"inLanguage":"fi","potentialAction":[{"@type":"ReadAction","target":["https:\/\/siljakeranen.fi\/blogi\/investointitaso-kulttuurin-merkitys-seka-lahivirkistysmetsat-kajaanissa\/"]}]},{"@type":"ImageObject","inLanguage":"fi","@id":"https:\/\/siljakeranen.fi\/blogi\/investointitaso-kulttuurin-merkitys-seka-lahivirkistysmetsat-kajaanissa\/#primaryimage","url":"https:\/\/siljakeranen.fi\/blogi\/wp-content\/uploads\/2022\/12\/WhatsApp-Image-2022-12-12-at-14.06.42.jpeg","contentUrl":"https:\/\/siljakeranen.fi\/blogi\/wp-content\/uploads\/2022\/12\/WhatsApp-Image-2022-12-12-at-14.06.42.jpeg","width":1600,"height":1230},{"@type":"BreadcrumbList","@id":"https:\/\/siljakeranen.fi\/blogi\/investointitaso-kulttuurin-merkitys-seka-lahivirkistysmetsat-kajaanissa\/#breadcrumb","itemListElement":[{"@type":"ListItem","position":1,"name":"Etusivu","item":"https:\/\/siljakeranen.fi\/blogi\/"},{"@type":"ListItem","position":2,"name":"Investointitaso, kulttuurin merkitys sek\u00e4 l\u00e4hivirkistysmets\u00e4t Kajaanissa"}]},{"@type":"WebSite","@id":"https:\/\/siljakeranen.fi\/blogi\/#website","url":"https:\/\/siljakeranen.fi\/blogi\/","name":"Silja Ker\u00e4nen","description":"Silja Ker\u00e4nen, kainuulainen vihre\u00e4 poliitikko","publisher":{"@id":"https:\/\/siljakeranen.fi\/blogi\/#\/schema\/person\/d43605ef0d5681c1b27a4ba1fede1cf4"},"potentialAction":[{"@type":"SearchAction","target":{"@type":"EntryPoint","urlTemplate":"https:\/\/siljakeranen.fi\/blogi\/?s={search_term_string}"},"query-input":{"@type":"PropertyValueSpecification","valueRequired":true,"valueName":"search_term_string"}}],"inLanguage":"fi"},{"@type":["Person","Organization"],"@id":"https:\/\/siljakeranen.fi\/blogi\/#\/schema\/person\/d43605ef0d5681c1b27a4ba1fede1cf4","name":"Silja","image":{"@type":"ImageObject","inLanguage":"fi","@id":"https:\/\/siljakeranen.fi\/blogi\/wp-content\/uploads\/2023\/01\/cropped-silja_250x100.png","url":"https:\/\/siljakeranen.fi\/blogi\/wp-content\/uploads\/2023\/01\/cropped-silja_250x100.png","contentUrl":"https:\/\/siljakeranen.fi\/blogi\/wp-content\/uploads\/2023\/01\/cropped-silja_250x100.png","width":250,"height":100,"caption":"Silja"},"logo":{"@id":"https:\/\/siljakeranen.fi\/blogi\/wp-content\/uploads\/2023\/01\/cropped-silja_250x100.png"},"sameAs":["http:\/\/www.siljakeranen.fi","https:\/\/www.facebook.com\/siljamkeranen","https:\/\/www.instagram.com\/siljakeranen\/","https:\/\/www.linkedin.com\/in\/silja-kernen-4331b548\/","https:\/\/x.com\/https:\/\/twitter.com\/SiljaMP","https:\/\/www.youtube.com\/channel\/UC0MWeuoWP4-Mjs1z8pIv3GQ","https:\/\/fi.wikipedia.org\/wiki\/Silja_Kernen"],"url":"https:\/\/siljakeranen.fi\/blogi\/author\/admin\/"}]}},"_links":{"self":[{"href":"https:\/\/siljakeranen.fi\/blogi\/wp-json\/wp\/v2\/posts\/2484","targetHints":{"allow":["GET"]}}],"collection":[{"href":"https:\/\/siljakeranen.fi\/blogi\/wp-json\/wp\/v2\/posts"}],"about":[{"href":"https:\/\/siljakeranen.fi\/blogi\/wp-json\/wp\/v2\/types\/post"}],"author":[{"embeddable":true,"href":"https:\/\/siljakeranen.fi\/blogi\/wp-json\/wp\/v2\/users\/1"}],"replies":[{"embeddable":true,"href":"https:\/\/siljakeranen.fi\/blogi\/wp-json\/wp\/v2\/comments?post=2484"}],"version-history":[{"count":1,"href":"https:\/\/siljakeranen.fi\/blogi\/wp-json\/wp\/v2\/posts\/2484\/revisions"}],"predecessor-version":[{"id":2486,"href":"https:\/\/siljakeranen.fi\/blogi\/wp-json\/wp\/v2\/posts\/2484\/revisions\/2486"}],"wp:featuredmedia":[{"embeddable":true,"href":"https:\/\/siljakeranen.fi\/blogi\/wp-json\/wp\/v2\/media\/2485"}],"wp:attachment":[{"href":"https:\/\/siljakeranen.fi\/blogi\/wp-json\/wp\/v2\/media?parent=2484"}],"wp:term":[{"taxonomy":"category","embeddable":true,"href":"https:\/\/siljakeranen.fi\/blogi\/wp-json\/wp\/v2\/categories?post=2484"},{"taxonomy":"post_tag","embeddable":true,"href":"https:\/\/siljakeranen.fi\/blogi\/wp-json\/wp\/v2\/tags?post=2484"}],"curies":[{"name":"wp","href":"https:\/\/api.w.org\/{rel}","templated":true}]}}