{"id":2657,"date":"2023-01-31T19:01:00","date_gmt":"2023-01-31T17:01:00","guid":{"rendered":"https:\/\/siljakeranen.fi\/blogi\/?p=2657"},"modified":"2024-05-17T20:38:23","modified_gmt":"2024-05-17T17:38:23","slug":"toissijainen-kotikunta-konkretisoisi-monipaikkaisuuden","status":"publish","type":"post","link":"https:\/\/siljakeranen.fi\/blogi\/toissijainen-kotikunta-konkretisoisi-monipaikkaisuuden\/","title":{"rendered":"Toissijainen kotikunta konkretisoisi monipaikkaisuuden"},"content":{"rendered":"<p>L\u00e4hes puolet suomalaisista on tavalla tai toisella monipaikkaisia. Suurimman osan tekee monipaikkaiseksi m\u00f6kki, toisilla taas ty\u00f6paikka on oman kotikunnan ulkopuolella ja joillain kiinteist\u00f6n omistus. Ilmi\u00f6n laajuuteen n\u00e4hden, sen huomiointi lains\u00e4\u00e4d\u00e4nn\u00f6n tasolla on eritt\u00e4in v\u00e4h\u00e4ist\u00e4.<\/p>\n<p>Muutama vuosi sitten toteutettiin selvitys kaksoiskuntalaisuudesta. Selvityksen johtop\u00e4\u00e4t\u00f6s oli aika vaisu: kaksoiskuntalaisuus on l\u00e4hes mahdoton toteuttaa verotuksen j\u00e4rjest\u00e4misen sek\u00e4 \u00e4\u00e4nioikeuden n\u00e4k\u00f6kulmasta. Verotuksen pystyy varmasti j\u00e4rjestelem\u00e4\u00e4n eri tavoin, mutta j\u00e4lkimm\u00e4inen syy on ihan paikkansapit\u00e4v\u00e4. Yleisen ja yht\u00e4l\u00e4isen \u00e4\u00e4nioikeuden periaatteen mukaan, ihminen voi k\u00e4ytt\u00e4\u00e4 \u00e4\u00e4nioikeutensa vain yhdess\u00e4 paikassa. N\u00e4in ollen ihmisell\u00e4 ei voi olla kahta tasavertaista kotikuntaa.<\/p>\n<p>Luomalla toissijainen kotikunta -m\u00e4\u00e4ritelm\u00e4 saisimme ratkaistua t\u00e4m\u00e4n perustuslaillisen haasteen. \u00c4\u00e4nioikeus olisi ensisijaisessa kotikunnassa.<\/p>\n<p>Toissijaisen kotikunnan m\u00e4\u00e4rittelyn avulla hahmottaisimme monipaikkaisuusilmi\u00f6n huomattavasti nykyist\u00e4 paremmin. T\u00e4ll\u00e4 hetkell\u00e4 palveluiden ja infran suunnittelu perustuu kunkin kunnan asukkaiden m\u00e4\u00e4r\u00e4\u00e4n, vaikka tosiasiassa iso osa n\u00e4ist\u00e4 asukkaista ei edes asu kunnan alueella kuin osan vuodesta. Toisaalla taas on kuntia, joiden vakituisten asukkaiden m\u00e4\u00e4r\u00e4 on pieni, mutta osa-aika-asukkaiden m\u00e4\u00e4r\u00e4 todella merkitt\u00e4v\u00e4.<\/p>\n<p>Tuomalla toissijaisen kotikunnan m\u00e4\u00e4rittely lains\u00e4\u00e4d\u00e4nt\u00f6\u00f6n, pystyisimme huomattavasti paremmin ymm\u00e4rt\u00e4m\u00e4\u00e4n monipaikkaisuusilmi\u00f6n eri puolia. Samalla my\u00f6s kunnat tiet\u00e4isiv\u00e4t nykyist\u00e4 paremmin, keit\u00e4 heid\u00e4n osa-aika-asukkaansa ovat. Nykyinen tiukka lains\u00e4\u00e4d\u00e4nt\u00f6 yhdest\u00e4 kotikunnasta ei vastaa en\u00e4\u00e4 ihmisten arkea, joten vanhentunut lains\u00e4\u00e4d\u00e4nt\u00f6 tulisi p\u00e4ivitt\u00e4\u00e4.&nbsp;<\/p>\n<p>&#8212;<br \/>\nKirjoitus on julkaistu my\u00f6s <a href=\"https:\/\/www.vihreat.fi\/ajankohtaista\/toissijainen-kotikunta-konkretisoisi-monipaikkaisuuden\/\" target=\"_blank\" rel=\"noopener\">puolueen blogissa<\/a>.&nbsp;<\/p>\n<div style=\"padding-bottom:20px; padding-top:10px;\" class=\"hupso-share-buttons\"><!-- Hupso Share Buttons - https:\/\/www.hupso.com\/share\/ --><a class=\"hupso_counters\" href=\"https:\/\/www.hupso.com\/share\/\"><img decoding=\"async\" src=\"https:\/\/static.hupso.com\/share\/buttons\/share-small.png\" style=\"border:0px; padding-top:2px; float:left;\" alt=\"Share Button\"\/><\/a><script type=\"text\/javascript\">var hupso_services_c=new Array(\"twitter\",\"facebook_like\",\"facebook_send\",\"google\");var hupso_counters_lang = \"en_US\";var hupso_image_folder_url = \"\";var hupso_url_c=\"\";var hupso_title_c=\"Toissijainen%20kotikunta%20konkretisoisi%20monipaikkaisuuden\";<\/script><script type=\"text\/javascript\" src=\"https:\/\/static.hupso.com\/share\/js\/counters.js\"><\/script><!-- Hupso Share Buttons --><\/div>","protected":false},"excerpt":{"rendered":"<p>L\u00e4hes puolet suomalaisista on tavalla tai toisella monipaikkaisia. Suurimman osan tekee monipaikkaiseksi m\u00f6kki, toisilla taas ty\u00f6paikka on oman kotikunnan ulkopuolella ja joillain kiinteist\u00f6n omistus. Ilmi\u00f6n laajuuteen n\u00e4hden, sen huomiointi lains\u00e4\u00e4d\u00e4nn\u00f6n tasolla on eritt\u00e4in v\u00e4h\u00e4ist\u00e4. Muutama vuosi sitten toteutettiin selvitys kaksoiskuntalaisuudesta. Selvityksen johtop\u00e4\u00e4t\u00f6s oli aika vaisu: kaksoiskuntalaisuus on l\u00e4hes mahdoton toteuttaa verotuksen j\u00e4rjest\u00e4misen sek\u00e4 \u00e4\u00e4nioikeuden n\u00e4k\u00f6kulmasta. [&hellip;]<\/p>\n<div style=\"padding-bottom:20px; padding-top:10px;\" class=\"hupso-share-buttons\"><!-- Hupso Share Buttons - https:\/\/www.hupso.com\/share\/ --><a class=\"hupso_counters\" href=\"https:\/\/www.hupso.com\/share\/\"><img src=\"https:\/\/static.hupso.com\/share\/buttons\/share-small.png\" style=\"border:0px; padding-top:2px; float:left;\" alt=\"Share Button\"\/><\/a><script type=\"text\/javascript\">var hupso_services_c=new Array(\"twitter\",\"facebook_like\",\"facebook_send\",\"google\");var hupso_counters_lang = \"en_US\";var hupso_image_folder_url = \"\";var hupso_url_c=\"\";var hupso_title_c=\"Toissijainen%20kotikunta%20konkretisoisi%20monipaikkaisuuden\";<\/script><script type=\"text\/javascript\" src=\"https:\/\/static.hupso.com\/share\/js\/counters.js\"><\/script><!-- Hupso Share Buttons --><\/div>","protected":false},"author":1,"featured_media":2079,"comment_status":"open","ping_status":"closed","sticky":false,"template":"","format":"standard","meta":{"ngg_post_thumbnail":0,"footnotes":""},"categories":[7,41,6,10,30],"tags":[],"class_list":["post-2657","post","type-post","status-publish","format-standard","has-post-thumbnail","hentry","category-kainuu","category-maaseutu","category-politiikka","category-vihreat","category-yrittajyys-elinkeinot"],"yoast_head":"<!-- This site is optimized with the Yoast SEO plugin v27.3 - https:\/\/yoast.com\/product\/yoast-seo-wordpress\/ -->\n<title>Toissijainen kotikunta konkretisoisi monipaikkaisuuden - Silja Ker\u00e4nen<\/title>\n<meta name=\"robots\" content=\"index, follow, max-snippet:-1, max-image-preview:large, max-video-preview:-1\" \/>\n<link rel=\"canonical\" href=\"https:\/\/siljakeranen.fi\/blogi\/toissijainen-kotikunta-konkretisoisi-monipaikkaisuuden\/\" \/>\n<meta property=\"og:locale\" content=\"fi_FI\" \/>\n<meta property=\"og:type\" content=\"article\" \/>\n<meta property=\"og:title\" content=\"Toissijainen kotikunta konkretisoisi monipaikkaisuuden - Silja Ker\u00e4nen\" \/>\n<meta property=\"og:description\" content=\"L\u00e4hes puolet suomalaisista on tavalla tai toisella monipaikkaisia. Suurimman osan tekee monipaikkaiseksi m\u00f6kki, toisilla taas ty\u00f6paikka on oman kotikunnan ulkopuolella ja joillain kiinteist\u00f6n omistus. Ilmi\u00f6n laajuuteen n\u00e4hden, sen huomiointi lains\u00e4\u00e4d\u00e4nn\u00f6n tasolla on eritt\u00e4in v\u00e4h\u00e4ist\u00e4. Muutama vuosi sitten toteutettiin selvitys kaksoiskuntalaisuudesta. Selvityksen johtop\u00e4\u00e4t\u00f6s oli aika vaisu: kaksoiskuntalaisuus on l\u00e4hes mahdoton toteuttaa verotuksen j\u00e4rjest\u00e4misen sek\u00e4 \u00e4\u00e4nioikeuden n\u00e4k\u00f6kulmasta. [&hellip;]\" \/>\n<meta property=\"og:url\" content=\"https:\/\/siljakeranen.fi\/blogi\/toissijainen-kotikunta-konkretisoisi-monipaikkaisuuden\/\" \/>\n<meta property=\"og:site_name\" content=\"Silja Ker\u00e4nen\" \/>\n<meta property=\"article:publisher\" content=\"https:\/\/www.facebook.com\/siljamkeranen\" \/>\n<meta property=\"article:author\" content=\"https:\/\/www.facebook.com\/siljamkeranen\" \/>\n<meta property=\"article:published_time\" content=\"2023-01-31T17:01:00+00:00\" \/>\n<meta property=\"article:modified_time\" content=\"2024-05-17T17:38:23+00:00\" \/>\n<meta property=\"og:image\" content=\"https:\/\/siljakeranen.fi\/blogi\/wp-content\/uploads\/2021\/03\/IMG_1018.jpeg\" \/>\n\t<meta property=\"og:image:width\" content=\"1280\" \/>\n\t<meta property=\"og:image:height\" content=\"960\" \/>\n\t<meta property=\"og:image:type\" content=\"image\/jpeg\" \/>\n<meta name=\"author\" content=\"Silja\" \/>\n<meta name=\"twitter:card\" content=\"summary_large_image\" \/>\n<meta name=\"twitter:creator\" content=\"@https:\/\/twitter.com\/SiljaMP\" \/>\n<meta name=\"twitter:site\" content=\"@SiljaMP\" \/>\n<meta name=\"twitter:label1\" content=\"Kirjoittanut\" \/>\n\t<meta name=\"twitter:data1\" content=\"Silja\" \/>\n\t<meta name=\"twitter:label2\" content=\"Arvioitu lukuaika\" \/>\n\t<meta name=\"twitter:data2\" content=\"2 minuuttia\" \/>\n<script type=\"application\/ld+json\" class=\"yoast-schema-graph\">{\"@context\":\"https:\\\/\\\/schema.org\",\"@graph\":[{\"@type\":\"Article\",\"@id\":\"https:\\\/\\\/siljakeranen.fi\\\/blogi\\\/toissijainen-kotikunta-konkretisoisi-monipaikkaisuuden\\\/#article\",\"isPartOf\":{\"@id\":\"https:\\\/\\\/siljakeranen.fi\\\/blogi\\\/toissijainen-kotikunta-konkretisoisi-monipaikkaisuuden\\\/\"},\"author\":{\"name\":\"Silja\",\"@id\":\"https:\\\/\\\/siljakeranen.fi\\\/blogi\\\/#\\\/schema\\\/person\\\/d43605ef0d5681c1b27a4ba1fede1cf4\"},\"headline\":\"Toissijainen kotikunta konkretisoisi monipaikkaisuuden\",\"datePublished\":\"2023-01-31T17:01:00+00:00\",\"dateModified\":\"2024-05-17T17:38:23+00:00\",\"mainEntityOfPage\":{\"@id\":\"https:\\\/\\\/siljakeranen.fi\\\/blogi\\\/toissijainen-kotikunta-konkretisoisi-monipaikkaisuuden\\\/\"},\"wordCount\":259,\"commentCount\":0,\"publisher\":{\"@id\":\"https:\\\/\\\/siljakeranen.fi\\\/blogi\\\/#\\\/schema\\\/person\\\/d43605ef0d5681c1b27a4ba1fede1cf4\"},\"image\":{\"@id\":\"https:\\\/\\\/siljakeranen.fi\\\/blogi\\\/toissijainen-kotikunta-konkretisoisi-monipaikkaisuuden\\\/#primaryimage\"},\"thumbnailUrl\":\"https:\\\/\\\/siljakeranen.fi\\\/blogi\\\/wp-content\\\/uploads\\\/2021\\\/03\\\/IMG_1018.jpeg\",\"articleSection\":[\"Kainuu\",\"Maaseutu ja aluepolitiikka\",\"Politiikka\",\"Vihre\u00e4t\",\"Yritt\u00e4jyys &amp; elinkeinot\"],\"inLanguage\":\"fi\",\"potentialAction\":[{\"@type\":\"CommentAction\",\"name\":\"Comment\",\"target\":[\"https:\\\/\\\/siljakeranen.fi\\\/blogi\\\/toissijainen-kotikunta-konkretisoisi-monipaikkaisuuden\\\/#respond\"]}]},{\"@type\":\"WebPage\",\"@id\":\"https:\\\/\\\/siljakeranen.fi\\\/blogi\\\/toissijainen-kotikunta-konkretisoisi-monipaikkaisuuden\\\/\",\"url\":\"https:\\\/\\\/siljakeranen.fi\\\/blogi\\\/toissijainen-kotikunta-konkretisoisi-monipaikkaisuuden\\\/\",\"name\":\"Toissijainen kotikunta konkretisoisi monipaikkaisuuden - Silja Ker\u00e4nen\",\"isPartOf\":{\"@id\":\"https:\\\/\\\/siljakeranen.fi\\\/blogi\\\/#website\"},\"primaryImageOfPage\":{\"@id\":\"https:\\\/\\\/siljakeranen.fi\\\/blogi\\\/toissijainen-kotikunta-konkretisoisi-monipaikkaisuuden\\\/#primaryimage\"},\"image\":{\"@id\":\"https:\\\/\\\/siljakeranen.fi\\\/blogi\\\/toissijainen-kotikunta-konkretisoisi-monipaikkaisuuden\\\/#primaryimage\"},\"thumbnailUrl\":\"https:\\\/\\\/siljakeranen.fi\\\/blogi\\\/wp-content\\\/uploads\\\/2021\\\/03\\\/IMG_1018.jpeg\",\"datePublished\":\"2023-01-31T17:01:00+00:00\",\"dateModified\":\"2024-05-17T17:38:23+00:00\",\"breadcrumb\":{\"@id\":\"https:\\\/\\\/siljakeranen.fi\\\/blogi\\\/toissijainen-kotikunta-konkretisoisi-monipaikkaisuuden\\\/#breadcrumb\"},\"inLanguage\":\"fi\",\"potentialAction\":[{\"@type\":\"ReadAction\",\"target\":[\"https:\\\/\\\/siljakeranen.fi\\\/blogi\\\/toissijainen-kotikunta-konkretisoisi-monipaikkaisuuden\\\/\"]}]},{\"@type\":\"ImageObject\",\"inLanguage\":\"fi\",\"@id\":\"https:\\\/\\\/siljakeranen.fi\\\/blogi\\\/toissijainen-kotikunta-konkretisoisi-monipaikkaisuuden\\\/#primaryimage\",\"url\":\"https:\\\/\\\/siljakeranen.fi\\\/blogi\\\/wp-content\\\/uploads\\\/2021\\\/03\\\/IMG_1018.jpeg\",\"contentUrl\":\"https:\\\/\\\/siljakeranen.fi\\\/blogi\\\/wp-content\\\/uploads\\\/2021\\\/03\\\/IMG_1018.jpeg\",\"width\":1280,\"height\":960},{\"@type\":\"BreadcrumbList\",\"@id\":\"https:\\\/\\\/siljakeranen.fi\\\/blogi\\\/toissijainen-kotikunta-konkretisoisi-monipaikkaisuuden\\\/#breadcrumb\",\"itemListElement\":[{\"@type\":\"ListItem\",\"position\":1,\"name\":\"Etusivu\",\"item\":\"https:\\\/\\\/siljakeranen.fi\\\/blogi\\\/\"},{\"@type\":\"ListItem\",\"position\":2,\"name\":\"Toissijainen kotikunta konkretisoisi monipaikkaisuuden\"}]},{\"@type\":\"WebSite\",\"@id\":\"https:\\\/\\\/siljakeranen.fi\\\/blogi\\\/#website\",\"url\":\"https:\\\/\\\/siljakeranen.fi\\\/blogi\\\/\",\"name\":\"Silja Ker\u00e4nen\",\"description\":\"Silja Ker\u00e4nen, kainuulainen vihre\u00e4 poliitikko\",\"publisher\":{\"@id\":\"https:\\\/\\\/siljakeranen.fi\\\/blogi\\\/#\\\/schema\\\/person\\\/d43605ef0d5681c1b27a4ba1fede1cf4\"},\"potentialAction\":[{\"@type\":\"SearchAction\",\"target\":{\"@type\":\"EntryPoint\",\"urlTemplate\":\"https:\\\/\\\/siljakeranen.fi\\\/blogi\\\/?s={search_term_string}\"},\"query-input\":{\"@type\":\"PropertyValueSpecification\",\"valueRequired\":true,\"valueName\":\"search_term_string\"}}],\"inLanguage\":\"fi\"},{\"@type\":[\"Person\",\"Organization\"],\"@id\":\"https:\\\/\\\/siljakeranen.fi\\\/blogi\\\/#\\\/schema\\\/person\\\/d43605ef0d5681c1b27a4ba1fede1cf4\",\"name\":\"Silja\",\"image\":{\"@type\":\"ImageObject\",\"inLanguage\":\"fi\",\"@id\":\"https:\\\/\\\/siljakeranen.fi\\\/blogi\\\/wp-content\\\/uploads\\\/2023\\\/01\\\/cropped-silja_250x100.png\",\"url\":\"https:\\\/\\\/siljakeranen.fi\\\/blogi\\\/wp-content\\\/uploads\\\/2023\\\/01\\\/cropped-silja_250x100.png\",\"contentUrl\":\"https:\\\/\\\/siljakeranen.fi\\\/blogi\\\/wp-content\\\/uploads\\\/2023\\\/01\\\/cropped-silja_250x100.png\",\"width\":250,\"height\":100,\"caption\":\"Silja\"},\"logo\":{\"@id\":\"https:\\\/\\\/siljakeranen.fi\\\/blogi\\\/wp-content\\\/uploads\\\/2023\\\/01\\\/cropped-silja_250x100.png\"},\"sameAs\":[\"http:\\\/\\\/www.siljakeranen.fi\",\"https:\\\/\\\/www.facebook.com\\\/siljamkeranen\",\"https:\\\/\\\/www.instagram.com\\\/siljakeranen\\\/\",\"https:\\\/\\\/www.linkedin.com\\\/in\\\/silja-kernen-4331b548\\\/\",\"https:\\\/\\\/x.com\\\/https:\\\/\\\/twitter.com\\\/SiljaMP\",\"https:\\\/\\\/www.youtube.com\\\/channel\\\/UC0MWeuoWP4-Mjs1z8pIv3GQ\",\"https:\\\/\\\/fi.wikipedia.org\\\/wiki\\\/Silja_Kernen\"],\"url\":\"https:\\\/\\\/siljakeranen.fi\\\/blogi\\\/author\\\/admin\\\/\"}]}<\/script>\n<!-- \/ Yoast SEO plugin. -->","yoast_head_json":{"title":"Toissijainen kotikunta konkretisoisi monipaikkaisuuden - Silja Ker\u00e4nen","robots":{"index":"index","follow":"follow","max-snippet":"max-snippet:-1","max-image-preview":"max-image-preview:large","max-video-preview":"max-video-preview:-1"},"canonical":"https:\/\/siljakeranen.fi\/blogi\/toissijainen-kotikunta-konkretisoisi-monipaikkaisuuden\/","og_locale":"fi_FI","og_type":"article","og_title":"Toissijainen kotikunta konkretisoisi monipaikkaisuuden - Silja Ker\u00e4nen","og_description":"L\u00e4hes puolet suomalaisista on tavalla tai toisella monipaikkaisia. Suurimman osan tekee monipaikkaiseksi m\u00f6kki, toisilla taas ty\u00f6paikka on oman kotikunnan ulkopuolella ja joillain kiinteist\u00f6n omistus. Ilmi\u00f6n laajuuteen n\u00e4hden, sen huomiointi lains\u00e4\u00e4d\u00e4nn\u00f6n tasolla on eritt\u00e4in v\u00e4h\u00e4ist\u00e4. Muutama vuosi sitten toteutettiin selvitys kaksoiskuntalaisuudesta. Selvityksen johtop\u00e4\u00e4t\u00f6s oli aika vaisu: kaksoiskuntalaisuus on l\u00e4hes mahdoton toteuttaa verotuksen j\u00e4rjest\u00e4misen sek\u00e4 \u00e4\u00e4nioikeuden n\u00e4k\u00f6kulmasta. [&hellip;]","og_url":"https:\/\/siljakeranen.fi\/blogi\/toissijainen-kotikunta-konkretisoisi-monipaikkaisuuden\/","og_site_name":"Silja Ker\u00e4nen","article_publisher":"https:\/\/www.facebook.com\/siljamkeranen","article_author":"https:\/\/www.facebook.com\/siljamkeranen","article_published_time":"2023-01-31T17:01:00+00:00","article_modified_time":"2024-05-17T17:38:23+00:00","og_image":[{"width":1280,"height":960,"url":"https:\/\/siljakeranen.fi\/blogi\/wp-content\/uploads\/2021\/03\/IMG_1018.jpeg","type":"image\/jpeg"}],"author":"Silja","twitter_card":"summary_large_image","twitter_creator":"@https:\/\/twitter.com\/SiljaMP","twitter_site":"@SiljaMP","twitter_misc":{"Kirjoittanut":"Silja","Arvioitu lukuaika":"2 minuuttia"},"schema":{"@context":"https:\/\/schema.org","@graph":[{"@type":"Article","@id":"https:\/\/siljakeranen.fi\/blogi\/toissijainen-kotikunta-konkretisoisi-monipaikkaisuuden\/#article","isPartOf":{"@id":"https:\/\/siljakeranen.fi\/blogi\/toissijainen-kotikunta-konkretisoisi-monipaikkaisuuden\/"},"author":{"name":"Silja","@id":"https:\/\/siljakeranen.fi\/blogi\/#\/schema\/person\/d43605ef0d5681c1b27a4ba1fede1cf4"},"headline":"Toissijainen kotikunta konkretisoisi monipaikkaisuuden","datePublished":"2023-01-31T17:01:00+00:00","dateModified":"2024-05-17T17:38:23+00:00","mainEntityOfPage":{"@id":"https:\/\/siljakeranen.fi\/blogi\/toissijainen-kotikunta-konkretisoisi-monipaikkaisuuden\/"},"wordCount":259,"commentCount":0,"publisher":{"@id":"https:\/\/siljakeranen.fi\/blogi\/#\/schema\/person\/d43605ef0d5681c1b27a4ba1fede1cf4"},"image":{"@id":"https:\/\/siljakeranen.fi\/blogi\/toissijainen-kotikunta-konkretisoisi-monipaikkaisuuden\/#primaryimage"},"thumbnailUrl":"https:\/\/siljakeranen.fi\/blogi\/wp-content\/uploads\/2021\/03\/IMG_1018.jpeg","articleSection":["Kainuu","Maaseutu ja aluepolitiikka","Politiikka","Vihre\u00e4t","Yritt\u00e4jyys &amp; elinkeinot"],"inLanguage":"fi","potentialAction":[{"@type":"CommentAction","name":"Comment","target":["https:\/\/siljakeranen.fi\/blogi\/toissijainen-kotikunta-konkretisoisi-monipaikkaisuuden\/#respond"]}]},{"@type":"WebPage","@id":"https:\/\/siljakeranen.fi\/blogi\/toissijainen-kotikunta-konkretisoisi-monipaikkaisuuden\/","url":"https:\/\/siljakeranen.fi\/blogi\/toissijainen-kotikunta-konkretisoisi-monipaikkaisuuden\/","name":"Toissijainen kotikunta konkretisoisi monipaikkaisuuden - Silja Ker\u00e4nen","isPartOf":{"@id":"https:\/\/siljakeranen.fi\/blogi\/#website"},"primaryImageOfPage":{"@id":"https:\/\/siljakeranen.fi\/blogi\/toissijainen-kotikunta-konkretisoisi-monipaikkaisuuden\/#primaryimage"},"image":{"@id":"https:\/\/siljakeranen.fi\/blogi\/toissijainen-kotikunta-konkretisoisi-monipaikkaisuuden\/#primaryimage"},"thumbnailUrl":"https:\/\/siljakeranen.fi\/blogi\/wp-content\/uploads\/2021\/03\/IMG_1018.jpeg","datePublished":"2023-01-31T17:01:00+00:00","dateModified":"2024-05-17T17:38:23+00:00","breadcrumb":{"@id":"https:\/\/siljakeranen.fi\/blogi\/toissijainen-kotikunta-konkretisoisi-monipaikkaisuuden\/#breadcrumb"},"inLanguage":"fi","potentialAction":[{"@type":"ReadAction","target":["https:\/\/siljakeranen.fi\/blogi\/toissijainen-kotikunta-konkretisoisi-monipaikkaisuuden\/"]}]},{"@type":"ImageObject","inLanguage":"fi","@id":"https:\/\/siljakeranen.fi\/blogi\/toissijainen-kotikunta-konkretisoisi-monipaikkaisuuden\/#primaryimage","url":"https:\/\/siljakeranen.fi\/blogi\/wp-content\/uploads\/2021\/03\/IMG_1018.jpeg","contentUrl":"https:\/\/siljakeranen.fi\/blogi\/wp-content\/uploads\/2021\/03\/IMG_1018.jpeg","width":1280,"height":960},{"@type":"BreadcrumbList","@id":"https:\/\/siljakeranen.fi\/blogi\/toissijainen-kotikunta-konkretisoisi-monipaikkaisuuden\/#breadcrumb","itemListElement":[{"@type":"ListItem","position":1,"name":"Etusivu","item":"https:\/\/siljakeranen.fi\/blogi\/"},{"@type":"ListItem","position":2,"name":"Toissijainen kotikunta konkretisoisi monipaikkaisuuden"}]},{"@type":"WebSite","@id":"https:\/\/siljakeranen.fi\/blogi\/#website","url":"https:\/\/siljakeranen.fi\/blogi\/","name":"Silja Ker\u00e4nen","description":"Silja Ker\u00e4nen, kainuulainen vihre\u00e4 poliitikko","publisher":{"@id":"https:\/\/siljakeranen.fi\/blogi\/#\/schema\/person\/d43605ef0d5681c1b27a4ba1fede1cf4"},"potentialAction":[{"@type":"SearchAction","target":{"@type":"EntryPoint","urlTemplate":"https:\/\/siljakeranen.fi\/blogi\/?s={search_term_string}"},"query-input":{"@type":"PropertyValueSpecification","valueRequired":true,"valueName":"search_term_string"}}],"inLanguage":"fi"},{"@type":["Person","Organization"],"@id":"https:\/\/siljakeranen.fi\/blogi\/#\/schema\/person\/d43605ef0d5681c1b27a4ba1fede1cf4","name":"Silja","image":{"@type":"ImageObject","inLanguage":"fi","@id":"https:\/\/siljakeranen.fi\/blogi\/wp-content\/uploads\/2023\/01\/cropped-silja_250x100.png","url":"https:\/\/siljakeranen.fi\/blogi\/wp-content\/uploads\/2023\/01\/cropped-silja_250x100.png","contentUrl":"https:\/\/siljakeranen.fi\/blogi\/wp-content\/uploads\/2023\/01\/cropped-silja_250x100.png","width":250,"height":100,"caption":"Silja"},"logo":{"@id":"https:\/\/siljakeranen.fi\/blogi\/wp-content\/uploads\/2023\/01\/cropped-silja_250x100.png"},"sameAs":["http:\/\/www.siljakeranen.fi","https:\/\/www.facebook.com\/siljamkeranen","https:\/\/www.instagram.com\/siljakeranen\/","https:\/\/www.linkedin.com\/in\/silja-kernen-4331b548\/","https:\/\/x.com\/https:\/\/twitter.com\/SiljaMP","https:\/\/www.youtube.com\/channel\/UC0MWeuoWP4-Mjs1z8pIv3GQ","https:\/\/fi.wikipedia.org\/wiki\/Silja_Kernen"],"url":"https:\/\/siljakeranen.fi\/blogi\/author\/admin\/"}]}},"_links":{"self":[{"href":"https:\/\/siljakeranen.fi\/blogi\/wp-json\/wp\/v2\/posts\/2657","targetHints":{"allow":["GET"]}}],"collection":[{"href":"https:\/\/siljakeranen.fi\/blogi\/wp-json\/wp\/v2\/posts"}],"about":[{"href":"https:\/\/siljakeranen.fi\/blogi\/wp-json\/wp\/v2\/types\/post"}],"author":[{"embeddable":true,"href":"https:\/\/siljakeranen.fi\/blogi\/wp-json\/wp\/v2\/users\/1"}],"replies":[{"embeddable":true,"href":"https:\/\/siljakeranen.fi\/blogi\/wp-json\/wp\/v2\/comments?post=2657"}],"version-history":[{"count":1,"href":"https:\/\/siljakeranen.fi\/blogi\/wp-json\/wp\/v2\/posts\/2657\/revisions"}],"predecessor-version":[{"id":2658,"href":"https:\/\/siljakeranen.fi\/blogi\/wp-json\/wp\/v2\/posts\/2657\/revisions\/2658"}],"wp:featuredmedia":[{"embeddable":true,"href":"https:\/\/siljakeranen.fi\/blogi\/wp-json\/wp\/v2\/media\/2079"}],"wp:attachment":[{"href":"https:\/\/siljakeranen.fi\/blogi\/wp-json\/wp\/v2\/media?parent=2657"}],"wp:term":[{"taxonomy":"category","embeddable":true,"href":"https:\/\/siljakeranen.fi\/blogi\/wp-json\/wp\/v2\/categories?post=2657"},{"taxonomy":"post_tag","embeddable":true,"href":"https:\/\/siljakeranen.fi\/blogi\/wp-json\/wp\/v2\/tags?post=2657"}],"curies":[{"name":"wp","href":"https:\/\/api.w.org\/{rel}","templated":true}]}}