{"id":2690,"date":"2023-03-18T23:24:13","date_gmt":"2023-03-18T21:24:13","guid":{"rendered":"https:\/\/siljakeranen.fi\/blogi\/?p=2690"},"modified":"2023-03-18T23:24:13","modified_gmt":"2023-03-18T21:24:13","slug":"tuulivoimaa-tarvitaan-mutta-ei-joka-paikkaan","status":"publish","type":"post","link":"https:\/\/siljakeranen.fi\/blogi\/tuulivoimaa-tarvitaan-mutta-ei-joka-paikkaan\/","title":{"rendered":"Tuulivoimaa tarvitaan, mutta ei joka paikkaan"},"content":{"rendered":"<p>Suomi, Eurooppa ja maailma tarvitsee uusiutuvaa, v\u00e4h\u00e4p\u00e4\u00e4st\u00f6ist\u00e4 energiaa ja tuulivoima on siten merkitt\u00e4v\u00e4 osa ratkaisua. Fossiilisista tulee p\u00e4\u00e4st\u00e4 eroon, ja se tarkoittaa etenkin l\u00e4mmityksen, liikenteen ja teollisuuden s\u00e4hk\u00f6istymist\u00e4 sek\u00e4 vetytalouden kasvua. Toki vety on vain energiavarasto ja sen tuottamiseen tarvitaan s\u00e4hk\u00f6\u00e4.<\/p>\n<p>Tuulivoiman tekninen kehitys on yll\u00e4tt\u00e4nyt jopa minut, teknologiaoptimistisen vihre\u00e4n diplomi-insin\u00f6\u00f6rin. Myllyjen koko ja teho ovat kasvaneet nopeasti, ja tuulivoima on noussut Suomessa jo merkitt\u00e4v\u00e4ksi tavaksi tuottaa energiaa.<\/p>\n<p>On kuitenkin selv\u00e4, ett\u00e4 tuulivoima ei sovi joka paikkaan. Kajaanissa teimme kaupungin tuulivoimaohjelman, jossa p\u00e4\u00e4tettiin yhteisesti valtuustotasolla meid\u00e4n reunaehdot tuulivoimarakentamiselle. Asutukseen s\u00e4\u00e4dimme kahden kilometrin minimiet\u00e4isyyden \u2013 tai 10 kertaa myllyn napakorkeus. T\u00e4ll\u00f6in myllyjen koon kasvaessa minimiet\u00e4isyys asutukseen kasvaa. Lis\u00e4ksi kaavoitusvaiheessa arvioidaan tilanne tapauskohtaisesti. Tarvittaessa myllyjen paikkoja v\u00e4hennet\u00e4\u00e4n, jotta tilanne ei muodostu kenellek\u00e4\u00e4n kohtuuttomaksi.<\/p>\n<p>Tuulivoimaohjelmassa m\u00e4\u00e4rittelimme my\u00f6s kaksi hiljaista ja er\u00e4maista aluetta kaupungin etel\u00e4osiin. Toinen Talaskankaan luonnonsuojelualueelle ja toinen kaupungin kaakkoiskulmaan. N\u00e4m\u00e4 alueet rauhoitetaan tuulivoimarakentamiselta, ja se osaltaan s\u00e4ilytt\u00e4\u00e4 er\u00e4maisia alueita ja j\u00e4tt\u00e4\u00e4 el\u00e4imille ja linnuille tuulivoimalta rauhoitettuja elinymp\u00e4rist\u00f6j\u00e4. J\u00e4rvien \u2013 k\u00e4yt\u00e4nn\u00f6ss\u00e4 Ouluj\u00e4rven \u2013 rantaviivasta on viiden kilometrin suojaet\u00e4isyys. T\u00e4m\u00e4 auttaa sek\u00e4 asutusta, maisemaa ett\u00e4 muuttolintuja.<\/p>\n<p>Vastaavanlaiset reunaehdot olisi syyt\u00e4 mietti\u00e4 joko jokaisessa kunnassa, tai v\u00e4hint\u00e4\u00e4nkin maakuntakaavaa tehdess\u00e4. Minun mielest\u00e4ni maakuntakaavan oikeusvaikutteisuus pit\u00e4\u00e4 s\u00e4ilytt\u00e4\u00e4, koska se on paras paikka tarkastella tuulivoiman yhteisvaikutuksia. Muutoinhan tuulivoimaa rakennettaisiin vain tuulipuistokohtaisten yleiskaavojen perusteella. T\u00e4ll\u00f6in kokonaisuus j\u00e4\u00e4 helposti katsomatta, ja se tuulivoiman osalta on tarpeen tehd\u00e4.<\/p>\n<p>Tuulivoimarakentaminen kaipaa my\u00f6s lis\u00e4\u00e4 s\u00e4\u00e4ntely\u00e4. Etenkin on tarpeen korottaa siirtolinjojen alle j\u00e4\u00e4vien maa-alueiden korvauksia maanomistajille. Itse myllyjen kohdalla korvaukset maanomistajille ovat todella hyvi\u00e4. Mutta s\u00e4hk\u00f6nsiirtoa varten rakennettavat siirtolinjat tehd\u00e4\u00e4n lunastuslain mukaan. Ja siin\u00e4 maanomistajan maata saadaan lunastaa todella alhaisin korvauksin. T\u00e4m\u00e4 pit\u00e4\u00e4 muuttaa ja korvaustasoa kasvattaa.<\/p>\n<p>Lis\u00e4ksi vihreiden esitt\u00e4m\u00e4 maank\u00e4yt\u00f6n muutosmaksu pit\u00e4\u00e4 ulottaa my\u00f6s tuulivoimarakentamiseen \u2013 eli myllyjen, tuulipuistojen tiest\u00f6n sek\u00e4 siirtolinjojen alta hakattavan mets\u00e4n korvaamiseen. Maank\u00e4yt\u00f6n muutosmaksun ideahan on se, ett\u00e4 mets\u00e4katoa v\u00e4hennet\u00e4\u00e4n ja ett\u00e4 rakentaminen mets\u00e4alueille ei olisi aina helpoin ja halvin tie. (Kuten se nyt yleens\u00e4 on.)<\/p>\n<p>Sen sijaan perussuomalaisten esitt\u00e4m\u00e4\u00e4 s\u00e4\u00e4t\u00f6voimavelvoitetta tuulivoiman rakentamisen yhteyteen en kannata. Energiaj\u00e4rjestelm\u00e4 on yh\u00e4 enemm\u00e4n menossa kohti joustavaa, \u00e4lyk\u00e4st\u00e4 ja mukautuvaa systeemi\u00e4, joka tulee markkinamekanismin my\u00f6t\u00e4 ohjautumaan j\u00e4rkev\u00e4\u00e4n suuntaan. S\u00e4hk\u00f6nhinnan vaihtelut tekev\u00e4t s\u00e4hk\u00f6n varastoinnista sek\u00e4 kulutusjoustojen hy\u00f6dynt\u00e4misest\u00e4 kannattavaa. N\u00e4in s\u00e4\u00e4t\u00f6voima, varastointi ja kulutusjoustot tulevat tapahtumaan ilman erillist\u00e4 tuulivoiman tuotantoon sidottua s\u00e4\u00e4ntely\u00e4. Erillinen s\u00e4\u00e4ntely todenn\u00e4k\u00f6isesti vain monimutkaistaa ja kangistaa koko j\u00e4rjestelm\u00e4\u00e4 sek\u00e4 hidastaa muutosta, jossa p\u00e4\u00e4pontimena on irrottautuminen fossiilisista.<\/p>\n<p>Tuulivoiman osalta ajattelen, ett\u00e4 puolustusvoimien tutkaj\u00e4rjestelm\u00e4n kehitt\u00e4minen olisi tarpeen. Nyth\u00e4n iso osa Suomesta pit\u00e4\u00e4 j\u00e4tt\u00e4\u00e4 kokonaan ilman tuulivoimaa, koska puolustusvoimien tutkaj\u00e4rjestelm\u00e4 h\u00e4iriintyisi siit\u00e4 liikaa. Tekninen kehitys tutkaj\u00e4rjestelmien osalta on tarpeen, jotta tuulivoimaa voisi rakentaa kattavammin eri puolille maata.<\/p>\n<p>Yhteenvetona: tuulivoimaa tarvitaan ja sit\u00e4 on syyt\u00e4 lis\u00e4t\u00e4 nykyisest\u00e4. Mutta joka paikkaan se ei sovi. Maisema, er\u00e4maisuus, luonto ja ihmiset pit\u00e4\u00e4 huomioida tuulivoimaa suunniteltaessa ja alueita kaavoitettaessa.<\/p>\n<div style=\"padding-bottom:20px; padding-top:10px;\" class=\"hupso-share-buttons\"><!-- Hupso Share Buttons - https:\/\/www.hupso.com\/share\/ --><a class=\"hupso_counters\" href=\"https:\/\/www.hupso.com\/share\/\"><img decoding=\"async\" src=\"https:\/\/static.hupso.com\/share\/buttons\/share-small.png\" style=\"border:0px; padding-top:2px; float:left;\" alt=\"Share Button\"\/><\/a><script type=\"text\/javascript\">var hupso_services_c=new Array(\"twitter\",\"facebook_like\",\"facebook_send\",\"google\");var hupso_counters_lang = \"en_US\";var hupso_image_folder_url = \"\";var hupso_url_c=\"\";var hupso_title_c=\"Tuulivoimaa%20tarvitaan%2C%20mutta%20ei%20joka%20paikkaan\";<\/script><script type=\"text\/javascript\" src=\"https:\/\/static.hupso.com\/share\/js\/counters.js\"><\/script><!-- Hupso Share Buttons --><\/div>","protected":false},"excerpt":{"rendered":"<p>Suomi, Eurooppa ja maailma tarvitsee uusiutuvaa, v\u00e4h\u00e4p\u00e4\u00e4st\u00f6ist\u00e4 energiaa ja tuulivoima on siten merkitt\u00e4v\u00e4 osa ratkaisua. Fossiilisista tulee p\u00e4\u00e4st\u00e4 eroon, ja se tarkoittaa etenkin l\u00e4mmityksen, liikenteen ja teollisuuden s\u00e4hk\u00f6istymist\u00e4 sek\u00e4 vetytalouden kasvua. Toki vety on vain energiavarasto ja sen tuottamiseen tarvitaan s\u00e4hk\u00f6\u00e4. Tuulivoiman tekninen kehitys on yll\u00e4tt\u00e4nyt jopa minut, teknologiaoptimistisen vihre\u00e4n diplomi-insin\u00f6\u00f6rin. Myllyjen koko ja teho [&hellip;]<\/p>\n<div style=\"padding-bottom:20px; padding-top:10px;\" class=\"hupso-share-buttons\"><!-- Hupso Share Buttons - https:\/\/www.hupso.com\/share\/ --><a class=\"hupso_counters\" href=\"https:\/\/www.hupso.com\/share\/\"><img src=\"https:\/\/static.hupso.com\/share\/buttons\/share-small.png\" style=\"border:0px; padding-top:2px; float:left;\" alt=\"Share Button\"\/><\/a><script type=\"text\/javascript\">var hupso_services_c=new Array(\"twitter\",\"facebook_like\",\"facebook_send\",\"google\");var hupso_counters_lang = \"en_US\";var hupso_image_folder_url = \"\";var hupso_url_c=\"\";var hupso_title_c=\"Tuulivoimaa%20tarvitaan%2C%20mutta%20ei%20joka%20paikkaan\";<\/script><script type=\"text\/javascript\" src=\"https:\/\/static.hupso.com\/share\/js\/counters.js\"><\/script><!-- Hupso Share Buttons --><\/div>","protected":false},"author":1,"featured_media":2268,"comment_status":"open","ping_status":"closed","sticky":false,"template":"","format":"standard","meta":{"ngg_post_thumbnail":0,"footnotes":""},"categories":[28,27,6,10,5,30],"tags":[],"class_list":["post-2690","post","type-post","status-publish","format-standard","has-post-thumbnail","hentry","category-energia","category-ilmastonmuutos","category-politiikka","category-vihreat","category-ymparisto","category-yrittajyys-elinkeinot"],"yoast_head":"<!-- This site is optimized with the Yoast SEO plugin v27.3 - https:\/\/yoast.com\/product\/yoast-seo-wordpress\/ -->\n<title>Tuulivoimaa tarvitaan, mutta ei joka paikkaan - Silja Ker\u00e4nen<\/title>\n<meta name=\"robots\" content=\"index, follow, max-snippet:-1, max-image-preview:large, max-video-preview:-1\" \/>\n<link rel=\"canonical\" href=\"https:\/\/siljakeranen.fi\/blogi\/tuulivoimaa-tarvitaan-mutta-ei-joka-paikkaan\/\" \/>\n<meta property=\"og:locale\" content=\"fi_FI\" \/>\n<meta property=\"og:type\" content=\"article\" \/>\n<meta property=\"og:title\" content=\"Tuulivoimaa tarvitaan, mutta ei joka paikkaan - Silja Ker\u00e4nen\" \/>\n<meta property=\"og:description\" content=\"Suomi, Eurooppa ja maailma tarvitsee uusiutuvaa, v\u00e4h\u00e4p\u00e4\u00e4st\u00f6ist\u00e4 energiaa ja tuulivoima on siten merkitt\u00e4v\u00e4 osa ratkaisua. Fossiilisista tulee p\u00e4\u00e4st\u00e4 eroon, ja se tarkoittaa etenkin l\u00e4mmityksen, liikenteen ja teollisuuden s\u00e4hk\u00f6istymist\u00e4 sek\u00e4 vetytalouden kasvua. Toki vety on vain energiavarasto ja sen tuottamiseen tarvitaan s\u00e4hk\u00f6\u00e4. Tuulivoiman tekninen kehitys on yll\u00e4tt\u00e4nyt jopa minut, teknologiaoptimistisen vihre\u00e4n diplomi-insin\u00f6\u00f6rin. Myllyjen koko ja teho [&hellip;]\" \/>\n<meta property=\"og:url\" content=\"https:\/\/siljakeranen.fi\/blogi\/tuulivoimaa-tarvitaan-mutta-ei-joka-paikkaan\/\" \/>\n<meta property=\"og:site_name\" content=\"Silja Ker\u00e4nen\" \/>\n<meta property=\"article:publisher\" content=\"https:\/\/www.facebook.com\/siljamkeranen\" \/>\n<meta property=\"article:author\" content=\"https:\/\/www.facebook.com\/siljamkeranen\" \/>\n<meta property=\"article:published_time\" content=\"2023-03-18T21:24:13+00:00\" \/>\n<meta property=\"og:image\" content=\"https:\/\/siljakeranen.fi\/blogi\/wp-content\/uploads\/2022\/08\/IMG_1300-scaled.jpeg\" \/>\n\t<meta property=\"og:image:width\" content=\"2560\" \/>\n\t<meta property=\"og:image:height\" content=\"1920\" \/>\n\t<meta property=\"og:image:type\" content=\"image\/jpeg\" \/>\n<meta name=\"author\" content=\"Silja\" \/>\n<meta name=\"twitter:card\" content=\"summary_large_image\" \/>\n<meta name=\"twitter:creator\" content=\"@https:\/\/twitter.com\/SiljaMP\" \/>\n<meta name=\"twitter:site\" content=\"@SiljaMP\" \/>\n<meta name=\"twitter:label1\" content=\"Kirjoittanut\" \/>\n\t<meta name=\"twitter:data1\" content=\"Silja\" \/>\n\t<meta name=\"twitter:label2\" content=\"Arvioitu lukuaika\" \/>\n\t<meta name=\"twitter:data2\" content=\"3 minuuttia\" \/>\n<script type=\"application\/ld+json\" class=\"yoast-schema-graph\">{\"@context\":\"https:\\\/\\\/schema.org\",\"@graph\":[{\"@type\":\"Article\",\"@id\":\"https:\\\/\\\/siljakeranen.fi\\\/blogi\\\/tuulivoimaa-tarvitaan-mutta-ei-joka-paikkaan\\\/#article\",\"isPartOf\":{\"@id\":\"https:\\\/\\\/siljakeranen.fi\\\/blogi\\\/tuulivoimaa-tarvitaan-mutta-ei-joka-paikkaan\\\/\"},\"author\":{\"name\":\"Silja\",\"@id\":\"https:\\\/\\\/siljakeranen.fi\\\/blogi\\\/#\\\/schema\\\/person\\\/d43605ef0d5681c1b27a4ba1fede1cf4\"},\"headline\":\"Tuulivoimaa tarvitaan, mutta ei joka paikkaan\",\"datePublished\":\"2023-03-18T21:24:13+00:00\",\"mainEntityOfPage\":{\"@id\":\"https:\\\/\\\/siljakeranen.fi\\\/blogi\\\/tuulivoimaa-tarvitaan-mutta-ei-joka-paikkaan\\\/\"},\"wordCount\":547,\"commentCount\":0,\"publisher\":{\"@id\":\"https:\\\/\\\/siljakeranen.fi\\\/blogi\\\/#\\\/schema\\\/person\\\/d43605ef0d5681c1b27a4ba1fede1cf4\"},\"image\":{\"@id\":\"https:\\\/\\\/siljakeranen.fi\\\/blogi\\\/tuulivoimaa-tarvitaan-mutta-ei-joka-paikkaan\\\/#primaryimage\"},\"thumbnailUrl\":\"https:\\\/\\\/siljakeranen.fi\\\/blogi\\\/wp-content\\\/uploads\\\/2022\\\/08\\\/IMG_1300-scaled.jpeg\",\"articleSection\":[\"Energia\",\"Ilmastonmuutos\",\"Politiikka\",\"Vihre\u00e4t\",\"Ymp\u00e4rist\u00f6\",\"Yritt\u00e4jyys &amp; elinkeinot\"],\"inLanguage\":\"fi\",\"potentialAction\":[{\"@type\":\"CommentAction\",\"name\":\"Comment\",\"target\":[\"https:\\\/\\\/siljakeranen.fi\\\/blogi\\\/tuulivoimaa-tarvitaan-mutta-ei-joka-paikkaan\\\/#respond\"]}]},{\"@type\":\"WebPage\",\"@id\":\"https:\\\/\\\/siljakeranen.fi\\\/blogi\\\/tuulivoimaa-tarvitaan-mutta-ei-joka-paikkaan\\\/\",\"url\":\"https:\\\/\\\/siljakeranen.fi\\\/blogi\\\/tuulivoimaa-tarvitaan-mutta-ei-joka-paikkaan\\\/\",\"name\":\"Tuulivoimaa tarvitaan, mutta ei joka paikkaan - Silja Ker\u00e4nen\",\"isPartOf\":{\"@id\":\"https:\\\/\\\/siljakeranen.fi\\\/blogi\\\/#website\"},\"primaryImageOfPage\":{\"@id\":\"https:\\\/\\\/siljakeranen.fi\\\/blogi\\\/tuulivoimaa-tarvitaan-mutta-ei-joka-paikkaan\\\/#primaryimage\"},\"image\":{\"@id\":\"https:\\\/\\\/siljakeranen.fi\\\/blogi\\\/tuulivoimaa-tarvitaan-mutta-ei-joka-paikkaan\\\/#primaryimage\"},\"thumbnailUrl\":\"https:\\\/\\\/siljakeranen.fi\\\/blogi\\\/wp-content\\\/uploads\\\/2022\\\/08\\\/IMG_1300-scaled.jpeg\",\"datePublished\":\"2023-03-18T21:24:13+00:00\",\"breadcrumb\":{\"@id\":\"https:\\\/\\\/siljakeranen.fi\\\/blogi\\\/tuulivoimaa-tarvitaan-mutta-ei-joka-paikkaan\\\/#breadcrumb\"},\"inLanguage\":\"fi\",\"potentialAction\":[{\"@type\":\"ReadAction\",\"target\":[\"https:\\\/\\\/siljakeranen.fi\\\/blogi\\\/tuulivoimaa-tarvitaan-mutta-ei-joka-paikkaan\\\/\"]}]},{\"@type\":\"ImageObject\",\"inLanguage\":\"fi\",\"@id\":\"https:\\\/\\\/siljakeranen.fi\\\/blogi\\\/tuulivoimaa-tarvitaan-mutta-ei-joka-paikkaan\\\/#primaryimage\",\"url\":\"https:\\\/\\\/siljakeranen.fi\\\/blogi\\\/wp-content\\\/uploads\\\/2022\\\/08\\\/IMG_1300-scaled.jpeg\",\"contentUrl\":\"https:\\\/\\\/siljakeranen.fi\\\/blogi\\\/wp-content\\\/uploads\\\/2022\\\/08\\\/IMG_1300-scaled.jpeg\",\"width\":2560,\"height\":1920},{\"@type\":\"BreadcrumbList\",\"@id\":\"https:\\\/\\\/siljakeranen.fi\\\/blogi\\\/tuulivoimaa-tarvitaan-mutta-ei-joka-paikkaan\\\/#breadcrumb\",\"itemListElement\":[{\"@type\":\"ListItem\",\"position\":1,\"name\":\"Etusivu\",\"item\":\"https:\\\/\\\/siljakeranen.fi\\\/blogi\\\/\"},{\"@type\":\"ListItem\",\"position\":2,\"name\":\"Tuulivoimaa tarvitaan, mutta ei joka paikkaan\"}]},{\"@type\":\"WebSite\",\"@id\":\"https:\\\/\\\/siljakeranen.fi\\\/blogi\\\/#website\",\"url\":\"https:\\\/\\\/siljakeranen.fi\\\/blogi\\\/\",\"name\":\"Silja Ker\u00e4nen\",\"description\":\"Silja Ker\u00e4nen, kainuulainen vihre\u00e4 poliitikko\",\"publisher\":{\"@id\":\"https:\\\/\\\/siljakeranen.fi\\\/blogi\\\/#\\\/schema\\\/person\\\/d43605ef0d5681c1b27a4ba1fede1cf4\"},\"potentialAction\":[{\"@type\":\"SearchAction\",\"target\":{\"@type\":\"EntryPoint\",\"urlTemplate\":\"https:\\\/\\\/siljakeranen.fi\\\/blogi\\\/?s={search_term_string}\"},\"query-input\":{\"@type\":\"PropertyValueSpecification\",\"valueRequired\":true,\"valueName\":\"search_term_string\"}}],\"inLanguage\":\"fi\"},{\"@type\":[\"Person\",\"Organization\"],\"@id\":\"https:\\\/\\\/siljakeranen.fi\\\/blogi\\\/#\\\/schema\\\/person\\\/d43605ef0d5681c1b27a4ba1fede1cf4\",\"name\":\"Silja\",\"image\":{\"@type\":\"ImageObject\",\"inLanguage\":\"fi\",\"@id\":\"https:\\\/\\\/siljakeranen.fi\\\/blogi\\\/wp-content\\\/uploads\\\/2023\\\/01\\\/cropped-silja_250x100.png\",\"url\":\"https:\\\/\\\/siljakeranen.fi\\\/blogi\\\/wp-content\\\/uploads\\\/2023\\\/01\\\/cropped-silja_250x100.png\",\"contentUrl\":\"https:\\\/\\\/siljakeranen.fi\\\/blogi\\\/wp-content\\\/uploads\\\/2023\\\/01\\\/cropped-silja_250x100.png\",\"width\":250,\"height\":100,\"caption\":\"Silja\"},\"logo\":{\"@id\":\"https:\\\/\\\/siljakeranen.fi\\\/blogi\\\/wp-content\\\/uploads\\\/2023\\\/01\\\/cropped-silja_250x100.png\"},\"sameAs\":[\"http:\\\/\\\/www.siljakeranen.fi\",\"https:\\\/\\\/www.facebook.com\\\/siljamkeranen\",\"https:\\\/\\\/www.instagram.com\\\/siljakeranen\\\/\",\"https:\\\/\\\/www.linkedin.com\\\/in\\\/silja-kernen-4331b548\\\/\",\"https:\\\/\\\/x.com\\\/https:\\\/\\\/twitter.com\\\/SiljaMP\",\"https:\\\/\\\/www.youtube.com\\\/channel\\\/UC0MWeuoWP4-Mjs1z8pIv3GQ\",\"https:\\\/\\\/fi.wikipedia.org\\\/wiki\\\/Silja_Kernen\"],\"url\":\"https:\\\/\\\/siljakeranen.fi\\\/blogi\\\/author\\\/admin\\\/\"}]}<\/script>\n<!-- \/ Yoast SEO plugin. -->","yoast_head_json":{"title":"Tuulivoimaa tarvitaan, mutta ei joka paikkaan - Silja Ker\u00e4nen","robots":{"index":"index","follow":"follow","max-snippet":"max-snippet:-1","max-image-preview":"max-image-preview:large","max-video-preview":"max-video-preview:-1"},"canonical":"https:\/\/siljakeranen.fi\/blogi\/tuulivoimaa-tarvitaan-mutta-ei-joka-paikkaan\/","og_locale":"fi_FI","og_type":"article","og_title":"Tuulivoimaa tarvitaan, mutta ei joka paikkaan - Silja Ker\u00e4nen","og_description":"Suomi, Eurooppa ja maailma tarvitsee uusiutuvaa, v\u00e4h\u00e4p\u00e4\u00e4st\u00f6ist\u00e4 energiaa ja tuulivoima on siten merkitt\u00e4v\u00e4 osa ratkaisua. Fossiilisista tulee p\u00e4\u00e4st\u00e4 eroon, ja se tarkoittaa etenkin l\u00e4mmityksen, liikenteen ja teollisuuden s\u00e4hk\u00f6istymist\u00e4 sek\u00e4 vetytalouden kasvua. Toki vety on vain energiavarasto ja sen tuottamiseen tarvitaan s\u00e4hk\u00f6\u00e4. Tuulivoiman tekninen kehitys on yll\u00e4tt\u00e4nyt jopa minut, teknologiaoptimistisen vihre\u00e4n diplomi-insin\u00f6\u00f6rin. Myllyjen koko ja teho [&hellip;]","og_url":"https:\/\/siljakeranen.fi\/blogi\/tuulivoimaa-tarvitaan-mutta-ei-joka-paikkaan\/","og_site_name":"Silja Ker\u00e4nen","article_publisher":"https:\/\/www.facebook.com\/siljamkeranen","article_author":"https:\/\/www.facebook.com\/siljamkeranen","article_published_time":"2023-03-18T21:24:13+00:00","og_image":[{"width":2560,"height":1920,"url":"https:\/\/siljakeranen.fi\/blogi\/wp-content\/uploads\/2022\/08\/IMG_1300-scaled.jpeg","type":"image\/jpeg"}],"author":"Silja","twitter_card":"summary_large_image","twitter_creator":"@https:\/\/twitter.com\/SiljaMP","twitter_site":"@SiljaMP","twitter_misc":{"Kirjoittanut":"Silja","Arvioitu lukuaika":"3 minuuttia"},"schema":{"@context":"https:\/\/schema.org","@graph":[{"@type":"Article","@id":"https:\/\/siljakeranen.fi\/blogi\/tuulivoimaa-tarvitaan-mutta-ei-joka-paikkaan\/#article","isPartOf":{"@id":"https:\/\/siljakeranen.fi\/blogi\/tuulivoimaa-tarvitaan-mutta-ei-joka-paikkaan\/"},"author":{"name":"Silja","@id":"https:\/\/siljakeranen.fi\/blogi\/#\/schema\/person\/d43605ef0d5681c1b27a4ba1fede1cf4"},"headline":"Tuulivoimaa tarvitaan, mutta ei joka paikkaan","datePublished":"2023-03-18T21:24:13+00:00","mainEntityOfPage":{"@id":"https:\/\/siljakeranen.fi\/blogi\/tuulivoimaa-tarvitaan-mutta-ei-joka-paikkaan\/"},"wordCount":547,"commentCount":0,"publisher":{"@id":"https:\/\/siljakeranen.fi\/blogi\/#\/schema\/person\/d43605ef0d5681c1b27a4ba1fede1cf4"},"image":{"@id":"https:\/\/siljakeranen.fi\/blogi\/tuulivoimaa-tarvitaan-mutta-ei-joka-paikkaan\/#primaryimage"},"thumbnailUrl":"https:\/\/siljakeranen.fi\/blogi\/wp-content\/uploads\/2022\/08\/IMG_1300-scaled.jpeg","articleSection":["Energia","Ilmastonmuutos","Politiikka","Vihre\u00e4t","Ymp\u00e4rist\u00f6","Yritt\u00e4jyys &amp; elinkeinot"],"inLanguage":"fi","potentialAction":[{"@type":"CommentAction","name":"Comment","target":["https:\/\/siljakeranen.fi\/blogi\/tuulivoimaa-tarvitaan-mutta-ei-joka-paikkaan\/#respond"]}]},{"@type":"WebPage","@id":"https:\/\/siljakeranen.fi\/blogi\/tuulivoimaa-tarvitaan-mutta-ei-joka-paikkaan\/","url":"https:\/\/siljakeranen.fi\/blogi\/tuulivoimaa-tarvitaan-mutta-ei-joka-paikkaan\/","name":"Tuulivoimaa tarvitaan, mutta ei joka paikkaan - Silja Ker\u00e4nen","isPartOf":{"@id":"https:\/\/siljakeranen.fi\/blogi\/#website"},"primaryImageOfPage":{"@id":"https:\/\/siljakeranen.fi\/blogi\/tuulivoimaa-tarvitaan-mutta-ei-joka-paikkaan\/#primaryimage"},"image":{"@id":"https:\/\/siljakeranen.fi\/blogi\/tuulivoimaa-tarvitaan-mutta-ei-joka-paikkaan\/#primaryimage"},"thumbnailUrl":"https:\/\/siljakeranen.fi\/blogi\/wp-content\/uploads\/2022\/08\/IMG_1300-scaled.jpeg","datePublished":"2023-03-18T21:24:13+00:00","breadcrumb":{"@id":"https:\/\/siljakeranen.fi\/blogi\/tuulivoimaa-tarvitaan-mutta-ei-joka-paikkaan\/#breadcrumb"},"inLanguage":"fi","potentialAction":[{"@type":"ReadAction","target":["https:\/\/siljakeranen.fi\/blogi\/tuulivoimaa-tarvitaan-mutta-ei-joka-paikkaan\/"]}]},{"@type":"ImageObject","inLanguage":"fi","@id":"https:\/\/siljakeranen.fi\/blogi\/tuulivoimaa-tarvitaan-mutta-ei-joka-paikkaan\/#primaryimage","url":"https:\/\/siljakeranen.fi\/blogi\/wp-content\/uploads\/2022\/08\/IMG_1300-scaled.jpeg","contentUrl":"https:\/\/siljakeranen.fi\/blogi\/wp-content\/uploads\/2022\/08\/IMG_1300-scaled.jpeg","width":2560,"height":1920},{"@type":"BreadcrumbList","@id":"https:\/\/siljakeranen.fi\/blogi\/tuulivoimaa-tarvitaan-mutta-ei-joka-paikkaan\/#breadcrumb","itemListElement":[{"@type":"ListItem","position":1,"name":"Etusivu","item":"https:\/\/siljakeranen.fi\/blogi\/"},{"@type":"ListItem","position":2,"name":"Tuulivoimaa tarvitaan, mutta ei joka paikkaan"}]},{"@type":"WebSite","@id":"https:\/\/siljakeranen.fi\/blogi\/#website","url":"https:\/\/siljakeranen.fi\/blogi\/","name":"Silja Ker\u00e4nen","description":"Silja Ker\u00e4nen, kainuulainen vihre\u00e4 poliitikko","publisher":{"@id":"https:\/\/siljakeranen.fi\/blogi\/#\/schema\/person\/d43605ef0d5681c1b27a4ba1fede1cf4"},"potentialAction":[{"@type":"SearchAction","target":{"@type":"EntryPoint","urlTemplate":"https:\/\/siljakeranen.fi\/blogi\/?s={search_term_string}"},"query-input":{"@type":"PropertyValueSpecification","valueRequired":true,"valueName":"search_term_string"}}],"inLanguage":"fi"},{"@type":["Person","Organization"],"@id":"https:\/\/siljakeranen.fi\/blogi\/#\/schema\/person\/d43605ef0d5681c1b27a4ba1fede1cf4","name":"Silja","image":{"@type":"ImageObject","inLanguage":"fi","@id":"https:\/\/siljakeranen.fi\/blogi\/wp-content\/uploads\/2023\/01\/cropped-silja_250x100.png","url":"https:\/\/siljakeranen.fi\/blogi\/wp-content\/uploads\/2023\/01\/cropped-silja_250x100.png","contentUrl":"https:\/\/siljakeranen.fi\/blogi\/wp-content\/uploads\/2023\/01\/cropped-silja_250x100.png","width":250,"height":100,"caption":"Silja"},"logo":{"@id":"https:\/\/siljakeranen.fi\/blogi\/wp-content\/uploads\/2023\/01\/cropped-silja_250x100.png"},"sameAs":["http:\/\/www.siljakeranen.fi","https:\/\/www.facebook.com\/siljamkeranen","https:\/\/www.instagram.com\/siljakeranen\/","https:\/\/www.linkedin.com\/in\/silja-kernen-4331b548\/","https:\/\/x.com\/https:\/\/twitter.com\/SiljaMP","https:\/\/www.youtube.com\/channel\/UC0MWeuoWP4-Mjs1z8pIv3GQ","https:\/\/fi.wikipedia.org\/wiki\/Silja_Kernen"],"url":"https:\/\/siljakeranen.fi\/blogi\/author\/admin\/"}]}},"_links":{"self":[{"href":"https:\/\/siljakeranen.fi\/blogi\/wp-json\/wp\/v2\/posts\/2690","targetHints":{"allow":["GET"]}}],"collection":[{"href":"https:\/\/siljakeranen.fi\/blogi\/wp-json\/wp\/v2\/posts"}],"about":[{"href":"https:\/\/siljakeranen.fi\/blogi\/wp-json\/wp\/v2\/types\/post"}],"author":[{"embeddable":true,"href":"https:\/\/siljakeranen.fi\/blogi\/wp-json\/wp\/v2\/users\/1"}],"replies":[{"embeddable":true,"href":"https:\/\/siljakeranen.fi\/blogi\/wp-json\/wp\/v2\/comments?post=2690"}],"version-history":[{"count":1,"href":"https:\/\/siljakeranen.fi\/blogi\/wp-json\/wp\/v2\/posts\/2690\/revisions"}],"predecessor-version":[{"id":2691,"href":"https:\/\/siljakeranen.fi\/blogi\/wp-json\/wp\/v2\/posts\/2690\/revisions\/2691"}],"wp:featuredmedia":[{"embeddable":true,"href":"https:\/\/siljakeranen.fi\/blogi\/wp-json\/wp\/v2\/media\/2268"}],"wp:attachment":[{"href":"https:\/\/siljakeranen.fi\/blogi\/wp-json\/wp\/v2\/media?parent=2690"}],"wp:term":[{"taxonomy":"category","embeddable":true,"href":"https:\/\/siljakeranen.fi\/blogi\/wp-json\/wp\/v2\/categories?post=2690"},{"taxonomy":"post_tag","embeddable":true,"href":"https:\/\/siljakeranen.fi\/blogi\/wp-json\/wp\/v2\/tags?post=2690"}],"curies":[{"name":"wp","href":"https:\/\/api.w.org\/{rel}","templated":true}]}}