{"id":2702,"date":"2023-03-29T19:48:27","date_gmt":"2023-03-29T16:48:27","guid":{"rendered":"https:\/\/siljakeranen.fi\/blogi\/?p=2702"},"modified":"2023-03-30T19:50:50","modified_gmt":"2023-03-30T16:50:50","slug":"painopiste-ennaltaehkaisyyn-ja-perusterveydenhuoltoon","status":"publish","type":"post","link":"https:\/\/siljakeranen.fi\/blogi\/painopiste-ennaltaehkaisyyn-ja-perusterveydenhuoltoon\/","title":{"rendered":"Painopiste ennaltaehk\u00e4isyyn ja perusterveydenhuoltoon"},"content":{"rendered":"<p style=\"font-weight: 400;\">Nyt kun uudet hyvinvointialueet ovat aloittaneet toimintansa, on \u00e4\u00e4rimm\u00e4isen t\u00e4rke\u00e4\u00e4 keskitty\u00e4 palveluiden j\u00e4rkev\u00e4\u00e4n kehitt\u00e4miseen. Kun uudistusta valtion p\u00e4\u00e4ss\u00e4 suunniteltiin, oli sen yksi keskeisist\u00e4 tavoitteista terveyden ja hyvinvoinnin edist\u00e4minen.<\/p>\n<p style=\"font-weight: 400;\">K\u00e4yt\u00e4nn\u00f6ss\u00e4 keskeist\u00e4 on painopisteen siirt\u00e4minen ennaltaehk\u00e4isyyn sek\u00e4 perusterveydenhuollon palveluiden vahvistamiseen. N\u00e4ill\u00e4 tavoin v\u00e4ltett\u00e4isiin kalliita korjaavia toimia, jotka usein my\u00f6s tarkoittavat ep\u00e4inhimillisen pitki\u00e4 hoitojaksoja sek\u00e4 pitkittyneit\u00e4 ongelmia. Painopisteen siirto vaatii rahallisia investointeja t\u00e4ss\u00e4 hetkess\u00e4, mutta ne todenn\u00e4k\u00f6isesti maksavat itsens\u00e4 jopa moninkertaisesti takaisin hieman my\u00f6hemmin.<\/p>\n<p style=\"font-weight: 400;\">Esimerkkein\u00e4 voisi nostaa lapsiperheiden kotipalvelun laajentamisen, joka eritt\u00e4in todenn\u00e4k\u00f6isesti v\u00e4hent\u00e4\u00e4 lasten huostaanottojen m\u00e4\u00e4r\u00e4\u00e4. Vastaavasti hyvin toimivat, matalalla kynnyksell\u00e4 ja ajoissa saavutettavat mielenterveys- ja p\u00e4ihdepalvelut ehk\u00e4isev\u00e4t ongelmien pitkittymist\u00e4 ja monimutkaistumista. Pitkittynein\u00e4 niiden hoitaminen on kalliimpaa ja lis\u00e4ksi tilanne tietysti ihmistenkin kannalta ep\u00e4inhimillisempi.<\/p>\n<p style=\"font-weight: 400;\">T\u00e4m\u00e4 painopisteen siirto on erityisen t\u00e4rke\u00e4 huomioida nyt, kun hyvinvointialueet ovat juuri aloittaneet toimintansa. Haasteen aiheuttaa rahoituksen niukkuus niin hyvinvointialueilla kuin valtiontaloudessakin. Kun valtiontalouden tasapainotustarve on mittava, on \u00e4\u00e4rimm\u00e4isen suuri vaara, ett\u00e4 painopisteen siirtoon tarvittavia varoja ei l\u00f6ydy. Se taas on hyvin lyhytn\u00e4k\u00f6ist\u00e4 politiikkaa, johon meill\u00e4 ei kyll\u00e4 olisi varaa.<\/p>\n<p>&#8212;<br \/>\nKirjoitus on julkaistu Koti-Kajaanissa 29.3.2023.<\/p>\n<div style=\"padding-bottom:20px; padding-top:10px;\" class=\"hupso-share-buttons\"><!-- Hupso Share Buttons - https:\/\/www.hupso.com\/share\/ --><a class=\"hupso_counters\" href=\"https:\/\/www.hupso.com\/share\/\"><img decoding=\"async\" src=\"https:\/\/static.hupso.com\/share\/buttons\/share-small.png\" style=\"border:0px; padding-top:2px; float:left;\" alt=\"Share Button\"\/><\/a><script type=\"text\/javascript\">var hupso_services_c=new Array(\"twitter\",\"facebook_like\",\"facebook_send\",\"google\");var hupso_counters_lang = \"en_US\";var hupso_image_folder_url = \"\";var hupso_url_c=\"\";var hupso_title_c=\"Painopiste%20ennaltaehk%C3%A4isyyn%20ja%20perusterveydenhuoltoon\";<\/script><script type=\"text\/javascript\" src=\"https:\/\/static.hupso.com\/share\/js\/counters.js\"><\/script><!-- Hupso Share Buttons --><\/div>","protected":false},"excerpt":{"rendered":"<p>Nyt kun uudet hyvinvointialueet ovat aloittaneet toimintansa, on \u00e4\u00e4rimm\u00e4isen t\u00e4rke\u00e4\u00e4 keskitty\u00e4 palveluiden j\u00e4rkev\u00e4\u00e4n kehitt\u00e4miseen. Kun uudistusta valtion p\u00e4\u00e4ss\u00e4 suunniteltiin, oli sen yksi keskeisist\u00e4 tavoitteista terveyden ja hyvinvoinnin edist\u00e4minen. K\u00e4yt\u00e4nn\u00f6ss\u00e4 keskeist\u00e4 on painopisteen siirt\u00e4minen ennaltaehk\u00e4isyyn sek\u00e4 perusterveydenhuollon palveluiden vahvistamiseen. N\u00e4ill\u00e4 tavoin v\u00e4ltett\u00e4isiin kalliita korjaavia toimia, jotka usein my\u00f6s tarkoittavat ep\u00e4inhimillisen pitki\u00e4 hoitojaksoja sek\u00e4 pitkittyneit\u00e4 ongelmia. Painopisteen [&hellip;]<\/p>\n<div style=\"padding-bottom:20px; padding-top:10px;\" class=\"hupso-share-buttons\"><!-- Hupso Share Buttons - https:\/\/www.hupso.com\/share\/ --><a class=\"hupso_counters\" href=\"https:\/\/www.hupso.com\/share\/\"><img src=\"https:\/\/static.hupso.com\/share\/buttons\/share-small.png\" style=\"border:0px; padding-top:2px; float:left;\" alt=\"Share Button\"\/><\/a><script type=\"text\/javascript\">var hupso_services_c=new Array(\"twitter\",\"facebook_like\",\"facebook_send\",\"google\");var hupso_counters_lang = \"en_US\";var hupso_image_folder_url = \"\";var hupso_url_c=\"\";var hupso_title_c=\"Painopiste%20ennaltaehk%C3%A4isyyn%20ja%20perusterveydenhuoltoon\";<\/script><script type=\"text\/javascript\" src=\"https:\/\/static.hupso.com\/share\/js\/counters.js\"><\/script><!-- Hupso Share Buttons --><\/div>","protected":false},"author":1,"featured_media":2703,"comment_status":"open","ping_status":"closed","sticky":false,"template":"","format":"standard","meta":{"ngg_post_thumbnail":0,"footnotes":""},"categories":[13,7,33,6,31,39],"tags":[],"class_list":["post-2702","post","type-post","status-publish","format-standard","has-post-thumbnail","hentry","category-eduskuntavaalit","category-kainuu","category-lapset-nuoret","category-politiikka","category-sote","category-talous"],"yoast_head":"<!-- This site is optimized with the Yoast SEO plugin v27.3 - https:\/\/yoast.com\/product\/yoast-seo-wordpress\/ -->\n<title>Painopiste ennaltaehk\u00e4isyyn ja perusterveydenhuoltoon - Silja Ker\u00e4nen<\/title>\n<meta name=\"robots\" content=\"index, follow, max-snippet:-1, max-image-preview:large, max-video-preview:-1\" \/>\n<link rel=\"canonical\" href=\"https:\/\/siljakeranen.fi\/blogi\/painopiste-ennaltaehkaisyyn-ja-perusterveydenhuoltoon\/\" \/>\n<meta property=\"og:locale\" content=\"fi_FI\" \/>\n<meta property=\"og:type\" content=\"article\" \/>\n<meta property=\"og:title\" content=\"Painopiste ennaltaehk\u00e4isyyn ja perusterveydenhuoltoon - Silja Ker\u00e4nen\" \/>\n<meta property=\"og:description\" content=\"Nyt kun uudet hyvinvointialueet ovat aloittaneet toimintansa, on \u00e4\u00e4rimm\u00e4isen t\u00e4rke\u00e4\u00e4 keskitty\u00e4 palveluiden j\u00e4rkev\u00e4\u00e4n kehitt\u00e4miseen. Kun uudistusta valtion p\u00e4\u00e4ss\u00e4 suunniteltiin, oli sen yksi keskeisist\u00e4 tavoitteista terveyden ja hyvinvoinnin edist\u00e4minen. K\u00e4yt\u00e4nn\u00f6ss\u00e4 keskeist\u00e4 on painopisteen siirt\u00e4minen ennaltaehk\u00e4isyyn sek\u00e4 perusterveydenhuollon palveluiden vahvistamiseen. N\u00e4ill\u00e4 tavoin v\u00e4ltett\u00e4isiin kalliita korjaavia toimia, jotka usein my\u00f6s tarkoittavat ep\u00e4inhimillisen pitki\u00e4 hoitojaksoja sek\u00e4 pitkittyneit\u00e4 ongelmia. Painopisteen [&hellip;]\" \/>\n<meta property=\"og:url\" content=\"https:\/\/siljakeranen.fi\/blogi\/painopiste-ennaltaehkaisyyn-ja-perusterveydenhuoltoon\/\" \/>\n<meta property=\"og:site_name\" content=\"Silja Ker\u00e4nen\" \/>\n<meta property=\"article:publisher\" content=\"https:\/\/www.facebook.com\/siljamkeranen\" \/>\n<meta property=\"article:author\" content=\"https:\/\/www.facebook.com\/siljamkeranen\" \/>\n<meta property=\"article:published_time\" content=\"2023-03-29T16:48:27+00:00\" \/>\n<meta property=\"article:modified_time\" content=\"2023-03-30T16:50:50+00:00\" \/>\n<meta property=\"og:image\" content=\"https:\/\/siljakeranen.fi\/blogi\/wp-content\/uploads\/2023\/03\/3L3A1776_KORUPOIS.jpg\" \/>\n\t<meta property=\"og:image:width\" content=\"2048\" \/>\n\t<meta property=\"og:image:height\" content=\"1365\" \/>\n\t<meta property=\"og:image:type\" content=\"image\/jpeg\" \/>\n<meta name=\"author\" content=\"Silja\" \/>\n<meta name=\"twitter:card\" content=\"summary_large_image\" \/>\n<meta name=\"twitter:creator\" content=\"@https:\/\/twitter.com\/SiljaMP\" \/>\n<meta name=\"twitter:site\" content=\"@SiljaMP\" \/>\n<meta name=\"twitter:label1\" content=\"Kirjoittanut\" \/>\n\t<meta name=\"twitter:data1\" content=\"Silja\" \/>\n\t<meta name=\"twitter:label2\" content=\"Arvioitu lukuaika\" \/>\n\t<meta name=\"twitter:data2\" content=\"2 minuuttia\" \/>\n<script type=\"application\/ld+json\" class=\"yoast-schema-graph\">{\"@context\":\"https:\\\/\\\/schema.org\",\"@graph\":[{\"@type\":\"Article\",\"@id\":\"https:\\\/\\\/siljakeranen.fi\\\/blogi\\\/painopiste-ennaltaehkaisyyn-ja-perusterveydenhuoltoon\\\/#article\",\"isPartOf\":{\"@id\":\"https:\\\/\\\/siljakeranen.fi\\\/blogi\\\/painopiste-ennaltaehkaisyyn-ja-perusterveydenhuoltoon\\\/\"},\"author\":{\"name\":\"Silja\",\"@id\":\"https:\\\/\\\/siljakeranen.fi\\\/blogi\\\/#\\\/schema\\\/person\\\/d43605ef0d5681c1b27a4ba1fede1cf4\"},\"headline\":\"Painopiste ennaltaehk\u00e4isyyn ja perusterveydenhuoltoon\",\"datePublished\":\"2023-03-29T16:48:27+00:00\",\"dateModified\":\"2023-03-30T16:50:50+00:00\",\"mainEntityOfPage\":{\"@id\":\"https:\\\/\\\/siljakeranen.fi\\\/blogi\\\/painopiste-ennaltaehkaisyyn-ja-perusterveydenhuoltoon\\\/\"},\"wordCount\":209,\"commentCount\":0,\"publisher\":{\"@id\":\"https:\\\/\\\/siljakeranen.fi\\\/blogi\\\/#\\\/schema\\\/person\\\/d43605ef0d5681c1b27a4ba1fede1cf4\"},\"image\":{\"@id\":\"https:\\\/\\\/siljakeranen.fi\\\/blogi\\\/painopiste-ennaltaehkaisyyn-ja-perusterveydenhuoltoon\\\/#primaryimage\"},\"thumbnailUrl\":\"https:\\\/\\\/siljakeranen.fi\\\/blogi\\\/wp-content\\\/uploads\\\/2023\\\/03\\\/3L3A1776_KORUPOIS.jpg\",\"articleSection\":[\"Eduskuntavaalit\",\"Kainuu\",\"Lapset &amp; nuoret\",\"Politiikka\",\"Sote\",\"Talous\"],\"inLanguage\":\"fi\",\"potentialAction\":[{\"@type\":\"CommentAction\",\"name\":\"Comment\",\"target\":[\"https:\\\/\\\/siljakeranen.fi\\\/blogi\\\/painopiste-ennaltaehkaisyyn-ja-perusterveydenhuoltoon\\\/#respond\"]}]},{\"@type\":\"WebPage\",\"@id\":\"https:\\\/\\\/siljakeranen.fi\\\/blogi\\\/painopiste-ennaltaehkaisyyn-ja-perusterveydenhuoltoon\\\/\",\"url\":\"https:\\\/\\\/siljakeranen.fi\\\/blogi\\\/painopiste-ennaltaehkaisyyn-ja-perusterveydenhuoltoon\\\/\",\"name\":\"Painopiste ennaltaehk\u00e4isyyn ja perusterveydenhuoltoon - Silja Ker\u00e4nen\",\"isPartOf\":{\"@id\":\"https:\\\/\\\/siljakeranen.fi\\\/blogi\\\/#website\"},\"primaryImageOfPage\":{\"@id\":\"https:\\\/\\\/siljakeranen.fi\\\/blogi\\\/painopiste-ennaltaehkaisyyn-ja-perusterveydenhuoltoon\\\/#primaryimage\"},\"image\":{\"@id\":\"https:\\\/\\\/siljakeranen.fi\\\/blogi\\\/painopiste-ennaltaehkaisyyn-ja-perusterveydenhuoltoon\\\/#primaryimage\"},\"thumbnailUrl\":\"https:\\\/\\\/siljakeranen.fi\\\/blogi\\\/wp-content\\\/uploads\\\/2023\\\/03\\\/3L3A1776_KORUPOIS.jpg\",\"datePublished\":\"2023-03-29T16:48:27+00:00\",\"dateModified\":\"2023-03-30T16:50:50+00:00\",\"breadcrumb\":{\"@id\":\"https:\\\/\\\/siljakeranen.fi\\\/blogi\\\/painopiste-ennaltaehkaisyyn-ja-perusterveydenhuoltoon\\\/#breadcrumb\"},\"inLanguage\":\"fi\",\"potentialAction\":[{\"@type\":\"ReadAction\",\"target\":[\"https:\\\/\\\/siljakeranen.fi\\\/blogi\\\/painopiste-ennaltaehkaisyyn-ja-perusterveydenhuoltoon\\\/\"]}]},{\"@type\":\"ImageObject\",\"inLanguage\":\"fi\",\"@id\":\"https:\\\/\\\/siljakeranen.fi\\\/blogi\\\/painopiste-ennaltaehkaisyyn-ja-perusterveydenhuoltoon\\\/#primaryimage\",\"url\":\"https:\\\/\\\/siljakeranen.fi\\\/blogi\\\/wp-content\\\/uploads\\\/2023\\\/03\\\/3L3A1776_KORUPOIS.jpg\",\"contentUrl\":\"https:\\\/\\\/siljakeranen.fi\\\/blogi\\\/wp-content\\\/uploads\\\/2023\\\/03\\\/3L3A1776_KORUPOIS.jpg\",\"width\":2048,\"height\":1365},{\"@type\":\"BreadcrumbList\",\"@id\":\"https:\\\/\\\/siljakeranen.fi\\\/blogi\\\/painopiste-ennaltaehkaisyyn-ja-perusterveydenhuoltoon\\\/#breadcrumb\",\"itemListElement\":[{\"@type\":\"ListItem\",\"position\":1,\"name\":\"Etusivu\",\"item\":\"https:\\\/\\\/siljakeranen.fi\\\/blogi\\\/\"},{\"@type\":\"ListItem\",\"position\":2,\"name\":\"Painopiste ennaltaehk\u00e4isyyn ja perusterveydenhuoltoon\"}]},{\"@type\":\"WebSite\",\"@id\":\"https:\\\/\\\/siljakeranen.fi\\\/blogi\\\/#website\",\"url\":\"https:\\\/\\\/siljakeranen.fi\\\/blogi\\\/\",\"name\":\"Silja Ker\u00e4nen\",\"description\":\"Silja Ker\u00e4nen, kainuulainen vihre\u00e4 poliitikko\",\"publisher\":{\"@id\":\"https:\\\/\\\/siljakeranen.fi\\\/blogi\\\/#\\\/schema\\\/person\\\/d43605ef0d5681c1b27a4ba1fede1cf4\"},\"potentialAction\":[{\"@type\":\"SearchAction\",\"target\":{\"@type\":\"EntryPoint\",\"urlTemplate\":\"https:\\\/\\\/siljakeranen.fi\\\/blogi\\\/?s={search_term_string}\"},\"query-input\":{\"@type\":\"PropertyValueSpecification\",\"valueRequired\":true,\"valueName\":\"search_term_string\"}}],\"inLanguage\":\"fi\"},{\"@type\":[\"Person\",\"Organization\"],\"@id\":\"https:\\\/\\\/siljakeranen.fi\\\/blogi\\\/#\\\/schema\\\/person\\\/d43605ef0d5681c1b27a4ba1fede1cf4\",\"name\":\"Silja\",\"image\":{\"@type\":\"ImageObject\",\"inLanguage\":\"fi\",\"@id\":\"https:\\\/\\\/siljakeranen.fi\\\/blogi\\\/wp-content\\\/uploads\\\/2023\\\/01\\\/cropped-silja_250x100.png\",\"url\":\"https:\\\/\\\/siljakeranen.fi\\\/blogi\\\/wp-content\\\/uploads\\\/2023\\\/01\\\/cropped-silja_250x100.png\",\"contentUrl\":\"https:\\\/\\\/siljakeranen.fi\\\/blogi\\\/wp-content\\\/uploads\\\/2023\\\/01\\\/cropped-silja_250x100.png\",\"width\":250,\"height\":100,\"caption\":\"Silja\"},\"logo\":{\"@id\":\"https:\\\/\\\/siljakeranen.fi\\\/blogi\\\/wp-content\\\/uploads\\\/2023\\\/01\\\/cropped-silja_250x100.png\"},\"sameAs\":[\"http:\\\/\\\/www.siljakeranen.fi\",\"https:\\\/\\\/www.facebook.com\\\/siljamkeranen\",\"https:\\\/\\\/www.instagram.com\\\/siljakeranen\\\/\",\"https:\\\/\\\/www.linkedin.com\\\/in\\\/silja-kernen-4331b548\\\/\",\"https:\\\/\\\/x.com\\\/https:\\\/\\\/twitter.com\\\/SiljaMP\",\"https:\\\/\\\/www.youtube.com\\\/channel\\\/UC0MWeuoWP4-Mjs1z8pIv3GQ\",\"https:\\\/\\\/fi.wikipedia.org\\\/wiki\\\/Silja_Kernen\"],\"url\":\"https:\\\/\\\/siljakeranen.fi\\\/blogi\\\/author\\\/admin\\\/\"}]}<\/script>\n<!-- \/ Yoast SEO plugin. -->","yoast_head_json":{"title":"Painopiste ennaltaehk\u00e4isyyn ja perusterveydenhuoltoon - Silja Ker\u00e4nen","robots":{"index":"index","follow":"follow","max-snippet":"max-snippet:-1","max-image-preview":"max-image-preview:large","max-video-preview":"max-video-preview:-1"},"canonical":"https:\/\/siljakeranen.fi\/blogi\/painopiste-ennaltaehkaisyyn-ja-perusterveydenhuoltoon\/","og_locale":"fi_FI","og_type":"article","og_title":"Painopiste ennaltaehk\u00e4isyyn ja perusterveydenhuoltoon - Silja Ker\u00e4nen","og_description":"Nyt kun uudet hyvinvointialueet ovat aloittaneet toimintansa, on \u00e4\u00e4rimm\u00e4isen t\u00e4rke\u00e4\u00e4 keskitty\u00e4 palveluiden j\u00e4rkev\u00e4\u00e4n kehitt\u00e4miseen. Kun uudistusta valtion p\u00e4\u00e4ss\u00e4 suunniteltiin, oli sen yksi keskeisist\u00e4 tavoitteista terveyden ja hyvinvoinnin edist\u00e4minen. K\u00e4yt\u00e4nn\u00f6ss\u00e4 keskeist\u00e4 on painopisteen siirt\u00e4minen ennaltaehk\u00e4isyyn sek\u00e4 perusterveydenhuollon palveluiden vahvistamiseen. N\u00e4ill\u00e4 tavoin v\u00e4ltett\u00e4isiin kalliita korjaavia toimia, jotka usein my\u00f6s tarkoittavat ep\u00e4inhimillisen pitki\u00e4 hoitojaksoja sek\u00e4 pitkittyneit\u00e4 ongelmia. Painopisteen [&hellip;]","og_url":"https:\/\/siljakeranen.fi\/blogi\/painopiste-ennaltaehkaisyyn-ja-perusterveydenhuoltoon\/","og_site_name":"Silja Ker\u00e4nen","article_publisher":"https:\/\/www.facebook.com\/siljamkeranen","article_author":"https:\/\/www.facebook.com\/siljamkeranen","article_published_time":"2023-03-29T16:48:27+00:00","article_modified_time":"2023-03-30T16:50:50+00:00","og_image":[{"width":2048,"height":1365,"url":"https:\/\/siljakeranen.fi\/blogi\/wp-content\/uploads\/2023\/03\/3L3A1776_KORUPOIS.jpg","type":"image\/jpeg"}],"author":"Silja","twitter_card":"summary_large_image","twitter_creator":"@https:\/\/twitter.com\/SiljaMP","twitter_site":"@SiljaMP","twitter_misc":{"Kirjoittanut":"Silja","Arvioitu lukuaika":"2 minuuttia"},"schema":{"@context":"https:\/\/schema.org","@graph":[{"@type":"Article","@id":"https:\/\/siljakeranen.fi\/blogi\/painopiste-ennaltaehkaisyyn-ja-perusterveydenhuoltoon\/#article","isPartOf":{"@id":"https:\/\/siljakeranen.fi\/blogi\/painopiste-ennaltaehkaisyyn-ja-perusterveydenhuoltoon\/"},"author":{"name":"Silja","@id":"https:\/\/siljakeranen.fi\/blogi\/#\/schema\/person\/d43605ef0d5681c1b27a4ba1fede1cf4"},"headline":"Painopiste ennaltaehk\u00e4isyyn ja perusterveydenhuoltoon","datePublished":"2023-03-29T16:48:27+00:00","dateModified":"2023-03-30T16:50:50+00:00","mainEntityOfPage":{"@id":"https:\/\/siljakeranen.fi\/blogi\/painopiste-ennaltaehkaisyyn-ja-perusterveydenhuoltoon\/"},"wordCount":209,"commentCount":0,"publisher":{"@id":"https:\/\/siljakeranen.fi\/blogi\/#\/schema\/person\/d43605ef0d5681c1b27a4ba1fede1cf4"},"image":{"@id":"https:\/\/siljakeranen.fi\/blogi\/painopiste-ennaltaehkaisyyn-ja-perusterveydenhuoltoon\/#primaryimage"},"thumbnailUrl":"https:\/\/siljakeranen.fi\/blogi\/wp-content\/uploads\/2023\/03\/3L3A1776_KORUPOIS.jpg","articleSection":["Eduskuntavaalit","Kainuu","Lapset &amp; nuoret","Politiikka","Sote","Talous"],"inLanguage":"fi","potentialAction":[{"@type":"CommentAction","name":"Comment","target":["https:\/\/siljakeranen.fi\/blogi\/painopiste-ennaltaehkaisyyn-ja-perusterveydenhuoltoon\/#respond"]}]},{"@type":"WebPage","@id":"https:\/\/siljakeranen.fi\/blogi\/painopiste-ennaltaehkaisyyn-ja-perusterveydenhuoltoon\/","url":"https:\/\/siljakeranen.fi\/blogi\/painopiste-ennaltaehkaisyyn-ja-perusterveydenhuoltoon\/","name":"Painopiste ennaltaehk\u00e4isyyn ja perusterveydenhuoltoon - Silja Ker\u00e4nen","isPartOf":{"@id":"https:\/\/siljakeranen.fi\/blogi\/#website"},"primaryImageOfPage":{"@id":"https:\/\/siljakeranen.fi\/blogi\/painopiste-ennaltaehkaisyyn-ja-perusterveydenhuoltoon\/#primaryimage"},"image":{"@id":"https:\/\/siljakeranen.fi\/blogi\/painopiste-ennaltaehkaisyyn-ja-perusterveydenhuoltoon\/#primaryimage"},"thumbnailUrl":"https:\/\/siljakeranen.fi\/blogi\/wp-content\/uploads\/2023\/03\/3L3A1776_KORUPOIS.jpg","datePublished":"2023-03-29T16:48:27+00:00","dateModified":"2023-03-30T16:50:50+00:00","breadcrumb":{"@id":"https:\/\/siljakeranen.fi\/blogi\/painopiste-ennaltaehkaisyyn-ja-perusterveydenhuoltoon\/#breadcrumb"},"inLanguage":"fi","potentialAction":[{"@type":"ReadAction","target":["https:\/\/siljakeranen.fi\/blogi\/painopiste-ennaltaehkaisyyn-ja-perusterveydenhuoltoon\/"]}]},{"@type":"ImageObject","inLanguage":"fi","@id":"https:\/\/siljakeranen.fi\/blogi\/painopiste-ennaltaehkaisyyn-ja-perusterveydenhuoltoon\/#primaryimage","url":"https:\/\/siljakeranen.fi\/blogi\/wp-content\/uploads\/2023\/03\/3L3A1776_KORUPOIS.jpg","contentUrl":"https:\/\/siljakeranen.fi\/blogi\/wp-content\/uploads\/2023\/03\/3L3A1776_KORUPOIS.jpg","width":2048,"height":1365},{"@type":"BreadcrumbList","@id":"https:\/\/siljakeranen.fi\/blogi\/painopiste-ennaltaehkaisyyn-ja-perusterveydenhuoltoon\/#breadcrumb","itemListElement":[{"@type":"ListItem","position":1,"name":"Etusivu","item":"https:\/\/siljakeranen.fi\/blogi\/"},{"@type":"ListItem","position":2,"name":"Painopiste ennaltaehk\u00e4isyyn ja perusterveydenhuoltoon"}]},{"@type":"WebSite","@id":"https:\/\/siljakeranen.fi\/blogi\/#website","url":"https:\/\/siljakeranen.fi\/blogi\/","name":"Silja Ker\u00e4nen","description":"Silja Ker\u00e4nen, kainuulainen vihre\u00e4 poliitikko","publisher":{"@id":"https:\/\/siljakeranen.fi\/blogi\/#\/schema\/person\/d43605ef0d5681c1b27a4ba1fede1cf4"},"potentialAction":[{"@type":"SearchAction","target":{"@type":"EntryPoint","urlTemplate":"https:\/\/siljakeranen.fi\/blogi\/?s={search_term_string}"},"query-input":{"@type":"PropertyValueSpecification","valueRequired":true,"valueName":"search_term_string"}}],"inLanguage":"fi"},{"@type":["Person","Organization"],"@id":"https:\/\/siljakeranen.fi\/blogi\/#\/schema\/person\/d43605ef0d5681c1b27a4ba1fede1cf4","name":"Silja","image":{"@type":"ImageObject","inLanguage":"fi","@id":"https:\/\/siljakeranen.fi\/blogi\/wp-content\/uploads\/2023\/01\/cropped-silja_250x100.png","url":"https:\/\/siljakeranen.fi\/blogi\/wp-content\/uploads\/2023\/01\/cropped-silja_250x100.png","contentUrl":"https:\/\/siljakeranen.fi\/blogi\/wp-content\/uploads\/2023\/01\/cropped-silja_250x100.png","width":250,"height":100,"caption":"Silja"},"logo":{"@id":"https:\/\/siljakeranen.fi\/blogi\/wp-content\/uploads\/2023\/01\/cropped-silja_250x100.png"},"sameAs":["http:\/\/www.siljakeranen.fi","https:\/\/www.facebook.com\/siljamkeranen","https:\/\/www.instagram.com\/siljakeranen\/","https:\/\/www.linkedin.com\/in\/silja-kernen-4331b548\/","https:\/\/x.com\/https:\/\/twitter.com\/SiljaMP","https:\/\/www.youtube.com\/channel\/UC0MWeuoWP4-Mjs1z8pIv3GQ","https:\/\/fi.wikipedia.org\/wiki\/Silja_Kernen"],"url":"https:\/\/siljakeranen.fi\/blogi\/author\/admin\/"}]}},"_links":{"self":[{"href":"https:\/\/siljakeranen.fi\/blogi\/wp-json\/wp\/v2\/posts\/2702","targetHints":{"allow":["GET"]}}],"collection":[{"href":"https:\/\/siljakeranen.fi\/blogi\/wp-json\/wp\/v2\/posts"}],"about":[{"href":"https:\/\/siljakeranen.fi\/blogi\/wp-json\/wp\/v2\/types\/post"}],"author":[{"embeddable":true,"href":"https:\/\/siljakeranen.fi\/blogi\/wp-json\/wp\/v2\/users\/1"}],"replies":[{"embeddable":true,"href":"https:\/\/siljakeranen.fi\/blogi\/wp-json\/wp\/v2\/comments?post=2702"}],"version-history":[{"count":1,"href":"https:\/\/siljakeranen.fi\/blogi\/wp-json\/wp\/v2\/posts\/2702\/revisions"}],"predecessor-version":[{"id":2704,"href":"https:\/\/siljakeranen.fi\/blogi\/wp-json\/wp\/v2\/posts\/2702\/revisions\/2704"}],"wp:featuredmedia":[{"embeddable":true,"href":"https:\/\/siljakeranen.fi\/blogi\/wp-json\/wp\/v2\/media\/2703"}],"wp:attachment":[{"href":"https:\/\/siljakeranen.fi\/blogi\/wp-json\/wp\/v2\/media?parent=2702"}],"wp:term":[{"taxonomy":"category","embeddable":true,"href":"https:\/\/siljakeranen.fi\/blogi\/wp-json\/wp\/v2\/categories?post=2702"},{"taxonomy":"post_tag","embeddable":true,"href":"https:\/\/siljakeranen.fi\/blogi\/wp-json\/wp\/v2\/tags?post=2702"}],"curies":[{"name":"wp","href":"https:\/\/api.w.org\/{rel}","templated":true}]}}