{"id":2754,"date":"2023-06-16T23:00:01","date_gmt":"2023-06-16T20:00:01","guid":{"rendered":"https:\/\/siljakeranen.fi\/blogi\/?p=2754"},"modified":"2023-06-16T23:01:30","modified_gmt":"2023-06-16T20:01:30","slug":"maatalouspolitiikan-sailyttava-linja-ei-ole-suomalaisen-ruoantuotannon-etu","status":"publish","type":"post","link":"https:\/\/siljakeranen.fi\/blogi\/maatalouspolitiikan-sailyttava-linja-ei-ole-suomalaisen-ruoantuotannon-etu\/","title":{"rendered":"Maatalouspolitiikan s\u00e4ilytt\u00e4v\u00e4 linja ei ole suomalaisen ruoantuotannon etu"},"content":{"rendered":"<p>Tuoreen hallitusohjelman maatalouteen liittyv\u00e4t kirjaukset jatkavat suomalaisen maatalouspolitiikan pitk\u00e4j\u00e4nteist\u00e4 linjaa: s\u00e4ilytet\u00e4\u00e4n mahdollisimman paljon vanhaa.<\/p>\n<p>Marinin hallituksen kaudella my\u00f6s maatalouspolitiikka l\u00e4hti hieman uudistumaan, kun sille asetettiin p\u00e4\u00e4st\u00f6tavoitteet ja kun eri toimin pyrittiin vahvistamaan maatalousymp\u00e4rist\u00f6n luonnon monimuotoisuutta sek\u00e4 v\u00e4hent\u00e4m\u00e4\u00e4n p\u00e4\u00e4st\u00f6j\u00e4 vesiin ja ilmaan.<\/p>\n<p>Nyt esitetty hallitusohjelma palaa pitk\u00e4lti l\u00e4ht\u00f6ruutuun, ja pitk\u00e4lti haluaa vain turvata ruoantuotannon edellytykset.<\/p>\n<p>T\u00e4m\u00e4 ei ole kest\u00e4v\u00e4 linja. T\u00e4m\u00e4 ei ole my\u00f6sk\u00e4\u00e4n se linja, mit\u00e4 moni viljelij\u00e4 haluaa. Moni viljelij\u00e4 haluaa uudistaa ja kehitt\u00e4\u00e4 \u2013 huolehtia siit\u00e4, ett\u00e4 elint\u00e4rke\u00e4n ruoantuottamisen ohella maanviljely olisi my\u00f6s ilmasto- ja luontopositiivista toimintaa sek\u00e4 el\u00e4inten hyvinvointia jatkuvasti paremmin huomioivaa. Suomalaisen maatalouspolitiikan tulisi tukea t\u00e4t\u00e4 kehityst\u00e4, mutta nyt pahasti n\u00e4ytt\u00e4\u00e4 silt\u00e4, ett\u00e4 niin ei tule k\u00e4ym\u00e4\u00e4n.<\/p>\n<p>Tosiasiassa maatalouden kest\u00e4vyysmurroksen tekeminen on \u00e4\u00e4rimm\u00e4isen olennaista. Sill\u00e4 lailla varmistetaan, ett\u00e4 ruoantuotantomme on aidosti kest\u00e4v\u00e4ll\u00e4 pohjalla. Ja vain sill\u00e4 tavalla toimialalla on hyvi\u00e4, pitk\u00e4j\u00e4nteisi\u00e4 kasvun ja taloudellisen tuottavuuden edellytyksi\u00e4. Maailma menee vahvasti kohti v\u00e4h\u00e4hiilist\u00e4, kiertotalousperusteista ja luontopositiivista taloutta. Suomalaisella maataloudella olisi t\u00e4ss\u00e4 ihan valtavasti annettavaa. Olisi my\u00f6s suomalaisen ruoantuotannon ja koko elintarvikeketjun taloudellinen etu tehd\u00e4 kest\u00e4vyysmurros ajoissa ja varmistaa sen tuoma markkinapotentiaali kokonaisuudessaan.<\/p>\n<p>Nyt t\u00e4h\u00e4n suuntaan ei olla menossa, ja se harmittaa valtavasti suomalaisen viljelij\u00e4n, koko elintarvikeketjun ja meid\u00e4n luonnon, el\u00e4inten sek\u00e4 ilmaston kannalta.<\/p>\n<p>&nbsp;<\/p>\n<p>Alla viel\u00e4 tarkemmin poimintojani maa-, mets\u00e4- ja er\u00e4talouteen liittyvist\u00e4 asioista:<\/p>\n<p>Positiivista:<\/p>\n<ul>\n<li>Vahva omavaraisen ruoantuotannon painotus. Huoltovarmuudesta huolehtiminen.<\/li>\n<li>Kannattavuuskriisiin vastaaminen, koska kaiken edellytys on parantaa ruoantuotannon kannattavuutta.<\/li>\n<li>V\u00e4lit\u00e4 viljelij\u00e4st\u00e4 -projektin tekeminen pysyv\u00e4ksi. P\u00e4\u00e4llekk\u00e4isen valvonnan v\u00e4hent\u00e4minen. Valkuaisomavaraisuuden parantaminen.<\/li>\n<li>Vesihuoltoalan toimintaedellytysten turvaaminen ja kansallisena pit\u00e4minen.<\/li>\n<li>Biokaasun nostaminen.<\/li>\n<li>Maatalouden tilusj\u00e4rjestelyjen kehitt\u00e4minen.<\/li>\n<li>Kotimaisen kalastuksen kirjaukset ja vaelluskalojen olosuhteiden parantaminen.<\/li>\n<li>Maank\u00e4yt\u00f6n p\u00e4\u00e4st\u00f6jen v\u00e4hent\u00e4misen ja nielujen lis\u00e4\u00e4misen kirjaukset ovat ihan hyvi\u00e4 (maank\u00e4yt\u00f6n muutosmaksun k\u00e4ytt\u00f6\u00f6noton arviointi, talousmetsien kiertoaikojen pident\u00e4minen, harvennusten voimakkuuden v\u00e4hent\u00e4minen, peitteinen mets\u00e4nkasvatus turvemailla ja hiilensidontamarkkinan kehitt\u00e4minen).<\/li>\n<li>Mutta n\u00e4m\u00e4 vaikuttavat hienoisilta kirjauksilta, jotka vaikuttavasti toteutuakseen vaatisivat kunnollisia p\u00e4\u00e4t\u00f6ksi\u00e4. Siihen t\u00e4ss\u00e4 ei nyt ole pohjaa.<\/li>\n<li>Teollisuuden jalostusarvon kasvattaminen ja kirjaus, ett\u00e4 sit\u00e4 kautta kansantaloutta voidaan vahvistaa puun k\u00e4ytt\u00f6\u00e4 lis\u00e4\u00e4m\u00e4tt\u00e4.<\/li>\n<li>Valtion vanhojen, luonnontilaisten metsien suojelu.<\/li>\n<\/ul>\n<p>&nbsp;<\/p>\n<p>Negatiivista:<\/p>\n<ul>\n<li>Turkistarhauskirjaukset ja ko. toimialan jatko, kun pit\u00e4isi suunnata kohti nopeaa, hallittua alasajoa.<\/li>\n<li>El\u00e4inten hyvinvointilain toteutumista vain seurataan, vaikka tosiasiassa el\u00e4inten oloja pit\u00e4isi koko ajan merkitt\u00e4v\u00e4sti parantaa.<\/li>\n<li>Olennaista on se, mit\u00e4 puuttuu: eli ruoantuotannon kest\u00e4vyysmurrosta ei k\u00e4yt\u00e4nn\u00f6ss\u00e4 edistet\u00e4.<\/li>\n<li>Suurpetojen kannanhoidollisen mets\u00e4styksen salliminen ilman mit\u00e4\u00e4n ajatusta ko. petokantojen suotuisan suojelun tasosta.<\/li>\n<li>Elinvoimisia lajeja halutaan siirt\u00e4\u00e4 pois tiukasti suojeltujen lajien listalta (esim. merimetso tai valkoposkihanhi). Sen sijaan ei ehdoteta, ett\u00e4 ko. listalle lis\u00e4tt\u00e4isiin lajeja, joista on tullut uhanalaisia. Eli lajien suojelua halutaan vain heikent\u00e4\u00e4.<\/li>\n<li>Mets\u00e4politiikassa ei k\u00e4yt\u00e4nn\u00f6ss\u00e4 n\u00e4y vahvat luonto- ja ilmastotavoitteet, vaan toimet perustuvat vapaaehtoisuuteen. T\u00e4ll\u00e4 menetelm\u00e4ll\u00e4 ei t\u00e4h\u00e4n menness\u00e4 ole pystytty katkaisemaan luontokatoa, eik\u00e4 se oletettavasti ole riitt\u00e4v\u00e4 jatkossakaan.<\/li>\n<li>Mets\u00e4talouspuolen kirjaukset ovat tyylilt\u00e4\u00e4n ja kunnianhimon tasoltaan hieman eri linjassa verrattuna maank\u00e4ytt\u00f6sektorin p\u00e4\u00e4st\u00f6jen v\u00e4hent\u00e4misen ja nielujen vahvistamisen kirjauksiin.<\/li>\n<li>Turvemaista on erikseen sanottu sek\u00e4 maa- ett\u00e4 mets\u00e4talouden kirjauksissa, ett\u00e4 niiden k\u00e4ytt\u00f6\u00e4 jatketaan. T\u00e4m\u00e4 siit\u00e4kin huolimatta, ett\u00e4 mets\u00e4talouden turvemailla sek\u00e4 maatalouden turvepelloilla on suurin suhteellinen p\u00e4\u00e4st\u00f6taakka (sek\u00e4 vesiin ett\u00e4 ilmaan). On ihan tarkoituksenmukaista, ett\u00e4 osa turvemaista on k\u00e4yt\u00f6ss\u00e4 jatkossakin. Mutta olennaista olisi ryhty\u00e4 tekem\u00e4\u00e4n aktiivisia toimia turvemaiden p\u00e4\u00e4st\u00f6jen v\u00e4hent\u00e4miseksi mahdollisimman pian. Nyt t\u00e4m\u00e4 ei todellakaan n\u00e4yt\u00e4 silt\u00e4.<\/li>\n<li>Kansallispuistoverkostoa ei olla laajentamassa.<\/li>\n<li>Mets\u00e4hallituksen hakkuum\u00e4\u00e4ri\u00e4 ei olla pienent\u00e4m\u00e4ss\u00e4, vaikka sill\u00e4 tavoin saataisiin kohtuullisen helposti kasvatettua hiilinielutasoa ja parannettua luonnon tilaa. Lis\u00e4ksi moni paikallinen ihminen on sit\u00e4 mielt\u00e4, ett\u00e4 mets\u00e4hallitus hakkaa nyky\u00e4\u00e4n liian paljon ja liian voimakkaasti. Mets\u00e4hallituksen hakkuut eiv\u00e4t ole ekologisesti eiv\u00e4tk\u00e4 sosiaalisesti kest\u00e4v\u00e4ll\u00e4 tasolla.<\/li>\n<\/ul>\n<p>&nbsp;<\/p>\n<div style=\"padding-bottom:20px; padding-top:10px;\" class=\"hupso-share-buttons\"><!-- Hupso Share Buttons - https:\/\/www.hupso.com\/share\/ --><a class=\"hupso_counters\" href=\"https:\/\/www.hupso.com\/share\/\"><img decoding=\"async\" src=\"https:\/\/static.hupso.com\/share\/buttons\/share-small.png\" style=\"border:0px; padding-top:2px; float:left;\" alt=\"Share Button\"\/><\/a><script type=\"text\/javascript\">var hupso_services_c=new Array(\"twitter\",\"facebook_like\",\"facebook_send\",\"google\");var hupso_counters_lang = \"en_US\";var hupso_image_folder_url = \"\";var hupso_url_c=\"\";var hupso_title_c=\"Maatalouspolitiikan%20s%C3%A4ilytt%C3%A4v%C3%A4%20linja%20ei%20ole%20suomalaisen%20ruoantuotannon%20etu\";<\/script><script type=\"text\/javascript\" src=\"https:\/\/static.hupso.com\/share\/js\/counters.js\"><\/script><!-- Hupso Share Buttons --><\/div>","protected":false},"excerpt":{"rendered":"<p>Tuoreen hallitusohjelman maatalouteen liittyv\u00e4t kirjaukset jatkavat suomalaisen maatalouspolitiikan pitk\u00e4j\u00e4nteist\u00e4 linjaa: s\u00e4ilytet\u00e4\u00e4n mahdollisimman paljon vanhaa. Marinin hallituksen kaudella my\u00f6s maatalouspolitiikka l\u00e4hti hieman uudistumaan, kun sille asetettiin p\u00e4\u00e4st\u00f6tavoitteet ja kun eri toimin pyrittiin vahvistamaan maatalousymp\u00e4rist\u00f6n luonnon monimuotoisuutta sek\u00e4 v\u00e4hent\u00e4m\u00e4\u00e4n p\u00e4\u00e4st\u00f6j\u00e4 vesiin ja ilmaan. Nyt esitetty hallitusohjelma palaa pitk\u00e4lti l\u00e4ht\u00f6ruutuun, ja pitk\u00e4lti haluaa vain turvata ruoantuotannon edellytykset. T\u00e4m\u00e4 [&hellip;]<\/p>\n<div style=\"padding-bottom:20px; padding-top:10px;\" class=\"hupso-share-buttons\"><!-- Hupso Share Buttons - https:\/\/www.hupso.com\/share\/ --><a class=\"hupso_counters\" href=\"https:\/\/www.hupso.com\/share\/\"><img src=\"https:\/\/static.hupso.com\/share\/buttons\/share-small.png\" style=\"border:0px; padding-top:2px; float:left;\" alt=\"Share Button\"\/><\/a><script type=\"text\/javascript\">var hupso_services_c=new Array(\"twitter\",\"facebook_like\",\"facebook_send\",\"google\");var hupso_counters_lang = \"en_US\";var hupso_image_folder_url = \"\";var hupso_url_c=\"\";var hupso_title_c=\"Maatalouspolitiikan%20s%C3%A4ilytt%C3%A4v%C3%A4%20linja%20ei%20ole%20suomalaisen%20ruoantuotannon%20etu\";<\/script><script type=\"text\/javascript\" src=\"https:\/\/static.hupso.com\/share\/js\/counters.js\"><\/script><!-- Hupso Share Buttons --><\/div>","protected":false},"author":1,"featured_media":2239,"comment_status":"open","ping_status":"closed","sticky":false,"template":"","format":"standard","meta":{"ngg_post_thumbnail":0,"footnotes":""},"categories":[27,23,20,6,39,10,5,30],"tags":[],"class_list":["post-2754","post","type-post","status-publish","format-standard","has-post-thumbnail","hentry","category-ilmastonmuutos","category-maatalous","category-metsa","category-politiikka","category-talous","category-vihreat","category-ymparisto","category-yrittajyys-elinkeinot"],"yoast_head":"<!-- This site is optimized with the Yoast SEO plugin v27.3 - https:\/\/yoast.com\/product\/yoast-seo-wordpress\/ -->\n<title>Maatalouspolitiikan s\u00e4ilytt\u00e4v\u00e4 linja ei ole suomalaisen ruoantuotannon etu - Silja Ker\u00e4nen<\/title>\n<meta name=\"robots\" content=\"index, follow, max-snippet:-1, max-image-preview:large, max-video-preview:-1\" \/>\n<link rel=\"canonical\" href=\"https:\/\/siljakeranen.fi\/blogi\/maatalouspolitiikan-sailyttava-linja-ei-ole-suomalaisen-ruoantuotannon-etu\/\" \/>\n<meta property=\"og:locale\" content=\"fi_FI\" \/>\n<meta property=\"og:type\" content=\"article\" \/>\n<meta property=\"og:title\" content=\"Maatalouspolitiikan s\u00e4ilytt\u00e4v\u00e4 linja ei ole suomalaisen ruoantuotannon etu - Silja Ker\u00e4nen\" \/>\n<meta property=\"og:description\" content=\"Tuoreen hallitusohjelman maatalouteen liittyv\u00e4t kirjaukset jatkavat suomalaisen maatalouspolitiikan pitk\u00e4j\u00e4nteist\u00e4 linjaa: s\u00e4ilytet\u00e4\u00e4n mahdollisimman paljon vanhaa. Marinin hallituksen kaudella my\u00f6s maatalouspolitiikka l\u00e4hti hieman uudistumaan, kun sille asetettiin p\u00e4\u00e4st\u00f6tavoitteet ja kun eri toimin pyrittiin vahvistamaan maatalousymp\u00e4rist\u00f6n luonnon monimuotoisuutta sek\u00e4 v\u00e4hent\u00e4m\u00e4\u00e4n p\u00e4\u00e4st\u00f6j\u00e4 vesiin ja ilmaan. Nyt esitetty hallitusohjelma palaa pitk\u00e4lti l\u00e4ht\u00f6ruutuun, ja pitk\u00e4lti haluaa vain turvata ruoantuotannon edellytykset. T\u00e4m\u00e4 [&hellip;]\" \/>\n<meta property=\"og:url\" content=\"https:\/\/siljakeranen.fi\/blogi\/maatalouspolitiikan-sailyttava-linja-ei-ole-suomalaisen-ruoantuotannon-etu\/\" \/>\n<meta property=\"og:site_name\" content=\"Silja Ker\u00e4nen\" \/>\n<meta property=\"article:publisher\" content=\"https:\/\/www.facebook.com\/siljamkeranen\" \/>\n<meta property=\"article:author\" content=\"https:\/\/www.facebook.com\/siljamkeranen\" \/>\n<meta property=\"article:published_time\" content=\"2023-06-16T20:00:01+00:00\" \/>\n<meta property=\"article:modified_time\" content=\"2023-06-16T20:01:30+00:00\" \/>\n<meta property=\"og:image\" content=\"https:\/\/siljakeranen.fi\/blogi\/wp-content\/uploads\/2022\/03\/IMG_9479.jpeg\" \/>\n\t<meta property=\"og:image:width\" content=\"1280\" \/>\n\t<meta property=\"og:image:height\" content=\"960\" \/>\n\t<meta property=\"og:image:type\" content=\"image\/jpeg\" \/>\n<meta name=\"author\" content=\"Silja\" \/>\n<meta name=\"twitter:card\" content=\"summary_large_image\" \/>\n<meta name=\"twitter:creator\" content=\"@https:\/\/twitter.com\/SiljaMP\" \/>\n<meta name=\"twitter:site\" content=\"@SiljaMP\" \/>\n<meta name=\"twitter:label1\" content=\"Kirjoittanut\" \/>\n\t<meta name=\"twitter:data1\" content=\"Silja\" \/>\n\t<meta name=\"twitter:label2\" content=\"Arvioitu lukuaika\" \/>\n\t<meta name=\"twitter:data2\" content=\"4 minuuttia\" \/>\n<script type=\"application\/ld+json\" class=\"yoast-schema-graph\">{\"@context\":\"https:\\\/\\\/schema.org\",\"@graph\":[{\"@type\":\"Article\",\"@id\":\"https:\\\/\\\/siljakeranen.fi\\\/blogi\\\/maatalouspolitiikan-sailyttava-linja-ei-ole-suomalaisen-ruoantuotannon-etu\\\/#article\",\"isPartOf\":{\"@id\":\"https:\\\/\\\/siljakeranen.fi\\\/blogi\\\/maatalouspolitiikan-sailyttava-linja-ei-ole-suomalaisen-ruoantuotannon-etu\\\/\"},\"author\":{\"name\":\"Silja\",\"@id\":\"https:\\\/\\\/siljakeranen.fi\\\/blogi\\\/#\\\/schema\\\/person\\\/d43605ef0d5681c1b27a4ba1fede1cf4\"},\"headline\":\"Maatalouspolitiikan s\u00e4ilytt\u00e4v\u00e4 linja ei ole suomalaisen ruoantuotannon etu\",\"datePublished\":\"2023-06-16T20:00:01+00:00\",\"dateModified\":\"2023-06-16T20:01:30+00:00\",\"mainEntityOfPage\":{\"@id\":\"https:\\\/\\\/siljakeranen.fi\\\/blogi\\\/maatalouspolitiikan-sailyttava-linja-ei-ole-suomalaisen-ruoantuotannon-etu\\\/\"},\"wordCount\":697,\"commentCount\":0,\"publisher\":{\"@id\":\"https:\\\/\\\/siljakeranen.fi\\\/blogi\\\/#\\\/schema\\\/person\\\/d43605ef0d5681c1b27a4ba1fede1cf4\"},\"image\":{\"@id\":\"https:\\\/\\\/siljakeranen.fi\\\/blogi\\\/maatalouspolitiikan-sailyttava-linja-ei-ole-suomalaisen-ruoantuotannon-etu\\\/#primaryimage\"},\"thumbnailUrl\":\"https:\\\/\\\/siljakeranen.fi\\\/blogi\\\/wp-content\\\/uploads\\\/2022\\\/03\\\/IMG_9479.jpeg\",\"articleSection\":[\"Ilmastonmuutos\",\"Maatalous\",\"Mets\u00e4\",\"Politiikka\",\"Talous\",\"Vihre\u00e4t\",\"Ymp\u00e4rist\u00f6\",\"Yritt\u00e4jyys &amp; elinkeinot\"],\"inLanguage\":\"fi\",\"potentialAction\":[{\"@type\":\"CommentAction\",\"name\":\"Comment\",\"target\":[\"https:\\\/\\\/siljakeranen.fi\\\/blogi\\\/maatalouspolitiikan-sailyttava-linja-ei-ole-suomalaisen-ruoantuotannon-etu\\\/#respond\"]}]},{\"@type\":\"WebPage\",\"@id\":\"https:\\\/\\\/siljakeranen.fi\\\/blogi\\\/maatalouspolitiikan-sailyttava-linja-ei-ole-suomalaisen-ruoantuotannon-etu\\\/\",\"url\":\"https:\\\/\\\/siljakeranen.fi\\\/blogi\\\/maatalouspolitiikan-sailyttava-linja-ei-ole-suomalaisen-ruoantuotannon-etu\\\/\",\"name\":\"Maatalouspolitiikan s\u00e4ilytt\u00e4v\u00e4 linja ei ole suomalaisen ruoantuotannon etu - Silja Ker\u00e4nen\",\"isPartOf\":{\"@id\":\"https:\\\/\\\/siljakeranen.fi\\\/blogi\\\/#website\"},\"primaryImageOfPage\":{\"@id\":\"https:\\\/\\\/siljakeranen.fi\\\/blogi\\\/maatalouspolitiikan-sailyttava-linja-ei-ole-suomalaisen-ruoantuotannon-etu\\\/#primaryimage\"},\"image\":{\"@id\":\"https:\\\/\\\/siljakeranen.fi\\\/blogi\\\/maatalouspolitiikan-sailyttava-linja-ei-ole-suomalaisen-ruoantuotannon-etu\\\/#primaryimage\"},\"thumbnailUrl\":\"https:\\\/\\\/siljakeranen.fi\\\/blogi\\\/wp-content\\\/uploads\\\/2022\\\/03\\\/IMG_9479.jpeg\",\"datePublished\":\"2023-06-16T20:00:01+00:00\",\"dateModified\":\"2023-06-16T20:01:30+00:00\",\"breadcrumb\":{\"@id\":\"https:\\\/\\\/siljakeranen.fi\\\/blogi\\\/maatalouspolitiikan-sailyttava-linja-ei-ole-suomalaisen-ruoantuotannon-etu\\\/#breadcrumb\"},\"inLanguage\":\"fi\",\"potentialAction\":[{\"@type\":\"ReadAction\",\"target\":[\"https:\\\/\\\/siljakeranen.fi\\\/blogi\\\/maatalouspolitiikan-sailyttava-linja-ei-ole-suomalaisen-ruoantuotannon-etu\\\/\"]}]},{\"@type\":\"ImageObject\",\"inLanguage\":\"fi\",\"@id\":\"https:\\\/\\\/siljakeranen.fi\\\/blogi\\\/maatalouspolitiikan-sailyttava-linja-ei-ole-suomalaisen-ruoantuotannon-etu\\\/#primaryimage\",\"url\":\"https:\\\/\\\/siljakeranen.fi\\\/blogi\\\/wp-content\\\/uploads\\\/2022\\\/03\\\/IMG_9479.jpeg\",\"contentUrl\":\"https:\\\/\\\/siljakeranen.fi\\\/blogi\\\/wp-content\\\/uploads\\\/2022\\\/03\\\/IMG_9479.jpeg\",\"width\":1280,\"height\":960},{\"@type\":\"BreadcrumbList\",\"@id\":\"https:\\\/\\\/siljakeranen.fi\\\/blogi\\\/maatalouspolitiikan-sailyttava-linja-ei-ole-suomalaisen-ruoantuotannon-etu\\\/#breadcrumb\",\"itemListElement\":[{\"@type\":\"ListItem\",\"position\":1,\"name\":\"Etusivu\",\"item\":\"https:\\\/\\\/siljakeranen.fi\\\/blogi\\\/\"},{\"@type\":\"ListItem\",\"position\":2,\"name\":\"Maatalouspolitiikan s\u00e4ilytt\u00e4v\u00e4 linja ei ole suomalaisen ruoantuotannon etu\"}]},{\"@type\":\"WebSite\",\"@id\":\"https:\\\/\\\/siljakeranen.fi\\\/blogi\\\/#website\",\"url\":\"https:\\\/\\\/siljakeranen.fi\\\/blogi\\\/\",\"name\":\"Silja Ker\u00e4nen\",\"description\":\"Silja Ker\u00e4nen, kainuulainen vihre\u00e4 poliitikko\",\"publisher\":{\"@id\":\"https:\\\/\\\/siljakeranen.fi\\\/blogi\\\/#\\\/schema\\\/person\\\/d43605ef0d5681c1b27a4ba1fede1cf4\"},\"potentialAction\":[{\"@type\":\"SearchAction\",\"target\":{\"@type\":\"EntryPoint\",\"urlTemplate\":\"https:\\\/\\\/siljakeranen.fi\\\/blogi\\\/?s={search_term_string}\"},\"query-input\":{\"@type\":\"PropertyValueSpecification\",\"valueRequired\":true,\"valueName\":\"search_term_string\"}}],\"inLanguage\":\"fi\"},{\"@type\":[\"Person\",\"Organization\"],\"@id\":\"https:\\\/\\\/siljakeranen.fi\\\/blogi\\\/#\\\/schema\\\/person\\\/d43605ef0d5681c1b27a4ba1fede1cf4\",\"name\":\"Silja\",\"image\":{\"@type\":\"ImageObject\",\"inLanguage\":\"fi\",\"@id\":\"https:\\\/\\\/siljakeranen.fi\\\/blogi\\\/wp-content\\\/uploads\\\/2023\\\/01\\\/cropped-silja_250x100.png\",\"url\":\"https:\\\/\\\/siljakeranen.fi\\\/blogi\\\/wp-content\\\/uploads\\\/2023\\\/01\\\/cropped-silja_250x100.png\",\"contentUrl\":\"https:\\\/\\\/siljakeranen.fi\\\/blogi\\\/wp-content\\\/uploads\\\/2023\\\/01\\\/cropped-silja_250x100.png\",\"width\":250,\"height\":100,\"caption\":\"Silja\"},\"logo\":{\"@id\":\"https:\\\/\\\/siljakeranen.fi\\\/blogi\\\/wp-content\\\/uploads\\\/2023\\\/01\\\/cropped-silja_250x100.png\"},\"sameAs\":[\"http:\\\/\\\/www.siljakeranen.fi\",\"https:\\\/\\\/www.facebook.com\\\/siljamkeranen\",\"https:\\\/\\\/www.instagram.com\\\/siljakeranen\\\/\",\"https:\\\/\\\/www.linkedin.com\\\/in\\\/silja-kernen-4331b548\\\/\",\"https:\\\/\\\/x.com\\\/https:\\\/\\\/twitter.com\\\/SiljaMP\",\"https:\\\/\\\/www.youtube.com\\\/channel\\\/UC0MWeuoWP4-Mjs1z8pIv3GQ\",\"https:\\\/\\\/fi.wikipedia.org\\\/wiki\\\/Silja_Kernen\"],\"url\":\"https:\\\/\\\/siljakeranen.fi\\\/blogi\\\/author\\\/admin\\\/\"}]}<\/script>\n<!-- \/ Yoast SEO plugin. -->","yoast_head_json":{"title":"Maatalouspolitiikan s\u00e4ilytt\u00e4v\u00e4 linja ei ole suomalaisen ruoantuotannon etu - Silja Ker\u00e4nen","robots":{"index":"index","follow":"follow","max-snippet":"max-snippet:-1","max-image-preview":"max-image-preview:large","max-video-preview":"max-video-preview:-1"},"canonical":"https:\/\/siljakeranen.fi\/blogi\/maatalouspolitiikan-sailyttava-linja-ei-ole-suomalaisen-ruoantuotannon-etu\/","og_locale":"fi_FI","og_type":"article","og_title":"Maatalouspolitiikan s\u00e4ilytt\u00e4v\u00e4 linja ei ole suomalaisen ruoantuotannon etu - Silja Ker\u00e4nen","og_description":"Tuoreen hallitusohjelman maatalouteen liittyv\u00e4t kirjaukset jatkavat suomalaisen maatalouspolitiikan pitk\u00e4j\u00e4nteist\u00e4 linjaa: s\u00e4ilytet\u00e4\u00e4n mahdollisimman paljon vanhaa. Marinin hallituksen kaudella my\u00f6s maatalouspolitiikka l\u00e4hti hieman uudistumaan, kun sille asetettiin p\u00e4\u00e4st\u00f6tavoitteet ja kun eri toimin pyrittiin vahvistamaan maatalousymp\u00e4rist\u00f6n luonnon monimuotoisuutta sek\u00e4 v\u00e4hent\u00e4m\u00e4\u00e4n p\u00e4\u00e4st\u00f6j\u00e4 vesiin ja ilmaan. Nyt esitetty hallitusohjelma palaa pitk\u00e4lti l\u00e4ht\u00f6ruutuun, ja pitk\u00e4lti haluaa vain turvata ruoantuotannon edellytykset. T\u00e4m\u00e4 [&hellip;]","og_url":"https:\/\/siljakeranen.fi\/blogi\/maatalouspolitiikan-sailyttava-linja-ei-ole-suomalaisen-ruoantuotannon-etu\/","og_site_name":"Silja Ker\u00e4nen","article_publisher":"https:\/\/www.facebook.com\/siljamkeranen","article_author":"https:\/\/www.facebook.com\/siljamkeranen","article_published_time":"2023-06-16T20:00:01+00:00","article_modified_time":"2023-06-16T20:01:30+00:00","og_image":[{"width":1280,"height":960,"url":"https:\/\/siljakeranen.fi\/blogi\/wp-content\/uploads\/2022\/03\/IMG_9479.jpeg","type":"image\/jpeg"}],"author":"Silja","twitter_card":"summary_large_image","twitter_creator":"@https:\/\/twitter.com\/SiljaMP","twitter_site":"@SiljaMP","twitter_misc":{"Kirjoittanut":"Silja","Arvioitu lukuaika":"4 minuuttia"},"schema":{"@context":"https:\/\/schema.org","@graph":[{"@type":"Article","@id":"https:\/\/siljakeranen.fi\/blogi\/maatalouspolitiikan-sailyttava-linja-ei-ole-suomalaisen-ruoantuotannon-etu\/#article","isPartOf":{"@id":"https:\/\/siljakeranen.fi\/blogi\/maatalouspolitiikan-sailyttava-linja-ei-ole-suomalaisen-ruoantuotannon-etu\/"},"author":{"name":"Silja","@id":"https:\/\/siljakeranen.fi\/blogi\/#\/schema\/person\/d43605ef0d5681c1b27a4ba1fede1cf4"},"headline":"Maatalouspolitiikan s\u00e4ilytt\u00e4v\u00e4 linja ei ole suomalaisen ruoantuotannon etu","datePublished":"2023-06-16T20:00:01+00:00","dateModified":"2023-06-16T20:01:30+00:00","mainEntityOfPage":{"@id":"https:\/\/siljakeranen.fi\/blogi\/maatalouspolitiikan-sailyttava-linja-ei-ole-suomalaisen-ruoantuotannon-etu\/"},"wordCount":697,"commentCount":0,"publisher":{"@id":"https:\/\/siljakeranen.fi\/blogi\/#\/schema\/person\/d43605ef0d5681c1b27a4ba1fede1cf4"},"image":{"@id":"https:\/\/siljakeranen.fi\/blogi\/maatalouspolitiikan-sailyttava-linja-ei-ole-suomalaisen-ruoantuotannon-etu\/#primaryimage"},"thumbnailUrl":"https:\/\/siljakeranen.fi\/blogi\/wp-content\/uploads\/2022\/03\/IMG_9479.jpeg","articleSection":["Ilmastonmuutos","Maatalous","Mets\u00e4","Politiikka","Talous","Vihre\u00e4t","Ymp\u00e4rist\u00f6","Yritt\u00e4jyys &amp; elinkeinot"],"inLanguage":"fi","potentialAction":[{"@type":"CommentAction","name":"Comment","target":["https:\/\/siljakeranen.fi\/blogi\/maatalouspolitiikan-sailyttava-linja-ei-ole-suomalaisen-ruoantuotannon-etu\/#respond"]}]},{"@type":"WebPage","@id":"https:\/\/siljakeranen.fi\/blogi\/maatalouspolitiikan-sailyttava-linja-ei-ole-suomalaisen-ruoantuotannon-etu\/","url":"https:\/\/siljakeranen.fi\/blogi\/maatalouspolitiikan-sailyttava-linja-ei-ole-suomalaisen-ruoantuotannon-etu\/","name":"Maatalouspolitiikan s\u00e4ilytt\u00e4v\u00e4 linja ei ole suomalaisen ruoantuotannon etu - Silja Ker\u00e4nen","isPartOf":{"@id":"https:\/\/siljakeranen.fi\/blogi\/#website"},"primaryImageOfPage":{"@id":"https:\/\/siljakeranen.fi\/blogi\/maatalouspolitiikan-sailyttava-linja-ei-ole-suomalaisen-ruoantuotannon-etu\/#primaryimage"},"image":{"@id":"https:\/\/siljakeranen.fi\/blogi\/maatalouspolitiikan-sailyttava-linja-ei-ole-suomalaisen-ruoantuotannon-etu\/#primaryimage"},"thumbnailUrl":"https:\/\/siljakeranen.fi\/blogi\/wp-content\/uploads\/2022\/03\/IMG_9479.jpeg","datePublished":"2023-06-16T20:00:01+00:00","dateModified":"2023-06-16T20:01:30+00:00","breadcrumb":{"@id":"https:\/\/siljakeranen.fi\/blogi\/maatalouspolitiikan-sailyttava-linja-ei-ole-suomalaisen-ruoantuotannon-etu\/#breadcrumb"},"inLanguage":"fi","potentialAction":[{"@type":"ReadAction","target":["https:\/\/siljakeranen.fi\/blogi\/maatalouspolitiikan-sailyttava-linja-ei-ole-suomalaisen-ruoantuotannon-etu\/"]}]},{"@type":"ImageObject","inLanguage":"fi","@id":"https:\/\/siljakeranen.fi\/blogi\/maatalouspolitiikan-sailyttava-linja-ei-ole-suomalaisen-ruoantuotannon-etu\/#primaryimage","url":"https:\/\/siljakeranen.fi\/blogi\/wp-content\/uploads\/2022\/03\/IMG_9479.jpeg","contentUrl":"https:\/\/siljakeranen.fi\/blogi\/wp-content\/uploads\/2022\/03\/IMG_9479.jpeg","width":1280,"height":960},{"@type":"BreadcrumbList","@id":"https:\/\/siljakeranen.fi\/blogi\/maatalouspolitiikan-sailyttava-linja-ei-ole-suomalaisen-ruoantuotannon-etu\/#breadcrumb","itemListElement":[{"@type":"ListItem","position":1,"name":"Etusivu","item":"https:\/\/siljakeranen.fi\/blogi\/"},{"@type":"ListItem","position":2,"name":"Maatalouspolitiikan s\u00e4ilytt\u00e4v\u00e4 linja ei ole suomalaisen ruoantuotannon etu"}]},{"@type":"WebSite","@id":"https:\/\/siljakeranen.fi\/blogi\/#website","url":"https:\/\/siljakeranen.fi\/blogi\/","name":"Silja Ker\u00e4nen","description":"Silja Ker\u00e4nen, kainuulainen vihre\u00e4 poliitikko","publisher":{"@id":"https:\/\/siljakeranen.fi\/blogi\/#\/schema\/person\/d43605ef0d5681c1b27a4ba1fede1cf4"},"potentialAction":[{"@type":"SearchAction","target":{"@type":"EntryPoint","urlTemplate":"https:\/\/siljakeranen.fi\/blogi\/?s={search_term_string}"},"query-input":{"@type":"PropertyValueSpecification","valueRequired":true,"valueName":"search_term_string"}}],"inLanguage":"fi"},{"@type":["Person","Organization"],"@id":"https:\/\/siljakeranen.fi\/blogi\/#\/schema\/person\/d43605ef0d5681c1b27a4ba1fede1cf4","name":"Silja","image":{"@type":"ImageObject","inLanguage":"fi","@id":"https:\/\/siljakeranen.fi\/blogi\/wp-content\/uploads\/2023\/01\/cropped-silja_250x100.png","url":"https:\/\/siljakeranen.fi\/blogi\/wp-content\/uploads\/2023\/01\/cropped-silja_250x100.png","contentUrl":"https:\/\/siljakeranen.fi\/blogi\/wp-content\/uploads\/2023\/01\/cropped-silja_250x100.png","width":250,"height":100,"caption":"Silja"},"logo":{"@id":"https:\/\/siljakeranen.fi\/blogi\/wp-content\/uploads\/2023\/01\/cropped-silja_250x100.png"},"sameAs":["http:\/\/www.siljakeranen.fi","https:\/\/www.facebook.com\/siljamkeranen","https:\/\/www.instagram.com\/siljakeranen\/","https:\/\/www.linkedin.com\/in\/silja-kernen-4331b548\/","https:\/\/x.com\/https:\/\/twitter.com\/SiljaMP","https:\/\/www.youtube.com\/channel\/UC0MWeuoWP4-Mjs1z8pIv3GQ","https:\/\/fi.wikipedia.org\/wiki\/Silja_Kernen"],"url":"https:\/\/siljakeranen.fi\/blogi\/author\/admin\/"}]}},"_links":{"self":[{"href":"https:\/\/siljakeranen.fi\/blogi\/wp-json\/wp\/v2\/posts\/2754","targetHints":{"allow":["GET"]}}],"collection":[{"href":"https:\/\/siljakeranen.fi\/blogi\/wp-json\/wp\/v2\/posts"}],"about":[{"href":"https:\/\/siljakeranen.fi\/blogi\/wp-json\/wp\/v2\/types\/post"}],"author":[{"embeddable":true,"href":"https:\/\/siljakeranen.fi\/blogi\/wp-json\/wp\/v2\/users\/1"}],"replies":[{"embeddable":true,"href":"https:\/\/siljakeranen.fi\/blogi\/wp-json\/wp\/v2\/comments?post=2754"}],"version-history":[{"count":1,"href":"https:\/\/siljakeranen.fi\/blogi\/wp-json\/wp\/v2\/posts\/2754\/revisions"}],"predecessor-version":[{"id":2756,"href":"https:\/\/siljakeranen.fi\/blogi\/wp-json\/wp\/v2\/posts\/2754\/revisions\/2756"}],"wp:featuredmedia":[{"embeddable":true,"href":"https:\/\/siljakeranen.fi\/blogi\/wp-json\/wp\/v2\/media\/2239"}],"wp:attachment":[{"href":"https:\/\/siljakeranen.fi\/blogi\/wp-json\/wp\/v2\/media?parent=2754"}],"wp:term":[{"taxonomy":"category","embeddable":true,"href":"https:\/\/siljakeranen.fi\/blogi\/wp-json\/wp\/v2\/categories?post=2754"},{"taxonomy":"post_tag","embeddable":true,"href":"https:\/\/siljakeranen.fi\/blogi\/wp-json\/wp\/v2\/tags?post=2754"}],"curies":[{"name":"wp","href":"https:\/\/api.w.org\/{rel}","templated":true}]}}