{"id":2845,"date":"2024-05-07T17:49:50","date_gmt":"2024-05-07T14:49:50","guid":{"rendered":"https:\/\/siljakeranen.fi\/blogi\/?p=2845"},"modified":"2024-05-10T17:52:47","modified_gmt":"2024-05-10T14:52:47","slug":"ennallistamisasetuksesta-liikkuu-vaaraa-tietoa","status":"publish","type":"post","link":"https:\/\/siljakeranen.fi\/blogi\/ennallistamisasetuksesta-liikkuu-vaaraa-tietoa\/","title":{"rendered":"Ennallistamisasetuksesta liikkuu v\u00e4\u00e4r\u00e4\u00e4 tietoa"},"content":{"rendered":"<p style=\"font-weight: 400;\">Osallistuin maanantaina 29.4 MTK&nbsp;Keski-Pohjanmaan ja&nbsp;Keskipohjanmaa&nbsp;-lehden yhteiseen eurovaalipaneeliin Reisj\u00e4rven kristillisell\u00e4 opistolla. Siell\u00e4 puhuttiin my\u00f6s ennallistamisasetuksesta, kuten toki ennalta pystyi arvaamaan.<\/p>\n<p style=\"font-weight: 400;\">Hieman n\u00e4ytti menev\u00e4n sekaisin my\u00f6s mets\u00e4katoasetus ja ennallistamisasetus, jotka ovat kaksi eri asiaa. Mets\u00e4katoasetus on todella tarpeellinen ja liittyy EU:n alueelle tuotaviin tuotteisiin, joiden osalta halutaan ehk\u00e4ist\u00e4 etenkin sademetsien katoa. Suomessa se on kilpistynyt varovaisuudeksi navettarakentamisessa, jonka osalta oma ministeri\u00f6mme ohjeistaa olemaan tekem\u00e4tt\u00e4 navetoita, jos niiden alta joutuu kaatamaan puita. T\u00e4m\u00e4n osalta minusta tulisi n\u00e4hd\u00e4 iso kuva ja sallia navettarakentaminen esimerkiksi kompensoimalla sen alle j\u00e4\u00e4nyt mets\u00e4ala jossain toisaalla.<\/p>\n<p style=\"font-weight: 400;\">Ennallistamisasetukseen taas n\u00e4ytt\u00e4\u00e4 edelleenkin liittyv\u00e4n paljon v\u00e4\u00e4ri\u00e4 uhkakuvia. Toisin kuin paneelista tehdyss\u00e4 jutussa v\u00e4itet\u00e4\u00e4n ennallistamisasetus ei rajoittaisi voimakkaasti suomalaismetsien k\u00e4sittely\u00e4. Kokonaisuudessaan asetus koskisi Suomessa etenkin vesist\u00f6j\u00e4, joiden tilan parantaminen auttaisi sek\u00e4 vaelluskaloja ett\u00e4 virkistysk\u00e4ytt\u00f6\u00e4.<\/p>\n<p style=\"font-weight: 400;\">On my\u00f6s t\u00e4rke\u00e4 muistaa, ett\u00e4 Suomi ei paranna luonnon tilaa kenenk\u00e4\u00e4n puolesta. Ajatus on, ett\u00e4 kunkin EU-maan tulee itse parantaa oman huonontuneen luontonsa tilaa. Suomessakin luonnon tila kaipaa kohentamista, se ei meill\u00e4k\u00e4\u00e4n ole hyv\u00e4. Ennallistamisasetus asettaa Suomelle ja kaikille EU-maille konkreettiset ja mitattavissa olevat tavoitteet sille, kuinka paljon heikennetyn luonnon tilaa tulisi kohentaa. Tavoitteisiin p\u00e4\u00e4semiseksi on asetettu erilaisia indikaattoreita, esimerkiksi metsiss\u00e4 tavallisten mets\u00e4lintujen m\u00e4\u00e4r\u00e4, kuolleen puun m\u00e4\u00e4r\u00e4, hiilivarasto, kotoper\u00e4isten puiden osuus ja puulajien monimuotoisuus.<\/p>\n<p style=\"font-weight: 400;\">Ilmastonmuutoksen edetess\u00e4 kaikki n\u00e4m\u00e4 edell\u00e4mainitut indikaattorit eiv\u00e4t pelk\u00e4st\u00e4\u00e4n paranna luonnon tilaa tai est\u00e4 kotoisia lajejamme kuolemasta sukupuuttoon, vaan my\u00f6s tekev\u00e4t metsist\u00e4mme terveempi\u00e4 ja vahvempia. On my\u00f6s hyv\u00e4 muistaa, ett\u00e4 ekologisesti kest\u00e4v\u00e4ll\u00e4 pohjalla oleva mets\u00e4talous on lopulta my\u00f6s koko suomalaisen mets\u00e4sektorin etu. T\u00e4st\u00e4kin syyst\u00e4 luontotoimia on todella t\u00e4rke\u00e4 tehd\u00e4.<\/p>\n<p style=\"font-weight: 400;\">Kun Suomi nyt Orpon hallituksen linjauksena kaikista ennallistamisasetukseen tehdyist\u00e4 lievennyksist\u00e4 huolimatta p\u00e4\u00e4tyi vastustamaan asetuksen hyv\u00e4ksymist\u00e4, tekee Suomi karhunpalveluksen ei vain omalle ainutlaatuiselle luonnolleen ja tulevien sukupolvien mahdollisuudelle nauttia luonnostamme koko EU:n alueella. Olisimme voineet vaikuttaa luontokadon pys\u00e4ytt\u00e4miseen laajasti koko Euroopassa, mutta t\u00e4t\u00e4 ei Orpon hallitus halunnut tehd\u00e4. N\u00e4ink\u00f6 oikeasti haluamme toimia?<\/p>\n<p style=\"font-weight: 400;\">Silja Ker\u00e4nen<\/p>\n<p style=\"font-weight: 400;\">DI, vihreiden varapuheenjohtaja<br \/>\neurovaaliehdokas<br \/>\nKajaani<\/p>\n<div style=\"padding-bottom:20px; padding-top:10px;\" class=\"hupso-share-buttons\"><!-- Hupso Share Buttons - https:\/\/www.hupso.com\/share\/ --><a class=\"hupso_counters\" href=\"https:\/\/www.hupso.com\/share\/\"><img decoding=\"async\" src=\"https:\/\/static.hupso.com\/share\/buttons\/share-small.png\" style=\"border:0px; padding-top:2px; float:left;\" alt=\"Share Button\"\/><\/a><script type=\"text\/javascript\">var hupso_services_c=new Array(\"twitter\",\"facebook_like\",\"facebook_send\",\"google\");var hupso_counters_lang = \"en_US\";var hupso_image_folder_url = \"\";var hupso_url_c=\"\";var hupso_title_c=\"Ennallistamisasetuksesta%20liikkuu%20v%C3%A4%C3%A4r%C3%A4%C3%A4%20tietoa\";<\/script><script type=\"text\/javascript\" src=\"https:\/\/static.hupso.com\/share\/js\/counters.js\"><\/script><!-- Hupso Share Buttons --><\/div>","protected":false},"excerpt":{"rendered":"<p>Osallistuin maanantaina 29.4 MTK&nbsp;Keski-Pohjanmaan ja&nbsp;Keskipohjanmaa&nbsp;-lehden yhteiseen eurovaalipaneeliin Reisj\u00e4rven kristillisell\u00e4 opistolla. Siell\u00e4 puhuttiin my\u00f6s ennallistamisasetuksesta, kuten toki ennalta pystyi arvaamaan. Hieman n\u00e4ytti menev\u00e4n sekaisin my\u00f6s mets\u00e4katoasetus ja ennallistamisasetus, jotka ovat kaksi eri asiaa. Mets\u00e4katoasetus on todella tarpeellinen ja liittyy EU:n alueelle tuotaviin tuotteisiin, joiden osalta halutaan ehk\u00e4ist\u00e4 etenkin sademetsien katoa. Suomessa se on kilpistynyt varovaisuudeksi navettarakentamisessa, [&hellip;]<\/p>\n<div style=\"padding-bottom:20px; padding-top:10px;\" class=\"hupso-share-buttons\"><!-- Hupso Share Buttons - https:\/\/www.hupso.com\/share\/ --><a class=\"hupso_counters\" href=\"https:\/\/www.hupso.com\/share\/\"><img src=\"https:\/\/static.hupso.com\/share\/buttons\/share-small.png\" style=\"border:0px; padding-top:2px; float:left;\" alt=\"Share Button\"\/><\/a><script type=\"text\/javascript\">var hupso_services_c=new Array(\"twitter\",\"facebook_like\",\"facebook_send\",\"google\");var hupso_counters_lang = \"en_US\";var hupso_image_folder_url = \"\";var hupso_url_c=\"\";var hupso_title_c=\"Ennallistamisasetuksesta%20liikkuu%20v%C3%A4%C3%A4r%C3%A4%C3%A4%20tietoa\";<\/script><script type=\"text\/javascript\" src=\"https:\/\/static.hupso.com\/share\/js\/counters.js\"><\/script><!-- Hupso Share Buttons --><\/div>","protected":false},"author":1,"featured_media":2773,"comment_status":"open","ping_status":"closed","sticky":false,"template":"","format":"standard","meta":{"ngg_post_thumbnail":0,"footnotes":""},"categories":[37,27,20,5,30],"tags":[],"class_list":["post-2845","post","type-post","status-publish","format-standard","has-post-thumbnail","hentry","category-eu","category-ilmastonmuutos","category-metsa","category-ymparisto","category-yrittajyys-elinkeinot"],"yoast_head":"<!-- This site is optimized with the Yoast SEO plugin v27.3 - https:\/\/yoast.com\/product\/yoast-seo-wordpress\/ -->\n<title>Ennallistamisasetuksesta liikkuu v\u00e4\u00e4r\u00e4\u00e4 tietoa - Silja Ker\u00e4nen<\/title>\n<meta name=\"robots\" content=\"index, follow, max-snippet:-1, max-image-preview:large, max-video-preview:-1\" \/>\n<link rel=\"canonical\" href=\"https:\/\/siljakeranen.fi\/blogi\/ennallistamisasetuksesta-liikkuu-vaaraa-tietoa\/\" \/>\n<meta property=\"og:locale\" content=\"fi_FI\" \/>\n<meta property=\"og:type\" content=\"article\" \/>\n<meta property=\"og:title\" content=\"Ennallistamisasetuksesta liikkuu v\u00e4\u00e4r\u00e4\u00e4 tietoa - Silja Ker\u00e4nen\" \/>\n<meta property=\"og:description\" content=\"Osallistuin maanantaina 29.4 MTK&nbsp;Keski-Pohjanmaan ja&nbsp;Keskipohjanmaa&nbsp;-lehden yhteiseen eurovaalipaneeliin Reisj\u00e4rven kristillisell\u00e4 opistolla. Siell\u00e4 puhuttiin my\u00f6s ennallistamisasetuksesta, kuten toki ennalta pystyi arvaamaan. Hieman n\u00e4ytti menev\u00e4n sekaisin my\u00f6s mets\u00e4katoasetus ja ennallistamisasetus, jotka ovat kaksi eri asiaa. Mets\u00e4katoasetus on todella tarpeellinen ja liittyy EU:n alueelle tuotaviin tuotteisiin, joiden osalta halutaan ehk\u00e4ist\u00e4 etenkin sademetsien katoa. Suomessa se on kilpistynyt varovaisuudeksi navettarakentamisessa, [&hellip;]\" \/>\n<meta property=\"og:url\" content=\"https:\/\/siljakeranen.fi\/blogi\/ennallistamisasetuksesta-liikkuu-vaaraa-tietoa\/\" \/>\n<meta property=\"og:site_name\" content=\"Silja Ker\u00e4nen\" \/>\n<meta property=\"article:publisher\" content=\"https:\/\/www.facebook.com\/siljamkeranen\" \/>\n<meta property=\"article:author\" content=\"https:\/\/www.facebook.com\/siljamkeranen\" \/>\n<meta property=\"article:published_time\" content=\"2024-05-07T14:49:50+00:00\" \/>\n<meta property=\"article:modified_time\" content=\"2024-05-10T14:52:47+00:00\" \/>\n<meta property=\"og:image\" content=\"https:\/\/siljakeranen.fi\/blogi\/wp-content\/uploads\/2023\/11\/3L3A9905-e1700469361734.jpg\" \/>\n\t<meta property=\"og:image:width\" content=\"1136\" \/>\n\t<meta property=\"og:image:height\" content=\"1095\" \/>\n\t<meta property=\"og:image:type\" content=\"image\/jpeg\" \/>\n<meta name=\"author\" content=\"Silja\" \/>\n<meta name=\"twitter:card\" content=\"summary_large_image\" \/>\n<meta name=\"twitter:creator\" content=\"@https:\/\/twitter.com\/SiljaMP\" \/>\n<meta name=\"twitter:site\" content=\"@SiljaMP\" \/>\n<meta name=\"twitter:label1\" content=\"Kirjoittanut\" \/>\n\t<meta name=\"twitter:data1\" content=\"Silja\" \/>\n\t<meta name=\"twitter:label2\" content=\"Arvioitu lukuaika\" \/>\n\t<meta name=\"twitter:data2\" content=\"3 minuuttia\" \/>\n<script type=\"application\/ld+json\" class=\"yoast-schema-graph\">{\"@context\":\"https:\\\/\\\/schema.org\",\"@graph\":[{\"@type\":\"Article\",\"@id\":\"https:\\\/\\\/siljakeranen.fi\\\/blogi\\\/ennallistamisasetuksesta-liikkuu-vaaraa-tietoa\\\/#article\",\"isPartOf\":{\"@id\":\"https:\\\/\\\/siljakeranen.fi\\\/blogi\\\/ennallistamisasetuksesta-liikkuu-vaaraa-tietoa\\\/\"},\"author\":{\"name\":\"Silja\",\"@id\":\"https:\\\/\\\/siljakeranen.fi\\\/blogi\\\/#\\\/schema\\\/person\\\/d43605ef0d5681c1b27a4ba1fede1cf4\"},\"headline\":\"Ennallistamisasetuksesta liikkuu v\u00e4\u00e4r\u00e4\u00e4 tietoa\",\"datePublished\":\"2024-05-07T14:49:50+00:00\",\"dateModified\":\"2024-05-10T14:52:47+00:00\",\"mainEntityOfPage\":{\"@id\":\"https:\\\/\\\/siljakeranen.fi\\\/blogi\\\/ennallistamisasetuksesta-liikkuu-vaaraa-tietoa\\\/\"},\"wordCount\":370,\"commentCount\":0,\"publisher\":{\"@id\":\"https:\\\/\\\/siljakeranen.fi\\\/blogi\\\/#\\\/schema\\\/person\\\/d43605ef0d5681c1b27a4ba1fede1cf4\"},\"image\":{\"@id\":\"https:\\\/\\\/siljakeranen.fi\\\/blogi\\\/ennallistamisasetuksesta-liikkuu-vaaraa-tietoa\\\/#primaryimage\"},\"thumbnailUrl\":\"https:\\\/\\\/siljakeranen.fi\\\/blogi\\\/wp-content\\\/uploads\\\/2023\\\/11\\\/3L3A9905-e1700469361734.jpg\",\"articleSection\":[\"EU\",\"Ilmastonmuutos\",\"Mets\u00e4\",\"Ymp\u00e4rist\u00f6\",\"Yritt\u00e4jyys &amp; elinkeinot\"],\"inLanguage\":\"fi\",\"potentialAction\":[{\"@type\":\"CommentAction\",\"name\":\"Comment\",\"target\":[\"https:\\\/\\\/siljakeranen.fi\\\/blogi\\\/ennallistamisasetuksesta-liikkuu-vaaraa-tietoa\\\/#respond\"]}]},{\"@type\":\"WebPage\",\"@id\":\"https:\\\/\\\/siljakeranen.fi\\\/blogi\\\/ennallistamisasetuksesta-liikkuu-vaaraa-tietoa\\\/\",\"url\":\"https:\\\/\\\/siljakeranen.fi\\\/blogi\\\/ennallistamisasetuksesta-liikkuu-vaaraa-tietoa\\\/\",\"name\":\"Ennallistamisasetuksesta liikkuu v\u00e4\u00e4r\u00e4\u00e4 tietoa - Silja Ker\u00e4nen\",\"isPartOf\":{\"@id\":\"https:\\\/\\\/siljakeranen.fi\\\/blogi\\\/#website\"},\"primaryImageOfPage\":{\"@id\":\"https:\\\/\\\/siljakeranen.fi\\\/blogi\\\/ennallistamisasetuksesta-liikkuu-vaaraa-tietoa\\\/#primaryimage\"},\"image\":{\"@id\":\"https:\\\/\\\/siljakeranen.fi\\\/blogi\\\/ennallistamisasetuksesta-liikkuu-vaaraa-tietoa\\\/#primaryimage\"},\"thumbnailUrl\":\"https:\\\/\\\/siljakeranen.fi\\\/blogi\\\/wp-content\\\/uploads\\\/2023\\\/11\\\/3L3A9905-e1700469361734.jpg\",\"datePublished\":\"2024-05-07T14:49:50+00:00\",\"dateModified\":\"2024-05-10T14:52:47+00:00\",\"breadcrumb\":{\"@id\":\"https:\\\/\\\/siljakeranen.fi\\\/blogi\\\/ennallistamisasetuksesta-liikkuu-vaaraa-tietoa\\\/#breadcrumb\"},\"inLanguage\":\"fi\",\"potentialAction\":[{\"@type\":\"ReadAction\",\"target\":[\"https:\\\/\\\/siljakeranen.fi\\\/blogi\\\/ennallistamisasetuksesta-liikkuu-vaaraa-tietoa\\\/\"]}]},{\"@type\":\"ImageObject\",\"inLanguage\":\"fi\",\"@id\":\"https:\\\/\\\/siljakeranen.fi\\\/blogi\\\/ennallistamisasetuksesta-liikkuu-vaaraa-tietoa\\\/#primaryimage\",\"url\":\"https:\\\/\\\/siljakeranen.fi\\\/blogi\\\/wp-content\\\/uploads\\\/2023\\\/11\\\/3L3A9905-e1700469361734.jpg\",\"contentUrl\":\"https:\\\/\\\/siljakeranen.fi\\\/blogi\\\/wp-content\\\/uploads\\\/2023\\\/11\\\/3L3A9905-e1700469361734.jpg\",\"width\":1136,\"height\":1095},{\"@type\":\"BreadcrumbList\",\"@id\":\"https:\\\/\\\/siljakeranen.fi\\\/blogi\\\/ennallistamisasetuksesta-liikkuu-vaaraa-tietoa\\\/#breadcrumb\",\"itemListElement\":[{\"@type\":\"ListItem\",\"position\":1,\"name\":\"Etusivu\",\"item\":\"https:\\\/\\\/siljakeranen.fi\\\/blogi\\\/\"},{\"@type\":\"ListItem\",\"position\":2,\"name\":\"Ennallistamisasetuksesta liikkuu v\u00e4\u00e4r\u00e4\u00e4 tietoa\"}]},{\"@type\":\"WebSite\",\"@id\":\"https:\\\/\\\/siljakeranen.fi\\\/blogi\\\/#website\",\"url\":\"https:\\\/\\\/siljakeranen.fi\\\/blogi\\\/\",\"name\":\"Silja Ker\u00e4nen\",\"description\":\"Silja Ker\u00e4nen, kainuulainen vihre\u00e4 poliitikko\",\"publisher\":{\"@id\":\"https:\\\/\\\/siljakeranen.fi\\\/blogi\\\/#\\\/schema\\\/person\\\/d43605ef0d5681c1b27a4ba1fede1cf4\"},\"potentialAction\":[{\"@type\":\"SearchAction\",\"target\":{\"@type\":\"EntryPoint\",\"urlTemplate\":\"https:\\\/\\\/siljakeranen.fi\\\/blogi\\\/?s={search_term_string}\"},\"query-input\":{\"@type\":\"PropertyValueSpecification\",\"valueRequired\":true,\"valueName\":\"search_term_string\"}}],\"inLanguage\":\"fi\"},{\"@type\":[\"Person\",\"Organization\"],\"@id\":\"https:\\\/\\\/siljakeranen.fi\\\/blogi\\\/#\\\/schema\\\/person\\\/d43605ef0d5681c1b27a4ba1fede1cf4\",\"name\":\"Silja\",\"image\":{\"@type\":\"ImageObject\",\"inLanguage\":\"fi\",\"@id\":\"https:\\\/\\\/siljakeranen.fi\\\/blogi\\\/wp-content\\\/uploads\\\/2023\\\/01\\\/cropped-silja_250x100.png\",\"url\":\"https:\\\/\\\/siljakeranen.fi\\\/blogi\\\/wp-content\\\/uploads\\\/2023\\\/01\\\/cropped-silja_250x100.png\",\"contentUrl\":\"https:\\\/\\\/siljakeranen.fi\\\/blogi\\\/wp-content\\\/uploads\\\/2023\\\/01\\\/cropped-silja_250x100.png\",\"width\":250,\"height\":100,\"caption\":\"Silja\"},\"logo\":{\"@id\":\"https:\\\/\\\/siljakeranen.fi\\\/blogi\\\/wp-content\\\/uploads\\\/2023\\\/01\\\/cropped-silja_250x100.png\"},\"sameAs\":[\"http:\\\/\\\/www.siljakeranen.fi\",\"https:\\\/\\\/www.facebook.com\\\/siljamkeranen\",\"https:\\\/\\\/www.instagram.com\\\/siljakeranen\\\/\",\"https:\\\/\\\/www.linkedin.com\\\/in\\\/silja-kernen-4331b548\\\/\",\"https:\\\/\\\/x.com\\\/https:\\\/\\\/twitter.com\\\/SiljaMP\",\"https:\\\/\\\/www.youtube.com\\\/channel\\\/UC0MWeuoWP4-Mjs1z8pIv3GQ\",\"https:\\\/\\\/fi.wikipedia.org\\\/wiki\\\/Silja_Kernen\"],\"url\":\"https:\\\/\\\/siljakeranen.fi\\\/blogi\\\/author\\\/admin\\\/\"}]}<\/script>\n<!-- \/ Yoast SEO plugin. -->","yoast_head_json":{"title":"Ennallistamisasetuksesta liikkuu v\u00e4\u00e4r\u00e4\u00e4 tietoa - Silja Ker\u00e4nen","robots":{"index":"index","follow":"follow","max-snippet":"max-snippet:-1","max-image-preview":"max-image-preview:large","max-video-preview":"max-video-preview:-1"},"canonical":"https:\/\/siljakeranen.fi\/blogi\/ennallistamisasetuksesta-liikkuu-vaaraa-tietoa\/","og_locale":"fi_FI","og_type":"article","og_title":"Ennallistamisasetuksesta liikkuu v\u00e4\u00e4r\u00e4\u00e4 tietoa - Silja Ker\u00e4nen","og_description":"Osallistuin maanantaina 29.4 MTK&nbsp;Keski-Pohjanmaan ja&nbsp;Keskipohjanmaa&nbsp;-lehden yhteiseen eurovaalipaneeliin Reisj\u00e4rven kristillisell\u00e4 opistolla. Siell\u00e4 puhuttiin my\u00f6s ennallistamisasetuksesta, kuten toki ennalta pystyi arvaamaan. Hieman n\u00e4ytti menev\u00e4n sekaisin my\u00f6s mets\u00e4katoasetus ja ennallistamisasetus, jotka ovat kaksi eri asiaa. Mets\u00e4katoasetus on todella tarpeellinen ja liittyy EU:n alueelle tuotaviin tuotteisiin, joiden osalta halutaan ehk\u00e4ist\u00e4 etenkin sademetsien katoa. Suomessa se on kilpistynyt varovaisuudeksi navettarakentamisessa, [&hellip;]","og_url":"https:\/\/siljakeranen.fi\/blogi\/ennallistamisasetuksesta-liikkuu-vaaraa-tietoa\/","og_site_name":"Silja Ker\u00e4nen","article_publisher":"https:\/\/www.facebook.com\/siljamkeranen","article_author":"https:\/\/www.facebook.com\/siljamkeranen","article_published_time":"2024-05-07T14:49:50+00:00","article_modified_time":"2024-05-10T14:52:47+00:00","og_image":[{"width":1136,"height":1095,"url":"https:\/\/siljakeranen.fi\/blogi\/wp-content\/uploads\/2023\/11\/3L3A9905-e1700469361734.jpg","type":"image\/jpeg"}],"author":"Silja","twitter_card":"summary_large_image","twitter_creator":"@https:\/\/twitter.com\/SiljaMP","twitter_site":"@SiljaMP","twitter_misc":{"Kirjoittanut":"Silja","Arvioitu lukuaika":"3 minuuttia"},"schema":{"@context":"https:\/\/schema.org","@graph":[{"@type":"Article","@id":"https:\/\/siljakeranen.fi\/blogi\/ennallistamisasetuksesta-liikkuu-vaaraa-tietoa\/#article","isPartOf":{"@id":"https:\/\/siljakeranen.fi\/blogi\/ennallistamisasetuksesta-liikkuu-vaaraa-tietoa\/"},"author":{"name":"Silja","@id":"https:\/\/siljakeranen.fi\/blogi\/#\/schema\/person\/d43605ef0d5681c1b27a4ba1fede1cf4"},"headline":"Ennallistamisasetuksesta liikkuu v\u00e4\u00e4r\u00e4\u00e4 tietoa","datePublished":"2024-05-07T14:49:50+00:00","dateModified":"2024-05-10T14:52:47+00:00","mainEntityOfPage":{"@id":"https:\/\/siljakeranen.fi\/blogi\/ennallistamisasetuksesta-liikkuu-vaaraa-tietoa\/"},"wordCount":370,"commentCount":0,"publisher":{"@id":"https:\/\/siljakeranen.fi\/blogi\/#\/schema\/person\/d43605ef0d5681c1b27a4ba1fede1cf4"},"image":{"@id":"https:\/\/siljakeranen.fi\/blogi\/ennallistamisasetuksesta-liikkuu-vaaraa-tietoa\/#primaryimage"},"thumbnailUrl":"https:\/\/siljakeranen.fi\/blogi\/wp-content\/uploads\/2023\/11\/3L3A9905-e1700469361734.jpg","articleSection":["EU","Ilmastonmuutos","Mets\u00e4","Ymp\u00e4rist\u00f6","Yritt\u00e4jyys &amp; elinkeinot"],"inLanguage":"fi","potentialAction":[{"@type":"CommentAction","name":"Comment","target":["https:\/\/siljakeranen.fi\/blogi\/ennallistamisasetuksesta-liikkuu-vaaraa-tietoa\/#respond"]}]},{"@type":"WebPage","@id":"https:\/\/siljakeranen.fi\/blogi\/ennallistamisasetuksesta-liikkuu-vaaraa-tietoa\/","url":"https:\/\/siljakeranen.fi\/blogi\/ennallistamisasetuksesta-liikkuu-vaaraa-tietoa\/","name":"Ennallistamisasetuksesta liikkuu v\u00e4\u00e4r\u00e4\u00e4 tietoa - Silja Ker\u00e4nen","isPartOf":{"@id":"https:\/\/siljakeranen.fi\/blogi\/#website"},"primaryImageOfPage":{"@id":"https:\/\/siljakeranen.fi\/blogi\/ennallistamisasetuksesta-liikkuu-vaaraa-tietoa\/#primaryimage"},"image":{"@id":"https:\/\/siljakeranen.fi\/blogi\/ennallistamisasetuksesta-liikkuu-vaaraa-tietoa\/#primaryimage"},"thumbnailUrl":"https:\/\/siljakeranen.fi\/blogi\/wp-content\/uploads\/2023\/11\/3L3A9905-e1700469361734.jpg","datePublished":"2024-05-07T14:49:50+00:00","dateModified":"2024-05-10T14:52:47+00:00","breadcrumb":{"@id":"https:\/\/siljakeranen.fi\/blogi\/ennallistamisasetuksesta-liikkuu-vaaraa-tietoa\/#breadcrumb"},"inLanguage":"fi","potentialAction":[{"@type":"ReadAction","target":["https:\/\/siljakeranen.fi\/blogi\/ennallistamisasetuksesta-liikkuu-vaaraa-tietoa\/"]}]},{"@type":"ImageObject","inLanguage":"fi","@id":"https:\/\/siljakeranen.fi\/blogi\/ennallistamisasetuksesta-liikkuu-vaaraa-tietoa\/#primaryimage","url":"https:\/\/siljakeranen.fi\/blogi\/wp-content\/uploads\/2023\/11\/3L3A9905-e1700469361734.jpg","contentUrl":"https:\/\/siljakeranen.fi\/blogi\/wp-content\/uploads\/2023\/11\/3L3A9905-e1700469361734.jpg","width":1136,"height":1095},{"@type":"BreadcrumbList","@id":"https:\/\/siljakeranen.fi\/blogi\/ennallistamisasetuksesta-liikkuu-vaaraa-tietoa\/#breadcrumb","itemListElement":[{"@type":"ListItem","position":1,"name":"Etusivu","item":"https:\/\/siljakeranen.fi\/blogi\/"},{"@type":"ListItem","position":2,"name":"Ennallistamisasetuksesta liikkuu v\u00e4\u00e4r\u00e4\u00e4 tietoa"}]},{"@type":"WebSite","@id":"https:\/\/siljakeranen.fi\/blogi\/#website","url":"https:\/\/siljakeranen.fi\/blogi\/","name":"Silja Ker\u00e4nen","description":"Silja Ker\u00e4nen, kainuulainen vihre\u00e4 poliitikko","publisher":{"@id":"https:\/\/siljakeranen.fi\/blogi\/#\/schema\/person\/d43605ef0d5681c1b27a4ba1fede1cf4"},"potentialAction":[{"@type":"SearchAction","target":{"@type":"EntryPoint","urlTemplate":"https:\/\/siljakeranen.fi\/blogi\/?s={search_term_string}"},"query-input":{"@type":"PropertyValueSpecification","valueRequired":true,"valueName":"search_term_string"}}],"inLanguage":"fi"},{"@type":["Person","Organization"],"@id":"https:\/\/siljakeranen.fi\/blogi\/#\/schema\/person\/d43605ef0d5681c1b27a4ba1fede1cf4","name":"Silja","image":{"@type":"ImageObject","inLanguage":"fi","@id":"https:\/\/siljakeranen.fi\/blogi\/wp-content\/uploads\/2023\/01\/cropped-silja_250x100.png","url":"https:\/\/siljakeranen.fi\/blogi\/wp-content\/uploads\/2023\/01\/cropped-silja_250x100.png","contentUrl":"https:\/\/siljakeranen.fi\/blogi\/wp-content\/uploads\/2023\/01\/cropped-silja_250x100.png","width":250,"height":100,"caption":"Silja"},"logo":{"@id":"https:\/\/siljakeranen.fi\/blogi\/wp-content\/uploads\/2023\/01\/cropped-silja_250x100.png"},"sameAs":["http:\/\/www.siljakeranen.fi","https:\/\/www.facebook.com\/siljamkeranen","https:\/\/www.instagram.com\/siljakeranen\/","https:\/\/www.linkedin.com\/in\/silja-kernen-4331b548\/","https:\/\/x.com\/https:\/\/twitter.com\/SiljaMP","https:\/\/www.youtube.com\/channel\/UC0MWeuoWP4-Mjs1z8pIv3GQ","https:\/\/fi.wikipedia.org\/wiki\/Silja_Kernen"],"url":"https:\/\/siljakeranen.fi\/blogi\/author\/admin\/"}]}},"_links":{"self":[{"href":"https:\/\/siljakeranen.fi\/blogi\/wp-json\/wp\/v2\/posts\/2845","targetHints":{"allow":["GET"]}}],"collection":[{"href":"https:\/\/siljakeranen.fi\/blogi\/wp-json\/wp\/v2\/posts"}],"about":[{"href":"https:\/\/siljakeranen.fi\/blogi\/wp-json\/wp\/v2\/types\/post"}],"author":[{"embeddable":true,"href":"https:\/\/siljakeranen.fi\/blogi\/wp-json\/wp\/v2\/users\/1"}],"replies":[{"embeddable":true,"href":"https:\/\/siljakeranen.fi\/blogi\/wp-json\/wp\/v2\/comments?post=2845"}],"version-history":[{"count":1,"href":"https:\/\/siljakeranen.fi\/blogi\/wp-json\/wp\/v2\/posts\/2845\/revisions"}],"predecessor-version":[{"id":2846,"href":"https:\/\/siljakeranen.fi\/blogi\/wp-json\/wp\/v2\/posts\/2845\/revisions\/2846"}],"wp:featuredmedia":[{"embeddable":true,"href":"https:\/\/siljakeranen.fi\/blogi\/wp-json\/wp\/v2\/media\/2773"}],"wp:attachment":[{"href":"https:\/\/siljakeranen.fi\/blogi\/wp-json\/wp\/v2\/media?parent=2845"}],"wp:term":[{"taxonomy":"category","embeddable":true,"href":"https:\/\/siljakeranen.fi\/blogi\/wp-json\/wp\/v2\/categories?post=2845"},{"taxonomy":"post_tag","embeddable":true,"href":"https:\/\/siljakeranen.fi\/blogi\/wp-json\/wp\/v2\/tags?post=2845"}],"curies":[{"name":"wp","href":"https:\/\/api.w.org\/{rel}","templated":true}]}}