{"id":2978,"date":"2024-12-10T12:19:53","date_gmt":"2024-12-10T10:19:53","guid":{"rendered":"https:\/\/siljakeranen.fi\/blogi\/?p=2978"},"modified":"2025-01-02T12:52:21","modified_gmt":"2025-01-02T10:52:21","slug":"valtuustoaloite-terveytta-saastoja-ja-paastovahennyksia-ruokatarjontaa-kehittamalla","status":"publish","type":"post","link":"https:\/\/siljakeranen.fi\/blogi\/valtuustoaloite-terveytta-saastoja-ja-paastovahennyksia-ruokatarjontaa-kehittamalla\/","title":{"rendered":"Valtuustoaloite: Terveytt\u00e4, s\u00e4\u00e4st\u00f6j\u00e4 ja p\u00e4\u00e4st\u00f6v\u00e4hennyksi\u00e4 ruokatarjontaa kehitt\u00e4m\u00e4ll\u00e4"},"content":{"rendered":"<div class=\"x11i5rnm xat24cr x1mh8g0r x1vvkbs xtlvy1s x126k92a\">\n<div dir=\"auto\">\n<p>Suomen kunnat voisivat s\u00e4\u00e4st\u00e4\u00e4 jopa satojatuhansia euroja vuodessa, mik\u00e4li ne puolittaisivat lihan hankinnat julkisissa ruokailuissa, t\u00e4m\u00e4 k\u00e4y ilmi tuoreesta Kasvisruoka kannattaa \u2013 Kotimaisilla kasviproteiineilla s\u00e4\u00e4st\u00f6j\u00e4 kuntatalouteen -selvityksest\u00e4. Esimerkiksi 30 000 asukkaan kunta voisi s\u00e4\u00e4st\u00e4\u00e4 jopa 240 000 euroa vuodessa puolittamalla lihatuotteiden k\u00e4yt\u00f6n ja korvaamalla ne kasvisper\u00e4isill\u00e4 proteiineilla.<\/p>\n<\/div>\n<\/div>\n<div class=\"x11i5rnm xat24cr x1mh8g0r x1vvkbs xtlvy1s x126k92a\">\n<div dir=\"auto\">\n<p>Selvityksess\u00e4 tutkittu lihatuotteiden puolittaminen ja korvaaminen kasviper\u00e4isill\u00e4 proteiineilla, esimerkiksi h\u00e4rk\u00e4papusuikaleilla tai herneproteiinilla, tukisi my\u00f6s vastik\u00e4\u00e4n julkistettujen kansallisten ravitsemussuositusten mukaisten ruokailujen toteutumista kunnissa ja pienent\u00e4isi ruoan ymp\u00e4rist\u00f6vaikutuksia.Tuoreissa ravitsemussuosituksissa todetaan, ett\u00e4 suomalaisten tulisi sy\u00f6d\u00e4 kasvipainotteisesti ja lis\u00e4t\u00e4 esimerkiksi palkokasvien k\u00e4ytt\u00f6\u00e4 ruokailussaan. Lihan korvaaminen kasviproteiinilla tarjoaa kunnille tilaisuuden tehd\u00e4 s\u00e4\u00e4st\u00f6j\u00e4 samalla kun suositaan kuntalaisten terveyden kannalta kest\u00e4v\u00e4mp\u00e4\u00e4 ruokaa<\/p>\n<\/div>\n<\/div>\n<div class=\"x11i5rnm xat24cr x1mh8g0r x1vvkbs xtlvy1s x126k92a\">\n<div dir=\"auto\">Vihreiden valtuustoryhm\u00e4 esitt\u00e4\u00e4, ett\u00e4 Kajaanin kaupunki puolittaa omissa ateriapalveluissaan lihatuotteiden k\u00e4yt\u00f6n ja korvaa ne kasvisper\u00e4isill\u00e4 proteiineilla. Kasvisproteiinin lis\u00e4\u00e4misess\u00e4 pit\u00e4\u00e4 huomioida se, ett\u00e4 terveydellisist\u00e4 syist\u00e4 ruokailijat voivat saada edelleen tarvitsemansa kaltaista ravintoa. Lis\u00e4ksi Mamsellin henkil\u00f6kuntaa tulee kouluttaa kasvisproteiinin k\u00e4ytt\u00f6\u00f6n asianmukaisesti.<\/div>\n<\/div>\n<div class=\"x11i5rnm xat24cr x1mh8g0r x1vvkbs xtlvy1s x126k92a\">\n<div dir=\"auto\">\n<p>Kuntatalouden kannalta kest\u00e4v\u00e4 ruoka on samalla my\u00f6s ilmaston ja luonnon kannalta parempaa. Kajaani voi p\u00e4\u00e4tt\u00e4\u00e4, hankkiiko se kuntalaisille leikkeleit\u00e4 vai leikkipuistoja.<\/p>\n<p>Valtuustoaloite j\u00e4tettiin 10.12.2024 Kajaanin kaupunginvaltuuston kokouksessa.<\/p>\n<\/div>\n<\/div>\n<div style=\"padding-bottom:20px; padding-top:10px;\" class=\"hupso-share-buttons\"><!-- Hupso Share Buttons - https:\/\/www.hupso.com\/share\/ --><a class=\"hupso_counters\" href=\"https:\/\/www.hupso.com\/share\/\"><img decoding=\"async\" src=\"https:\/\/static.hupso.com\/share\/buttons\/share-small.png\" style=\"border:0px; padding-top:2px; float:left;\" alt=\"Share Button\"\/><\/a><script type=\"text\/javascript\">var hupso_services_c=new Array(\"twitter\",\"facebook_like\",\"facebook_send\",\"google\");var hupso_counters_lang = \"en_US\";var hupso_image_folder_url = \"\";var hupso_url_c=\"\";var hupso_title_c=\"Valtuustoaloite%3A%20Terveytt%C3%A4%2C%20s%C3%A4%C3%A4st%C3%B6j%C3%A4%20ja%20p%C3%A4%C3%A4st%C3%B6v%C3%A4hennyksi%C3%A4%20ruokatarjontaa%20kehitt%C3%A4m%C3%A4ll%C3%A4\";<\/script><script type=\"text\/javascript\" src=\"https:\/\/static.hupso.com\/share\/js\/counters.js\"><\/script><!-- Hupso Share Buttons --><\/div>","protected":false},"excerpt":{"rendered":"<p>Suomen kunnat voisivat s\u00e4\u00e4st\u00e4\u00e4 jopa satojatuhansia euroja vuodessa, mik\u00e4li ne puolittaisivat lihan hankinnat julkisissa ruokailuissa, t\u00e4m\u00e4 k\u00e4y ilmi tuoreesta Kasvisruoka kannattaa \u2013 Kotimaisilla kasviproteiineilla s\u00e4\u00e4st\u00f6j\u00e4 kuntatalouteen -selvityksest\u00e4. Esimerkiksi 30 000 asukkaan kunta voisi s\u00e4\u00e4st\u00e4\u00e4 jopa 240 000 euroa vuodessa puolittamalla lihatuotteiden k\u00e4yt\u00f6n ja korvaamalla ne kasvisper\u00e4isill\u00e4 proteiineilla. Selvityksess\u00e4 tutkittu lihatuotteiden puolittaminen ja korvaaminen kasviper\u00e4isill\u00e4 proteiineilla, [&hellip;]<\/p>\n<div style=\"padding-bottom:20px; padding-top:10px;\" class=\"hupso-share-buttons\"><!-- Hupso Share Buttons - https:\/\/www.hupso.com\/share\/ --><a class=\"hupso_counters\" href=\"https:\/\/www.hupso.com\/share\/\"><img src=\"https:\/\/static.hupso.com\/share\/buttons\/share-small.png\" style=\"border:0px; padding-top:2px; float:left;\" alt=\"Share Button\"\/><\/a><script type=\"text\/javascript\">var hupso_services_c=new Array(\"twitter\",\"facebook_like\",\"facebook_send\",\"google\");var hupso_counters_lang = \"en_US\";var hupso_image_folder_url = \"\";var hupso_url_c=\"\";var hupso_title_c=\"Valtuustoaloite%3A%20Terveytt%C3%A4%2C%20s%C3%A4%C3%A4st%C3%B6j%C3%A4%20ja%20p%C3%A4%C3%A4st%C3%B6v%C3%A4hennyksi%C3%A4%20ruokatarjontaa%20kehitt%C3%A4m%C3%A4ll%C3%A4\";<\/script><script type=\"text\/javascript\" src=\"https:\/\/static.hupso.com\/share\/js\/counters.js\"><\/script><!-- Hupso Share Buttons --><\/div>","protected":false},"author":1,"featured_media":2979,"comment_status":"open","ping_status":"closed","sticky":false,"template":"","format":"standard","meta":{"ngg_post_thumbnail":0,"footnotes":""},"categories":[8,39,21,10,5],"tags":[],"class_list":["post-2978","post","type-post","status-publish","format-standard","has-post-thumbnail","hentry","category-kajaani","category-talous","category-valtuustoaloite","category-vihreat","category-ymparisto"],"yoast_head":"<!-- This site is optimized with the Yoast SEO plugin v27.3 - https:\/\/yoast.com\/product\/yoast-seo-wordpress\/ -->\n<title>Valtuustoaloite: Terveytt\u00e4, s\u00e4\u00e4st\u00f6j\u00e4 ja p\u00e4\u00e4st\u00f6v\u00e4hennyksi\u00e4 ruokatarjontaa kehitt\u00e4m\u00e4ll\u00e4 - Silja Ker\u00e4nen<\/title>\n<meta name=\"robots\" content=\"index, follow, max-snippet:-1, max-image-preview:large, max-video-preview:-1\" \/>\n<link rel=\"canonical\" href=\"https:\/\/siljakeranen.fi\/blogi\/valtuustoaloite-terveytta-saastoja-ja-paastovahennyksia-ruokatarjontaa-kehittamalla\/\" \/>\n<meta property=\"og:locale\" content=\"fi_FI\" \/>\n<meta property=\"og:type\" content=\"article\" \/>\n<meta property=\"og:title\" content=\"Valtuustoaloite: Terveytt\u00e4, s\u00e4\u00e4st\u00f6j\u00e4 ja p\u00e4\u00e4st\u00f6v\u00e4hennyksi\u00e4 ruokatarjontaa kehitt\u00e4m\u00e4ll\u00e4 - Silja Ker\u00e4nen\" \/>\n<meta property=\"og:description\" content=\"Suomen kunnat voisivat s\u00e4\u00e4st\u00e4\u00e4 jopa satojatuhansia euroja vuodessa, mik\u00e4li ne puolittaisivat lihan hankinnat julkisissa ruokailuissa, t\u00e4m\u00e4 k\u00e4y ilmi tuoreesta Kasvisruoka kannattaa \u2013 Kotimaisilla kasviproteiineilla s\u00e4\u00e4st\u00f6j\u00e4 kuntatalouteen -selvityksest\u00e4. Esimerkiksi 30 000 asukkaan kunta voisi s\u00e4\u00e4st\u00e4\u00e4 jopa 240 000 euroa vuodessa puolittamalla lihatuotteiden k\u00e4yt\u00f6n ja korvaamalla ne kasvisper\u00e4isill\u00e4 proteiineilla. Selvityksess\u00e4 tutkittu lihatuotteiden puolittaminen ja korvaaminen kasviper\u00e4isill\u00e4 proteiineilla, [&hellip;]\" \/>\n<meta property=\"og:url\" content=\"https:\/\/siljakeranen.fi\/blogi\/valtuustoaloite-terveytta-saastoja-ja-paastovahennyksia-ruokatarjontaa-kehittamalla\/\" \/>\n<meta property=\"og:site_name\" content=\"Silja Ker\u00e4nen\" \/>\n<meta property=\"article:publisher\" content=\"https:\/\/www.facebook.com\/siljamkeranen\" \/>\n<meta property=\"article:author\" content=\"https:\/\/www.facebook.com\/siljamkeranen\" \/>\n<meta property=\"article:published_time\" content=\"2024-12-10T10:19:53+00:00\" \/>\n<meta property=\"article:modified_time\" content=\"2025-01-02T10:52:21+00:00\" \/>\n<meta property=\"og:image\" content=\"https:\/\/siljakeranen.fi\/blogi\/wp-content\/uploads\/2025\/01\/IMG_1337-rotated.jpg\" \/>\n\t<meta property=\"og:image:width\" content=\"1544\" \/>\n\t<meta property=\"og:image:height\" content=\"1160\" \/>\n\t<meta property=\"og:image:type\" content=\"image\/jpeg\" \/>\n<meta name=\"author\" content=\"Silja\" \/>\n<meta name=\"twitter:card\" content=\"summary_large_image\" \/>\n<meta name=\"twitter:creator\" content=\"@https:\/\/twitter.com\/SiljaMP\" \/>\n<meta name=\"twitter:site\" content=\"@SiljaMP\" \/>\n<meta name=\"twitter:label1\" content=\"Kirjoittanut\" \/>\n\t<meta name=\"twitter:data1\" content=\"Silja\" \/>\n\t<meta name=\"twitter:label2\" content=\"Arvioitu lukuaika\" \/>\n\t<meta name=\"twitter:data2\" content=\"2 minuuttia\" \/>\n<script type=\"application\/ld+json\" class=\"yoast-schema-graph\">{\"@context\":\"https:\\\/\\\/schema.org\",\"@graph\":[{\"@type\":\"Article\",\"@id\":\"https:\\\/\\\/siljakeranen.fi\\\/blogi\\\/valtuustoaloite-terveytta-saastoja-ja-paastovahennyksia-ruokatarjontaa-kehittamalla\\\/#article\",\"isPartOf\":{\"@id\":\"https:\\\/\\\/siljakeranen.fi\\\/blogi\\\/valtuustoaloite-terveytta-saastoja-ja-paastovahennyksia-ruokatarjontaa-kehittamalla\\\/\"},\"author\":{\"name\":\"Silja\",\"@id\":\"https:\\\/\\\/siljakeranen.fi\\\/blogi\\\/#\\\/schema\\\/person\\\/d43605ef0d5681c1b27a4ba1fede1cf4\"},\"headline\":\"Valtuustoaloite: Terveytt\u00e4, s\u00e4\u00e4st\u00f6j\u00e4 ja p\u00e4\u00e4st\u00f6v\u00e4hennyksi\u00e4 ruokatarjontaa kehitt\u00e4m\u00e4ll\u00e4\",\"datePublished\":\"2024-12-10T10:19:53+00:00\",\"dateModified\":\"2025-01-02T10:52:21+00:00\",\"mainEntityOfPage\":{\"@id\":\"https:\\\/\\\/siljakeranen.fi\\\/blogi\\\/valtuustoaloite-terveytta-saastoja-ja-paastovahennyksia-ruokatarjontaa-kehittamalla\\\/\"},\"wordCount\":214,\"commentCount\":0,\"publisher\":{\"@id\":\"https:\\\/\\\/siljakeranen.fi\\\/blogi\\\/#\\\/schema\\\/person\\\/d43605ef0d5681c1b27a4ba1fede1cf4\"},\"image\":{\"@id\":\"https:\\\/\\\/siljakeranen.fi\\\/blogi\\\/valtuustoaloite-terveytta-saastoja-ja-paastovahennyksia-ruokatarjontaa-kehittamalla\\\/#primaryimage\"},\"thumbnailUrl\":\"https:\\\/\\\/siljakeranen.fi\\\/blogi\\\/wp-content\\\/uploads\\\/2025\\\/01\\\/IMG_1337-rotated.jpg\",\"articleSection\":[\"Kajaani\",\"Talous\",\"Valtuustoaloite\",\"Vihre\u00e4t\",\"Ymp\u00e4rist\u00f6\"],\"inLanguage\":\"fi\",\"potentialAction\":[{\"@type\":\"CommentAction\",\"name\":\"Comment\",\"target\":[\"https:\\\/\\\/siljakeranen.fi\\\/blogi\\\/valtuustoaloite-terveytta-saastoja-ja-paastovahennyksia-ruokatarjontaa-kehittamalla\\\/#respond\"]}]},{\"@type\":\"WebPage\",\"@id\":\"https:\\\/\\\/siljakeranen.fi\\\/blogi\\\/valtuustoaloite-terveytta-saastoja-ja-paastovahennyksia-ruokatarjontaa-kehittamalla\\\/\",\"url\":\"https:\\\/\\\/siljakeranen.fi\\\/blogi\\\/valtuustoaloite-terveytta-saastoja-ja-paastovahennyksia-ruokatarjontaa-kehittamalla\\\/\",\"name\":\"Valtuustoaloite: Terveytt\u00e4, s\u00e4\u00e4st\u00f6j\u00e4 ja p\u00e4\u00e4st\u00f6v\u00e4hennyksi\u00e4 ruokatarjontaa kehitt\u00e4m\u00e4ll\u00e4 - Silja Ker\u00e4nen\",\"isPartOf\":{\"@id\":\"https:\\\/\\\/siljakeranen.fi\\\/blogi\\\/#website\"},\"primaryImageOfPage\":{\"@id\":\"https:\\\/\\\/siljakeranen.fi\\\/blogi\\\/valtuustoaloite-terveytta-saastoja-ja-paastovahennyksia-ruokatarjontaa-kehittamalla\\\/#primaryimage\"},\"image\":{\"@id\":\"https:\\\/\\\/siljakeranen.fi\\\/blogi\\\/valtuustoaloite-terveytta-saastoja-ja-paastovahennyksia-ruokatarjontaa-kehittamalla\\\/#primaryimage\"},\"thumbnailUrl\":\"https:\\\/\\\/siljakeranen.fi\\\/blogi\\\/wp-content\\\/uploads\\\/2025\\\/01\\\/IMG_1337-rotated.jpg\",\"datePublished\":\"2024-12-10T10:19:53+00:00\",\"dateModified\":\"2025-01-02T10:52:21+00:00\",\"breadcrumb\":{\"@id\":\"https:\\\/\\\/siljakeranen.fi\\\/blogi\\\/valtuustoaloite-terveytta-saastoja-ja-paastovahennyksia-ruokatarjontaa-kehittamalla\\\/#breadcrumb\"},\"inLanguage\":\"fi\",\"potentialAction\":[{\"@type\":\"ReadAction\",\"target\":[\"https:\\\/\\\/siljakeranen.fi\\\/blogi\\\/valtuustoaloite-terveytta-saastoja-ja-paastovahennyksia-ruokatarjontaa-kehittamalla\\\/\"]}]},{\"@type\":\"ImageObject\",\"inLanguage\":\"fi\",\"@id\":\"https:\\\/\\\/siljakeranen.fi\\\/blogi\\\/valtuustoaloite-terveytta-saastoja-ja-paastovahennyksia-ruokatarjontaa-kehittamalla\\\/#primaryimage\",\"url\":\"https:\\\/\\\/siljakeranen.fi\\\/blogi\\\/wp-content\\\/uploads\\\/2025\\\/01\\\/IMG_1337-rotated.jpg\",\"contentUrl\":\"https:\\\/\\\/siljakeranen.fi\\\/blogi\\\/wp-content\\\/uploads\\\/2025\\\/01\\\/IMG_1337-rotated.jpg\",\"width\":1544,\"height\":1160},{\"@type\":\"BreadcrumbList\",\"@id\":\"https:\\\/\\\/siljakeranen.fi\\\/blogi\\\/valtuustoaloite-terveytta-saastoja-ja-paastovahennyksia-ruokatarjontaa-kehittamalla\\\/#breadcrumb\",\"itemListElement\":[{\"@type\":\"ListItem\",\"position\":1,\"name\":\"Etusivu\",\"item\":\"https:\\\/\\\/siljakeranen.fi\\\/blogi\\\/\"},{\"@type\":\"ListItem\",\"position\":2,\"name\":\"Valtuustoaloite: Terveytt\u00e4, s\u00e4\u00e4st\u00f6j\u00e4 ja p\u00e4\u00e4st\u00f6v\u00e4hennyksi\u00e4 ruokatarjontaa kehitt\u00e4m\u00e4ll\u00e4\"}]},{\"@type\":\"WebSite\",\"@id\":\"https:\\\/\\\/siljakeranen.fi\\\/blogi\\\/#website\",\"url\":\"https:\\\/\\\/siljakeranen.fi\\\/blogi\\\/\",\"name\":\"Silja Ker\u00e4nen\",\"description\":\"Silja Ker\u00e4nen, kainuulainen vihre\u00e4 poliitikko\",\"publisher\":{\"@id\":\"https:\\\/\\\/siljakeranen.fi\\\/blogi\\\/#\\\/schema\\\/person\\\/d43605ef0d5681c1b27a4ba1fede1cf4\"},\"potentialAction\":[{\"@type\":\"SearchAction\",\"target\":{\"@type\":\"EntryPoint\",\"urlTemplate\":\"https:\\\/\\\/siljakeranen.fi\\\/blogi\\\/?s={search_term_string}\"},\"query-input\":{\"@type\":\"PropertyValueSpecification\",\"valueRequired\":true,\"valueName\":\"search_term_string\"}}],\"inLanguage\":\"fi\"},{\"@type\":[\"Person\",\"Organization\"],\"@id\":\"https:\\\/\\\/siljakeranen.fi\\\/blogi\\\/#\\\/schema\\\/person\\\/d43605ef0d5681c1b27a4ba1fede1cf4\",\"name\":\"Silja\",\"image\":{\"@type\":\"ImageObject\",\"inLanguage\":\"fi\",\"@id\":\"https:\\\/\\\/siljakeranen.fi\\\/blogi\\\/wp-content\\\/uploads\\\/2023\\\/01\\\/cropped-silja_250x100.png\",\"url\":\"https:\\\/\\\/siljakeranen.fi\\\/blogi\\\/wp-content\\\/uploads\\\/2023\\\/01\\\/cropped-silja_250x100.png\",\"contentUrl\":\"https:\\\/\\\/siljakeranen.fi\\\/blogi\\\/wp-content\\\/uploads\\\/2023\\\/01\\\/cropped-silja_250x100.png\",\"width\":250,\"height\":100,\"caption\":\"Silja\"},\"logo\":{\"@id\":\"https:\\\/\\\/siljakeranen.fi\\\/blogi\\\/wp-content\\\/uploads\\\/2023\\\/01\\\/cropped-silja_250x100.png\"},\"sameAs\":[\"http:\\\/\\\/www.siljakeranen.fi\",\"https:\\\/\\\/www.facebook.com\\\/siljamkeranen\",\"https:\\\/\\\/www.instagram.com\\\/siljakeranen\\\/\",\"https:\\\/\\\/www.linkedin.com\\\/in\\\/silja-kernen-4331b548\\\/\",\"https:\\\/\\\/x.com\\\/https:\\\/\\\/twitter.com\\\/SiljaMP\",\"https:\\\/\\\/www.youtube.com\\\/channel\\\/UC0MWeuoWP4-Mjs1z8pIv3GQ\",\"https:\\\/\\\/fi.wikipedia.org\\\/wiki\\\/Silja_Kernen\"],\"url\":\"https:\\\/\\\/siljakeranen.fi\\\/blogi\\\/author\\\/admin\\\/\"}]}<\/script>\n<!-- \/ Yoast SEO plugin. -->","yoast_head_json":{"title":"Valtuustoaloite: Terveytt\u00e4, s\u00e4\u00e4st\u00f6j\u00e4 ja p\u00e4\u00e4st\u00f6v\u00e4hennyksi\u00e4 ruokatarjontaa kehitt\u00e4m\u00e4ll\u00e4 - Silja Ker\u00e4nen","robots":{"index":"index","follow":"follow","max-snippet":"max-snippet:-1","max-image-preview":"max-image-preview:large","max-video-preview":"max-video-preview:-1"},"canonical":"https:\/\/siljakeranen.fi\/blogi\/valtuustoaloite-terveytta-saastoja-ja-paastovahennyksia-ruokatarjontaa-kehittamalla\/","og_locale":"fi_FI","og_type":"article","og_title":"Valtuustoaloite: Terveytt\u00e4, s\u00e4\u00e4st\u00f6j\u00e4 ja p\u00e4\u00e4st\u00f6v\u00e4hennyksi\u00e4 ruokatarjontaa kehitt\u00e4m\u00e4ll\u00e4 - Silja Ker\u00e4nen","og_description":"Suomen kunnat voisivat s\u00e4\u00e4st\u00e4\u00e4 jopa satojatuhansia euroja vuodessa, mik\u00e4li ne puolittaisivat lihan hankinnat julkisissa ruokailuissa, t\u00e4m\u00e4 k\u00e4y ilmi tuoreesta Kasvisruoka kannattaa \u2013 Kotimaisilla kasviproteiineilla s\u00e4\u00e4st\u00f6j\u00e4 kuntatalouteen -selvityksest\u00e4. Esimerkiksi 30 000 asukkaan kunta voisi s\u00e4\u00e4st\u00e4\u00e4 jopa 240 000 euroa vuodessa puolittamalla lihatuotteiden k\u00e4yt\u00f6n ja korvaamalla ne kasvisper\u00e4isill\u00e4 proteiineilla. Selvityksess\u00e4 tutkittu lihatuotteiden puolittaminen ja korvaaminen kasviper\u00e4isill\u00e4 proteiineilla, [&hellip;]","og_url":"https:\/\/siljakeranen.fi\/blogi\/valtuustoaloite-terveytta-saastoja-ja-paastovahennyksia-ruokatarjontaa-kehittamalla\/","og_site_name":"Silja Ker\u00e4nen","article_publisher":"https:\/\/www.facebook.com\/siljamkeranen","article_author":"https:\/\/www.facebook.com\/siljamkeranen","article_published_time":"2024-12-10T10:19:53+00:00","article_modified_time":"2025-01-02T10:52:21+00:00","og_image":[{"width":1544,"height":1160,"url":"https:\/\/siljakeranen.fi\/blogi\/wp-content\/uploads\/2025\/01\/IMG_1337-rotated.jpg","type":"image\/jpeg"}],"author":"Silja","twitter_card":"summary_large_image","twitter_creator":"@https:\/\/twitter.com\/SiljaMP","twitter_site":"@SiljaMP","twitter_misc":{"Kirjoittanut":"Silja","Arvioitu lukuaika":"2 minuuttia"},"schema":{"@context":"https:\/\/schema.org","@graph":[{"@type":"Article","@id":"https:\/\/siljakeranen.fi\/blogi\/valtuustoaloite-terveytta-saastoja-ja-paastovahennyksia-ruokatarjontaa-kehittamalla\/#article","isPartOf":{"@id":"https:\/\/siljakeranen.fi\/blogi\/valtuustoaloite-terveytta-saastoja-ja-paastovahennyksia-ruokatarjontaa-kehittamalla\/"},"author":{"name":"Silja","@id":"https:\/\/siljakeranen.fi\/blogi\/#\/schema\/person\/d43605ef0d5681c1b27a4ba1fede1cf4"},"headline":"Valtuustoaloite: Terveytt\u00e4, s\u00e4\u00e4st\u00f6j\u00e4 ja p\u00e4\u00e4st\u00f6v\u00e4hennyksi\u00e4 ruokatarjontaa kehitt\u00e4m\u00e4ll\u00e4","datePublished":"2024-12-10T10:19:53+00:00","dateModified":"2025-01-02T10:52:21+00:00","mainEntityOfPage":{"@id":"https:\/\/siljakeranen.fi\/blogi\/valtuustoaloite-terveytta-saastoja-ja-paastovahennyksia-ruokatarjontaa-kehittamalla\/"},"wordCount":214,"commentCount":0,"publisher":{"@id":"https:\/\/siljakeranen.fi\/blogi\/#\/schema\/person\/d43605ef0d5681c1b27a4ba1fede1cf4"},"image":{"@id":"https:\/\/siljakeranen.fi\/blogi\/valtuustoaloite-terveytta-saastoja-ja-paastovahennyksia-ruokatarjontaa-kehittamalla\/#primaryimage"},"thumbnailUrl":"https:\/\/siljakeranen.fi\/blogi\/wp-content\/uploads\/2025\/01\/IMG_1337-rotated.jpg","articleSection":["Kajaani","Talous","Valtuustoaloite","Vihre\u00e4t","Ymp\u00e4rist\u00f6"],"inLanguage":"fi","potentialAction":[{"@type":"CommentAction","name":"Comment","target":["https:\/\/siljakeranen.fi\/blogi\/valtuustoaloite-terveytta-saastoja-ja-paastovahennyksia-ruokatarjontaa-kehittamalla\/#respond"]}]},{"@type":"WebPage","@id":"https:\/\/siljakeranen.fi\/blogi\/valtuustoaloite-terveytta-saastoja-ja-paastovahennyksia-ruokatarjontaa-kehittamalla\/","url":"https:\/\/siljakeranen.fi\/blogi\/valtuustoaloite-terveytta-saastoja-ja-paastovahennyksia-ruokatarjontaa-kehittamalla\/","name":"Valtuustoaloite: Terveytt\u00e4, s\u00e4\u00e4st\u00f6j\u00e4 ja p\u00e4\u00e4st\u00f6v\u00e4hennyksi\u00e4 ruokatarjontaa kehitt\u00e4m\u00e4ll\u00e4 - Silja Ker\u00e4nen","isPartOf":{"@id":"https:\/\/siljakeranen.fi\/blogi\/#website"},"primaryImageOfPage":{"@id":"https:\/\/siljakeranen.fi\/blogi\/valtuustoaloite-terveytta-saastoja-ja-paastovahennyksia-ruokatarjontaa-kehittamalla\/#primaryimage"},"image":{"@id":"https:\/\/siljakeranen.fi\/blogi\/valtuustoaloite-terveytta-saastoja-ja-paastovahennyksia-ruokatarjontaa-kehittamalla\/#primaryimage"},"thumbnailUrl":"https:\/\/siljakeranen.fi\/blogi\/wp-content\/uploads\/2025\/01\/IMG_1337-rotated.jpg","datePublished":"2024-12-10T10:19:53+00:00","dateModified":"2025-01-02T10:52:21+00:00","breadcrumb":{"@id":"https:\/\/siljakeranen.fi\/blogi\/valtuustoaloite-terveytta-saastoja-ja-paastovahennyksia-ruokatarjontaa-kehittamalla\/#breadcrumb"},"inLanguage":"fi","potentialAction":[{"@type":"ReadAction","target":["https:\/\/siljakeranen.fi\/blogi\/valtuustoaloite-terveytta-saastoja-ja-paastovahennyksia-ruokatarjontaa-kehittamalla\/"]}]},{"@type":"ImageObject","inLanguage":"fi","@id":"https:\/\/siljakeranen.fi\/blogi\/valtuustoaloite-terveytta-saastoja-ja-paastovahennyksia-ruokatarjontaa-kehittamalla\/#primaryimage","url":"https:\/\/siljakeranen.fi\/blogi\/wp-content\/uploads\/2025\/01\/IMG_1337-rotated.jpg","contentUrl":"https:\/\/siljakeranen.fi\/blogi\/wp-content\/uploads\/2025\/01\/IMG_1337-rotated.jpg","width":1544,"height":1160},{"@type":"BreadcrumbList","@id":"https:\/\/siljakeranen.fi\/blogi\/valtuustoaloite-terveytta-saastoja-ja-paastovahennyksia-ruokatarjontaa-kehittamalla\/#breadcrumb","itemListElement":[{"@type":"ListItem","position":1,"name":"Etusivu","item":"https:\/\/siljakeranen.fi\/blogi\/"},{"@type":"ListItem","position":2,"name":"Valtuustoaloite: Terveytt\u00e4, s\u00e4\u00e4st\u00f6j\u00e4 ja p\u00e4\u00e4st\u00f6v\u00e4hennyksi\u00e4 ruokatarjontaa kehitt\u00e4m\u00e4ll\u00e4"}]},{"@type":"WebSite","@id":"https:\/\/siljakeranen.fi\/blogi\/#website","url":"https:\/\/siljakeranen.fi\/blogi\/","name":"Silja Ker\u00e4nen","description":"Silja Ker\u00e4nen, kainuulainen vihre\u00e4 poliitikko","publisher":{"@id":"https:\/\/siljakeranen.fi\/blogi\/#\/schema\/person\/d43605ef0d5681c1b27a4ba1fede1cf4"},"potentialAction":[{"@type":"SearchAction","target":{"@type":"EntryPoint","urlTemplate":"https:\/\/siljakeranen.fi\/blogi\/?s={search_term_string}"},"query-input":{"@type":"PropertyValueSpecification","valueRequired":true,"valueName":"search_term_string"}}],"inLanguage":"fi"},{"@type":["Person","Organization"],"@id":"https:\/\/siljakeranen.fi\/blogi\/#\/schema\/person\/d43605ef0d5681c1b27a4ba1fede1cf4","name":"Silja","image":{"@type":"ImageObject","inLanguage":"fi","@id":"https:\/\/siljakeranen.fi\/blogi\/wp-content\/uploads\/2023\/01\/cropped-silja_250x100.png","url":"https:\/\/siljakeranen.fi\/blogi\/wp-content\/uploads\/2023\/01\/cropped-silja_250x100.png","contentUrl":"https:\/\/siljakeranen.fi\/blogi\/wp-content\/uploads\/2023\/01\/cropped-silja_250x100.png","width":250,"height":100,"caption":"Silja"},"logo":{"@id":"https:\/\/siljakeranen.fi\/blogi\/wp-content\/uploads\/2023\/01\/cropped-silja_250x100.png"},"sameAs":["http:\/\/www.siljakeranen.fi","https:\/\/www.facebook.com\/siljamkeranen","https:\/\/www.instagram.com\/siljakeranen\/","https:\/\/www.linkedin.com\/in\/silja-kernen-4331b548\/","https:\/\/x.com\/https:\/\/twitter.com\/SiljaMP","https:\/\/www.youtube.com\/channel\/UC0MWeuoWP4-Mjs1z8pIv3GQ","https:\/\/fi.wikipedia.org\/wiki\/Silja_Kernen"],"url":"https:\/\/siljakeranen.fi\/blogi\/author\/admin\/"}]}},"_links":{"self":[{"href":"https:\/\/siljakeranen.fi\/blogi\/wp-json\/wp\/v2\/posts\/2978","targetHints":{"allow":["GET"]}}],"collection":[{"href":"https:\/\/siljakeranen.fi\/blogi\/wp-json\/wp\/v2\/posts"}],"about":[{"href":"https:\/\/siljakeranen.fi\/blogi\/wp-json\/wp\/v2\/types\/post"}],"author":[{"embeddable":true,"href":"https:\/\/siljakeranen.fi\/blogi\/wp-json\/wp\/v2\/users\/1"}],"replies":[{"embeddable":true,"href":"https:\/\/siljakeranen.fi\/blogi\/wp-json\/wp\/v2\/comments?post=2978"}],"version-history":[{"count":5,"href":"https:\/\/siljakeranen.fi\/blogi\/wp-json\/wp\/v2\/posts\/2978\/revisions"}],"predecessor-version":[{"id":2984,"href":"https:\/\/siljakeranen.fi\/blogi\/wp-json\/wp\/v2\/posts\/2978\/revisions\/2984"}],"wp:featuredmedia":[{"embeddable":true,"href":"https:\/\/siljakeranen.fi\/blogi\/wp-json\/wp\/v2\/media\/2979"}],"wp:attachment":[{"href":"https:\/\/siljakeranen.fi\/blogi\/wp-json\/wp\/v2\/media?parent=2978"}],"wp:term":[{"taxonomy":"category","embeddable":true,"href":"https:\/\/siljakeranen.fi\/blogi\/wp-json\/wp\/v2\/categories?post=2978"},{"taxonomy":"post_tag","embeddable":true,"href":"https:\/\/siljakeranen.fi\/blogi\/wp-json\/wp\/v2\/tags?post=2978"}],"curies":[{"name":"wp","href":"https:\/\/api.w.org\/{rel}","templated":true}]}}