{"id":3122,"date":"2025-09-26T20:44:54","date_gmt":"2025-09-26T17:44:54","guid":{"rendered":"https:\/\/siljakeranen.fi\/blogi\/?p=3122"},"modified":"2025-09-26T20:44:54","modified_gmt":"2025-09-26T17:44:54","slug":"metsahallituksen-hakkuut-ovat-kestamattomia","status":"publish","type":"post","link":"https:\/\/siljakeranen.fi\/blogi\/metsahallituksen-hakkuut-ovat-kestamattomia\/","title":{"rendered":"Mets\u00e4hallituksen hakkuut ovat kest\u00e4m\u00e4tt\u00f6mi\u00e4"},"content":{"rendered":"<p><span style=\"font-weight: 400;\">Mets\u00e4hallitus hakkaa todella paljon ja intensiivisesti. Hakkuut ovat laajuudessaan ylitt\u00e4neet kest\u00e4vyyden tason monilla mittareilla. Kun hakataan nuorta mets\u00e4\u00e4, menetet\u00e4\u00e4n arvokasta hiilinielua ja mahdollisuus korkeamman jalostusasteen puutavaraan. Lis\u00e4ksi sen taloudellista j\u00e4rkevyytt\u00e4 kannattaa hetki pys\u00e4hty\u00e4 miettim\u00e4\u00e4n. Mets\u00e4hallitus hakkaa my\u00f6s vanhoja metsi\u00e4, joiden hakkuissa hupenevat sek\u00e4 hiilivarastot ett\u00e4 luonnon monimuotoisuus.&nbsp;<\/span><\/p>\n<p><span style=\"font-weight: 400;\">Mets\u00e4hallituksen hallinnoimissa metsiss\u00e4 on kyse yhteisest\u00e4 omaisuudestamme, jonka k\u00e4yt\u00f6st\u00e4 voidaan p\u00e4\u00e4tt\u00e4\u00e4 poliittisin p\u00e4\u00e4t\u00f6ksin. Nyt Orpon hallitus lis\u00e4\u00e4 entisest\u00e4\u00e4n Mets\u00e4hallituksen tuloutustavoitteita. Se tarkoittaa painetta entist\u00e4 laajempiin hakkuisiin, vaikka suunnan pit\u00e4isi olla juuri toinen.<\/span><\/p>\n<p><span style=\"font-weight: 400;\">Mets\u00e4hallituksen pit\u00e4isi olla edell\u00e4k\u00e4vij\u00e4 metsien kest\u00e4v\u00e4ss\u00e4 k\u00e4yt\u00f6ss\u00e4.&nbsp;<\/span><\/p>\n<p><span style=\"font-weight: 400;\">Valtion vanhojen metsien suojelussa n\u00e4htiin kuluneena kes\u00e4n\u00e4 surullinen episodi, kun ymp\u00e4rist\u00f6j\u00e4rjest\u00f6jen selvitysty\u00f6n my\u00f6t\u00e4 paljastui, ett\u00e4 Mets\u00e4hallitus hakkaa edelleen mets\u00e4\u00e4 my\u00f6s kohteissa, jotka on osoitettu luontoarvoiltaan merkitt\u00e4viksi. T\u00e4st\u00e4 esimerkkin\u00e4 julkisuuteen nousi Kaupinvaara Suomussalmella, jossa hakattiin mets\u00e4\u00e4 kes\u00e4ll\u00e4 lintujen pesim\u00e4aikaan huolimatta siit\u00e4, ett\u00e4 alueelta on l\u00f6ydetty lukuisia uhanalaisia ja silm\u00e4ll\u00e4 pidett\u00e4vi\u00e4 lajeja.<\/span><\/p>\n<p><span style=\"font-weight: 400;\">Suomi on EU:n biodiversiteettistrategiassa sitoutunut suojelemaan vanhat ja luonnontilaiset mets\u00e4t. Siksi Mets\u00e4hallitus inventoi parhaillaan valtion vanhoja, luonnontilaisia ja luonnontilaisen kaltaisia metsi\u00e4. Inventointity\u00f6 kest\u00e4\u00e4 vuoteen 2026 saakka, ja sen perusteella tehd\u00e4\u00e4n p\u00e4\u00e4t\u00f6kset siit\u00e4, mit\u00e4 kohteita on tarpeen suojella.&nbsp;<\/span><\/p>\n<p><span style=\"font-weight: 400;\">Nyt n\u00e4ytt\u00e4\u00e4 silt\u00e4, ett\u00e4 Mets\u00e4hallitus vaarantaa tietoisesti luontoarvoiltaan merkitt\u00e4vien metsien s\u00e4ilymisen jo ennen inventointien valmistumista. Ei voi olla niin, ett\u00e4 arvokkaita kohteita hakataan v\u00e4hin \u00e4\u00e4nin ja myyd\u00e4\u00e4n selluksi ennen kuin ne ehtiv\u00e4t suojelun piiriin.<\/span><\/p>\n<p><span style=\"font-weight: 400;\">Mets\u00e4hallituksen kaksoisrooli on ongelmallinen: se vastaa toisaalta suojeltavien kohteiden inventoinneista valtion omistamissa metsiss\u00e4, mutta samaan aikaan toteuttaa niiss\u00e4 hakkuita. Helsingin Sanomat uutisoi viime vuonna (25.12.2024), ett\u00e4 Mets\u00e4hallituksen johdolla on taloudellinen kannuste pit\u00e4\u00e4 valtion metsi\u00e4 mahdollisimman laajasti talousk\u00e4yt\u00f6ss\u00e4, sill\u00e4 johdon tulospalkkiot perustuvat pitk\u00e4lti Mets\u00e4hallituksen taloudelliseen tulokseen eli paljolti juuri puunmyyntituloihin. Onkin perusteltua kysy\u00e4, miten t\u00e4m\u00e4 selke\u00e4 eturistiriita vaikuttaa Mets\u00e4hallituksen toimintaan.<\/span><\/p>\n<p><span style=\"font-weight: 400;\">L\u00e4ht\u00f6kohdan tulisi olla, ett\u00e4 vanhojen metsien suojelun kriteerit pohjaavat parhaaseen tutkittuun tietoon, ja ett\u00e4 kaikki viel\u00e4 j\u00e4ljell\u00e4 olevat luonnoltaan arvokkaat vanhat mets\u00e4t suojellaan. Valtion maiden osalta t\u00e4m\u00e4 on Mets\u00e4hallituksen k\u00e4siss\u00e4. V\u00e4hint\u00e4\u00e4n Mets\u00e4hallitukselta tulee edellytt\u00e4\u00e4, ett\u00e4 valtion vanhat ja luonnoltaan arvokkaat mets\u00e4t s\u00e4ilyv\u00e4t hakkuilta edes siihen asti, ett\u00e4 valtion metsien inventointi on valmis ja sen perusteella teht\u00e4v\u00e4t suojelup\u00e4\u00e4t\u00f6kset tehty.<\/span><\/p>\n<p><span style=\"font-weight: 400;\">Mets\u00e4hallituksen on pystytt\u00e4v\u00e4 t\u00e4rke\u00e4n kansallisomaisuutemme vaalimisessa parempaan. Mets\u00e4hallituksen tulisi olla kest\u00e4v\u00e4n mets\u00e4talouden edell\u00e4k\u00e4vij\u00e4.<\/span><\/p>\n<p><span style=\"font-weight: 400;\">Tiina Elo<br \/>\n<\/span><span style=\"font-weight: 400;\">Kansanedustaja, maa- ja mets\u00e4talousvaliokunnan j\u00e4sen<br \/>\n<\/span><span style=\"font-family: 'Open Sans';\">Espoo<\/span><\/p>\n<p><span style=\"font-weight: 400;\">Silja Ker\u00e4nen<br \/>\n<\/span><span style=\"font-weight: 400;\">DI, Maaseutu- ja er\u00e4vihreiden varapuheenjohtaja<br \/>\n<\/span><span style=\"font-weight: 400;\">Kajaani<\/p>\n<p>&#8212;-<\/p>\n<p>T\u00e4m\u00e4 kirjoitus julkaistiin mm. Kalevassa, Koillissanomissa, Kainuun Sanomissa, Yl\u00e4-Kainuussa, Sotkamo-lehdess\u00e4 ja Kuhmolaisessa. Kalle Eerik\u00e4inen kirjoitti vastineen, johon me Tiinan kanssa vastasimme seuraavasti:<\/p>\n<p><\/span><\/p>\n<h2><span style=\"font-weight: 400;\">Korulauseiden takainen todellisuus valtion metsiss\u00e4 on karu<\/span><\/h2>\n<p><span style=\"font-weight: 400;\">Mets\u00e4hallituksen mets\u00e4talouspuolen aluejohtaja Kalle Eerik\u00e4inen kirjoitti vastineessaan (Kaleva 10.09.2025), ett\u00e4 Mets\u00e4hallitus toimii vastuullisesti ja huomioi luonnon monimuotoisuuden kaikissa toimissaan ja ett\u00e4 luontoarvoiltaan merkitt\u00e4v\u00e4t kohteet j\u00e4tet\u00e4\u00e4n aina hakkuiden ulkopuolelle.<\/span><\/p>\n<p><span style=\"font-weight: 400;\">Toistuvasti pelk\u00e4st\u00e4\u00e4n Kainuun maakunnan alueella tulee kuitenkin ilmi hakkuita, jotka Mets\u00e4hallitus on tehnyt luontoarvoiltaan merkitt\u00e4viin kohteisiin. Esimerkkein\u00e4 mainittakoon Kuhmon Lammasj\u00e4rvi, Suomussalmen Luolavaara, Suomussalmen Syv\u00e4j\u00e4rvenkangas, Paljakka Puolangalla, Karttimojoki Suomussalmella, M\u00f6rk\u00f6l\u00e4 Hyrynsalmella, Yli-Vuokki Suomussalmella, Ouluj\u00e4rven saaret, Lev\u00e4senkangas Kajaanissa sek\u00e4 raakkujoki Kainuussa (joen tarkkaa sijaintia ei raakkujen vuoksi voi kertoa).<\/span><\/p>\n<p><span style=\"font-weight: 400;\">Ja viimeisimp\u00e4n\u00e4 esimerkkin\u00e4 julkisuuteen nousivat t\u00e4m\u00e4n kev\u00e4\u00e4n Iso Kaupinvaaran hakkuut, joista oli siis juuri neuvoteltu luonnonsuojeluj\u00e4rjest\u00f6jen kanssa. J\u00e4rjest\u00f6jen mielest\u00e4 hakkuita ei olisi pit\u00e4nyt toteuttaa, ja yleens\u00e4 t\u00e4llaiset erimieliset kohteet on j\u00e4tetty rauhaan ja neuvotteluja on jatkettu. Nyt n\u00e4in ei tehty, vaan hakkuut arvokkaassa kohteessa aloitettiin v\u00e4litt\u00f6m\u00e4sti neuvottelujen p\u00e4\u00e4tytty\u00e4.<\/span><\/p>\n<p><span style=\"font-weight: 400;\">Mets\u00e4hallituksen hakkuut ovat varsin intensiivisi\u00e4 talousmetsiss\u00e4kin. Voimassa olevan luonnonvarasuunnitelman mukaan hakkuita tehd\u00e4\u00e4n Pohjanmaa-Kainuu-alueella aiempaa suunnitelmakautta enemm\u00e4n. Vaikka Mets\u00e4hallitus toteuttaa Eerik\u00e4isen mukaan hakkuunsa mets\u00e4lakia, mets\u00e4sertifiointia ja Mets\u00e4hallituksen omia mets\u00e4nhoito- ja ymp\u00e4rist\u00f6ohjeita noudattaen, t\u00e4m\u00e4 ei kaikissa tilanteissa riit\u00e4 turvaamaan luonnon monimuotoisuutta. Nykyinen mets\u00e4lains\u00e4\u00e4d\u00e4nt\u00f6 on nimitt\u00e4in monilta osin puutteellista: laki ei esimerkiksi velvoita j\u00e4tt\u00e4m\u00e4\u00e4n hakkuiden ja vesist\u00f6jen v\u00e4liin riitt\u00e4v\u00e4n leveit\u00e4 suojavy\u00f6hykkeit\u00e4.<\/span><\/p>\n<p><span style=\"font-weight: 400;\">Eerik\u00e4inen viittaa kirjoituksessaan my\u00f6s suojeltavien vanhojen ja luonnontilaisten metsien kriteereihin. P\u00e4\u00e4ministeri Orpon hallitus on linjannut vanhojen ja luonnontilaisten metsien kriteerist\u00f6st\u00e4, ja kriteerit on laadittu tarkoituksellisesti niin tiukoiksi, etteiv\u00e4t ne rajoittaisi hakkuita. Tutkijat ovat n\u00e4m\u00e4 kriteerit tyrm\u00e4nneet. Siksi valtion metsiss\u00e4 vastuullista olisikin perustaa suojelu- ja hakkuup\u00e4\u00e4t\u00f6kset tutkittuun tietoon. Kun hallitus nyt budjettiriihess\u00e4 viel\u00e4 linjasi Mets\u00e4hallituksen tuloutustavoitteen nostosta, paine jo nykyisell\u00e4\u00e4nkin kest\u00e4m\u00e4tt\u00f6m\u00e4n hakkuutason nostamiselle on kova.<\/span><\/p>\n<p><span style=\"font-weight: 400;\">Viel\u00e4 on matkaa siihen, ett\u00e4 valtion metsien hoidossa oltaisiin kest\u00e4vyys- ja vastuullisuusasioissa edell\u00e4k\u00e4vij\u00f6it\u00e4. Sille tielle kannattaisi kuitenkin suunnata.&nbsp;<\/span><\/p>\n<p><span style=\"font-weight: 400;\">Tiina Elo<br \/>\n<\/span><span style=\"font-weight: 400;\">Kansanedustaja, maa- ja mets\u00e4talousvaliokunnan j\u00e4sen<br \/>\n<\/span><span style=\"font-weight: 400;\">Espoo<\/span><\/p>\n<p><span style=\"font-weight: 400;\">Silja Ker\u00e4nen<br \/>\n<\/span><span style=\"font-weight: 400;\">DI, Maaseutu- ja er\u00e4vihreiden varapuheenjohtaja<br \/>\n<\/span><span style=\"font-weight: 400;\">Kajaani<\/span><\/p>\n<div style=\"padding-bottom:20px; padding-top:10px;\" class=\"hupso-share-buttons\"><!-- Hupso Share Buttons - https:\/\/www.hupso.com\/share\/ --><a class=\"hupso_counters\" href=\"https:\/\/www.hupso.com\/share\/\"><img decoding=\"async\" src=\"https:\/\/static.hupso.com\/share\/buttons\/share-small.png\" style=\"border:0px; padding-top:2px; float:left;\" alt=\"Share Button\"\/><\/a><script type=\"text\/javascript\">var hupso_services_c=new Array(\"twitter\",\"facebook_like\",\"facebook_send\",\"google\");var hupso_counters_lang = \"en_US\";var hupso_image_folder_url = \"\";var hupso_url_c=\"\";var hupso_title_c=\"Mets%C3%A4hallituksen%20hakkuut%20ovat%20kest%C3%A4m%C3%A4tt%C3%B6mi%C3%A4\";<\/script><script type=\"text\/javascript\" src=\"https:\/\/static.hupso.com\/share\/js\/counters.js\"><\/script><!-- Hupso Share Buttons --><\/div>","protected":false},"excerpt":{"rendered":"<p>Mets\u00e4hallitus hakkaa todella paljon ja intensiivisesti. Hakkuut ovat laajuudessaan ylitt\u00e4neet kest\u00e4vyyden tason monilla mittareilla. Kun hakataan nuorta mets\u00e4\u00e4, menetet\u00e4\u00e4n arvokasta hiilinielua ja mahdollisuus korkeamman jalostusasteen puutavaraan. Lis\u00e4ksi sen taloudellista j\u00e4rkevyytt\u00e4 kannattaa hetki pys\u00e4hty\u00e4 miettim\u00e4\u00e4n. Mets\u00e4hallitus hakkaa my\u00f6s vanhoja metsi\u00e4, joiden hakkuissa hupenevat sek\u00e4 hiilivarastot ett\u00e4 luonnon monimuotoisuus.&nbsp; Mets\u00e4hallituksen hallinnoimissa metsiss\u00e4 on kyse yhteisest\u00e4 omaisuudestamme, jonka [&hellip;]<\/p>\n<div style=\"padding-bottom:20px; padding-top:10px;\" class=\"hupso-share-buttons\"><!-- Hupso Share Buttons - https:\/\/www.hupso.com\/share\/ --><a class=\"hupso_counters\" href=\"https:\/\/www.hupso.com\/share\/\"><img src=\"https:\/\/static.hupso.com\/share\/buttons\/share-small.png\" style=\"border:0px; padding-top:2px; float:left;\" alt=\"Share Button\"\/><\/a><script type=\"text\/javascript\">var hupso_services_c=new Array(\"twitter\",\"facebook_like\",\"facebook_send\",\"google\");var hupso_counters_lang = \"en_US\";var hupso_image_folder_url = \"\";var hupso_url_c=\"\";var hupso_title_c=\"Mets%C3%A4hallituksen%20hakkuut%20ovat%20kest%C3%A4m%C3%A4tt%C3%B6mi%C3%A4\";<\/script><script type=\"text\/javascript\" src=\"https:\/\/static.hupso.com\/share\/js\/counters.js\"><\/script><!-- Hupso Share Buttons --><\/div>","protected":false},"author":1,"featured_media":2147,"comment_status":"open","ping_status":"closed","sticky":false,"template":"","format":"standard","meta":{"ngg_post_thumbnail":0,"footnotes":""},"categories":[7,26,20,6,5],"tags":[],"class_list":["post-3122","post","type-post","status-publish","format-standard","has-post-thumbnail","hentry","category-kainuu","category-kaleva","category-metsa","category-politiikka","category-ymparisto"],"yoast_head":"<!-- This site is optimized with the Yoast SEO plugin v27.3 - https:\/\/yoast.com\/product\/yoast-seo-wordpress\/ -->\n<title>Mets\u00e4hallituksen hakkuut ovat kest\u00e4m\u00e4tt\u00f6mi\u00e4 - Silja Ker\u00e4nen<\/title>\n<meta name=\"robots\" content=\"index, follow, max-snippet:-1, max-image-preview:large, max-video-preview:-1\" \/>\n<link rel=\"canonical\" href=\"https:\/\/siljakeranen.fi\/blogi\/metsahallituksen-hakkuut-ovat-kestamattomia\/\" \/>\n<meta property=\"og:locale\" content=\"fi_FI\" \/>\n<meta property=\"og:type\" content=\"article\" \/>\n<meta property=\"og:title\" content=\"Mets\u00e4hallituksen hakkuut ovat kest\u00e4m\u00e4tt\u00f6mi\u00e4 - Silja Ker\u00e4nen\" \/>\n<meta property=\"og:description\" content=\"Mets\u00e4hallitus hakkaa todella paljon ja intensiivisesti. Hakkuut ovat laajuudessaan ylitt\u00e4neet kest\u00e4vyyden tason monilla mittareilla. Kun hakataan nuorta mets\u00e4\u00e4, menetet\u00e4\u00e4n arvokasta hiilinielua ja mahdollisuus korkeamman jalostusasteen puutavaraan. Lis\u00e4ksi sen taloudellista j\u00e4rkevyytt\u00e4 kannattaa hetki pys\u00e4hty\u00e4 miettim\u00e4\u00e4n. Mets\u00e4hallitus hakkaa my\u00f6s vanhoja metsi\u00e4, joiden hakkuissa hupenevat sek\u00e4 hiilivarastot ett\u00e4 luonnon monimuotoisuus.&nbsp; Mets\u00e4hallituksen hallinnoimissa metsiss\u00e4 on kyse yhteisest\u00e4 omaisuudestamme, jonka [&hellip;]\" \/>\n<meta property=\"og:url\" content=\"https:\/\/siljakeranen.fi\/blogi\/metsahallituksen-hakkuut-ovat-kestamattomia\/\" \/>\n<meta property=\"og:site_name\" content=\"Silja Ker\u00e4nen\" \/>\n<meta property=\"article:publisher\" content=\"https:\/\/www.facebook.com\/siljamkeranen\" \/>\n<meta property=\"article:author\" content=\"https:\/\/www.facebook.com\/siljamkeranen\" \/>\n<meta property=\"article:published_time\" content=\"2025-09-26T17:44:54+00:00\" \/>\n<meta property=\"og:image\" content=\"https:\/\/siljakeranen.fi\/blogi\/wp-content\/uploads\/2021\/06\/IMG_0078-scaled-e1624431488571.jpeg\" \/>\n\t<meta property=\"og:image:width\" content=\"1580\" \/>\n\t<meta property=\"og:image:height\" content=\"1395\" \/>\n\t<meta property=\"og:image:type\" content=\"image\/jpeg\" \/>\n<meta name=\"author\" content=\"Silja\" \/>\n<meta name=\"twitter:card\" content=\"summary_large_image\" \/>\n<meta name=\"twitter:creator\" content=\"@https:\/\/twitter.com\/SiljaMP\" \/>\n<meta name=\"twitter:site\" content=\"@SiljaMP\" \/>\n<meta name=\"twitter:label1\" content=\"Kirjoittanut\" \/>\n\t<meta name=\"twitter:data1\" content=\"Silja\" \/>\n\t<meta name=\"twitter:label2\" content=\"Arvioitu lukuaika\" \/>\n\t<meta name=\"twitter:data2\" content=\"5 minuuttia\" \/>\n<script type=\"application\/ld+json\" class=\"yoast-schema-graph\">{\"@context\":\"https:\\\/\\\/schema.org\",\"@graph\":[{\"@type\":\"Article\",\"@id\":\"https:\\\/\\\/siljakeranen.fi\\\/blogi\\\/metsahallituksen-hakkuut-ovat-kestamattomia\\\/#article\",\"isPartOf\":{\"@id\":\"https:\\\/\\\/siljakeranen.fi\\\/blogi\\\/metsahallituksen-hakkuut-ovat-kestamattomia\\\/\"},\"author\":{\"name\":\"Silja\",\"@id\":\"https:\\\/\\\/siljakeranen.fi\\\/blogi\\\/#\\\/schema\\\/person\\\/d43605ef0d5681c1b27a4ba1fede1cf4\"},\"headline\":\"Mets\u00e4hallituksen hakkuut ovat kest\u00e4m\u00e4tt\u00f6mi\u00e4\",\"datePublished\":\"2025-09-26T17:44:54+00:00\",\"mainEntityOfPage\":{\"@id\":\"https:\\\/\\\/siljakeranen.fi\\\/blogi\\\/metsahallituksen-hakkuut-ovat-kestamattomia\\\/\"},\"wordCount\":853,\"commentCount\":0,\"publisher\":{\"@id\":\"https:\\\/\\\/siljakeranen.fi\\\/blogi\\\/#\\\/schema\\\/person\\\/d43605ef0d5681c1b27a4ba1fede1cf4\"},\"image\":{\"@id\":\"https:\\\/\\\/siljakeranen.fi\\\/blogi\\\/metsahallituksen-hakkuut-ovat-kestamattomia\\\/#primaryimage\"},\"thumbnailUrl\":\"https:\\\/\\\/siljakeranen.fi\\\/blogi\\\/wp-content\\\/uploads\\\/2021\\\/06\\\/IMG_0078-scaled-e1624431488571.jpeg\",\"articleSection\":[\"Kainuu\",\"Kaleva\",\"Mets\u00e4\",\"Politiikka\",\"Ymp\u00e4rist\u00f6\"],\"inLanguage\":\"fi\",\"potentialAction\":[{\"@type\":\"CommentAction\",\"name\":\"Comment\",\"target\":[\"https:\\\/\\\/siljakeranen.fi\\\/blogi\\\/metsahallituksen-hakkuut-ovat-kestamattomia\\\/#respond\"]}]},{\"@type\":\"WebPage\",\"@id\":\"https:\\\/\\\/siljakeranen.fi\\\/blogi\\\/metsahallituksen-hakkuut-ovat-kestamattomia\\\/\",\"url\":\"https:\\\/\\\/siljakeranen.fi\\\/blogi\\\/metsahallituksen-hakkuut-ovat-kestamattomia\\\/\",\"name\":\"Mets\u00e4hallituksen hakkuut ovat kest\u00e4m\u00e4tt\u00f6mi\u00e4 - Silja Ker\u00e4nen\",\"isPartOf\":{\"@id\":\"https:\\\/\\\/siljakeranen.fi\\\/blogi\\\/#website\"},\"primaryImageOfPage\":{\"@id\":\"https:\\\/\\\/siljakeranen.fi\\\/blogi\\\/metsahallituksen-hakkuut-ovat-kestamattomia\\\/#primaryimage\"},\"image\":{\"@id\":\"https:\\\/\\\/siljakeranen.fi\\\/blogi\\\/metsahallituksen-hakkuut-ovat-kestamattomia\\\/#primaryimage\"},\"thumbnailUrl\":\"https:\\\/\\\/siljakeranen.fi\\\/blogi\\\/wp-content\\\/uploads\\\/2021\\\/06\\\/IMG_0078-scaled-e1624431488571.jpeg\",\"datePublished\":\"2025-09-26T17:44:54+00:00\",\"breadcrumb\":{\"@id\":\"https:\\\/\\\/siljakeranen.fi\\\/blogi\\\/metsahallituksen-hakkuut-ovat-kestamattomia\\\/#breadcrumb\"},\"inLanguage\":\"fi\",\"potentialAction\":[{\"@type\":\"ReadAction\",\"target\":[\"https:\\\/\\\/siljakeranen.fi\\\/blogi\\\/metsahallituksen-hakkuut-ovat-kestamattomia\\\/\"]}]},{\"@type\":\"ImageObject\",\"inLanguage\":\"fi\",\"@id\":\"https:\\\/\\\/siljakeranen.fi\\\/blogi\\\/metsahallituksen-hakkuut-ovat-kestamattomia\\\/#primaryimage\",\"url\":\"https:\\\/\\\/siljakeranen.fi\\\/blogi\\\/wp-content\\\/uploads\\\/2021\\\/06\\\/IMG_0078-scaled-e1624431488571.jpeg\",\"contentUrl\":\"https:\\\/\\\/siljakeranen.fi\\\/blogi\\\/wp-content\\\/uploads\\\/2021\\\/06\\\/IMG_0078-scaled-e1624431488571.jpeg\",\"width\":1580,\"height\":1395},{\"@type\":\"BreadcrumbList\",\"@id\":\"https:\\\/\\\/siljakeranen.fi\\\/blogi\\\/metsahallituksen-hakkuut-ovat-kestamattomia\\\/#breadcrumb\",\"itemListElement\":[{\"@type\":\"ListItem\",\"position\":1,\"name\":\"Etusivu\",\"item\":\"https:\\\/\\\/siljakeranen.fi\\\/blogi\\\/\"},{\"@type\":\"ListItem\",\"position\":2,\"name\":\"Mets\u00e4hallituksen hakkuut ovat kest\u00e4m\u00e4tt\u00f6mi\u00e4\"}]},{\"@type\":\"WebSite\",\"@id\":\"https:\\\/\\\/siljakeranen.fi\\\/blogi\\\/#website\",\"url\":\"https:\\\/\\\/siljakeranen.fi\\\/blogi\\\/\",\"name\":\"Silja Ker\u00e4nen\",\"description\":\"Silja Ker\u00e4nen, kainuulainen vihre\u00e4 poliitikko\",\"publisher\":{\"@id\":\"https:\\\/\\\/siljakeranen.fi\\\/blogi\\\/#\\\/schema\\\/person\\\/d43605ef0d5681c1b27a4ba1fede1cf4\"},\"potentialAction\":[{\"@type\":\"SearchAction\",\"target\":{\"@type\":\"EntryPoint\",\"urlTemplate\":\"https:\\\/\\\/siljakeranen.fi\\\/blogi\\\/?s={search_term_string}\"},\"query-input\":{\"@type\":\"PropertyValueSpecification\",\"valueRequired\":true,\"valueName\":\"search_term_string\"}}],\"inLanguage\":\"fi\"},{\"@type\":[\"Person\",\"Organization\"],\"@id\":\"https:\\\/\\\/siljakeranen.fi\\\/blogi\\\/#\\\/schema\\\/person\\\/d43605ef0d5681c1b27a4ba1fede1cf4\",\"name\":\"Silja\",\"image\":{\"@type\":\"ImageObject\",\"inLanguage\":\"fi\",\"@id\":\"https:\\\/\\\/siljakeranen.fi\\\/blogi\\\/wp-content\\\/uploads\\\/2023\\\/01\\\/cropped-silja_250x100.png\",\"url\":\"https:\\\/\\\/siljakeranen.fi\\\/blogi\\\/wp-content\\\/uploads\\\/2023\\\/01\\\/cropped-silja_250x100.png\",\"contentUrl\":\"https:\\\/\\\/siljakeranen.fi\\\/blogi\\\/wp-content\\\/uploads\\\/2023\\\/01\\\/cropped-silja_250x100.png\",\"width\":250,\"height\":100,\"caption\":\"Silja\"},\"logo\":{\"@id\":\"https:\\\/\\\/siljakeranen.fi\\\/blogi\\\/wp-content\\\/uploads\\\/2023\\\/01\\\/cropped-silja_250x100.png\"},\"sameAs\":[\"http:\\\/\\\/www.siljakeranen.fi\",\"https:\\\/\\\/www.facebook.com\\\/siljamkeranen\",\"https:\\\/\\\/www.instagram.com\\\/siljakeranen\\\/\",\"https:\\\/\\\/www.linkedin.com\\\/in\\\/silja-kernen-4331b548\\\/\",\"https:\\\/\\\/x.com\\\/https:\\\/\\\/twitter.com\\\/SiljaMP\",\"https:\\\/\\\/www.youtube.com\\\/channel\\\/UC0MWeuoWP4-Mjs1z8pIv3GQ\",\"https:\\\/\\\/fi.wikipedia.org\\\/wiki\\\/Silja_Kernen\"],\"url\":\"https:\\\/\\\/siljakeranen.fi\\\/blogi\\\/author\\\/admin\\\/\"}]}<\/script>\n<!-- \/ Yoast SEO plugin. -->","yoast_head_json":{"title":"Mets\u00e4hallituksen hakkuut ovat kest\u00e4m\u00e4tt\u00f6mi\u00e4 - Silja Ker\u00e4nen","robots":{"index":"index","follow":"follow","max-snippet":"max-snippet:-1","max-image-preview":"max-image-preview:large","max-video-preview":"max-video-preview:-1"},"canonical":"https:\/\/siljakeranen.fi\/blogi\/metsahallituksen-hakkuut-ovat-kestamattomia\/","og_locale":"fi_FI","og_type":"article","og_title":"Mets\u00e4hallituksen hakkuut ovat kest\u00e4m\u00e4tt\u00f6mi\u00e4 - Silja Ker\u00e4nen","og_description":"Mets\u00e4hallitus hakkaa todella paljon ja intensiivisesti. Hakkuut ovat laajuudessaan ylitt\u00e4neet kest\u00e4vyyden tason monilla mittareilla. Kun hakataan nuorta mets\u00e4\u00e4, menetet\u00e4\u00e4n arvokasta hiilinielua ja mahdollisuus korkeamman jalostusasteen puutavaraan. Lis\u00e4ksi sen taloudellista j\u00e4rkevyytt\u00e4 kannattaa hetki pys\u00e4hty\u00e4 miettim\u00e4\u00e4n. Mets\u00e4hallitus hakkaa my\u00f6s vanhoja metsi\u00e4, joiden hakkuissa hupenevat sek\u00e4 hiilivarastot ett\u00e4 luonnon monimuotoisuus.&nbsp; Mets\u00e4hallituksen hallinnoimissa metsiss\u00e4 on kyse yhteisest\u00e4 omaisuudestamme, jonka [&hellip;]","og_url":"https:\/\/siljakeranen.fi\/blogi\/metsahallituksen-hakkuut-ovat-kestamattomia\/","og_site_name":"Silja Ker\u00e4nen","article_publisher":"https:\/\/www.facebook.com\/siljamkeranen","article_author":"https:\/\/www.facebook.com\/siljamkeranen","article_published_time":"2025-09-26T17:44:54+00:00","og_image":[{"width":1580,"height":1395,"url":"https:\/\/siljakeranen.fi\/blogi\/wp-content\/uploads\/2021\/06\/IMG_0078-scaled-e1624431488571.jpeg","type":"image\/jpeg"}],"author":"Silja","twitter_card":"summary_large_image","twitter_creator":"@https:\/\/twitter.com\/SiljaMP","twitter_site":"@SiljaMP","twitter_misc":{"Kirjoittanut":"Silja","Arvioitu lukuaika":"5 minuuttia"},"schema":{"@context":"https:\/\/schema.org","@graph":[{"@type":"Article","@id":"https:\/\/siljakeranen.fi\/blogi\/metsahallituksen-hakkuut-ovat-kestamattomia\/#article","isPartOf":{"@id":"https:\/\/siljakeranen.fi\/blogi\/metsahallituksen-hakkuut-ovat-kestamattomia\/"},"author":{"name":"Silja","@id":"https:\/\/siljakeranen.fi\/blogi\/#\/schema\/person\/d43605ef0d5681c1b27a4ba1fede1cf4"},"headline":"Mets\u00e4hallituksen hakkuut ovat kest\u00e4m\u00e4tt\u00f6mi\u00e4","datePublished":"2025-09-26T17:44:54+00:00","mainEntityOfPage":{"@id":"https:\/\/siljakeranen.fi\/blogi\/metsahallituksen-hakkuut-ovat-kestamattomia\/"},"wordCount":853,"commentCount":0,"publisher":{"@id":"https:\/\/siljakeranen.fi\/blogi\/#\/schema\/person\/d43605ef0d5681c1b27a4ba1fede1cf4"},"image":{"@id":"https:\/\/siljakeranen.fi\/blogi\/metsahallituksen-hakkuut-ovat-kestamattomia\/#primaryimage"},"thumbnailUrl":"https:\/\/siljakeranen.fi\/blogi\/wp-content\/uploads\/2021\/06\/IMG_0078-scaled-e1624431488571.jpeg","articleSection":["Kainuu","Kaleva","Mets\u00e4","Politiikka","Ymp\u00e4rist\u00f6"],"inLanguage":"fi","potentialAction":[{"@type":"CommentAction","name":"Comment","target":["https:\/\/siljakeranen.fi\/blogi\/metsahallituksen-hakkuut-ovat-kestamattomia\/#respond"]}]},{"@type":"WebPage","@id":"https:\/\/siljakeranen.fi\/blogi\/metsahallituksen-hakkuut-ovat-kestamattomia\/","url":"https:\/\/siljakeranen.fi\/blogi\/metsahallituksen-hakkuut-ovat-kestamattomia\/","name":"Mets\u00e4hallituksen hakkuut ovat kest\u00e4m\u00e4tt\u00f6mi\u00e4 - Silja Ker\u00e4nen","isPartOf":{"@id":"https:\/\/siljakeranen.fi\/blogi\/#website"},"primaryImageOfPage":{"@id":"https:\/\/siljakeranen.fi\/blogi\/metsahallituksen-hakkuut-ovat-kestamattomia\/#primaryimage"},"image":{"@id":"https:\/\/siljakeranen.fi\/blogi\/metsahallituksen-hakkuut-ovat-kestamattomia\/#primaryimage"},"thumbnailUrl":"https:\/\/siljakeranen.fi\/blogi\/wp-content\/uploads\/2021\/06\/IMG_0078-scaled-e1624431488571.jpeg","datePublished":"2025-09-26T17:44:54+00:00","breadcrumb":{"@id":"https:\/\/siljakeranen.fi\/blogi\/metsahallituksen-hakkuut-ovat-kestamattomia\/#breadcrumb"},"inLanguage":"fi","potentialAction":[{"@type":"ReadAction","target":["https:\/\/siljakeranen.fi\/blogi\/metsahallituksen-hakkuut-ovat-kestamattomia\/"]}]},{"@type":"ImageObject","inLanguage":"fi","@id":"https:\/\/siljakeranen.fi\/blogi\/metsahallituksen-hakkuut-ovat-kestamattomia\/#primaryimage","url":"https:\/\/siljakeranen.fi\/blogi\/wp-content\/uploads\/2021\/06\/IMG_0078-scaled-e1624431488571.jpeg","contentUrl":"https:\/\/siljakeranen.fi\/blogi\/wp-content\/uploads\/2021\/06\/IMG_0078-scaled-e1624431488571.jpeg","width":1580,"height":1395},{"@type":"BreadcrumbList","@id":"https:\/\/siljakeranen.fi\/blogi\/metsahallituksen-hakkuut-ovat-kestamattomia\/#breadcrumb","itemListElement":[{"@type":"ListItem","position":1,"name":"Etusivu","item":"https:\/\/siljakeranen.fi\/blogi\/"},{"@type":"ListItem","position":2,"name":"Mets\u00e4hallituksen hakkuut ovat kest\u00e4m\u00e4tt\u00f6mi\u00e4"}]},{"@type":"WebSite","@id":"https:\/\/siljakeranen.fi\/blogi\/#website","url":"https:\/\/siljakeranen.fi\/blogi\/","name":"Silja Ker\u00e4nen","description":"Silja Ker\u00e4nen, kainuulainen vihre\u00e4 poliitikko","publisher":{"@id":"https:\/\/siljakeranen.fi\/blogi\/#\/schema\/person\/d43605ef0d5681c1b27a4ba1fede1cf4"},"potentialAction":[{"@type":"SearchAction","target":{"@type":"EntryPoint","urlTemplate":"https:\/\/siljakeranen.fi\/blogi\/?s={search_term_string}"},"query-input":{"@type":"PropertyValueSpecification","valueRequired":true,"valueName":"search_term_string"}}],"inLanguage":"fi"},{"@type":["Person","Organization"],"@id":"https:\/\/siljakeranen.fi\/blogi\/#\/schema\/person\/d43605ef0d5681c1b27a4ba1fede1cf4","name":"Silja","image":{"@type":"ImageObject","inLanguage":"fi","@id":"https:\/\/siljakeranen.fi\/blogi\/wp-content\/uploads\/2023\/01\/cropped-silja_250x100.png","url":"https:\/\/siljakeranen.fi\/blogi\/wp-content\/uploads\/2023\/01\/cropped-silja_250x100.png","contentUrl":"https:\/\/siljakeranen.fi\/blogi\/wp-content\/uploads\/2023\/01\/cropped-silja_250x100.png","width":250,"height":100,"caption":"Silja"},"logo":{"@id":"https:\/\/siljakeranen.fi\/blogi\/wp-content\/uploads\/2023\/01\/cropped-silja_250x100.png"},"sameAs":["http:\/\/www.siljakeranen.fi","https:\/\/www.facebook.com\/siljamkeranen","https:\/\/www.instagram.com\/siljakeranen\/","https:\/\/www.linkedin.com\/in\/silja-kernen-4331b548\/","https:\/\/x.com\/https:\/\/twitter.com\/SiljaMP","https:\/\/www.youtube.com\/channel\/UC0MWeuoWP4-Mjs1z8pIv3GQ","https:\/\/fi.wikipedia.org\/wiki\/Silja_Kernen"],"url":"https:\/\/siljakeranen.fi\/blogi\/author\/admin\/"}]}},"_links":{"self":[{"href":"https:\/\/siljakeranen.fi\/blogi\/wp-json\/wp\/v2\/posts\/3122","targetHints":{"allow":["GET"]}}],"collection":[{"href":"https:\/\/siljakeranen.fi\/blogi\/wp-json\/wp\/v2\/posts"}],"about":[{"href":"https:\/\/siljakeranen.fi\/blogi\/wp-json\/wp\/v2\/types\/post"}],"author":[{"embeddable":true,"href":"https:\/\/siljakeranen.fi\/blogi\/wp-json\/wp\/v2\/users\/1"}],"replies":[{"embeddable":true,"href":"https:\/\/siljakeranen.fi\/blogi\/wp-json\/wp\/v2\/comments?post=3122"}],"version-history":[{"count":1,"href":"https:\/\/siljakeranen.fi\/blogi\/wp-json\/wp\/v2\/posts\/3122\/revisions"}],"predecessor-version":[{"id":3123,"href":"https:\/\/siljakeranen.fi\/blogi\/wp-json\/wp\/v2\/posts\/3122\/revisions\/3123"}],"wp:featuredmedia":[{"embeddable":true,"href":"https:\/\/siljakeranen.fi\/blogi\/wp-json\/wp\/v2\/media\/2147"}],"wp:attachment":[{"href":"https:\/\/siljakeranen.fi\/blogi\/wp-json\/wp\/v2\/media?parent=3122"}],"wp:term":[{"taxonomy":"category","embeddable":true,"href":"https:\/\/siljakeranen.fi\/blogi\/wp-json\/wp\/v2\/categories?post=3122"},{"taxonomy":"post_tag","embeddable":true,"href":"https:\/\/siljakeranen.fi\/blogi\/wp-json\/wp\/v2\/tags?post=3122"}],"curies":[{"name":"wp","href":"https:\/\/api.w.org\/{rel}","templated":true}]}}