{"id":555,"date":"2014-12-07T19:43:42","date_gmt":"2014-12-07T17:43:42","guid":{"rendered":"http:\/\/siljakeranen.fi\/blogi\/?p=555"},"modified":"2014-12-07T19:46:09","modified_gmt":"2014-12-07T17:46:09","slug":"kajaanin-talousarvio","status":"publish","type":"post","link":"https:\/\/siljakeranen.fi\/blogi\/kajaanin-talousarvio\/","title":{"rendered":"Kajaanin talousarvio: Lis\u00e4t\u00e4\u00e4n Kest\u00e4v\u00e4n energian ohjelma"},"content":{"rendered":"<p>Huomenna on Kajaanin kaupungin talousarviovaltuusto. Kokonaisuudessaan oikein hyvin valmisteltu esitys. Siit\u00e4 kiitos virkamiehille!<\/p>\n<p>Meilt\u00e4 vihreilt\u00e4 tulee yksi lis\u00e4ysesitys, Kest\u00e4v\u00e4n energian ohjelma kaupungistrategaa toteuttaviin ohjelmiin (sivulta 34 alkaen, k\u00e4yt\u00e4nn\u00f6ss\u00e4 siis sivulle 37). Kest\u00e4v\u00e4n energian ohjelma on toimenpideohjelma kasvihuonekaasup\u00e4\u00e4st\u00f6jen v\u00e4hent\u00e4miseksi.<br \/>\n&#8212;&#8212;&#8212;&#8212;&#8211;<\/p>\n<p>Kest\u00e4v\u00e4n energiank\u00e4yt\u00f6n ohjelma<\/p>\n<p>Kainuun ilmastostrategian tavoitteena on 25 % kasvihuonekaasup\u00e4\u00e4st\u00f6jen v\u00e4henem\u00e4 vuonna 2020 verrattuna vuoteen 2009. Kajaanin kaupunki on sitoutunut tavoitteeseen. Toimenpiteet, joiden avulla tavoitteeseen pyrit\u00e4\u00e4n, tullaan m\u00e4\u00e4rittelem\u00e4\u00e4n Kainuun kest\u00e4v\u00e4n energiank\u00e4yt\u00f6n ohjelmassa. Ohjelman laatii Kainuun Liitto vuoden 2014 loppuun menness\u00e4.<\/p>\n<p>Toimenpiteit\u00e4 p\u00e4\u00e4st\u00f6v\u00e4hennysten saavuttamiseksi ovat puurakentamisen ja ekotehokkaan rakentamisen edist\u00e4minen sek\u00e4 nolla\u00ad ja matalaenergiatalojen rakentamisen edist\u00e4minen; energianeuvonta; uusiutuvan energian osuuden lis\u00e4\u00e4minen; energiatehokas maank\u00e4yt\u00f6n suunnittelu; kevyen liikenteen edist\u00e4minen, joukkoliikenteen ja yksityisautoilun ilmastovastuullisuuden lis\u00e4\u00e4minen; liikkumistarpeen v\u00e4hent\u00e4minen sek\u00e4 j\u00e4tteen synnyn ehk\u00e4isy ja hy\u00f6tyk\u00e4yt\u00f6n tehostaminen.<\/p>\n<p>&#8212;&#8212;&#8212;&#8212;&#8212;&#8211;<\/p>\n<p>Vaikka ko. ohjelma tehd\u00e4\u00e4n nimenomaan koko Kainuun tasolla, se sis\u00e4lt\u00e4\u00e4 Kajaanin kaupungin oman toimenpideohjelman.\u00a0Kes\u00e4ll\u00e4 2014 valmistui opinn\u00e4ytety\u00f6n\u00e4 toimenpideohjelma Kajaanin kasvihuonekaasup\u00e4\u00e4st\u00f6jen v\u00e4hent\u00e4miseksi. Sit\u00e4 on k\u00e4ytetty pohjana Kest\u00e4v\u00e4n energian ohjelman tekemiselle. Siksi on perusteltua sis\u00e4llytt\u00e4\u00e4 t\u00e4m\u00e4 Kainuun tasoinen ohjelma Kajaanin talousarvioon.<\/p>\n<p>Lis\u00e4ksi on huomioitava, ett\u00e4 t\u00e4m\u00e4 Kest\u00e4v\u00e4n energian ohjelma (kuten mik\u00e4 tahansa muukin uskottava kasvihuonekaasup\u00e4\u00e4st\u00f6jen v\u00e4hent\u00e4misen toimenpideohjelma) sis\u00e4lt\u00e4\u00e4 toimenpiteit\u00e4 laajasti eri toimialoille: j\u00e4tehuolto, joukkoliikenne, kevyt liikenne, kaavoitus, jne. Siit\u00e4 syyt\u00e4 se on nimenomaa perusteltua olla kaupungin talousarviossa, eik\u00e4 jonkun toimialan alla.<\/p>\n<div style=\"padding-bottom:20px; padding-top:10px;\" class=\"hupso-share-buttons\"><!-- Hupso Share Buttons - https:\/\/www.hupso.com\/share\/ --><a class=\"hupso_counters\" href=\"https:\/\/www.hupso.com\/share\/\"><img decoding=\"async\" src=\"https:\/\/static.hupso.com\/share\/buttons\/share-small.png\" style=\"border:0px; padding-top:2px; float:left;\" alt=\"Share Button\"\/><\/a><script type=\"text\/javascript\">var hupso_services_c=new Array(\"twitter\",\"facebook_like\",\"facebook_send\",\"google\");var hupso_counters_lang = \"en_US\";var hupso_image_folder_url = \"\";var hupso_url_c=\"\";var hupso_title_c=\"Kajaanin%20talousarvio%3A%20Lis%C3%A4t%C3%A4%C3%A4n%20Kest%C3%A4v%C3%A4n%20energian%20ohjelma\";<\/script><script type=\"text\/javascript\" src=\"https:\/\/static.hupso.com\/share\/js\/counters.js\"><\/script><!-- Hupso Share Buttons --><\/div>","protected":false},"excerpt":{"rendered":"<p>Huomenna on Kajaanin kaupungin talousarviovaltuusto. Kokonaisuudessaan oikein hyvin valmisteltu esitys. Siit\u00e4 kiitos virkamiehille! Meilt\u00e4 vihreilt\u00e4 tulee yksi lis\u00e4ysesitys, Kest\u00e4v\u00e4n energian ohjelma kaupungistrategaa toteuttaviin ohjelmiin (sivulta 34 alkaen, k\u00e4yt\u00e4nn\u00f6ss\u00e4 siis sivulle 37). Kest\u00e4v\u00e4n energian ohjelma on toimenpideohjelma kasvihuonekaasup\u00e4\u00e4st\u00f6jen v\u00e4hent\u00e4miseksi. &#8212;&#8212;&#8212;&#8212;&#8211; Kest\u00e4v\u00e4n energiank\u00e4yt\u00f6n ohjelma Kainuun ilmastostrategian tavoitteena on 25 % kasvihuonekaasup\u00e4\u00e4st\u00f6jen v\u00e4henem\u00e4 vuonna 2020 verrattuna vuoteen 2009. [&hellip;]<\/p>\n<div style=\"padding-bottom:20px; padding-top:10px;\" class=\"hupso-share-buttons\"><!-- Hupso Share Buttons - https:\/\/www.hupso.com\/share\/ --><a class=\"hupso_counters\" href=\"https:\/\/www.hupso.com\/share\/\"><img src=\"https:\/\/static.hupso.com\/share\/buttons\/share-small.png\" style=\"border:0px; padding-top:2px; float:left;\" alt=\"Share Button\"\/><\/a><script type=\"text\/javascript\">var hupso_services_c=new Array(\"twitter\",\"facebook_like\",\"facebook_send\",\"google\");var hupso_counters_lang = \"en_US\";var hupso_image_folder_url = \"\";var hupso_url_c=\"\";var hupso_title_c=\"Kajaanin%20talousarvio%3A%20Lis%C3%A4t%C3%A4%C3%A4n%20Kest%C3%A4v%C3%A4n%20energian%20ohjelma\";<\/script><script type=\"text\/javascript\" src=\"https:\/\/static.hupso.com\/share\/js\/counters.js\"><\/script><!-- Hupso Share Buttons --><\/div>","protected":false},"author":1,"featured_media":0,"comment_status":"open","ping_status":"closed","sticky":false,"template":"","format":"standard","meta":{"ngg_post_thumbnail":0,"footnotes":""},"categories":[8,6,10,5],"tags":[],"class_list":["post-555","post","type-post","status-publish","format-standard","hentry","category-kajaani","category-politiikka","category-vihreat","category-ymparisto"],"yoast_head":"<!-- This site is optimized with the Yoast SEO plugin v27.3 - https:\/\/yoast.com\/product\/yoast-seo-wordpress\/ -->\n<title>Kajaanin talousarvio: Lis\u00e4t\u00e4\u00e4n Kest\u00e4v\u00e4n energian ohjelma - Silja Ker\u00e4nen<\/title>\n<meta name=\"robots\" content=\"index, follow, max-snippet:-1, max-image-preview:large, max-video-preview:-1\" \/>\n<link rel=\"canonical\" href=\"https:\/\/siljakeranen.fi\/blogi\/kajaanin-talousarvio\/\" \/>\n<meta property=\"og:locale\" content=\"fi_FI\" \/>\n<meta property=\"og:type\" content=\"article\" \/>\n<meta property=\"og:title\" content=\"Kajaanin talousarvio: Lis\u00e4t\u00e4\u00e4n Kest\u00e4v\u00e4n energian ohjelma - Silja Ker\u00e4nen\" \/>\n<meta property=\"og:description\" content=\"Huomenna on Kajaanin kaupungin talousarviovaltuusto. Kokonaisuudessaan oikein hyvin valmisteltu esitys. Siit\u00e4 kiitos virkamiehille! Meilt\u00e4 vihreilt\u00e4 tulee yksi lis\u00e4ysesitys, Kest\u00e4v\u00e4n energian ohjelma kaupungistrategaa toteuttaviin ohjelmiin (sivulta 34 alkaen, k\u00e4yt\u00e4nn\u00f6ss\u00e4 siis sivulle 37). Kest\u00e4v\u00e4n energian ohjelma on toimenpideohjelma kasvihuonekaasup\u00e4\u00e4st\u00f6jen v\u00e4hent\u00e4miseksi. &#8212;&#8212;&#8212;&#8212;&#8211; Kest\u00e4v\u00e4n energiank\u00e4yt\u00f6n ohjelma Kainuun ilmastostrategian tavoitteena on 25 % kasvihuonekaasup\u00e4\u00e4st\u00f6jen v\u00e4henem\u00e4 vuonna 2020 verrattuna vuoteen 2009. [&hellip;]\" \/>\n<meta property=\"og:url\" content=\"https:\/\/siljakeranen.fi\/blogi\/kajaanin-talousarvio\/\" \/>\n<meta property=\"og:site_name\" content=\"Silja Ker\u00e4nen\" \/>\n<meta property=\"article:publisher\" content=\"https:\/\/www.facebook.com\/siljamkeranen\" \/>\n<meta property=\"article:author\" content=\"https:\/\/www.facebook.com\/siljamkeranen\" \/>\n<meta property=\"article:published_time\" content=\"2014-12-07T17:43:42+00:00\" \/>\n<meta property=\"article:modified_time\" content=\"2014-12-07T17:46:09+00:00\" \/>\n<meta property=\"og:image\" content=\"https:\/\/siljakeranen.fi\/blogi\/wp-content\/uploads\/2023\/01\/3L3A1767_valmis-pinempi.jpeg\" \/>\n\t<meta property=\"og:image:width\" content=\"1613\" \/>\n\t<meta property=\"og:image:height\" content=\"1075\" \/>\n\t<meta property=\"og:image:type\" content=\"image\/jpeg\" \/>\n<meta name=\"author\" content=\"Silja\" \/>\n<meta name=\"twitter:card\" content=\"summary_large_image\" \/>\n<meta name=\"twitter:creator\" content=\"@https:\/\/twitter.com\/SiljaMP\" \/>\n<meta name=\"twitter:site\" content=\"@SiljaMP\" \/>\n<meta name=\"twitter:label1\" content=\"Kirjoittanut\" \/>\n\t<meta name=\"twitter:data1\" content=\"Silja\" \/>\n\t<meta name=\"twitter:label2\" content=\"Arvioitu lukuaika\" \/>\n\t<meta name=\"twitter:data2\" content=\"1 minuutti\" \/>\n<script type=\"application\/ld+json\" class=\"yoast-schema-graph\">{\"@context\":\"https:\\\/\\\/schema.org\",\"@graph\":[{\"@type\":\"Article\",\"@id\":\"https:\\\/\\\/siljakeranen.fi\\\/blogi\\\/kajaanin-talousarvio\\\/#article\",\"isPartOf\":{\"@id\":\"https:\\\/\\\/siljakeranen.fi\\\/blogi\\\/kajaanin-talousarvio\\\/\"},\"author\":{\"name\":\"Silja\",\"@id\":\"https:\\\/\\\/siljakeranen.fi\\\/blogi\\\/#\\\/schema\\\/person\\\/d43605ef0d5681c1b27a4ba1fede1cf4\"},\"headline\":\"Kajaanin talousarvio: Lis\u00e4t\u00e4\u00e4n Kest\u00e4v\u00e4n energian ohjelma\",\"datePublished\":\"2014-12-07T17:43:42+00:00\",\"dateModified\":\"2014-12-07T17:46:09+00:00\",\"mainEntityOfPage\":{\"@id\":\"https:\\\/\\\/siljakeranen.fi\\\/blogi\\\/kajaanin-talousarvio\\\/\"},\"wordCount\":269,\"commentCount\":0,\"publisher\":{\"@id\":\"https:\\\/\\\/siljakeranen.fi\\\/blogi\\\/#\\\/schema\\\/person\\\/d43605ef0d5681c1b27a4ba1fede1cf4\"},\"articleSection\":[\"Kajaani\",\"Politiikka\",\"Vihre\u00e4t\",\"Ymp\u00e4rist\u00f6\"],\"inLanguage\":\"fi\",\"potentialAction\":[{\"@type\":\"CommentAction\",\"name\":\"Comment\",\"target\":[\"https:\\\/\\\/siljakeranen.fi\\\/blogi\\\/kajaanin-talousarvio\\\/#respond\"]}]},{\"@type\":\"WebPage\",\"@id\":\"https:\\\/\\\/siljakeranen.fi\\\/blogi\\\/kajaanin-talousarvio\\\/\",\"url\":\"https:\\\/\\\/siljakeranen.fi\\\/blogi\\\/kajaanin-talousarvio\\\/\",\"name\":\"Kajaanin talousarvio: Lis\u00e4t\u00e4\u00e4n Kest\u00e4v\u00e4n energian ohjelma - Silja Ker\u00e4nen\",\"isPartOf\":{\"@id\":\"https:\\\/\\\/siljakeranen.fi\\\/blogi\\\/#website\"},\"datePublished\":\"2014-12-07T17:43:42+00:00\",\"dateModified\":\"2014-12-07T17:46:09+00:00\",\"breadcrumb\":{\"@id\":\"https:\\\/\\\/siljakeranen.fi\\\/blogi\\\/kajaanin-talousarvio\\\/#breadcrumb\"},\"inLanguage\":\"fi\",\"potentialAction\":[{\"@type\":\"ReadAction\",\"target\":[\"https:\\\/\\\/siljakeranen.fi\\\/blogi\\\/kajaanin-talousarvio\\\/\"]}]},{\"@type\":\"BreadcrumbList\",\"@id\":\"https:\\\/\\\/siljakeranen.fi\\\/blogi\\\/kajaanin-talousarvio\\\/#breadcrumb\",\"itemListElement\":[{\"@type\":\"ListItem\",\"position\":1,\"name\":\"Etusivu\",\"item\":\"https:\\\/\\\/siljakeranen.fi\\\/blogi\\\/\"},{\"@type\":\"ListItem\",\"position\":2,\"name\":\"Kajaanin talousarvio: Lis\u00e4t\u00e4\u00e4n Kest\u00e4v\u00e4n energian ohjelma\"}]},{\"@type\":\"WebSite\",\"@id\":\"https:\\\/\\\/siljakeranen.fi\\\/blogi\\\/#website\",\"url\":\"https:\\\/\\\/siljakeranen.fi\\\/blogi\\\/\",\"name\":\"Silja Ker\u00e4nen\",\"description\":\"Silja Ker\u00e4nen, kainuulainen vihre\u00e4 poliitikko\",\"publisher\":{\"@id\":\"https:\\\/\\\/siljakeranen.fi\\\/blogi\\\/#\\\/schema\\\/person\\\/d43605ef0d5681c1b27a4ba1fede1cf4\"},\"potentialAction\":[{\"@type\":\"SearchAction\",\"target\":{\"@type\":\"EntryPoint\",\"urlTemplate\":\"https:\\\/\\\/siljakeranen.fi\\\/blogi\\\/?s={search_term_string}\"},\"query-input\":{\"@type\":\"PropertyValueSpecification\",\"valueRequired\":true,\"valueName\":\"search_term_string\"}}],\"inLanguage\":\"fi\"},{\"@type\":[\"Person\",\"Organization\"],\"@id\":\"https:\\\/\\\/siljakeranen.fi\\\/blogi\\\/#\\\/schema\\\/person\\\/d43605ef0d5681c1b27a4ba1fede1cf4\",\"name\":\"Silja\",\"image\":{\"@type\":\"ImageObject\",\"inLanguage\":\"fi\",\"@id\":\"https:\\\/\\\/siljakeranen.fi\\\/blogi\\\/wp-content\\\/uploads\\\/2023\\\/01\\\/cropped-silja_250x100.png\",\"url\":\"https:\\\/\\\/siljakeranen.fi\\\/blogi\\\/wp-content\\\/uploads\\\/2023\\\/01\\\/cropped-silja_250x100.png\",\"contentUrl\":\"https:\\\/\\\/siljakeranen.fi\\\/blogi\\\/wp-content\\\/uploads\\\/2023\\\/01\\\/cropped-silja_250x100.png\",\"width\":250,\"height\":100,\"caption\":\"Silja\"},\"logo\":{\"@id\":\"https:\\\/\\\/siljakeranen.fi\\\/blogi\\\/wp-content\\\/uploads\\\/2023\\\/01\\\/cropped-silja_250x100.png\"},\"sameAs\":[\"http:\\\/\\\/www.siljakeranen.fi\",\"https:\\\/\\\/www.facebook.com\\\/siljamkeranen\",\"https:\\\/\\\/www.instagram.com\\\/siljakeranen\\\/\",\"https:\\\/\\\/www.linkedin.com\\\/in\\\/silja-kernen-4331b548\\\/\",\"https:\\\/\\\/x.com\\\/https:\\\/\\\/twitter.com\\\/SiljaMP\",\"https:\\\/\\\/www.youtube.com\\\/channel\\\/UC0MWeuoWP4-Mjs1z8pIv3GQ\",\"https:\\\/\\\/fi.wikipedia.org\\\/wiki\\\/Silja_Kernen\"],\"url\":\"https:\\\/\\\/siljakeranen.fi\\\/blogi\\\/author\\\/admin\\\/\"}]}<\/script>\n<!-- \/ Yoast SEO plugin. -->","yoast_head_json":{"title":"Kajaanin talousarvio: Lis\u00e4t\u00e4\u00e4n Kest\u00e4v\u00e4n energian ohjelma - Silja Ker\u00e4nen","robots":{"index":"index","follow":"follow","max-snippet":"max-snippet:-1","max-image-preview":"max-image-preview:large","max-video-preview":"max-video-preview:-1"},"canonical":"https:\/\/siljakeranen.fi\/blogi\/kajaanin-talousarvio\/","og_locale":"fi_FI","og_type":"article","og_title":"Kajaanin talousarvio: Lis\u00e4t\u00e4\u00e4n Kest\u00e4v\u00e4n energian ohjelma - Silja Ker\u00e4nen","og_description":"Huomenna on Kajaanin kaupungin talousarviovaltuusto. Kokonaisuudessaan oikein hyvin valmisteltu esitys. Siit\u00e4 kiitos virkamiehille! Meilt\u00e4 vihreilt\u00e4 tulee yksi lis\u00e4ysesitys, Kest\u00e4v\u00e4n energian ohjelma kaupungistrategaa toteuttaviin ohjelmiin (sivulta 34 alkaen, k\u00e4yt\u00e4nn\u00f6ss\u00e4 siis sivulle 37). Kest\u00e4v\u00e4n energian ohjelma on toimenpideohjelma kasvihuonekaasup\u00e4\u00e4st\u00f6jen v\u00e4hent\u00e4miseksi. &#8212;&#8212;&#8212;&#8212;&#8211; Kest\u00e4v\u00e4n energiank\u00e4yt\u00f6n ohjelma Kainuun ilmastostrategian tavoitteena on 25 % kasvihuonekaasup\u00e4\u00e4st\u00f6jen v\u00e4henem\u00e4 vuonna 2020 verrattuna vuoteen 2009. [&hellip;]","og_url":"https:\/\/siljakeranen.fi\/blogi\/kajaanin-talousarvio\/","og_site_name":"Silja Ker\u00e4nen","article_publisher":"https:\/\/www.facebook.com\/siljamkeranen","article_author":"https:\/\/www.facebook.com\/siljamkeranen","article_published_time":"2014-12-07T17:43:42+00:00","article_modified_time":"2014-12-07T17:46:09+00:00","og_image":[{"width":1613,"height":1075,"url":"https:\/\/siljakeranen.fi\/blogi\/wp-content\/uploads\/2023\/01\/3L3A1767_valmis-pinempi.jpeg","type":"image\/jpeg"}],"author":"Silja","twitter_card":"summary_large_image","twitter_creator":"@https:\/\/twitter.com\/SiljaMP","twitter_site":"@SiljaMP","twitter_misc":{"Kirjoittanut":"Silja","Arvioitu lukuaika":"1 minuutti"},"schema":{"@context":"https:\/\/schema.org","@graph":[{"@type":"Article","@id":"https:\/\/siljakeranen.fi\/blogi\/kajaanin-talousarvio\/#article","isPartOf":{"@id":"https:\/\/siljakeranen.fi\/blogi\/kajaanin-talousarvio\/"},"author":{"name":"Silja","@id":"https:\/\/siljakeranen.fi\/blogi\/#\/schema\/person\/d43605ef0d5681c1b27a4ba1fede1cf4"},"headline":"Kajaanin talousarvio: Lis\u00e4t\u00e4\u00e4n Kest\u00e4v\u00e4n energian ohjelma","datePublished":"2014-12-07T17:43:42+00:00","dateModified":"2014-12-07T17:46:09+00:00","mainEntityOfPage":{"@id":"https:\/\/siljakeranen.fi\/blogi\/kajaanin-talousarvio\/"},"wordCount":269,"commentCount":0,"publisher":{"@id":"https:\/\/siljakeranen.fi\/blogi\/#\/schema\/person\/d43605ef0d5681c1b27a4ba1fede1cf4"},"articleSection":["Kajaani","Politiikka","Vihre\u00e4t","Ymp\u00e4rist\u00f6"],"inLanguage":"fi","potentialAction":[{"@type":"CommentAction","name":"Comment","target":["https:\/\/siljakeranen.fi\/blogi\/kajaanin-talousarvio\/#respond"]}]},{"@type":"WebPage","@id":"https:\/\/siljakeranen.fi\/blogi\/kajaanin-talousarvio\/","url":"https:\/\/siljakeranen.fi\/blogi\/kajaanin-talousarvio\/","name":"Kajaanin talousarvio: Lis\u00e4t\u00e4\u00e4n Kest\u00e4v\u00e4n energian ohjelma - Silja Ker\u00e4nen","isPartOf":{"@id":"https:\/\/siljakeranen.fi\/blogi\/#website"},"datePublished":"2014-12-07T17:43:42+00:00","dateModified":"2014-12-07T17:46:09+00:00","breadcrumb":{"@id":"https:\/\/siljakeranen.fi\/blogi\/kajaanin-talousarvio\/#breadcrumb"},"inLanguage":"fi","potentialAction":[{"@type":"ReadAction","target":["https:\/\/siljakeranen.fi\/blogi\/kajaanin-talousarvio\/"]}]},{"@type":"BreadcrumbList","@id":"https:\/\/siljakeranen.fi\/blogi\/kajaanin-talousarvio\/#breadcrumb","itemListElement":[{"@type":"ListItem","position":1,"name":"Etusivu","item":"https:\/\/siljakeranen.fi\/blogi\/"},{"@type":"ListItem","position":2,"name":"Kajaanin talousarvio: Lis\u00e4t\u00e4\u00e4n Kest\u00e4v\u00e4n energian ohjelma"}]},{"@type":"WebSite","@id":"https:\/\/siljakeranen.fi\/blogi\/#website","url":"https:\/\/siljakeranen.fi\/blogi\/","name":"Silja Ker\u00e4nen","description":"Silja Ker\u00e4nen, kainuulainen vihre\u00e4 poliitikko","publisher":{"@id":"https:\/\/siljakeranen.fi\/blogi\/#\/schema\/person\/d43605ef0d5681c1b27a4ba1fede1cf4"},"potentialAction":[{"@type":"SearchAction","target":{"@type":"EntryPoint","urlTemplate":"https:\/\/siljakeranen.fi\/blogi\/?s={search_term_string}"},"query-input":{"@type":"PropertyValueSpecification","valueRequired":true,"valueName":"search_term_string"}}],"inLanguage":"fi"},{"@type":["Person","Organization"],"@id":"https:\/\/siljakeranen.fi\/blogi\/#\/schema\/person\/d43605ef0d5681c1b27a4ba1fede1cf4","name":"Silja","image":{"@type":"ImageObject","inLanguage":"fi","@id":"https:\/\/siljakeranen.fi\/blogi\/wp-content\/uploads\/2023\/01\/cropped-silja_250x100.png","url":"https:\/\/siljakeranen.fi\/blogi\/wp-content\/uploads\/2023\/01\/cropped-silja_250x100.png","contentUrl":"https:\/\/siljakeranen.fi\/blogi\/wp-content\/uploads\/2023\/01\/cropped-silja_250x100.png","width":250,"height":100,"caption":"Silja"},"logo":{"@id":"https:\/\/siljakeranen.fi\/blogi\/wp-content\/uploads\/2023\/01\/cropped-silja_250x100.png"},"sameAs":["http:\/\/www.siljakeranen.fi","https:\/\/www.facebook.com\/siljamkeranen","https:\/\/www.instagram.com\/siljakeranen\/","https:\/\/www.linkedin.com\/in\/silja-kernen-4331b548\/","https:\/\/x.com\/https:\/\/twitter.com\/SiljaMP","https:\/\/www.youtube.com\/channel\/UC0MWeuoWP4-Mjs1z8pIv3GQ","https:\/\/fi.wikipedia.org\/wiki\/Silja_Kernen"],"url":"https:\/\/siljakeranen.fi\/blogi\/author\/admin\/"}]}},"_links":{"self":[{"href":"https:\/\/siljakeranen.fi\/blogi\/wp-json\/wp\/v2\/posts\/555","targetHints":{"allow":["GET"]}}],"collection":[{"href":"https:\/\/siljakeranen.fi\/blogi\/wp-json\/wp\/v2\/posts"}],"about":[{"href":"https:\/\/siljakeranen.fi\/blogi\/wp-json\/wp\/v2\/types\/post"}],"author":[{"embeddable":true,"href":"https:\/\/siljakeranen.fi\/blogi\/wp-json\/wp\/v2\/users\/1"}],"replies":[{"embeddable":true,"href":"https:\/\/siljakeranen.fi\/blogi\/wp-json\/wp\/v2\/comments?post=555"}],"version-history":[{"count":2,"href":"https:\/\/siljakeranen.fi\/blogi\/wp-json\/wp\/v2\/posts\/555\/revisions"}],"predecessor-version":[{"id":557,"href":"https:\/\/siljakeranen.fi\/blogi\/wp-json\/wp\/v2\/posts\/555\/revisions\/557"}],"wp:attachment":[{"href":"https:\/\/siljakeranen.fi\/blogi\/wp-json\/wp\/v2\/media?parent=555"}],"wp:term":[{"taxonomy":"category","embeddable":true,"href":"https:\/\/siljakeranen.fi\/blogi\/wp-json\/wp\/v2\/categories?post=555"},{"taxonomy":"post_tag","embeddable":true,"href":"https:\/\/siljakeranen.fi\/blogi\/wp-json\/wp\/v2\/tags?post=555"}],"curies":[{"name":"wp","href":"https:\/\/api.w.org\/{rel}","templated":true}]}}