{"id":721,"date":"2015-01-27T12:53:07","date_gmt":"2015-01-27T10:53:07","guid":{"rendered":"http:\/\/siljakeranen.fi\/blogi\/?p=721"},"modified":"2015-01-27T12:58:35","modified_gmt":"2015-01-27T10:58:35","slug":"poliitikon-dilemma-osa-3-edunvalvontayhteiskunta","status":"publish","type":"post","link":"https:\/\/siljakeranen.fi\/blogi\/poliitikon-dilemma-osa-3-edunvalvontayhteiskunta\/","title":{"rendered":"Poliitikon dilemma, osa 3: Edunvalvontayhteiskunta"},"content":{"rendered":"<div>Keliakiayhdistys, Suomen Yritt\u00e4j\u00e4t, Omaishoitajat ja l\u00e4heiset, Apteekkariliitto, Teknologiateollisuus, OAJ, kansalaisj\u00e4rjest\u00f6jen yhteenliittym\u00e4&#8230; Yhteydenottoja kansanedustajaehdokkaille on riitt\u00e4nyt. K\u00e4rjist\u00e4en &#8211; jokaisella j\u00e4rjest\u00f6ll\u00e4 on omat teesins\u00e4, joita se haluaa edistett\u00e4v\u00e4n. Sitten me ehdokkaat kilvan n\u00e4it\u00e4 teesej\u00e4 peukutamme ja lupaamme panoksia milloin koulutukseen ja milloin puolustusm\u00e4\u00e4r\u00e4rahoihin.<\/div>\n<div><\/div>\n<p><\/p>\n<div>Eih\u00e4n t\u00e4st\u00e4 n\u00e4in hyv\u00e4 tule. Jokainen ehdokas ja \u00e4\u00e4nest\u00e4j\u00e4 tiet\u00e4\u00e4, ett\u00e4 rahaa ei ole ylim\u00e4\u00e4rin. Siksi kai edunvalvontaj\u00e4rjest\u00f6t ovatkin aktivoituneet ja toitottavat omaa agendaansa. Vaaliteesien sijaan pit\u00e4isi mietti\u00e4, mist\u00e4 saavutetuista eduista oltaisiin valmiita luopumaan. Ja mit\u00e4 me voisimme tehd\u00e4 tilanteen parantamiseksi. Jokainen meist\u00e4.<\/div>\n<div><\/div>\n<p><\/p>\n<div>Edunajaminen on v\u00e4h\u00e4n kuin armeijoiden yll\u00e4pito. Kun naapurimaalla on armeija, meill\u00e4kin on pakko olla. Vaikka parhaimmassa tilanteessa ei olisi kell\u00e4\u00e4n. Kun nuokin ajaa omaa etuaan noin vahvasti, niin meid\u00e4nkin on pakko. Ettei j\u00e4\u00e4d\u00e4 jalkoihin.<\/div>\n<div>Ja n\u00e4in edunvalvontayhteiskunta on valmis.<\/div>\n<div><\/div>\n<p><\/p>\n<div>T\u00e4llaisen yhteiskunnan kaikista huolestuttavin puoli on se, ett\u00e4 kuka pit\u00e4\u00e4 huolta hiljaisista. Lapsista, tulevista sukupolvista, luonnosta, huono-osaisista. Eiv\u00e4t ne ole siin\u00e4 kuorossa, jossa koviten huudetaan. Ja \u00e4\u00e4ni\u00e4kin vaaleissa annettaviksi sielt\u00e4 l\u00f6ytyy v\u00e4h\u00e4nlaisesti.<\/div>\n<p><\/p>\n<div style=\"padding-bottom:20px; padding-top:10px;\" class=\"hupso-share-buttons\"><!-- Hupso Share Buttons - https:\/\/www.hupso.com\/share\/ --><a class=\"hupso_counters\" href=\"https:\/\/www.hupso.com\/share\/\"><img decoding=\"async\" src=\"https:\/\/static.hupso.com\/share\/buttons\/share-small.png\" style=\"border:0px; padding-top:2px; float:left;\" alt=\"Share Button\"\/><\/a><script type=\"text\/javascript\">var hupso_services_c=new Array(\"twitter\",\"facebook_like\",\"facebook_send\",\"google\");var hupso_counters_lang = \"en_US\";var hupso_image_folder_url = \"\";var hupso_url_c=\"\";var hupso_title_c=\"Poliitikon%20dilemma%2C%20osa%203%3A%20Edunvalvontayhteiskunta\";<\/script><script type=\"text\/javascript\" src=\"https:\/\/static.hupso.com\/share\/js\/counters.js\"><\/script><!-- Hupso Share Buttons --><\/div>","protected":false},"excerpt":{"rendered":"<p>Keliakiayhdistys, Suomen Yritt\u00e4j\u00e4t, Omaishoitajat ja l\u00e4heiset, Apteekkariliitto, Teknologiateollisuus, OAJ, kansalaisj\u00e4rjest\u00f6jen yhteenliittym\u00e4&#8230; Yhteydenottoja kansanedustajaehdokkaille on riitt\u00e4nyt. K\u00e4rjist\u00e4en &#8211; jokaisella j\u00e4rjest\u00f6ll\u00e4 on omat teesins\u00e4, joita se haluaa edistett\u00e4v\u00e4n. Sitten me ehdokkaat kilvan n\u00e4it\u00e4 teesej\u00e4 peukutamme ja lupaamme panoksia milloin koulutukseen ja milloin puolustusm\u00e4\u00e4r\u00e4rahoihin. Eih\u00e4n t\u00e4st\u00e4 n\u00e4in hyv\u00e4 tule. Jokainen ehdokas ja \u00e4\u00e4nest\u00e4j\u00e4 tiet\u00e4\u00e4, ett\u00e4 rahaa ei ole [&hellip;]<\/p>\n<div style=\"padding-bottom:20px; padding-top:10px;\" class=\"hupso-share-buttons\"><!-- Hupso Share Buttons - https:\/\/www.hupso.com\/share\/ --><a class=\"hupso_counters\" href=\"https:\/\/www.hupso.com\/share\/\"><img src=\"https:\/\/static.hupso.com\/share\/buttons\/share-small.png\" style=\"border:0px; padding-top:2px; float:left;\" alt=\"Share Button\"\/><\/a><script type=\"text\/javascript\">var hupso_services_c=new Array(\"twitter\",\"facebook_like\",\"facebook_send\",\"google\");var hupso_counters_lang = \"en_US\";var hupso_image_folder_url = \"\";var hupso_url_c=\"\";var hupso_title_c=\"Poliitikon%20dilemma%2C%20osa%203%3A%20Edunvalvontayhteiskunta\";<\/script><script type=\"text\/javascript\" src=\"https:\/\/static.hupso.com\/share\/js\/counters.js\"><\/script><!-- Hupso Share Buttons --><\/div>","protected":false},"author":1,"featured_media":0,"comment_status":"open","ping_status":"closed","sticky":false,"template":"","format":"standard","meta":{"ngg_post_thumbnail":0,"footnotes":""},"categories":[13,14,6],"tags":[],"class_list":["post-721","post","type-post","status-publish","format-standard","hentry","category-eduskuntavaalit","category-poliitikon-dilemma","category-politiikka"],"yoast_head":"<!-- This site is optimized with the Yoast SEO plugin v27.3 - https:\/\/yoast.com\/product\/yoast-seo-wordpress\/ -->\n<title>Poliitikon dilemma, osa 3: Edunvalvontayhteiskunta - Silja Ker\u00e4nen<\/title>\n<meta name=\"robots\" content=\"index, follow, max-snippet:-1, max-image-preview:large, max-video-preview:-1\" \/>\n<link rel=\"canonical\" href=\"https:\/\/siljakeranen.fi\/blogi\/poliitikon-dilemma-osa-3-edunvalvontayhteiskunta\/\" \/>\n<meta property=\"og:locale\" content=\"fi_FI\" \/>\n<meta property=\"og:type\" content=\"article\" \/>\n<meta property=\"og:title\" content=\"Poliitikon dilemma, osa 3: Edunvalvontayhteiskunta - Silja Ker\u00e4nen\" \/>\n<meta property=\"og:description\" content=\"Keliakiayhdistys, Suomen Yritt\u00e4j\u00e4t, Omaishoitajat ja l\u00e4heiset, Apteekkariliitto, Teknologiateollisuus, OAJ, kansalaisj\u00e4rjest\u00f6jen yhteenliittym\u00e4&#8230; Yhteydenottoja kansanedustajaehdokkaille on riitt\u00e4nyt. K\u00e4rjist\u00e4en &#8211; jokaisella j\u00e4rjest\u00f6ll\u00e4 on omat teesins\u00e4, joita se haluaa edistett\u00e4v\u00e4n. Sitten me ehdokkaat kilvan n\u00e4it\u00e4 teesej\u00e4 peukutamme ja lupaamme panoksia milloin koulutukseen ja milloin puolustusm\u00e4\u00e4r\u00e4rahoihin. Eih\u00e4n t\u00e4st\u00e4 n\u00e4in hyv\u00e4 tule. Jokainen ehdokas ja \u00e4\u00e4nest\u00e4j\u00e4 tiet\u00e4\u00e4, ett\u00e4 rahaa ei ole [&hellip;]\" \/>\n<meta property=\"og:url\" content=\"https:\/\/siljakeranen.fi\/blogi\/poliitikon-dilemma-osa-3-edunvalvontayhteiskunta\/\" \/>\n<meta property=\"og:site_name\" content=\"Silja Ker\u00e4nen\" \/>\n<meta property=\"article:publisher\" content=\"https:\/\/www.facebook.com\/siljamkeranen\" \/>\n<meta property=\"article:author\" content=\"https:\/\/www.facebook.com\/siljamkeranen\" \/>\n<meta property=\"article:published_time\" content=\"2015-01-27T10:53:07+00:00\" \/>\n<meta property=\"article:modified_time\" content=\"2015-01-27T10:58:35+00:00\" \/>\n<meta property=\"og:image\" content=\"https:\/\/siljakeranen.fi\/blogi\/wp-content\/uploads\/2023\/01\/3L3A1767_valmis-pinempi.jpeg\" \/>\n\t<meta property=\"og:image:width\" content=\"1613\" \/>\n\t<meta property=\"og:image:height\" content=\"1075\" \/>\n\t<meta property=\"og:image:type\" content=\"image\/jpeg\" \/>\n<meta name=\"author\" content=\"Silja\" \/>\n<meta name=\"twitter:card\" content=\"summary_large_image\" \/>\n<meta name=\"twitter:creator\" content=\"@https:\/\/twitter.com\/SiljaMP\" \/>\n<meta name=\"twitter:site\" content=\"@SiljaMP\" \/>\n<meta name=\"twitter:label1\" content=\"Kirjoittanut\" \/>\n\t<meta name=\"twitter:data1\" content=\"Silja\" \/>\n\t<meta name=\"twitter:label2\" content=\"Arvioitu lukuaika\" \/>\n\t<meta name=\"twitter:data2\" content=\"1 minuutti\" \/>\n<script type=\"application\/ld+json\" class=\"yoast-schema-graph\">{\"@context\":\"https:\\\/\\\/schema.org\",\"@graph\":[{\"@type\":\"Article\",\"@id\":\"https:\\\/\\\/siljakeranen.fi\\\/blogi\\\/poliitikon-dilemma-osa-3-edunvalvontayhteiskunta\\\/#article\",\"isPartOf\":{\"@id\":\"https:\\\/\\\/siljakeranen.fi\\\/blogi\\\/poliitikon-dilemma-osa-3-edunvalvontayhteiskunta\\\/\"},\"author\":{\"name\":\"Silja\",\"@id\":\"https:\\\/\\\/siljakeranen.fi\\\/blogi\\\/#\\\/schema\\\/person\\\/d43605ef0d5681c1b27a4ba1fede1cf4\"},\"headline\":\"Poliitikon dilemma, osa 3: Edunvalvontayhteiskunta\",\"datePublished\":\"2015-01-27T10:53:07+00:00\",\"dateModified\":\"2015-01-27T10:58:35+00:00\",\"mainEntityOfPage\":{\"@id\":\"https:\\\/\\\/siljakeranen.fi\\\/blogi\\\/poliitikon-dilemma-osa-3-edunvalvontayhteiskunta\\\/\"},\"wordCount\":196,\"commentCount\":0,\"publisher\":{\"@id\":\"https:\\\/\\\/siljakeranen.fi\\\/blogi\\\/#\\\/schema\\\/person\\\/d43605ef0d5681c1b27a4ba1fede1cf4\"},\"articleSection\":[\"Eduskuntavaalit\",\"Poliitikon dilemma\",\"Politiikka\"],\"inLanguage\":\"fi\",\"potentialAction\":[{\"@type\":\"CommentAction\",\"name\":\"Comment\",\"target\":[\"https:\\\/\\\/siljakeranen.fi\\\/blogi\\\/poliitikon-dilemma-osa-3-edunvalvontayhteiskunta\\\/#respond\"]}]},{\"@type\":\"WebPage\",\"@id\":\"https:\\\/\\\/siljakeranen.fi\\\/blogi\\\/poliitikon-dilemma-osa-3-edunvalvontayhteiskunta\\\/\",\"url\":\"https:\\\/\\\/siljakeranen.fi\\\/blogi\\\/poliitikon-dilemma-osa-3-edunvalvontayhteiskunta\\\/\",\"name\":\"Poliitikon dilemma, osa 3: Edunvalvontayhteiskunta - Silja Ker\u00e4nen\",\"isPartOf\":{\"@id\":\"https:\\\/\\\/siljakeranen.fi\\\/blogi\\\/#website\"},\"datePublished\":\"2015-01-27T10:53:07+00:00\",\"dateModified\":\"2015-01-27T10:58:35+00:00\",\"breadcrumb\":{\"@id\":\"https:\\\/\\\/siljakeranen.fi\\\/blogi\\\/poliitikon-dilemma-osa-3-edunvalvontayhteiskunta\\\/#breadcrumb\"},\"inLanguage\":\"fi\",\"potentialAction\":[{\"@type\":\"ReadAction\",\"target\":[\"https:\\\/\\\/siljakeranen.fi\\\/blogi\\\/poliitikon-dilemma-osa-3-edunvalvontayhteiskunta\\\/\"]}]},{\"@type\":\"BreadcrumbList\",\"@id\":\"https:\\\/\\\/siljakeranen.fi\\\/blogi\\\/poliitikon-dilemma-osa-3-edunvalvontayhteiskunta\\\/#breadcrumb\",\"itemListElement\":[{\"@type\":\"ListItem\",\"position\":1,\"name\":\"Etusivu\",\"item\":\"https:\\\/\\\/siljakeranen.fi\\\/blogi\\\/\"},{\"@type\":\"ListItem\",\"position\":2,\"name\":\"Poliitikon dilemma, osa 3: Edunvalvontayhteiskunta\"}]},{\"@type\":\"WebSite\",\"@id\":\"https:\\\/\\\/siljakeranen.fi\\\/blogi\\\/#website\",\"url\":\"https:\\\/\\\/siljakeranen.fi\\\/blogi\\\/\",\"name\":\"Silja Ker\u00e4nen\",\"description\":\"Silja Ker\u00e4nen, kainuulainen vihre\u00e4 poliitikko\",\"publisher\":{\"@id\":\"https:\\\/\\\/siljakeranen.fi\\\/blogi\\\/#\\\/schema\\\/person\\\/d43605ef0d5681c1b27a4ba1fede1cf4\"},\"potentialAction\":[{\"@type\":\"SearchAction\",\"target\":{\"@type\":\"EntryPoint\",\"urlTemplate\":\"https:\\\/\\\/siljakeranen.fi\\\/blogi\\\/?s={search_term_string}\"},\"query-input\":{\"@type\":\"PropertyValueSpecification\",\"valueRequired\":true,\"valueName\":\"search_term_string\"}}],\"inLanguage\":\"fi\"},{\"@type\":[\"Person\",\"Organization\"],\"@id\":\"https:\\\/\\\/siljakeranen.fi\\\/blogi\\\/#\\\/schema\\\/person\\\/d43605ef0d5681c1b27a4ba1fede1cf4\",\"name\":\"Silja\",\"image\":{\"@type\":\"ImageObject\",\"inLanguage\":\"fi\",\"@id\":\"https:\\\/\\\/siljakeranen.fi\\\/blogi\\\/wp-content\\\/uploads\\\/2023\\\/01\\\/cropped-silja_250x100.png\",\"url\":\"https:\\\/\\\/siljakeranen.fi\\\/blogi\\\/wp-content\\\/uploads\\\/2023\\\/01\\\/cropped-silja_250x100.png\",\"contentUrl\":\"https:\\\/\\\/siljakeranen.fi\\\/blogi\\\/wp-content\\\/uploads\\\/2023\\\/01\\\/cropped-silja_250x100.png\",\"width\":250,\"height\":100,\"caption\":\"Silja\"},\"logo\":{\"@id\":\"https:\\\/\\\/siljakeranen.fi\\\/blogi\\\/wp-content\\\/uploads\\\/2023\\\/01\\\/cropped-silja_250x100.png\"},\"sameAs\":[\"http:\\\/\\\/www.siljakeranen.fi\",\"https:\\\/\\\/www.facebook.com\\\/siljamkeranen\",\"https:\\\/\\\/www.instagram.com\\\/siljakeranen\\\/\",\"https:\\\/\\\/www.linkedin.com\\\/in\\\/silja-kernen-4331b548\\\/\",\"https:\\\/\\\/x.com\\\/https:\\\/\\\/twitter.com\\\/SiljaMP\",\"https:\\\/\\\/www.youtube.com\\\/channel\\\/UC0MWeuoWP4-Mjs1z8pIv3GQ\",\"https:\\\/\\\/fi.wikipedia.org\\\/wiki\\\/Silja_Kernen\"],\"url\":\"https:\\\/\\\/siljakeranen.fi\\\/blogi\\\/author\\\/admin\\\/\"}]}<\/script>\n<!-- \/ Yoast SEO plugin. -->","yoast_head_json":{"title":"Poliitikon dilemma, osa 3: Edunvalvontayhteiskunta - Silja Ker\u00e4nen","robots":{"index":"index","follow":"follow","max-snippet":"max-snippet:-1","max-image-preview":"max-image-preview:large","max-video-preview":"max-video-preview:-1"},"canonical":"https:\/\/siljakeranen.fi\/blogi\/poliitikon-dilemma-osa-3-edunvalvontayhteiskunta\/","og_locale":"fi_FI","og_type":"article","og_title":"Poliitikon dilemma, osa 3: Edunvalvontayhteiskunta - Silja Ker\u00e4nen","og_description":"Keliakiayhdistys, Suomen Yritt\u00e4j\u00e4t, Omaishoitajat ja l\u00e4heiset, Apteekkariliitto, Teknologiateollisuus, OAJ, kansalaisj\u00e4rjest\u00f6jen yhteenliittym\u00e4&#8230; Yhteydenottoja kansanedustajaehdokkaille on riitt\u00e4nyt. K\u00e4rjist\u00e4en &#8211; jokaisella j\u00e4rjest\u00f6ll\u00e4 on omat teesins\u00e4, joita se haluaa edistett\u00e4v\u00e4n. Sitten me ehdokkaat kilvan n\u00e4it\u00e4 teesej\u00e4 peukutamme ja lupaamme panoksia milloin koulutukseen ja milloin puolustusm\u00e4\u00e4r\u00e4rahoihin. Eih\u00e4n t\u00e4st\u00e4 n\u00e4in hyv\u00e4 tule. Jokainen ehdokas ja \u00e4\u00e4nest\u00e4j\u00e4 tiet\u00e4\u00e4, ett\u00e4 rahaa ei ole [&hellip;]","og_url":"https:\/\/siljakeranen.fi\/blogi\/poliitikon-dilemma-osa-3-edunvalvontayhteiskunta\/","og_site_name":"Silja Ker\u00e4nen","article_publisher":"https:\/\/www.facebook.com\/siljamkeranen","article_author":"https:\/\/www.facebook.com\/siljamkeranen","article_published_time":"2015-01-27T10:53:07+00:00","article_modified_time":"2015-01-27T10:58:35+00:00","og_image":[{"width":1613,"height":1075,"url":"https:\/\/siljakeranen.fi\/blogi\/wp-content\/uploads\/2023\/01\/3L3A1767_valmis-pinempi.jpeg","type":"image\/jpeg"}],"author":"Silja","twitter_card":"summary_large_image","twitter_creator":"@https:\/\/twitter.com\/SiljaMP","twitter_site":"@SiljaMP","twitter_misc":{"Kirjoittanut":"Silja","Arvioitu lukuaika":"1 minuutti"},"schema":{"@context":"https:\/\/schema.org","@graph":[{"@type":"Article","@id":"https:\/\/siljakeranen.fi\/blogi\/poliitikon-dilemma-osa-3-edunvalvontayhteiskunta\/#article","isPartOf":{"@id":"https:\/\/siljakeranen.fi\/blogi\/poliitikon-dilemma-osa-3-edunvalvontayhteiskunta\/"},"author":{"name":"Silja","@id":"https:\/\/siljakeranen.fi\/blogi\/#\/schema\/person\/d43605ef0d5681c1b27a4ba1fede1cf4"},"headline":"Poliitikon dilemma, osa 3: Edunvalvontayhteiskunta","datePublished":"2015-01-27T10:53:07+00:00","dateModified":"2015-01-27T10:58:35+00:00","mainEntityOfPage":{"@id":"https:\/\/siljakeranen.fi\/blogi\/poliitikon-dilemma-osa-3-edunvalvontayhteiskunta\/"},"wordCount":196,"commentCount":0,"publisher":{"@id":"https:\/\/siljakeranen.fi\/blogi\/#\/schema\/person\/d43605ef0d5681c1b27a4ba1fede1cf4"},"articleSection":["Eduskuntavaalit","Poliitikon dilemma","Politiikka"],"inLanguage":"fi","potentialAction":[{"@type":"CommentAction","name":"Comment","target":["https:\/\/siljakeranen.fi\/blogi\/poliitikon-dilemma-osa-3-edunvalvontayhteiskunta\/#respond"]}]},{"@type":"WebPage","@id":"https:\/\/siljakeranen.fi\/blogi\/poliitikon-dilemma-osa-3-edunvalvontayhteiskunta\/","url":"https:\/\/siljakeranen.fi\/blogi\/poliitikon-dilemma-osa-3-edunvalvontayhteiskunta\/","name":"Poliitikon dilemma, osa 3: Edunvalvontayhteiskunta - Silja Ker\u00e4nen","isPartOf":{"@id":"https:\/\/siljakeranen.fi\/blogi\/#website"},"datePublished":"2015-01-27T10:53:07+00:00","dateModified":"2015-01-27T10:58:35+00:00","breadcrumb":{"@id":"https:\/\/siljakeranen.fi\/blogi\/poliitikon-dilemma-osa-3-edunvalvontayhteiskunta\/#breadcrumb"},"inLanguage":"fi","potentialAction":[{"@type":"ReadAction","target":["https:\/\/siljakeranen.fi\/blogi\/poliitikon-dilemma-osa-3-edunvalvontayhteiskunta\/"]}]},{"@type":"BreadcrumbList","@id":"https:\/\/siljakeranen.fi\/blogi\/poliitikon-dilemma-osa-3-edunvalvontayhteiskunta\/#breadcrumb","itemListElement":[{"@type":"ListItem","position":1,"name":"Etusivu","item":"https:\/\/siljakeranen.fi\/blogi\/"},{"@type":"ListItem","position":2,"name":"Poliitikon dilemma, osa 3: Edunvalvontayhteiskunta"}]},{"@type":"WebSite","@id":"https:\/\/siljakeranen.fi\/blogi\/#website","url":"https:\/\/siljakeranen.fi\/blogi\/","name":"Silja Ker\u00e4nen","description":"Silja Ker\u00e4nen, kainuulainen vihre\u00e4 poliitikko","publisher":{"@id":"https:\/\/siljakeranen.fi\/blogi\/#\/schema\/person\/d43605ef0d5681c1b27a4ba1fede1cf4"},"potentialAction":[{"@type":"SearchAction","target":{"@type":"EntryPoint","urlTemplate":"https:\/\/siljakeranen.fi\/blogi\/?s={search_term_string}"},"query-input":{"@type":"PropertyValueSpecification","valueRequired":true,"valueName":"search_term_string"}}],"inLanguage":"fi"},{"@type":["Person","Organization"],"@id":"https:\/\/siljakeranen.fi\/blogi\/#\/schema\/person\/d43605ef0d5681c1b27a4ba1fede1cf4","name":"Silja","image":{"@type":"ImageObject","inLanguage":"fi","@id":"https:\/\/siljakeranen.fi\/blogi\/wp-content\/uploads\/2023\/01\/cropped-silja_250x100.png","url":"https:\/\/siljakeranen.fi\/blogi\/wp-content\/uploads\/2023\/01\/cropped-silja_250x100.png","contentUrl":"https:\/\/siljakeranen.fi\/blogi\/wp-content\/uploads\/2023\/01\/cropped-silja_250x100.png","width":250,"height":100,"caption":"Silja"},"logo":{"@id":"https:\/\/siljakeranen.fi\/blogi\/wp-content\/uploads\/2023\/01\/cropped-silja_250x100.png"},"sameAs":["http:\/\/www.siljakeranen.fi","https:\/\/www.facebook.com\/siljamkeranen","https:\/\/www.instagram.com\/siljakeranen\/","https:\/\/www.linkedin.com\/in\/silja-kernen-4331b548\/","https:\/\/x.com\/https:\/\/twitter.com\/SiljaMP","https:\/\/www.youtube.com\/channel\/UC0MWeuoWP4-Mjs1z8pIv3GQ","https:\/\/fi.wikipedia.org\/wiki\/Silja_Kernen"],"url":"https:\/\/siljakeranen.fi\/blogi\/author\/admin\/"}]}},"_links":{"self":[{"href":"https:\/\/siljakeranen.fi\/blogi\/wp-json\/wp\/v2\/posts\/721","targetHints":{"allow":["GET"]}}],"collection":[{"href":"https:\/\/siljakeranen.fi\/blogi\/wp-json\/wp\/v2\/posts"}],"about":[{"href":"https:\/\/siljakeranen.fi\/blogi\/wp-json\/wp\/v2\/types\/post"}],"author":[{"embeddable":true,"href":"https:\/\/siljakeranen.fi\/blogi\/wp-json\/wp\/v2\/users\/1"}],"replies":[{"embeddable":true,"href":"https:\/\/siljakeranen.fi\/blogi\/wp-json\/wp\/v2\/comments?post=721"}],"version-history":[{"count":11,"href":"https:\/\/siljakeranen.fi\/blogi\/wp-json\/wp\/v2\/posts\/721\/revisions"}],"predecessor-version":[{"id":732,"href":"https:\/\/siljakeranen.fi\/blogi\/wp-json\/wp\/v2\/posts\/721\/revisions\/732"}],"wp:attachment":[{"href":"https:\/\/siljakeranen.fi\/blogi\/wp-json\/wp\/v2\/media?parent=721"}],"wp:term":[{"taxonomy":"category","embeddable":true,"href":"https:\/\/siljakeranen.fi\/blogi\/wp-json\/wp\/v2\/categories?post=721"},{"taxonomy":"post_tag","embeddable":true,"href":"https:\/\/siljakeranen.fi\/blogi\/wp-json\/wp\/v2\/tags?post=721"}],"curies":[{"name":"wp","href":"https:\/\/api.w.org\/{rel}","templated":true}]}}