{"id":734,"date":"2015-02-02T16:16:16","date_gmt":"2015-02-02T14:16:16","guid":{"rendered":"http:\/\/siljakeranen.fi\/blogi\/?p=734"},"modified":"2020-04-25T15:21:39","modified_gmt":"2020-04-25T12:21:39","slug":"perintoveron-poisto-ei-tee-sukupolvenvaihdoksia","status":"publish","type":"post","link":"https:\/\/siljakeranen.fi\/blogi\/perintoveron-poisto-ei-tee-sukupolvenvaihdoksia\/","title":{"rendered":"Perint\u00f6veron poisto ei tee sukupolvenvaihdoksia"},"content":{"rendered":"<p>Perint\u00f6- ja lahjaveroista halutaan eroon, jotta voidaan vauhdittaa sukupolvenvaihdoksia &#8211; yrityksen tai mets\u00e4tilan siirtymist\u00e4 nuorempien omistukseen. Saanen kysy\u00e4, kuinka perint\u00f6veron poiston on ajateltu vauhdittavan sukupolvenvaihdoksia? Jos perint\u00f6veroa ei perit\u00e4, silloinhan omaisuus kannattaa siirt\u00e4\u00e4 vasta perinn\u00f6njaossa. Sukupolvenvaihdokset viiv\u00e4styv\u00e4t entisest\u00e4\u00e4n.<\/p>\n<p>Jos sukupolvenvaihdoksia halutaan oikeasti vauhdittaa, pit\u00e4isi puuttua todellisiin syihin. Ja ne todelliset syyt taitavat olla pitk\u00e4lti inhimillisi\u00e4. Omasta \u2019rakkaasta lapsesta\u2019 t\u00e4ytyy pysty\u00e4 luopumaan. T\u00e4ytyy l\u00f6yt\u00e4\u00e4 sopiva jatkaja. T\u00e4ytyy kyet\u00e4 puhumaan asioista perheess\u00e4 ja suvussa. T\u00e4ytyy ymm\u00e4rt\u00e4\u00e4, ettei tasapuolisuus en\u00e4\u00e4 nykyaikana tarkoita sit\u00e4, ett\u00e4 jokainen sisarus vie talosta oman kamarinsa. T\u00e4ytyy tunnistaa se hetki, jolloin sukupolvenvaihdos on hyv\u00e4 tehd\u00e4. N\u00e4m\u00e4 ovat ihan todella vaikeita asioita, mutta siksi juuri t\u00e4rkeit\u00e4 tunnistaa.<\/p>\n<p>Mielest\u00e4ni on reilua maksaa siirtyv\u00e4st\u00e4 omaisuudesta jotakin. Kaikilla ei ole mit\u00e4 siirt\u00e4\u00e4, joten perint\u00f6- ja lahjaverot ovat keskeisi\u00e4 eriarvoisuuden tasaamisen ja yhteiskunnallisen oikeudenmukaisuuden kannalta.<\/p>\n<p>Sukupolvenvaihdoksia vauhdittaaksemme olisi saatava aikaan kulttuuri \u201dtehk\u00e4\u00e4 p\u00e4\u00e4t\u00f6kset viel\u00e4 kun olette kaikki j\u00e4rjiss\u00e4nne\u201d \u2013 kuten Pohjois-Pirkanmaalla kuuluu 70-luvulla olleen pitk\u00e4lti maatalous- ja mets\u00e4neuvojien ansiosta. Ja muistettava, ett\u00e4 huonoin p\u00e4\u00e4t\u00f6s on tekem\u00e4t\u00f6n p\u00e4\u00e4t\u00f6s. Yritystoiminnan ja\/tai mets\u00e4talouden on tietysti oltava taloudellisesti kannattavaa. T\u00e4ll\u00f6in sukupolvenvaihdoksesta jotain maksaminen on ok, kun lahjaveron tai kauppasumman saa tuloina takaisin. Lainaa sukupolvenvaihdoksiin t\u00e4ytyy olla saatavilla ja lahjaveroon neuvoteltavissa riitt\u00e4v\u00e4n pitk\u00e4 maksuaika. Veroissa olisi paikallaan, ett\u00e4 sisarusten lapsille lahjoitettaessa \/ myyt\u00e4ess\u00e4 kuuluisi my\u00f6s huokeampaan veroluokkaan.<\/p>\n<p>Silja Ker\u00e4nen<br \/>\nYmp\u00e4rist\u00f6tekniikan DI<br \/>\nEduskuntavaaliehdokas (vihr.)<br \/>\nKajaani<\/p>\n<p>Julkaistu Maaseudun tulevaisuudessa 2.2.2015:<\/p>\n<p><a href=\"http:\/\/siljakeranen.fi\/blogi\/wp-content\/uploads\/2015\/02\/2015-01-Maaseudun-tulevaisuus-Perint\u00f6-ja-lahjavero.jpg\"><img loading=\"lazy\" decoding=\"async\" class=\"alignleft wp-image-735 size-large\" src=\"http:\/\/siljakeranen.fi\/blogi\/wp-content\/uploads\/2015\/02\/2015-01-Maaseudun-tulevaisuus-Perint\u00f6-ja-lahjavero-659x1024.jpg\" alt=\"2015-01-Maaseudun tulevaisuus - Perint\u00f6- ja lahjavero\" width=\"659\" height=\"1024\" srcset=\"https:\/\/siljakeranen.fi\/blogi\/wp-content\/uploads\/2015\/02\/2015-01-Maaseudun-tulevaisuus-Perint\u00f6-ja-lahjavero-659x1024.jpg 659w, https:\/\/siljakeranen.fi\/blogi\/wp-content\/uploads\/2015\/02\/2015-01-Maaseudun-tulevaisuus-Perint\u00f6-ja-lahjavero-193x300.jpg 193w, https:\/\/siljakeranen.fi\/blogi\/wp-content\/uploads\/2015\/02\/2015-01-Maaseudun-tulevaisuus-Perint\u00f6-ja-lahjavero.jpg 1537w\" sizes=\"auto, (max-width: 659px) 100vw, 659px\" \/><\/a><\/p>\n<div style=\"padding-bottom:20px; padding-top:10px;\" class=\"hupso-share-buttons\"><!-- Hupso Share Buttons - https:\/\/www.hupso.com\/share\/ --><a class=\"hupso_counters\" href=\"https:\/\/www.hupso.com\/share\/\"><img decoding=\"async\" src=\"https:\/\/static.hupso.com\/share\/buttons\/share-small.png\" style=\"border:0px; padding-top:2px; float:left;\" alt=\"Share Button\"\/><\/a><script type=\"text\/javascript\">var hupso_services_c=new Array(\"twitter\",\"facebook_like\",\"facebook_send\",\"google\");var hupso_counters_lang = \"en_US\";var hupso_image_folder_url = \"\";var hupso_url_c=\"\";var hupso_title_c=\"Perint%C3%B6veron%20poisto%20ei%20tee%20sukupolvenvaihdoksia\";<\/script><script type=\"text\/javascript\" src=\"https:\/\/static.hupso.com\/share\/js\/counters.js\"><\/script><!-- Hupso Share Buttons --><\/div>","protected":false},"excerpt":{"rendered":"<p>Perint\u00f6- ja lahjaveroista halutaan eroon, jotta voidaan vauhdittaa sukupolvenvaihdoksia &#8211; yrityksen tai mets\u00e4tilan siirtymist\u00e4 nuorempien omistukseen. Saanen kysy\u00e4, kuinka perint\u00f6veron poiston on ajateltu vauhdittavan sukupolvenvaihdoksia? Jos perint\u00f6veroa ei perit\u00e4, silloinhan omaisuus kannattaa siirt\u00e4\u00e4 vasta perinn\u00f6njaossa. Sukupolvenvaihdokset viiv\u00e4styv\u00e4t entisest\u00e4\u00e4n. Jos sukupolvenvaihdoksia halutaan oikeasti vauhdittaa, pit\u00e4isi puuttua todellisiin syihin. Ja ne todelliset syyt taitavat olla pitk\u00e4lti inhimillisi\u00e4. [&hellip;]<\/p>\n<div style=\"padding-bottom:20px; padding-top:10px;\" class=\"hupso-share-buttons\"><!-- Hupso Share Buttons - https:\/\/www.hupso.com\/share\/ --><a class=\"hupso_counters\" href=\"https:\/\/www.hupso.com\/share\/\"><img src=\"https:\/\/static.hupso.com\/share\/buttons\/share-small.png\" style=\"border:0px; padding-top:2px; float:left;\" alt=\"Share Button\"\/><\/a><script type=\"text\/javascript\">var hupso_services_c=new Array(\"twitter\",\"facebook_like\",\"facebook_send\",\"google\");var hupso_counters_lang = \"en_US\";var hupso_image_folder_url = \"\";var hupso_url_c=\"\";var hupso_title_c=\"Perint%C3%B6veron%20poisto%20ei%20tee%20sukupolvenvaihdoksia\";<\/script><script type=\"text\/javascript\" src=\"https:\/\/static.hupso.com\/share\/js\/counters.js\"><\/script><!-- Hupso Share Buttons --><\/div>","protected":false},"author":1,"featured_media":0,"comment_status":"open","ping_status":"closed","sticky":false,"template":"","format":"standard","meta":{"ngg_post_thumbnail":0,"footnotes":""},"categories":[13,20,6,30],"tags":[],"class_list":["post-734","post","type-post","status-publish","format-standard","hentry","category-eduskuntavaalit","category-metsa","category-politiikka","category-yrittajyys-elinkeinot"],"yoast_head":"<!-- This site is optimized with the Yoast SEO plugin v27.3 - https:\/\/yoast.com\/product\/yoast-seo-wordpress\/ -->\n<title>Perint\u00f6veron poisto ei tee sukupolvenvaihdoksia - Silja Ker\u00e4nen<\/title>\n<meta name=\"robots\" content=\"index, follow, max-snippet:-1, max-image-preview:large, max-video-preview:-1\" \/>\n<link rel=\"canonical\" href=\"https:\/\/siljakeranen.fi\/blogi\/perintoveron-poisto-ei-tee-sukupolvenvaihdoksia\/\" \/>\n<meta property=\"og:locale\" content=\"fi_FI\" \/>\n<meta property=\"og:type\" content=\"article\" \/>\n<meta property=\"og:title\" content=\"Perint\u00f6veron poisto ei tee sukupolvenvaihdoksia - Silja Ker\u00e4nen\" \/>\n<meta property=\"og:description\" content=\"Perint\u00f6- ja lahjaveroista halutaan eroon, jotta voidaan vauhdittaa sukupolvenvaihdoksia &#8211; yrityksen tai mets\u00e4tilan siirtymist\u00e4 nuorempien omistukseen. Saanen kysy\u00e4, kuinka perint\u00f6veron poiston on ajateltu vauhdittavan sukupolvenvaihdoksia? Jos perint\u00f6veroa ei perit\u00e4, silloinhan omaisuus kannattaa siirt\u00e4\u00e4 vasta perinn\u00f6njaossa. Sukupolvenvaihdokset viiv\u00e4styv\u00e4t entisest\u00e4\u00e4n. Jos sukupolvenvaihdoksia halutaan oikeasti vauhdittaa, pit\u00e4isi puuttua todellisiin syihin. Ja ne todelliset syyt taitavat olla pitk\u00e4lti inhimillisi\u00e4. [&hellip;]\" \/>\n<meta property=\"og:url\" content=\"https:\/\/siljakeranen.fi\/blogi\/perintoveron-poisto-ei-tee-sukupolvenvaihdoksia\/\" \/>\n<meta property=\"og:site_name\" content=\"Silja Ker\u00e4nen\" \/>\n<meta property=\"article:publisher\" content=\"https:\/\/www.facebook.com\/siljamkeranen\" \/>\n<meta property=\"article:author\" content=\"https:\/\/www.facebook.com\/siljamkeranen\" \/>\n<meta property=\"article:published_time\" content=\"2015-02-02T14:16:16+00:00\" \/>\n<meta property=\"article:modified_time\" content=\"2020-04-25T12:21:39+00:00\" \/>\n<meta property=\"og:image\" content=\"http:\/\/siljakeranen.fi\/blogi\/wp-content\/uploads\/2015\/02\/2015-01-Maaseudun-tulevaisuus-Perint\u00f6-ja-lahjavero-659x1024.jpg\" \/>\n<meta name=\"author\" content=\"Silja\" \/>\n<meta name=\"twitter:card\" content=\"summary_large_image\" \/>\n<meta name=\"twitter:creator\" content=\"@https:\/\/twitter.com\/SiljaMP\" \/>\n<meta name=\"twitter:site\" content=\"@SiljaMP\" \/>\n<meta name=\"twitter:label1\" content=\"Kirjoittanut\" \/>\n\t<meta name=\"twitter:data1\" content=\"Silja\" \/>\n\t<meta name=\"twitter:label2\" content=\"Arvioitu lukuaika\" \/>\n\t<meta name=\"twitter:data2\" content=\"1 minuutti\" \/>\n<script type=\"application\/ld+json\" class=\"yoast-schema-graph\">{\"@context\":\"https:\\\/\\\/schema.org\",\"@graph\":[{\"@type\":\"Article\",\"@id\":\"https:\\\/\\\/siljakeranen.fi\\\/blogi\\\/perintoveron-poisto-ei-tee-sukupolvenvaihdoksia\\\/#article\",\"isPartOf\":{\"@id\":\"https:\\\/\\\/siljakeranen.fi\\\/blogi\\\/perintoveron-poisto-ei-tee-sukupolvenvaihdoksia\\\/\"},\"author\":{\"name\":\"Silja\",\"@id\":\"https:\\\/\\\/siljakeranen.fi\\\/blogi\\\/#\\\/schema\\\/person\\\/d43605ef0d5681c1b27a4ba1fede1cf4\"},\"headline\":\"Perint\u00f6veron poisto ei tee sukupolvenvaihdoksia\",\"datePublished\":\"2015-02-02T14:16:16+00:00\",\"dateModified\":\"2020-04-25T12:21:39+00:00\",\"mainEntityOfPage\":{\"@id\":\"https:\\\/\\\/siljakeranen.fi\\\/blogi\\\/perintoveron-poisto-ei-tee-sukupolvenvaihdoksia\\\/\"},\"wordCount\":268,\"commentCount\":0,\"publisher\":{\"@id\":\"https:\\\/\\\/siljakeranen.fi\\\/blogi\\\/#\\\/schema\\\/person\\\/d43605ef0d5681c1b27a4ba1fede1cf4\"},\"articleSection\":[\"Eduskuntavaalit\",\"Mets\u00e4\",\"Politiikka\",\"Yritt\u00e4jyys &amp; elinkeinot\"],\"inLanguage\":\"fi\",\"potentialAction\":[{\"@type\":\"CommentAction\",\"name\":\"Comment\",\"target\":[\"https:\\\/\\\/siljakeranen.fi\\\/blogi\\\/perintoveron-poisto-ei-tee-sukupolvenvaihdoksia\\\/#respond\"]}]},{\"@type\":\"WebPage\",\"@id\":\"https:\\\/\\\/siljakeranen.fi\\\/blogi\\\/perintoveron-poisto-ei-tee-sukupolvenvaihdoksia\\\/\",\"url\":\"https:\\\/\\\/siljakeranen.fi\\\/blogi\\\/perintoveron-poisto-ei-tee-sukupolvenvaihdoksia\\\/\",\"name\":\"Perint\u00f6veron poisto ei tee sukupolvenvaihdoksia - Silja Ker\u00e4nen\",\"isPartOf\":{\"@id\":\"https:\\\/\\\/siljakeranen.fi\\\/blogi\\\/#website\"},\"datePublished\":\"2015-02-02T14:16:16+00:00\",\"dateModified\":\"2020-04-25T12:21:39+00:00\",\"breadcrumb\":{\"@id\":\"https:\\\/\\\/siljakeranen.fi\\\/blogi\\\/perintoveron-poisto-ei-tee-sukupolvenvaihdoksia\\\/#breadcrumb\"},\"inLanguage\":\"fi\",\"potentialAction\":[{\"@type\":\"ReadAction\",\"target\":[\"https:\\\/\\\/siljakeranen.fi\\\/blogi\\\/perintoveron-poisto-ei-tee-sukupolvenvaihdoksia\\\/\"]}]},{\"@type\":\"BreadcrumbList\",\"@id\":\"https:\\\/\\\/siljakeranen.fi\\\/blogi\\\/perintoveron-poisto-ei-tee-sukupolvenvaihdoksia\\\/#breadcrumb\",\"itemListElement\":[{\"@type\":\"ListItem\",\"position\":1,\"name\":\"Etusivu\",\"item\":\"https:\\\/\\\/siljakeranen.fi\\\/blogi\\\/\"},{\"@type\":\"ListItem\",\"position\":2,\"name\":\"Perint\u00f6veron poisto ei tee sukupolvenvaihdoksia\"}]},{\"@type\":\"WebSite\",\"@id\":\"https:\\\/\\\/siljakeranen.fi\\\/blogi\\\/#website\",\"url\":\"https:\\\/\\\/siljakeranen.fi\\\/blogi\\\/\",\"name\":\"Silja Ker\u00e4nen\",\"description\":\"Silja Ker\u00e4nen, kainuulainen vihre\u00e4 poliitikko\",\"publisher\":{\"@id\":\"https:\\\/\\\/siljakeranen.fi\\\/blogi\\\/#\\\/schema\\\/person\\\/d43605ef0d5681c1b27a4ba1fede1cf4\"},\"potentialAction\":[{\"@type\":\"SearchAction\",\"target\":{\"@type\":\"EntryPoint\",\"urlTemplate\":\"https:\\\/\\\/siljakeranen.fi\\\/blogi\\\/?s={search_term_string}\"},\"query-input\":{\"@type\":\"PropertyValueSpecification\",\"valueRequired\":true,\"valueName\":\"search_term_string\"}}],\"inLanguage\":\"fi\"},{\"@type\":[\"Person\",\"Organization\"],\"@id\":\"https:\\\/\\\/siljakeranen.fi\\\/blogi\\\/#\\\/schema\\\/person\\\/d43605ef0d5681c1b27a4ba1fede1cf4\",\"name\":\"Silja\",\"image\":{\"@type\":\"ImageObject\",\"inLanguage\":\"fi\",\"@id\":\"https:\\\/\\\/siljakeranen.fi\\\/blogi\\\/wp-content\\\/uploads\\\/2023\\\/01\\\/cropped-silja_250x100.png\",\"url\":\"https:\\\/\\\/siljakeranen.fi\\\/blogi\\\/wp-content\\\/uploads\\\/2023\\\/01\\\/cropped-silja_250x100.png\",\"contentUrl\":\"https:\\\/\\\/siljakeranen.fi\\\/blogi\\\/wp-content\\\/uploads\\\/2023\\\/01\\\/cropped-silja_250x100.png\",\"width\":250,\"height\":100,\"caption\":\"Silja\"},\"logo\":{\"@id\":\"https:\\\/\\\/siljakeranen.fi\\\/blogi\\\/wp-content\\\/uploads\\\/2023\\\/01\\\/cropped-silja_250x100.png\"},\"sameAs\":[\"http:\\\/\\\/www.siljakeranen.fi\",\"https:\\\/\\\/www.facebook.com\\\/siljamkeranen\",\"https:\\\/\\\/www.instagram.com\\\/siljakeranen\\\/\",\"https:\\\/\\\/www.linkedin.com\\\/in\\\/silja-kernen-4331b548\\\/\",\"https:\\\/\\\/x.com\\\/https:\\\/\\\/twitter.com\\\/SiljaMP\",\"https:\\\/\\\/www.youtube.com\\\/channel\\\/UC0MWeuoWP4-Mjs1z8pIv3GQ\",\"https:\\\/\\\/fi.wikipedia.org\\\/wiki\\\/Silja_Kernen\"],\"url\":\"https:\\\/\\\/siljakeranen.fi\\\/blogi\\\/author\\\/admin\\\/\"}]}<\/script>\n<!-- \/ Yoast SEO plugin. -->","yoast_head_json":{"title":"Perint\u00f6veron poisto ei tee sukupolvenvaihdoksia - Silja Ker\u00e4nen","robots":{"index":"index","follow":"follow","max-snippet":"max-snippet:-1","max-image-preview":"max-image-preview:large","max-video-preview":"max-video-preview:-1"},"canonical":"https:\/\/siljakeranen.fi\/blogi\/perintoveron-poisto-ei-tee-sukupolvenvaihdoksia\/","og_locale":"fi_FI","og_type":"article","og_title":"Perint\u00f6veron poisto ei tee sukupolvenvaihdoksia - Silja Ker\u00e4nen","og_description":"Perint\u00f6- ja lahjaveroista halutaan eroon, jotta voidaan vauhdittaa sukupolvenvaihdoksia &#8211; yrityksen tai mets\u00e4tilan siirtymist\u00e4 nuorempien omistukseen. Saanen kysy\u00e4, kuinka perint\u00f6veron poiston on ajateltu vauhdittavan sukupolvenvaihdoksia? Jos perint\u00f6veroa ei perit\u00e4, silloinhan omaisuus kannattaa siirt\u00e4\u00e4 vasta perinn\u00f6njaossa. Sukupolvenvaihdokset viiv\u00e4styv\u00e4t entisest\u00e4\u00e4n. Jos sukupolvenvaihdoksia halutaan oikeasti vauhdittaa, pit\u00e4isi puuttua todellisiin syihin. Ja ne todelliset syyt taitavat olla pitk\u00e4lti inhimillisi\u00e4. [&hellip;]","og_url":"https:\/\/siljakeranen.fi\/blogi\/perintoveron-poisto-ei-tee-sukupolvenvaihdoksia\/","og_site_name":"Silja Ker\u00e4nen","article_publisher":"https:\/\/www.facebook.com\/siljamkeranen","article_author":"https:\/\/www.facebook.com\/siljamkeranen","article_published_time":"2015-02-02T14:16:16+00:00","article_modified_time":"2020-04-25T12:21:39+00:00","og_image":[{"url":"http:\/\/siljakeranen.fi\/blogi\/wp-content\/uploads\/2015\/02\/2015-01-Maaseudun-tulevaisuus-Perint\u00f6-ja-lahjavero-659x1024.jpg","type":"","width":"","height":""}],"author":"Silja","twitter_card":"summary_large_image","twitter_creator":"@https:\/\/twitter.com\/SiljaMP","twitter_site":"@SiljaMP","twitter_misc":{"Kirjoittanut":"Silja","Arvioitu lukuaika":"1 minuutti"},"schema":{"@context":"https:\/\/schema.org","@graph":[{"@type":"Article","@id":"https:\/\/siljakeranen.fi\/blogi\/perintoveron-poisto-ei-tee-sukupolvenvaihdoksia\/#article","isPartOf":{"@id":"https:\/\/siljakeranen.fi\/blogi\/perintoveron-poisto-ei-tee-sukupolvenvaihdoksia\/"},"author":{"name":"Silja","@id":"https:\/\/siljakeranen.fi\/blogi\/#\/schema\/person\/d43605ef0d5681c1b27a4ba1fede1cf4"},"headline":"Perint\u00f6veron poisto ei tee sukupolvenvaihdoksia","datePublished":"2015-02-02T14:16:16+00:00","dateModified":"2020-04-25T12:21:39+00:00","mainEntityOfPage":{"@id":"https:\/\/siljakeranen.fi\/blogi\/perintoveron-poisto-ei-tee-sukupolvenvaihdoksia\/"},"wordCount":268,"commentCount":0,"publisher":{"@id":"https:\/\/siljakeranen.fi\/blogi\/#\/schema\/person\/d43605ef0d5681c1b27a4ba1fede1cf4"},"articleSection":["Eduskuntavaalit","Mets\u00e4","Politiikka","Yritt\u00e4jyys &amp; elinkeinot"],"inLanguage":"fi","potentialAction":[{"@type":"CommentAction","name":"Comment","target":["https:\/\/siljakeranen.fi\/blogi\/perintoveron-poisto-ei-tee-sukupolvenvaihdoksia\/#respond"]}]},{"@type":"WebPage","@id":"https:\/\/siljakeranen.fi\/blogi\/perintoveron-poisto-ei-tee-sukupolvenvaihdoksia\/","url":"https:\/\/siljakeranen.fi\/blogi\/perintoveron-poisto-ei-tee-sukupolvenvaihdoksia\/","name":"Perint\u00f6veron poisto ei tee sukupolvenvaihdoksia - Silja Ker\u00e4nen","isPartOf":{"@id":"https:\/\/siljakeranen.fi\/blogi\/#website"},"datePublished":"2015-02-02T14:16:16+00:00","dateModified":"2020-04-25T12:21:39+00:00","breadcrumb":{"@id":"https:\/\/siljakeranen.fi\/blogi\/perintoveron-poisto-ei-tee-sukupolvenvaihdoksia\/#breadcrumb"},"inLanguage":"fi","potentialAction":[{"@type":"ReadAction","target":["https:\/\/siljakeranen.fi\/blogi\/perintoveron-poisto-ei-tee-sukupolvenvaihdoksia\/"]}]},{"@type":"BreadcrumbList","@id":"https:\/\/siljakeranen.fi\/blogi\/perintoveron-poisto-ei-tee-sukupolvenvaihdoksia\/#breadcrumb","itemListElement":[{"@type":"ListItem","position":1,"name":"Etusivu","item":"https:\/\/siljakeranen.fi\/blogi\/"},{"@type":"ListItem","position":2,"name":"Perint\u00f6veron poisto ei tee sukupolvenvaihdoksia"}]},{"@type":"WebSite","@id":"https:\/\/siljakeranen.fi\/blogi\/#website","url":"https:\/\/siljakeranen.fi\/blogi\/","name":"Silja Ker\u00e4nen","description":"Silja Ker\u00e4nen, kainuulainen vihre\u00e4 poliitikko","publisher":{"@id":"https:\/\/siljakeranen.fi\/blogi\/#\/schema\/person\/d43605ef0d5681c1b27a4ba1fede1cf4"},"potentialAction":[{"@type":"SearchAction","target":{"@type":"EntryPoint","urlTemplate":"https:\/\/siljakeranen.fi\/blogi\/?s={search_term_string}"},"query-input":{"@type":"PropertyValueSpecification","valueRequired":true,"valueName":"search_term_string"}}],"inLanguage":"fi"},{"@type":["Person","Organization"],"@id":"https:\/\/siljakeranen.fi\/blogi\/#\/schema\/person\/d43605ef0d5681c1b27a4ba1fede1cf4","name":"Silja","image":{"@type":"ImageObject","inLanguage":"fi","@id":"https:\/\/siljakeranen.fi\/blogi\/wp-content\/uploads\/2023\/01\/cropped-silja_250x100.png","url":"https:\/\/siljakeranen.fi\/blogi\/wp-content\/uploads\/2023\/01\/cropped-silja_250x100.png","contentUrl":"https:\/\/siljakeranen.fi\/blogi\/wp-content\/uploads\/2023\/01\/cropped-silja_250x100.png","width":250,"height":100,"caption":"Silja"},"logo":{"@id":"https:\/\/siljakeranen.fi\/blogi\/wp-content\/uploads\/2023\/01\/cropped-silja_250x100.png"},"sameAs":["http:\/\/www.siljakeranen.fi","https:\/\/www.facebook.com\/siljamkeranen","https:\/\/www.instagram.com\/siljakeranen\/","https:\/\/www.linkedin.com\/in\/silja-kernen-4331b548\/","https:\/\/x.com\/https:\/\/twitter.com\/SiljaMP","https:\/\/www.youtube.com\/channel\/UC0MWeuoWP4-Mjs1z8pIv3GQ","https:\/\/fi.wikipedia.org\/wiki\/Silja_Kernen"],"url":"https:\/\/siljakeranen.fi\/blogi\/author\/admin\/"}]}},"_links":{"self":[{"href":"https:\/\/siljakeranen.fi\/blogi\/wp-json\/wp\/v2\/posts\/734","targetHints":{"allow":["GET"]}}],"collection":[{"href":"https:\/\/siljakeranen.fi\/blogi\/wp-json\/wp\/v2\/posts"}],"about":[{"href":"https:\/\/siljakeranen.fi\/blogi\/wp-json\/wp\/v2\/types\/post"}],"author":[{"embeddable":true,"href":"https:\/\/siljakeranen.fi\/blogi\/wp-json\/wp\/v2\/users\/1"}],"replies":[{"embeddable":true,"href":"https:\/\/siljakeranen.fi\/blogi\/wp-json\/wp\/v2\/comments?post=734"}],"version-history":[{"count":2,"href":"https:\/\/siljakeranen.fi\/blogi\/wp-json\/wp\/v2\/posts\/734\/revisions"}],"predecessor-version":[{"id":1975,"href":"https:\/\/siljakeranen.fi\/blogi\/wp-json\/wp\/v2\/posts\/734\/revisions\/1975"}],"wp:attachment":[{"href":"https:\/\/siljakeranen.fi\/blogi\/wp-json\/wp\/v2\/media?parent=734"}],"wp:term":[{"taxonomy":"category","embeddable":true,"href":"https:\/\/siljakeranen.fi\/blogi\/wp-json\/wp\/v2\/categories?post=734"},{"taxonomy":"post_tag","embeddable":true,"href":"https:\/\/siljakeranen.fi\/blogi\/wp-json\/wp\/v2\/tags?post=734"}],"curies":[{"name":"wp","href":"https:\/\/api.w.org\/{rel}","templated":true}]}}