{"id":738,"date":"2015-02-02T16:30:59","date_gmt":"2015-02-02T14:30:59","guid":{"rendered":"http:\/\/siljakeranen.fi\/blogi\/?p=738"},"modified":"2019-01-11T11:55:23","modified_gmt":"2019-01-11T09:55:23","slug":"sahkoa-varastoon","status":"publish","type":"post","link":"https:\/\/siljakeranen.fi\/blogi\/sahkoa-varastoon\/","title":{"rendered":"S\u00e4hk\u00f6\u00e4 varastoon"},"content":{"rendered":"<p>Ilmastonmuutoksen ja luonnonvarojen ylikulutuksen vuoksi energiapolitiikka tulee muuttumaan. Hiilidioksidip\u00e4\u00e4st\u00f6j\u00e4 on v\u00e4hennett\u00e4v\u00e4 ja uusiutumattomien luonnonvarojen tuhlauksesta on p\u00e4\u00e4st\u00e4v\u00e4 eroon. Onneksi meill\u00e4 on vaihtoehtoja. Mit\u00e4 nopeammin ne otamme k\u00e4ytt\u00f6\u00f6n, sit\u00e4 parempi niin ymp\u00e4rist\u00f6n kuin taloudenkin kest\u00e4vyyden kannalta.<\/p>\n<p>S\u00e4hk\u00f6n kulutuksen ja tuotannon on oltava joka hetki tasapainossa. Ydinvoimala tuottaa s\u00e4hk\u00f6\u00e4 koko ajan saman verran, tuulivoima taas vaihdellen ja polttoprosesseja kannattaa my\u00f6s ajaa mahdollisimman korkealla teholla koko ajan. Siksi vesivoimaa ja muuta s\u00e4\u00e4t\u00f6kapasiteettia (esimerkiksi kaasuturbiineita) tarvitaan t\u00e4m\u00e4n tasapainon yll\u00e4pit\u00e4miseen. Samoin s\u00e4hk\u00f6n tuonti ja vienti naapurimaiden kesken auttavat tasapainon yll\u00e4pidossa.<\/p>\n<p>Tulevaisuudessa meid\u00e4n tulee tuottaa s\u00e4hk\u00f6\u00e4 entist\u00e4 enemm\u00e4n uusiutuvalla energialla \u2013 auringolla ja tuulella. Biomassaa hy\u00f6dynnet\u00e4\u00e4n l\u00e4mmityksess\u00e4, liikennepolttoaineina ja s\u00e4\u00e4t\u00f6voimana. Uusiutuvien laajamittainen k\u00e4ytt\u00f6 edellytt\u00e4\u00e4 energianvarastointitapojen kehitt\u00e4mist\u00e4. Tuulisina ja aurinkoisina aikoina tuotettaisiin s\u00e4hk\u00f6\u00e4 mahdollisimman paljon. Kulutuksesta ylij\u00e4\u00e4v\u00e4 s\u00e4hk\u00f6 varastoitaisiin esimerkiksi s\u00e4hk\u00f6autojen akkuihin, pumppuvoimaloihin, vedyksi, synteettiseksi maakaasuksi&#8230; T\u00e4ss\u00e4 t\u00e4ytyy antaa mahdollisuus innovaatioihin ja teknologian kehitykseen.<\/p>\n<p>Tekniikka tulee ihan varmasti kehittym\u00e4\u00e4n, kun sille antaa mahdollisuuden. Ovathan aurinkopaneeleidenkin hinnat tippuneet 80 % vuodesta 2007. Koska tulevaisuudessa s\u00e4hk\u00f6\u00e4 tullaan varastoimaan, muuttuvat nykyiset uudet vesivoimahankehaaveilutkin tarpeettomiksi. Kollajaa ja Vuotosta ei tarvita, panokset tulisi ehdottomasti k\u00e4ytt\u00e4\u00e4 varastointitapojen kehitt\u00e4miseen. Annetaan kauniin luonnon olla ja koskien virrata vapaana, kun meill\u00e4 on oikeasti vaihtoehtoja.<\/p>\n<p>Silja Ker\u00e4nen<br \/>\nYmp\u00e4rist\u00f6tekniikan diplomi-insin\u00f6\u00f6ri<br \/>\nEduskuntavaaliehdokas (vihr.)<br \/>\nKajaani<\/p>\n<p>Julkaistu Kalevassa 1.2.2015:<\/p>\n<p><a href=\"http:\/\/siljakeranen.fi\/blogi\/wp-content\/uploads\/2015\/02\/2015-02-Kaleva-S\u00e4hk\u00f6\u00e4-varastoon.jpg\"><img loading=\"lazy\" decoding=\"async\" class=\"aligncenter size-large wp-image-736\" src=\"http:\/\/siljakeranen.fi\/blogi\/wp-content\/uploads\/2015\/02\/2015-02-Kaleva-S\u00e4hk\u00f6\u00e4-varastoon-657x1024.jpg\" alt=\"2015-02-Kaleva-S\u00e4hk\u00f6\u00e4 varastoon\" width=\"657\" height=\"1024\" srcset=\"https:\/\/siljakeranen.fi\/blogi\/wp-content\/uploads\/2015\/02\/2015-02-Kaleva-S\u00e4hk\u00f6\u00e4-varastoon-657x1024.jpg 657w, https:\/\/siljakeranen.fi\/blogi\/wp-content\/uploads\/2015\/02\/2015-02-Kaleva-S\u00e4hk\u00f6\u00e4-varastoon-193x300.jpg 193w, https:\/\/siljakeranen.fi\/blogi\/wp-content\/uploads\/2015\/02\/2015-02-Kaleva-S\u00e4hk\u00f6\u00e4-varastoon.jpg 1498w\" sizes=\"auto, (max-width: 657px) 100vw, 657px\" \/><\/a><\/p>\n<p>&nbsp;<\/p>\n<div style=\"padding-bottom:20px; padding-top:10px;\" class=\"hupso-share-buttons\"><!-- Hupso Share Buttons - https:\/\/www.hupso.com\/share\/ --><a class=\"hupso_counters\" href=\"https:\/\/www.hupso.com\/share\/\"><img decoding=\"async\" src=\"https:\/\/static.hupso.com\/share\/buttons\/share-small.png\" style=\"border:0px; padding-top:2px; float:left;\" alt=\"Share Button\"\/><\/a><script type=\"text\/javascript\">var hupso_services_c=new Array(\"twitter\",\"facebook_like\",\"facebook_send\",\"google\");var hupso_counters_lang = \"en_US\";var hupso_image_folder_url = \"\";var hupso_url_c=\"\";var hupso_title_c=\"S%C3%A4hk%C3%B6%C3%A4%20varastoon\";<\/script><script type=\"text\/javascript\" src=\"https:\/\/static.hupso.com\/share\/js\/counters.js\"><\/script><!-- Hupso Share Buttons --><\/div>","protected":false},"excerpt":{"rendered":"<p>Ilmastonmuutoksen ja luonnonvarojen ylikulutuksen vuoksi energiapolitiikka tulee muuttumaan. Hiilidioksidip\u00e4\u00e4st\u00f6j\u00e4 on v\u00e4hennett\u00e4v\u00e4 ja uusiutumattomien luonnonvarojen tuhlauksesta on p\u00e4\u00e4st\u00e4v\u00e4 eroon. Onneksi meill\u00e4 on vaihtoehtoja. Mit\u00e4 nopeammin ne otamme k\u00e4ytt\u00f6\u00f6n, sit\u00e4 parempi niin ymp\u00e4rist\u00f6n kuin taloudenkin kest\u00e4vyyden kannalta. S\u00e4hk\u00f6n kulutuksen ja tuotannon on oltava joka hetki tasapainossa. Ydinvoimala tuottaa s\u00e4hk\u00f6\u00e4 koko ajan saman verran, tuulivoima taas vaihdellen ja [&hellip;]<\/p>\n<div style=\"padding-bottom:20px; padding-top:10px;\" class=\"hupso-share-buttons\"><!-- Hupso Share Buttons - https:\/\/www.hupso.com\/share\/ --><a class=\"hupso_counters\" href=\"https:\/\/www.hupso.com\/share\/\"><img src=\"https:\/\/static.hupso.com\/share\/buttons\/share-small.png\" style=\"border:0px; padding-top:2px; float:left;\" alt=\"Share Button\"\/><\/a><script type=\"text\/javascript\">var hupso_services_c=new Array(\"twitter\",\"facebook_like\",\"facebook_send\",\"google\");var hupso_counters_lang = \"en_US\";var hupso_image_folder_url = \"\";var hupso_url_c=\"\";var hupso_title_c=\"S%C3%A4hk%C3%B6%C3%A4%20varastoon\";<\/script><script type=\"text\/javascript\" src=\"https:\/\/static.hupso.com\/share\/js\/counters.js\"><\/script><!-- Hupso Share Buttons --><\/div>","protected":false},"author":1,"featured_media":0,"comment_status":"open","ping_status":"closed","sticky":false,"template":"","format":"standard","meta":{"ngg_post_thumbnail":0,"footnotes":""},"categories":[13,28,27,26,6,10,5],"tags":[],"class_list":["post-738","post","type-post","status-publish","format-standard","hentry","category-eduskuntavaalit","category-energia","category-ilmastonmuutos","category-kaleva","category-politiikka","category-vihreat","category-ymparisto"],"yoast_head":"<!-- This site is optimized with the Yoast SEO plugin v27.3 - https:\/\/yoast.com\/product\/yoast-seo-wordpress\/ -->\n<title>S\u00e4hk\u00f6\u00e4 varastoon - Silja Ker\u00e4nen<\/title>\n<meta name=\"robots\" content=\"index, follow, max-snippet:-1, max-image-preview:large, max-video-preview:-1\" \/>\n<link rel=\"canonical\" href=\"https:\/\/siljakeranen.fi\/blogi\/sahkoa-varastoon\/\" \/>\n<meta property=\"og:locale\" content=\"fi_FI\" \/>\n<meta property=\"og:type\" content=\"article\" \/>\n<meta property=\"og:title\" content=\"S\u00e4hk\u00f6\u00e4 varastoon - Silja Ker\u00e4nen\" \/>\n<meta property=\"og:description\" content=\"Ilmastonmuutoksen ja luonnonvarojen ylikulutuksen vuoksi energiapolitiikka tulee muuttumaan. Hiilidioksidip\u00e4\u00e4st\u00f6j\u00e4 on v\u00e4hennett\u00e4v\u00e4 ja uusiutumattomien luonnonvarojen tuhlauksesta on p\u00e4\u00e4st\u00e4v\u00e4 eroon. Onneksi meill\u00e4 on vaihtoehtoja. Mit\u00e4 nopeammin ne otamme k\u00e4ytt\u00f6\u00f6n, sit\u00e4 parempi niin ymp\u00e4rist\u00f6n kuin taloudenkin kest\u00e4vyyden kannalta. S\u00e4hk\u00f6n kulutuksen ja tuotannon on oltava joka hetki tasapainossa. Ydinvoimala tuottaa s\u00e4hk\u00f6\u00e4 koko ajan saman verran, tuulivoima taas vaihdellen ja [&hellip;]\" \/>\n<meta property=\"og:url\" content=\"https:\/\/siljakeranen.fi\/blogi\/sahkoa-varastoon\/\" \/>\n<meta property=\"og:site_name\" content=\"Silja Ker\u00e4nen\" \/>\n<meta property=\"article:publisher\" content=\"https:\/\/www.facebook.com\/siljamkeranen\" \/>\n<meta property=\"article:author\" content=\"https:\/\/www.facebook.com\/siljamkeranen\" \/>\n<meta property=\"article:published_time\" content=\"2015-02-02T14:30:59+00:00\" \/>\n<meta property=\"article:modified_time\" content=\"2019-01-11T09:55:23+00:00\" \/>\n<meta property=\"og:image\" content=\"http:\/\/siljakeranen.fi\/blogi\/wp-content\/uploads\/2015\/02\/2015-02-Kaleva-S\u00e4hk\u00f6\u00e4-varastoon-657x1024.jpg\" \/>\n<meta name=\"author\" content=\"Silja\" \/>\n<meta name=\"twitter:card\" content=\"summary_large_image\" \/>\n<meta name=\"twitter:creator\" content=\"@https:\/\/twitter.com\/SiljaMP\" \/>\n<meta name=\"twitter:site\" content=\"@SiljaMP\" \/>\n<meta name=\"twitter:label1\" content=\"Kirjoittanut\" \/>\n\t<meta name=\"twitter:data1\" content=\"Silja\" \/>\n\t<meta name=\"twitter:label2\" content=\"Arvioitu lukuaika\" \/>\n\t<meta name=\"twitter:data2\" content=\"1 minuutti\" \/>\n<script type=\"application\/ld+json\" class=\"yoast-schema-graph\">{\"@context\":\"https:\\\/\\\/schema.org\",\"@graph\":[{\"@type\":\"Article\",\"@id\":\"https:\\\/\\\/siljakeranen.fi\\\/blogi\\\/sahkoa-varastoon\\\/#article\",\"isPartOf\":{\"@id\":\"https:\\\/\\\/siljakeranen.fi\\\/blogi\\\/sahkoa-varastoon\\\/\"},\"author\":{\"name\":\"Silja\",\"@id\":\"https:\\\/\\\/siljakeranen.fi\\\/blogi\\\/#\\\/schema\\\/person\\\/d43605ef0d5681c1b27a4ba1fede1cf4\"},\"headline\":\"S\u00e4hk\u00f6\u00e4 varastoon\",\"datePublished\":\"2015-02-02T14:30:59+00:00\",\"dateModified\":\"2019-01-11T09:55:23+00:00\",\"mainEntityOfPage\":{\"@id\":\"https:\\\/\\\/siljakeranen.fi\\\/blogi\\\/sahkoa-varastoon\\\/\"},\"wordCount\":246,\"commentCount\":0,\"publisher\":{\"@id\":\"https:\\\/\\\/siljakeranen.fi\\\/blogi\\\/#\\\/schema\\\/person\\\/d43605ef0d5681c1b27a4ba1fede1cf4\"},\"articleSection\":[\"Eduskuntavaalit\",\"Energia\",\"Ilmastonmuutos\",\"Kaleva\",\"Politiikka\",\"Vihre\u00e4t\",\"Ymp\u00e4rist\u00f6\"],\"inLanguage\":\"fi\",\"potentialAction\":[{\"@type\":\"CommentAction\",\"name\":\"Comment\",\"target\":[\"https:\\\/\\\/siljakeranen.fi\\\/blogi\\\/sahkoa-varastoon\\\/#respond\"]}]},{\"@type\":\"WebPage\",\"@id\":\"https:\\\/\\\/siljakeranen.fi\\\/blogi\\\/sahkoa-varastoon\\\/\",\"url\":\"https:\\\/\\\/siljakeranen.fi\\\/blogi\\\/sahkoa-varastoon\\\/\",\"name\":\"S\u00e4hk\u00f6\u00e4 varastoon - Silja Ker\u00e4nen\",\"isPartOf\":{\"@id\":\"https:\\\/\\\/siljakeranen.fi\\\/blogi\\\/#website\"},\"datePublished\":\"2015-02-02T14:30:59+00:00\",\"dateModified\":\"2019-01-11T09:55:23+00:00\",\"breadcrumb\":{\"@id\":\"https:\\\/\\\/siljakeranen.fi\\\/blogi\\\/sahkoa-varastoon\\\/#breadcrumb\"},\"inLanguage\":\"fi\",\"potentialAction\":[{\"@type\":\"ReadAction\",\"target\":[\"https:\\\/\\\/siljakeranen.fi\\\/blogi\\\/sahkoa-varastoon\\\/\"]}]},{\"@type\":\"BreadcrumbList\",\"@id\":\"https:\\\/\\\/siljakeranen.fi\\\/blogi\\\/sahkoa-varastoon\\\/#breadcrumb\",\"itemListElement\":[{\"@type\":\"ListItem\",\"position\":1,\"name\":\"Etusivu\",\"item\":\"https:\\\/\\\/siljakeranen.fi\\\/blogi\\\/\"},{\"@type\":\"ListItem\",\"position\":2,\"name\":\"S\u00e4hk\u00f6\u00e4 varastoon\"}]},{\"@type\":\"WebSite\",\"@id\":\"https:\\\/\\\/siljakeranen.fi\\\/blogi\\\/#website\",\"url\":\"https:\\\/\\\/siljakeranen.fi\\\/blogi\\\/\",\"name\":\"Silja Ker\u00e4nen\",\"description\":\"Silja Ker\u00e4nen, kainuulainen vihre\u00e4 poliitikko\",\"publisher\":{\"@id\":\"https:\\\/\\\/siljakeranen.fi\\\/blogi\\\/#\\\/schema\\\/person\\\/d43605ef0d5681c1b27a4ba1fede1cf4\"},\"potentialAction\":[{\"@type\":\"SearchAction\",\"target\":{\"@type\":\"EntryPoint\",\"urlTemplate\":\"https:\\\/\\\/siljakeranen.fi\\\/blogi\\\/?s={search_term_string}\"},\"query-input\":{\"@type\":\"PropertyValueSpecification\",\"valueRequired\":true,\"valueName\":\"search_term_string\"}}],\"inLanguage\":\"fi\"},{\"@type\":[\"Person\",\"Organization\"],\"@id\":\"https:\\\/\\\/siljakeranen.fi\\\/blogi\\\/#\\\/schema\\\/person\\\/d43605ef0d5681c1b27a4ba1fede1cf4\",\"name\":\"Silja\",\"image\":{\"@type\":\"ImageObject\",\"inLanguage\":\"fi\",\"@id\":\"https:\\\/\\\/siljakeranen.fi\\\/blogi\\\/wp-content\\\/uploads\\\/2023\\\/01\\\/cropped-silja_250x100.png\",\"url\":\"https:\\\/\\\/siljakeranen.fi\\\/blogi\\\/wp-content\\\/uploads\\\/2023\\\/01\\\/cropped-silja_250x100.png\",\"contentUrl\":\"https:\\\/\\\/siljakeranen.fi\\\/blogi\\\/wp-content\\\/uploads\\\/2023\\\/01\\\/cropped-silja_250x100.png\",\"width\":250,\"height\":100,\"caption\":\"Silja\"},\"logo\":{\"@id\":\"https:\\\/\\\/siljakeranen.fi\\\/blogi\\\/wp-content\\\/uploads\\\/2023\\\/01\\\/cropped-silja_250x100.png\"},\"sameAs\":[\"http:\\\/\\\/www.siljakeranen.fi\",\"https:\\\/\\\/www.facebook.com\\\/siljamkeranen\",\"https:\\\/\\\/www.instagram.com\\\/siljakeranen\\\/\",\"https:\\\/\\\/www.linkedin.com\\\/in\\\/silja-kernen-4331b548\\\/\",\"https:\\\/\\\/x.com\\\/https:\\\/\\\/twitter.com\\\/SiljaMP\",\"https:\\\/\\\/www.youtube.com\\\/channel\\\/UC0MWeuoWP4-Mjs1z8pIv3GQ\",\"https:\\\/\\\/fi.wikipedia.org\\\/wiki\\\/Silja_Kernen\"],\"url\":\"https:\\\/\\\/siljakeranen.fi\\\/blogi\\\/author\\\/admin\\\/\"}]}<\/script>\n<!-- \/ Yoast SEO plugin. -->","yoast_head_json":{"title":"S\u00e4hk\u00f6\u00e4 varastoon - Silja Ker\u00e4nen","robots":{"index":"index","follow":"follow","max-snippet":"max-snippet:-1","max-image-preview":"max-image-preview:large","max-video-preview":"max-video-preview:-1"},"canonical":"https:\/\/siljakeranen.fi\/blogi\/sahkoa-varastoon\/","og_locale":"fi_FI","og_type":"article","og_title":"S\u00e4hk\u00f6\u00e4 varastoon - Silja Ker\u00e4nen","og_description":"Ilmastonmuutoksen ja luonnonvarojen ylikulutuksen vuoksi energiapolitiikka tulee muuttumaan. Hiilidioksidip\u00e4\u00e4st\u00f6j\u00e4 on v\u00e4hennett\u00e4v\u00e4 ja uusiutumattomien luonnonvarojen tuhlauksesta on p\u00e4\u00e4st\u00e4v\u00e4 eroon. Onneksi meill\u00e4 on vaihtoehtoja. Mit\u00e4 nopeammin ne otamme k\u00e4ytt\u00f6\u00f6n, sit\u00e4 parempi niin ymp\u00e4rist\u00f6n kuin taloudenkin kest\u00e4vyyden kannalta. S\u00e4hk\u00f6n kulutuksen ja tuotannon on oltava joka hetki tasapainossa. Ydinvoimala tuottaa s\u00e4hk\u00f6\u00e4 koko ajan saman verran, tuulivoima taas vaihdellen ja [&hellip;]","og_url":"https:\/\/siljakeranen.fi\/blogi\/sahkoa-varastoon\/","og_site_name":"Silja Ker\u00e4nen","article_publisher":"https:\/\/www.facebook.com\/siljamkeranen","article_author":"https:\/\/www.facebook.com\/siljamkeranen","article_published_time":"2015-02-02T14:30:59+00:00","article_modified_time":"2019-01-11T09:55:23+00:00","og_image":[{"url":"http:\/\/siljakeranen.fi\/blogi\/wp-content\/uploads\/2015\/02\/2015-02-Kaleva-S\u00e4hk\u00f6\u00e4-varastoon-657x1024.jpg","type":"","width":"","height":""}],"author":"Silja","twitter_card":"summary_large_image","twitter_creator":"@https:\/\/twitter.com\/SiljaMP","twitter_site":"@SiljaMP","twitter_misc":{"Kirjoittanut":"Silja","Arvioitu lukuaika":"1 minuutti"},"schema":{"@context":"https:\/\/schema.org","@graph":[{"@type":"Article","@id":"https:\/\/siljakeranen.fi\/blogi\/sahkoa-varastoon\/#article","isPartOf":{"@id":"https:\/\/siljakeranen.fi\/blogi\/sahkoa-varastoon\/"},"author":{"name":"Silja","@id":"https:\/\/siljakeranen.fi\/blogi\/#\/schema\/person\/d43605ef0d5681c1b27a4ba1fede1cf4"},"headline":"S\u00e4hk\u00f6\u00e4 varastoon","datePublished":"2015-02-02T14:30:59+00:00","dateModified":"2019-01-11T09:55:23+00:00","mainEntityOfPage":{"@id":"https:\/\/siljakeranen.fi\/blogi\/sahkoa-varastoon\/"},"wordCount":246,"commentCount":0,"publisher":{"@id":"https:\/\/siljakeranen.fi\/blogi\/#\/schema\/person\/d43605ef0d5681c1b27a4ba1fede1cf4"},"articleSection":["Eduskuntavaalit","Energia","Ilmastonmuutos","Kaleva","Politiikka","Vihre\u00e4t","Ymp\u00e4rist\u00f6"],"inLanguage":"fi","potentialAction":[{"@type":"CommentAction","name":"Comment","target":["https:\/\/siljakeranen.fi\/blogi\/sahkoa-varastoon\/#respond"]}]},{"@type":"WebPage","@id":"https:\/\/siljakeranen.fi\/blogi\/sahkoa-varastoon\/","url":"https:\/\/siljakeranen.fi\/blogi\/sahkoa-varastoon\/","name":"S\u00e4hk\u00f6\u00e4 varastoon - Silja Ker\u00e4nen","isPartOf":{"@id":"https:\/\/siljakeranen.fi\/blogi\/#website"},"datePublished":"2015-02-02T14:30:59+00:00","dateModified":"2019-01-11T09:55:23+00:00","breadcrumb":{"@id":"https:\/\/siljakeranen.fi\/blogi\/sahkoa-varastoon\/#breadcrumb"},"inLanguage":"fi","potentialAction":[{"@type":"ReadAction","target":["https:\/\/siljakeranen.fi\/blogi\/sahkoa-varastoon\/"]}]},{"@type":"BreadcrumbList","@id":"https:\/\/siljakeranen.fi\/blogi\/sahkoa-varastoon\/#breadcrumb","itemListElement":[{"@type":"ListItem","position":1,"name":"Etusivu","item":"https:\/\/siljakeranen.fi\/blogi\/"},{"@type":"ListItem","position":2,"name":"S\u00e4hk\u00f6\u00e4 varastoon"}]},{"@type":"WebSite","@id":"https:\/\/siljakeranen.fi\/blogi\/#website","url":"https:\/\/siljakeranen.fi\/blogi\/","name":"Silja Ker\u00e4nen","description":"Silja Ker\u00e4nen, kainuulainen vihre\u00e4 poliitikko","publisher":{"@id":"https:\/\/siljakeranen.fi\/blogi\/#\/schema\/person\/d43605ef0d5681c1b27a4ba1fede1cf4"},"potentialAction":[{"@type":"SearchAction","target":{"@type":"EntryPoint","urlTemplate":"https:\/\/siljakeranen.fi\/blogi\/?s={search_term_string}"},"query-input":{"@type":"PropertyValueSpecification","valueRequired":true,"valueName":"search_term_string"}}],"inLanguage":"fi"},{"@type":["Person","Organization"],"@id":"https:\/\/siljakeranen.fi\/blogi\/#\/schema\/person\/d43605ef0d5681c1b27a4ba1fede1cf4","name":"Silja","image":{"@type":"ImageObject","inLanguage":"fi","@id":"https:\/\/siljakeranen.fi\/blogi\/wp-content\/uploads\/2023\/01\/cropped-silja_250x100.png","url":"https:\/\/siljakeranen.fi\/blogi\/wp-content\/uploads\/2023\/01\/cropped-silja_250x100.png","contentUrl":"https:\/\/siljakeranen.fi\/blogi\/wp-content\/uploads\/2023\/01\/cropped-silja_250x100.png","width":250,"height":100,"caption":"Silja"},"logo":{"@id":"https:\/\/siljakeranen.fi\/blogi\/wp-content\/uploads\/2023\/01\/cropped-silja_250x100.png"},"sameAs":["http:\/\/www.siljakeranen.fi","https:\/\/www.facebook.com\/siljamkeranen","https:\/\/www.instagram.com\/siljakeranen\/","https:\/\/www.linkedin.com\/in\/silja-kernen-4331b548\/","https:\/\/x.com\/https:\/\/twitter.com\/SiljaMP","https:\/\/www.youtube.com\/channel\/UC0MWeuoWP4-Mjs1z8pIv3GQ","https:\/\/fi.wikipedia.org\/wiki\/Silja_Kernen"],"url":"https:\/\/siljakeranen.fi\/blogi\/author\/admin\/"}]}},"_links":{"self":[{"href":"https:\/\/siljakeranen.fi\/blogi\/wp-json\/wp\/v2\/posts\/738","targetHints":{"allow":["GET"]}}],"collection":[{"href":"https:\/\/siljakeranen.fi\/blogi\/wp-json\/wp\/v2\/posts"}],"about":[{"href":"https:\/\/siljakeranen.fi\/blogi\/wp-json\/wp\/v2\/types\/post"}],"author":[{"embeddable":true,"href":"https:\/\/siljakeranen.fi\/blogi\/wp-json\/wp\/v2\/users\/1"}],"replies":[{"embeddable":true,"href":"https:\/\/siljakeranen.fi\/blogi\/wp-json\/wp\/v2\/comments?post=738"}],"version-history":[{"count":1,"href":"https:\/\/siljakeranen.fi\/blogi\/wp-json\/wp\/v2\/posts\/738\/revisions"}],"predecessor-version":[{"id":739,"href":"https:\/\/siljakeranen.fi\/blogi\/wp-json\/wp\/v2\/posts\/738\/revisions\/739"}],"wp:attachment":[{"href":"https:\/\/siljakeranen.fi\/blogi\/wp-json\/wp\/v2\/media?parent=738"}],"wp:term":[{"taxonomy":"category","embeddable":true,"href":"https:\/\/siljakeranen.fi\/blogi\/wp-json\/wp\/v2\/categories?post=738"},{"taxonomy":"post_tag","embeddable":true,"href":"https:\/\/siljakeranen.fi\/blogi\/wp-json\/wp\/v2\/tags?post=738"}],"curies":[{"name":"wp","href":"https:\/\/api.w.org\/{rel}","templated":true}]}}