{"id":750,"date":"2015-02-16T15:58:35","date_gmt":"2015-02-16T13:58:35","guid":{"rendered":"http:\/\/siljakeranen.fi\/blogi\/?p=750"},"modified":"2019-01-11T11:19:47","modified_gmt":"2019-01-11T09:19:47","slug":"kainuuseen-olisi-tulijoita","status":"publish","type":"post","link":"https:\/\/siljakeranen.fi\/blogi\/kainuuseen-olisi-tulijoita\/","title":{"rendered":"Kainuuseen olisi tulijoita"},"content":{"rendered":"<p>Uskokaa tai \u00e4lk\u00e4\u00e4, n\u00e4in se on. Opintojen tai t\u00f6iden per\u00e4st\u00e4 suuriin kaupunkeihin l\u00e4hteneit\u00e4 nuoria ja v\u00e4h\u00e4n vanhempiakin haluaisi muuttaa Kainuuseen. YLE Uutisten kyselyn mukaan Kainuuseen kaivataan heti Lapin j\u00e4lkeen toiseksi eniten. Henkinen koti kun l\u00f6ytyy synnyinmaakunnasta. Meid\u00e4n kainuulaisten t\u00e4ytyy osata k\u00e4ytt\u00e4\u00e4 t\u00e4m\u00e4 hyv\u00e4ksi. Ja nimenomaan nyt, kun \u2019momemtum\u2019 eli hetki on olemassa. Jos jahkailemme pari vuosikymment\u00e4, nuoret ja heid\u00e4n lapsensa ovat juurtuneet uusin kotikaupunkeihinsa. Sitten t\u00e4nne on paljon vaikeampi houkutella muuttajia.<\/p>\n<p>Miten saisimme potentiaalin hy\u00f6dynnetty\u00e4?<\/p>\n<ol>\n<li>Jokainen meist\u00e4 on Kainuun puolesta tai vastaan puhuja. Mit\u00e4 sin\u00e4 kerrot Kainuusta? Senk\u00f6, ett\u00e4 v\u00e4ki v\u00e4henee ja vanhenee ja ett\u00e4 kaikki v\u00e4lkyimm\u00e4t muuttavat heti pois? Toivottavasti et! Kuka itse\u00e4\u00e4n kunnioittava ihminen silloin t\u00e4nne haluaisi tulla. Vai kerrotko, miten upeissa maisemissa k\u00e4vitk\u00e4\u00e4n hiiht\u00e4m\u00e4ss\u00e4 tai kalalla. Tai kuinka kauppareissuilla aina kest\u00e4\u00e4, kun pit\u00e4\u00e4 j\u00e4\u00e4d\u00e4 tuttujen kanssa puhumaan. Tai mit\u00e4 teit t\u00f6iss\u00e4 viime viikolla.<\/li>\n<\/ol>\n<ol start=\"2\">\n<li>Palkata (Kainuun liittoon?) muuttajakoordinaattori. H\u00e4nen teht\u00e4v\u00e4n\u00e4\u00e4n olisi kartoittaa ty\u00f6paikkoja ja tekem\u00e4t\u00f6nt\u00e4 ty\u00f6t\u00e4 ymp\u00e4ri Kainuun. Nyt en tarkoita MOL:n sivuilla tai Kainuun Sanomien ilmoituksissa olevia ty\u00f6paikkoja, vaan sellaisia, joihin etsit\u00e4\u00e4n tekij\u00e4\u00e4 verkostojen kautta. Ja vastaavasti kartoittaa potentiaalisia muuttajia. Jatkaa syksyll\u00e4 aloitettua rekrytointia pk-seudulta ja aloittaa vastaava Oulun seudulle. Auttaa muuttoa suunnittelevia l\u00f6yt\u00e4m\u00e4\u00e4n puolisolle t\u00f6it\u00e4 ja perheelle asuinpaikka.<\/li>\n<\/ol>\n<ol start=\"3\">\n<li>Laittaa ty\u00f6paikat avoimesti auki. Nyt osa ty\u00f6paikoista t\u00e4ytet\u00e4\u00e4n verkostojen kautta. Kysell\u00e4\u00e4n, tiet\u00e4\u00e4k\u00f6 kukaan sopivaa tyyppi\u00e4. Ihan ymm\u00e4rrett\u00e4v\u00e4 tapa, mutta \u00e4\u00e4rimm\u00e4isen haastava potentiaalisia muuttajia ajatellen. Kun useamman vuoden asuu jossain muualla, on todella vaikea p\u00e4\u00e4st\u00e4 kiinni n\u00e4ihin piiloty\u00f6paikkoihin.<\/li>\n<\/ol>\n<ol start=\"4\">\n<li>Uskalletaan palkata ty\u00f6ntekij\u00f6it\u00e4 my\u00f6s Kainuun ulkopuolelta. Kuultua: \u201dOlihan siihen ty\u00f6paikkaan useampi hakija, my\u00f6s tuolta Etel\u00e4-Suomesta. Mutta mit\u00e4p\u00e4 ne t\u00e4nne.\u201d Niinp\u00e4. Mit\u00e4p\u00e4 ne t\u00e4nne. Jostain syyst\u00e4 kuitenkin hakivat paikkaa. N\u00e4ille ihmisilleh\u00e4n pit\u00e4isi soittaa ja mietti\u00e4, kuinka he l\u00f6yt\u00e4isiv\u00e4t Kainuusta ty\u00f6t\u00e4 ja miten he voisivat t\u00e4nne muuttaa.<\/li>\n<\/ol>\n<ol start=\"5\">\n<li>Kehitet\u00e4\u00e4n itsens\u00e4 ty\u00f6llist\u00e4misen ja et\u00e4ty\u00f6n mahdollisuuksia. T\u00e4ss\u00e4 on my\u00f6s ty\u00f6nsarkaa muuttajakoordinaattorille. Mist\u00e4 l\u00f6ytyv\u00e4t toimitilat yksinyritt\u00e4j\u00e4lle tai et\u00e4ty\u00f6ntekij\u00e4lle. Tosiasia kun on jo nyt ja etenkin tulevaisuudessa, ett\u00e4 my\u00f6s Kainuussa asuvien on ty\u00f6llistett\u00e4v\u00e4 itsens\u00e4 entist\u00e4 useammin.<\/li>\n<\/ol>\n<ol start=\"6\">\n<li>Toivotetaan tulijat tervetulleiksi. Ja l\u00e4htij\u00f6ille sanotaan heipat ja kerrotaan, ett\u00e4 juna kulkee my\u00f6s Kainuuseen p\u00e4in.<\/li>\n<\/ol>\n<p>On siis aika siirty\u00e4 vanhasta, kaikkien liian t\u00e4ydellisesti osaamasta \u2019Kainuun v\u00e4ki v\u00e4henee ja vanhenee\u2019 \u2013virrest\u00e4 seuraavaan: \u2019Osaajia tarvitaan, muuttajia on muitakin ja t\u00e4\u00e4ll\u00e4 on hyv\u00e4 el\u00e4\u00e4.\u2019 Eik\u00f6 niin?<\/p>\n<p>&#8212;&#8212;-<br \/>\nJulkaistu Koti-Kajaanissa 4.2.2015.<\/p>\n<div style=\"padding-bottom:20px; padding-top:10px;\" class=\"hupso-share-buttons\"><!-- Hupso Share Buttons - https:\/\/www.hupso.com\/share\/ --><a class=\"hupso_counters\" href=\"https:\/\/www.hupso.com\/share\/\"><img decoding=\"async\" src=\"https:\/\/static.hupso.com\/share\/buttons\/share-small.png\" style=\"border:0px; padding-top:2px; float:left;\" alt=\"Share Button\"\/><\/a><script type=\"text\/javascript\">var hupso_services_c=new Array(\"twitter\",\"facebook_like\",\"facebook_send\",\"google\");var hupso_counters_lang = \"en_US\";var hupso_image_folder_url = \"\";var hupso_url_c=\"\";var hupso_title_c=\"Kainuuseen%20olisi%20tulijoita\";<\/script><script type=\"text\/javascript\" src=\"https:\/\/static.hupso.com\/share\/js\/counters.js\"><\/script><!-- Hupso Share Buttons --><\/div>","protected":false},"excerpt":{"rendered":"<p>Uskokaa tai \u00e4lk\u00e4\u00e4, n\u00e4in se on. Opintojen tai t\u00f6iden per\u00e4st\u00e4 suuriin kaupunkeihin l\u00e4hteneit\u00e4 nuoria ja v\u00e4h\u00e4n vanhempiakin haluaisi muuttaa Kainuuseen. YLE Uutisten kyselyn mukaan Kainuuseen kaivataan heti Lapin j\u00e4lkeen toiseksi eniten. Henkinen koti kun l\u00f6ytyy synnyinmaakunnasta. Meid\u00e4n kainuulaisten t\u00e4ytyy osata k\u00e4ytt\u00e4\u00e4 t\u00e4m\u00e4 hyv\u00e4ksi. Ja nimenomaan nyt, kun \u2019momemtum\u2019 eli hetki on olemassa. Jos jahkailemme pari [&hellip;]<\/p>\n<div style=\"padding-bottom:20px; padding-top:10px;\" class=\"hupso-share-buttons\"><!-- Hupso Share Buttons - https:\/\/www.hupso.com\/share\/ --><a class=\"hupso_counters\" href=\"https:\/\/www.hupso.com\/share\/\"><img src=\"https:\/\/static.hupso.com\/share\/buttons\/share-small.png\" style=\"border:0px; padding-top:2px; float:left;\" alt=\"Share Button\"\/><\/a><script type=\"text\/javascript\">var hupso_services_c=new Array(\"twitter\",\"facebook_like\",\"facebook_send\",\"google\");var hupso_counters_lang = \"en_US\";var hupso_image_folder_url = \"\";var hupso_url_c=\"\";var hupso_title_c=\"Kainuuseen%20olisi%20tulijoita\";<\/script><script type=\"text\/javascript\" src=\"https:\/\/static.hupso.com\/share\/js\/counters.js\"><\/script><!-- Hupso Share Buttons --><\/div>","protected":false},"author":1,"featured_media":0,"comment_status":"open","ping_status":"closed","sticky":false,"template":"","format":"standard","meta":{"ngg_post_thumbnail":0,"footnotes":""},"categories":[7,6,30],"tags":[],"class_list":["post-750","post","type-post","status-publish","format-standard","hentry","category-kainuu","category-politiikka","category-yrittajyys-elinkeinot"],"yoast_head":"<!-- This site is optimized with the Yoast SEO plugin v27.3 - https:\/\/yoast.com\/product\/yoast-seo-wordpress\/ -->\n<title>Kainuuseen olisi tulijoita - Silja Ker\u00e4nen<\/title>\n<meta name=\"robots\" content=\"index, follow, max-snippet:-1, max-image-preview:large, max-video-preview:-1\" \/>\n<link rel=\"canonical\" href=\"https:\/\/siljakeranen.fi\/blogi\/kainuuseen-olisi-tulijoita\/\" \/>\n<meta property=\"og:locale\" content=\"fi_FI\" \/>\n<meta property=\"og:type\" content=\"article\" \/>\n<meta property=\"og:title\" content=\"Kainuuseen olisi tulijoita - Silja Ker\u00e4nen\" \/>\n<meta property=\"og:description\" content=\"Uskokaa tai \u00e4lk\u00e4\u00e4, n\u00e4in se on. Opintojen tai t\u00f6iden per\u00e4st\u00e4 suuriin kaupunkeihin l\u00e4hteneit\u00e4 nuoria ja v\u00e4h\u00e4n vanhempiakin haluaisi muuttaa Kainuuseen. YLE Uutisten kyselyn mukaan Kainuuseen kaivataan heti Lapin j\u00e4lkeen toiseksi eniten. Henkinen koti kun l\u00f6ytyy synnyinmaakunnasta. Meid\u00e4n kainuulaisten t\u00e4ytyy osata k\u00e4ytt\u00e4\u00e4 t\u00e4m\u00e4 hyv\u00e4ksi. Ja nimenomaan nyt, kun \u2019momemtum\u2019 eli hetki on olemassa. Jos jahkailemme pari [&hellip;]\" \/>\n<meta property=\"og:url\" content=\"https:\/\/siljakeranen.fi\/blogi\/kainuuseen-olisi-tulijoita\/\" \/>\n<meta property=\"og:site_name\" content=\"Silja Ker\u00e4nen\" \/>\n<meta property=\"article:publisher\" content=\"https:\/\/www.facebook.com\/siljamkeranen\" \/>\n<meta property=\"article:author\" content=\"https:\/\/www.facebook.com\/siljamkeranen\" \/>\n<meta property=\"article:published_time\" content=\"2015-02-16T13:58:35+00:00\" \/>\n<meta property=\"article:modified_time\" content=\"2019-01-11T09:19:47+00:00\" \/>\n<meta property=\"og:image\" content=\"https:\/\/siljakeranen.fi\/blogi\/wp-content\/uploads\/2023\/01\/3L3A1767_valmis-pinempi.jpeg\" \/>\n\t<meta property=\"og:image:width\" content=\"1613\" \/>\n\t<meta property=\"og:image:height\" content=\"1075\" \/>\n\t<meta property=\"og:image:type\" content=\"image\/jpeg\" \/>\n<meta name=\"author\" content=\"Silja\" \/>\n<meta name=\"twitter:card\" content=\"summary_large_image\" \/>\n<meta name=\"twitter:creator\" content=\"@https:\/\/twitter.com\/SiljaMP\" \/>\n<meta name=\"twitter:site\" content=\"@SiljaMP\" \/>\n<meta name=\"twitter:label1\" content=\"Kirjoittanut\" \/>\n\t<meta name=\"twitter:data1\" content=\"Silja\" \/>\n\t<meta name=\"twitter:label2\" content=\"Arvioitu lukuaika\" \/>\n\t<meta name=\"twitter:data2\" content=\"2 minuuttia\" \/>\n<script type=\"application\/ld+json\" class=\"yoast-schema-graph\">{\"@context\":\"https:\\\/\\\/schema.org\",\"@graph\":[{\"@type\":\"Article\",\"@id\":\"https:\\\/\\\/siljakeranen.fi\\\/blogi\\\/kainuuseen-olisi-tulijoita\\\/#article\",\"isPartOf\":{\"@id\":\"https:\\\/\\\/siljakeranen.fi\\\/blogi\\\/kainuuseen-olisi-tulijoita\\\/\"},\"author\":{\"name\":\"Silja\",\"@id\":\"https:\\\/\\\/siljakeranen.fi\\\/blogi\\\/#\\\/schema\\\/person\\\/d43605ef0d5681c1b27a4ba1fede1cf4\"},\"headline\":\"Kainuuseen olisi tulijoita\",\"datePublished\":\"2015-02-16T13:58:35+00:00\",\"dateModified\":\"2019-01-11T09:19:47+00:00\",\"mainEntityOfPage\":{\"@id\":\"https:\\\/\\\/siljakeranen.fi\\\/blogi\\\/kainuuseen-olisi-tulijoita\\\/\"},\"wordCount\":457,\"commentCount\":0,\"publisher\":{\"@id\":\"https:\\\/\\\/siljakeranen.fi\\\/blogi\\\/#\\\/schema\\\/person\\\/d43605ef0d5681c1b27a4ba1fede1cf4\"},\"articleSection\":[\"Kainuu\",\"Politiikka\",\"Yritt\u00e4jyys &amp; elinkeinot\"],\"inLanguage\":\"fi\",\"potentialAction\":[{\"@type\":\"CommentAction\",\"name\":\"Comment\",\"target\":[\"https:\\\/\\\/siljakeranen.fi\\\/blogi\\\/kainuuseen-olisi-tulijoita\\\/#respond\"]}]},{\"@type\":\"WebPage\",\"@id\":\"https:\\\/\\\/siljakeranen.fi\\\/blogi\\\/kainuuseen-olisi-tulijoita\\\/\",\"url\":\"https:\\\/\\\/siljakeranen.fi\\\/blogi\\\/kainuuseen-olisi-tulijoita\\\/\",\"name\":\"Kainuuseen olisi tulijoita - Silja Ker\u00e4nen\",\"isPartOf\":{\"@id\":\"https:\\\/\\\/siljakeranen.fi\\\/blogi\\\/#website\"},\"datePublished\":\"2015-02-16T13:58:35+00:00\",\"dateModified\":\"2019-01-11T09:19:47+00:00\",\"breadcrumb\":{\"@id\":\"https:\\\/\\\/siljakeranen.fi\\\/blogi\\\/kainuuseen-olisi-tulijoita\\\/#breadcrumb\"},\"inLanguage\":\"fi\",\"potentialAction\":[{\"@type\":\"ReadAction\",\"target\":[\"https:\\\/\\\/siljakeranen.fi\\\/blogi\\\/kainuuseen-olisi-tulijoita\\\/\"]}]},{\"@type\":\"BreadcrumbList\",\"@id\":\"https:\\\/\\\/siljakeranen.fi\\\/blogi\\\/kainuuseen-olisi-tulijoita\\\/#breadcrumb\",\"itemListElement\":[{\"@type\":\"ListItem\",\"position\":1,\"name\":\"Etusivu\",\"item\":\"https:\\\/\\\/siljakeranen.fi\\\/blogi\\\/\"},{\"@type\":\"ListItem\",\"position\":2,\"name\":\"Kainuuseen olisi tulijoita\"}]},{\"@type\":\"WebSite\",\"@id\":\"https:\\\/\\\/siljakeranen.fi\\\/blogi\\\/#website\",\"url\":\"https:\\\/\\\/siljakeranen.fi\\\/blogi\\\/\",\"name\":\"Silja Ker\u00e4nen\",\"description\":\"Silja Ker\u00e4nen, kainuulainen vihre\u00e4 poliitikko\",\"publisher\":{\"@id\":\"https:\\\/\\\/siljakeranen.fi\\\/blogi\\\/#\\\/schema\\\/person\\\/d43605ef0d5681c1b27a4ba1fede1cf4\"},\"potentialAction\":[{\"@type\":\"SearchAction\",\"target\":{\"@type\":\"EntryPoint\",\"urlTemplate\":\"https:\\\/\\\/siljakeranen.fi\\\/blogi\\\/?s={search_term_string}\"},\"query-input\":{\"@type\":\"PropertyValueSpecification\",\"valueRequired\":true,\"valueName\":\"search_term_string\"}}],\"inLanguage\":\"fi\"},{\"@type\":[\"Person\",\"Organization\"],\"@id\":\"https:\\\/\\\/siljakeranen.fi\\\/blogi\\\/#\\\/schema\\\/person\\\/d43605ef0d5681c1b27a4ba1fede1cf4\",\"name\":\"Silja\",\"image\":{\"@type\":\"ImageObject\",\"inLanguage\":\"fi\",\"@id\":\"https:\\\/\\\/siljakeranen.fi\\\/blogi\\\/wp-content\\\/uploads\\\/2023\\\/01\\\/cropped-silja_250x100.png\",\"url\":\"https:\\\/\\\/siljakeranen.fi\\\/blogi\\\/wp-content\\\/uploads\\\/2023\\\/01\\\/cropped-silja_250x100.png\",\"contentUrl\":\"https:\\\/\\\/siljakeranen.fi\\\/blogi\\\/wp-content\\\/uploads\\\/2023\\\/01\\\/cropped-silja_250x100.png\",\"width\":250,\"height\":100,\"caption\":\"Silja\"},\"logo\":{\"@id\":\"https:\\\/\\\/siljakeranen.fi\\\/blogi\\\/wp-content\\\/uploads\\\/2023\\\/01\\\/cropped-silja_250x100.png\"},\"sameAs\":[\"http:\\\/\\\/www.siljakeranen.fi\",\"https:\\\/\\\/www.facebook.com\\\/siljamkeranen\",\"https:\\\/\\\/www.instagram.com\\\/siljakeranen\\\/\",\"https:\\\/\\\/www.linkedin.com\\\/in\\\/silja-kernen-4331b548\\\/\",\"https:\\\/\\\/x.com\\\/https:\\\/\\\/twitter.com\\\/SiljaMP\",\"https:\\\/\\\/www.youtube.com\\\/channel\\\/UC0MWeuoWP4-Mjs1z8pIv3GQ\",\"https:\\\/\\\/fi.wikipedia.org\\\/wiki\\\/Silja_Kernen\"],\"url\":\"https:\\\/\\\/siljakeranen.fi\\\/blogi\\\/author\\\/admin\\\/\"}]}<\/script>\n<!-- \/ Yoast SEO plugin. -->","yoast_head_json":{"title":"Kainuuseen olisi tulijoita - Silja Ker\u00e4nen","robots":{"index":"index","follow":"follow","max-snippet":"max-snippet:-1","max-image-preview":"max-image-preview:large","max-video-preview":"max-video-preview:-1"},"canonical":"https:\/\/siljakeranen.fi\/blogi\/kainuuseen-olisi-tulijoita\/","og_locale":"fi_FI","og_type":"article","og_title":"Kainuuseen olisi tulijoita - Silja Ker\u00e4nen","og_description":"Uskokaa tai \u00e4lk\u00e4\u00e4, n\u00e4in se on. Opintojen tai t\u00f6iden per\u00e4st\u00e4 suuriin kaupunkeihin l\u00e4hteneit\u00e4 nuoria ja v\u00e4h\u00e4n vanhempiakin haluaisi muuttaa Kainuuseen. YLE Uutisten kyselyn mukaan Kainuuseen kaivataan heti Lapin j\u00e4lkeen toiseksi eniten. Henkinen koti kun l\u00f6ytyy synnyinmaakunnasta. Meid\u00e4n kainuulaisten t\u00e4ytyy osata k\u00e4ytt\u00e4\u00e4 t\u00e4m\u00e4 hyv\u00e4ksi. Ja nimenomaan nyt, kun \u2019momemtum\u2019 eli hetki on olemassa. Jos jahkailemme pari [&hellip;]","og_url":"https:\/\/siljakeranen.fi\/blogi\/kainuuseen-olisi-tulijoita\/","og_site_name":"Silja Ker\u00e4nen","article_publisher":"https:\/\/www.facebook.com\/siljamkeranen","article_author":"https:\/\/www.facebook.com\/siljamkeranen","article_published_time":"2015-02-16T13:58:35+00:00","article_modified_time":"2019-01-11T09:19:47+00:00","og_image":[{"width":1613,"height":1075,"url":"https:\/\/siljakeranen.fi\/blogi\/wp-content\/uploads\/2023\/01\/3L3A1767_valmis-pinempi.jpeg","type":"image\/jpeg"}],"author":"Silja","twitter_card":"summary_large_image","twitter_creator":"@https:\/\/twitter.com\/SiljaMP","twitter_site":"@SiljaMP","twitter_misc":{"Kirjoittanut":"Silja","Arvioitu lukuaika":"2 minuuttia"},"schema":{"@context":"https:\/\/schema.org","@graph":[{"@type":"Article","@id":"https:\/\/siljakeranen.fi\/blogi\/kainuuseen-olisi-tulijoita\/#article","isPartOf":{"@id":"https:\/\/siljakeranen.fi\/blogi\/kainuuseen-olisi-tulijoita\/"},"author":{"name":"Silja","@id":"https:\/\/siljakeranen.fi\/blogi\/#\/schema\/person\/d43605ef0d5681c1b27a4ba1fede1cf4"},"headline":"Kainuuseen olisi tulijoita","datePublished":"2015-02-16T13:58:35+00:00","dateModified":"2019-01-11T09:19:47+00:00","mainEntityOfPage":{"@id":"https:\/\/siljakeranen.fi\/blogi\/kainuuseen-olisi-tulijoita\/"},"wordCount":457,"commentCount":0,"publisher":{"@id":"https:\/\/siljakeranen.fi\/blogi\/#\/schema\/person\/d43605ef0d5681c1b27a4ba1fede1cf4"},"articleSection":["Kainuu","Politiikka","Yritt\u00e4jyys &amp; elinkeinot"],"inLanguage":"fi","potentialAction":[{"@type":"CommentAction","name":"Comment","target":["https:\/\/siljakeranen.fi\/blogi\/kainuuseen-olisi-tulijoita\/#respond"]}]},{"@type":"WebPage","@id":"https:\/\/siljakeranen.fi\/blogi\/kainuuseen-olisi-tulijoita\/","url":"https:\/\/siljakeranen.fi\/blogi\/kainuuseen-olisi-tulijoita\/","name":"Kainuuseen olisi tulijoita - Silja Ker\u00e4nen","isPartOf":{"@id":"https:\/\/siljakeranen.fi\/blogi\/#website"},"datePublished":"2015-02-16T13:58:35+00:00","dateModified":"2019-01-11T09:19:47+00:00","breadcrumb":{"@id":"https:\/\/siljakeranen.fi\/blogi\/kainuuseen-olisi-tulijoita\/#breadcrumb"},"inLanguage":"fi","potentialAction":[{"@type":"ReadAction","target":["https:\/\/siljakeranen.fi\/blogi\/kainuuseen-olisi-tulijoita\/"]}]},{"@type":"BreadcrumbList","@id":"https:\/\/siljakeranen.fi\/blogi\/kainuuseen-olisi-tulijoita\/#breadcrumb","itemListElement":[{"@type":"ListItem","position":1,"name":"Etusivu","item":"https:\/\/siljakeranen.fi\/blogi\/"},{"@type":"ListItem","position":2,"name":"Kainuuseen olisi tulijoita"}]},{"@type":"WebSite","@id":"https:\/\/siljakeranen.fi\/blogi\/#website","url":"https:\/\/siljakeranen.fi\/blogi\/","name":"Silja Ker\u00e4nen","description":"Silja Ker\u00e4nen, kainuulainen vihre\u00e4 poliitikko","publisher":{"@id":"https:\/\/siljakeranen.fi\/blogi\/#\/schema\/person\/d43605ef0d5681c1b27a4ba1fede1cf4"},"potentialAction":[{"@type":"SearchAction","target":{"@type":"EntryPoint","urlTemplate":"https:\/\/siljakeranen.fi\/blogi\/?s={search_term_string}"},"query-input":{"@type":"PropertyValueSpecification","valueRequired":true,"valueName":"search_term_string"}}],"inLanguage":"fi"},{"@type":["Person","Organization"],"@id":"https:\/\/siljakeranen.fi\/blogi\/#\/schema\/person\/d43605ef0d5681c1b27a4ba1fede1cf4","name":"Silja","image":{"@type":"ImageObject","inLanguage":"fi","@id":"https:\/\/siljakeranen.fi\/blogi\/wp-content\/uploads\/2023\/01\/cropped-silja_250x100.png","url":"https:\/\/siljakeranen.fi\/blogi\/wp-content\/uploads\/2023\/01\/cropped-silja_250x100.png","contentUrl":"https:\/\/siljakeranen.fi\/blogi\/wp-content\/uploads\/2023\/01\/cropped-silja_250x100.png","width":250,"height":100,"caption":"Silja"},"logo":{"@id":"https:\/\/siljakeranen.fi\/blogi\/wp-content\/uploads\/2023\/01\/cropped-silja_250x100.png"},"sameAs":["http:\/\/www.siljakeranen.fi","https:\/\/www.facebook.com\/siljamkeranen","https:\/\/www.instagram.com\/siljakeranen\/","https:\/\/www.linkedin.com\/in\/silja-kernen-4331b548\/","https:\/\/x.com\/https:\/\/twitter.com\/SiljaMP","https:\/\/www.youtube.com\/channel\/UC0MWeuoWP4-Mjs1z8pIv3GQ","https:\/\/fi.wikipedia.org\/wiki\/Silja_Kernen"],"url":"https:\/\/siljakeranen.fi\/blogi\/author\/admin\/"}]}},"_links":{"self":[{"href":"https:\/\/siljakeranen.fi\/blogi\/wp-json\/wp\/v2\/posts\/750","targetHints":{"allow":["GET"]}}],"collection":[{"href":"https:\/\/siljakeranen.fi\/blogi\/wp-json\/wp\/v2\/posts"}],"about":[{"href":"https:\/\/siljakeranen.fi\/blogi\/wp-json\/wp\/v2\/types\/post"}],"author":[{"embeddable":true,"href":"https:\/\/siljakeranen.fi\/blogi\/wp-json\/wp\/v2\/users\/1"}],"replies":[{"embeddable":true,"href":"https:\/\/siljakeranen.fi\/blogi\/wp-json\/wp\/v2\/comments?post=750"}],"version-history":[{"count":1,"href":"https:\/\/siljakeranen.fi\/blogi\/wp-json\/wp\/v2\/posts\/750\/revisions"}],"predecessor-version":[{"id":751,"href":"https:\/\/siljakeranen.fi\/blogi\/wp-json\/wp\/v2\/posts\/750\/revisions\/751"}],"wp:attachment":[{"href":"https:\/\/siljakeranen.fi\/blogi\/wp-json\/wp\/v2\/media?parent=750"}],"wp:term":[{"taxonomy":"category","embeddable":true,"href":"https:\/\/siljakeranen.fi\/blogi\/wp-json\/wp\/v2\/categories?post=750"},{"taxonomy":"post_tag","embeddable":true,"href":"https:\/\/siljakeranen.fi\/blogi\/wp-json\/wp\/v2\/tags?post=750"}],"curies":[{"name":"wp","href":"https:\/\/api.w.org\/{rel}","templated":true}]}}