{"id":825,"date":"2015-04-17T09:18:24","date_gmt":"2015-04-17T06:18:24","guid":{"rendered":"http:\/\/siljakeranen.fi\/blogi\/?p=825"},"modified":"2015-04-17T09:18:24","modified_gmt":"2015-04-17T06:18:24","slug":"poliitikon-dilemma-6-kiitollisuus","status":"publish","type":"post","link":"https:\/\/siljakeranen.fi\/blogi\/poliitikon-dilemma-6-kiitollisuus\/","title":{"rendered":"Poliitikon dilemma 6: Kiitollisuus"},"content":{"rendered":"<p>No, ei kiitollisuus ole varsinainen dilemma. Halusin t\u00e4ll\u00e4 kirjoituksella ihmetell\u00e4 sit\u00e4, kuinka paljon ty\u00f6t\u00e4 ihmiset ovat valmiita tekem\u00e4\u00e4n minun puolestani. Jakamaan esitteit\u00e4, keitt\u00e4m\u00e4\u00e4n kahvia, paistamaan lettuja, puhumaan puolestani ja v\u00e4rkk\u00e4\u00e4m\u00e4\u00e4n mainoksia\u2026 Ja t\u00e4m\u00e4 viel\u00e4 hyv\u00e4ll\u00e4 mielell\u00e4, seuraavalla kerralla uudelleen ja ainoana palkkana kiitos.<\/p>\n<p>Oikeasti. N\u00f6yr\u00e4ksi vet\u00e4\u00e4. Ja \u00e4\u00e4rett\u00f6m\u00e4n kiitolliseksi.<\/p>\n<p>Vastapalveluksina min\u00e4 en pysty t\u00e4t\u00e4 auttamista korvaamaan. Se mit\u00e4 pystyn, on toimimalla kaikella osaamisellani, tarmollani ja kohtuullisella ajallani paremman maailman puolesta. Se kai t\u00e4ss\u00e4 on ideana \u2013 yhteisten tavoitteiden eteen tehd\u00e4\u00e4n t\u00f6it\u00e4. Ongelmaksi t\u00e4llainen kiitollisuus voi muodostua siin\u00e4 tilanteessa, jos\/kun tukijan intressi on oman edun edist\u00e4minen. T\u00e4st\u00e4 syyst\u00e4 vaalirahoituksen avoimuus on eritt\u00e4in t\u00e4rke\u00e4\u00e4.<\/p>\n<p>P\u00e4\u00e4pointtini on nyt kuitenkin \u00e4\u00e4ret\u00f6n kiitollisuus ihmisten pyyteett\u00f6m\u00e4st\u00e4 avusta ja ahkerasta tekemisest\u00e4. Ihan uskomatonta. Kiitos!<\/p>\n<div style=\"padding-bottom:20px; padding-top:10px;\" class=\"hupso-share-buttons\"><!-- Hupso Share Buttons - https:\/\/www.hupso.com\/share\/ --><a class=\"hupso_counters\" href=\"https:\/\/www.hupso.com\/share\/\"><img decoding=\"async\" src=\"https:\/\/static.hupso.com\/share\/buttons\/share-small.png\" style=\"border:0px; padding-top:2px; float:left;\" alt=\"Share Button\"\/><\/a><script type=\"text\/javascript\">var hupso_services_c=new Array(\"twitter\",\"facebook_like\",\"facebook_send\",\"google\");var hupso_counters_lang = \"en_US\";var hupso_image_folder_url = \"\";var hupso_url_c=\"\";var hupso_title_c=\"Poliitikon%20dilemma%206%3A%20Kiitollisuus\";<\/script><script type=\"text\/javascript\" src=\"https:\/\/static.hupso.com\/share\/js\/counters.js\"><\/script><!-- Hupso Share Buttons --><\/div>","protected":false},"excerpt":{"rendered":"<p>No, ei kiitollisuus ole varsinainen dilemma. Halusin t\u00e4ll\u00e4 kirjoituksella ihmetell\u00e4 sit\u00e4, kuinka paljon ty\u00f6t\u00e4 ihmiset ovat valmiita tekem\u00e4\u00e4n minun puolestani. Jakamaan esitteit\u00e4, keitt\u00e4m\u00e4\u00e4n kahvia, paistamaan lettuja, puhumaan puolestani ja v\u00e4rkk\u00e4\u00e4m\u00e4\u00e4n mainoksia\u2026 Ja t\u00e4m\u00e4 viel\u00e4 hyv\u00e4ll\u00e4 mielell\u00e4, seuraavalla kerralla uudelleen ja ainoana palkkana kiitos. Oikeasti. N\u00f6yr\u00e4ksi vet\u00e4\u00e4. Ja \u00e4\u00e4rett\u00f6m\u00e4n kiitolliseksi. Vastapalveluksina min\u00e4 en pysty t\u00e4t\u00e4 auttamista [&hellip;]<\/p>\n<div style=\"padding-bottom:20px; padding-top:10px;\" class=\"hupso-share-buttons\"><!-- Hupso Share Buttons - https:\/\/www.hupso.com\/share\/ --><a class=\"hupso_counters\" href=\"https:\/\/www.hupso.com\/share\/\"><img src=\"https:\/\/static.hupso.com\/share\/buttons\/share-small.png\" style=\"border:0px; padding-top:2px; float:left;\" alt=\"Share Button\"\/><\/a><script type=\"text\/javascript\">var hupso_services_c=new Array(\"twitter\",\"facebook_like\",\"facebook_send\",\"google\");var hupso_counters_lang = \"en_US\";var hupso_image_folder_url = \"\";var hupso_url_c=\"\";var hupso_title_c=\"Poliitikon%20dilemma%206%3A%20Kiitollisuus\";<\/script><script type=\"text\/javascript\" src=\"https:\/\/static.hupso.com\/share\/js\/counters.js\"><\/script><!-- Hupso Share Buttons --><\/div>","protected":false},"author":1,"featured_media":0,"comment_status":"open","ping_status":"closed","sticky":false,"template":"","format":"standard","meta":{"ngg_post_thumbnail":0,"footnotes":""},"categories":[13,14,6],"tags":[],"class_list":["post-825","post","type-post","status-publish","format-standard","hentry","category-eduskuntavaalit","category-poliitikon-dilemma","category-politiikka"],"yoast_head":"<!-- This site is optimized with the Yoast SEO plugin v27.3 - https:\/\/yoast.com\/product\/yoast-seo-wordpress\/ -->\n<title>Poliitikon dilemma 6: Kiitollisuus - Silja Ker\u00e4nen<\/title>\n<meta name=\"robots\" content=\"index, follow, max-snippet:-1, max-image-preview:large, max-video-preview:-1\" \/>\n<link rel=\"canonical\" href=\"https:\/\/siljakeranen.fi\/blogi\/poliitikon-dilemma-6-kiitollisuus\/\" \/>\n<meta property=\"og:locale\" content=\"fi_FI\" \/>\n<meta property=\"og:type\" content=\"article\" \/>\n<meta property=\"og:title\" content=\"Poliitikon dilemma 6: Kiitollisuus - Silja Ker\u00e4nen\" \/>\n<meta property=\"og:description\" content=\"No, ei kiitollisuus ole varsinainen dilemma. Halusin t\u00e4ll\u00e4 kirjoituksella ihmetell\u00e4 sit\u00e4, kuinka paljon ty\u00f6t\u00e4 ihmiset ovat valmiita tekem\u00e4\u00e4n minun puolestani. Jakamaan esitteit\u00e4, keitt\u00e4m\u00e4\u00e4n kahvia, paistamaan lettuja, puhumaan puolestani ja v\u00e4rkk\u00e4\u00e4m\u00e4\u00e4n mainoksia\u2026 Ja t\u00e4m\u00e4 viel\u00e4 hyv\u00e4ll\u00e4 mielell\u00e4, seuraavalla kerralla uudelleen ja ainoana palkkana kiitos. Oikeasti. N\u00f6yr\u00e4ksi vet\u00e4\u00e4. Ja \u00e4\u00e4rett\u00f6m\u00e4n kiitolliseksi. Vastapalveluksina min\u00e4 en pysty t\u00e4t\u00e4 auttamista [&hellip;]\" \/>\n<meta property=\"og:url\" content=\"https:\/\/siljakeranen.fi\/blogi\/poliitikon-dilemma-6-kiitollisuus\/\" \/>\n<meta property=\"og:site_name\" content=\"Silja Ker\u00e4nen\" \/>\n<meta property=\"article:publisher\" content=\"https:\/\/www.facebook.com\/siljamkeranen\" \/>\n<meta property=\"article:author\" content=\"https:\/\/www.facebook.com\/siljamkeranen\" \/>\n<meta property=\"article:published_time\" content=\"2015-04-17T06:18:24+00:00\" \/>\n<meta property=\"og:image\" content=\"https:\/\/siljakeranen.fi\/blogi\/wp-content\/uploads\/2023\/01\/3L3A1767_valmis-pinempi.jpeg\" \/>\n\t<meta property=\"og:image:width\" content=\"1613\" \/>\n\t<meta property=\"og:image:height\" content=\"1075\" \/>\n\t<meta property=\"og:image:type\" content=\"image\/jpeg\" \/>\n<meta name=\"author\" content=\"Silja\" \/>\n<meta name=\"twitter:card\" content=\"summary_large_image\" \/>\n<meta name=\"twitter:creator\" content=\"@https:\/\/twitter.com\/SiljaMP\" \/>\n<meta name=\"twitter:site\" content=\"@SiljaMP\" \/>\n<meta name=\"twitter:label1\" content=\"Kirjoittanut\" \/>\n\t<meta name=\"twitter:data1\" content=\"Silja\" \/>\n\t<meta name=\"twitter:label2\" content=\"Arvioitu lukuaika\" \/>\n\t<meta name=\"twitter:data2\" content=\"1 minuutti\" \/>\n<script type=\"application\/ld+json\" class=\"yoast-schema-graph\">{\"@context\":\"https:\\\/\\\/schema.org\",\"@graph\":[{\"@type\":\"Article\",\"@id\":\"https:\\\/\\\/siljakeranen.fi\\\/blogi\\\/poliitikon-dilemma-6-kiitollisuus\\\/#article\",\"isPartOf\":{\"@id\":\"https:\\\/\\\/siljakeranen.fi\\\/blogi\\\/poliitikon-dilemma-6-kiitollisuus\\\/\"},\"author\":{\"name\":\"Silja\",\"@id\":\"https:\\\/\\\/siljakeranen.fi\\\/blogi\\\/#\\\/schema\\\/person\\\/d43605ef0d5681c1b27a4ba1fede1cf4\"},\"headline\":\"Poliitikon dilemma 6: Kiitollisuus\",\"datePublished\":\"2015-04-17T06:18:24+00:00\",\"mainEntityOfPage\":{\"@id\":\"https:\\\/\\\/siljakeranen.fi\\\/blogi\\\/poliitikon-dilemma-6-kiitollisuus\\\/\"},\"wordCount\":147,\"commentCount\":0,\"publisher\":{\"@id\":\"https:\\\/\\\/siljakeranen.fi\\\/blogi\\\/#\\\/schema\\\/person\\\/d43605ef0d5681c1b27a4ba1fede1cf4\"},\"articleSection\":[\"Eduskuntavaalit\",\"Poliitikon dilemma\",\"Politiikka\"],\"inLanguage\":\"fi\",\"potentialAction\":[{\"@type\":\"CommentAction\",\"name\":\"Comment\",\"target\":[\"https:\\\/\\\/siljakeranen.fi\\\/blogi\\\/poliitikon-dilemma-6-kiitollisuus\\\/#respond\"]}]},{\"@type\":\"WebPage\",\"@id\":\"https:\\\/\\\/siljakeranen.fi\\\/blogi\\\/poliitikon-dilemma-6-kiitollisuus\\\/\",\"url\":\"https:\\\/\\\/siljakeranen.fi\\\/blogi\\\/poliitikon-dilemma-6-kiitollisuus\\\/\",\"name\":\"Poliitikon dilemma 6: Kiitollisuus - Silja Ker\u00e4nen\",\"isPartOf\":{\"@id\":\"https:\\\/\\\/siljakeranen.fi\\\/blogi\\\/#website\"},\"datePublished\":\"2015-04-17T06:18:24+00:00\",\"breadcrumb\":{\"@id\":\"https:\\\/\\\/siljakeranen.fi\\\/blogi\\\/poliitikon-dilemma-6-kiitollisuus\\\/#breadcrumb\"},\"inLanguage\":\"fi\",\"potentialAction\":[{\"@type\":\"ReadAction\",\"target\":[\"https:\\\/\\\/siljakeranen.fi\\\/blogi\\\/poliitikon-dilemma-6-kiitollisuus\\\/\"]}]},{\"@type\":\"BreadcrumbList\",\"@id\":\"https:\\\/\\\/siljakeranen.fi\\\/blogi\\\/poliitikon-dilemma-6-kiitollisuus\\\/#breadcrumb\",\"itemListElement\":[{\"@type\":\"ListItem\",\"position\":1,\"name\":\"Etusivu\",\"item\":\"https:\\\/\\\/siljakeranen.fi\\\/blogi\\\/\"},{\"@type\":\"ListItem\",\"position\":2,\"name\":\"Poliitikon dilemma 6: Kiitollisuus\"}]},{\"@type\":\"WebSite\",\"@id\":\"https:\\\/\\\/siljakeranen.fi\\\/blogi\\\/#website\",\"url\":\"https:\\\/\\\/siljakeranen.fi\\\/blogi\\\/\",\"name\":\"Silja Ker\u00e4nen\",\"description\":\"Silja Ker\u00e4nen, kainuulainen vihre\u00e4 poliitikko\",\"publisher\":{\"@id\":\"https:\\\/\\\/siljakeranen.fi\\\/blogi\\\/#\\\/schema\\\/person\\\/d43605ef0d5681c1b27a4ba1fede1cf4\"},\"potentialAction\":[{\"@type\":\"SearchAction\",\"target\":{\"@type\":\"EntryPoint\",\"urlTemplate\":\"https:\\\/\\\/siljakeranen.fi\\\/blogi\\\/?s={search_term_string}\"},\"query-input\":{\"@type\":\"PropertyValueSpecification\",\"valueRequired\":true,\"valueName\":\"search_term_string\"}}],\"inLanguage\":\"fi\"},{\"@type\":[\"Person\",\"Organization\"],\"@id\":\"https:\\\/\\\/siljakeranen.fi\\\/blogi\\\/#\\\/schema\\\/person\\\/d43605ef0d5681c1b27a4ba1fede1cf4\",\"name\":\"Silja\",\"image\":{\"@type\":\"ImageObject\",\"inLanguage\":\"fi\",\"@id\":\"https:\\\/\\\/siljakeranen.fi\\\/blogi\\\/wp-content\\\/uploads\\\/2023\\\/01\\\/cropped-silja_250x100.png\",\"url\":\"https:\\\/\\\/siljakeranen.fi\\\/blogi\\\/wp-content\\\/uploads\\\/2023\\\/01\\\/cropped-silja_250x100.png\",\"contentUrl\":\"https:\\\/\\\/siljakeranen.fi\\\/blogi\\\/wp-content\\\/uploads\\\/2023\\\/01\\\/cropped-silja_250x100.png\",\"width\":250,\"height\":100,\"caption\":\"Silja\"},\"logo\":{\"@id\":\"https:\\\/\\\/siljakeranen.fi\\\/blogi\\\/wp-content\\\/uploads\\\/2023\\\/01\\\/cropped-silja_250x100.png\"},\"sameAs\":[\"http:\\\/\\\/www.siljakeranen.fi\",\"https:\\\/\\\/www.facebook.com\\\/siljamkeranen\",\"https:\\\/\\\/www.instagram.com\\\/siljakeranen\\\/\",\"https:\\\/\\\/www.linkedin.com\\\/in\\\/silja-kernen-4331b548\\\/\",\"https:\\\/\\\/x.com\\\/https:\\\/\\\/twitter.com\\\/SiljaMP\",\"https:\\\/\\\/www.youtube.com\\\/channel\\\/UC0MWeuoWP4-Mjs1z8pIv3GQ\",\"https:\\\/\\\/fi.wikipedia.org\\\/wiki\\\/Silja_Kernen\"],\"url\":\"https:\\\/\\\/siljakeranen.fi\\\/blogi\\\/author\\\/admin\\\/\"}]}<\/script>\n<!-- \/ Yoast SEO plugin. -->","yoast_head_json":{"title":"Poliitikon dilemma 6: Kiitollisuus - Silja Ker\u00e4nen","robots":{"index":"index","follow":"follow","max-snippet":"max-snippet:-1","max-image-preview":"max-image-preview:large","max-video-preview":"max-video-preview:-1"},"canonical":"https:\/\/siljakeranen.fi\/blogi\/poliitikon-dilemma-6-kiitollisuus\/","og_locale":"fi_FI","og_type":"article","og_title":"Poliitikon dilemma 6: Kiitollisuus - Silja Ker\u00e4nen","og_description":"No, ei kiitollisuus ole varsinainen dilemma. Halusin t\u00e4ll\u00e4 kirjoituksella ihmetell\u00e4 sit\u00e4, kuinka paljon ty\u00f6t\u00e4 ihmiset ovat valmiita tekem\u00e4\u00e4n minun puolestani. Jakamaan esitteit\u00e4, keitt\u00e4m\u00e4\u00e4n kahvia, paistamaan lettuja, puhumaan puolestani ja v\u00e4rkk\u00e4\u00e4m\u00e4\u00e4n mainoksia\u2026 Ja t\u00e4m\u00e4 viel\u00e4 hyv\u00e4ll\u00e4 mielell\u00e4, seuraavalla kerralla uudelleen ja ainoana palkkana kiitos. Oikeasti. N\u00f6yr\u00e4ksi vet\u00e4\u00e4. Ja \u00e4\u00e4rett\u00f6m\u00e4n kiitolliseksi. Vastapalveluksina min\u00e4 en pysty t\u00e4t\u00e4 auttamista [&hellip;]","og_url":"https:\/\/siljakeranen.fi\/blogi\/poliitikon-dilemma-6-kiitollisuus\/","og_site_name":"Silja Ker\u00e4nen","article_publisher":"https:\/\/www.facebook.com\/siljamkeranen","article_author":"https:\/\/www.facebook.com\/siljamkeranen","article_published_time":"2015-04-17T06:18:24+00:00","og_image":[{"width":1613,"height":1075,"url":"https:\/\/siljakeranen.fi\/blogi\/wp-content\/uploads\/2023\/01\/3L3A1767_valmis-pinempi.jpeg","type":"image\/jpeg"}],"author":"Silja","twitter_card":"summary_large_image","twitter_creator":"@https:\/\/twitter.com\/SiljaMP","twitter_site":"@SiljaMP","twitter_misc":{"Kirjoittanut":"Silja","Arvioitu lukuaika":"1 minuutti"},"schema":{"@context":"https:\/\/schema.org","@graph":[{"@type":"Article","@id":"https:\/\/siljakeranen.fi\/blogi\/poliitikon-dilemma-6-kiitollisuus\/#article","isPartOf":{"@id":"https:\/\/siljakeranen.fi\/blogi\/poliitikon-dilemma-6-kiitollisuus\/"},"author":{"name":"Silja","@id":"https:\/\/siljakeranen.fi\/blogi\/#\/schema\/person\/d43605ef0d5681c1b27a4ba1fede1cf4"},"headline":"Poliitikon dilemma 6: Kiitollisuus","datePublished":"2015-04-17T06:18:24+00:00","mainEntityOfPage":{"@id":"https:\/\/siljakeranen.fi\/blogi\/poliitikon-dilemma-6-kiitollisuus\/"},"wordCount":147,"commentCount":0,"publisher":{"@id":"https:\/\/siljakeranen.fi\/blogi\/#\/schema\/person\/d43605ef0d5681c1b27a4ba1fede1cf4"},"articleSection":["Eduskuntavaalit","Poliitikon dilemma","Politiikka"],"inLanguage":"fi","potentialAction":[{"@type":"CommentAction","name":"Comment","target":["https:\/\/siljakeranen.fi\/blogi\/poliitikon-dilemma-6-kiitollisuus\/#respond"]}]},{"@type":"WebPage","@id":"https:\/\/siljakeranen.fi\/blogi\/poliitikon-dilemma-6-kiitollisuus\/","url":"https:\/\/siljakeranen.fi\/blogi\/poliitikon-dilemma-6-kiitollisuus\/","name":"Poliitikon dilemma 6: Kiitollisuus - Silja Ker\u00e4nen","isPartOf":{"@id":"https:\/\/siljakeranen.fi\/blogi\/#website"},"datePublished":"2015-04-17T06:18:24+00:00","breadcrumb":{"@id":"https:\/\/siljakeranen.fi\/blogi\/poliitikon-dilemma-6-kiitollisuus\/#breadcrumb"},"inLanguage":"fi","potentialAction":[{"@type":"ReadAction","target":["https:\/\/siljakeranen.fi\/blogi\/poliitikon-dilemma-6-kiitollisuus\/"]}]},{"@type":"BreadcrumbList","@id":"https:\/\/siljakeranen.fi\/blogi\/poliitikon-dilemma-6-kiitollisuus\/#breadcrumb","itemListElement":[{"@type":"ListItem","position":1,"name":"Etusivu","item":"https:\/\/siljakeranen.fi\/blogi\/"},{"@type":"ListItem","position":2,"name":"Poliitikon dilemma 6: Kiitollisuus"}]},{"@type":"WebSite","@id":"https:\/\/siljakeranen.fi\/blogi\/#website","url":"https:\/\/siljakeranen.fi\/blogi\/","name":"Silja Ker\u00e4nen","description":"Silja Ker\u00e4nen, kainuulainen vihre\u00e4 poliitikko","publisher":{"@id":"https:\/\/siljakeranen.fi\/blogi\/#\/schema\/person\/d43605ef0d5681c1b27a4ba1fede1cf4"},"potentialAction":[{"@type":"SearchAction","target":{"@type":"EntryPoint","urlTemplate":"https:\/\/siljakeranen.fi\/blogi\/?s={search_term_string}"},"query-input":{"@type":"PropertyValueSpecification","valueRequired":true,"valueName":"search_term_string"}}],"inLanguage":"fi"},{"@type":["Person","Organization"],"@id":"https:\/\/siljakeranen.fi\/blogi\/#\/schema\/person\/d43605ef0d5681c1b27a4ba1fede1cf4","name":"Silja","image":{"@type":"ImageObject","inLanguage":"fi","@id":"https:\/\/siljakeranen.fi\/blogi\/wp-content\/uploads\/2023\/01\/cropped-silja_250x100.png","url":"https:\/\/siljakeranen.fi\/blogi\/wp-content\/uploads\/2023\/01\/cropped-silja_250x100.png","contentUrl":"https:\/\/siljakeranen.fi\/blogi\/wp-content\/uploads\/2023\/01\/cropped-silja_250x100.png","width":250,"height":100,"caption":"Silja"},"logo":{"@id":"https:\/\/siljakeranen.fi\/blogi\/wp-content\/uploads\/2023\/01\/cropped-silja_250x100.png"},"sameAs":["http:\/\/www.siljakeranen.fi","https:\/\/www.facebook.com\/siljamkeranen","https:\/\/www.instagram.com\/siljakeranen\/","https:\/\/www.linkedin.com\/in\/silja-kernen-4331b548\/","https:\/\/x.com\/https:\/\/twitter.com\/SiljaMP","https:\/\/www.youtube.com\/channel\/UC0MWeuoWP4-Mjs1z8pIv3GQ","https:\/\/fi.wikipedia.org\/wiki\/Silja_Kernen"],"url":"https:\/\/siljakeranen.fi\/blogi\/author\/admin\/"}]}},"_links":{"self":[{"href":"https:\/\/siljakeranen.fi\/blogi\/wp-json\/wp\/v2\/posts\/825","targetHints":{"allow":["GET"]}}],"collection":[{"href":"https:\/\/siljakeranen.fi\/blogi\/wp-json\/wp\/v2\/posts"}],"about":[{"href":"https:\/\/siljakeranen.fi\/blogi\/wp-json\/wp\/v2\/types\/post"}],"author":[{"embeddable":true,"href":"https:\/\/siljakeranen.fi\/blogi\/wp-json\/wp\/v2\/users\/1"}],"replies":[{"embeddable":true,"href":"https:\/\/siljakeranen.fi\/blogi\/wp-json\/wp\/v2\/comments?post=825"}],"version-history":[{"count":1,"href":"https:\/\/siljakeranen.fi\/blogi\/wp-json\/wp\/v2\/posts\/825\/revisions"}],"predecessor-version":[{"id":826,"href":"https:\/\/siljakeranen.fi\/blogi\/wp-json\/wp\/v2\/posts\/825\/revisions\/826"}],"wp:attachment":[{"href":"https:\/\/siljakeranen.fi\/blogi\/wp-json\/wp\/v2\/media?parent=825"}],"wp:term":[{"taxonomy":"category","embeddable":true,"href":"https:\/\/siljakeranen.fi\/blogi\/wp-json\/wp\/v2\/categories?post=825"},{"taxonomy":"post_tag","embeddable":true,"href":"https:\/\/siljakeranen.fi\/blogi\/wp-json\/wp\/v2\/tags?post=825"}],"curies":[{"name":"wp","href":"https:\/\/api.w.org\/{rel}","templated":true}]}}