{"id":846,"date":"2015-05-27T17:35:32","date_gmt":"2015-05-27T14:35:32","guid":{"rendered":"http:\/\/siljakeranen.fi\/blogi\/?p=846"},"modified":"2019-01-11T11:34:21","modified_gmt":"2019-01-11T09:34:21","slug":"hallitusohjelma-analyysi","status":"publish","type":"post","link":"https:\/\/siljakeranen.fi\/blogi\/hallitusohjelma-analyysi\/","title":{"rendered":"Hallitusohjelma-analyysi"},"content":{"rendered":"<p>T\u00e4n\u00e4\u00e4n julkaistu <a href=\"http:\/\/www.keskusta.fi\/loader.aspx?id=c3374414-88d8-4b64-87a4-27faab2880c5\" target=\"_blank\" rel=\"noopener\">hallitusohjelma<\/a>.<\/p>\n<p>Ja minun pikaisesti laatimani nelikentt\u00e4, olkaa hyv\u00e4.<\/p>\n<table>\n<tbody>\n<tr>\n<td width=\"244\"><strong>Vahvuudet<br \/>\n<\/strong>&#8211; Selke\u00e4 ja konkreettinen ohjelma<br \/>\n&#8211; Haittaverojen lis\u00e4\u00e4minen ja verotuksen ohjaaminen kohti v\u00e4h\u00e4p\u00e4\u00e4st\u00f6isi\u00e4 energianl\u00e4hteit\u00e4<br \/>\n&#8211; Sotessa painopiste ennaltaehk\u00e4isyyn<br \/>\n&#8211; Perustulokokeilu!<br \/>\n&#8211; Osaty\u00f6kykyisten ty\u00f6llistymist\u00e4 parannetaan<br \/>\n&#8211; Liikennepolttoaineissa siirtym\u00e4 uusiutuviin biodieseliin, -etanoliin ja \u2013kaasuun<br \/>\n&#8211; Puurakentamista est\u00e4vi\u00e4\/haittaavia rakennusm\u00e4\u00e4r\u00e4yksi\u00e4 puretaan<br \/>\n&#8211; Uusi kansallispuisto (Hossa?!)<br \/>\n&#8211; Erilaisten asioiden ennakkoluuloton kokeilu<br \/>\n&#8211; Maahanmuutto on n\u00e4hty my\u00f6s mahdollisuutena eik\u00e4 pakolaisten m\u00e4\u00e4r\u00e4\u00e4 olla leikkaamassa<\/td>\n<td width=\"244\"><strong>Heikkoudet<br \/>\n<\/strong>&#8211; Maapallon suhteen velaksi el\u00e4minen ja sen luomia haasteita (ilmastonmuutos , luonnonvarojen ylikulutus ja monimuotoisuuden heikkeneminen) ei ole huomioitu riitt\u00e4v\u00e4sti!<br \/>\n&#8211; \u201dTy\u00f6ik\u00e4isten mahdollisuutta omaisten hoitamiseen lis\u00e4t\u00e4\u00e4n\u201d tarkoittaa, ett\u00e4 ty\u00f6ik\u00e4iset naiset ottavat enemm\u00e4n hoivavastuuta ik\u00e4\u00e4ntyvist\u00e4 vanhemmistaan. Naisten ura- ja ansiokehitys heikkenee.<br \/>\n&#8211; Turve on edelleen kuvioissa mukana. Siit\u00e4 pit\u00e4isi luopua.<br \/>\n&#8211; Biotalousbuumissa \u2019tehostetaan\u2019 metsien k\u00e4ytt\u00f6\u00e4 monimuotoisuus ja vesist\u00f6vaikutukset unohtaen<br \/>\n&#8211; Vapaaehtoisuuteen perustuva luonnonsuojelu ei turvaa monimuotoista luontoa.<br \/>\n&#8211; Arktisen alueen hy\u00f6dynt\u00e4minen ei ole kest\u00e4v\u00e4\u00e4 kehityst\u00e4.<\/td>\n<\/tr>\n<tr>\n<td width=\"244\"><strong>Uhat<br \/>\n<\/strong>&#8211; Ty\u00f6markkinaj\u00e4rjest\u00f6t eiv\u00e4t hyv\u00e4ksy kaavailtuja muutoksia (= heikennyksi\u00e4) ty\u00f6lains\u00e4\u00e4d\u00e4nt\u00f6\u00f6n -&gt; Lakkoilua<br \/>\n<span style=\"font-family: inherit; font-size: inherit; line-height: 2;\">&#8211; Ymp\u00e4rist\u00f6politiikan kunnianhimon puutteessa j\u00e4\u00e4mme j\u00e4lkeen itse asioissa sek\u00e4 vihre\u00e4n teknologian vienniss\u00e4<br \/>\n<\/span><span style=\"font-family: inherit; font-size: inherit; line-height: 2;\">&#8211; Koulutuksen leikkaukset rapauttavat suomalaisten osaamista ja tasavertaisuutta<br \/>\n<\/span><span style=\"font-family: inherit; font-size: inherit; line-height: 2;\">&#8211; Eurot, kasvu &amp; ty\u00f6llisyys jyr\u00e4\u00e4v\u00e4t ja v\u00e4litt\u00e4minen sek\u00e4 humanismi unohtuvat<br \/>\n<\/span><span style=\"font-family: inherit; font-size: inherit; line-height: 2;\">&#8211; Oikeudenmukaisuuden tuntu h\u00e4vi\u00e4\u00e4, kun omaisuuden sukupolvenvaihdokset helpottuvat mutta mm. kehitysavusta &amp; koulutuksesta leikataan<br \/>\n<\/span><span style=\"font-family: inherit; font-size: inherit; line-height: 2;\">&#8211; EU- ja ETA-maiden ulkopuolelta tulevien lukukausimaksut heikent\u00e4v\u00e4t suomen kielen asemaa koulutuksessa ja v\u00e4hent\u00e4v\u00e4t suomalaisten kansainv\u00e4listymist\u00e4<\/span><\/td>\n<td width=\"244\"><strong>Mahdollisuudet<\/strong><br \/>\n&#8211; Talous saadaan kasvuun<br \/>\n&#8211; P\u00e4\u00e4t\u00f6ksenteon selkeys ja ennustettavuus sek\u00e4 hallituspuolueiden hyv\u00e4 yhteisty\u00f6 lis\u00e4\u00e4v\u00e4t luottamusta politiikkaan<br \/>\n&#8211; Sotesta saadaan hyv\u00e4 ja toimiva kokonaisuus, jossa toteutuvat niin demokratia, kustannustehokkuus kuin hyvinvoinnin lis\u00e4\u00e4ntyminen<\/td>\n<\/tr>\n<\/tbody>\n<\/table>\n<div style=\"padding-bottom:20px; padding-top:10px;\" class=\"hupso-share-buttons\"><!-- Hupso Share Buttons - https:\/\/www.hupso.com\/share\/ --><a class=\"hupso_counters\" href=\"https:\/\/www.hupso.com\/share\/\"><img decoding=\"async\" src=\"https:\/\/static.hupso.com\/share\/buttons\/share-small.png\" style=\"border:0px; padding-top:2px; float:left;\" alt=\"Share Button\"\/><\/a><script type=\"text\/javascript\">var hupso_services_c=new Array(\"twitter\",\"facebook_like\",\"facebook_send\",\"google\");var hupso_counters_lang = \"en_US\";var hupso_image_folder_url = \"\";var hupso_url_c=\"\";var hupso_title_c=\"Hallitusohjelma-analyysi\";<\/script><script type=\"text\/javascript\" src=\"https:\/\/static.hupso.com\/share\/js\/counters.js\"><\/script><!-- Hupso Share Buttons --><\/div>","protected":false},"excerpt":{"rendered":"<p>T\u00e4n\u00e4\u00e4n julkaistu hallitusohjelma. Ja minun pikaisesti laatimani nelikentt\u00e4, olkaa hyv\u00e4. Vahvuudet &#8211; Selke\u00e4 ja konkreettinen ohjelma &#8211; Haittaverojen lis\u00e4\u00e4minen ja verotuksen ohjaaminen kohti v\u00e4h\u00e4p\u00e4\u00e4st\u00f6isi\u00e4 energianl\u00e4hteit\u00e4 &#8211; Sotessa painopiste ennaltaehk\u00e4isyyn &#8211; Perustulokokeilu! &#8211; Osaty\u00f6kykyisten ty\u00f6llistymist\u00e4 parannetaan &#8211; Liikennepolttoaineissa siirtym\u00e4 uusiutuviin biodieseliin, -etanoliin ja \u2013kaasuun &#8211; Puurakentamista est\u00e4vi\u00e4\/haittaavia rakennusm\u00e4\u00e4r\u00e4yksi\u00e4 puretaan &#8211; Uusi kansallispuisto (Hossa?!) &#8211; Erilaisten asioiden [&hellip;]<\/p>\n<div style=\"padding-bottom:20px; padding-top:10px;\" class=\"hupso-share-buttons\"><!-- Hupso Share Buttons - https:\/\/www.hupso.com\/share\/ --><a class=\"hupso_counters\" href=\"https:\/\/www.hupso.com\/share\/\"><img src=\"https:\/\/static.hupso.com\/share\/buttons\/share-small.png\" style=\"border:0px; padding-top:2px; float:left;\" alt=\"Share Button\"\/><\/a><script type=\"text\/javascript\">var hupso_services_c=new Array(\"twitter\",\"facebook_like\",\"facebook_send\",\"google\");var hupso_counters_lang = \"en_US\";var hupso_image_folder_url = \"\";var hupso_url_c=\"\";var hupso_title_c=\"Hallitusohjelma-analyysi\";<\/script><script type=\"text\/javascript\" src=\"https:\/\/static.hupso.com\/share\/js\/counters.js\"><\/script><!-- Hupso Share Buttons --><\/div>","protected":false},"author":1,"featured_media":0,"comment_status":"open","ping_status":"closed","sticky":false,"template":"","format":"standard","meta":{"ngg_post_thumbnail":0,"footnotes":""},"categories":[13,27,7,22,33,11,20,6,10,32,5,30],"tags":[],"class_list":["post-846","post","type-post","status-publish","format-standard","hentry","category-eduskuntavaalit","category-ilmastonmuutos","category-kainuu","category-koulutus","category-lapset-nuoret","category-maahanmuutto","category-metsa","category-politiikka","category-vihreat","category-yhdenvertaisuus","category-ymparisto","category-yrittajyys-elinkeinot"],"yoast_head":"<!-- This site is optimized with the Yoast SEO plugin v27.3 - https:\/\/yoast.com\/product\/yoast-seo-wordpress\/ -->\n<title>Hallitusohjelma-analyysi - Silja Ker\u00e4nen<\/title>\n<meta name=\"robots\" content=\"index, follow, max-snippet:-1, max-image-preview:large, max-video-preview:-1\" \/>\n<link rel=\"canonical\" href=\"https:\/\/siljakeranen.fi\/blogi\/hallitusohjelma-analyysi\/\" \/>\n<meta property=\"og:locale\" content=\"fi_FI\" \/>\n<meta property=\"og:type\" content=\"article\" \/>\n<meta property=\"og:title\" content=\"Hallitusohjelma-analyysi - Silja Ker\u00e4nen\" \/>\n<meta property=\"og:description\" content=\"T\u00e4n\u00e4\u00e4n julkaistu hallitusohjelma. Ja minun pikaisesti laatimani nelikentt\u00e4, olkaa hyv\u00e4. Vahvuudet &#8211; Selke\u00e4 ja konkreettinen ohjelma &#8211; Haittaverojen lis\u00e4\u00e4minen ja verotuksen ohjaaminen kohti v\u00e4h\u00e4p\u00e4\u00e4st\u00f6isi\u00e4 energianl\u00e4hteit\u00e4 &#8211; Sotessa painopiste ennaltaehk\u00e4isyyn &#8211; Perustulokokeilu! &#8211; Osaty\u00f6kykyisten ty\u00f6llistymist\u00e4 parannetaan &#8211; Liikennepolttoaineissa siirtym\u00e4 uusiutuviin biodieseliin, -etanoliin ja \u2013kaasuun &#8211; Puurakentamista est\u00e4vi\u00e4\/haittaavia rakennusm\u00e4\u00e4r\u00e4yksi\u00e4 puretaan &#8211; Uusi kansallispuisto (Hossa?!) &#8211; Erilaisten asioiden [&hellip;]\" \/>\n<meta property=\"og:url\" content=\"https:\/\/siljakeranen.fi\/blogi\/hallitusohjelma-analyysi\/\" \/>\n<meta property=\"og:site_name\" content=\"Silja Ker\u00e4nen\" \/>\n<meta property=\"article:publisher\" content=\"https:\/\/www.facebook.com\/siljamkeranen\" \/>\n<meta property=\"article:author\" content=\"https:\/\/www.facebook.com\/siljamkeranen\" \/>\n<meta property=\"article:published_time\" content=\"2015-05-27T14:35:32+00:00\" \/>\n<meta property=\"article:modified_time\" content=\"2019-01-11T09:34:21+00:00\" \/>\n<meta property=\"og:image\" content=\"https:\/\/siljakeranen.fi\/blogi\/wp-content\/uploads\/2023\/01\/3L3A1767_valmis-pinempi.jpeg\" \/>\n\t<meta property=\"og:image:width\" content=\"1613\" \/>\n\t<meta property=\"og:image:height\" content=\"1075\" \/>\n\t<meta property=\"og:image:type\" content=\"image\/jpeg\" \/>\n<meta name=\"author\" content=\"Silja\" \/>\n<meta name=\"twitter:card\" content=\"summary_large_image\" \/>\n<meta name=\"twitter:creator\" content=\"@https:\/\/twitter.com\/SiljaMP\" \/>\n<meta name=\"twitter:site\" content=\"@SiljaMP\" \/>\n<meta name=\"twitter:label1\" content=\"Kirjoittanut\" \/>\n\t<meta name=\"twitter:data1\" content=\"Silja\" \/>\n\t<meta name=\"twitter:label2\" content=\"Arvioitu lukuaika\" \/>\n\t<meta name=\"twitter:data2\" content=\"2 minuuttia\" \/>\n<script type=\"application\/ld+json\" class=\"yoast-schema-graph\">{\"@context\":\"https:\\\/\\\/schema.org\",\"@graph\":[{\"@type\":\"Article\",\"@id\":\"https:\\\/\\\/siljakeranen.fi\\\/blogi\\\/hallitusohjelma-analyysi\\\/#article\",\"isPartOf\":{\"@id\":\"https:\\\/\\\/siljakeranen.fi\\\/blogi\\\/hallitusohjelma-analyysi\\\/\"},\"author\":{\"name\":\"Silja\",\"@id\":\"https:\\\/\\\/siljakeranen.fi\\\/blogi\\\/#\\\/schema\\\/person\\\/d43605ef0d5681c1b27a4ba1fede1cf4\"},\"headline\":\"Hallitusohjelma-analyysi\",\"datePublished\":\"2015-05-27T14:35:32+00:00\",\"dateModified\":\"2019-01-11T09:34:21+00:00\",\"mainEntityOfPage\":{\"@id\":\"https:\\\/\\\/siljakeranen.fi\\\/blogi\\\/hallitusohjelma-analyysi\\\/\"},\"wordCount\":314,\"commentCount\":0,\"publisher\":{\"@id\":\"https:\\\/\\\/siljakeranen.fi\\\/blogi\\\/#\\\/schema\\\/person\\\/d43605ef0d5681c1b27a4ba1fede1cf4\"},\"articleSection\":[\"Eduskuntavaalit\",\"Ilmastonmuutos\",\"Kainuu\",\"Koulutus\",\"Lapset &amp; nuoret\",\"Maahanmuutto\",\"Mets\u00e4\",\"Politiikka\",\"Vihre\u00e4t\",\"Yhdenvertaisuus\",\"Ymp\u00e4rist\u00f6\",\"Yritt\u00e4jyys &amp; elinkeinot\"],\"inLanguage\":\"fi\",\"potentialAction\":[{\"@type\":\"CommentAction\",\"name\":\"Comment\",\"target\":[\"https:\\\/\\\/siljakeranen.fi\\\/blogi\\\/hallitusohjelma-analyysi\\\/#respond\"]}]},{\"@type\":\"WebPage\",\"@id\":\"https:\\\/\\\/siljakeranen.fi\\\/blogi\\\/hallitusohjelma-analyysi\\\/\",\"url\":\"https:\\\/\\\/siljakeranen.fi\\\/blogi\\\/hallitusohjelma-analyysi\\\/\",\"name\":\"Hallitusohjelma-analyysi - Silja Ker\u00e4nen\",\"isPartOf\":{\"@id\":\"https:\\\/\\\/siljakeranen.fi\\\/blogi\\\/#website\"},\"datePublished\":\"2015-05-27T14:35:32+00:00\",\"dateModified\":\"2019-01-11T09:34:21+00:00\",\"breadcrumb\":{\"@id\":\"https:\\\/\\\/siljakeranen.fi\\\/blogi\\\/hallitusohjelma-analyysi\\\/#breadcrumb\"},\"inLanguage\":\"fi\",\"potentialAction\":[{\"@type\":\"ReadAction\",\"target\":[\"https:\\\/\\\/siljakeranen.fi\\\/blogi\\\/hallitusohjelma-analyysi\\\/\"]}]},{\"@type\":\"BreadcrumbList\",\"@id\":\"https:\\\/\\\/siljakeranen.fi\\\/blogi\\\/hallitusohjelma-analyysi\\\/#breadcrumb\",\"itemListElement\":[{\"@type\":\"ListItem\",\"position\":1,\"name\":\"Etusivu\",\"item\":\"https:\\\/\\\/siljakeranen.fi\\\/blogi\\\/\"},{\"@type\":\"ListItem\",\"position\":2,\"name\":\"Hallitusohjelma-analyysi\"}]},{\"@type\":\"WebSite\",\"@id\":\"https:\\\/\\\/siljakeranen.fi\\\/blogi\\\/#website\",\"url\":\"https:\\\/\\\/siljakeranen.fi\\\/blogi\\\/\",\"name\":\"Silja Ker\u00e4nen\",\"description\":\"Silja Ker\u00e4nen, kainuulainen vihre\u00e4 poliitikko\",\"publisher\":{\"@id\":\"https:\\\/\\\/siljakeranen.fi\\\/blogi\\\/#\\\/schema\\\/person\\\/d43605ef0d5681c1b27a4ba1fede1cf4\"},\"potentialAction\":[{\"@type\":\"SearchAction\",\"target\":{\"@type\":\"EntryPoint\",\"urlTemplate\":\"https:\\\/\\\/siljakeranen.fi\\\/blogi\\\/?s={search_term_string}\"},\"query-input\":{\"@type\":\"PropertyValueSpecification\",\"valueRequired\":true,\"valueName\":\"search_term_string\"}}],\"inLanguage\":\"fi\"},{\"@type\":[\"Person\",\"Organization\"],\"@id\":\"https:\\\/\\\/siljakeranen.fi\\\/blogi\\\/#\\\/schema\\\/person\\\/d43605ef0d5681c1b27a4ba1fede1cf4\",\"name\":\"Silja\",\"image\":{\"@type\":\"ImageObject\",\"inLanguage\":\"fi\",\"@id\":\"https:\\\/\\\/siljakeranen.fi\\\/blogi\\\/wp-content\\\/uploads\\\/2023\\\/01\\\/cropped-silja_250x100.png\",\"url\":\"https:\\\/\\\/siljakeranen.fi\\\/blogi\\\/wp-content\\\/uploads\\\/2023\\\/01\\\/cropped-silja_250x100.png\",\"contentUrl\":\"https:\\\/\\\/siljakeranen.fi\\\/blogi\\\/wp-content\\\/uploads\\\/2023\\\/01\\\/cropped-silja_250x100.png\",\"width\":250,\"height\":100,\"caption\":\"Silja\"},\"logo\":{\"@id\":\"https:\\\/\\\/siljakeranen.fi\\\/blogi\\\/wp-content\\\/uploads\\\/2023\\\/01\\\/cropped-silja_250x100.png\"},\"sameAs\":[\"http:\\\/\\\/www.siljakeranen.fi\",\"https:\\\/\\\/www.facebook.com\\\/siljamkeranen\",\"https:\\\/\\\/www.instagram.com\\\/siljakeranen\\\/\",\"https:\\\/\\\/www.linkedin.com\\\/in\\\/silja-kernen-4331b548\\\/\",\"https:\\\/\\\/x.com\\\/https:\\\/\\\/twitter.com\\\/SiljaMP\",\"https:\\\/\\\/www.youtube.com\\\/channel\\\/UC0MWeuoWP4-Mjs1z8pIv3GQ\",\"https:\\\/\\\/fi.wikipedia.org\\\/wiki\\\/Silja_Kernen\"],\"url\":\"https:\\\/\\\/siljakeranen.fi\\\/blogi\\\/author\\\/admin\\\/\"}]}<\/script>\n<!-- \/ Yoast SEO plugin. -->","yoast_head_json":{"title":"Hallitusohjelma-analyysi - Silja Ker\u00e4nen","robots":{"index":"index","follow":"follow","max-snippet":"max-snippet:-1","max-image-preview":"max-image-preview:large","max-video-preview":"max-video-preview:-1"},"canonical":"https:\/\/siljakeranen.fi\/blogi\/hallitusohjelma-analyysi\/","og_locale":"fi_FI","og_type":"article","og_title":"Hallitusohjelma-analyysi - Silja Ker\u00e4nen","og_description":"T\u00e4n\u00e4\u00e4n julkaistu hallitusohjelma. Ja minun pikaisesti laatimani nelikentt\u00e4, olkaa hyv\u00e4. Vahvuudet &#8211; Selke\u00e4 ja konkreettinen ohjelma &#8211; Haittaverojen lis\u00e4\u00e4minen ja verotuksen ohjaaminen kohti v\u00e4h\u00e4p\u00e4\u00e4st\u00f6isi\u00e4 energianl\u00e4hteit\u00e4 &#8211; Sotessa painopiste ennaltaehk\u00e4isyyn &#8211; Perustulokokeilu! &#8211; Osaty\u00f6kykyisten ty\u00f6llistymist\u00e4 parannetaan &#8211; Liikennepolttoaineissa siirtym\u00e4 uusiutuviin biodieseliin, -etanoliin ja \u2013kaasuun &#8211; Puurakentamista est\u00e4vi\u00e4\/haittaavia rakennusm\u00e4\u00e4r\u00e4yksi\u00e4 puretaan &#8211; Uusi kansallispuisto (Hossa?!) &#8211; Erilaisten asioiden [&hellip;]","og_url":"https:\/\/siljakeranen.fi\/blogi\/hallitusohjelma-analyysi\/","og_site_name":"Silja Ker\u00e4nen","article_publisher":"https:\/\/www.facebook.com\/siljamkeranen","article_author":"https:\/\/www.facebook.com\/siljamkeranen","article_published_time":"2015-05-27T14:35:32+00:00","article_modified_time":"2019-01-11T09:34:21+00:00","og_image":[{"width":1613,"height":1075,"url":"https:\/\/siljakeranen.fi\/blogi\/wp-content\/uploads\/2023\/01\/3L3A1767_valmis-pinempi.jpeg","type":"image\/jpeg"}],"author":"Silja","twitter_card":"summary_large_image","twitter_creator":"@https:\/\/twitter.com\/SiljaMP","twitter_site":"@SiljaMP","twitter_misc":{"Kirjoittanut":"Silja","Arvioitu lukuaika":"2 minuuttia"},"schema":{"@context":"https:\/\/schema.org","@graph":[{"@type":"Article","@id":"https:\/\/siljakeranen.fi\/blogi\/hallitusohjelma-analyysi\/#article","isPartOf":{"@id":"https:\/\/siljakeranen.fi\/blogi\/hallitusohjelma-analyysi\/"},"author":{"name":"Silja","@id":"https:\/\/siljakeranen.fi\/blogi\/#\/schema\/person\/d43605ef0d5681c1b27a4ba1fede1cf4"},"headline":"Hallitusohjelma-analyysi","datePublished":"2015-05-27T14:35:32+00:00","dateModified":"2019-01-11T09:34:21+00:00","mainEntityOfPage":{"@id":"https:\/\/siljakeranen.fi\/blogi\/hallitusohjelma-analyysi\/"},"wordCount":314,"commentCount":0,"publisher":{"@id":"https:\/\/siljakeranen.fi\/blogi\/#\/schema\/person\/d43605ef0d5681c1b27a4ba1fede1cf4"},"articleSection":["Eduskuntavaalit","Ilmastonmuutos","Kainuu","Koulutus","Lapset &amp; nuoret","Maahanmuutto","Mets\u00e4","Politiikka","Vihre\u00e4t","Yhdenvertaisuus","Ymp\u00e4rist\u00f6","Yritt\u00e4jyys &amp; elinkeinot"],"inLanguage":"fi","potentialAction":[{"@type":"CommentAction","name":"Comment","target":["https:\/\/siljakeranen.fi\/blogi\/hallitusohjelma-analyysi\/#respond"]}]},{"@type":"WebPage","@id":"https:\/\/siljakeranen.fi\/blogi\/hallitusohjelma-analyysi\/","url":"https:\/\/siljakeranen.fi\/blogi\/hallitusohjelma-analyysi\/","name":"Hallitusohjelma-analyysi - Silja Ker\u00e4nen","isPartOf":{"@id":"https:\/\/siljakeranen.fi\/blogi\/#website"},"datePublished":"2015-05-27T14:35:32+00:00","dateModified":"2019-01-11T09:34:21+00:00","breadcrumb":{"@id":"https:\/\/siljakeranen.fi\/blogi\/hallitusohjelma-analyysi\/#breadcrumb"},"inLanguage":"fi","potentialAction":[{"@type":"ReadAction","target":["https:\/\/siljakeranen.fi\/blogi\/hallitusohjelma-analyysi\/"]}]},{"@type":"BreadcrumbList","@id":"https:\/\/siljakeranen.fi\/blogi\/hallitusohjelma-analyysi\/#breadcrumb","itemListElement":[{"@type":"ListItem","position":1,"name":"Etusivu","item":"https:\/\/siljakeranen.fi\/blogi\/"},{"@type":"ListItem","position":2,"name":"Hallitusohjelma-analyysi"}]},{"@type":"WebSite","@id":"https:\/\/siljakeranen.fi\/blogi\/#website","url":"https:\/\/siljakeranen.fi\/blogi\/","name":"Silja Ker\u00e4nen","description":"Silja Ker\u00e4nen, kainuulainen vihre\u00e4 poliitikko","publisher":{"@id":"https:\/\/siljakeranen.fi\/blogi\/#\/schema\/person\/d43605ef0d5681c1b27a4ba1fede1cf4"},"potentialAction":[{"@type":"SearchAction","target":{"@type":"EntryPoint","urlTemplate":"https:\/\/siljakeranen.fi\/blogi\/?s={search_term_string}"},"query-input":{"@type":"PropertyValueSpecification","valueRequired":true,"valueName":"search_term_string"}}],"inLanguage":"fi"},{"@type":["Person","Organization"],"@id":"https:\/\/siljakeranen.fi\/blogi\/#\/schema\/person\/d43605ef0d5681c1b27a4ba1fede1cf4","name":"Silja","image":{"@type":"ImageObject","inLanguage":"fi","@id":"https:\/\/siljakeranen.fi\/blogi\/wp-content\/uploads\/2023\/01\/cropped-silja_250x100.png","url":"https:\/\/siljakeranen.fi\/blogi\/wp-content\/uploads\/2023\/01\/cropped-silja_250x100.png","contentUrl":"https:\/\/siljakeranen.fi\/blogi\/wp-content\/uploads\/2023\/01\/cropped-silja_250x100.png","width":250,"height":100,"caption":"Silja"},"logo":{"@id":"https:\/\/siljakeranen.fi\/blogi\/wp-content\/uploads\/2023\/01\/cropped-silja_250x100.png"},"sameAs":["http:\/\/www.siljakeranen.fi","https:\/\/www.facebook.com\/siljamkeranen","https:\/\/www.instagram.com\/siljakeranen\/","https:\/\/www.linkedin.com\/in\/silja-kernen-4331b548\/","https:\/\/x.com\/https:\/\/twitter.com\/SiljaMP","https:\/\/www.youtube.com\/channel\/UC0MWeuoWP4-Mjs1z8pIv3GQ","https:\/\/fi.wikipedia.org\/wiki\/Silja_Kernen"],"url":"https:\/\/siljakeranen.fi\/blogi\/author\/admin\/"}]}},"_links":{"self":[{"href":"https:\/\/siljakeranen.fi\/blogi\/wp-json\/wp\/v2\/posts\/846","targetHints":{"allow":["GET"]}}],"collection":[{"href":"https:\/\/siljakeranen.fi\/blogi\/wp-json\/wp\/v2\/posts"}],"about":[{"href":"https:\/\/siljakeranen.fi\/blogi\/wp-json\/wp\/v2\/types\/post"}],"author":[{"embeddable":true,"href":"https:\/\/siljakeranen.fi\/blogi\/wp-json\/wp\/v2\/users\/1"}],"replies":[{"embeddable":true,"href":"https:\/\/siljakeranen.fi\/blogi\/wp-json\/wp\/v2\/comments?post=846"}],"version-history":[{"count":4,"href":"https:\/\/siljakeranen.fi\/blogi\/wp-json\/wp\/v2\/posts\/846\/revisions"}],"predecessor-version":[{"id":1448,"href":"https:\/\/siljakeranen.fi\/blogi\/wp-json\/wp\/v2\/posts\/846\/revisions\/1448"}],"wp:attachment":[{"href":"https:\/\/siljakeranen.fi\/blogi\/wp-json\/wp\/v2\/media?parent=846"}],"wp:term":[{"taxonomy":"category","embeddable":true,"href":"https:\/\/siljakeranen.fi\/blogi\/wp-json\/wp\/v2\/categories?post=846"},{"taxonomy":"post_tag","embeddable":true,"href":"https:\/\/siljakeranen.fi\/blogi\/wp-json\/wp\/v2\/tags?post=846"}],"curies":[{"name":"wp","href":"https:\/\/api.w.org\/{rel}","templated":true}]}}