{"id":867,"date":"2015-09-26T15:45:59","date_gmt":"2015-09-26T12:45:59","guid":{"rendered":"http:\/\/siljakeranen.fi\/blogi\/?p=867"},"modified":"2019-01-11T11:30:49","modified_gmt":"2019-01-11T09:30:49","slug":"kaksi-karpasta-yhdella-iskulla","status":"publish","type":"post","link":"https:\/\/siljakeranen.fi\/blogi\/kaksi-karpasta-yhdella-iskulla\/","title":{"rendered":"Kaksi k\u00e4rp\u00e4st\u00e4 yhdell\u00e4 iskulla"},"content":{"rendered":"<p>Kotimaisen keskustelun n\u00e4ytt\u00e4\u00e4 t\u00e4ytt\u00e4v\u00e4n talouspuhe: julkisen talouden kest\u00e4vyysvaje, velkaantuminen, kilpailukyky&#8230; Toinen velkaantuminen ei juuri n\u00e4y keskustelussa: me elet\u00e4\u00e4n yli varojemme maapallon suhteen. Se on j\u00e4nn\u00e4, ett\u00e4 talouden &#8217;realiteetit&#8217; ymm\u00e4rret\u00e4\u00e4n, mutta fyysisen todellisuuden realiteetteja ei. Kai t\u00e4ss\u00e4 maassa nyt jokainen on sen verran lukenut luonnontieteit\u00e4 (ainakin viel\u00e4 toistaiseksi), ett\u00e4 ymm\u00e4rt\u00e4\u00e4 maapalloja olevan vain yksi ja ett\u00e4 uusiutumattomia luonnonvaroja on rajallisesti.<\/p>\n<div>Monella taitaa olla vankkumaton usko meid\u00e4n insin\u00f6\u00f6rien ylimaallisiin kykyihin ratkaista ongelma kuin ongelma. Ehk\u00e4 olisikin, mutta siihen pit\u00e4\u00e4 antaa mahdollisuus. Politiikalla muokataan n\u00e4it\u00e4 mahdollisuuksia, kun tehd\u00e4\u00e4n ratkaisuja siit\u00e4 mik\u00e4 on kannattavaa. Esimerkiksi, onko kannattavampaa panostaa aurinko- vai fossiilenergiaan.<\/div>\n<div><\/div>\n<div>\n<p>Parhaimmassa tapauksessa ratkaistaisiin sek\u00e4 talouden ett\u00e4 maapallon kest\u00e4vyden haasteet yht\u00e4 aikaa. Ja t\u00e4h\u00e4n meill\u00e4 vihreill\u00e4 on oikeasti ratkaisuja!<\/p>\n<p>&#8212;&#8212;&#8212;<br \/>\nPuheena puoluevaltuuskunnan kokouksessa Helsingiss\u00e4.<\/p>\n<\/div>\n<div style=\"padding-bottom:20px; padding-top:10px;\" class=\"hupso-share-buttons\"><!-- Hupso Share Buttons - https:\/\/www.hupso.com\/share\/ --><a class=\"hupso_counters\" href=\"https:\/\/www.hupso.com\/share\/\"><img decoding=\"async\" src=\"https:\/\/static.hupso.com\/share\/buttons\/share-small.png\" style=\"border:0px; padding-top:2px; float:left;\" alt=\"Share Button\"\/><\/a><script type=\"text\/javascript\">var hupso_services_c=new Array(\"twitter\",\"facebook_like\",\"facebook_send\",\"google\");var hupso_counters_lang = \"en_US\";var hupso_image_folder_url = \"\";var hupso_url_c=\"\";var hupso_title_c=\"Kaksi%20k%C3%A4rp%C3%A4st%C3%A4%20yhdell%C3%A4%20iskulla\";<\/script><script type=\"text\/javascript\" src=\"https:\/\/static.hupso.com\/share\/js\/counters.js\"><\/script><!-- Hupso Share Buttons --><\/div>","protected":false},"excerpt":{"rendered":"<p>Kotimaisen keskustelun n\u00e4ytt\u00e4\u00e4 t\u00e4ytt\u00e4v\u00e4n talouspuhe: julkisen talouden kest\u00e4vyysvaje, velkaantuminen, kilpailukyky&#8230; Toinen velkaantuminen ei juuri n\u00e4y keskustelussa: me elet\u00e4\u00e4n yli varojemme maapallon suhteen. Se on j\u00e4nn\u00e4, ett\u00e4 talouden &#8217;realiteetit&#8217; ymm\u00e4rret\u00e4\u00e4n, mutta fyysisen todellisuuden realiteetteja ei. Kai t\u00e4ss\u00e4 maassa nyt jokainen on sen verran lukenut luonnontieteit\u00e4 (ainakin viel\u00e4 toistaiseksi), ett\u00e4 ymm\u00e4rt\u00e4\u00e4 maapalloja olevan vain yksi ja ett\u00e4 [&hellip;]<\/p>\n<div style=\"padding-bottom:20px; padding-top:10px;\" class=\"hupso-share-buttons\"><!-- Hupso Share Buttons - https:\/\/www.hupso.com\/share\/ --><a class=\"hupso_counters\" href=\"https:\/\/www.hupso.com\/share\/\"><img src=\"https:\/\/static.hupso.com\/share\/buttons\/share-small.png\" style=\"border:0px; padding-top:2px; float:left;\" alt=\"Share Button\"\/><\/a><script type=\"text\/javascript\">var hupso_services_c=new Array(\"twitter\",\"facebook_like\",\"facebook_send\",\"google\");var hupso_counters_lang = \"en_US\";var hupso_image_folder_url = \"\";var hupso_url_c=\"\";var hupso_title_c=\"Kaksi%20k%C3%A4rp%C3%A4st%C3%A4%20yhdell%C3%A4%20iskulla\";<\/script><script type=\"text\/javascript\" src=\"https:\/\/static.hupso.com\/share\/js\/counters.js\"><\/script><!-- Hupso Share Buttons --><\/div>","protected":false},"author":1,"featured_media":0,"comment_status":"open","ping_status":"closed","sticky":false,"template":"","format":"standard","meta":{"ngg_post_thumbnail":0,"footnotes":""},"categories":[27,29,6,10,5],"tags":[],"class_list":["post-867","post","type-post","status-publish","format-standard","hentry","category-ilmastonmuutos","category-maailmanparannus","category-politiikka","category-vihreat","category-ymparisto"],"yoast_head":"<!-- This site is optimized with the Yoast SEO plugin v27.3 - https:\/\/yoast.com\/product\/yoast-seo-wordpress\/ -->\n<title>Kaksi k\u00e4rp\u00e4st\u00e4 yhdell\u00e4 iskulla - Silja Ker\u00e4nen<\/title>\n<meta name=\"robots\" content=\"index, follow, max-snippet:-1, max-image-preview:large, max-video-preview:-1\" \/>\n<link rel=\"canonical\" href=\"https:\/\/siljakeranen.fi\/blogi\/kaksi-karpasta-yhdella-iskulla\/\" \/>\n<meta property=\"og:locale\" content=\"fi_FI\" \/>\n<meta property=\"og:type\" content=\"article\" \/>\n<meta property=\"og:title\" content=\"Kaksi k\u00e4rp\u00e4st\u00e4 yhdell\u00e4 iskulla - Silja Ker\u00e4nen\" \/>\n<meta property=\"og:description\" content=\"Kotimaisen keskustelun n\u00e4ytt\u00e4\u00e4 t\u00e4ytt\u00e4v\u00e4n talouspuhe: julkisen talouden kest\u00e4vyysvaje, velkaantuminen, kilpailukyky&#8230; Toinen velkaantuminen ei juuri n\u00e4y keskustelussa: me elet\u00e4\u00e4n yli varojemme maapallon suhteen. Se on j\u00e4nn\u00e4, ett\u00e4 talouden &#8217;realiteetit&#8217; ymm\u00e4rret\u00e4\u00e4n, mutta fyysisen todellisuuden realiteetteja ei. Kai t\u00e4ss\u00e4 maassa nyt jokainen on sen verran lukenut luonnontieteit\u00e4 (ainakin viel\u00e4 toistaiseksi), ett\u00e4 ymm\u00e4rt\u00e4\u00e4 maapalloja olevan vain yksi ja ett\u00e4 [&hellip;]\" \/>\n<meta property=\"og:url\" content=\"https:\/\/siljakeranen.fi\/blogi\/kaksi-karpasta-yhdella-iskulla\/\" \/>\n<meta property=\"og:site_name\" content=\"Silja Ker\u00e4nen\" \/>\n<meta property=\"article:publisher\" content=\"https:\/\/www.facebook.com\/siljamkeranen\" \/>\n<meta property=\"article:author\" content=\"https:\/\/www.facebook.com\/siljamkeranen\" \/>\n<meta property=\"article:published_time\" content=\"2015-09-26T12:45:59+00:00\" \/>\n<meta property=\"article:modified_time\" content=\"2019-01-11T09:30:49+00:00\" \/>\n<meta property=\"og:image\" content=\"https:\/\/siljakeranen.fi\/blogi\/wp-content\/uploads\/2023\/01\/3L3A1767_valmis-pinempi.jpeg\" \/>\n\t<meta property=\"og:image:width\" content=\"1613\" \/>\n\t<meta property=\"og:image:height\" content=\"1075\" \/>\n\t<meta property=\"og:image:type\" content=\"image\/jpeg\" \/>\n<meta name=\"author\" content=\"Silja\" \/>\n<meta name=\"twitter:card\" content=\"summary_large_image\" \/>\n<meta name=\"twitter:creator\" content=\"@https:\/\/twitter.com\/SiljaMP\" \/>\n<meta name=\"twitter:site\" content=\"@SiljaMP\" \/>\n<meta name=\"twitter:label1\" content=\"Kirjoittanut\" \/>\n\t<meta name=\"twitter:data1\" content=\"Silja\" \/>\n\t<meta name=\"twitter:label2\" content=\"Arvioitu lukuaika\" \/>\n\t<meta name=\"twitter:data2\" content=\"1 minuutti\" \/>\n<script type=\"application\/ld+json\" class=\"yoast-schema-graph\">{\"@context\":\"https:\\\/\\\/schema.org\",\"@graph\":[{\"@type\":\"Article\",\"@id\":\"https:\\\/\\\/siljakeranen.fi\\\/blogi\\\/kaksi-karpasta-yhdella-iskulla\\\/#article\",\"isPartOf\":{\"@id\":\"https:\\\/\\\/siljakeranen.fi\\\/blogi\\\/kaksi-karpasta-yhdella-iskulla\\\/\"},\"author\":{\"name\":\"Silja\",\"@id\":\"https:\\\/\\\/siljakeranen.fi\\\/blogi\\\/#\\\/schema\\\/person\\\/d43605ef0d5681c1b27a4ba1fede1cf4\"},\"headline\":\"Kaksi k\u00e4rp\u00e4st\u00e4 yhdell\u00e4 iskulla\",\"datePublished\":\"2015-09-26T12:45:59+00:00\",\"dateModified\":\"2019-01-11T09:30:49+00:00\",\"mainEntityOfPage\":{\"@id\":\"https:\\\/\\\/siljakeranen.fi\\\/blogi\\\/kaksi-karpasta-yhdella-iskulla\\\/\"},\"wordCount\":145,\"commentCount\":0,\"publisher\":{\"@id\":\"https:\\\/\\\/siljakeranen.fi\\\/blogi\\\/#\\\/schema\\\/person\\\/d43605ef0d5681c1b27a4ba1fede1cf4\"},\"articleSection\":[\"Ilmastonmuutos\",\"Maailmanparannus\",\"Politiikka\",\"Vihre\u00e4t\",\"Ymp\u00e4rist\u00f6\"],\"inLanguage\":\"fi\",\"potentialAction\":[{\"@type\":\"CommentAction\",\"name\":\"Comment\",\"target\":[\"https:\\\/\\\/siljakeranen.fi\\\/blogi\\\/kaksi-karpasta-yhdella-iskulla\\\/#respond\"]}]},{\"@type\":\"WebPage\",\"@id\":\"https:\\\/\\\/siljakeranen.fi\\\/blogi\\\/kaksi-karpasta-yhdella-iskulla\\\/\",\"url\":\"https:\\\/\\\/siljakeranen.fi\\\/blogi\\\/kaksi-karpasta-yhdella-iskulla\\\/\",\"name\":\"Kaksi k\u00e4rp\u00e4st\u00e4 yhdell\u00e4 iskulla - Silja Ker\u00e4nen\",\"isPartOf\":{\"@id\":\"https:\\\/\\\/siljakeranen.fi\\\/blogi\\\/#website\"},\"datePublished\":\"2015-09-26T12:45:59+00:00\",\"dateModified\":\"2019-01-11T09:30:49+00:00\",\"breadcrumb\":{\"@id\":\"https:\\\/\\\/siljakeranen.fi\\\/blogi\\\/kaksi-karpasta-yhdella-iskulla\\\/#breadcrumb\"},\"inLanguage\":\"fi\",\"potentialAction\":[{\"@type\":\"ReadAction\",\"target\":[\"https:\\\/\\\/siljakeranen.fi\\\/blogi\\\/kaksi-karpasta-yhdella-iskulla\\\/\"]}]},{\"@type\":\"BreadcrumbList\",\"@id\":\"https:\\\/\\\/siljakeranen.fi\\\/blogi\\\/kaksi-karpasta-yhdella-iskulla\\\/#breadcrumb\",\"itemListElement\":[{\"@type\":\"ListItem\",\"position\":1,\"name\":\"Etusivu\",\"item\":\"https:\\\/\\\/siljakeranen.fi\\\/blogi\\\/\"},{\"@type\":\"ListItem\",\"position\":2,\"name\":\"Kaksi k\u00e4rp\u00e4st\u00e4 yhdell\u00e4 iskulla\"}]},{\"@type\":\"WebSite\",\"@id\":\"https:\\\/\\\/siljakeranen.fi\\\/blogi\\\/#website\",\"url\":\"https:\\\/\\\/siljakeranen.fi\\\/blogi\\\/\",\"name\":\"Silja Ker\u00e4nen\",\"description\":\"Silja Ker\u00e4nen, kainuulainen vihre\u00e4 poliitikko\",\"publisher\":{\"@id\":\"https:\\\/\\\/siljakeranen.fi\\\/blogi\\\/#\\\/schema\\\/person\\\/d43605ef0d5681c1b27a4ba1fede1cf4\"},\"potentialAction\":[{\"@type\":\"SearchAction\",\"target\":{\"@type\":\"EntryPoint\",\"urlTemplate\":\"https:\\\/\\\/siljakeranen.fi\\\/blogi\\\/?s={search_term_string}\"},\"query-input\":{\"@type\":\"PropertyValueSpecification\",\"valueRequired\":true,\"valueName\":\"search_term_string\"}}],\"inLanguage\":\"fi\"},{\"@type\":[\"Person\",\"Organization\"],\"@id\":\"https:\\\/\\\/siljakeranen.fi\\\/blogi\\\/#\\\/schema\\\/person\\\/d43605ef0d5681c1b27a4ba1fede1cf4\",\"name\":\"Silja\",\"image\":{\"@type\":\"ImageObject\",\"inLanguage\":\"fi\",\"@id\":\"https:\\\/\\\/siljakeranen.fi\\\/blogi\\\/wp-content\\\/uploads\\\/2023\\\/01\\\/cropped-silja_250x100.png\",\"url\":\"https:\\\/\\\/siljakeranen.fi\\\/blogi\\\/wp-content\\\/uploads\\\/2023\\\/01\\\/cropped-silja_250x100.png\",\"contentUrl\":\"https:\\\/\\\/siljakeranen.fi\\\/blogi\\\/wp-content\\\/uploads\\\/2023\\\/01\\\/cropped-silja_250x100.png\",\"width\":250,\"height\":100,\"caption\":\"Silja\"},\"logo\":{\"@id\":\"https:\\\/\\\/siljakeranen.fi\\\/blogi\\\/wp-content\\\/uploads\\\/2023\\\/01\\\/cropped-silja_250x100.png\"},\"sameAs\":[\"http:\\\/\\\/www.siljakeranen.fi\",\"https:\\\/\\\/www.facebook.com\\\/siljamkeranen\",\"https:\\\/\\\/www.instagram.com\\\/siljakeranen\\\/\",\"https:\\\/\\\/www.linkedin.com\\\/in\\\/silja-kernen-4331b548\\\/\",\"https:\\\/\\\/x.com\\\/https:\\\/\\\/twitter.com\\\/SiljaMP\",\"https:\\\/\\\/www.youtube.com\\\/channel\\\/UC0MWeuoWP4-Mjs1z8pIv3GQ\",\"https:\\\/\\\/fi.wikipedia.org\\\/wiki\\\/Silja_Kernen\"],\"url\":\"https:\\\/\\\/siljakeranen.fi\\\/blogi\\\/author\\\/admin\\\/\"}]}<\/script>\n<!-- \/ Yoast SEO plugin. -->","yoast_head_json":{"title":"Kaksi k\u00e4rp\u00e4st\u00e4 yhdell\u00e4 iskulla - Silja Ker\u00e4nen","robots":{"index":"index","follow":"follow","max-snippet":"max-snippet:-1","max-image-preview":"max-image-preview:large","max-video-preview":"max-video-preview:-1"},"canonical":"https:\/\/siljakeranen.fi\/blogi\/kaksi-karpasta-yhdella-iskulla\/","og_locale":"fi_FI","og_type":"article","og_title":"Kaksi k\u00e4rp\u00e4st\u00e4 yhdell\u00e4 iskulla - Silja Ker\u00e4nen","og_description":"Kotimaisen keskustelun n\u00e4ytt\u00e4\u00e4 t\u00e4ytt\u00e4v\u00e4n talouspuhe: julkisen talouden kest\u00e4vyysvaje, velkaantuminen, kilpailukyky&#8230; Toinen velkaantuminen ei juuri n\u00e4y keskustelussa: me elet\u00e4\u00e4n yli varojemme maapallon suhteen. Se on j\u00e4nn\u00e4, ett\u00e4 talouden &#8217;realiteetit&#8217; ymm\u00e4rret\u00e4\u00e4n, mutta fyysisen todellisuuden realiteetteja ei. Kai t\u00e4ss\u00e4 maassa nyt jokainen on sen verran lukenut luonnontieteit\u00e4 (ainakin viel\u00e4 toistaiseksi), ett\u00e4 ymm\u00e4rt\u00e4\u00e4 maapalloja olevan vain yksi ja ett\u00e4 [&hellip;]","og_url":"https:\/\/siljakeranen.fi\/blogi\/kaksi-karpasta-yhdella-iskulla\/","og_site_name":"Silja Ker\u00e4nen","article_publisher":"https:\/\/www.facebook.com\/siljamkeranen","article_author":"https:\/\/www.facebook.com\/siljamkeranen","article_published_time":"2015-09-26T12:45:59+00:00","article_modified_time":"2019-01-11T09:30:49+00:00","og_image":[{"width":1613,"height":1075,"url":"https:\/\/siljakeranen.fi\/blogi\/wp-content\/uploads\/2023\/01\/3L3A1767_valmis-pinempi.jpeg","type":"image\/jpeg"}],"author":"Silja","twitter_card":"summary_large_image","twitter_creator":"@https:\/\/twitter.com\/SiljaMP","twitter_site":"@SiljaMP","twitter_misc":{"Kirjoittanut":"Silja","Arvioitu lukuaika":"1 minuutti"},"schema":{"@context":"https:\/\/schema.org","@graph":[{"@type":"Article","@id":"https:\/\/siljakeranen.fi\/blogi\/kaksi-karpasta-yhdella-iskulla\/#article","isPartOf":{"@id":"https:\/\/siljakeranen.fi\/blogi\/kaksi-karpasta-yhdella-iskulla\/"},"author":{"name":"Silja","@id":"https:\/\/siljakeranen.fi\/blogi\/#\/schema\/person\/d43605ef0d5681c1b27a4ba1fede1cf4"},"headline":"Kaksi k\u00e4rp\u00e4st\u00e4 yhdell\u00e4 iskulla","datePublished":"2015-09-26T12:45:59+00:00","dateModified":"2019-01-11T09:30:49+00:00","mainEntityOfPage":{"@id":"https:\/\/siljakeranen.fi\/blogi\/kaksi-karpasta-yhdella-iskulla\/"},"wordCount":145,"commentCount":0,"publisher":{"@id":"https:\/\/siljakeranen.fi\/blogi\/#\/schema\/person\/d43605ef0d5681c1b27a4ba1fede1cf4"},"articleSection":["Ilmastonmuutos","Maailmanparannus","Politiikka","Vihre\u00e4t","Ymp\u00e4rist\u00f6"],"inLanguage":"fi","potentialAction":[{"@type":"CommentAction","name":"Comment","target":["https:\/\/siljakeranen.fi\/blogi\/kaksi-karpasta-yhdella-iskulla\/#respond"]}]},{"@type":"WebPage","@id":"https:\/\/siljakeranen.fi\/blogi\/kaksi-karpasta-yhdella-iskulla\/","url":"https:\/\/siljakeranen.fi\/blogi\/kaksi-karpasta-yhdella-iskulla\/","name":"Kaksi k\u00e4rp\u00e4st\u00e4 yhdell\u00e4 iskulla - Silja Ker\u00e4nen","isPartOf":{"@id":"https:\/\/siljakeranen.fi\/blogi\/#website"},"datePublished":"2015-09-26T12:45:59+00:00","dateModified":"2019-01-11T09:30:49+00:00","breadcrumb":{"@id":"https:\/\/siljakeranen.fi\/blogi\/kaksi-karpasta-yhdella-iskulla\/#breadcrumb"},"inLanguage":"fi","potentialAction":[{"@type":"ReadAction","target":["https:\/\/siljakeranen.fi\/blogi\/kaksi-karpasta-yhdella-iskulla\/"]}]},{"@type":"BreadcrumbList","@id":"https:\/\/siljakeranen.fi\/blogi\/kaksi-karpasta-yhdella-iskulla\/#breadcrumb","itemListElement":[{"@type":"ListItem","position":1,"name":"Etusivu","item":"https:\/\/siljakeranen.fi\/blogi\/"},{"@type":"ListItem","position":2,"name":"Kaksi k\u00e4rp\u00e4st\u00e4 yhdell\u00e4 iskulla"}]},{"@type":"WebSite","@id":"https:\/\/siljakeranen.fi\/blogi\/#website","url":"https:\/\/siljakeranen.fi\/blogi\/","name":"Silja Ker\u00e4nen","description":"Silja Ker\u00e4nen, kainuulainen vihre\u00e4 poliitikko","publisher":{"@id":"https:\/\/siljakeranen.fi\/blogi\/#\/schema\/person\/d43605ef0d5681c1b27a4ba1fede1cf4"},"potentialAction":[{"@type":"SearchAction","target":{"@type":"EntryPoint","urlTemplate":"https:\/\/siljakeranen.fi\/blogi\/?s={search_term_string}"},"query-input":{"@type":"PropertyValueSpecification","valueRequired":true,"valueName":"search_term_string"}}],"inLanguage":"fi"},{"@type":["Person","Organization"],"@id":"https:\/\/siljakeranen.fi\/blogi\/#\/schema\/person\/d43605ef0d5681c1b27a4ba1fede1cf4","name":"Silja","image":{"@type":"ImageObject","inLanguage":"fi","@id":"https:\/\/siljakeranen.fi\/blogi\/wp-content\/uploads\/2023\/01\/cropped-silja_250x100.png","url":"https:\/\/siljakeranen.fi\/blogi\/wp-content\/uploads\/2023\/01\/cropped-silja_250x100.png","contentUrl":"https:\/\/siljakeranen.fi\/blogi\/wp-content\/uploads\/2023\/01\/cropped-silja_250x100.png","width":250,"height":100,"caption":"Silja"},"logo":{"@id":"https:\/\/siljakeranen.fi\/blogi\/wp-content\/uploads\/2023\/01\/cropped-silja_250x100.png"},"sameAs":["http:\/\/www.siljakeranen.fi","https:\/\/www.facebook.com\/siljamkeranen","https:\/\/www.instagram.com\/siljakeranen\/","https:\/\/www.linkedin.com\/in\/silja-kernen-4331b548\/","https:\/\/x.com\/https:\/\/twitter.com\/SiljaMP","https:\/\/www.youtube.com\/channel\/UC0MWeuoWP4-Mjs1z8pIv3GQ","https:\/\/fi.wikipedia.org\/wiki\/Silja_Kernen"],"url":"https:\/\/siljakeranen.fi\/blogi\/author\/admin\/"}]}},"_links":{"self":[{"href":"https:\/\/siljakeranen.fi\/blogi\/wp-json\/wp\/v2\/posts\/867","targetHints":{"allow":["GET"]}}],"collection":[{"href":"https:\/\/siljakeranen.fi\/blogi\/wp-json\/wp\/v2\/posts"}],"about":[{"href":"https:\/\/siljakeranen.fi\/blogi\/wp-json\/wp\/v2\/types\/post"}],"author":[{"embeddable":true,"href":"https:\/\/siljakeranen.fi\/blogi\/wp-json\/wp\/v2\/users\/1"}],"replies":[{"embeddable":true,"href":"https:\/\/siljakeranen.fi\/blogi\/wp-json\/wp\/v2\/comments?post=867"}],"version-history":[{"count":2,"href":"https:\/\/siljakeranen.fi\/blogi\/wp-json\/wp\/v2\/posts\/867\/revisions"}],"predecessor-version":[{"id":1444,"href":"https:\/\/siljakeranen.fi\/blogi\/wp-json\/wp\/v2\/posts\/867\/revisions\/1444"}],"wp:attachment":[{"href":"https:\/\/siljakeranen.fi\/blogi\/wp-json\/wp\/v2\/media?parent=867"}],"wp:term":[{"taxonomy":"category","embeddable":true,"href":"https:\/\/siljakeranen.fi\/blogi\/wp-json\/wp\/v2\/categories?post=867"},{"taxonomy":"post_tag","embeddable":true,"href":"https:\/\/siljakeranen.fi\/blogi\/wp-json\/wp\/v2\/tags?post=867"}],"curies":[{"name":"wp","href":"https:\/\/api.w.org\/{rel}","templated":true}]}}