{"id":886,"date":"2015-11-30T15:49:58","date_gmt":"2015-11-30T13:49:58","guid":{"rendered":"http:\/\/siljakeranen.fi\/blogi\/?p=886"},"modified":"2019-01-11T11:26:56","modified_gmt":"2019-01-11T09:26:56","slug":"kainuun-biotuotetehdas","status":"publish","type":"post","link":"https:\/\/siljakeranen.fi\/blogi\/kainuun-biotuotetehdas\/","title":{"rendered":"Kainuun biotuotetehdas"},"content":{"rendered":"<p>T\u00e4n\u00e4\u00e4n maakuntavaltuuston kokouksessa p\u00e4\u00e4tettiin, ett\u00e4 Kainuun liitto l\u00e4htee mukaan perustettavaan kehitysyhti\u00f6\u00f6n, jonka tavoitteena on saada biotuotetehdas Kainuuseen. Yhti\u00f6\u00f6n siirret\u00e4\u00e4n 400 000 euroa, ja yhti\u00f6n hallitukseen Kainuun liitto nime\u00e4\u00e4 edustajansa.<\/p>\n<p>Min\u00e4 esitin, ett\u00e4 Kainuun liitto ei l\u00e4hde perustettavaan yhti\u00f6\u00f6n mukaan, mutta toivoo ett\u00e4 esimerkiksi Kainuun Etu edist\u00e4\u00e4 kest\u00e4v\u00e4\u00e4 puubiomassan k\u00e4ytt\u00f6\u00e4 ja tekee ty\u00f6t\u00e4 investointien saamiseksi maakuntaan.<\/p>\n<p>Esitin n\u00e4in koska:<\/p>\n<ul>\n<li>Tehty biotuotetehdasselvitys on k\u00e4yt\u00e4nn\u00f6ss\u00e4 sellutehdasselvitys. Siin\u00e4 vaihtoehtoina esitettiin joko ruskea sellu (-&gt; kartonki) tai liukosellu (-&gt; vaatteet). Muita puubiomassasta mahdollisesti valmistettavia vaihtoehtoja ei esitelty. Ja niit\u00e4h\u00e4n on ja tulee olemaan, kun fossiilisista pit\u00e4\u00e4 p\u00e4\u00e4st\u00e4 eroon. Mill\u00e4 korvataan esimerkiksi \u00f6ljy liikennepolttoaineissa ja muissa materiaaleissa. Puubiomassa on t\u00e4ss\u00e4 hyv\u00e4 mahdollisuus, eik\u00e4 sen k\u00e4ytt\u00e4minen edellyt\u00e4 sellunkeittoa.<\/li>\n<li>Juuri t\u00e4ll\u00e4 hetkell\u00e4 maailmanmarkkinoilla on tarve pitk\u00e4kuituiselle sellulle (jota k\u00e4ytet\u00e4\u00e4n p\u00e4\u00e4osin (pakkaus)kartonkiin). Tarve on nyt, millainen tilanne on nelj\u00e4nkymmenen vuoden p\u00e4\u00e4st\u00e4. Sellutehdas investoinnit perustuvat usean vuosikymmenen tarpeeseen.<\/li>\n<li>Kainuussa on ylim\u00e4\u00e4rin (etenkin m\u00e4nty)kuitupuuta juuri nyt. Edelleen, mik\u00e4 on tilanne usean vuosikymmenen p\u00e4\u00e4st\u00e4. Lis\u00e4ksi n\u00e4m\u00e4 LUKEn (entisen METLAn) laskelmat kest\u00e4v\u00e4st\u00e4 puun k\u00e4yt\u00f6st\u00e4 ovat laskelmia puun taloudellisesti kest\u00e4v\u00e4st\u00e4 k\u00e4yt\u00f6st\u00e4. Ekologista kest\u00e4vyytt\u00e4 ei n\u00e4iss\u00e4 laskelmissa ole huomioitu. Kun se huomioidaan, valtakunnassa hakkuum\u00e4\u00e4r\u00e4t voidaan pit\u00e4\u00e4 nykytasolla, mutta lis\u00e4\u00e4mismahdollisuuksia ei ole.<\/li>\n<li>Suomeen on j\u00e4rkev\u00e4\u00e4 rakentaa korkeintaan kaksi suurta sellutehdasta. Toinen on \u00c4\u00e4nekoski. Toinen Kuopio, Kemij\u00e4rvi tai Kajaani? Onko meill\u00e4 realistisia mahdollisuuksia kilpailla Kuopion ja Kemij\u00e4rven kanssa? Sellutehdaskapasiteettia on nyt Suomessa 15 Mm3 ja suunnitteilla + 13 Mm3 (Kemij\u00e4rvi 2,5; \u00c4\u00e4nekoski 4; Kuopio 7,6). Kainuun tehdas olisi 2 tai 3,5 Mm3. Onko valtakunnassa ja maailmanmarkkinoilla oikeasti tarve n\u00e4in valtavalle sellukapasiteetin lis\u00e4ykselle?<\/li>\n<li>V\u00e4ist\u00e4m\u00e4tt\u00e4 tulee my\u00f6s mieleen, onko t\u00e4m\u00e4 biotuotetehdasselvitys vain sis\u00e4inen selvitys siit\u00e4, ett\u00e4 mihin tehdas haluttaisiin (Kajaani, Paltamo ja Suomussalmi).<\/li>\n<li>Keskeist\u00e4 on, kuka haluaa investoida. K\u00e4yt\u00e4nn\u00f6ss\u00e4 joko UPM tai Stora Enso \u2013 Mets\u00e4liitto investoi jo \u00c4\u00e4nekoskelle. Kuinka n\u00e4ihin tahoihin on otettu yhteytt\u00e4? Millaiset investointi- ja sellustrategiat n\u00e4ill\u00e4 yhti\u00f6ill\u00e4 on? Vai valtionyhti\u00f6t\u00e4k\u00f6 t\u00e4nne toivotaan?<\/li>\n<li>Sijaintipaikan valinnassa investoivalla yhti\u00f6ll\u00e4 on suurin sanavalta. Ja siell\u00e4 asiaa mietit\u00e4\u00e4n todella tarkkaan. Siksi sijaintipaikkavaihtoehtojen kartoittamiseen ei kannata k\u00e4ytt\u00e4\u00e4 enemp\u00e4\u00e4 rahaa.<\/li>\n<\/ul>\n<p>Kyseenalaistin lis\u00e4ksi eritt\u00e4in voimakkaasti sit\u00e4, miksi Kainuun liitto l\u00e4htee t\u00e4llaiseen hankkeeseen n\u00e4in voimakkaasti mukaan. Miksi Kainuun liitto ei l\u00e4hde perustamaan esim. kaivostoimintaa Kainuuseen houkuttelevaa yhti\u00f6t\u00e4 tai yhti\u00f6\u00f6n, joka houkuttelee suuria matkanj\u00e4rjest\u00e4ji\u00e4 j\u00e4rjest\u00e4m\u00e4\u00e4n matkoja Kainuuseen. N\u00e4in esimerkiksi. Miksi Kainuun Etu ei voi tehd\u00e4 t\u00e4t\u00e4 osana Invest in Kainuu \u2013toimintaansa sek\u00e4 puu- ja mets\u00e4puolen toimintaansa. T\u00e4h\u00e4n k\u00e4ytett\u00e4isiin EU-hankerahaa, jonka k\u00e4ytt\u00f6\u00e4 Kainuun liitto ohjaa virkamiesty\u00f6n\u00e4 ja Maakunnan yhteisty\u00f6ryhm\u00e4ss\u00e4 (MYR).<\/p>\n<p>Minusta sen sijaan pit\u00e4isi:<\/p>\n<ul>\n<li>Kartoittaa sellun sijaan vaihtoehtoisia mets\u00e4biomassan jalostamismahdollisuuksia. Esimerkiksi: bioetanoli, metaani, pyrolyysi\u00f6ljy.<\/li>\n<li>Hoitaa t\u00e4llainen Invest in Kainuu \u2013toiminta esimerkiksi Kainuun Edun kautta ja ohjata sit\u00e4 Maakunnan yhteysryhm\u00e4n rahoitusp\u00e4\u00e4t\u00f6ksill\u00e4 sek\u00e4 maakuntasuunnitelmilla ja biotalousstrategioilla.<\/li>\n<\/ul>\n<div style=\"padding-bottom:20px; padding-top:10px;\" class=\"hupso-share-buttons\"><!-- Hupso Share Buttons - https:\/\/www.hupso.com\/share\/ --><a class=\"hupso_counters\" href=\"https:\/\/www.hupso.com\/share\/\"><img decoding=\"async\" src=\"https:\/\/static.hupso.com\/share\/buttons\/share-small.png\" style=\"border:0px; padding-top:2px; float:left;\" alt=\"Share Button\"\/><\/a><script type=\"text\/javascript\">var hupso_services_c=new Array(\"twitter\",\"facebook_like\",\"facebook_send\",\"google\");var hupso_counters_lang = \"en_US\";var hupso_image_folder_url = \"\";var hupso_url_c=\"\";var hupso_title_c=\"Kainuun%20biotuotetehdas\";<\/script><script type=\"text\/javascript\" src=\"https:\/\/static.hupso.com\/share\/js\/counters.js\"><\/script><!-- Hupso Share Buttons --><\/div>","protected":false},"excerpt":{"rendered":"<p>T\u00e4n\u00e4\u00e4n maakuntavaltuuston kokouksessa p\u00e4\u00e4tettiin, ett\u00e4 Kainuun liitto l\u00e4htee mukaan perustettavaan kehitysyhti\u00f6\u00f6n, jonka tavoitteena on saada biotuotetehdas Kainuuseen. Yhti\u00f6\u00f6n siirret\u00e4\u00e4n 400 000 euroa, ja yhti\u00f6n hallitukseen Kainuun liitto nime\u00e4\u00e4 edustajansa. Min\u00e4 esitin, ett\u00e4 Kainuun liitto ei l\u00e4hde perustettavaan yhti\u00f6\u00f6n mukaan, mutta toivoo ett\u00e4 esimerkiksi Kainuun Etu edist\u00e4\u00e4 kest\u00e4v\u00e4\u00e4 puubiomassan k\u00e4ytt\u00f6\u00e4 ja tekee ty\u00f6t\u00e4 investointien saamiseksi maakuntaan. [&hellip;]<\/p>\n<div style=\"padding-bottom:20px; padding-top:10px;\" class=\"hupso-share-buttons\"><!-- Hupso Share Buttons - https:\/\/www.hupso.com\/share\/ --><a class=\"hupso_counters\" href=\"https:\/\/www.hupso.com\/share\/\"><img src=\"https:\/\/static.hupso.com\/share\/buttons\/share-small.png\" style=\"border:0px; padding-top:2px; float:left;\" alt=\"Share Button\"\/><\/a><script type=\"text\/javascript\">var hupso_services_c=new Array(\"twitter\",\"facebook_like\",\"facebook_send\",\"google\");var hupso_counters_lang = \"en_US\";var hupso_image_folder_url = \"\";var hupso_url_c=\"\";var hupso_title_c=\"Kainuun%20biotuotetehdas\";<\/script><script type=\"text\/javascript\" src=\"https:\/\/static.hupso.com\/share\/js\/counters.js\"><\/script><!-- Hupso Share Buttons --><\/div>","protected":false},"author":1,"featured_media":0,"comment_status":"open","ping_status":"closed","sticky":false,"template":"","format":"standard","meta":{"ngg_post_thumbnail":0,"footnotes":""},"categories":[7,20,10,5,30],"tags":[],"class_list":["post-886","post","type-post","status-publish","format-standard","hentry","category-kainuu","category-metsa","category-vihreat","category-ymparisto","category-yrittajyys-elinkeinot"],"yoast_head":"<!-- This site is optimized with the Yoast SEO plugin v27.3 - https:\/\/yoast.com\/product\/yoast-seo-wordpress\/ -->\n<title>Kainuun biotuotetehdas - Silja Ker\u00e4nen<\/title>\n<meta name=\"robots\" content=\"index, follow, max-snippet:-1, max-image-preview:large, max-video-preview:-1\" \/>\n<link rel=\"canonical\" href=\"https:\/\/siljakeranen.fi\/blogi\/kainuun-biotuotetehdas\/\" \/>\n<meta property=\"og:locale\" content=\"fi_FI\" \/>\n<meta property=\"og:type\" content=\"article\" \/>\n<meta property=\"og:title\" content=\"Kainuun biotuotetehdas - Silja Ker\u00e4nen\" \/>\n<meta property=\"og:description\" content=\"T\u00e4n\u00e4\u00e4n maakuntavaltuuston kokouksessa p\u00e4\u00e4tettiin, ett\u00e4 Kainuun liitto l\u00e4htee mukaan perustettavaan kehitysyhti\u00f6\u00f6n, jonka tavoitteena on saada biotuotetehdas Kainuuseen. Yhti\u00f6\u00f6n siirret\u00e4\u00e4n 400 000 euroa, ja yhti\u00f6n hallitukseen Kainuun liitto nime\u00e4\u00e4 edustajansa. Min\u00e4 esitin, ett\u00e4 Kainuun liitto ei l\u00e4hde perustettavaan yhti\u00f6\u00f6n mukaan, mutta toivoo ett\u00e4 esimerkiksi Kainuun Etu edist\u00e4\u00e4 kest\u00e4v\u00e4\u00e4 puubiomassan k\u00e4ytt\u00f6\u00e4 ja tekee ty\u00f6t\u00e4 investointien saamiseksi maakuntaan. [&hellip;]\" \/>\n<meta property=\"og:url\" content=\"https:\/\/siljakeranen.fi\/blogi\/kainuun-biotuotetehdas\/\" \/>\n<meta property=\"og:site_name\" content=\"Silja Ker\u00e4nen\" \/>\n<meta property=\"article:publisher\" content=\"https:\/\/www.facebook.com\/siljamkeranen\" \/>\n<meta property=\"article:author\" content=\"https:\/\/www.facebook.com\/siljamkeranen\" \/>\n<meta property=\"article:published_time\" content=\"2015-11-30T13:49:58+00:00\" \/>\n<meta property=\"article:modified_time\" content=\"2019-01-11T09:26:56+00:00\" \/>\n<meta property=\"og:image\" content=\"https:\/\/siljakeranen.fi\/blogi\/wp-content\/uploads\/2023\/01\/3L3A1767_valmis-pinempi.jpeg\" \/>\n\t<meta property=\"og:image:width\" content=\"1613\" \/>\n\t<meta property=\"og:image:height\" content=\"1075\" \/>\n\t<meta property=\"og:image:type\" content=\"image\/jpeg\" \/>\n<meta name=\"author\" content=\"Silja\" \/>\n<meta name=\"twitter:card\" content=\"summary_large_image\" \/>\n<meta name=\"twitter:creator\" content=\"@https:\/\/twitter.com\/SiljaMP\" \/>\n<meta name=\"twitter:site\" content=\"@SiljaMP\" \/>\n<meta name=\"twitter:label1\" content=\"Kirjoittanut\" \/>\n\t<meta name=\"twitter:data1\" content=\"Silja\" \/>\n\t<meta name=\"twitter:label2\" content=\"Arvioitu lukuaika\" \/>\n\t<meta name=\"twitter:data2\" content=\"3 minuuttia\" \/>\n<script type=\"application\/ld+json\" class=\"yoast-schema-graph\">{\"@context\":\"https:\\\/\\\/schema.org\",\"@graph\":[{\"@type\":\"Article\",\"@id\":\"https:\\\/\\\/siljakeranen.fi\\\/blogi\\\/kainuun-biotuotetehdas\\\/#article\",\"isPartOf\":{\"@id\":\"https:\\\/\\\/siljakeranen.fi\\\/blogi\\\/kainuun-biotuotetehdas\\\/\"},\"author\":{\"name\":\"Silja\",\"@id\":\"https:\\\/\\\/siljakeranen.fi\\\/blogi\\\/#\\\/schema\\\/person\\\/d43605ef0d5681c1b27a4ba1fede1cf4\"},\"headline\":\"Kainuun biotuotetehdas\",\"datePublished\":\"2015-11-30T13:49:58+00:00\",\"dateModified\":\"2019-01-11T09:26:56+00:00\",\"mainEntityOfPage\":{\"@id\":\"https:\\\/\\\/siljakeranen.fi\\\/blogi\\\/kainuun-biotuotetehdas\\\/\"},\"wordCount\":517,\"commentCount\":0,\"publisher\":{\"@id\":\"https:\\\/\\\/siljakeranen.fi\\\/blogi\\\/#\\\/schema\\\/person\\\/d43605ef0d5681c1b27a4ba1fede1cf4\"},\"articleSection\":[\"Kainuu\",\"Mets\u00e4\",\"Vihre\u00e4t\",\"Ymp\u00e4rist\u00f6\",\"Yritt\u00e4jyys &amp; elinkeinot\"],\"inLanguage\":\"fi\",\"potentialAction\":[{\"@type\":\"CommentAction\",\"name\":\"Comment\",\"target\":[\"https:\\\/\\\/siljakeranen.fi\\\/blogi\\\/kainuun-biotuotetehdas\\\/#respond\"]}]},{\"@type\":\"WebPage\",\"@id\":\"https:\\\/\\\/siljakeranen.fi\\\/blogi\\\/kainuun-biotuotetehdas\\\/\",\"url\":\"https:\\\/\\\/siljakeranen.fi\\\/blogi\\\/kainuun-biotuotetehdas\\\/\",\"name\":\"Kainuun biotuotetehdas - Silja Ker\u00e4nen\",\"isPartOf\":{\"@id\":\"https:\\\/\\\/siljakeranen.fi\\\/blogi\\\/#website\"},\"datePublished\":\"2015-11-30T13:49:58+00:00\",\"dateModified\":\"2019-01-11T09:26:56+00:00\",\"breadcrumb\":{\"@id\":\"https:\\\/\\\/siljakeranen.fi\\\/blogi\\\/kainuun-biotuotetehdas\\\/#breadcrumb\"},\"inLanguage\":\"fi\",\"potentialAction\":[{\"@type\":\"ReadAction\",\"target\":[\"https:\\\/\\\/siljakeranen.fi\\\/blogi\\\/kainuun-biotuotetehdas\\\/\"]}]},{\"@type\":\"BreadcrumbList\",\"@id\":\"https:\\\/\\\/siljakeranen.fi\\\/blogi\\\/kainuun-biotuotetehdas\\\/#breadcrumb\",\"itemListElement\":[{\"@type\":\"ListItem\",\"position\":1,\"name\":\"Etusivu\",\"item\":\"https:\\\/\\\/siljakeranen.fi\\\/blogi\\\/\"},{\"@type\":\"ListItem\",\"position\":2,\"name\":\"Kainuun biotuotetehdas\"}]},{\"@type\":\"WebSite\",\"@id\":\"https:\\\/\\\/siljakeranen.fi\\\/blogi\\\/#website\",\"url\":\"https:\\\/\\\/siljakeranen.fi\\\/blogi\\\/\",\"name\":\"Silja Ker\u00e4nen\",\"description\":\"Silja Ker\u00e4nen, kainuulainen vihre\u00e4 poliitikko\",\"publisher\":{\"@id\":\"https:\\\/\\\/siljakeranen.fi\\\/blogi\\\/#\\\/schema\\\/person\\\/d43605ef0d5681c1b27a4ba1fede1cf4\"},\"potentialAction\":[{\"@type\":\"SearchAction\",\"target\":{\"@type\":\"EntryPoint\",\"urlTemplate\":\"https:\\\/\\\/siljakeranen.fi\\\/blogi\\\/?s={search_term_string}\"},\"query-input\":{\"@type\":\"PropertyValueSpecification\",\"valueRequired\":true,\"valueName\":\"search_term_string\"}}],\"inLanguage\":\"fi\"},{\"@type\":[\"Person\",\"Organization\"],\"@id\":\"https:\\\/\\\/siljakeranen.fi\\\/blogi\\\/#\\\/schema\\\/person\\\/d43605ef0d5681c1b27a4ba1fede1cf4\",\"name\":\"Silja\",\"image\":{\"@type\":\"ImageObject\",\"inLanguage\":\"fi\",\"@id\":\"https:\\\/\\\/siljakeranen.fi\\\/blogi\\\/wp-content\\\/uploads\\\/2023\\\/01\\\/cropped-silja_250x100.png\",\"url\":\"https:\\\/\\\/siljakeranen.fi\\\/blogi\\\/wp-content\\\/uploads\\\/2023\\\/01\\\/cropped-silja_250x100.png\",\"contentUrl\":\"https:\\\/\\\/siljakeranen.fi\\\/blogi\\\/wp-content\\\/uploads\\\/2023\\\/01\\\/cropped-silja_250x100.png\",\"width\":250,\"height\":100,\"caption\":\"Silja\"},\"logo\":{\"@id\":\"https:\\\/\\\/siljakeranen.fi\\\/blogi\\\/wp-content\\\/uploads\\\/2023\\\/01\\\/cropped-silja_250x100.png\"},\"sameAs\":[\"http:\\\/\\\/www.siljakeranen.fi\",\"https:\\\/\\\/www.facebook.com\\\/siljamkeranen\",\"https:\\\/\\\/www.instagram.com\\\/siljakeranen\\\/\",\"https:\\\/\\\/www.linkedin.com\\\/in\\\/silja-kernen-4331b548\\\/\",\"https:\\\/\\\/x.com\\\/https:\\\/\\\/twitter.com\\\/SiljaMP\",\"https:\\\/\\\/www.youtube.com\\\/channel\\\/UC0MWeuoWP4-Mjs1z8pIv3GQ\",\"https:\\\/\\\/fi.wikipedia.org\\\/wiki\\\/Silja_Kernen\"],\"url\":\"https:\\\/\\\/siljakeranen.fi\\\/blogi\\\/author\\\/admin\\\/\"}]}<\/script>\n<!-- \/ Yoast SEO plugin. -->","yoast_head_json":{"title":"Kainuun biotuotetehdas - Silja Ker\u00e4nen","robots":{"index":"index","follow":"follow","max-snippet":"max-snippet:-1","max-image-preview":"max-image-preview:large","max-video-preview":"max-video-preview:-1"},"canonical":"https:\/\/siljakeranen.fi\/blogi\/kainuun-biotuotetehdas\/","og_locale":"fi_FI","og_type":"article","og_title":"Kainuun biotuotetehdas - Silja Ker\u00e4nen","og_description":"T\u00e4n\u00e4\u00e4n maakuntavaltuuston kokouksessa p\u00e4\u00e4tettiin, ett\u00e4 Kainuun liitto l\u00e4htee mukaan perustettavaan kehitysyhti\u00f6\u00f6n, jonka tavoitteena on saada biotuotetehdas Kainuuseen. Yhti\u00f6\u00f6n siirret\u00e4\u00e4n 400 000 euroa, ja yhti\u00f6n hallitukseen Kainuun liitto nime\u00e4\u00e4 edustajansa. Min\u00e4 esitin, ett\u00e4 Kainuun liitto ei l\u00e4hde perustettavaan yhti\u00f6\u00f6n mukaan, mutta toivoo ett\u00e4 esimerkiksi Kainuun Etu edist\u00e4\u00e4 kest\u00e4v\u00e4\u00e4 puubiomassan k\u00e4ytt\u00f6\u00e4 ja tekee ty\u00f6t\u00e4 investointien saamiseksi maakuntaan. [&hellip;]","og_url":"https:\/\/siljakeranen.fi\/blogi\/kainuun-biotuotetehdas\/","og_site_name":"Silja Ker\u00e4nen","article_publisher":"https:\/\/www.facebook.com\/siljamkeranen","article_author":"https:\/\/www.facebook.com\/siljamkeranen","article_published_time":"2015-11-30T13:49:58+00:00","article_modified_time":"2019-01-11T09:26:56+00:00","og_image":[{"width":1613,"height":1075,"url":"https:\/\/siljakeranen.fi\/blogi\/wp-content\/uploads\/2023\/01\/3L3A1767_valmis-pinempi.jpeg","type":"image\/jpeg"}],"author":"Silja","twitter_card":"summary_large_image","twitter_creator":"@https:\/\/twitter.com\/SiljaMP","twitter_site":"@SiljaMP","twitter_misc":{"Kirjoittanut":"Silja","Arvioitu lukuaika":"3 minuuttia"},"schema":{"@context":"https:\/\/schema.org","@graph":[{"@type":"Article","@id":"https:\/\/siljakeranen.fi\/blogi\/kainuun-biotuotetehdas\/#article","isPartOf":{"@id":"https:\/\/siljakeranen.fi\/blogi\/kainuun-biotuotetehdas\/"},"author":{"name":"Silja","@id":"https:\/\/siljakeranen.fi\/blogi\/#\/schema\/person\/d43605ef0d5681c1b27a4ba1fede1cf4"},"headline":"Kainuun biotuotetehdas","datePublished":"2015-11-30T13:49:58+00:00","dateModified":"2019-01-11T09:26:56+00:00","mainEntityOfPage":{"@id":"https:\/\/siljakeranen.fi\/blogi\/kainuun-biotuotetehdas\/"},"wordCount":517,"commentCount":0,"publisher":{"@id":"https:\/\/siljakeranen.fi\/blogi\/#\/schema\/person\/d43605ef0d5681c1b27a4ba1fede1cf4"},"articleSection":["Kainuu","Mets\u00e4","Vihre\u00e4t","Ymp\u00e4rist\u00f6","Yritt\u00e4jyys &amp; elinkeinot"],"inLanguage":"fi","potentialAction":[{"@type":"CommentAction","name":"Comment","target":["https:\/\/siljakeranen.fi\/blogi\/kainuun-biotuotetehdas\/#respond"]}]},{"@type":"WebPage","@id":"https:\/\/siljakeranen.fi\/blogi\/kainuun-biotuotetehdas\/","url":"https:\/\/siljakeranen.fi\/blogi\/kainuun-biotuotetehdas\/","name":"Kainuun biotuotetehdas - Silja Ker\u00e4nen","isPartOf":{"@id":"https:\/\/siljakeranen.fi\/blogi\/#website"},"datePublished":"2015-11-30T13:49:58+00:00","dateModified":"2019-01-11T09:26:56+00:00","breadcrumb":{"@id":"https:\/\/siljakeranen.fi\/blogi\/kainuun-biotuotetehdas\/#breadcrumb"},"inLanguage":"fi","potentialAction":[{"@type":"ReadAction","target":["https:\/\/siljakeranen.fi\/blogi\/kainuun-biotuotetehdas\/"]}]},{"@type":"BreadcrumbList","@id":"https:\/\/siljakeranen.fi\/blogi\/kainuun-biotuotetehdas\/#breadcrumb","itemListElement":[{"@type":"ListItem","position":1,"name":"Etusivu","item":"https:\/\/siljakeranen.fi\/blogi\/"},{"@type":"ListItem","position":2,"name":"Kainuun biotuotetehdas"}]},{"@type":"WebSite","@id":"https:\/\/siljakeranen.fi\/blogi\/#website","url":"https:\/\/siljakeranen.fi\/blogi\/","name":"Silja Ker\u00e4nen","description":"Silja Ker\u00e4nen, kainuulainen vihre\u00e4 poliitikko","publisher":{"@id":"https:\/\/siljakeranen.fi\/blogi\/#\/schema\/person\/d43605ef0d5681c1b27a4ba1fede1cf4"},"potentialAction":[{"@type":"SearchAction","target":{"@type":"EntryPoint","urlTemplate":"https:\/\/siljakeranen.fi\/blogi\/?s={search_term_string}"},"query-input":{"@type":"PropertyValueSpecification","valueRequired":true,"valueName":"search_term_string"}}],"inLanguage":"fi"},{"@type":["Person","Organization"],"@id":"https:\/\/siljakeranen.fi\/blogi\/#\/schema\/person\/d43605ef0d5681c1b27a4ba1fede1cf4","name":"Silja","image":{"@type":"ImageObject","inLanguage":"fi","@id":"https:\/\/siljakeranen.fi\/blogi\/wp-content\/uploads\/2023\/01\/cropped-silja_250x100.png","url":"https:\/\/siljakeranen.fi\/blogi\/wp-content\/uploads\/2023\/01\/cropped-silja_250x100.png","contentUrl":"https:\/\/siljakeranen.fi\/blogi\/wp-content\/uploads\/2023\/01\/cropped-silja_250x100.png","width":250,"height":100,"caption":"Silja"},"logo":{"@id":"https:\/\/siljakeranen.fi\/blogi\/wp-content\/uploads\/2023\/01\/cropped-silja_250x100.png"},"sameAs":["http:\/\/www.siljakeranen.fi","https:\/\/www.facebook.com\/siljamkeranen","https:\/\/www.instagram.com\/siljakeranen\/","https:\/\/www.linkedin.com\/in\/silja-kernen-4331b548\/","https:\/\/x.com\/https:\/\/twitter.com\/SiljaMP","https:\/\/www.youtube.com\/channel\/UC0MWeuoWP4-Mjs1z8pIv3GQ","https:\/\/fi.wikipedia.org\/wiki\/Silja_Kernen"],"url":"https:\/\/siljakeranen.fi\/blogi\/author\/admin\/"}]}},"_links":{"self":[{"href":"https:\/\/siljakeranen.fi\/blogi\/wp-json\/wp\/v2\/posts\/886","targetHints":{"allow":["GET"]}}],"collection":[{"href":"https:\/\/siljakeranen.fi\/blogi\/wp-json\/wp\/v2\/posts"}],"about":[{"href":"https:\/\/siljakeranen.fi\/blogi\/wp-json\/wp\/v2\/types\/post"}],"author":[{"embeddable":true,"href":"https:\/\/siljakeranen.fi\/blogi\/wp-json\/wp\/v2\/users\/1"}],"replies":[{"embeddable":true,"href":"https:\/\/siljakeranen.fi\/blogi\/wp-json\/wp\/v2\/comments?post=886"}],"version-history":[{"count":1,"href":"https:\/\/siljakeranen.fi\/blogi\/wp-json\/wp\/v2\/posts\/886\/revisions"}],"predecessor-version":[{"id":887,"href":"https:\/\/siljakeranen.fi\/blogi\/wp-json\/wp\/v2\/posts\/886\/revisions\/887"}],"wp:attachment":[{"href":"https:\/\/siljakeranen.fi\/blogi\/wp-json\/wp\/v2\/media?parent=886"}],"wp:term":[{"taxonomy":"category","embeddable":true,"href":"https:\/\/siljakeranen.fi\/blogi\/wp-json\/wp\/v2\/categories?post=886"},{"taxonomy":"post_tag","embeddable":true,"href":"https:\/\/siljakeranen.fi\/blogi\/wp-json\/wp\/v2\/tags?post=886"}],"curies":[{"name":"wp","href":"https:\/\/api.w.org\/{rel}","templated":true}]}}