{"id":888,"date":"2015-12-01T18:25:26","date_gmt":"2015-12-01T16:25:26","guid":{"rendered":"http:\/\/siljakeranen.fi\/blogi\/?p=888"},"modified":"2015-12-01T18:25:26","modified_gmt":"2015-12-01T16:25:26","slug":"valtuustoaloite-muuttajakoordinaattori-kainuun-liittoon","status":"publish","type":"post","link":"https:\/\/siljakeranen.fi\/blogi\/valtuustoaloite-muuttajakoordinaattori-kainuun-liittoon\/","title":{"rendered":"Valtuustoaloite: Muuttajakoordinaattori Kainuun liittoon"},"content":{"rendered":"<p>J\u00e4tin eilisess\u00e4 maakuntavaltuuston kokouksessa valtuustoaloitteen:<\/p>\n<p>Valtuustoaloite: Muuttajakoordinaattori Kainuun liittoon<\/p>\n<p>Jos haluamme tehd\u00e4 Kainuun v\u00e4henev\u00e4lle v\u00e4est\u00f6kehitysennusteelle jotain, yksi ratkaisu on palkata Kainuulle yhteinen muuttajakoordinaattori. Kainuuseen kun olisi tulijoita, jos olisi t\u00f6it\u00e4. Ja t\u00f6it\u00e4kin l\u00f6ytyy, joillain aloilla on huutava pula osaajista.<\/p>\n<p>Muuttajakoordinaattorin teht\u00e4v\u00e4n\u00e4 olisi kartoittaa ty\u00f6paikkoja ja tekem\u00e4t\u00f6nt\u00e4 ty\u00f6t\u00e4 ymp\u00e4ri Kainuun. Ei vain MOL:n sivuilla tai Kainuun Sanomien ilmoituksissa olevia ty\u00f6paikkoja, vaan sellaisia, joihin etsit\u00e4\u00e4n tekij\u00e4\u00e4 verkostojen kautta. Ja vastaavasti kartoittaa potentiaalisia muuttajia. Jatkaa Kainuu Connection \u2013tapahtumien j\u00e4rjest\u00e4mist\u00e4. Auttaa muuttoa suunnittelevia l\u00f6yt\u00e4m\u00e4\u00e4n puolisolle t\u00f6it\u00e4 ja perheelle asuinpaikka.<\/p>\n<div style=\"padding-bottom:20px; padding-top:10px;\" class=\"hupso-share-buttons\"><!-- Hupso Share Buttons - https:\/\/www.hupso.com\/share\/ --><a class=\"hupso_counters\" href=\"https:\/\/www.hupso.com\/share\/\"><img decoding=\"async\" src=\"https:\/\/static.hupso.com\/share\/buttons\/share-small.png\" style=\"border:0px; padding-top:2px; float:left;\" alt=\"Share Button\"\/><\/a><script type=\"text\/javascript\">var hupso_services_c=new Array(\"twitter\",\"facebook_like\",\"facebook_send\",\"google\");var hupso_counters_lang = \"en_US\";var hupso_image_folder_url = \"\";var hupso_url_c=\"\";var hupso_title_c=\"Valtuustoaloite%3A%20Muuttajakoordinaattori%20Kainuun%20liittoon\";<\/script><script type=\"text\/javascript\" src=\"https:\/\/static.hupso.com\/share\/js\/counters.js\"><\/script><!-- Hupso Share Buttons --><\/div>","protected":false},"excerpt":{"rendered":"<p>J\u00e4tin eilisess\u00e4 maakuntavaltuuston kokouksessa valtuustoaloitteen: Valtuustoaloite: Muuttajakoordinaattori Kainuun liittoon Jos haluamme tehd\u00e4 Kainuun v\u00e4henev\u00e4lle v\u00e4est\u00f6kehitysennusteelle jotain, yksi ratkaisu on palkata Kainuulle yhteinen muuttajakoordinaattori. Kainuuseen kun olisi tulijoita, jos olisi t\u00f6it\u00e4. Ja t\u00f6it\u00e4kin l\u00f6ytyy, joillain aloilla on huutava pula osaajista. Muuttajakoordinaattorin teht\u00e4v\u00e4n\u00e4 olisi kartoittaa ty\u00f6paikkoja ja tekem\u00e4t\u00f6nt\u00e4 ty\u00f6t\u00e4 ymp\u00e4ri Kainuun. Ei vain MOL:n sivuilla tai Kainuun [&hellip;]<\/p>\n<div style=\"padding-bottom:20px; padding-top:10px;\" class=\"hupso-share-buttons\"><!-- Hupso Share Buttons - https:\/\/www.hupso.com\/share\/ --><a class=\"hupso_counters\" href=\"https:\/\/www.hupso.com\/share\/\"><img src=\"https:\/\/static.hupso.com\/share\/buttons\/share-small.png\" style=\"border:0px; padding-top:2px; float:left;\" alt=\"Share Button\"\/><\/a><script type=\"text\/javascript\">var hupso_services_c=new Array(\"twitter\",\"facebook_like\",\"facebook_send\",\"google\");var hupso_counters_lang = \"en_US\";var hupso_image_folder_url = \"\";var hupso_url_c=\"\";var hupso_title_c=\"Valtuustoaloite%3A%20Muuttajakoordinaattori%20Kainuun%20liittoon\";<\/script><script type=\"text\/javascript\" src=\"https:\/\/static.hupso.com\/share\/js\/counters.js\"><\/script><!-- Hupso Share Buttons --><\/div>","protected":false},"author":1,"featured_media":0,"comment_status":"open","ping_status":"closed","sticky":false,"template":"","format":"standard","meta":{"ngg_post_thumbnail":0,"footnotes":""},"categories":[7,6,21],"tags":[],"class_list":["post-888","post","type-post","status-publish","format-standard","hentry","category-kainuu","category-politiikka","category-valtuustoaloite"],"yoast_head":"<!-- This site is optimized with the Yoast SEO plugin v27.3 - https:\/\/yoast.com\/product\/yoast-seo-wordpress\/ -->\n<title>Valtuustoaloite: Muuttajakoordinaattori Kainuun liittoon - Silja Ker\u00e4nen<\/title>\n<meta name=\"robots\" content=\"index, follow, max-snippet:-1, max-image-preview:large, max-video-preview:-1\" \/>\n<link rel=\"canonical\" href=\"https:\/\/siljakeranen.fi\/blogi\/valtuustoaloite-muuttajakoordinaattori-kainuun-liittoon\/\" \/>\n<meta property=\"og:locale\" content=\"fi_FI\" \/>\n<meta property=\"og:type\" content=\"article\" \/>\n<meta property=\"og:title\" content=\"Valtuustoaloite: Muuttajakoordinaattori Kainuun liittoon - Silja Ker\u00e4nen\" \/>\n<meta property=\"og:description\" content=\"J\u00e4tin eilisess\u00e4 maakuntavaltuuston kokouksessa valtuustoaloitteen: Valtuustoaloite: Muuttajakoordinaattori Kainuun liittoon Jos haluamme tehd\u00e4 Kainuun v\u00e4henev\u00e4lle v\u00e4est\u00f6kehitysennusteelle jotain, yksi ratkaisu on palkata Kainuulle yhteinen muuttajakoordinaattori. Kainuuseen kun olisi tulijoita, jos olisi t\u00f6it\u00e4. Ja t\u00f6it\u00e4kin l\u00f6ytyy, joillain aloilla on huutava pula osaajista. Muuttajakoordinaattorin teht\u00e4v\u00e4n\u00e4 olisi kartoittaa ty\u00f6paikkoja ja tekem\u00e4t\u00f6nt\u00e4 ty\u00f6t\u00e4 ymp\u00e4ri Kainuun. Ei vain MOL:n sivuilla tai Kainuun [&hellip;]\" \/>\n<meta property=\"og:url\" content=\"https:\/\/siljakeranen.fi\/blogi\/valtuustoaloite-muuttajakoordinaattori-kainuun-liittoon\/\" \/>\n<meta property=\"og:site_name\" content=\"Silja Ker\u00e4nen\" \/>\n<meta property=\"article:publisher\" content=\"https:\/\/www.facebook.com\/siljamkeranen\" \/>\n<meta property=\"article:author\" content=\"https:\/\/www.facebook.com\/siljamkeranen\" \/>\n<meta property=\"article:published_time\" content=\"2015-12-01T16:25:26+00:00\" \/>\n<meta property=\"og:image\" content=\"https:\/\/siljakeranen.fi\/blogi\/wp-content\/uploads\/2023\/01\/3L3A1767_valmis-pinempi.jpeg\" \/>\n\t<meta property=\"og:image:width\" content=\"1613\" \/>\n\t<meta property=\"og:image:height\" content=\"1075\" \/>\n\t<meta property=\"og:image:type\" content=\"image\/jpeg\" \/>\n<meta name=\"author\" content=\"Silja\" \/>\n<meta name=\"twitter:card\" content=\"summary_large_image\" \/>\n<meta name=\"twitter:creator\" content=\"@https:\/\/twitter.com\/SiljaMP\" \/>\n<meta name=\"twitter:site\" content=\"@SiljaMP\" \/>\n<meta name=\"twitter:label1\" content=\"Kirjoittanut\" \/>\n\t<meta name=\"twitter:data1\" content=\"Silja\" \/>\n\t<meta name=\"twitter:label2\" content=\"Arvioitu lukuaika\" \/>\n\t<meta name=\"twitter:data2\" content=\"1 minuutti\" \/>\n<script type=\"application\/ld+json\" class=\"yoast-schema-graph\">{\"@context\":\"https:\\\/\\\/schema.org\",\"@graph\":[{\"@type\":\"Article\",\"@id\":\"https:\\\/\\\/siljakeranen.fi\\\/blogi\\\/valtuustoaloite-muuttajakoordinaattori-kainuun-liittoon\\\/#article\",\"isPartOf\":{\"@id\":\"https:\\\/\\\/siljakeranen.fi\\\/blogi\\\/valtuustoaloite-muuttajakoordinaattori-kainuun-liittoon\\\/\"},\"author\":{\"name\":\"Silja\",\"@id\":\"https:\\\/\\\/siljakeranen.fi\\\/blogi\\\/#\\\/schema\\\/person\\\/d43605ef0d5681c1b27a4ba1fede1cf4\"},\"headline\":\"Valtuustoaloite: Muuttajakoordinaattori Kainuun liittoon\",\"datePublished\":\"2015-12-01T16:25:26+00:00\",\"mainEntityOfPage\":{\"@id\":\"https:\\\/\\\/siljakeranen.fi\\\/blogi\\\/valtuustoaloite-muuttajakoordinaattori-kainuun-liittoon\\\/\"},\"wordCount\":114,\"commentCount\":0,\"publisher\":{\"@id\":\"https:\\\/\\\/siljakeranen.fi\\\/blogi\\\/#\\\/schema\\\/person\\\/d43605ef0d5681c1b27a4ba1fede1cf4\"},\"articleSection\":[\"Kainuu\",\"Politiikka\",\"Valtuustoaloite\"],\"inLanguage\":\"fi\",\"potentialAction\":[{\"@type\":\"CommentAction\",\"name\":\"Comment\",\"target\":[\"https:\\\/\\\/siljakeranen.fi\\\/blogi\\\/valtuustoaloite-muuttajakoordinaattori-kainuun-liittoon\\\/#respond\"]}]},{\"@type\":\"WebPage\",\"@id\":\"https:\\\/\\\/siljakeranen.fi\\\/blogi\\\/valtuustoaloite-muuttajakoordinaattori-kainuun-liittoon\\\/\",\"url\":\"https:\\\/\\\/siljakeranen.fi\\\/blogi\\\/valtuustoaloite-muuttajakoordinaattori-kainuun-liittoon\\\/\",\"name\":\"Valtuustoaloite: Muuttajakoordinaattori Kainuun liittoon - Silja Ker\u00e4nen\",\"isPartOf\":{\"@id\":\"https:\\\/\\\/siljakeranen.fi\\\/blogi\\\/#website\"},\"datePublished\":\"2015-12-01T16:25:26+00:00\",\"breadcrumb\":{\"@id\":\"https:\\\/\\\/siljakeranen.fi\\\/blogi\\\/valtuustoaloite-muuttajakoordinaattori-kainuun-liittoon\\\/#breadcrumb\"},\"inLanguage\":\"fi\",\"potentialAction\":[{\"@type\":\"ReadAction\",\"target\":[\"https:\\\/\\\/siljakeranen.fi\\\/blogi\\\/valtuustoaloite-muuttajakoordinaattori-kainuun-liittoon\\\/\"]}]},{\"@type\":\"BreadcrumbList\",\"@id\":\"https:\\\/\\\/siljakeranen.fi\\\/blogi\\\/valtuustoaloite-muuttajakoordinaattori-kainuun-liittoon\\\/#breadcrumb\",\"itemListElement\":[{\"@type\":\"ListItem\",\"position\":1,\"name\":\"Etusivu\",\"item\":\"https:\\\/\\\/siljakeranen.fi\\\/blogi\\\/\"},{\"@type\":\"ListItem\",\"position\":2,\"name\":\"Valtuustoaloite: Muuttajakoordinaattori Kainuun liittoon\"}]},{\"@type\":\"WebSite\",\"@id\":\"https:\\\/\\\/siljakeranen.fi\\\/blogi\\\/#website\",\"url\":\"https:\\\/\\\/siljakeranen.fi\\\/blogi\\\/\",\"name\":\"Silja Ker\u00e4nen\",\"description\":\"Silja Ker\u00e4nen, kainuulainen vihre\u00e4 poliitikko\",\"publisher\":{\"@id\":\"https:\\\/\\\/siljakeranen.fi\\\/blogi\\\/#\\\/schema\\\/person\\\/d43605ef0d5681c1b27a4ba1fede1cf4\"},\"potentialAction\":[{\"@type\":\"SearchAction\",\"target\":{\"@type\":\"EntryPoint\",\"urlTemplate\":\"https:\\\/\\\/siljakeranen.fi\\\/blogi\\\/?s={search_term_string}\"},\"query-input\":{\"@type\":\"PropertyValueSpecification\",\"valueRequired\":true,\"valueName\":\"search_term_string\"}}],\"inLanguage\":\"fi\"},{\"@type\":[\"Person\",\"Organization\"],\"@id\":\"https:\\\/\\\/siljakeranen.fi\\\/blogi\\\/#\\\/schema\\\/person\\\/d43605ef0d5681c1b27a4ba1fede1cf4\",\"name\":\"Silja\",\"image\":{\"@type\":\"ImageObject\",\"inLanguage\":\"fi\",\"@id\":\"https:\\\/\\\/siljakeranen.fi\\\/blogi\\\/wp-content\\\/uploads\\\/2023\\\/01\\\/cropped-silja_250x100.png\",\"url\":\"https:\\\/\\\/siljakeranen.fi\\\/blogi\\\/wp-content\\\/uploads\\\/2023\\\/01\\\/cropped-silja_250x100.png\",\"contentUrl\":\"https:\\\/\\\/siljakeranen.fi\\\/blogi\\\/wp-content\\\/uploads\\\/2023\\\/01\\\/cropped-silja_250x100.png\",\"width\":250,\"height\":100,\"caption\":\"Silja\"},\"logo\":{\"@id\":\"https:\\\/\\\/siljakeranen.fi\\\/blogi\\\/wp-content\\\/uploads\\\/2023\\\/01\\\/cropped-silja_250x100.png\"},\"sameAs\":[\"http:\\\/\\\/www.siljakeranen.fi\",\"https:\\\/\\\/www.facebook.com\\\/siljamkeranen\",\"https:\\\/\\\/www.instagram.com\\\/siljakeranen\\\/\",\"https:\\\/\\\/www.linkedin.com\\\/in\\\/silja-kernen-4331b548\\\/\",\"https:\\\/\\\/x.com\\\/https:\\\/\\\/twitter.com\\\/SiljaMP\",\"https:\\\/\\\/www.youtube.com\\\/channel\\\/UC0MWeuoWP4-Mjs1z8pIv3GQ\",\"https:\\\/\\\/fi.wikipedia.org\\\/wiki\\\/Silja_Kernen\"],\"url\":\"https:\\\/\\\/siljakeranen.fi\\\/blogi\\\/author\\\/admin\\\/\"}]}<\/script>\n<!-- \/ Yoast SEO plugin. -->","yoast_head_json":{"title":"Valtuustoaloite: Muuttajakoordinaattori Kainuun liittoon - Silja Ker\u00e4nen","robots":{"index":"index","follow":"follow","max-snippet":"max-snippet:-1","max-image-preview":"max-image-preview:large","max-video-preview":"max-video-preview:-1"},"canonical":"https:\/\/siljakeranen.fi\/blogi\/valtuustoaloite-muuttajakoordinaattori-kainuun-liittoon\/","og_locale":"fi_FI","og_type":"article","og_title":"Valtuustoaloite: Muuttajakoordinaattori Kainuun liittoon - Silja Ker\u00e4nen","og_description":"J\u00e4tin eilisess\u00e4 maakuntavaltuuston kokouksessa valtuustoaloitteen: Valtuustoaloite: Muuttajakoordinaattori Kainuun liittoon Jos haluamme tehd\u00e4 Kainuun v\u00e4henev\u00e4lle v\u00e4est\u00f6kehitysennusteelle jotain, yksi ratkaisu on palkata Kainuulle yhteinen muuttajakoordinaattori. Kainuuseen kun olisi tulijoita, jos olisi t\u00f6it\u00e4. Ja t\u00f6it\u00e4kin l\u00f6ytyy, joillain aloilla on huutava pula osaajista. Muuttajakoordinaattorin teht\u00e4v\u00e4n\u00e4 olisi kartoittaa ty\u00f6paikkoja ja tekem\u00e4t\u00f6nt\u00e4 ty\u00f6t\u00e4 ymp\u00e4ri Kainuun. Ei vain MOL:n sivuilla tai Kainuun [&hellip;]","og_url":"https:\/\/siljakeranen.fi\/blogi\/valtuustoaloite-muuttajakoordinaattori-kainuun-liittoon\/","og_site_name":"Silja Ker\u00e4nen","article_publisher":"https:\/\/www.facebook.com\/siljamkeranen","article_author":"https:\/\/www.facebook.com\/siljamkeranen","article_published_time":"2015-12-01T16:25:26+00:00","og_image":[{"width":1613,"height":1075,"url":"https:\/\/siljakeranen.fi\/blogi\/wp-content\/uploads\/2023\/01\/3L3A1767_valmis-pinempi.jpeg","type":"image\/jpeg"}],"author":"Silja","twitter_card":"summary_large_image","twitter_creator":"@https:\/\/twitter.com\/SiljaMP","twitter_site":"@SiljaMP","twitter_misc":{"Kirjoittanut":"Silja","Arvioitu lukuaika":"1 minuutti"},"schema":{"@context":"https:\/\/schema.org","@graph":[{"@type":"Article","@id":"https:\/\/siljakeranen.fi\/blogi\/valtuustoaloite-muuttajakoordinaattori-kainuun-liittoon\/#article","isPartOf":{"@id":"https:\/\/siljakeranen.fi\/blogi\/valtuustoaloite-muuttajakoordinaattori-kainuun-liittoon\/"},"author":{"name":"Silja","@id":"https:\/\/siljakeranen.fi\/blogi\/#\/schema\/person\/d43605ef0d5681c1b27a4ba1fede1cf4"},"headline":"Valtuustoaloite: Muuttajakoordinaattori Kainuun liittoon","datePublished":"2015-12-01T16:25:26+00:00","mainEntityOfPage":{"@id":"https:\/\/siljakeranen.fi\/blogi\/valtuustoaloite-muuttajakoordinaattori-kainuun-liittoon\/"},"wordCount":114,"commentCount":0,"publisher":{"@id":"https:\/\/siljakeranen.fi\/blogi\/#\/schema\/person\/d43605ef0d5681c1b27a4ba1fede1cf4"},"articleSection":["Kainuu","Politiikka","Valtuustoaloite"],"inLanguage":"fi","potentialAction":[{"@type":"CommentAction","name":"Comment","target":["https:\/\/siljakeranen.fi\/blogi\/valtuustoaloite-muuttajakoordinaattori-kainuun-liittoon\/#respond"]}]},{"@type":"WebPage","@id":"https:\/\/siljakeranen.fi\/blogi\/valtuustoaloite-muuttajakoordinaattori-kainuun-liittoon\/","url":"https:\/\/siljakeranen.fi\/blogi\/valtuustoaloite-muuttajakoordinaattori-kainuun-liittoon\/","name":"Valtuustoaloite: Muuttajakoordinaattori Kainuun liittoon - Silja Ker\u00e4nen","isPartOf":{"@id":"https:\/\/siljakeranen.fi\/blogi\/#website"},"datePublished":"2015-12-01T16:25:26+00:00","breadcrumb":{"@id":"https:\/\/siljakeranen.fi\/blogi\/valtuustoaloite-muuttajakoordinaattori-kainuun-liittoon\/#breadcrumb"},"inLanguage":"fi","potentialAction":[{"@type":"ReadAction","target":["https:\/\/siljakeranen.fi\/blogi\/valtuustoaloite-muuttajakoordinaattori-kainuun-liittoon\/"]}]},{"@type":"BreadcrumbList","@id":"https:\/\/siljakeranen.fi\/blogi\/valtuustoaloite-muuttajakoordinaattori-kainuun-liittoon\/#breadcrumb","itemListElement":[{"@type":"ListItem","position":1,"name":"Etusivu","item":"https:\/\/siljakeranen.fi\/blogi\/"},{"@type":"ListItem","position":2,"name":"Valtuustoaloite: Muuttajakoordinaattori Kainuun liittoon"}]},{"@type":"WebSite","@id":"https:\/\/siljakeranen.fi\/blogi\/#website","url":"https:\/\/siljakeranen.fi\/blogi\/","name":"Silja Ker\u00e4nen","description":"Silja Ker\u00e4nen, kainuulainen vihre\u00e4 poliitikko","publisher":{"@id":"https:\/\/siljakeranen.fi\/blogi\/#\/schema\/person\/d43605ef0d5681c1b27a4ba1fede1cf4"},"potentialAction":[{"@type":"SearchAction","target":{"@type":"EntryPoint","urlTemplate":"https:\/\/siljakeranen.fi\/blogi\/?s={search_term_string}"},"query-input":{"@type":"PropertyValueSpecification","valueRequired":true,"valueName":"search_term_string"}}],"inLanguage":"fi"},{"@type":["Person","Organization"],"@id":"https:\/\/siljakeranen.fi\/blogi\/#\/schema\/person\/d43605ef0d5681c1b27a4ba1fede1cf4","name":"Silja","image":{"@type":"ImageObject","inLanguage":"fi","@id":"https:\/\/siljakeranen.fi\/blogi\/wp-content\/uploads\/2023\/01\/cropped-silja_250x100.png","url":"https:\/\/siljakeranen.fi\/blogi\/wp-content\/uploads\/2023\/01\/cropped-silja_250x100.png","contentUrl":"https:\/\/siljakeranen.fi\/blogi\/wp-content\/uploads\/2023\/01\/cropped-silja_250x100.png","width":250,"height":100,"caption":"Silja"},"logo":{"@id":"https:\/\/siljakeranen.fi\/blogi\/wp-content\/uploads\/2023\/01\/cropped-silja_250x100.png"},"sameAs":["http:\/\/www.siljakeranen.fi","https:\/\/www.facebook.com\/siljamkeranen","https:\/\/www.instagram.com\/siljakeranen\/","https:\/\/www.linkedin.com\/in\/silja-kernen-4331b548\/","https:\/\/x.com\/https:\/\/twitter.com\/SiljaMP","https:\/\/www.youtube.com\/channel\/UC0MWeuoWP4-Mjs1z8pIv3GQ","https:\/\/fi.wikipedia.org\/wiki\/Silja_Kernen"],"url":"https:\/\/siljakeranen.fi\/blogi\/author\/admin\/"}]}},"_links":{"self":[{"href":"https:\/\/siljakeranen.fi\/blogi\/wp-json\/wp\/v2\/posts\/888","targetHints":{"allow":["GET"]}}],"collection":[{"href":"https:\/\/siljakeranen.fi\/blogi\/wp-json\/wp\/v2\/posts"}],"about":[{"href":"https:\/\/siljakeranen.fi\/blogi\/wp-json\/wp\/v2\/types\/post"}],"author":[{"embeddable":true,"href":"https:\/\/siljakeranen.fi\/blogi\/wp-json\/wp\/v2\/users\/1"}],"replies":[{"embeddable":true,"href":"https:\/\/siljakeranen.fi\/blogi\/wp-json\/wp\/v2\/comments?post=888"}],"version-history":[{"count":1,"href":"https:\/\/siljakeranen.fi\/blogi\/wp-json\/wp\/v2\/posts\/888\/revisions"}],"predecessor-version":[{"id":889,"href":"https:\/\/siljakeranen.fi\/blogi\/wp-json\/wp\/v2\/posts\/888\/revisions\/889"}],"wp:attachment":[{"href":"https:\/\/siljakeranen.fi\/blogi\/wp-json\/wp\/v2\/media?parent=888"}],"wp:term":[{"taxonomy":"category","embeddable":true,"href":"https:\/\/siljakeranen.fi\/blogi\/wp-json\/wp\/v2\/categories?post=888"},{"taxonomy":"post_tag","embeddable":true,"href":"https:\/\/siljakeranen.fi\/blogi\/wp-json\/wp\/v2\/tags?post=888"}],"curies":[{"name":"wp","href":"https:\/\/api.w.org\/{rel}","templated":true}]}}