{"id":941,"date":"2016-05-25T17:55:57","date_gmt":"2016-05-25T14:55:57","guid":{"rendered":"http:\/\/siljakeranen.fi\/blogi\/?p=941"},"modified":"2019-01-11T11:43:20","modified_gmt":"2019-01-11T09:43:20","slug":"talvivaara-suljetaan-mita-kainuun-tai-kainuulle-pitaisi-nyt-tehda","status":"publish","type":"post","link":"https:\/\/siljakeranen.fi\/blogi\/talvivaara-suljetaan-mita-kainuun-tai-kainuulle-pitaisi-nyt-tehda\/","title":{"rendered":"Talvivaara suljetaan \u2013 mit\u00e4 Kainuun tai Kainuulle pit\u00e4isi nyt tehd\u00e4?"},"content":{"rendered":"<ol>\n<li><strong>Uskotaan, ett\u00e4 kaivostoiminta todella ajetaan alas<\/strong><\/li>\n<\/ol>\n<p>T\u00e4ss\u00e4 tilanteessa ei kannata j\u00e4\u00e4d\u00e4 el\u00e4ttelem\u00e4\u00e4n toivoa siit\u00e4, ett\u00e4 jos kaivostoiminta Talvivaarassa sittenkin jatkuisi. Jos l\u00f6ytyisi joku Terrafamen Migrit Solarna Energie, joka \u2019pelastaisi\u2019 hankkeen. Jos joku uskottava taho l\u00f6ytyy, sitten l\u00f6ytyy ja asia ok. Mutta sit\u00e4 toivoa ei kannata pit\u00e4\u00e4 yll\u00e4.<\/p>\n<p>&nbsp;<\/p>\n<ol start=\"2\">\n<li><strong>Varmistaa Kainuun innovaatiopotentiaali<\/strong><\/li>\n<\/ol>\n<p>Huolehtia siit\u00e4, ett\u00e4 Kajaanin ammattikorkeakoulu sek\u00e4 yliopistokeskus \/ CEMIS Oulu s\u00e4ilyv\u00e4t. Ilman n\u00e4it\u00e4 koulutus- ja tutkimusorganisaatioita voitaisiin alkaa jo sopia valojen sammuttajaa. Ne ovat siis todella t\u00e4rkeit\u00e4 \u2013 joka tapauksessa ja etenkin nyt suuren rakennemuutoksen aikaan.<\/p>\n<p>Innovaatiopotentiaaliin keskeisesti liittyv\u00e4t my\u00f6s junat ja synnytykset. Min\u00e4p\u00e4 kerron. \ud83d\ude42 Saavutettavuudesta (etenkin junayhteydet ja lennot) on pidett\u00e4v\u00e4 huolta \u2013 yht\u00e4\u00e4n ei voi en\u00e4\u00e4 heikenty\u00e4. Saavutettavuudella on yrityksille ja ihmisille todella paljon v\u00e4li\u00e4. Samoin synnytysten s\u00e4ilyminen on keskeist\u00e4: jos synnytykset Kainuun keskussairaalasta loppuvat, loppuu my\u00f6s moni muu p\u00e4ivystys, p\u00e4ivystystaso laskee, terveydenhuollon ammattilaisten m\u00e4\u00e4r\u00e4 v\u00e4henee, ja mahdollisesti my\u00f6s AMK:n tarve\/merkitys pienenee huomattavasti (koska sairaanhoitajakoulutus on t\u00e4rke\u00e4 osa AMK:n toimintaa).<\/p>\n<p>&nbsp;<\/p>\n<ol start=\"3\">\n<li><strong>K\u00e4ytt\u00e4\u00e4 tukirahat viisaasti<\/strong><\/li>\n<\/ol>\n<p>Maakuntaan kohdistetaan todenn\u00e4k\u00f6isesti aika paljon erilaista rakennemuutosrahaa. Kajaanin paperitehtaan j\u00e4lkihoitoa kuunnellessa opimme (siis vihre\u00e4 puoluevaltuuskunta, joka oli Renforsin rannassa vierailulla), ett\u00e4 lukuisten hankekehitelmien sijaan ty\u00f6tt\u00f6m\u00e4ksi j\u00e4\u00e4neiden tukeminen suoraan on yleens\u00e4 viisaampaa. Toki t\u00e4ss\u00e4 toivomme, ett\u00e4 v\u00e4ki j\u00e4\u00e4 Kainuuseen ja ett\u00e4 heille l\u00f6ytyy maakunnastamme t\u00f6it\u00e4.<\/p>\n<p>Lis\u00e4- ja t\u00e4ydennyskoulutukseen on my\u00f6s panostettava. Esimerkiksi konepajoilla on pula hitsaajista \u2013 niit\u00e4 rekrytoidaan It\u00e4-Euroopasta, kun Kainuusta ja l\u00e4hialueilta ei l\u00f6ydy.<\/p>\n<p>&nbsp;<\/p>\n<ol start=\"4\">\n<li><strong>Fiksut elinkeinopoliittiset avaukset<\/strong><\/li>\n<\/ol>\n<p>Arvelen, ett\u00e4 Kainuun biotuotetehdasta aletaan puuhata nyt erityisell\u00e4 innolla. Ihan ymm\u00e4rrett\u00e4v\u00e4\u00e4. Min\u00e4 en osaa vastustaa tehdasta itseisarvollisesti, kunhan muutama asia huomioidaan: a) tehtaan kapasiteetin on oltava riitt\u00e4v\u00e4n pieni, ettei mets\u00e4luonnon ekologinen kest\u00e4vyys vaarannu b) tehtaan tuotevalikoima on mietitt\u00e4v\u00e4 fiksusti ja c) kaikkea toivoa ei kannata laittaa biotuotetehtaaseen ettei k\u00e4y biotalouden Talvivaarat. (Toki ihmetytt\u00e4\u00e4 se, ettei yksityinen raha l\u00e4hde t\u00e4llaista biotuotetehdasta perustamaan, jos se kerran liiketaloudellisesti on niinkin kannattavaa kuin monessa paikassa on esitetty.)<\/p>\n<p>Elinkeinopolitiikassa kannattaa panostaa:<\/p>\n<ul>\n<li>Kuhmon puurakentamisen kehitt\u00e4miseen ja sen skaalaamiseen voimakkaasti yl\u00f6s. T\u00e4ll\u00e4 tavoin maksimoimme puutavan kuutiohinnan \u2013 n\u00e4ihin tuotteisiin meid\u00e4n puumaakunnassa pit\u00e4isi panostaa.<\/li>\n<li>St1:n laajennukseen ja muihin sivuvirroista teht\u00e4viin biotuotteisiin.<\/li>\n<li>Matkailun, virkistyksen, kulttuurin ja liikunnan kehitt\u00e4miseen edelleen.<\/li>\n<li>Ruoantuotannon \u2013 sek\u00e4 alkutuotannon ett\u00e4 jalostuksen kehitt\u00e4miseen. T\u00e4ll\u00e4 saralla Kainuussa on potentiaalia: puhtaat ruokatuotteet mets\u00e4st\u00e4 tai viljeltyn\u00e4\/kasvatettuna.<\/li>\n<li>ICT- ja metallialaan \u2013 ja etenkin pelialaan sen sovelluksineen.<\/li>\n<\/ul>\n<p>&nbsp;<\/p>\n<ol start=\"5\">\n<li><strong>Hoitaa Talvivaaran j\u00e4lkihoito kunnolla<\/strong><\/li>\n<\/ol>\n<p>Minusta on todenn\u00e4k\u00f6ist\u00e4, ett\u00e4 kaivos avataan jossain vaiheessa uudelleen. Alueella on kuitenkin sen verran paljon nikkeli\u00e4 ja valmis (eli kallis) kaivosinfra rakennettuna, ett\u00e4 jahka nikkelin hinta kohoaa riitt\u00e4v\u00e4sti, kaivostoimintaa Talvivaarassa aletaan ajamaan yl\u00f6s.<\/p>\n<p>T\u00e4m\u00e4 mieless\u00e4 pit\u00e4en alasajossa tulisikin:<\/p>\n<ul>\n<li>Huolehtia ymp\u00e4rist\u00f6st\u00e4 kunnolla<\/li>\n<li>Puhdistaa vedet ennen niiden laskemista pois kaivosalueelta (mahdolliset vedenk\u00e4sittelyinvestoinnit ovat oletettavasti\/osin k\u00e4ytt\u00f6kelpoisia kaivoksen mahdollisen uuden el\u00e4m\u00e4n aikaan)<\/li>\n<li>J\u00e4rjest\u00e4\u00e4 pilot-mittakaavainen bioliuotusprosessi kaivosalueelle. T\u00e4ll\u00e4 tavoin saadaan dataa liuotuksen toiminnasta. Se on t\u00e4rke\u00e4\u00e4, koska liuotuksen kierto on useampi vuosi, joten prosessin optimointi on hidasta.<\/li>\n<\/ul>\n<p>&nbsp;<\/p>\n<ol start=\"6\">\n<li><strong>Pit\u00e4\u00e4 toivoa yll\u00e4<\/strong><\/li>\n<\/ol>\n<p>Kainuussa ei l\u00e4ht\u00f6kohtaisesti mene mitenk\u00e4\u00e4n \u00e4lytt\u00f6m\u00e4n hyvin. Ja el\u00e4m\u00e4, etenkin poliitikkona, tuntuu usein vain jatkuvalta olemassaolon taistelulta erilaisia heikennyksi\u00e4 vastaan. Talvivaaran loppuminen on iso juttu \u2013 sen Kainuun elinvoimaan tuomat kerrannaisvaikutukset ovat merkitt\u00e4v\u00e4t.<\/p>\n<p>Mutta, pit\u00e4\u00e4 katsoa tulevaan. Kainuun tulevaisuuden kannalta t\u00e4m\u00e4 voi jopa olla hyv\u00e4 asia: saamme monipuolisemman elinkeinorakenteen, jolloin emme ole niin riippuvaisia yksitt\u00e4isest\u00e4 toimijasta. Jo nyt Suomessa suurin osa uusista ty\u00f6paikoista syntyy pieniin ja keskisuuriin yrityksiin \u2013 t\u00e4m\u00e4n trendin vahvistaminen my\u00f6s Kainuussa on t\u00e4rke\u00e4\u00e4. Sanoisin, ett\u00e4 tilanne on vaikea, mutta ei suinkaan mahdoton.<\/p>\n<div style=\"padding-bottom:20px; padding-top:10px;\" class=\"hupso-share-buttons\"><!-- Hupso Share Buttons - https:\/\/www.hupso.com\/share\/ --><a class=\"hupso_counters\" href=\"https:\/\/www.hupso.com\/share\/\"><img decoding=\"async\" src=\"https:\/\/static.hupso.com\/share\/buttons\/share-small.png\" style=\"border:0px; padding-top:2px; float:left;\" alt=\"Share Button\"\/><\/a><script type=\"text\/javascript\">var hupso_services_c=new Array(\"twitter\",\"facebook_like\",\"facebook_send\",\"google\");var hupso_counters_lang = \"en_US\";var hupso_image_folder_url = \"\";var hupso_url_c=\"\";var hupso_title_c=\"Talvivaara%20suljetaan%20%E2%80%93%20mit%C3%A4%20Kainuun%20tai%20Kainuulle%20pit%C3%A4isi%20nyt%20tehd%C3%A4%3F\";<\/script><script type=\"text\/javascript\" src=\"https:\/\/static.hupso.com\/share\/js\/counters.js\"><\/script><!-- Hupso Share Buttons --><\/div>","protected":false},"excerpt":{"rendered":"<p>Uskotaan, ett\u00e4 kaivostoiminta todella ajetaan alas T\u00e4ss\u00e4 tilanteessa ei kannata j\u00e4\u00e4d\u00e4 el\u00e4ttelem\u00e4\u00e4n toivoa siit\u00e4, ett\u00e4 jos kaivostoiminta Talvivaarassa sittenkin jatkuisi. Jos l\u00f6ytyisi joku Terrafamen Migrit Solarna Energie, joka \u2019pelastaisi\u2019 hankkeen. Jos joku uskottava taho l\u00f6ytyy, sitten l\u00f6ytyy ja asia ok. Mutta sit\u00e4 toivoa ei kannata pit\u00e4\u00e4 yll\u00e4. &nbsp; Varmistaa Kainuun innovaatiopotentiaali Huolehtia siit\u00e4, ett\u00e4 Kajaanin [&hellip;]<\/p>\n<div style=\"padding-bottom:20px; padding-top:10px;\" class=\"hupso-share-buttons\"><!-- Hupso Share Buttons - https:\/\/www.hupso.com\/share\/ --><a class=\"hupso_counters\" href=\"https:\/\/www.hupso.com\/share\/\"><img src=\"https:\/\/static.hupso.com\/share\/buttons\/share-small.png\" style=\"border:0px; padding-top:2px; float:left;\" alt=\"Share Button\"\/><\/a><script type=\"text\/javascript\">var hupso_services_c=new Array(\"twitter\",\"facebook_like\",\"facebook_send\",\"google\");var hupso_counters_lang = \"en_US\";var hupso_image_folder_url = \"\";var hupso_url_c=\"\";var hupso_title_c=\"Talvivaara%20suljetaan%20%E2%80%93%20mit%C3%A4%20Kainuun%20tai%20Kainuulle%20pit%C3%A4isi%20nyt%20tehd%C3%A4%3F\";<\/script><script type=\"text\/javascript\" src=\"https:\/\/static.hupso.com\/share\/js\/counters.js\"><\/script><!-- Hupso Share Buttons --><\/div>","protected":false},"author":1,"featured_media":0,"comment_status":"open","ping_status":"closed","sticky":false,"template":"","format":"standard","meta":{"ngg_post_thumbnail":0,"footnotes":""},"categories":[7,25,8,6,24,10,5,30],"tags":[],"class_list":["post-941","post","type-post","status-publish","format-standard","hentry","category-kainuu","category-kaivokset","category-kajaani","category-politiikka","category-terrafame-talvivaara","category-vihreat","category-ymparisto","category-yrittajyys-elinkeinot"],"yoast_head":"<!-- This site is optimized with the Yoast SEO plugin v27.3 - https:\/\/yoast.com\/product\/yoast-seo-wordpress\/ -->\n<title>Talvivaara suljetaan \u2013 mit\u00e4 Kainuun tai Kainuulle pit\u00e4isi nyt tehd\u00e4? - Silja Ker\u00e4nen<\/title>\n<meta name=\"robots\" content=\"index, follow, max-snippet:-1, max-image-preview:large, max-video-preview:-1\" \/>\n<link rel=\"canonical\" href=\"https:\/\/siljakeranen.fi\/blogi\/talvivaara-suljetaan-mita-kainuun-tai-kainuulle-pitaisi-nyt-tehda\/\" \/>\n<meta property=\"og:locale\" content=\"fi_FI\" \/>\n<meta property=\"og:type\" content=\"article\" \/>\n<meta property=\"og:title\" content=\"Talvivaara suljetaan \u2013 mit\u00e4 Kainuun tai Kainuulle pit\u00e4isi nyt tehd\u00e4? - Silja Ker\u00e4nen\" \/>\n<meta property=\"og:description\" content=\"Uskotaan, ett\u00e4 kaivostoiminta todella ajetaan alas T\u00e4ss\u00e4 tilanteessa ei kannata j\u00e4\u00e4d\u00e4 el\u00e4ttelem\u00e4\u00e4n toivoa siit\u00e4, ett\u00e4 jos kaivostoiminta Talvivaarassa sittenkin jatkuisi. Jos l\u00f6ytyisi joku Terrafamen Migrit Solarna Energie, joka \u2019pelastaisi\u2019 hankkeen. Jos joku uskottava taho l\u00f6ytyy, sitten l\u00f6ytyy ja asia ok. Mutta sit\u00e4 toivoa ei kannata pit\u00e4\u00e4 yll\u00e4. &nbsp; Varmistaa Kainuun innovaatiopotentiaali Huolehtia siit\u00e4, ett\u00e4 Kajaanin [&hellip;]\" \/>\n<meta property=\"og:url\" content=\"https:\/\/siljakeranen.fi\/blogi\/talvivaara-suljetaan-mita-kainuun-tai-kainuulle-pitaisi-nyt-tehda\/\" \/>\n<meta property=\"og:site_name\" content=\"Silja Ker\u00e4nen\" \/>\n<meta property=\"article:publisher\" content=\"https:\/\/www.facebook.com\/siljamkeranen\" \/>\n<meta property=\"article:author\" content=\"https:\/\/www.facebook.com\/siljamkeranen\" \/>\n<meta property=\"article:published_time\" content=\"2016-05-25T14:55:57+00:00\" \/>\n<meta property=\"article:modified_time\" content=\"2019-01-11T09:43:20+00:00\" \/>\n<meta property=\"og:image\" content=\"https:\/\/siljakeranen.fi\/blogi\/wp-content\/uploads\/2023\/01\/3L3A1767_valmis-pinempi.jpeg\" \/>\n\t<meta property=\"og:image:width\" content=\"1613\" \/>\n\t<meta property=\"og:image:height\" content=\"1075\" \/>\n\t<meta property=\"og:image:type\" content=\"image\/jpeg\" \/>\n<meta name=\"author\" content=\"Silja\" \/>\n<meta name=\"twitter:card\" content=\"summary_large_image\" \/>\n<meta name=\"twitter:creator\" content=\"@https:\/\/twitter.com\/SiljaMP\" \/>\n<meta name=\"twitter:site\" content=\"@SiljaMP\" \/>\n<meta name=\"twitter:label1\" content=\"Kirjoittanut\" \/>\n\t<meta name=\"twitter:data1\" content=\"Silja\" \/>\n\t<meta name=\"twitter:label2\" content=\"Arvioitu lukuaika\" \/>\n\t<meta name=\"twitter:data2\" content=\"3 minuuttia\" \/>\n<script type=\"application\/ld+json\" class=\"yoast-schema-graph\">{\"@context\":\"https:\\\/\\\/schema.org\",\"@graph\":[{\"@type\":\"Article\",\"@id\":\"https:\\\/\\\/siljakeranen.fi\\\/blogi\\\/talvivaara-suljetaan-mita-kainuun-tai-kainuulle-pitaisi-nyt-tehda\\\/#article\",\"isPartOf\":{\"@id\":\"https:\\\/\\\/siljakeranen.fi\\\/blogi\\\/talvivaara-suljetaan-mita-kainuun-tai-kainuulle-pitaisi-nyt-tehda\\\/\"},\"author\":{\"name\":\"Silja\",\"@id\":\"https:\\\/\\\/siljakeranen.fi\\\/blogi\\\/#\\\/schema\\\/person\\\/d43605ef0d5681c1b27a4ba1fede1cf4\"},\"headline\":\"Talvivaara suljetaan \u2013 mit\u00e4 Kainuun tai Kainuulle pit\u00e4isi nyt tehd\u00e4?\",\"datePublished\":\"2016-05-25T14:55:57+00:00\",\"dateModified\":\"2019-01-11T09:43:20+00:00\",\"mainEntityOfPage\":{\"@id\":\"https:\\\/\\\/siljakeranen.fi\\\/blogi\\\/talvivaara-suljetaan-mita-kainuun-tai-kainuulle-pitaisi-nyt-tehda\\\/\"},\"wordCount\":642,\"commentCount\":0,\"publisher\":{\"@id\":\"https:\\\/\\\/siljakeranen.fi\\\/blogi\\\/#\\\/schema\\\/person\\\/d43605ef0d5681c1b27a4ba1fede1cf4\"},\"articleSection\":[\"Kainuu\",\"Kaivokset\",\"Kajaani\",\"Politiikka\",\"Terrafame \\\/ Talvivaara\",\"Vihre\u00e4t\",\"Ymp\u00e4rist\u00f6\",\"Yritt\u00e4jyys &amp; elinkeinot\"],\"inLanguage\":\"fi\",\"potentialAction\":[{\"@type\":\"CommentAction\",\"name\":\"Comment\",\"target\":[\"https:\\\/\\\/siljakeranen.fi\\\/blogi\\\/talvivaara-suljetaan-mita-kainuun-tai-kainuulle-pitaisi-nyt-tehda\\\/#respond\"]}]},{\"@type\":\"WebPage\",\"@id\":\"https:\\\/\\\/siljakeranen.fi\\\/blogi\\\/talvivaara-suljetaan-mita-kainuun-tai-kainuulle-pitaisi-nyt-tehda\\\/\",\"url\":\"https:\\\/\\\/siljakeranen.fi\\\/blogi\\\/talvivaara-suljetaan-mita-kainuun-tai-kainuulle-pitaisi-nyt-tehda\\\/\",\"name\":\"Talvivaara suljetaan \u2013 mit\u00e4 Kainuun tai Kainuulle pit\u00e4isi nyt tehd\u00e4? - Silja Ker\u00e4nen\",\"isPartOf\":{\"@id\":\"https:\\\/\\\/siljakeranen.fi\\\/blogi\\\/#website\"},\"datePublished\":\"2016-05-25T14:55:57+00:00\",\"dateModified\":\"2019-01-11T09:43:20+00:00\",\"breadcrumb\":{\"@id\":\"https:\\\/\\\/siljakeranen.fi\\\/blogi\\\/talvivaara-suljetaan-mita-kainuun-tai-kainuulle-pitaisi-nyt-tehda\\\/#breadcrumb\"},\"inLanguage\":\"fi\",\"potentialAction\":[{\"@type\":\"ReadAction\",\"target\":[\"https:\\\/\\\/siljakeranen.fi\\\/blogi\\\/talvivaara-suljetaan-mita-kainuun-tai-kainuulle-pitaisi-nyt-tehda\\\/\"]}]},{\"@type\":\"BreadcrumbList\",\"@id\":\"https:\\\/\\\/siljakeranen.fi\\\/blogi\\\/talvivaara-suljetaan-mita-kainuun-tai-kainuulle-pitaisi-nyt-tehda\\\/#breadcrumb\",\"itemListElement\":[{\"@type\":\"ListItem\",\"position\":1,\"name\":\"Etusivu\",\"item\":\"https:\\\/\\\/siljakeranen.fi\\\/blogi\\\/\"},{\"@type\":\"ListItem\",\"position\":2,\"name\":\"Talvivaara suljetaan \u2013 mit\u00e4 Kainuun tai Kainuulle pit\u00e4isi nyt tehd\u00e4?\"}]},{\"@type\":\"WebSite\",\"@id\":\"https:\\\/\\\/siljakeranen.fi\\\/blogi\\\/#website\",\"url\":\"https:\\\/\\\/siljakeranen.fi\\\/blogi\\\/\",\"name\":\"Silja Ker\u00e4nen\",\"description\":\"Silja Ker\u00e4nen, kainuulainen vihre\u00e4 poliitikko\",\"publisher\":{\"@id\":\"https:\\\/\\\/siljakeranen.fi\\\/blogi\\\/#\\\/schema\\\/person\\\/d43605ef0d5681c1b27a4ba1fede1cf4\"},\"potentialAction\":[{\"@type\":\"SearchAction\",\"target\":{\"@type\":\"EntryPoint\",\"urlTemplate\":\"https:\\\/\\\/siljakeranen.fi\\\/blogi\\\/?s={search_term_string}\"},\"query-input\":{\"@type\":\"PropertyValueSpecification\",\"valueRequired\":true,\"valueName\":\"search_term_string\"}}],\"inLanguage\":\"fi\"},{\"@type\":[\"Person\",\"Organization\"],\"@id\":\"https:\\\/\\\/siljakeranen.fi\\\/blogi\\\/#\\\/schema\\\/person\\\/d43605ef0d5681c1b27a4ba1fede1cf4\",\"name\":\"Silja\",\"image\":{\"@type\":\"ImageObject\",\"inLanguage\":\"fi\",\"@id\":\"https:\\\/\\\/siljakeranen.fi\\\/blogi\\\/wp-content\\\/uploads\\\/2023\\\/01\\\/cropped-silja_250x100.png\",\"url\":\"https:\\\/\\\/siljakeranen.fi\\\/blogi\\\/wp-content\\\/uploads\\\/2023\\\/01\\\/cropped-silja_250x100.png\",\"contentUrl\":\"https:\\\/\\\/siljakeranen.fi\\\/blogi\\\/wp-content\\\/uploads\\\/2023\\\/01\\\/cropped-silja_250x100.png\",\"width\":250,\"height\":100,\"caption\":\"Silja\"},\"logo\":{\"@id\":\"https:\\\/\\\/siljakeranen.fi\\\/blogi\\\/wp-content\\\/uploads\\\/2023\\\/01\\\/cropped-silja_250x100.png\"},\"sameAs\":[\"http:\\\/\\\/www.siljakeranen.fi\",\"https:\\\/\\\/www.facebook.com\\\/siljamkeranen\",\"https:\\\/\\\/www.instagram.com\\\/siljakeranen\\\/\",\"https:\\\/\\\/www.linkedin.com\\\/in\\\/silja-kernen-4331b548\\\/\",\"https:\\\/\\\/x.com\\\/https:\\\/\\\/twitter.com\\\/SiljaMP\",\"https:\\\/\\\/www.youtube.com\\\/channel\\\/UC0MWeuoWP4-Mjs1z8pIv3GQ\",\"https:\\\/\\\/fi.wikipedia.org\\\/wiki\\\/Silja_Kernen\"],\"url\":\"https:\\\/\\\/siljakeranen.fi\\\/blogi\\\/author\\\/admin\\\/\"}]}<\/script>\n<!-- \/ Yoast SEO plugin. -->","yoast_head_json":{"title":"Talvivaara suljetaan \u2013 mit\u00e4 Kainuun tai Kainuulle pit\u00e4isi nyt tehd\u00e4? - Silja Ker\u00e4nen","robots":{"index":"index","follow":"follow","max-snippet":"max-snippet:-1","max-image-preview":"max-image-preview:large","max-video-preview":"max-video-preview:-1"},"canonical":"https:\/\/siljakeranen.fi\/blogi\/talvivaara-suljetaan-mita-kainuun-tai-kainuulle-pitaisi-nyt-tehda\/","og_locale":"fi_FI","og_type":"article","og_title":"Talvivaara suljetaan \u2013 mit\u00e4 Kainuun tai Kainuulle pit\u00e4isi nyt tehd\u00e4? - Silja Ker\u00e4nen","og_description":"Uskotaan, ett\u00e4 kaivostoiminta todella ajetaan alas T\u00e4ss\u00e4 tilanteessa ei kannata j\u00e4\u00e4d\u00e4 el\u00e4ttelem\u00e4\u00e4n toivoa siit\u00e4, ett\u00e4 jos kaivostoiminta Talvivaarassa sittenkin jatkuisi. Jos l\u00f6ytyisi joku Terrafamen Migrit Solarna Energie, joka \u2019pelastaisi\u2019 hankkeen. Jos joku uskottava taho l\u00f6ytyy, sitten l\u00f6ytyy ja asia ok. Mutta sit\u00e4 toivoa ei kannata pit\u00e4\u00e4 yll\u00e4. &nbsp; Varmistaa Kainuun innovaatiopotentiaali Huolehtia siit\u00e4, ett\u00e4 Kajaanin [&hellip;]","og_url":"https:\/\/siljakeranen.fi\/blogi\/talvivaara-suljetaan-mita-kainuun-tai-kainuulle-pitaisi-nyt-tehda\/","og_site_name":"Silja Ker\u00e4nen","article_publisher":"https:\/\/www.facebook.com\/siljamkeranen","article_author":"https:\/\/www.facebook.com\/siljamkeranen","article_published_time":"2016-05-25T14:55:57+00:00","article_modified_time":"2019-01-11T09:43:20+00:00","og_image":[{"width":1613,"height":1075,"url":"https:\/\/siljakeranen.fi\/blogi\/wp-content\/uploads\/2023\/01\/3L3A1767_valmis-pinempi.jpeg","type":"image\/jpeg"}],"author":"Silja","twitter_card":"summary_large_image","twitter_creator":"@https:\/\/twitter.com\/SiljaMP","twitter_site":"@SiljaMP","twitter_misc":{"Kirjoittanut":"Silja","Arvioitu lukuaika":"3 minuuttia"},"schema":{"@context":"https:\/\/schema.org","@graph":[{"@type":"Article","@id":"https:\/\/siljakeranen.fi\/blogi\/talvivaara-suljetaan-mita-kainuun-tai-kainuulle-pitaisi-nyt-tehda\/#article","isPartOf":{"@id":"https:\/\/siljakeranen.fi\/blogi\/talvivaara-suljetaan-mita-kainuun-tai-kainuulle-pitaisi-nyt-tehda\/"},"author":{"name":"Silja","@id":"https:\/\/siljakeranen.fi\/blogi\/#\/schema\/person\/d43605ef0d5681c1b27a4ba1fede1cf4"},"headline":"Talvivaara suljetaan \u2013 mit\u00e4 Kainuun tai Kainuulle pit\u00e4isi nyt tehd\u00e4?","datePublished":"2016-05-25T14:55:57+00:00","dateModified":"2019-01-11T09:43:20+00:00","mainEntityOfPage":{"@id":"https:\/\/siljakeranen.fi\/blogi\/talvivaara-suljetaan-mita-kainuun-tai-kainuulle-pitaisi-nyt-tehda\/"},"wordCount":642,"commentCount":0,"publisher":{"@id":"https:\/\/siljakeranen.fi\/blogi\/#\/schema\/person\/d43605ef0d5681c1b27a4ba1fede1cf4"},"articleSection":["Kainuu","Kaivokset","Kajaani","Politiikka","Terrafame \/ Talvivaara","Vihre\u00e4t","Ymp\u00e4rist\u00f6","Yritt\u00e4jyys &amp; elinkeinot"],"inLanguage":"fi","potentialAction":[{"@type":"CommentAction","name":"Comment","target":["https:\/\/siljakeranen.fi\/blogi\/talvivaara-suljetaan-mita-kainuun-tai-kainuulle-pitaisi-nyt-tehda\/#respond"]}]},{"@type":"WebPage","@id":"https:\/\/siljakeranen.fi\/blogi\/talvivaara-suljetaan-mita-kainuun-tai-kainuulle-pitaisi-nyt-tehda\/","url":"https:\/\/siljakeranen.fi\/blogi\/talvivaara-suljetaan-mita-kainuun-tai-kainuulle-pitaisi-nyt-tehda\/","name":"Talvivaara suljetaan \u2013 mit\u00e4 Kainuun tai Kainuulle pit\u00e4isi nyt tehd\u00e4? - Silja Ker\u00e4nen","isPartOf":{"@id":"https:\/\/siljakeranen.fi\/blogi\/#website"},"datePublished":"2016-05-25T14:55:57+00:00","dateModified":"2019-01-11T09:43:20+00:00","breadcrumb":{"@id":"https:\/\/siljakeranen.fi\/blogi\/talvivaara-suljetaan-mita-kainuun-tai-kainuulle-pitaisi-nyt-tehda\/#breadcrumb"},"inLanguage":"fi","potentialAction":[{"@type":"ReadAction","target":["https:\/\/siljakeranen.fi\/blogi\/talvivaara-suljetaan-mita-kainuun-tai-kainuulle-pitaisi-nyt-tehda\/"]}]},{"@type":"BreadcrumbList","@id":"https:\/\/siljakeranen.fi\/blogi\/talvivaara-suljetaan-mita-kainuun-tai-kainuulle-pitaisi-nyt-tehda\/#breadcrumb","itemListElement":[{"@type":"ListItem","position":1,"name":"Etusivu","item":"https:\/\/siljakeranen.fi\/blogi\/"},{"@type":"ListItem","position":2,"name":"Talvivaara suljetaan \u2013 mit\u00e4 Kainuun tai Kainuulle pit\u00e4isi nyt tehd\u00e4?"}]},{"@type":"WebSite","@id":"https:\/\/siljakeranen.fi\/blogi\/#website","url":"https:\/\/siljakeranen.fi\/blogi\/","name":"Silja Ker\u00e4nen","description":"Silja Ker\u00e4nen, kainuulainen vihre\u00e4 poliitikko","publisher":{"@id":"https:\/\/siljakeranen.fi\/blogi\/#\/schema\/person\/d43605ef0d5681c1b27a4ba1fede1cf4"},"potentialAction":[{"@type":"SearchAction","target":{"@type":"EntryPoint","urlTemplate":"https:\/\/siljakeranen.fi\/blogi\/?s={search_term_string}"},"query-input":{"@type":"PropertyValueSpecification","valueRequired":true,"valueName":"search_term_string"}}],"inLanguage":"fi"},{"@type":["Person","Organization"],"@id":"https:\/\/siljakeranen.fi\/blogi\/#\/schema\/person\/d43605ef0d5681c1b27a4ba1fede1cf4","name":"Silja","image":{"@type":"ImageObject","inLanguage":"fi","@id":"https:\/\/siljakeranen.fi\/blogi\/wp-content\/uploads\/2023\/01\/cropped-silja_250x100.png","url":"https:\/\/siljakeranen.fi\/blogi\/wp-content\/uploads\/2023\/01\/cropped-silja_250x100.png","contentUrl":"https:\/\/siljakeranen.fi\/blogi\/wp-content\/uploads\/2023\/01\/cropped-silja_250x100.png","width":250,"height":100,"caption":"Silja"},"logo":{"@id":"https:\/\/siljakeranen.fi\/blogi\/wp-content\/uploads\/2023\/01\/cropped-silja_250x100.png"},"sameAs":["http:\/\/www.siljakeranen.fi","https:\/\/www.facebook.com\/siljamkeranen","https:\/\/www.instagram.com\/siljakeranen\/","https:\/\/www.linkedin.com\/in\/silja-kernen-4331b548\/","https:\/\/x.com\/https:\/\/twitter.com\/SiljaMP","https:\/\/www.youtube.com\/channel\/UC0MWeuoWP4-Mjs1z8pIv3GQ","https:\/\/fi.wikipedia.org\/wiki\/Silja_Kernen"],"url":"https:\/\/siljakeranen.fi\/blogi\/author\/admin\/"}]}},"_links":{"self":[{"href":"https:\/\/siljakeranen.fi\/blogi\/wp-json\/wp\/v2\/posts\/941","targetHints":{"allow":["GET"]}}],"collection":[{"href":"https:\/\/siljakeranen.fi\/blogi\/wp-json\/wp\/v2\/posts"}],"about":[{"href":"https:\/\/siljakeranen.fi\/blogi\/wp-json\/wp\/v2\/types\/post"}],"author":[{"embeddable":true,"href":"https:\/\/siljakeranen.fi\/blogi\/wp-json\/wp\/v2\/users\/1"}],"replies":[{"embeddable":true,"href":"https:\/\/siljakeranen.fi\/blogi\/wp-json\/wp\/v2\/comments?post=941"}],"version-history":[{"count":1,"href":"https:\/\/siljakeranen.fi\/blogi\/wp-json\/wp\/v2\/posts\/941\/revisions"}],"predecessor-version":[{"id":942,"href":"https:\/\/siljakeranen.fi\/blogi\/wp-json\/wp\/v2\/posts\/941\/revisions\/942"}],"wp:attachment":[{"href":"https:\/\/siljakeranen.fi\/blogi\/wp-json\/wp\/v2\/media?parent=941"}],"wp:term":[{"taxonomy":"category","embeddable":true,"href":"https:\/\/siljakeranen.fi\/blogi\/wp-json\/wp\/v2\/categories?post=941"},{"taxonomy":"post_tag","embeddable":true,"href":"https:\/\/siljakeranen.fi\/blogi\/wp-json\/wp\/v2\/tags?post=941"}],"curies":[{"name":"wp","href":"https:\/\/api.w.org\/{rel}","templated":true}]}}