{"id":944,"date":"2016-06-07T21:09:07","date_gmt":"2016-06-07T18:09:07","guid":{"rendered":"http:\/\/siljakeranen.fi\/blogi\/?p=944"},"modified":"2019-01-11T11:42:45","modified_gmt":"2019-01-11T09:42:45","slug":"arjan-tulevaisuus","status":"publish","type":"post","link":"https:\/\/siljakeranen.fi\/blogi\/arjan-tulevaisuus\/","title":{"rendered":"\u00c4rj\u00e4n tulevaisuus"},"content":{"rendered":"<p>Kaupunginhallitus k\u00e4sitteli \u00c4rj\u00e4nsaaren omistusneuvotteluita <a href=\"http:\/\/www.kainuunsanomat.fi\/kainuun-sanomat\/kainuu\/kajaani-ei-hanki-arjansaarta\/\" target=\"_blank\" rel=\"noopener\">kokouksessaan 31.5<\/a>. N\u00e4in siksi, kun helmikuussa yhdeks\u00e4n valtuutettua teki valtuustoaloitteen, jossa kaupunkia kehotettiin k\u00e4ynnist\u00e4m\u00e4\u00e4n neuvottelut saaren omistusj\u00e4rjestelyist\u00e4. Aloitteen taustalla oli UPMn tekem\u00e4t ja onneksi keskeytt\u00e4m\u00e4t \u00c4rj\u00e4n hakkuut sek\u00e4 huoli aivan ainutlaatuisen saaren kohtalosta.<\/p>\n<p>Valtuustoaloitteen johdosta kaupunki l\u00e4hetti kyselyn UPMlle saaren hankkimiseksi. Vastauksessaan UPM pyysi, ett\u00e4 heid\u00e4n hintapyynt\u00f6\u00e4\u00e4n ei kerrota julkisuuteen. Kovin kummoinen matemaatikko ei kuitenkaan tarvitse olla kyet\u00e4kseen laskemaan kaupunginhallituksen esityslistatekstist\u00e4, ett\u00e4 hintapyynt\u00f6 oli noin 2,25 \u2013 2,8 miljoonaa euroa.<\/p>\n<p>Saaresta, jonka arvoja ei voi realisoida rahaksi, se on aivan kohtuuton. Ottaen huomioon senkin, ett\u00e4 \u00c4rj\u00e4 on UPMll\u00e4 Kajaani Oy:n peruja, kun Kajaanin puutavaraosakeyhti\u00f6 osti sen toimitusjohtajaltaan 65 000 markalla vuonna 1919 (nykyrahassa noin 25 600 \u20ac). Ja saari on nimenomaan ollut tehtaan ty\u00f6ntekij\u00f6it\u00e4 varten, heid\u00e4n virkistyksekseen ja hyvinvoinnikseen. Nyt t\u00e4ll\u00e4 upealla saarella yritet\u00e4\u00e4n rahastaa.<\/p>\n<p><img loading=\"lazy\" decoding=\"async\" class=\"aligncenter size-medium wp-image-945\" src=\"http:\/\/siljakeranen.fi\/blogi\/wp-content\/uploads\/2016\/06\/IMG_1996-A\u0308rja\u0308-300x212.jpg\" alt=\"IMG_1996-A\u0308rja\u0308\" width=\"300\" height=\"212\" srcset=\"https:\/\/siljakeranen.fi\/blogi\/wp-content\/uploads\/2016\/06\/IMG_1996-A\u0308rja\u0308-300x212.jpg 300w, https:\/\/siljakeranen.fi\/blogi\/wp-content\/uploads\/2016\/06\/IMG_1996-A\u0308rja\u0308-768x542.jpg 768w, https:\/\/siljakeranen.fi\/blogi\/wp-content\/uploads\/2016\/06\/IMG_1996-A\u0308rja\u0308-1024x723.jpg 1024w\" sizes=\"auto, (max-width: 300px) 100vw, 300px\" \/><\/p>\n<p>Pyydetyll\u00e4 hinnalla kaupungin ei mielest\u00e4ni kannata saarta ostaa. Mutta minusta neuvottelut tarkoittavat sit\u00e4, ett\u00e4 asiaa pallotellaan puolelta toiselle useaan kertaan. Nyt kysyttiin kerran, saatiin vastaus, ja todettiin, ett\u00e4 ei. Esitin kaupunginhallituksen kokouksessa: Kaupunginhallitus jatkaa neuvotteluja, mutta toteaa ett\u00e4 esitetty hinta on liian korkea. T\u00e4m\u00e4 esitys raukesi kannattamattomana.<\/p>\n<p>Ymm\u00e4rrett\u00e4v\u00e4sti kaupungin ja meid\u00e4n p\u00e4\u00e4tt\u00e4jien pit\u00e4\u00e4 my\u00f6s ajatella k\u00e4ytt\u00f6taloutta, eli sit\u00e4 mihin veronmaksajien rahaa k\u00e4ytet\u00e4\u00e4n. \u00c4rj\u00e4n osalta esityslistatekstiss\u00e4 oli arvioitu, ett\u00e4 vuotuiset yll\u00e4pitokulut ovat noin 125 000 euroa, ja vaihtomaan my\u00f6t\u00e4 hakkuutulojen menetykset noin 125 000 euroa, eli yhteens\u00e4 nettokustannukset olisivat noin 200 \u2013 250 000 euroa vuodessa. Kauppa toteutettaisiin siis maanvaihtona, jolloin kaupunki menett\u00e4isi hakkuutuloja UPM:lle luovuttamastaan vaihtomaasta. Kun kauppahinta olisi tuota noin 2,5 miljoonaa pienempi, my\u00f6s vaihtomaata tarvitsisi v\u00e4hemm\u00e4n. Ja siten hakkuutulojen menetys olisi pienempi. Yll\u00e4pitokuluihin pit\u00e4isi pyrki\u00e4 l\u00f6yt\u00e4m\u00e4\u00e4n jotain muitakin vaihtoehtoja kuin suora kaupungin rahoitus. \u00c4kkiselt\u00e4\u00e4n tulisi mieleen hankeraha, joukkorahoitus, ja\/tai matkailuyritt\u00e4jien kanssa yhteisty\u00f6ss\u00e4 tekeminen.<\/p>\n<p>Saaren tulevaisuus mietitytt\u00e4\u00e4 todella. N\u00e4en, ett\u00e4 noin ainutlaatuinen saari ja viel\u00e4 tuollaisella historialla, kuuluisi julkiseen omistukseen. UPM on ollut ihan hyv\u00e4 omistaja, joka on mahdollistanut saaren virkistysk\u00e4yt\u00f6n jatkumisen ja joka aidosti ja osallistavasti suunnitteli hakkuita sek\u00e4 muuta saaren hoitoa. Mutta kun yhti\u00f6 haluaa saaresta eroon, n\u00e4en julkisen omistajan saarelle parhaana ratkaisuna. T\u00e4ss\u00e4 ei oikeastaan voi muuta toivoa, kun ett\u00e4 UPM tulisi hintapyynn\u00f6ss\u00e4\u00e4n roimasti vastaan ja ett\u00e4 kaupunki haluaisi sen kuulla eli jatkaa neuvotteluja.<\/p>\n<p>Silja Ker\u00e4nen<br \/>\nKaupunginvaltuutettu, kaupunginhallituksen j\u00e4sen (vihr.)<br \/>\nKajaani<\/p>\n<p>&#8212;&#8212;<br \/>\n<em>Julkaistu Kainuun Sanomissa 7.6.2016.<\/em><\/p>\n<div style=\"padding-bottom:20px; padding-top:10px;\" class=\"hupso-share-buttons\"><!-- Hupso Share Buttons - https:\/\/www.hupso.com\/share\/ --><a class=\"hupso_counters\" href=\"https:\/\/www.hupso.com\/share\/\"><img decoding=\"async\" src=\"https:\/\/static.hupso.com\/share\/buttons\/share-small.png\" style=\"border:0px; padding-top:2px; float:left;\" alt=\"Share Button\"\/><\/a><script type=\"text\/javascript\">var hupso_services_c=new Array(\"twitter\",\"facebook_like\",\"facebook_send\",\"google\");var hupso_counters_lang = \"en_US\";var hupso_image_folder_url = \"\";var hupso_url_c=\"\";var hupso_title_c=\"%C3%84rj%C3%A4n%20tulevaisuus\";<\/script><script type=\"text\/javascript\" src=\"https:\/\/static.hupso.com\/share\/js\/counters.js\"><\/script><!-- Hupso Share Buttons --><\/div>","protected":false},"excerpt":{"rendered":"<p>Kaupunginhallitus k\u00e4sitteli \u00c4rj\u00e4nsaaren omistusneuvotteluita kokouksessaan 31.5. N\u00e4in siksi, kun helmikuussa yhdeks\u00e4n valtuutettua teki valtuustoaloitteen, jossa kaupunkia kehotettiin k\u00e4ynnist\u00e4m\u00e4\u00e4n neuvottelut saaren omistusj\u00e4rjestelyist\u00e4. Aloitteen taustalla oli UPMn tekem\u00e4t ja onneksi keskeytt\u00e4m\u00e4t \u00c4rj\u00e4n hakkuut sek\u00e4 huoli aivan ainutlaatuisen saaren kohtalosta. Valtuustoaloitteen johdosta kaupunki l\u00e4hetti kyselyn UPMlle saaren hankkimiseksi. Vastauksessaan UPM pyysi, ett\u00e4 heid\u00e4n hintapyynt\u00f6\u00e4\u00e4n ei kerrota julkisuuteen. Kovin [&hellip;]<\/p>\n<div style=\"padding-bottom:20px; padding-top:10px;\" class=\"hupso-share-buttons\"><!-- Hupso Share Buttons - https:\/\/www.hupso.com\/share\/ --><a class=\"hupso_counters\" href=\"https:\/\/www.hupso.com\/share\/\"><img src=\"https:\/\/static.hupso.com\/share\/buttons\/share-small.png\" style=\"border:0px; padding-top:2px; float:left;\" alt=\"Share Button\"\/><\/a><script type=\"text\/javascript\">var hupso_services_c=new Array(\"twitter\",\"facebook_like\",\"facebook_send\",\"google\");var hupso_counters_lang = \"en_US\";var hupso_image_folder_url = \"\";var hupso_url_c=\"\";var hupso_title_c=\"%C3%84rj%C3%A4n%20tulevaisuus\";<\/script><script type=\"text\/javascript\" src=\"https:\/\/static.hupso.com\/share\/js\/counters.js\"><\/script><!-- Hupso Share Buttons --><\/div>","protected":false},"author":1,"featured_media":0,"comment_status":"open","ping_status":"closed","sticky":false,"template":"","format":"standard","meta":{"ngg_post_thumbnail":0,"footnotes":""},"categories":[7,8,9,29,20,21,10,5],"tags":[],"class_list":["post-944","post","type-post","status-publish","format-standard","hentry","category-kainuu","category-kajaani","category-kaupunginhallitus","category-maailmanparannus","category-metsa","category-valtuustoaloite","category-vihreat","category-ymparisto"],"yoast_head":"<!-- This site is optimized with the Yoast SEO plugin v27.3 - https:\/\/yoast.com\/product\/yoast-seo-wordpress\/ -->\n<title>\u00c4rj\u00e4n tulevaisuus - Silja Ker\u00e4nen<\/title>\n<meta name=\"robots\" content=\"index, follow, max-snippet:-1, max-image-preview:large, max-video-preview:-1\" \/>\n<link rel=\"canonical\" href=\"https:\/\/siljakeranen.fi\/blogi\/arjan-tulevaisuus\/\" \/>\n<meta property=\"og:locale\" content=\"fi_FI\" \/>\n<meta property=\"og:type\" content=\"article\" \/>\n<meta property=\"og:title\" content=\"\u00c4rj\u00e4n tulevaisuus - Silja Ker\u00e4nen\" \/>\n<meta property=\"og:description\" content=\"Kaupunginhallitus k\u00e4sitteli \u00c4rj\u00e4nsaaren omistusneuvotteluita kokouksessaan 31.5. N\u00e4in siksi, kun helmikuussa yhdeks\u00e4n valtuutettua teki valtuustoaloitteen, jossa kaupunkia kehotettiin k\u00e4ynnist\u00e4m\u00e4\u00e4n neuvottelut saaren omistusj\u00e4rjestelyist\u00e4. Aloitteen taustalla oli UPMn tekem\u00e4t ja onneksi keskeytt\u00e4m\u00e4t \u00c4rj\u00e4n hakkuut sek\u00e4 huoli aivan ainutlaatuisen saaren kohtalosta. Valtuustoaloitteen johdosta kaupunki l\u00e4hetti kyselyn UPMlle saaren hankkimiseksi. Vastauksessaan UPM pyysi, ett\u00e4 heid\u00e4n hintapyynt\u00f6\u00e4\u00e4n ei kerrota julkisuuteen. Kovin [&hellip;]\" \/>\n<meta property=\"og:url\" content=\"https:\/\/siljakeranen.fi\/blogi\/arjan-tulevaisuus\/\" \/>\n<meta property=\"og:site_name\" content=\"Silja Ker\u00e4nen\" \/>\n<meta property=\"article:publisher\" content=\"https:\/\/www.facebook.com\/siljamkeranen\" \/>\n<meta property=\"article:author\" content=\"https:\/\/www.facebook.com\/siljamkeranen\" \/>\n<meta property=\"article:published_time\" content=\"2016-06-07T18:09:07+00:00\" \/>\n<meta property=\"article:modified_time\" content=\"2019-01-11T09:42:45+00:00\" \/>\n<meta property=\"og:image\" content=\"http:\/\/siljakeranen.fi\/blogi\/wp-content\/uploads\/2016\/06\/IMG_1996-A\u0308rja\u0308-300x212.jpg\" \/>\n<meta name=\"author\" content=\"Silja\" \/>\n<meta name=\"twitter:card\" content=\"summary_large_image\" \/>\n<meta name=\"twitter:creator\" content=\"@https:\/\/twitter.com\/SiljaMP\" \/>\n<meta name=\"twitter:site\" content=\"@SiljaMP\" \/>\n<meta name=\"twitter:label1\" content=\"Kirjoittanut\" \/>\n\t<meta name=\"twitter:data1\" content=\"Silja\" \/>\n\t<meta name=\"twitter:label2\" content=\"Arvioitu lukuaika\" \/>\n\t<meta name=\"twitter:data2\" content=\"2 minuuttia\" \/>\n<script type=\"application\/ld+json\" class=\"yoast-schema-graph\">{\"@context\":\"https:\\\/\\\/schema.org\",\"@graph\":[{\"@type\":\"Article\",\"@id\":\"https:\\\/\\\/siljakeranen.fi\\\/blogi\\\/arjan-tulevaisuus\\\/#article\",\"isPartOf\":{\"@id\":\"https:\\\/\\\/siljakeranen.fi\\\/blogi\\\/arjan-tulevaisuus\\\/\"},\"author\":{\"name\":\"Silja\",\"@id\":\"https:\\\/\\\/siljakeranen.fi\\\/blogi\\\/#\\\/schema\\\/person\\\/d43605ef0d5681c1b27a4ba1fede1cf4\"},\"headline\":\"\u00c4rj\u00e4n tulevaisuus\",\"datePublished\":\"2016-06-07T18:09:07+00:00\",\"dateModified\":\"2019-01-11T09:42:45+00:00\",\"mainEntityOfPage\":{\"@id\":\"https:\\\/\\\/siljakeranen.fi\\\/blogi\\\/arjan-tulevaisuus\\\/\"},\"wordCount\":403,\"commentCount\":0,\"publisher\":{\"@id\":\"https:\\\/\\\/siljakeranen.fi\\\/blogi\\\/#\\\/schema\\\/person\\\/d43605ef0d5681c1b27a4ba1fede1cf4\"},\"articleSection\":[\"Kainuu\",\"Kajaani\",\"Kaupunginhallitus\",\"Maailmanparannus\",\"Mets\u00e4\",\"Valtuustoaloite\",\"Vihre\u00e4t\",\"Ymp\u00e4rist\u00f6\"],\"inLanguage\":\"fi\",\"potentialAction\":[{\"@type\":\"CommentAction\",\"name\":\"Comment\",\"target\":[\"https:\\\/\\\/siljakeranen.fi\\\/blogi\\\/arjan-tulevaisuus\\\/#respond\"]}]},{\"@type\":\"WebPage\",\"@id\":\"https:\\\/\\\/siljakeranen.fi\\\/blogi\\\/arjan-tulevaisuus\\\/\",\"url\":\"https:\\\/\\\/siljakeranen.fi\\\/blogi\\\/arjan-tulevaisuus\\\/\",\"name\":\"\u00c4rj\u00e4n tulevaisuus - Silja Ker\u00e4nen\",\"isPartOf\":{\"@id\":\"https:\\\/\\\/siljakeranen.fi\\\/blogi\\\/#website\"},\"datePublished\":\"2016-06-07T18:09:07+00:00\",\"dateModified\":\"2019-01-11T09:42:45+00:00\",\"breadcrumb\":{\"@id\":\"https:\\\/\\\/siljakeranen.fi\\\/blogi\\\/arjan-tulevaisuus\\\/#breadcrumb\"},\"inLanguage\":\"fi\",\"potentialAction\":[{\"@type\":\"ReadAction\",\"target\":[\"https:\\\/\\\/siljakeranen.fi\\\/blogi\\\/arjan-tulevaisuus\\\/\"]}]},{\"@type\":\"BreadcrumbList\",\"@id\":\"https:\\\/\\\/siljakeranen.fi\\\/blogi\\\/arjan-tulevaisuus\\\/#breadcrumb\",\"itemListElement\":[{\"@type\":\"ListItem\",\"position\":1,\"name\":\"Etusivu\",\"item\":\"https:\\\/\\\/siljakeranen.fi\\\/blogi\\\/\"},{\"@type\":\"ListItem\",\"position\":2,\"name\":\"\u00c4rj\u00e4n tulevaisuus\"}]},{\"@type\":\"WebSite\",\"@id\":\"https:\\\/\\\/siljakeranen.fi\\\/blogi\\\/#website\",\"url\":\"https:\\\/\\\/siljakeranen.fi\\\/blogi\\\/\",\"name\":\"Silja Ker\u00e4nen\",\"description\":\"Silja Ker\u00e4nen, kainuulainen vihre\u00e4 poliitikko\",\"publisher\":{\"@id\":\"https:\\\/\\\/siljakeranen.fi\\\/blogi\\\/#\\\/schema\\\/person\\\/d43605ef0d5681c1b27a4ba1fede1cf4\"},\"potentialAction\":[{\"@type\":\"SearchAction\",\"target\":{\"@type\":\"EntryPoint\",\"urlTemplate\":\"https:\\\/\\\/siljakeranen.fi\\\/blogi\\\/?s={search_term_string}\"},\"query-input\":{\"@type\":\"PropertyValueSpecification\",\"valueRequired\":true,\"valueName\":\"search_term_string\"}}],\"inLanguage\":\"fi\"},{\"@type\":[\"Person\",\"Organization\"],\"@id\":\"https:\\\/\\\/siljakeranen.fi\\\/blogi\\\/#\\\/schema\\\/person\\\/d43605ef0d5681c1b27a4ba1fede1cf4\",\"name\":\"Silja\",\"image\":{\"@type\":\"ImageObject\",\"inLanguage\":\"fi\",\"@id\":\"https:\\\/\\\/siljakeranen.fi\\\/blogi\\\/wp-content\\\/uploads\\\/2023\\\/01\\\/cropped-silja_250x100.png\",\"url\":\"https:\\\/\\\/siljakeranen.fi\\\/blogi\\\/wp-content\\\/uploads\\\/2023\\\/01\\\/cropped-silja_250x100.png\",\"contentUrl\":\"https:\\\/\\\/siljakeranen.fi\\\/blogi\\\/wp-content\\\/uploads\\\/2023\\\/01\\\/cropped-silja_250x100.png\",\"width\":250,\"height\":100,\"caption\":\"Silja\"},\"logo\":{\"@id\":\"https:\\\/\\\/siljakeranen.fi\\\/blogi\\\/wp-content\\\/uploads\\\/2023\\\/01\\\/cropped-silja_250x100.png\"},\"sameAs\":[\"http:\\\/\\\/www.siljakeranen.fi\",\"https:\\\/\\\/www.facebook.com\\\/siljamkeranen\",\"https:\\\/\\\/www.instagram.com\\\/siljakeranen\\\/\",\"https:\\\/\\\/www.linkedin.com\\\/in\\\/silja-kernen-4331b548\\\/\",\"https:\\\/\\\/x.com\\\/https:\\\/\\\/twitter.com\\\/SiljaMP\",\"https:\\\/\\\/www.youtube.com\\\/channel\\\/UC0MWeuoWP4-Mjs1z8pIv3GQ\",\"https:\\\/\\\/fi.wikipedia.org\\\/wiki\\\/Silja_Kernen\"],\"url\":\"https:\\\/\\\/siljakeranen.fi\\\/blogi\\\/author\\\/admin\\\/\"}]}<\/script>\n<!-- \/ Yoast SEO plugin. -->","yoast_head_json":{"title":"\u00c4rj\u00e4n tulevaisuus - Silja Ker\u00e4nen","robots":{"index":"index","follow":"follow","max-snippet":"max-snippet:-1","max-image-preview":"max-image-preview:large","max-video-preview":"max-video-preview:-1"},"canonical":"https:\/\/siljakeranen.fi\/blogi\/arjan-tulevaisuus\/","og_locale":"fi_FI","og_type":"article","og_title":"\u00c4rj\u00e4n tulevaisuus - Silja Ker\u00e4nen","og_description":"Kaupunginhallitus k\u00e4sitteli \u00c4rj\u00e4nsaaren omistusneuvotteluita kokouksessaan 31.5. N\u00e4in siksi, kun helmikuussa yhdeks\u00e4n valtuutettua teki valtuustoaloitteen, jossa kaupunkia kehotettiin k\u00e4ynnist\u00e4m\u00e4\u00e4n neuvottelut saaren omistusj\u00e4rjestelyist\u00e4. Aloitteen taustalla oli UPMn tekem\u00e4t ja onneksi keskeytt\u00e4m\u00e4t \u00c4rj\u00e4n hakkuut sek\u00e4 huoli aivan ainutlaatuisen saaren kohtalosta. Valtuustoaloitteen johdosta kaupunki l\u00e4hetti kyselyn UPMlle saaren hankkimiseksi. Vastauksessaan UPM pyysi, ett\u00e4 heid\u00e4n hintapyynt\u00f6\u00e4\u00e4n ei kerrota julkisuuteen. Kovin [&hellip;]","og_url":"https:\/\/siljakeranen.fi\/blogi\/arjan-tulevaisuus\/","og_site_name":"Silja Ker\u00e4nen","article_publisher":"https:\/\/www.facebook.com\/siljamkeranen","article_author":"https:\/\/www.facebook.com\/siljamkeranen","article_published_time":"2016-06-07T18:09:07+00:00","article_modified_time":"2019-01-11T09:42:45+00:00","og_image":[{"url":"http:\/\/siljakeranen.fi\/blogi\/wp-content\/uploads\/2016\/06\/IMG_1996-A\u0308rja\u0308-300x212.jpg","type":"","width":"","height":""}],"author":"Silja","twitter_card":"summary_large_image","twitter_creator":"@https:\/\/twitter.com\/SiljaMP","twitter_site":"@SiljaMP","twitter_misc":{"Kirjoittanut":"Silja","Arvioitu lukuaika":"2 minuuttia"},"schema":{"@context":"https:\/\/schema.org","@graph":[{"@type":"Article","@id":"https:\/\/siljakeranen.fi\/blogi\/arjan-tulevaisuus\/#article","isPartOf":{"@id":"https:\/\/siljakeranen.fi\/blogi\/arjan-tulevaisuus\/"},"author":{"name":"Silja","@id":"https:\/\/siljakeranen.fi\/blogi\/#\/schema\/person\/d43605ef0d5681c1b27a4ba1fede1cf4"},"headline":"\u00c4rj\u00e4n tulevaisuus","datePublished":"2016-06-07T18:09:07+00:00","dateModified":"2019-01-11T09:42:45+00:00","mainEntityOfPage":{"@id":"https:\/\/siljakeranen.fi\/blogi\/arjan-tulevaisuus\/"},"wordCount":403,"commentCount":0,"publisher":{"@id":"https:\/\/siljakeranen.fi\/blogi\/#\/schema\/person\/d43605ef0d5681c1b27a4ba1fede1cf4"},"articleSection":["Kainuu","Kajaani","Kaupunginhallitus","Maailmanparannus","Mets\u00e4","Valtuustoaloite","Vihre\u00e4t","Ymp\u00e4rist\u00f6"],"inLanguage":"fi","potentialAction":[{"@type":"CommentAction","name":"Comment","target":["https:\/\/siljakeranen.fi\/blogi\/arjan-tulevaisuus\/#respond"]}]},{"@type":"WebPage","@id":"https:\/\/siljakeranen.fi\/blogi\/arjan-tulevaisuus\/","url":"https:\/\/siljakeranen.fi\/blogi\/arjan-tulevaisuus\/","name":"\u00c4rj\u00e4n tulevaisuus - Silja Ker\u00e4nen","isPartOf":{"@id":"https:\/\/siljakeranen.fi\/blogi\/#website"},"datePublished":"2016-06-07T18:09:07+00:00","dateModified":"2019-01-11T09:42:45+00:00","breadcrumb":{"@id":"https:\/\/siljakeranen.fi\/blogi\/arjan-tulevaisuus\/#breadcrumb"},"inLanguage":"fi","potentialAction":[{"@type":"ReadAction","target":["https:\/\/siljakeranen.fi\/blogi\/arjan-tulevaisuus\/"]}]},{"@type":"BreadcrumbList","@id":"https:\/\/siljakeranen.fi\/blogi\/arjan-tulevaisuus\/#breadcrumb","itemListElement":[{"@type":"ListItem","position":1,"name":"Etusivu","item":"https:\/\/siljakeranen.fi\/blogi\/"},{"@type":"ListItem","position":2,"name":"\u00c4rj\u00e4n tulevaisuus"}]},{"@type":"WebSite","@id":"https:\/\/siljakeranen.fi\/blogi\/#website","url":"https:\/\/siljakeranen.fi\/blogi\/","name":"Silja Ker\u00e4nen","description":"Silja Ker\u00e4nen, kainuulainen vihre\u00e4 poliitikko","publisher":{"@id":"https:\/\/siljakeranen.fi\/blogi\/#\/schema\/person\/d43605ef0d5681c1b27a4ba1fede1cf4"},"potentialAction":[{"@type":"SearchAction","target":{"@type":"EntryPoint","urlTemplate":"https:\/\/siljakeranen.fi\/blogi\/?s={search_term_string}"},"query-input":{"@type":"PropertyValueSpecification","valueRequired":true,"valueName":"search_term_string"}}],"inLanguage":"fi"},{"@type":["Person","Organization"],"@id":"https:\/\/siljakeranen.fi\/blogi\/#\/schema\/person\/d43605ef0d5681c1b27a4ba1fede1cf4","name":"Silja","image":{"@type":"ImageObject","inLanguage":"fi","@id":"https:\/\/siljakeranen.fi\/blogi\/wp-content\/uploads\/2023\/01\/cropped-silja_250x100.png","url":"https:\/\/siljakeranen.fi\/blogi\/wp-content\/uploads\/2023\/01\/cropped-silja_250x100.png","contentUrl":"https:\/\/siljakeranen.fi\/blogi\/wp-content\/uploads\/2023\/01\/cropped-silja_250x100.png","width":250,"height":100,"caption":"Silja"},"logo":{"@id":"https:\/\/siljakeranen.fi\/blogi\/wp-content\/uploads\/2023\/01\/cropped-silja_250x100.png"},"sameAs":["http:\/\/www.siljakeranen.fi","https:\/\/www.facebook.com\/siljamkeranen","https:\/\/www.instagram.com\/siljakeranen\/","https:\/\/www.linkedin.com\/in\/silja-kernen-4331b548\/","https:\/\/x.com\/https:\/\/twitter.com\/SiljaMP","https:\/\/www.youtube.com\/channel\/UC0MWeuoWP4-Mjs1z8pIv3GQ","https:\/\/fi.wikipedia.org\/wiki\/Silja_Kernen"],"url":"https:\/\/siljakeranen.fi\/blogi\/author\/admin\/"}]}},"_links":{"self":[{"href":"https:\/\/siljakeranen.fi\/blogi\/wp-json\/wp\/v2\/posts\/944","targetHints":{"allow":["GET"]}}],"collection":[{"href":"https:\/\/siljakeranen.fi\/blogi\/wp-json\/wp\/v2\/posts"}],"about":[{"href":"https:\/\/siljakeranen.fi\/blogi\/wp-json\/wp\/v2\/types\/post"}],"author":[{"embeddable":true,"href":"https:\/\/siljakeranen.fi\/blogi\/wp-json\/wp\/v2\/users\/1"}],"replies":[{"embeddable":true,"href":"https:\/\/siljakeranen.fi\/blogi\/wp-json\/wp\/v2\/comments?post=944"}],"version-history":[{"count":4,"href":"https:\/\/siljakeranen.fi\/blogi\/wp-json\/wp\/v2\/posts\/944\/revisions"}],"predecessor-version":[{"id":1453,"href":"https:\/\/siljakeranen.fi\/blogi\/wp-json\/wp\/v2\/posts\/944\/revisions\/1453"}],"wp:attachment":[{"href":"https:\/\/siljakeranen.fi\/blogi\/wp-json\/wp\/v2\/media?parent=944"}],"wp:term":[{"taxonomy":"category","embeddable":true,"href":"https:\/\/siljakeranen.fi\/blogi\/wp-json\/wp\/v2\/categories?post=944"},{"taxonomy":"post_tag","embeddable":true,"href":"https:\/\/siljakeranen.fi\/blogi\/wp-json\/wp\/v2\/tags?post=944"}],"curies":[{"name":"wp","href":"https:\/\/api.w.org\/{rel}","templated":true}]}}