{"id":959,"date":"2016-08-30T18:45:22","date_gmt":"2016-08-30T15:45:22","guid":{"rendered":"http:\/\/siljakeranen.fi\/blogi\/?p=959"},"modified":"2016-09-01T11:39:41","modified_gmt":"2016-09-01T08:39:41","slug":"kajaanin-kaupungin-metsasuunnitelma","status":"publish","type":"post","link":"https:\/\/siljakeranen.fi\/blogi\/kajaanin-kaupungin-metsasuunnitelma\/","title":{"rendered":"Kajaanin kaupungin mets\u00e4suunnitelma"},"content":{"rendered":"<p class=\"p1\"><span class=\"s1\">Kaupungin mets\u00e4suunnitelma vuosille 2016-2025 on parhaillaan n\u00e4ht\u00e4vill\u00e4. 31.10 saakka.<br \/>\nNyt on\u00a0aika reagoida ja ottaa kantaa! Siihen, kuinka haluaa kaupungin metsi\u00e4 hoidettavan.\u00a0<\/span><\/p>\n<p class=\"p1\">Suunnitelma l\u00f6ytyy t\u00e4\u00e4lt\u00e4:\u00a0<a href=\"http:\/\/www.kajaani.fi\/fi\/palvelut\/ymparisto-ja-luonto\/metsat\" target=\"_blank\">http:\/\/www.kajaani.fi\/fi\/palvelut\/ymparisto-ja-luonto\/metsat<br \/>\n<\/a>sek\u00e4 Kajaani infosta kansioissa.<\/p>\n<p class=\"p1\"><span class=\"s1\">Suunnitelma on valtava &#8211; yhteens\u00e4 3665 sivua. Mets\u00e4talousmaata kaupungilla on noin 6000 hehtaaria.<br \/>\nSuunnitelma on sis\u00e4ll\u00f6lt\u00e4\u00e4n, sanoisinko nyt, ett\u00e4 aika kamala\u00a0&#8211; siell\u00e4 on alunperin suunniteltu avohakkuita esimerkiksi Rehjan saareen, Vimpelinvaaran reunoille, Pikku-Vimpelin rannoille ja Ruuhij\u00e4rven rannoille. N\u00e4m\u00e4 eiv\u00e4t ole ONNEKSI kuitenkaan toteutumassa. Mutta, suunnitelma on\u00a0tehty todellakin tehomets\u00e4talousn\u00e4k\u00f6kulmasta sen tarkemmin miettim\u00e4tt\u00e4 miss\u00e4 ko. kohde sijaitsee. Aukkoja ja voimakkaita harvennuksia on suunniteltu kohtiin, johon ne asutuksen, luontoarvojen tai virkistysk\u00e4yt\u00f6n n\u00e4k\u00f6kulmasta eiv\u00e4t sovi. Siksi on \u00e4\u00e4rimm\u00e4isen t\u00e4rke\u00e4\u00e4, ett\u00e4 me kaupunkilaiset otamme t\u00e4h\u00e4n kantaa.<\/span><\/p>\n<p class=\"p1\">T\u00e4ss\u00e4\u00a0kirjoituksessa on kolme p\u00e4\u00e4kohtaa.<br \/>\n1. Omia mielipiteit\u00e4ni siit\u00e4, kuinka kaupungin metsi\u00e4 yleens\u00e4 pit\u00e4isi hoitaa<br \/>\n2.\u00a0Muistiin prosessi, kuinka t\u00e4t\u00e4 mets\u00e4suunnitelmaa on t\u00e4h\u00e4n menness\u00e4 tehty, mit\u00e4 asioita on saatu paremmalle tolalle ja kuinka t\u00e4m\u00e4 kannattaisi tehd\u00e4 seuraavalla kerralla.<br \/>\n3. Lohko- ja kuviokohtaiset huomiot suunnitteluista mets\u00e4taloustoimenpiteist\u00e4.<\/p>\n<p class=\"p1\">Aloitetaan. \ud83d\ude42<\/p>\n<p><strong><span style=\"text-decoration: underline;\">1. Kuinka kaupungin metsi\u00e4 tulisi hoitaa<\/span><\/strong><\/p>\n<p><span style=\"text-decoration: underline;\">Muitakin arvoja<\/span><br \/>\nEnsinn\u00e4kin on t\u00e4rke\u00e4\u00e4 ymm\u00e4rt\u00e4\u00e4, ett\u00e4 mets\u00e4t ovat muutakin kuin puutavaran tuotantoa. Ne ovat monen lajin elinymp\u00e4rist\u00f6 ja ihmisten virkistyksen kohde.\u00a0N\u00e4m\u00e4 ovat t\u00e4rkeit\u00e4 asioita &#8211; luonto itsess\u00e4\u00e4n ja se, kuinka se antaa ihmisille voimaa.<\/p>\n<p>Luonto- ja virkistysarvot on huomioitava kaupungin mets\u00e4taloussuunnitelmassa. Se on kaupungin etu, my\u00f6s taloudellisesti, kun kaupunkilaiset liikkuvat metsiss\u00e4mme. Mit\u00e4 enemm\u00e4n, sen parempi.<\/p>\n<p><span style=\"text-decoration: underline;\">Jatkuva kasvatus<\/span><br \/>\nMets\u00e4nk\u00e4sittelytavoissa on my\u00f6s parannettavaa. Jatkuvaa kasvatusta kannattaisi ottaa kaupungin metsiss\u00e4 k\u00e4ytt\u00f6\u00f6n huomattavasti nykyist\u00e4 enemm\u00e4n. Aloittaa se alueista, joihin se todenn\u00e4k\u00f6isimmin sopii hyvin. Mets\u00e4ammattilaiset pystyv\u00e4t t\u00e4m\u00e4n asian arvioimaan. Jatkuvassa kasvatuksessa metsist\u00e4 hakataan isoimmat puut pois &#8211; tehd\u00e4\u00e4n ns. yl\u00e4harvennuksia noin 10-30 vuoden v\u00e4lein. Tai pienaukkoja (alle 0,3 ha).\u00a0N\u00e4ill\u00e4 menetelmill\u00e4 mets\u00e4 s\u00e4ilyy mets\u00e4n\u00e4, kun avohakkuita ei tehd\u00e4.<\/p>\n<p>Jatkuva kasvatus olisi menetelm\u00e4n\u00e4 my\u00f6s todenn\u00e4k\u00f6isesti taloudellisesti kannattavampaa. Kuitupuu ei k\u00e4y Kainuussa nyt kaupaksi, kannattaisi tuottaa tukkipuuta. Jatkuvassa kasvatuksessa nimenomaan tuotetaan enemm\u00e4n tukkia ja v\u00e4hemm\u00e4n kuitupuuta. Vastaavasti uudistuskulut (istutus ja taimikonhoidot) j\u00e4isiv\u00e4t pois, kun luonto hoitaa uudistamisen. Nykyisess\u00e4 suunnitelmassa hakkuutulot ovat 6,2 milj. \u20ac ja kustannukset 1,36 milj. \u20ac. Tuloista\u00a020 % kuluu siis mets\u00e4hoitot\u00f6iden kustannuksiin.<\/p>\n<p><span style=\"text-decoration: underline;\">Sertifiointi<br \/>\n<\/span>Kaupungin mets\u00e4t on nyt sertifioitu PEFC:n mukaan &#8211; kuten kaikki Suomen mets\u00e4t automaattisesti. Kaupungin kannattaisi\u00a0hommata my\u00f6s FSC-sertifikaatti, joka nimenomaan on tehty suurille mets\u00e4nomistajille. FSC ottaa PEFC paremmin huomioon luonnon monimuotoisuuden s\u00e4ilytt\u00e4misen.\u00a0Ja se kun on yksi ihmiskunnan kohtalonkysymyksist\u00e4 ilmastonmuutoksen ohella. Luonnon monimuotoisuus siis heikkenee, ja Suomessa n\u00e4in on my\u00f6s mets\u00e4lajiston osalta.<\/p>\n<p><strong><span style=\"text-decoration: underline;\">2. Mets\u00e4suunnitelman prosessi<\/span><\/strong><\/p>\n<p>Alunperin t\u00e4m\u00e4 mets\u00e4suunnitelma tuli n\u00e4ht\u00e4ville kev\u00e4\u00e4ll\u00e4. Aikaa oli alle kaksi viikkoa, suunnitelma oli n\u00e4ht\u00e4vill\u00e4 vain Kajaani Infossa (auki arkisin virka-aikaan), materiaalia oli 12 kansiollista (eli yli hyllymetri) ja\u00a0yleis\u00f6tilaisuus oli tiistaina keskell\u00e4 p\u00e4iv\u00e4\u00e4. K\u00e4yt\u00e4nn\u00f6ss\u00e4 oli siis tehty mahdottomaksi suunnitelmaan tutustuminen kunnolla.<\/p>\n<p>Kajaanilaiset ja kainuulaiset yhdistykset onneksi reagoivat t\u00e4h\u00e4n, ja ymp\u00e4rist\u00f6tekninen lautakunta paransi n\u00e4ht\u00e4vill\u00e4oloa huomattavasti:\u00a0n\u00e4ht\u00e4vill\u00e4oloaikaa pidennettiin kerralla lokakuun loppuun (noin puoli vuotta), suunnitelma saatiin nettiin (toki siin\u00e4 tehtiin kes\u00e4n aikana useampi kierros, koska se oli alunperin yhten\u00e4 pdf-dokumenttina sivut ihan sekaisin ja ilman lohkokarttaa). Nyt se on netiss\u00e4 lohkoittain pdf:n\u00e4 ja lohkokartan kera.\u00a0Uusi yleis\u00f6tilaisuus j\u00e4rjestet\u00e4\u00e4n tiistaina 5.10 klo 16-19 valtuustosalissa.<\/p>\n<p>Kev\u00e4\u00e4n\/kes\u00e4n aikana edistyst\u00e4 on tapahtunut my\u00f6s siin\u00e4, ett\u00e4 kahdelta alueelta tehd\u00e4\u00e4n luontoselvitykset. Alueet ovat Pirunvaara Parkinniemess\u00e4 sek\u00e4 Vuoreslahdentien etel\u00e4puoleinen alue. Alunperin mit\u00e4\u00e4n selvityksi\u00e4 ei ollut tarkoitus tehd\u00e4. (Se, ett\u00e4 onko\u00a0tarpeen tehd\u00e4 useammalta alueelta, on edelleen ihan relevantti kysymys).<\/p>\n<p>Lis\u00e4ksi kaupunkilaisille keskeisist\u00e4 virkistysalueista tehd\u00e4\u00e4n erilliset hoito- ja k\u00e4ytt\u00f6suunnitelmat. N\u00e4it\u00e4 alueita ovat Rehjan saari, Vimpeli-Huuhkajanvaara, Ruuhij\u00e4rvi, Otanm\u00e4en taajaman virkistysalue sek\u00e4 Heinim\u00e4ki K\u00e4t\u00f6ss\u00e4. Niilt\u00e4 osin ei siis tarvitse olla huolissaan suunnitelmaan merkityist\u00e4 toimenpiteist\u00e4 (jotka siis ovat aivan kamalia, ottaen huomioon kuinka keskeisi\u00e4 virkistysalueita n\u00e4m\u00e4 ovat kajaanilaisille). Kaupungin pit\u00e4isi nyt viel\u00e4 laittaa nettiin tarkat kartat ja kuvionumerot,\u00a0jotta tiedet\u00e4\u00e4n tarkkaan alueet, joille tehd\u00e4\u00e4n oma suunnitelma. (Rajaus on keskeinen esim. Huuhkajanvaarassa sek\u00e4 Ruuhij\u00e4rvell\u00e4.)<\/p>\n<p>Edell\u00e4 kuvatusta voi varmaan p\u00e4\u00e4tell\u00e4, ettei ole nyt mennyt ihan putkeen. \ud83d\ude42<br \/>\nOnneksi prosessia on kuitenkin saatu parannettua huomattavasti. Siit\u00e4 pit\u00e4\u00e4 antaa kiitos kaupungin virkamiehille.<\/p>\n<p class=\"p1\"><span class=\"s1\">Sitten, ajatellaan tulevaa.\u00a0<\/span><\/p>\n<p class=\"p1\">Ensin kyll\u00e4 palataan\u00a0v\u00e4h\u00e4n menneeseen. Vuonna 1995 hyv\u00e4ksytty mets\u00e4suunnitelma oli\u00a0todella hyv\u00e4. Ensimm\u00e4iset puolenkymment\u00e4 sivua oli koonti: Mik\u00e4 on mets\u00e4suunnitelma, mitk\u00e4 ovat kaupungin talousmetsien hoidon tavoitteet, mitk\u00e4 lohkot ovat vaativat erikoisk\u00e4sittely\u00e4\u2026 Ja sen j\u00e4lkeen lohkokohtaiset toimenpidekartat. Yhteens\u00e4 noin 50 sivua. Vrt. nykyinen suunnitelma: 3665 sivua, ei mit\u00e4\u00e4n koontia, ei mit\u00e4\u00e4n kaupungin mets\u00e4hoidon tavoitteita, ei mit\u00e4\u00e4n erikoisk\u00e4sittely\u00e4 vaativien lohkojen listausta.<\/p>\n<p class=\"p1\">Siisp\u00e4, ajatukseni\u00a0hyv\u00e4st\u00e4 prosessista:<br \/>\n&#8211; Aluksi hyv\u00e4ksyt\u00e4\u00e4n kaupugin talousmetsien hoidon tavoitteet (ymp\u00e4rist\u00f6tekninen lautakunta, kaupunginhallitus tai valtuusto)<br \/>\n&#8211;\u00a0Kunnolliset luontoselvitykset<br \/>\n&#8211; Alustavaa vuoropuhelua eri\u00a0tahojen kanssa (yhdistykset, kaupungin eri toimijat&#8230;)<br \/>\n&#8211;\u00a0N\u00e4iden perusteella tehty ensimm\u00e4inen luonnos (ja n\u00e4ht\u00e4ville siis tiivistelm\u00e4, ei tuollainen mammuttidokumentti)<br \/>\n&#8211;\u00a0Keskustelutilaisuudet eri toimijoiden kanssa (esim. asukasyhdistykset)<br \/>\n&#8211; Suunnitelman muokkaaminen ja p\u00e4\u00e4t\u00f6ksentekomenettely<\/p>\n<p class=\"p1\"><strong><span style=\"text-decoration: underline;\">3. Lohko- ja kuviokohtaiset huomiot<\/span><\/strong><\/p>\n<p class=\"p1\">Yleisesi\u00e4 huomioita mets\u00e4suunnitelmasta:<\/p>\n<ul>\n<li class=\"li1\"><span class=\"s2\">Kunnostusojituksissa arvioitava tarpeellisuus aidosti (vesiensuojelun kannalta), sek\u00e4 teht\u00e4v\u00e4 ojitukset vesiensuojelu kunnolla huomioiden<\/span><\/li>\n<li class=\"li1\"><span class=\"s2\">Yleisesti avohakkuista saatava puunm\u00e4\u00e4r\u00e4 on suurempi kuin suunnitelmaan kirjattu kuviolla oleva puun m\u00e4\u00e4r\u00e4. -&gt; Mink\u00e4 verran hakkuista saa oikeasti puuta -&gt; Mik\u00e4 on todenn\u00e4k\u00f6isempi hakkuutulo<\/span><\/li>\n<li class=\"li1\"><span class=\"s2\">Suunnitelmassa my\u00f6s kuvioluettelon j\u00e4lkeen hakkuumahdon mukaiset hakkuut. Niiden mukaan ei ilmeisesti menn\u00e4? -&gt; Pois suunnitelmasta.<\/span><\/li>\n<li class=\"li1\"><span class=\"s2\">Vierekk\u00e4in (tai l\u00e4hekk\u00e4in) sijaitsevat pienemm\u00e4t lohkot pit\u00e4\u00e4 yhdist\u00e4\u00e4 (esim. Heinim\u00e4est\u00e4, eli K\u00e4t\u00f6n\/Kuurnan ulkoilualueelta on kolme eri lohkoa).\u00a0<\/span><\/li>\n<li class=\"li1\"><span class=\"s2\">K\u00e4yt\u00f6nrajoitukset pit\u00e4isi n\u00e4ky\u00e4 toimenpiteiss\u00e4. Jos on esim. 20 % k\u00e4yt\u00f6nrajoitus kuviolla &#8211; ei hakkuusaanto voi olla 100 % kuvion puuston tilavuudesta. -&gt; vaikuttaa tuloihin -&gt; suunnitelma on teht\u00e4v\u00e4 todellisten hakkuumahdollisuuksien mukaan\u00a0<\/span><\/li>\n<\/ul>\n<p class=\"p1\"><span class=\"s2\">Seuraavaksi sitten lohkokohtaiset kommentit.\u00a0<\/span><\/p>\n<p class=\"p1\"><span style=\"text-decoration: underline;\"><span class=\"s2\">Alanen, lohko 2<\/span><\/span><\/p>\n<p class=\"p1\" style=\"padding-left: 30px;\"><span class=\"s2\"> Kuvio 14.5: Vedenottamon viereinen kuvio &#8211; maaper\u00e4\u00e4n kohdistuva rajoitus. Lammen rantakuvio.<br \/>\n<\/span><span style=\"font-weight: inherit;\">Toimenpide: Alaharvennus 2020. Onko ok?<\/span><\/p>\n<p class=\"p1\"><span style=\"text-decoration: underline;\"><span class=\"s2\">Ensil\u00e4, lohko 6 (Karankalahden ranta &#8211; Kylm\u00e4)<\/span><\/span><\/p>\n<p class=\"p1\" style=\"padding-left: 30px;\"><span class=\"s2\"> Lohkolla suunnitellut avohakkuut ovat kuvioilla, jotka ovat rannassa ja\/tai asutuksen keskell\u00e4 yli 100- vuotiasta mets\u00e4\u00e4. Joko joku huomattavasti pehme\u00e4mpi tapa, tai ei hakata lainkaan.\u00a0<\/span><\/p>\n<p class=\"p1\" style=\"padding-left: 30px;\"><span class=\"s2\"> Kuviolla 8.3 on\u00a0toimenpidekielto, ja suunniteltu toimenpide avohakkuu.<\/span><\/p>\n<p class=\"p1\"><span style=\"text-decoration: underline;\"><span class=\"s2\">Hilska, lohko 6<\/span><\/span><\/p>\n<p class=\"p1\" style=\"padding-left: 30px;\"><span class=\"s2\"> Suunniteltu avohakkuu 140-vuotiaaseen mets\u00e4\u00e4n ranta-kuviolle, jonka molemmin puolin on\u00a0 asutusta\/m\u00f6kkej\u00e4.<br \/>\n-&gt; Ei hakkuita t\u00e4llaisiin kohteisiin<\/span><\/p>\n<p class=\"p1\"><span style=\"text-decoration: underline;\"><span class=\"s2\">Kaatopaikka, lohko 1<\/span><\/span><\/p>\n<p class=\"p1\" style=\"padding-left: 30px;\"><span class=\"s2\"> Kuvio 75.0: Ensiharvennus 2016 &#8211; onko vaikutuksia vanhaan kaatopaikkaan?<\/span><\/p>\n<p class=\"p1\"><span style=\"text-decoration: underline;\"><span class=\"s2\">Kartasalo, lohko 6<\/span><\/span><\/p>\n<p class=\"p1\" style=\"padding-left: 30px;\"><span class=\"s2\"> Sopisiko jatkuvan kasvatuksen alueeksi?\u00a0<\/span><\/p>\n<p class=\"p1\"><span style=\"text-decoration: underline;\"><span class=\"s2\">Kestil\u00e4, lohko 6<\/span><\/span><\/p>\n<p class=\"p1\" style=\"padding-left: 30px;\"><span class=\"s2\"> Kuvio 2.0: T\u00e4ydellinen toimenpidekielto (osa kuviosta), toimenpiteen\u00e4 varhaiperkaus koko kuviolle<\/span><\/p>\n<p class=\"p1\"><span style=\"text-decoration: underline;\"><span class=\"s2\">Koivikko, lohko 6<\/span><\/span><\/p>\n<p class=\"p1\" style=\"padding-left: 30px;\"><span class=\"s2\"> OK <\/span><\/p>\n<p class=\"p1\"><span style=\"text-decoration: underline;\"><span class=\"s2\">Kuusirannan leirint\u00e4alue, lohko 1<\/span><\/span><\/p>\n<p class=\"p1\" style=\"padding-left: 30px;\"><span class=\"s2\"> Kuvio 68.0: Maaper\u00e4\u00e4n kohdistuva rajoitus (koko kuvio), toimenpide: Avohakkuu 2023<br \/>\n<\/span><span style=\"font-weight: inherit;\">Kuvio 70.0: Maaper\u00e4\u00e4n kohdistuva rajoitus (koko kuvio), toimenpide: Ensiharvennus 2016<br \/>\n<\/span><span style=\"font-weight: inherit;\">Kuvio 71.0: Maaper\u00e4\u00e4n kohdistuva rajoitus (l\u00e4hes koko kuvio), toimenpide: Alaharvennus 2016<\/span><\/p>\n<p class=\"p1\" style=\"padding-left: 30px;\"><span class=\"s2\"> -&gt; Erityisalue ylip\u00e4\u00e4t\u00e4ns\u00e4!!<\/span><\/p>\n<p class=\"p1\"><span style=\"text-decoration: underline;\"><span class=\"s2\">Lohko 10 (Arppen muistomets\u00e4st\u00e4 etel\u00e4\u00e4n)<\/span><\/span><\/p>\n<p class=\"p1\" style=\"padding-left: 30px;\"><span class=\"s2\"> Lohkolla menee Kylki\u00e4isen ulkoilureitti, joka n\u00e4kyy mm. Kainuun ulkoilukartassa. Opastus yll\u00e4pidett\u00e4v\u00e4, kun\u00a0 tehd\u00e4\u00e4n toimenpiteit\u00e4!<\/span><\/p>\n<p class=\"p1\" style=\"padding-left: 30px;\"><span class=\"s2\"> Kuvio 16.0: Kuviolla ilmeisesti laavu? Kuvio ala 6,9 ha. Puuston ik\u00e4 170 vuotta. Suunniteltu avohakkuuta.<br \/>\n<\/span><span style=\"font-weight: inherit;\">-&gt; Ei hakuta lainkaan, tai ainakin paljon pehme\u00e4mpi k\u00e4sittely\u00a0<\/span><\/p>\n<p class=\"p1\" style=\"padding-left: 30px;\"><span class=\"s2\"> Kuvio 17.0: Osalla kuviosta t\u00e4ydellinen toimenpidekielto &#8211; toimenpiteen\u00e4 alaharvennus -&gt; toteutus<br \/>\n<\/span><span style=\"font-weight: inherit;\">Kuviot 19.0 ja 20.0: Arppen muistomets\u00e4n vieress\u00e4 -&gt; kevennetyt toimenpiteet<br \/>\n<\/span><span style=\"font-weight: inherit;\">Kuvio\u00a0100.0: Osa kuviosta viranomaisohjein k\u00e4sitelt\u00e4v\u00e4, silti toimenpiteen\u00e4 avohakkuu ja hakkuukertym\u00e4n\u00e4 280 m3, kun koko kuviolla puuta 255 m3<\/span><\/p>\n<p class=\"p1\"><span style=\"text-decoration: underline;\"><span class=\"s2\">Lohko 13 (Santam\u00e4est\u00e4 kaakkoon)<\/span><\/span><\/p>\n<p class=\"p1\" style=\"padding-left: 30px;\"><span class=\"s2\"> Kuvio 46.0: \u00a0Suunniteltu 7,7 ha avohakkuu -&gt; liian iso hakkuuaukko -&gt; ennemmin pienaukkohakkuu<\/span><\/p>\n<p class=\"p1\" style=\"padding-left: 30px;\"><span class=\"s2\"> Kuvio 56.0: Suojelllun puronvarren vieruskuvio, suunniteltu avohakkuu (4,4 ha)<br \/>\n-&gt; kuvion puronvarren puoli j\u00e4tet\u00e4\u00e4n rauhaan \/ k\u00e4sitell\u00e4\u00e4n kevyemmin + pienaukkohakkuuta kuviolle<\/span><\/p>\n<p class=\"p1\" style=\"padding-left: 30px;\"><span class=\"s2\"> Kuvio 144.0: Ekologinen k\u00e4yt\u00e4v\u00e4, puronvarren viereinen kuvio. Suunniteltu toimenpide avohakkuu.<br \/>\n-&gt; Kuvion puronvarren puoli\u00a0 j\u00e4tet\u00e4\u00e4n rauhaan \/ k\u00e4sitell\u00e4\u00e4n kevyemmin\u00a0<\/span><\/p>\n<p class=\"p1\" style=\"padding-left: 30px;\"><span class=\"s2\"> Kuvio 102.0: Suojellun puronvarren jatko<\/span><\/p>\n<p class=\"p1\"><span style=\"text-decoration: underline;\"><span class=\"s2\">Lohko 5 (Vimpeli, Huuhkajanvaara)<\/span><\/span><\/p>\n<p class=\"p1\" style=\"padding-left: 30px;\"><span class=\"s2\"> Aivan j\u00e4rkytt\u00e4v\u00e4 suunnitelma Vimpelin ja Huuhkajanvaaran ulkoilu- ja virkistyalueille. N\u00e4it\u00e4 suunnitelmia ei onneksi tulla toteuttamaan -&gt; Rajattava pois suunnitelmasta.\u00a0<\/span><\/p>\n<p class=\"p1\" style=\"padding-left: 30px;\"><span class=\"s2\"> Koskeeko pois-rajaus koko Lohkoa 5? Jos ei koske koko lohkoa, kaupungilta luettelo kuviosta, joita t\u00e4m\u00e4 mets\u00e4suunnitelma koskee.<\/span><\/p>\n<p class=\"p1\"><span style=\"text-decoration: underline;\"><span class=\"s2\">Lohko 8 (Hevossuolta etel\u00e4\u00e4n)<\/span><\/span><\/p>\n<p class=\"p1\" style=\"padding-left: 30px;\"><span class=\"s2\"> Kuvio 5.0: Puustotiedot puuttuu<\/span><\/p>\n<p class=\"p1\" style=\"padding-left: 30px;\"><span class=\"s2\"> Kuvio 8.0: 170-vuotiasta mets\u00e4, Haukilammen k\u00e4mp\u00e4n vieress\u00e4, suunniteltu avohakkuu -&gt; Ei hakata ollenkaan<\/span><\/p>\n<p class=\"p1\" style=\"padding-left: 30px;\"><span class=\"s2\"> Kuvio 11.0: 170-vuotiasta mets\u00e4, Haukilammen k\u00e4mp\u00e4n vieress\u00e4, suunniteltu avohakkuu -&gt; Ei hakata ollenkaan<\/span><\/p>\n<p class=\"p1\" style=\"padding-left: 30px;\"><span class=\"s2\"> Kuvio 35.0: Suunniteltu 11,2 ha avohakkuu -&gt; Sen sijaan pienaukkohakkuu<\/span><\/p>\n<p class=\"p1\" style=\"padding-left: 30px;\"><span class=\"s2\">Kuvio 38.0: Suunniteltu 11,3 ha avohakkuu -&gt; Sen sijaan pienaukkohakkuu<\/span><\/p>\n<p class=\"p1\" style=\"padding-left: 30px;\"><span class=\"s2\"> Kuvio 44.0: Mets\u00e4lakikohteen viereinen kuvio, suunniteltu avohakkuu -&gt; jokin pehme\u00e4mpi k\u00e4sittely<\/span><\/p>\n<p class=\"p1\" style=\"padding-left: 30px;\"><span class=\"s2\"> Kuvio 55.0: Suunniteltu 23,6 ha avohakkuu! -&gt; Pienempi\u00e4 aukkoja &#8211; jopa pienaukkohakkuuna kuvion k\u00e4sittely?<\/span><\/p>\n<p class=\"p1\" style=\"padding-left: 30px;\"><span class=\"s2\"> Kuvio 67.0: Kuvion 55.0 vieress\u00e4 &#8211; k\u00e4yt\u00e4nn\u00f6ss\u00e4 suunniteltu avohakkuuala noin 50 ha. Aivan liian iso ala! -&gt; Pienempi\u00e4 aukkoja, pienaukkohakkuuna kuvioiden k\u00e4sittely?<\/span><\/p>\n<p class=\"p1\" style=\"padding-left: 30px;\"><span class=\"s2\"> Kuvio 71.0: Kuvion puustotiedot puuttuu<\/span><\/p>\n<p class=\"p1\" style=\"padding-left: 30px;\"><span class=\"s2\"> Kuvio 86.0: Kuvion puustotiedot puuttuu<\/span><\/p>\n<p class=\"p1\" style=\"padding-left: 30px;\"><span class=\"s2\"> Kuvio 130.0: Mets\u00e4lakikohteen viereinen kuvio, suunniteltu siemenpuuhakkuu -&gt; Pienaukkohakkuu tai yl\u00e4harvennus<\/span><\/p>\n<p class=\"p1\" style=\"padding-left: 30px;\"><span class=\"s2\"> Kuvio 150.0: Onko suunniteltu hakkuu lehtomaisuutta edist\u00e4v\u00e4? Nyt poistuu aika paljon koivua.<\/span><\/p>\n<p class=\"p1\" style=\"padding-left: 30px;\"><span class=\"s2\"> Kuvio 166.0: Osa kuviosta mets\u00e4lakikohde -&gt; joku muu k\u00e4sittely kuin avohakkuu <\/span><\/p>\n<p class=\"p1\" style=\"padding-left: 30px;\"><span class=\"s2\"> Kuvio 185.0: Iso-Syv\u00e4lammen soistunut etel\u00e4p\u00e4\u00e4, suunniteltu avohakkuu -&gt; ei hakkuta<\/span><\/p>\n<p class=\"p1\" style=\"padding-left: 30px;\"><span class=\"s2\"> Kuvio 210.0: Suunniteltu 7,8 ha avohakkuu -&gt; Sen sijaan pienaukkohakkuu<\/span><\/p>\n<p class=\"p1\" style=\"padding-left: 30px;\"><span class=\"s2\"> Kuvio 220.0: 150-vuotiasta mets\u00e4, Haukilammen k\u00e4mp\u00e4n vieress\u00e4, suunniteltu avohakkuu -&gt; Ei hakata ollenkaan<\/span><\/p>\n<p class=\"p1\" style=\"padding-left: 30px;\"><span class=\"s2\"> Kuvio 227.0: Pienen Syv\u00e4l\u00e4mmen etel\u00e4reunan kuvio, suunniteltu siemenpuuhakkuu -&gt; Ei hakata, kun ihan lammen\u00a0ranta<\/span><\/p>\n<p class=\"p1\" style=\"padding-left: 30px;\"><span class=\"s2\"> Kuvio 234.0: Mustanmajan viereinen kuvio, suunniteltu avohakkuu -&gt; Joko ei hakata, tai huomattavasti suunniteltua kevyemmin<\/span><\/p>\n<p class=\"p1\"><span style=\"text-decoration: underline;\"><span class=\"s2\">Nalleniemi, lohko 2 (Kontiosaari)<\/span><\/span><\/p>\n<p class=\"p1\" style=\"padding-left: 30px;\"><span class=\"s2\"> Kuviot 2.0; 2.1; 4.0; 5.0; 6.0; 7.0; 9.0; 10,0: Inventointi 2015, mutta toimenpiteit\u00e4 vuosille 2012, 2014<\/span><\/p>\n<p class=\"p1\" style=\"padding-left: 30px;\"><span class=\"s2\"> Kuvio 8.0: Taimikon perkaus vuonna 2012<\/span><\/p>\n<p class=\"p1\" style=\"padding-left: 30px;\"><span class=\"s2\"> Kuviot 10.0; 11.0; 12.0; 12.1: Muinaismuistolaki, toimenpiteit\u00e4 merkitty (mets\u00e4nhoitot\u00f6it\u00e4)<\/span><\/p>\n<p class=\"p1\"><span style=\"text-decoration: underline;\"><span class=\"s2\">Pirttim\u00e4ki, lohko 1<\/span><\/span><\/p>\n<p class=\"p1\" style=\"padding-left: 30px;\"><span class=\"s2\"> Otanm\u00e4en virkistysalue, soidensuojeluohjelmaa.\u00a0Voimakkaita avohakkuita, muitakin toimenpiteit\u00e4 -&gt;\u00a0 kevyemp\u00e4\u00e4 k\u00e4sittely\u00e4.\u00a0T\u00e4st\u00e4 tehd\u00e4\u00e4n erillinen suunnitelma.\u00a0<\/span><\/p>\n<p class=\"p1\"><span style=\"text-decoration: underline;\"><span class=\"s2\">Pulkkinen, lohko 2 (Heinisuolla)<\/span><\/span><\/p>\n<p class=\"p1\" style=\"padding-left: 30px;\"><span class=\"s2\"> Kuvio 78.0: Muistiinpanot: &#8221;hakkuu jos ei liito oravan reviiri. ellei saa hakata metso kohde. koivu lahoamassa.\u00a0 useita pollon ponttoja\u201d, Toimenpide: Suojuspuuhakkuu 2014 -&gt; j\u00e4tet\u00e4\u00e4n suosiolla k\u00e4sittelem\u00e4tt\u00e4<\/span><\/p>\n<p class=\"p1\"><span style=\"text-decoration: underline;\"><span class=\"s2\">Rantarimpil\u00e4, Lohko 2: 1908 &#8211; 1942 (Kuluntalahdessa)<\/span><\/span><\/p>\n<p class=\"p1\" style=\"padding-left: 30px;\"><span class=\"s2\"> Kuvio 63.0: Merkitty inventointi 06\/2015, Toimenpide vuodelle 1998!<\/span><\/p>\n<p class=\"p1\" style=\"padding-left: 30px;\"><span class=\"s2\"> Kuvio 60.9: Merkitty inventointi 06\/2015, Toimenpide vuodelle 2002!<\/span><\/p>\n<p class=\"p1\" style=\"padding-left: 30px;\"><span class=\"s2\"> Kuvio 113.0: Kuviolla (osalla) yksityinen suojelualue, toimenpide: Kunnostusojistus 2016 -&gt; Onko ihan ok?<\/span><\/p>\n<p class=\"p1\" style=\"padding-left: 30px;\"><span class=\"s2\"> Kuvio 116.0:\u00a0Kuviolla (osalla) yksityinen suojelualue, toimenpide: Kunnostusojistus 2016 -&gt; Onko ihan ok?<\/span><\/p>\n<p class=\"p1\" style=\"padding-left: 30px;\"><span class=\"s2\"> Kuvio 120.0: Viranomaisohjein k\u00e4sitelt\u00e4v\u00e4 (Luonnonsuojelualue), toimenpide: Alaharvennus 2016, joka\u00a0 sijoittuu ihan rantaan<br \/>\n-&gt; ei\u00a0tehd\u00e4<\/span><\/p>\n<p class=\"p1\" style=\"padding-left: 30px;\"><span class=\"s2\"> Kuvio 126.0:\u00a0Kuviolla (pienell\u00e4 osalla) yksityinen suojelualue, toimenpide: Kunnostusojistus 2016 -&gt; Onko ihan ok?<\/span><\/p>\n<p class=\"p1\" style=\"padding-left: 30px;\"><span class=\"s2\"> Kuviot 132.0; 138.0; 146.0; \u00a0 Merkint\u00e4n\u00e4 aukkohakkuu 2013, toimenpiteen\u00e4 istustus 2016 &#8211; aika pitk\u00e4 viive<\/span><\/p>\n<p class=\"p1\"><span style=\"text-decoration: underline;\"><span class=\"s2\">Sorala, lohko 2 (Matinm\u00e4ki-Mustikkam\u00e4ki)<\/span><\/span><\/p>\n<p class=\"p1\" style=\"padding-left: 30px;\"><span class=\"s2\"> Kuvio 14.1: Maaper\u00e4\u00e4n kohdistava rajoitus &amp; Viranomaisohjein k\u00e4sitelt\u00e4v\u00e4 (koko kuvio). Toimenpide:\u00a0 alaharvennus 2020<br \/>\n<\/span><span style=\"font-weight: inherit;\">Kuvio 14.2: Maaper\u00e4\u00e4n kohdistava rajoitus (koko kuvio). Toimenpide:\u00a0 alaharvennus 2020<br \/>\n<\/span><span style=\"font-weight: inherit;\">Kuvio 14.3: Maaper\u00e4\u00e4n kohdistava rajoitus &amp; Viranomaisohjein k\u00e4sitelt\u00e4v\u00e4 (koko kuvio). Toimenpide:\u00a0 alaharvennus 2020<\/span><\/p>\n<p class=\"p1\" style=\"padding-left: 30px;\"><span class=\"s2\">-&gt; Tsekattava onko n\u00e4m\u00e4 jotain muita kuin pohjavesialueeseen liittyvi\u00e4 rajoituksia.<\/span><\/p>\n<p class=\"p1\" style=\"padding-left: 30px;\"><span class=\"s2\"> Kuvio 15.0: Toimenpide vuodelle 1998!<\/span><\/p>\n<p class=\"p1\"><span style=\"text-decoration: underline;\"><span class=\"s2\">Toukansaari, lohko 1<\/span><\/span><\/p>\n<p class=\"p1\" style=\"padding-left: 30px;\"><span class=\"s2\"> Suunnitelmassa rantojen avohakkuut -&gt; ei\u00a0aiota toteuttaa<\/span><\/p>\n<p class=\"p1\" style=\"padding-left: 30px;\"><span class=\"s2\"> -&gt; Poistettava\u00a0t\u00e4st\u00e4 mets\u00e4taloussuunnitelmasta<\/span><\/p>\n<p class=\"p1\"><span style=\"text-decoration: underline;\"><span class=\"s2\">Vehkapuro, lohko 12\u00a0<\/span><\/span><\/p>\n<p class=\"p1\" style=\"padding-left: 30px;\">Ei kommentteja<\/p>\n<p class=\"p1\"><span style=\"text-decoration: underline;\"><span class=\"s2\">V\u00e4limaa, lohko 2<\/span><\/span><\/p>\n<p class=\"p1\" style=\"padding-left: 30px;\"><span class=\"s2\"> Asutuksen vieress\u00e4 Heinisuolla &#8211; onko suunniteltu alaharvennus asukkaille ok -&gt; suunnittelu sen mukaan, ja ainakin j\u00e4tet\u00e4\u00e4n kunnon suojakaista asutukseen<\/span><\/p>\n<p class=\"p1\"><span style=\"text-decoration: underline;\"><span class=\"s2\">Asuntola, lohko 2\u00a0<\/span><\/span><\/p>\n<p class=\"p1\" style=\"padding-left: 30px;\"><span class=\"s2\"> Vanhaa peltoa, asuinaluetta &#8211; ei mets\u00e4talous-toimenpiteit\u00e4 -&gt; ok<\/span><\/p>\n<p class=\"p1\"><span style=\"text-decoration: underline;\"><span class=\"s2\">Hein\u00e4hattu, lohko 2 (Heinim\u00e4en ulkoilualue)<\/span><\/span><\/p>\n<p class=\"p1\" style=\"padding-left: 30px;\"><span class=\"s2\">Heinim\u00e4en alueesta (yhteens\u00e4 kolme eri lohkoa) tehd\u00e4\u00e4n erillinen hoito- ja k\u00e4ytt\u00f6suunnitelma. Hyv\u00e4 niin! Alueella on valaistu ura, luontoarvoja sek\u00e4 Erkin poloku. Paljon liikkujia.<br \/>\n<\/span><\/p>\n<p class=\"p1\"><span style=\"text-decoration: underline;\"><span class=\"s2\">Hovi, Lohko 2 (Salmij\u00e4rven etel\u00e4puoli)<\/span><\/span><\/p>\n<p class=\"p1\" style=\"padding-left: 30px;\"><span class=\"s2\"> Vaikuttaisi olevan ok (harvennuhakkuita) &#8211; mit\u00e4 alueen asukkaat tuumaavat?<\/span><\/p>\n<p class=\"p1\"><span style=\"text-decoration: underline;\"><span class=\"s2\">Kantola (Heinisuolla)<\/span><\/span><\/p>\n<p class=\"p1\" style=\"padding-left: 30px;\"><span class=\"s2\"> Vaikuttaisi olevan ok (Harvennushakkuu suunniteltu) &#8211; mit\u00e4 asukkaat tuumaavat?<\/span><\/p>\n<p class=\"p1\"><span style=\"text-decoration: underline;\"><span class=\"s2\">Kaupunginranta, lohko 1 (Mainuanj\u00e4rvell\u00e4)<\/span><\/span><\/p>\n<p class=\"p1\" style=\"padding-left: 30px;\"><span class=\"s2\"> Kuvio 1.0: Harvennuksen hakkuukertym\u00e4 (ja tulot) puuttuu. Kohde Mainualle &#8211; mit\u00e4 asukkaat tuumaavat?<\/span><\/p>\n<p class=\"p1\"><span style=\"text-decoration: underline;\"><span class=\"s2\">Kiviranta, lohko 1<\/span><\/span><\/p>\n<p class=\"p1\" style=\"padding-left: 30px;\"><span class=\"s2\"> Ei toimenpiteit\u00e4<\/span><\/p>\n<p class=\"p1\"><span style=\"text-decoration: underline;\"><span class=\"s2\">Koskentausta, lohko 1 (Vuolijoen taajaman it\u00e4puolella)<\/span><\/span><\/p>\n<p class=\"p1\" style=\"padding-left: 30px;\"><span class=\"s2\"> -&gt; Aluelautakunta lausukoon,\u00a0t\u00e4m\u00e4 ei ole minulle tuttu alue<\/span><\/p>\n<p class=\"p1\"><span style=\"text-decoration: underline;\"><span class=\"s2\">Kylm\u00e4korpi, lohko 6<\/span><\/span><\/p>\n<p class=\"p1\" style=\"padding-left: 30px;\"><span class=\"s2\"> Miss\u00e4 sijaitsee?<\/span><\/p>\n<p class=\"p1\" style=\"padding-left: 30px;\"><span class=\"s2\"> Paljon taimikon inventointia &#8211; onko tarpeen? Osassa kuvioista toimenpidekielto.<\/span><\/p>\n<p class=\"p1\"><span style=\"text-decoration: underline;\"><span class=\"s2\">Lohko 11 (Mustanmajasta etel\u00e4\u00e4n, Kivim\u00e4entiest\u00e4 pohjoiseen)<\/span><\/span><\/p>\n<p class=\"p1\" style=\"padding-left: 30px;\"><span class=\"s2\"> Lohkolla menee Kylki\u00e4isen ulkoilureitti, joka n\u00e4kyy mm. Kainuun ulkoilukartassa. Opastus yll\u00e4pidett\u00e4v\u00e4, kun tehd\u00e4\u00e4n toimenpiteit\u00e4!<\/span><\/p>\n<p class=\"p1\" style=\"padding-left: 30px;\"><span class=\"s2\"> Kuviot 2.0 ja 6.0: Mustanmajan l\u00e4hell\u00e4, toimenpiteen\u00e4 avohakkuu -&gt; yl\u00e4harvennus, pienaukkohakkuu<span class=\"Apple-converted-space\">\u00a0 <\/span><\/span><\/p>\n<p class=\"p1\" style=\"padding-left: 30px;\"><span class=\"s2\"> Kuvio 172.0: Avohakkuu lammen p\u00e4\u00e4ss\u00e4 olevalla kuviolla -&gt; Kunnollinen suojakaista<\/span><\/p>\n<p class=\"p1\"><span style=\"text-decoration: underline;\"><span class=\"s2\">Lohko 3 (Parkinniemi &#8211; Lohtaja)\u00a0<\/span><\/span><\/p>\n<p class=\"p1\" style=\"padding-left: 30px;\"><span class=\"s2\"> Koko Parkinniemen alue on k\u00e4yt\u00e4nn\u00f6ss\u00e4 suunniteltu t\u00e4yteen avohakkuita. Laajoja alueita, useampi kymmenen hehtaaria, vanhaa mets\u00e4\u00e4. -&gt; virkistys- ja luontoarvot menetet\u00e4\u00e4n -&gt; mietitt\u00e4v\u00e4 kunnolla -&gt; osasta hakkuista luovutaan, ja loput tehd\u00e4\u00e4n paljon kevyemmin, jos ollenkaan.<br \/>\nT\u00e4lt\u00e4 alueelta tehd\u00e4\u00e4n luontoselvitykset. Muistettava on my\u00f6s se, ett\u00e4 edellisess\u00e4 eli vuoden 1995 t\u00e4m\u00e4 Pirunvaaran alue sovittiin j\u00e4tett\u00e4v\u00e4ksi rauhaan.<\/span><\/p>\n<p class=\"p1\" style=\"padding-left: 30px;\"><span class=\"s2\"> Kuviot 27.0 ja 29.0: Asutuksen vieress\u00e4, Harvennus suunniteltu. -&gt; Teht\u00e4v\u00e4 kevyesti<\/span><\/p>\n<p class=\"p1\" style=\"padding-left: 30px;\"><span class=\"s2\"> Kuvio 39.0: Konekylv\u00f6 vuonna 2024, mutta ei uudistushakkuuta -&gt; ?<\/span><\/p>\n<p class=\"p1\" style=\"padding-left: 30px;\"><span class=\"s2\"> Kuvio 188.0: Ihan asutuksen viereen suunniteltu avohakkuu -&gt; huomattavasti kevyempi k\u00e4sittely<\/span><\/p>\n<p class=\"p1\"><span style=\"text-decoration: underline;\"><span class=\"s2\">Lohko 6 (Karankalahden pohjukka)<\/span><\/span><\/p>\n<p class=\"p1\" style=\"padding-left: 30px;\"><span class=\"s2\"> Kuvio 10.0: Harvennus -&gt; Vesist\u00f6n (purosuisto) suojakaista j\u00e4tett\u00e4v\u00e4<\/span><\/p>\n<p class=\"p1\" style=\"padding-left: 30px;\"><span class=\"s2\"> Kuvio 20.0: 7,6 ha avohakkuuala liian iso (ja viel\u00e4 suurempi, kun naapurikuviot mukaan) -&gt; pienaukkoja<\/span><\/p>\n<p class=\"p1\" style=\"padding-left: 30px;\"><span class=\"s2\"> Kuvio 24.0: Liian iso avohakkuuala + asutus vieress\u00e4<\/span><\/p>\n<p class=\"p1\" style=\"padding-left: 30px;\"><span class=\"s2\"> Mit\u00e4 kuviota ovat tiekuvioiden 3.0 &amp; 4.0 sek\u00e4 4.0 &amp; 26.0 v\u00e4liss\u00e4? Avohakkuu ei niihin sovi.<\/span><\/p>\n<p class=\"p1\" style=\"padding-left: 30px;\"><span class=\"s2\"> Kuviot 31.0; 33.0; 34.0; 36.0: Ihan asutuksen vieress\u00e4 teht\u00e4v\u00e4 laaja avohakkuu -&gt; pienaukkoja tai yl\u00e4harvennusta<\/span><\/p>\n<p class=\"p1\"><span style=\"text-decoration: underline;\"><span class=\"s2\">Lohko 9 (Iso Ruuhij\u00e4rvi)<\/span><\/span><\/p>\n<p class=\"p1\" style=\"padding-left: 30px;\"><span class=\"s2\"> Ison Ruuhij\u00e4rven rannat (n. 60 %) suunniteltu avohakattavaksi. Ruuhij\u00e4rvi on virkistysaluetta. N\u00e4it\u00e4 hakkuita ei siis aiota toteuttaa, vaan alueesta tehd\u00e4\u00e4n erillinen virkistysk\u00e4ytt\u00f6suunnitelma. Hyv\u00e4 niin. Siit\u00e4 pit\u00e4\u00e4 nyt saada kunnon rajaus, ett\u00e4 tiedet\u00e4\u00e4n, milt\u00e4 osin mets\u00e4suunnitelma pit\u00e4\u00e4 paikkansa.\u00a0<\/span><\/p>\n<p class=\"p1\" style=\"padding-left: 30px;\"><span class=\"s2\"> Kuvio 41.0: Suunniteltu avohakkuu -&gt; yl\u00e4harvennus, jolloin j\u00e4tet\u00e4\u00e4n kuitupuu kasvamaan viel\u00e4 tukkikokoon.<\/span><\/p>\n<p class=\"p1\" style=\"padding-left: 30px;\"><span class=\"s2\"> Kuvio 71.0: Suunniteltu avohakkuu -&gt; yl\u00e4harvennus, jolloin j\u00e4tet\u00e4\u00e4n kuitupuu kasvamaan viel\u00e4 tukkikokoon.<\/span><\/p>\n<p class=\"p1\" style=\"padding-left: 30px;\"><span class=\"s2\"> -&gt; N\u00e4m\u00e4 oikeastaan p\u00e4tev\u00e4t l\u00e4pi suunnitelman. Nyt p\u00e4\u00e4tehakkuussa (=avohakkuu esim.) saadaan noin 60 % tukkipuuta ja 40 % kuitua. Tukin hinta noin 50 e\/m3, kuidun n. 18 e\/m3. Kuitupuun kokoiset puut kannattaisi j\u00e4tt\u00e4\u00e4 kasvamaan tukkikokoon.<br \/>\n<\/span><span style=\"font-weight: inherit;\">Lis\u00e4hy\u00f6tyn\u00e4 tulee mets\u00e4n s\u00e4ilyminen mets\u00e4isen\u00e4.<\/span><\/p>\n<p class=\"p1\" style=\"padding-left: 30px;\"><span class=\"s2\"> Kuvio 85.0: P\u00e4teek\u00f6 muistiinpano m\u00e4nnynversoruosteesta edelleen?<\/span><\/p>\n<p class=\"p1\" style=\"padding-left: 30px;\"><span class=\"s2\"> Kuviot 127.0 ja 135.0: Muodostavat yhteens\u00e4 laajan avohakkuualan (9,1 ha) -&gt; liian iso yhteens\u00e4 -&gt; pienaukkohakkuuta tai yl\u00e4harvennusta<\/span><\/p>\n<p class=\"p1\" style=\"padding-left: 30px;\"><span class=\"s2\"> Kuviot 191.0; 196.0, 188.0: Puronvarsi-suojelukohteen viereiset kuviot, suunniteltu avohakkuu -&gt; pehme\u00e4mpi k\u00e4sittely (yl\u00e4harvennys, pienaukkohakkuu) ja kunnon suojakaistat puronvarteen.\u00a0<\/span><\/p>\n<p class=\"p1\"><span style=\"text-decoration: underline;\"><span class=\"s2\">Niemel\u00e4, lohko 6<\/span><\/span><\/p>\n<p class=\"p1\" style=\"padding-left: 30px;\"><span class=\"s2\"> Miss\u00e4 sijaitsee?<\/span><\/p>\n<p class=\"p1\"><span style=\"text-decoration: underline;\"><span class=\"s2\">Poukamo, lohko 2 (Ammeniemi)<\/span><\/span><\/p>\n<p class=\"p1\" style=\"padding-left: 30px;\"><span class=\"s2\"> Ok<\/span><\/p>\n<p class=\"p1\"><span style=\"text-decoration: underline;\"><span class=\"s2\">Pulkkisensalmi, lohko 2 (5-tien ja Takkarannantie risteys)<\/span><\/span><\/p>\n<p class=\"p1\" style=\"padding-left: 30px;\"><span class=\"s2\"> Ok<\/span><\/p>\n<p class=\"p1\"><span style=\"text-decoration: underline;\"><span class=\"s2\">Rauta 2, lohko 1 (Otanm\u00e4en lintuvesiallas)<\/span><\/span><\/p>\n<p class=\"p1\" style=\"padding-left: 30px;\"><span class=\"s2\"> Kannattaako tehd\u00e4 toimenpiteit\u00e4 lintuvesialtaan reunoille? Nyt suunniteltu harvennushakkuita.\u00a0<\/span><\/p>\n<p class=\"p1\" style=\"padding-left: 30px;\"><span class=\"s2\"> -&gt; Lis\u00e4ksi Alueltk:n lausunto<\/span><\/p>\n<p class=\"p1\"><span style=\"text-decoration: underline;\"><span class=\"s2\">Tikankumpu, lohko 2 (Heinisuolla)<\/span><\/span><\/p>\n<p class=\"p1\" style=\"padding-left: 30px;\"><span class=\"s2\"> Kuvio 17.0: Suunniteltu avohakkuu. Merkint\u00e4, ett\u00e4 naapuri tontinomistajalle ok? Hyv\u00e4, ett\u00e4 on tsekattu! Miten muut &#8211; rajautuu useampaan taloon?<\/span><\/p>\n<p class=\"p1\"><span style=\"text-decoration: underline;\"><span class=\"s2\">Tuplahappola, lohko 2 (Heinim\u00e4ki, K\u00e4tt\u00f6, osa 2)<\/span><\/span><\/p>\n<p class=\"p1\" style=\"padding-left: 30px;\"><span class=\"s2\"> Heinim\u00e4en ulkoilualuetta, t\u00e4st\u00e4 tehd\u00e4\u00e4n erillinen suunnitelma.<\/span><\/p>\n<p class=\"p1\"><span style=\"text-decoration: underline;\"><span class=\"s2\">Vesakko, lohko 2 (Sepp\u00e4l\u00e4 &#8211; P\u00f6llyvaara)<\/span><\/span><\/p>\n<p class=\"p1\" style=\"padding-left: 30px;\"><span class=\"s2\"> Etenkin P\u00f6llyvaaran puoli on t\u00e4rke\u00e4\u00e4 virkistysaluetta. Nyt suunniteltu \u2019tehomets\u00e4talous&#8217;harvennushakkuita -&gt; Kevyit\u00e4 toimenpiteit\u00e4 jatkuvan kasvatuksen opein (osa j\u00e4tet\u00e4\u00e4n k\u00e4sittelem\u00e4tt\u00e4, pienaukkohakkuita, yl\u00e4harvennusta\u2026)<\/span><\/p>\n<p class=\"p1\" style=\"padding-left: 30px;\"><span class=\"s2\"> -&gt; Suunniteltujen toimenpiteiden uudellenarviointi t\u00e4st\u00e4 n\u00e4k\u00f6kulmasta<br \/>\n<\/span><span style=\"font-weight: inherit;\">-&gt; Ehdottomasti kuultava asukkaita ennen toimenpiteit\u00e4!<\/span><\/p>\n<p class=\"p1\" style=\"padding-left: 30px;\"><span class=\"s2\"> Kuvio 9.0: Impilinnan etel\u00e4puolella, luontopolun l\u00e4ht\u00f6. Erikoishakkuu, mutta todella voimakas.\u00a0 Hintaryhm\u00e4 1 erikoishakkuu, jossa kuvion 321 kuution puustosta saadaan hakattua 326 kuutiota. \ud83d\ude42<\/span><\/p>\n<p class=\"p1\" style=\"padding-left: 30px;\"><span class=\"s2\">T\u00e4t\u00e4 ei olla tekem\u00e4ss\u00e4.\u00a0<\/span><\/p>\n<p class=\"p1\" style=\"padding-left: 30px;\"><span class=\"s2\"> Kuvio 19.0: Avohakkuu vuodelle 2013?<\/span><\/p>\n<p class=\"p1\" style=\"padding-left: 30px;\"><span class=\"s2\"> Kuvio 20.0: Muistiinpano: &#8221;Ojan varressa lehtomaisuutta\u201d Toimenpide: Avohakkuu 2017. Vaihtoehdot?<\/span><\/p>\n<p class=\"p1\" style=\"padding-left: 30px;\"><span class=\"s2\"> Kuviot 17.0, 18.0, 19.0, 20.0, 36.0, 56.0 (Sepp\u00e4l\u00e4n peltojen Komiahon puolella): Laajoja avohakkuita &#8211; miten sopivat ko. kohteeseen? -&gt; pienaukkohakkuita?<\/span><\/p>\n<p class=\"p1\" style=\"padding-left: 30px;\"><span class=\"s2\"> Kuvio 36.0: Onko kuviolla l\u00e4hde tai vesikuoppa? Vaikutusta toimenpiteisiin?<\/span><\/p>\n<p class=\"p1\" style=\"padding-left: 30px;\"><span class=\"s2\"> Kuviot 40.0; 41.0; 42.0: Harvennukset teht\u00e4v\u00e4 fiksusti, ihmisi\u00e4 kuultava &#8211; ihan asutuksen vieress\u00e4<\/span><\/p>\n<p class=\"p1\"><span style=\"text-decoration: underline;\"><span class=\"s2\">V\u00e4litalo, lohko 13<\/span><\/span><\/p>\n<p class=\"p1\" style=\"padding-left: 30px;\"><span class=\"s2\"> Miss\u00e4 sijaitsee?<\/span><\/p>\n<p class=\"p1\"><span style=\"text-decoration: underline;\"><span class=\"s2\">Ensil\u00e4 II, lohko 2 (Ensil\u00e4-Suvantola, Paltaniementien etel\u00e4puoli)<\/span><\/span><\/p>\n<p class=\"p1\" style=\"padding-left: 30px;\"><span class=\"s2\"> Kuvio 5.0: l\u00e4hes 5 hehtaarin avohakkuu yli 100-vuotiaaseen mets\u00e4\u00e4n. Alue on my\u00f6s t\u00e4rke\u00e4 virkistysalue, maisemallakin on v\u00e4li\u00e4. Lis\u00e4ksi mahdollinen tuleva asuinalue, joten hakkuut kannattaa tehd\u00e4 asutus huomioiden niin, ett\u00e4 puita j\u00e4\u00e4 mahdollisimman paljon.\u00a0<\/span><\/p>\n<p class=\"p1\" style=\"padding-left: 30px;\"><span class=\"s2\"> Kuvio 26.0: Kuten edell\u00e4, virkistysaluetta, lis\u00e4ksi viel\u00e4 puronvarren vieruskuvio. -&gt; Avohakkuu ei sovi.<\/span><\/p>\n<p class=\"p1\"><span style=\"text-decoration: underline;\"><span class=\"s2\">Hilska II, lohko 6 (Kylm\u00e4)<\/span><\/span><\/p>\n<p class=\"p1\" style=\"padding-left: 30px;\"><span class=\"s2\"> Ei ihmeit\u00e4<\/span><\/p>\n<p class=\"p1\"><span style=\"text-decoration: underline;\"><span class=\"s2\">Jyrkk\u00e4, lohko 2 (Lukkarinnurmen luontopolku)<\/span><\/span><\/p>\n<p class=\"p1\" style=\"padding-left: 30px;\"><span class=\"s2\"> Kuviot 3.1 ja 5.0: Suunniteltu avohakkuu -&gt; joku pehme\u00e4mpi tapa, kun luontopolku kulkee vieress\u00e4?<\/span><\/p>\n<p class=\"p1\" style=\"padding-left: 30px;\"><span class=\"s2\"> Toteutusvuodet ovat 1996! (kuvio 3.1) ja 2001 (kuvio 5.0) &#8211; mik\u00e4 on tilanne?<\/span><\/p>\n<p class=\"p1\"><span style=\"text-decoration: underline;\"><span class=\"s2\">Karanka, lohko 6<\/span><\/span><\/p>\n<p class=\"p1\" style=\"padding-left: 30px;\"><span class=\"s2\"> Kuvio 75.4: Kuvio rajoittuu j\u00e4rven rantaan sek\u00e4 asutukseen (m\u00f6kkej\u00e4?), toimenpiteen\u00e4 avohakkuu -&gt; m\u00f6kkien &amp; rannan l\u00e4hell\u00e4 ei hakkuuta.\u00a0<\/span><\/p>\n<p class=\"p1\"><span style=\"text-decoration: underline;\"><span class=\"s2\">Kaupungint\u00f6rm\u00e4l\u00e4, Lohko 2<\/span><\/span><\/p>\n<p class=\"p1\" style=\"padding-left: 30px;\"><span class=\"s2\"> Vedenottamo + pieni vierusalue. Ok<\/span><\/p>\n<p class=\"p1\"><span style=\"text-decoration: underline;\"><span class=\"s2\">Klemu, lohko 2<\/span><\/span><\/p>\n<p class=\"p1\" style=\"padding-left: 30px;\"><span class=\"s2\"> Voisiko yhdist\u00e4\u00e4 Ensil\u00e4 II lohkon kanssa?<br \/>\n<\/span><span style=\"font-weight: inherit;\">Ei toimenpiteit\u00e4 (joka on oikein hyv\u00e4!)<\/span><\/p>\n<p class=\"p1\"><span style=\"text-decoration: underline;\"><span class=\"s2\">Kunta-Heikkil\u00e4, lohko 2<\/span><\/span><\/p>\n<p class=\"p1\" style=\"padding-left: 30px;\"><span class=\"s2\">Heinim\u00e4en aluetta, erillinen suunnitelma tulossa.<br \/>\n<\/span><\/p>\n<p class=\"p1\"><span style=\"text-decoration: underline;\"><span class=\"s2\">Laita, lohko 2 (Heinisuolta Kirkkoaholle)<\/span><\/span><\/p>\n<p class=\"p1\" style=\"padding-left: 30px;\"><span class=\"s2\"> Ylispuu- ja suojuspuuhakkuut ihan tilan (asutuksen?) naapurusmetsiin. Mit\u00e4 tuumaavat?\u00a0<\/span><\/p>\n<p class=\"p1\"><span style=\"text-decoration: underline;\"><span class=\"s2\">Lohko 12 (Kylki\u00e4inen &#8211; Kivim\u00e4ki)<\/span><\/span><\/p>\n<p class=\"p1\" style=\"padding-left: 30px;\"><span class=\"s2\"> Kylki\u00e4isen ulkoilureitti (n\u00e4kyy Kainuun ulkoilukartassa) kulkee lohkon aluella. Tsekattava reitti, ja<span class=\"Apple-converted-space\">\u00a0<\/span><\/span><span style=\"font-weight: inherit;\">huolehdittava, ett\u00e4 metsien k\u00e4sittely sopii reitille ja ett\u00e4 polku sek\u00e4 reitin merkinn\u00e4t ok my\u00f6s hakkuiden<\/span>\u00a0<span style=\"font-weight: inherit;\">j\u00e4lkeen.\u00a0<\/span><\/p>\n<p class=\"p1\" style=\"padding-left: 30px;\"><span class=\"s2\"> Kuviot 76.0; 209.0; 84.0;102.0; 90.0; 99.0 avohakkuita k\u00e4yt\u00e4nn\u00f6ss\u00e4 yhten\u00e4isell\u00e4 alueella (noin 40 ha), lis\u00e4ksi reunustavat puronvartta, joka on mets\u00e4lakikohde -&gt; liian iso hakkuuaukea + luontoarvot -&gt;<span class=\"Apple-converted-space\">\u00a0<\/span><\/span><span style=\"font-weight: inherit;\">pienaukkohakkuuta, yl\u00e4harvennusta<\/span><\/p>\n<p class=\"p1\" style=\"padding-left: 30px;\"><span class=\"s2\"> Kuviot 99.0 ja 102.0: Puronvarsi, toimenpiteen\u00e4 avohakkuu -&gt; j\u00e4tet\u00e4\u00e4n rauhaan\u00a0<\/span><\/p>\n<p class=\"p1\" style=\"padding-left: 30px;\"><span class=\"s2\"> Kuviot 123.0 ja 208.0: Yhteens\u00e4 30 hehtaarin aukko suunnitelmissa. -&gt; liian iso -&gt; pienaukkoja<\/span><\/p>\n<p class=\"p1\" style=\"padding-left: 30px;\"><span class=\"s2\"> Kuvio 207.0: Kuviolla partiolaisten k\u00e4mpp\u00e4 -&gt; kuultava partiolaisia l\u00e4hikuvioiden suunnitelmista<\/span><\/p>\n<p class=\"p1\" style=\"padding-left: 30px;\"><span class=\"s2\"> Kuvio 219.0: Kuviolla Luo-kohde, suunnitelmissa avohakkuu -&gt; hakkuuala pienempi kuin 1,4 ha -&gt;\u00a0<\/span><span style=\"font-weight: inherit;\">hakkuukertym\u00e4 ei voi olla kuvatun suuruinen. Lis\u00e4ksi luo-kohteen ymp\u00e4rille j\u00e4tett\u00e4v\u00e4 kunnollinen suojavy\u00f6hyke.<\/span><\/p>\n<p class=\"p1\"><span style=\"text-decoration: underline;\"><span class=\"s2\">Lohko 4 (Teeri-Hevossuo)<\/span><\/span><\/p>\n<p class=\"p1\" style=\"padding-left: 30px;\"><span class=\"s2\"> Kuvio 1.0: Pienel\u00e4inhautausmaalle johtavan tienp\u00e4tk\u00e4n reunuskuvio, suunniteltu avohakkuu -&gt; j\u00e4tet\u00e4\u00e4n rauhaan<\/span><\/p>\n<p class=\"p1\" style=\"padding-left: 30px;\"><span class=\"s2\"> Kuviot 1.0 &#8211; 56.0: Alueella menee joitain uria -&gt; virkistysk\u00e4ytt\u00f6? -&gt; metsienk\u00e4sittely sen mukaan<\/span><\/p>\n<p class=\"p1\" style=\"padding-left: 30px;\"><span class=\"s2\"> Vastaavasti uusi Kangasmaaston asuinalue on huomioitava metsien k\u00e4sittelyss\u00e4 -&gt; maisema, mets\u00e4isyyden\u00a0<\/span><span style=\"font-weight: inherit;\">s\u00e4ilytt\u00e4minen<\/span><\/p>\n<p class=\"p1\" style=\"padding-left: 30px;\"><span class=\"s2\"> Kuvio 115.0: Suunnitelmissa 8,5 hehtaarin avohakkuu -&gt; pienempi hakkuuala -&gt; pienaukkoja<\/span><\/p>\n<p class=\"p1\"><span style=\"text-decoration: underline;\"><span class=\"s2\">Monttu, lohko 2<\/span><\/span><\/p>\n<p class=\"p1\" style=\"padding-left: 30px;\"><span class=\"s2\"> Kuvio 15.1: Merkitty inventointi 06\/2015, Toimenpide vuodelle 1998!<\/span><\/p>\n<p class=\"p1\"><span style=\"text-decoration: underline;\"><span class=\"s2\">Pirttikallio, lohko 1\u00a0<\/span><\/span><\/p>\n<p class=\"p1\" style=\"padding-left: 30px;\"><span class=\"s2\"> Otanm\u00e4en virkistysaluetta -&gt;Yhdistett\u00e4v\u00e4 viereisen lohkon kanssa ja k\u00e4sitell\u00e4\u00e4n kokonaisuutena<span class=\"Apple-converted-space\">\u00a0<\/span><\/span><span style=\"font-weight: inherit;\">virkistyalueena<br \/>\nT\u00e4st\u00e4 ollaan tekem\u00e4ss\u00e4 erillinen suunnitelma.\u00a0<\/span><\/p>\n<p class=\"p1\"><span style=\"text-decoration: underline;\"><span class=\"s2\">Poukamo, lohko 2<\/span><\/span><\/p>\n<p class=\"p1\" style=\"padding-left: 30px;\"><span class=\"s2\"> Kuvio 5.0: Inventoitu 08\/2015, toimenpiteit\u00e4 vuodelle 2012!<\/span><\/p>\n<p class=\"p1\" style=\"padding-left: 30px;\"><span class=\"s2\"> Kuvio 20.0: Toimenpiteit\u00e4 2011!<\/span><\/p>\n<p class=\"p1\" style=\"padding-left: 30px;\"><span class=\"s2\"> Kuvio 20.1: Invenoitu 08\/2015, toimenpiteit\u00e4 vuodelle 2012!<\/span><\/p>\n<p class=\"p1\" style=\"padding-left: 30px;\"><span class=\"s2\"> Kuvio 27.0: Toimenpide vuodelle 2012!<\/span><\/p>\n<p class=\"p1\"><span style=\"text-decoration: underline;\"><span class=\"s2\">Raateniitty, lohko 9 (Ruuhij\u00e4rventiell\u00e4)<\/span><\/span><\/p>\n<p class=\"p1\" style=\"padding-left: 30px;\"><span class=\"s2\"> Ok<\/span><\/p>\n<p class=\"p1\"><span style=\"text-decoration: underline;\"><span class=\"s2\">Rypyranta<\/span><\/span><\/p>\n<p class=\"p1\" style=\"padding-left: 30px;\"><span class=\"s2\"> 0,9 hehtaarin joutomaa -kuvio -&gt; pois mets\u00e4taloussuunnitelmasta<\/span><\/p>\n<p class=\"p1\"><span style=\"text-decoration: underline;\"><span class=\"s2\">Toivolahti, lohko 1 (Rehja!)<\/span><\/span><\/p>\n<p class=\"p1\" style=\"padding-left: 30px;\"><span class=\"s2\">Aivan j\u00e4rkytt\u00e4vi\u00e4 suunnitelmia: avohakkuita k\u00e4yt\u00e4nn\u00f6ss\u00e4 koko saareen.<br \/>\nT\u00e4st\u00e4 tehd\u00e4\u00e4n onneksi erillinen suunnitelma.\u00a0<\/span><\/p>\n<p class=\"p1\"><span style=\"text-decoration: underline;\"><span class=\"s2\">Turve-Rauta, lohko 1<\/span><\/span><\/p>\n<p class=\"p1\" style=\"padding-left: 30px;\"><span class=\"s2\"> Kuvio 3.0: Puron \/ ojan varsi &#8211; kannattako hakata? (suunniteltu alaharvennus)<\/span><\/p>\n<p class=\"p1\"><span style=\"text-decoration: underline;\"><span class=\"s2\">Vieruskorpi, lohko 6<\/span><\/span><\/p>\n<p class=\"p1\" style=\"padding-left: 30px;\"><span class=\"s2\"> Miss\u00e4 sijaitsee?<\/span><\/p>\n<p class=\"p1\"><span style=\"text-decoration: underline;\"><span class=\"s2\">\u00d6kytoppila, Lohko 2 (Kuluntalahti)<\/span><\/span><\/p>\n<p class=\"p1\" style=\"padding-left: 30px;\"><span class=\"s2\"> Kuviot 97.1 ja 97.2: Yli 12 hehtaarin avohakkuu ihan VT5 vasten -&gt; pienaukkohakkuu tai yl\u00e4harvennus<\/span><\/p>\n<p class=\"p1\" style=\"padding-left: 30px;\"><span class=\"s2\"> Kuvio 98.0: Viranomaisohjein k\u00e4sitelt\u00e4v\u00e4 (lintuvesien suojeluohjelma). Toimenpide: avohakkuu 2014?!<\/span><\/p>\n<p class=\"p1\" style=\"padding-left: 30px;\"><span class=\"s2\"> Kuvio 110.0 776.0: Suunniteltu suojuspuuhakkuu \/ erityishakkuu (96 % puusta pois). Kuvio VT5 ja radan\u00a0 v\u00e4liss\u00e4 &#8211; Tuulituhoriski, tsekattava mahdolliset vaikutukset liikenteeseen.<\/span><\/p>\n<div style=\"padding-bottom:20px; padding-top:10px;\" class=\"hupso-share-buttons\"><!-- Hupso Share Buttons - https:\/\/www.hupso.com\/share\/ --><a class=\"hupso_counters\" href=\"https:\/\/www.hupso.com\/share\/\"><img decoding=\"async\" src=\"https:\/\/static.hupso.com\/share\/buttons\/share-small.png\" style=\"border:0px; padding-top:2px; float:left;\" alt=\"Share Button\"\/><\/a><script type=\"text\/javascript\">var hupso_services_c=new Array(\"twitter\",\"facebook_like\",\"facebook_send\",\"google\");var hupso_counters_lang = \"en_US\";var hupso_image_folder_url = \"\";var hupso_url_c=\"\";var hupso_title_c=\"Kajaanin%20kaupungin%20mets%C3%A4suunnitelma\";<\/script><script type=\"text\/javascript\" src=\"https:\/\/static.hupso.com\/share\/js\/counters.js\"><\/script><!-- Hupso Share Buttons --><\/div>","protected":false},"excerpt":{"rendered":"<p>Kaupungin mets\u00e4suunnitelma vuosille 2016-2025 on parhaillaan n\u00e4ht\u00e4vill\u00e4. 31.10 saakka. Nyt on\u00a0aika reagoida ja ottaa kantaa! Siihen, kuinka haluaa kaupungin metsi\u00e4 hoidettavan.\u00a0 Suunnitelma l\u00f6ytyy t\u00e4\u00e4lt\u00e4:\u00a0http:\/\/www.kajaani.fi\/fi\/palvelut\/ymparisto-ja-luonto\/metsat sek\u00e4 Kajaani infosta kansioissa. Suunnitelma on valtava &#8211; yhteens\u00e4 3665 sivua. Mets\u00e4talousmaata kaupungilla on noin 6000 hehtaaria. Suunnitelma on sis\u00e4ll\u00f6lt\u00e4\u00e4n, sanoisinko nyt, ett\u00e4 aika kamala\u00a0&#8211; siell\u00e4 on alunperin suunniteltu avohakkuita esimerkiksi [&hellip;]<\/p>\n<div style=\"padding-bottom:20px; padding-top:10px;\" class=\"hupso-share-buttons\"><!-- Hupso Share Buttons - https:\/\/www.hupso.com\/share\/ --><a class=\"hupso_counters\" href=\"https:\/\/www.hupso.com\/share\/\"><img src=\"https:\/\/static.hupso.com\/share\/buttons\/share-small.png\" style=\"border:0px; padding-top:2px; float:left;\" alt=\"Share Button\"\/><\/a><script type=\"text\/javascript\">var hupso_services_c=new Array(\"twitter\",\"facebook_like\",\"facebook_send\",\"google\");var hupso_counters_lang = \"en_US\";var hupso_image_folder_url = \"\";var hupso_url_c=\"\";var hupso_title_c=\"Kajaanin%20kaupungin%20mets%C3%A4suunnitelma\";<\/script><script type=\"text\/javascript\" src=\"https:\/\/static.hupso.com\/share\/js\/counters.js\"><\/script><!-- Hupso Share Buttons --><\/div>","protected":false},"author":1,"featured_media":0,"comment_status":"open","ping_status":"closed","sticky":false,"template":"","format":"standard","meta":{"ngg_post_thumbnail":0,"footnotes":""},"categories":[8,20,6,10,5],"tags":[],"class_list":["post-959","post","type-post","status-publish","format-standard","hentry","category-kajaani","category-metsa","category-politiikka","category-vihreat","category-ymparisto"],"yoast_head":"<!-- This site is optimized with the Yoast SEO plugin v27.3 - https:\/\/yoast.com\/product\/yoast-seo-wordpress\/ -->\n<title>Kajaanin kaupungin mets\u00e4suunnitelma - Silja Ker\u00e4nen<\/title>\n<meta name=\"robots\" content=\"index, follow, max-snippet:-1, max-image-preview:large, max-video-preview:-1\" \/>\n<link rel=\"canonical\" href=\"https:\/\/siljakeranen.fi\/blogi\/kajaanin-kaupungin-metsasuunnitelma\/\" \/>\n<meta property=\"og:locale\" content=\"fi_FI\" \/>\n<meta property=\"og:type\" content=\"article\" \/>\n<meta property=\"og:title\" content=\"Kajaanin kaupungin mets\u00e4suunnitelma - Silja Ker\u00e4nen\" \/>\n<meta property=\"og:description\" content=\"Kaupungin mets\u00e4suunnitelma vuosille 2016-2025 on parhaillaan n\u00e4ht\u00e4vill\u00e4. 31.10 saakka. Nyt on\u00a0aika reagoida ja ottaa kantaa! Siihen, kuinka haluaa kaupungin metsi\u00e4 hoidettavan.\u00a0 Suunnitelma l\u00f6ytyy t\u00e4\u00e4lt\u00e4:\u00a0http:\/\/www.kajaani.fi\/fi\/palvelut\/ymparisto-ja-luonto\/metsat sek\u00e4 Kajaani infosta kansioissa. Suunnitelma on valtava &#8211; yhteens\u00e4 3665 sivua. Mets\u00e4talousmaata kaupungilla on noin 6000 hehtaaria. Suunnitelma on sis\u00e4ll\u00f6lt\u00e4\u00e4n, sanoisinko nyt, ett\u00e4 aika kamala\u00a0&#8211; siell\u00e4 on alunperin suunniteltu avohakkuita esimerkiksi [&hellip;]\" \/>\n<meta property=\"og:url\" content=\"https:\/\/siljakeranen.fi\/blogi\/kajaanin-kaupungin-metsasuunnitelma\/\" \/>\n<meta property=\"og:site_name\" content=\"Silja Ker\u00e4nen\" \/>\n<meta property=\"article:publisher\" content=\"https:\/\/www.facebook.com\/siljamkeranen\" \/>\n<meta property=\"article:author\" content=\"https:\/\/www.facebook.com\/siljamkeranen\" \/>\n<meta property=\"article:published_time\" content=\"2016-08-30T15:45:22+00:00\" \/>\n<meta property=\"article:modified_time\" content=\"2016-09-01T08:39:41+00:00\" \/>\n<meta property=\"og:image\" content=\"https:\/\/siljakeranen.fi\/blogi\/wp-content\/uploads\/2023\/01\/3L3A1767_valmis-pinempi.jpeg\" \/>\n\t<meta property=\"og:image:width\" content=\"1613\" \/>\n\t<meta property=\"og:image:height\" content=\"1075\" \/>\n\t<meta property=\"og:image:type\" content=\"image\/jpeg\" \/>\n<meta name=\"author\" content=\"Silja\" \/>\n<meta name=\"twitter:card\" content=\"summary_large_image\" \/>\n<meta name=\"twitter:creator\" content=\"@https:\/\/twitter.com\/SiljaMP\" \/>\n<meta name=\"twitter:site\" content=\"@SiljaMP\" \/>\n<meta name=\"twitter:label1\" content=\"Kirjoittanut\" \/>\n\t<meta name=\"twitter:data1\" content=\"Silja\" \/>\n\t<meta name=\"twitter:label2\" content=\"Arvioitu lukuaika\" \/>\n\t<meta name=\"twitter:data2\" content=\"15 minuuttia\" \/>\n<script type=\"application\/ld+json\" class=\"yoast-schema-graph\">{\"@context\":\"https:\\\/\\\/schema.org\",\"@graph\":[{\"@type\":\"Article\",\"@id\":\"https:\\\/\\\/siljakeranen.fi\\\/blogi\\\/kajaanin-kaupungin-metsasuunnitelma\\\/#article\",\"isPartOf\":{\"@id\":\"https:\\\/\\\/siljakeranen.fi\\\/blogi\\\/kajaanin-kaupungin-metsasuunnitelma\\\/\"},\"author\":{\"name\":\"Silja\",\"@id\":\"https:\\\/\\\/siljakeranen.fi\\\/blogi\\\/#\\\/schema\\\/person\\\/d43605ef0d5681c1b27a4ba1fede1cf4\"},\"headline\":\"Kajaanin kaupungin mets\u00e4suunnitelma\",\"datePublished\":\"2016-08-30T15:45:22+00:00\",\"dateModified\":\"2016-09-01T08:39:41+00:00\",\"mainEntityOfPage\":{\"@id\":\"https:\\\/\\\/siljakeranen.fi\\\/blogi\\\/kajaanin-kaupungin-metsasuunnitelma\\\/\"},\"wordCount\":3059,\"commentCount\":0,\"publisher\":{\"@id\":\"https:\\\/\\\/siljakeranen.fi\\\/blogi\\\/#\\\/schema\\\/person\\\/d43605ef0d5681c1b27a4ba1fede1cf4\"},\"articleSection\":[\"Kajaani\",\"Mets\u00e4\",\"Politiikka\",\"Vihre\u00e4t\",\"Ymp\u00e4rist\u00f6\"],\"inLanguage\":\"fi\",\"potentialAction\":[{\"@type\":\"CommentAction\",\"name\":\"Comment\",\"target\":[\"https:\\\/\\\/siljakeranen.fi\\\/blogi\\\/kajaanin-kaupungin-metsasuunnitelma\\\/#respond\"]}]},{\"@type\":\"WebPage\",\"@id\":\"https:\\\/\\\/siljakeranen.fi\\\/blogi\\\/kajaanin-kaupungin-metsasuunnitelma\\\/\",\"url\":\"https:\\\/\\\/siljakeranen.fi\\\/blogi\\\/kajaanin-kaupungin-metsasuunnitelma\\\/\",\"name\":\"Kajaanin kaupungin mets\u00e4suunnitelma - Silja Ker\u00e4nen\",\"isPartOf\":{\"@id\":\"https:\\\/\\\/siljakeranen.fi\\\/blogi\\\/#website\"},\"datePublished\":\"2016-08-30T15:45:22+00:00\",\"dateModified\":\"2016-09-01T08:39:41+00:00\",\"breadcrumb\":{\"@id\":\"https:\\\/\\\/siljakeranen.fi\\\/blogi\\\/kajaanin-kaupungin-metsasuunnitelma\\\/#breadcrumb\"},\"inLanguage\":\"fi\",\"potentialAction\":[{\"@type\":\"ReadAction\",\"target\":[\"https:\\\/\\\/siljakeranen.fi\\\/blogi\\\/kajaanin-kaupungin-metsasuunnitelma\\\/\"]}]},{\"@type\":\"BreadcrumbList\",\"@id\":\"https:\\\/\\\/siljakeranen.fi\\\/blogi\\\/kajaanin-kaupungin-metsasuunnitelma\\\/#breadcrumb\",\"itemListElement\":[{\"@type\":\"ListItem\",\"position\":1,\"name\":\"Etusivu\",\"item\":\"https:\\\/\\\/siljakeranen.fi\\\/blogi\\\/\"},{\"@type\":\"ListItem\",\"position\":2,\"name\":\"Kajaanin kaupungin mets\u00e4suunnitelma\"}]},{\"@type\":\"WebSite\",\"@id\":\"https:\\\/\\\/siljakeranen.fi\\\/blogi\\\/#website\",\"url\":\"https:\\\/\\\/siljakeranen.fi\\\/blogi\\\/\",\"name\":\"Silja Ker\u00e4nen\",\"description\":\"Silja Ker\u00e4nen, kainuulainen vihre\u00e4 poliitikko\",\"publisher\":{\"@id\":\"https:\\\/\\\/siljakeranen.fi\\\/blogi\\\/#\\\/schema\\\/person\\\/d43605ef0d5681c1b27a4ba1fede1cf4\"},\"potentialAction\":[{\"@type\":\"SearchAction\",\"target\":{\"@type\":\"EntryPoint\",\"urlTemplate\":\"https:\\\/\\\/siljakeranen.fi\\\/blogi\\\/?s={search_term_string}\"},\"query-input\":{\"@type\":\"PropertyValueSpecification\",\"valueRequired\":true,\"valueName\":\"search_term_string\"}}],\"inLanguage\":\"fi\"},{\"@type\":[\"Person\",\"Organization\"],\"@id\":\"https:\\\/\\\/siljakeranen.fi\\\/blogi\\\/#\\\/schema\\\/person\\\/d43605ef0d5681c1b27a4ba1fede1cf4\",\"name\":\"Silja\",\"image\":{\"@type\":\"ImageObject\",\"inLanguage\":\"fi\",\"@id\":\"https:\\\/\\\/siljakeranen.fi\\\/blogi\\\/wp-content\\\/uploads\\\/2023\\\/01\\\/cropped-silja_250x100.png\",\"url\":\"https:\\\/\\\/siljakeranen.fi\\\/blogi\\\/wp-content\\\/uploads\\\/2023\\\/01\\\/cropped-silja_250x100.png\",\"contentUrl\":\"https:\\\/\\\/siljakeranen.fi\\\/blogi\\\/wp-content\\\/uploads\\\/2023\\\/01\\\/cropped-silja_250x100.png\",\"width\":250,\"height\":100,\"caption\":\"Silja\"},\"logo\":{\"@id\":\"https:\\\/\\\/siljakeranen.fi\\\/blogi\\\/wp-content\\\/uploads\\\/2023\\\/01\\\/cropped-silja_250x100.png\"},\"sameAs\":[\"http:\\\/\\\/www.siljakeranen.fi\",\"https:\\\/\\\/www.facebook.com\\\/siljamkeranen\",\"https:\\\/\\\/www.instagram.com\\\/siljakeranen\\\/\",\"https:\\\/\\\/www.linkedin.com\\\/in\\\/silja-kernen-4331b548\\\/\",\"https:\\\/\\\/x.com\\\/https:\\\/\\\/twitter.com\\\/SiljaMP\",\"https:\\\/\\\/www.youtube.com\\\/channel\\\/UC0MWeuoWP4-Mjs1z8pIv3GQ\",\"https:\\\/\\\/fi.wikipedia.org\\\/wiki\\\/Silja_Kernen\"],\"url\":\"https:\\\/\\\/siljakeranen.fi\\\/blogi\\\/author\\\/admin\\\/\"}]}<\/script>\n<!-- \/ Yoast SEO plugin. -->","yoast_head_json":{"title":"Kajaanin kaupungin mets\u00e4suunnitelma - Silja Ker\u00e4nen","robots":{"index":"index","follow":"follow","max-snippet":"max-snippet:-1","max-image-preview":"max-image-preview:large","max-video-preview":"max-video-preview:-1"},"canonical":"https:\/\/siljakeranen.fi\/blogi\/kajaanin-kaupungin-metsasuunnitelma\/","og_locale":"fi_FI","og_type":"article","og_title":"Kajaanin kaupungin mets\u00e4suunnitelma - Silja Ker\u00e4nen","og_description":"Kaupungin mets\u00e4suunnitelma vuosille 2016-2025 on parhaillaan n\u00e4ht\u00e4vill\u00e4. 31.10 saakka. Nyt on\u00a0aika reagoida ja ottaa kantaa! Siihen, kuinka haluaa kaupungin metsi\u00e4 hoidettavan.\u00a0 Suunnitelma l\u00f6ytyy t\u00e4\u00e4lt\u00e4:\u00a0http:\/\/www.kajaani.fi\/fi\/palvelut\/ymparisto-ja-luonto\/metsat sek\u00e4 Kajaani infosta kansioissa. Suunnitelma on valtava &#8211; yhteens\u00e4 3665 sivua. Mets\u00e4talousmaata kaupungilla on noin 6000 hehtaaria. Suunnitelma on sis\u00e4ll\u00f6lt\u00e4\u00e4n, sanoisinko nyt, ett\u00e4 aika kamala\u00a0&#8211; siell\u00e4 on alunperin suunniteltu avohakkuita esimerkiksi [&hellip;]","og_url":"https:\/\/siljakeranen.fi\/blogi\/kajaanin-kaupungin-metsasuunnitelma\/","og_site_name":"Silja Ker\u00e4nen","article_publisher":"https:\/\/www.facebook.com\/siljamkeranen","article_author":"https:\/\/www.facebook.com\/siljamkeranen","article_published_time":"2016-08-30T15:45:22+00:00","article_modified_time":"2016-09-01T08:39:41+00:00","og_image":[{"width":1613,"height":1075,"url":"https:\/\/siljakeranen.fi\/blogi\/wp-content\/uploads\/2023\/01\/3L3A1767_valmis-pinempi.jpeg","type":"image\/jpeg"}],"author":"Silja","twitter_card":"summary_large_image","twitter_creator":"@https:\/\/twitter.com\/SiljaMP","twitter_site":"@SiljaMP","twitter_misc":{"Kirjoittanut":"Silja","Arvioitu lukuaika":"15 minuuttia"},"schema":{"@context":"https:\/\/schema.org","@graph":[{"@type":"Article","@id":"https:\/\/siljakeranen.fi\/blogi\/kajaanin-kaupungin-metsasuunnitelma\/#article","isPartOf":{"@id":"https:\/\/siljakeranen.fi\/blogi\/kajaanin-kaupungin-metsasuunnitelma\/"},"author":{"name":"Silja","@id":"https:\/\/siljakeranen.fi\/blogi\/#\/schema\/person\/d43605ef0d5681c1b27a4ba1fede1cf4"},"headline":"Kajaanin kaupungin mets\u00e4suunnitelma","datePublished":"2016-08-30T15:45:22+00:00","dateModified":"2016-09-01T08:39:41+00:00","mainEntityOfPage":{"@id":"https:\/\/siljakeranen.fi\/blogi\/kajaanin-kaupungin-metsasuunnitelma\/"},"wordCount":3059,"commentCount":0,"publisher":{"@id":"https:\/\/siljakeranen.fi\/blogi\/#\/schema\/person\/d43605ef0d5681c1b27a4ba1fede1cf4"},"articleSection":["Kajaani","Mets\u00e4","Politiikka","Vihre\u00e4t","Ymp\u00e4rist\u00f6"],"inLanguage":"fi","potentialAction":[{"@type":"CommentAction","name":"Comment","target":["https:\/\/siljakeranen.fi\/blogi\/kajaanin-kaupungin-metsasuunnitelma\/#respond"]}]},{"@type":"WebPage","@id":"https:\/\/siljakeranen.fi\/blogi\/kajaanin-kaupungin-metsasuunnitelma\/","url":"https:\/\/siljakeranen.fi\/blogi\/kajaanin-kaupungin-metsasuunnitelma\/","name":"Kajaanin kaupungin mets\u00e4suunnitelma - Silja Ker\u00e4nen","isPartOf":{"@id":"https:\/\/siljakeranen.fi\/blogi\/#website"},"datePublished":"2016-08-30T15:45:22+00:00","dateModified":"2016-09-01T08:39:41+00:00","breadcrumb":{"@id":"https:\/\/siljakeranen.fi\/blogi\/kajaanin-kaupungin-metsasuunnitelma\/#breadcrumb"},"inLanguage":"fi","potentialAction":[{"@type":"ReadAction","target":["https:\/\/siljakeranen.fi\/blogi\/kajaanin-kaupungin-metsasuunnitelma\/"]}]},{"@type":"BreadcrumbList","@id":"https:\/\/siljakeranen.fi\/blogi\/kajaanin-kaupungin-metsasuunnitelma\/#breadcrumb","itemListElement":[{"@type":"ListItem","position":1,"name":"Etusivu","item":"https:\/\/siljakeranen.fi\/blogi\/"},{"@type":"ListItem","position":2,"name":"Kajaanin kaupungin mets\u00e4suunnitelma"}]},{"@type":"WebSite","@id":"https:\/\/siljakeranen.fi\/blogi\/#website","url":"https:\/\/siljakeranen.fi\/blogi\/","name":"Silja Ker\u00e4nen","description":"Silja Ker\u00e4nen, kainuulainen vihre\u00e4 poliitikko","publisher":{"@id":"https:\/\/siljakeranen.fi\/blogi\/#\/schema\/person\/d43605ef0d5681c1b27a4ba1fede1cf4"},"potentialAction":[{"@type":"SearchAction","target":{"@type":"EntryPoint","urlTemplate":"https:\/\/siljakeranen.fi\/blogi\/?s={search_term_string}"},"query-input":{"@type":"PropertyValueSpecification","valueRequired":true,"valueName":"search_term_string"}}],"inLanguage":"fi"},{"@type":["Person","Organization"],"@id":"https:\/\/siljakeranen.fi\/blogi\/#\/schema\/person\/d43605ef0d5681c1b27a4ba1fede1cf4","name":"Silja","image":{"@type":"ImageObject","inLanguage":"fi","@id":"https:\/\/siljakeranen.fi\/blogi\/wp-content\/uploads\/2023\/01\/cropped-silja_250x100.png","url":"https:\/\/siljakeranen.fi\/blogi\/wp-content\/uploads\/2023\/01\/cropped-silja_250x100.png","contentUrl":"https:\/\/siljakeranen.fi\/blogi\/wp-content\/uploads\/2023\/01\/cropped-silja_250x100.png","width":250,"height":100,"caption":"Silja"},"logo":{"@id":"https:\/\/siljakeranen.fi\/blogi\/wp-content\/uploads\/2023\/01\/cropped-silja_250x100.png"},"sameAs":["http:\/\/www.siljakeranen.fi","https:\/\/www.facebook.com\/siljamkeranen","https:\/\/www.instagram.com\/siljakeranen\/","https:\/\/www.linkedin.com\/in\/silja-kernen-4331b548\/","https:\/\/x.com\/https:\/\/twitter.com\/SiljaMP","https:\/\/www.youtube.com\/channel\/UC0MWeuoWP4-Mjs1z8pIv3GQ","https:\/\/fi.wikipedia.org\/wiki\/Silja_Kernen"],"url":"https:\/\/siljakeranen.fi\/blogi\/author\/admin\/"}]}},"_links":{"self":[{"href":"https:\/\/siljakeranen.fi\/blogi\/wp-json\/wp\/v2\/posts\/959","targetHints":{"allow":["GET"]}}],"collection":[{"href":"https:\/\/siljakeranen.fi\/blogi\/wp-json\/wp\/v2\/posts"}],"about":[{"href":"https:\/\/siljakeranen.fi\/blogi\/wp-json\/wp\/v2\/types\/post"}],"author":[{"embeddable":true,"href":"https:\/\/siljakeranen.fi\/blogi\/wp-json\/wp\/v2\/users\/1"}],"replies":[{"embeddable":true,"href":"https:\/\/siljakeranen.fi\/blogi\/wp-json\/wp\/v2\/comments?post=959"}],"version-history":[{"count":5,"href":"https:\/\/siljakeranen.fi\/blogi\/wp-json\/wp\/v2\/posts\/959\/revisions"}],"predecessor-version":[{"id":964,"href":"https:\/\/siljakeranen.fi\/blogi\/wp-json\/wp\/v2\/posts\/959\/revisions\/964"}],"wp:attachment":[{"href":"https:\/\/siljakeranen.fi\/blogi\/wp-json\/wp\/v2\/media?parent=959"}],"wp:term":[{"taxonomy":"category","embeddable":true,"href":"https:\/\/siljakeranen.fi\/blogi\/wp-json\/wp\/v2\/categories?post=959"},{"taxonomy":"post_tag","embeddable":true,"href":"https:\/\/siljakeranen.fi\/blogi\/wp-json\/wp\/v2\/tags?post=959"}],"curies":[{"name":"wp","href":"https:\/\/api.w.org\/{rel}","templated":true}]}}